{"id":9033,"date":"2024-02-23T07:00:00","date_gmt":"2024-02-23T07:00:00","guid":{"rendered":"https:\/\/maismagazine.pt\/?p=9033"},"modified":"2024-02-20T11:05:17","modified_gmt":"2024-02-20T11:05:17","slug":"faculdade-de-economia-universidade-de-coimbra","status":"publish","type":"post","link":"http:\/\/maismagazine.pt\/index.php\/2024\/02\/23\/faculdade-de-economia-universidade-de-coimbra\/","title":{"rendered":"Faculdade de Economia Universidade de Coimbra"},"content":{"rendered":"\n<p>A\u00a0<a href=\"https:\/\/www.uc.pt\/feuc\/\">Faculdade de Economia\u00a0(FEUC)<\/a>, criada em 1972, \u00e9 uma das oito faculdades que integram a\u00a0<a href=\"http:\/\/www.uc.pt\/\" target=\"_blank\" rel=\"noreferrer noopener\">Universidade de Coimbra<\/a>\u00a0cuja funda\u00e7\u00e3o data de 1290. A licenciatura em\u00a0<em>Economia<\/em>\u00a0entrou em funcionamento no ano letivo de 1973\/74, tendo-se-lhe seguido as restantes tr\u00eas do elenco atualmente oferecido pela FEUC:\u00a0<em>Sociologia, Gest\u00e3o e Rela\u00e7\u00f5es Internacionais<\/em>. Grande parte da oferta formativa da FEUC concentra-se atualmente em cursos de forma\u00e7\u00e3o p\u00f3sgraduada.<br>As instala\u00e7\u00f5es da FEUC localizam-se na zona dos Olivais e comportam amplos edif\u00edcios para atividades escolares, zonas abertas de conv\u00edvio e uma consider\u00e1vel \u00e1rea ajardinada.<\/p>\n","protected":false},"excerpt":{"rendered":"<p>A\u00a0Faculdade de Economia\u00a0(FEUC), criada em 1972, \u00e9 uma das oito faculdades que integram a\u00a0Universidade de Coimbra\u00a0cuja funda\u00e7\u00e3o data de 1290. A licenciatura em\u00a0Economia\u00a0entrou em funcionamento no ano letivo de 1973\/74, tendo-se-lhe seguido as restantes tr\u00eas do elenco atualmente oferecido pela FEUC:\u00a0Sociologia, Gest\u00e3o e Rela\u00e7\u00f5es Internacionais. Grande parte da oferta formativa&hellip;<\/p>\n","protected":false},"author":17,"featured_media":9034,"comment_status":"closed","ping_status":"open","sticky":false,"template":"","format":"standard","meta":{"advgb_blocks_editor_width":"","advgb_blocks_columns_visual_guide":"","_monsterinsights_skip_tracking":false,"_monsterinsights_sitenote_active":false,"_monsterinsights_sitenote_note":"","_monsterinsights_sitenote_category":0,"footnotes":""},"categories":[1460],"tags":[1882],"class_list":["post-9033","post","type-post","status-publish","format-standard","has-post-thumbnail","hentry","category-publicidade","tag-faculdade-de-economia-universidade-de-coimbra"],"yoast_head":"<!-- This site is optimized with the Yoast SEO plugin v24.4 - https:\/\/yoast.com\/wordpress\/plugins\/seo\/ -->\n<title>Faculdade de Economia Universidade de Coimbra - Mais Magazine<\/title>\n<meta name=\"description\" content=\"A\u00a0Faculdade de Economia\u00a0(FEUC), criada em 1972, \u00e9 uma das oito faculdades que integram a\u00a0Universidade de Coimbra\u00a0cuja funda\u00e7\u00e3o data de 1290. A licenciatura em\u00a0Economia\u00a0entrou em funcionamento no ano letivo de 1973\/74, tendo-se-lhe seguido as restantes tr\u00eas do elenco atualmente oferecido pela FEUC:\u00a0Sociologia, Gest\u00e3o e Rela\u00e7\u00f5es Internacionais. Grande parte da oferta formativa da FEUC concentra-se atualmente em cursos de forma\u00e7\u00e3o p\u00f3sgraduada.\" \/>\n<meta name=\"robots\" content=\"index, follow, max-snippet:-1, max-image-preview:large, max-video-preview:-1\" \/>\n<link rel=\"canonical\" href=\"http:\/\/maismagazine.pt\/index.php\/2024\/02\/23\/faculdade-de-economia-universidade-de-coimbra\/\" \/>\n<meta property=\"og:locale\" content=\"pt_PT\" \/>\n<meta property=\"og:type\" content=\"article\" \/>\n<meta property=\"og:title\" content=\"Faculdade de Economia Universidade de Coimbra - Mais Magazine\" \/>\n<meta property=\"og:description\" content=\"A\u00a0Faculdade de Economia\u00a0(FEUC), criada em 1972, \u00e9 uma das oito faculdades que integram a\u00a0Universidade de Coimbra\u00a0cuja funda\u00e7\u00e3o data de 1290. A licenciatura em\u00a0Economia\u00a0entrou em funcionamento no ano letivo de 1973\/74, tendo-se-lhe seguido as restantes tr\u00eas do elenco atualmente oferecido pela FEUC:\u00a0Sociologia, Gest\u00e3o e Rela\u00e7\u00f5es Internacionais. Grande parte da oferta formativa da FEUC concentra-se atualmente em cursos de forma\u00e7\u00e3o p\u00f3sgraduada.\" \/>\n<meta property=\"og:url\" content=\"http:\/\/maismagazine.pt\/index.php\/2024\/02\/23\/faculdade-de-economia-universidade-de-coimbra\/\" \/>\n<meta property=\"og:site_name\" content=\"Mais Magazine\" \/>\n<meta property=\"article:published_time\" content=\"2024-02-23T07:00:00+00:00\" \/>\n<meta property=\"og:image\" content=\"http:\/\/maismagazine.pt\/wp-content\/uploads\/2024\/02\/FEUC-Logo-institucional.png\" \/>\n\t<meta property=\"og:image:width\" content=\"400\" \/>\n\t<meta property=\"og:image:height\" content=\"300\" \/>\n\t<meta property=\"og:image:type\" content=\"image\/png\" \/>\n<meta name=\"author\" content=\"Tiago Costa\" \/>\n<meta name=\"twitter:card\" content=\"summary_large_image\" \/>\n<meta name=\"twitter:label1\" content=\"Escrito por\" \/>\n\t<meta name=\"twitter:data1\" content=\"\" \/>\n\t<meta name=\"twitter:label2\" content=\"Tempo estimado de leitura\" \/>\n\t<meta name=\"twitter:data2\" content=\"1 minuto\" \/>\n<script type=\"application\/ld+json\" class=\"yoast-schema-graph\">{\"@context\":\"https:\/\/schema.org\",\"@graph\":[{\"@type\":\"Article\",\"@id\":\"http:\/\/maismagazine.pt\/index.php\/2024\/02\/23\/faculdade-de-economia-universidade-de-coimbra\/#article\",\"isPartOf\":{\"@id\":\"http:\/\/maismagazine.pt\/index.php\/2024\/02\/23\/faculdade-de-economia-universidade-de-coimbra\/\"},\"author\":{\"name\":\"Tiago Costa\",\"@id\":\"https:\/\/maismagazine.pt\/#\/schema\/person\/c6c5bfccc886434cbd11c74e035f9646\"},\"headline\":\"Faculdade de Economia Universidade de Coimbra\",\"datePublished\":\"2024-02-23T07:00:00+00:00\",\"mainEntityOfPage\":{\"@id\":\"http:\/\/maismagazine.pt\/index.php\/2024\/02\/23\/faculdade-de-economia-universidade-de-coimbra\/\"},\"wordCount\":103,\"publisher\":{\"@id\":\"https:\/\/maismagazine.pt\/#organization\"},\"image\":{\"@id\":\"http:\/\/maismagazine.pt\/index.php\/2024\/02\/23\/faculdade-de-economia-universidade-de-coimbra\/#primaryimage\"},\"thumbnailUrl\":\"http:\/\/maismagazine.pt\/wp-content\/uploads\/2024\/02\/FEUC-Logo-institucional.png\",\"keywords\":[\"Faculdade de Economia Universidade de Coimbra\"],\"articleSection\":[\"publicidade\"],\"inLanguage\":\"pt-PT\"},{\"@type\":\"WebPage\",\"@id\":\"http:\/\/maismagazine.pt\/index.php\/2024\/02\/23\/faculdade-de-economia-universidade-de-coimbra\/\",\"url\":\"http:\/\/maismagazine.pt\/index.php\/2024\/02\/23\/faculdade-de-economia-universidade-de-coimbra\/\",\"name\":\"Faculdade de Economia Universidade de Coimbra - Mais Magazine\",\"isPartOf\":{\"@id\":\"https:\/\/maismagazine.pt\/#website\"},\"primaryImageOfPage\":{\"@id\":\"http:\/\/maismagazine.pt\/index.php\/2024\/02\/23\/faculdade-de-economia-universidade-de-coimbra\/#primaryimage\"},\"image\":{\"@id\":\"http:\/\/maismagazine.pt\/index.php\/2024\/02\/23\/faculdade-de-economia-universidade-de-coimbra\/#primaryimage\"},\"thumbnailUrl\":\"http:\/\/maismagazine.pt\/wp-content\/uploads\/2024\/02\/FEUC-Logo-institucional.png\",\"datePublished\":\"2024-02-23T07:00:00+00:00\",\"description\":\"A\u00a0Faculdade de Economia\u00a0(FEUC), criada em 1972, \u00e9 uma das oito faculdades que integram a\u00a0Universidade de Coimbra\u00a0cuja funda\u00e7\u00e3o data de 1290. A licenciatura em\u00a0Economia\u00a0entrou em funcionamento no ano letivo de 1973\/74, tendo-se-lhe seguido as restantes tr\u00eas do elenco atualmente oferecido pela FEUC:\u00a0Sociologia, Gest\u00e3o e Rela\u00e7\u00f5es Internacionais. Grande parte da oferta formativa da FEUC concentra-se atualmente em cursos de forma\u00e7\u00e3o p\u00f3sgraduada.\",\"breadcrumb\":{\"@id\":\"http:\/\/maismagazine.pt\/index.php\/2024\/02\/23\/faculdade-de-economia-universidade-de-coimbra\/#breadcrumb\"},\"inLanguage\":\"pt-PT\",\"potentialAction\":[{\"@type\":\"ReadAction\",\"target\":[\"http:\/\/maismagazine.pt\/index.php\/2024\/02\/23\/faculdade-de-economia-universidade-de-coimbra\/\"]}]},{\"@type\":\"ImageObject\",\"inLanguage\":\"pt-PT\",\"@id\":\"http:\/\/maismagazine.pt\/index.php\/2024\/02\/23\/faculdade-de-economia-universidade-de-coimbra\/#primaryimage\",\"url\":\"http:\/\/maismagazine.pt\/wp-content\/uploads\/2024\/02\/FEUC-Logo-institucional.png\",\"contentUrl\":\"http:\/\/maismagazine.pt\/wp-content\/uploads\/2024\/02\/FEUC-Logo-institucional.png\",\"width\":400,\"height\":300},{\"@type\":\"BreadcrumbList\",\"@id\":\"http:\/\/maismagazine.pt\/index.php\/2024\/02\/23\/faculdade-de-economia-universidade-de-coimbra\/#breadcrumb\",\"itemListElement\":[{\"@type\":\"ListItem\",\"position\":1,\"name\":\"Home\",\"item\":\"https:\/\/maismagazine.pt\/\"},{\"@type\":\"ListItem\",\"position\":2,\"name\":\"Faculdade de Economia Universidade de Coimbra\"}]},{\"@type\":\"WebSite\",\"@id\":\"https:\/\/maismagazine.pt\/#website\",\"url\":\"https:\/\/maismagazine.pt\/\",\"name\":\"Mais Magazine\",\"description\":\"\",\"publisher\":{\"@id\":\"https:\/\/maismagazine.pt\/#organization\"},\"potentialAction\":[{\"@type\":\"SearchAction\",\"target\":{\"@type\":\"EntryPoint\",\"urlTemplate\":\"https:\/\/maismagazine.pt\/?s={search_term_string}\"},\"query-input\":{\"@type\":\"PropertyValueSpecification\",\"valueRequired\":true,\"valueName\":\"search_term_string\"}}],\"inLanguage\":\"pt-PT\"},{\"@type\":\"Organization\",\"@id\":\"https:\/\/maismagazine.pt\/#organization\",\"name\":\"Mais Magazine\",\"url\":\"https:\/\/maismagazine.pt\/\",\"logo\":{\"@type\":\"ImageObject\",\"inLanguage\":\"pt-PT\",\"@id\":\"https:\/\/maismagazine.pt\/#\/schema\/logo\/image\/\",\"url\":\"http:\/\/maismagazine.pt\/wp-content\/uploads\/2020\/04\/cropped-cropped-mais-magazine-site-logo-2.png\",\"contentUrl\":\"http:\/\/maismagazine.pt\/wp-content\/uploads\/2020\/04\/cropped-cropped-mais-magazine-site-logo-2.png\",\"width\":581,\"height\":90,\"caption\":\"Mais Magazine\"},\"image\":{\"@id\":\"https:\/\/maismagazine.pt\/#\/schema\/logo\/image\/\"}},{\"@type\":\"Person\",\"@id\":\"https:\/\/maismagazine.pt\/#\/schema\/person\/c6c5bfccc886434cbd11c74e035f9646\",\"name\":\"Tiago Costa\",\"image\":{\"@type\":\"ImageObject\",\"inLanguage\":\"pt-PT\",\"@id\":\"https:\/\/maismagazine.pt\/#\/schema\/person\/image\/\",\"url\":\"https:\/\/secure.gravatar.com\/avatar\/c599b2bce16c9870429198cbad5ee022?s=96&d=mm&r=g\",\"contentUrl\":\"https:\/\/secure.gravatar.com\/avatar\/c599b2bce16c9870429198cbad5ee022?s=96&d=mm&r=g\",\"caption\":\"Tiago Costa\"},\"url\":\"http:\/\/maismagazine.pt\/index.php\/author\/tiago\/\"}]}<\/script>\n<!-- \/ Yoast SEO plugin. -->","yoast_head_json":{"title":"Faculdade de Economia Universidade de Coimbra - Mais Magazine","description":"A\u00a0Faculdade de Economia\u00a0(FEUC), criada em 1972, \u00e9 uma das oito faculdades que integram a\u00a0Universidade de Coimbra\u00a0cuja funda\u00e7\u00e3o data de 1290. A licenciatura em\u00a0Economia\u00a0entrou em funcionamento no ano letivo de 1973\/74, tendo-se-lhe seguido as restantes tr\u00eas do elenco atualmente oferecido pela FEUC:\u00a0Sociologia, Gest\u00e3o e Rela\u00e7\u00f5es Internacionais. Grande parte da oferta formativa da FEUC concentra-se atualmente em cursos de forma\u00e7\u00e3o p\u00f3sgraduada.","robots":{"index":"index","follow":"follow","max-snippet":"max-snippet:-1","max-image-preview":"max-image-preview:large","max-video-preview":"max-video-preview:-1"},"canonical":"http:\/\/maismagazine.pt\/index.php\/2024\/02\/23\/faculdade-de-economia-universidade-de-coimbra\/","og_locale":"pt_PT","og_type":"article","og_title":"Faculdade de Economia Universidade de Coimbra - Mais Magazine","og_description":"A\u00a0Faculdade de Economia\u00a0(FEUC), criada em 1972, \u00e9 uma das oito faculdades que integram a\u00a0Universidade de Coimbra\u00a0cuja funda\u00e7\u00e3o data de 1290. A licenciatura em\u00a0Economia\u00a0entrou em funcionamento no ano letivo de 1973\/74, tendo-se-lhe seguido as restantes tr\u00eas do elenco atualmente oferecido pela FEUC:\u00a0Sociologia, Gest\u00e3o e Rela\u00e7\u00f5es Internacionais. Grande parte da oferta formativa da FEUC concentra-se atualmente em cursos de forma\u00e7\u00e3o p\u00f3sgraduada.","og_url":"http:\/\/maismagazine.pt\/index.php\/2024\/02\/23\/faculdade-de-economia-universidade-de-coimbra\/","og_site_name":"Mais Magazine","article_published_time":"2024-02-23T07:00:00+00:00","og_image":[{"width":400,"height":300,"url":"http:\/\/maismagazine.pt\/wp-content\/uploads\/2024\/02\/FEUC-Logo-institucional.png","type":"image\/png"}],"author":"Tiago Costa","twitter_card":"summary_large_image","twitter_misc":{"Escrito por":false,"Tempo estimado de leitura":"1 minuto"},"schema":{"@context":"https:\/\/schema.org","@graph":[{"@type":"Article","@id":"http:\/\/maismagazine.pt\/index.php\/2024\/02\/23\/faculdade-de-economia-universidade-de-coimbra\/#article","isPartOf":{"@id":"http:\/\/maismagazine.pt\/index.php\/2024\/02\/23\/faculdade-de-economia-universidade-de-coimbra\/"},"author":{"name":"Tiago Costa","@id":"https:\/\/maismagazine.pt\/#\/schema\/person\/c6c5bfccc886434cbd11c74e035f9646"},"headline":"Faculdade de Economia Universidade de Coimbra","datePublished":"2024-02-23T07:00:00+00:00","mainEntityOfPage":{"@id":"http:\/\/maismagazine.pt\/index.php\/2024\/02\/23\/faculdade-de-economia-universidade-de-coimbra\/"},"wordCount":103,"publisher":{"@id":"https:\/\/maismagazine.pt\/#organization"},"image":{"@id":"http:\/\/maismagazine.pt\/index.php\/2024\/02\/23\/faculdade-de-economia-universidade-de-coimbra\/#primaryimage"},"thumbnailUrl":"http:\/\/maismagazine.pt\/wp-content\/uploads\/2024\/02\/FEUC-Logo-institucional.png","keywords":["Faculdade de Economia Universidade de Coimbra"],"articleSection":["publicidade"],"inLanguage":"pt-PT"},{"@type":"WebPage","@id":"http:\/\/maismagazine.pt\/index.php\/2024\/02\/23\/faculdade-de-economia-universidade-de-coimbra\/","url":"http:\/\/maismagazine.pt\/index.php\/2024\/02\/23\/faculdade-de-economia-universidade-de-coimbra\/","name":"Faculdade de Economia Universidade de Coimbra - Mais Magazine","isPartOf":{"@id":"https:\/\/maismagazine.pt\/#website"},"primaryImageOfPage":{"@id":"http:\/\/maismagazine.pt\/index.php\/2024\/02\/23\/faculdade-de-economia-universidade-de-coimbra\/#primaryimage"},"image":{"@id":"http:\/\/maismagazine.pt\/index.php\/2024\/02\/23\/faculdade-de-economia-universidade-de-coimbra\/#primaryimage"},"thumbnailUrl":"http:\/\/maismagazine.pt\/wp-content\/uploads\/2024\/02\/FEUC-Logo-institucional.png","datePublished":"2024-02-23T07:00:00+00:00","description":"A\u00a0Faculdade de Economia\u00a0(FEUC), criada em 1972, \u00e9 uma das oito faculdades que integram a\u00a0Universidade de Coimbra\u00a0cuja funda\u00e7\u00e3o data de 1290. A licenciatura em\u00a0Economia\u00a0entrou em funcionamento no ano letivo de 1973\/74, tendo-se-lhe seguido as restantes tr\u00eas do elenco atualmente oferecido pela FEUC:\u00a0Sociologia, Gest\u00e3o e Rela\u00e7\u00f5es Internacionais. Grande parte da oferta formativa da FEUC concentra-se atualmente em cursos de forma\u00e7\u00e3o p\u00f3sgraduada.","breadcrumb":{"@id":"http:\/\/maismagazine.pt\/index.php\/2024\/02\/23\/faculdade-de-economia-universidade-de-coimbra\/#breadcrumb"},"inLanguage":"pt-PT","potentialAction":[{"@type":"ReadAction","target":["http:\/\/maismagazine.pt\/index.php\/2024\/02\/23\/faculdade-de-economia-universidade-de-coimbra\/"]}]},{"@type":"ImageObject","inLanguage":"pt-PT","@id":"http:\/\/maismagazine.pt\/index.php\/2024\/02\/23\/faculdade-de-economia-universidade-de-coimbra\/#primaryimage","url":"http:\/\/maismagazine.pt\/wp-content\/uploads\/2024\/02\/FEUC-Logo-institucional.png","contentUrl":"http:\/\/maismagazine.pt\/wp-content\/uploads\/2024\/02\/FEUC-Logo-institucional.png","width":400,"height":300},{"@type":"BreadcrumbList","@id":"http:\/\/maismagazine.pt\/index.php\/2024\/02\/23\/faculdade-de-economia-universidade-de-coimbra\/#breadcrumb","itemListElement":[{"@type":"ListItem","position":1,"name":"Home","item":"https:\/\/maismagazine.pt\/"},{"@type":"ListItem","position":2,"name":"Faculdade de Economia Universidade de Coimbra"}]},{"@type":"WebSite","@id":"https:\/\/maismagazine.pt\/#website","url":"https:\/\/maismagazine.pt\/","name":"Mais Magazine","description":"","publisher":{"@id":"https:\/\/maismagazine.pt\/#organization"},"potentialAction":[{"@type":"SearchAction","target":{"@type":"EntryPoint","urlTemplate":"https:\/\/maismagazine.pt\/?s={search_term_string}"},"query-input":{"@type":"PropertyValueSpecification","valueRequired":true,"valueName":"search_term_string"}}],"inLanguage":"pt-PT"},{"@type":"Organization","@id":"https:\/\/maismagazine.pt\/#organization","name":"Mais Magazine","url":"https:\/\/maismagazine.pt\/","logo":{"@type":"ImageObject","inLanguage":"pt-PT","@id":"https:\/\/maismagazine.pt\/#\/schema\/logo\/image\/","url":"http:\/\/maismagazine.pt\/wp-content\/uploads\/2020\/04\/cropped-cropped-mais-magazine-site-logo-2.png","contentUrl":"http:\/\/maismagazine.pt\/wp-content\/uploads\/2020\/04\/cropped-cropped-mais-magazine-site-logo-2.png","width":581,"height":90,"caption":"Mais Magazine"},"image":{"@id":"https:\/\/maismagazine.pt\/#\/schema\/logo\/image\/"}},{"@type":"Person","@id":"https:\/\/maismagazine.pt\/#\/schema\/person\/c6c5bfccc886434cbd11c74e035f9646","name":"Tiago Costa","image":{"@type":"ImageObject","inLanguage":"pt-PT","@id":"https:\/\/maismagazine.pt\/#\/schema\/person\/image\/","url":"https:\/\/secure.gravatar.com\/avatar\/c599b2bce16c9870429198cbad5ee022?s=96&d=mm&r=g","contentUrl":"https:\/\/secure.gravatar.com\/avatar\/c599b2bce16c9870429198cbad5ee022?s=96&d=mm&r=g","caption":"Tiago Costa"},"url":"http:\/\/maismagazine.pt\/index.php\/author\/tiago\/"}]}},"author_meta":{"display_name":false,"author_link":"http:\/\/maismagazine.pt\/index.php\/author\/tiago\/"},"featured_img":"http:\/\/maismagazine.pt\/wp-content\/uploads\/2024\/02\/FEUC-Logo-institucional-300x225.png","coauthors":[],"tax_additional":{"categories":{"linked":["<a href=\"http:\/\/maismagazine.pt\/index.php\/category\/publicidade\/\" class=\"advgb-post-tax-term\">publicidade<\/a>"],"unlinked":["<span class=\"advgb-post-tax-term\">publicidade<\/span>"]},"tags":{"linked":["<a href=\"http:\/\/maismagazine.pt\/index.php\/category\/publicidade\/\" class=\"advgb-post-tax-term\">Faculdade de Economia Universidade de Coimbra<\/a>"],"unlinked":["<span class=\"advgb-post-tax-term\">Faculdade de Economia Universidade de Coimbra<\/span>"]}},"comment_count":"0","relative_dates":{"created":"Posted 2 anos ago","modified":"Updated 2 anos ago"},"absolute_dates":{"created":"Posted on 23 de Fevereiro, 2024","modified":"Updated on 20 de Fevereiro, 2024"},"absolute_dates_time":{"created":"Posted on 23 de Fevereiro, 2024 7:00","modified":"Updated on 20 de Fevereiro, 2024 11:05"},"featured_img_caption":"","series_order":"","_links":{"self":[{"href":"http:\/\/maismagazine.pt\/index.php\/wp-json\/wp\/v2\/posts\/9033","targetHints":{"allow":["GET"]}}],"collection":[{"href":"http:\/\/maismagazine.pt\/index.php\/wp-json\/wp\/v2\/posts"}],"about":[{"href":"http:\/\/maismagazine.pt\/index.php\/wp-json\/wp\/v2\/types\/post"}],"author":[{"embeddable":true,"href":"http:\/\/maismagazine.pt\/index.php\/wp-json\/wp\/v2\/users\/17"}],"replies":[{"embeddable":true,"href":"http:\/\/maismagazine.pt\/index.php\/wp-json\/wp\/v2\/comments?post=9033"}],"version-history":[{"count":1,"href":"http:\/\/maismagazine.pt\/index.php\/wp-json\/wp\/v2\/posts\/9033\/revisions"}],"predecessor-version":[{"id":9035,"href":"http:\/\/maismagazine.pt\/index.php\/wp-json\/wp\/v2\/posts\/9033\/revisions\/9035"}],"wp:featuredmedia":[{"embeddable":true,"href":"http:\/\/maismagazine.pt\/index.php\/wp-json\/wp\/v2\/media\/9034"}],"wp:attachment":[{"href":"http:\/\/maismagazine.pt\/index.php\/wp-json\/wp\/v2\/media?parent=9033"}],"wp:term":[{"taxonomy":"category","embeddable":true,"href":"http:\/\/maismagazine.pt\/index.php\/wp-json\/wp\/v2\/categories?post=9033"},{"taxonomy":"post_tag","embeddable":true,"href":"http:\/\/maismagazine.pt\/index.php\/wp-json\/wp\/v2\/tags?post=9033"}],"curies":[{"name":"wp","href":"https:\/\/api.w.org\/{rel}","templated":true}]}}