{"id":9009,"date":"2024-02-23T07:00:00","date_gmt":"2024-02-23T07:00:00","guid":{"rendered":"https:\/\/maismagazine.pt\/?p=9009"},"modified":"2024-02-20T10:46:18","modified_gmt":"2024-02-20T10:46:18","slug":"utad","status":"publish","type":"post","link":"http:\/\/maismagazine.pt\/index.php\/2024\/02\/23\/utad\/","title":{"rendered":"UTAD"},"content":{"rendered":"\n<p>A <a href=\"https:\/\/www.utad.pt\/\">Universidade de Tr\u00e1s-os-Montes e Alto Dour<\/a>o, sediada em Vila Real, \u00e9 uma institui\u00e7\u00e3o orientada para a cria\u00e7\u00e3o, transmiss\u00e3o e difus\u00e3o da cultura, do saber e da ci\u00eancia. Situada numa regi\u00e3o em desenvolvimento, fomenta o empreendedorismo, em estreita rela\u00e7\u00e3o com a comunidade, seus organismos, institui\u00e7\u00f5es e tecido empresarial, aprofunda o conhecimento cient\u00edfico, desenvolve tecnologia e procura responder aos problemas de \u00e2mbito global, nacional e regional. <\/p>\n\n\n\n<p>Instalada num eco-campus que integra um dos maiores Jardins Bot\u00e2nicos da Europa, possui instala\u00e7\u00f5es modernas, bibliotecas, laborat\u00f3rios, servi\u00e7os on-line, equipamentos desportivos e oferece m\u00faltiplas oportunidades no campo cultural, acess\u00edveis aos seus estudantes, docentes e investigadores e demais trabalhadores, bem como \u00e0 comunidade em geral. Disp\u00f5e de Servi\u00e7os de A\u00e7\u00e3o Social que primam pela excel\u00eancia, permitindo o acesso a bolsas de estudo, resid\u00eancias universit\u00e1rias modernas, cantinas, restaurantes, salas de inform\u00e1tica, e apoio nas \u00e1reas da medicina, psicologia e nutri\u00e7\u00e3o. Os estudantes da UTAD s\u00e3o ativos importantes na vida acad\u00e9mica. <\/p>\n","protected":false},"excerpt":{"rendered":"<p>A Universidade de Tr\u00e1s-os-Montes e Alto Douro, sediada em Vila Real, \u00e9 uma institui\u00e7\u00e3o orientada para a cria\u00e7\u00e3o, transmiss\u00e3o e difus\u00e3o da cultura, do saber e da ci\u00eancia. Situada numa regi\u00e3o em desenvolvimento, fomenta o empreendedorismo, em estreita rela\u00e7\u00e3o com a comunidade, seus organismos, institui\u00e7\u00f5es e tecido empresarial, aprofunda o&hellip;<\/p>\n","protected":false},"author":17,"featured_media":9011,"comment_status":"closed","ping_status":"open","sticky":false,"template":"","format":"standard","meta":{"advgb_blocks_editor_width":"","advgb_blocks_columns_visual_guide":"","_monsterinsights_skip_tracking":false,"_monsterinsights_sitenote_active":false,"_monsterinsights_sitenote_note":"","_monsterinsights_sitenote_category":0,"footnotes":""},"categories":[1460],"tags":[756],"class_list":["post-9009","post","type-post","status-publish","format-standard","has-post-thumbnail","hentry","category-publicidade","tag-utad"],"yoast_head":"<!-- This site is optimized with the Yoast SEO plugin v24.4 - https:\/\/yoast.com\/wordpress\/plugins\/seo\/ -->\n<title>UTAD - Mais Magazine<\/title>\n<meta name=\"description\" content=\"A Universidade de Tr\u00e1s-os-Montes e Alto Douro, sediada em Vila Real, \u00e9 uma institui\u00e7\u00e3o orientada para a cria\u00e7\u00e3o, transmiss\u00e3o e difus\u00e3o da cultura, do saber e da ci\u00eancia. Situada numa regi\u00e3o em desenvolvimento, fomenta o empreendedorismo, em estreita rela\u00e7\u00e3o com a comunidade, seus organismos, institui\u00e7\u00f5es e tecido empresarial, aprofunda o conhecimento cient\u00edfico, desenvolve tecnologia e procura responder aos problemas de \u00e2mbito global, nacional e regional.\" \/>\n<meta name=\"robots\" content=\"index, follow, max-snippet:-1, max-image-preview:large, max-video-preview:-1\" \/>\n<link rel=\"canonical\" href=\"https:\/\/maismagazine.pt\/index.php\/2024\/02\/23\/utad\/\" \/>\n<meta property=\"og:locale\" content=\"pt_PT\" \/>\n<meta property=\"og:type\" content=\"article\" \/>\n<meta property=\"og:title\" content=\"UTAD - Mais Magazine\" \/>\n<meta property=\"og:description\" content=\"A Universidade de Tr\u00e1s-os-Montes e Alto Douro, sediada em Vila Real, \u00e9 uma institui\u00e7\u00e3o orientada para a cria\u00e7\u00e3o, transmiss\u00e3o e difus\u00e3o da cultura, do saber e da ci\u00eancia. Situada numa regi\u00e3o em desenvolvimento, fomenta o empreendedorismo, em estreita rela\u00e7\u00e3o com a comunidade, seus organismos, institui\u00e7\u00f5es e tecido empresarial, aprofunda o conhecimento cient\u00edfico, desenvolve tecnologia e procura responder aos problemas de \u00e2mbito global, nacional e regional.\" \/>\n<meta property=\"og:url\" content=\"https:\/\/maismagazine.pt\/index.php\/2024\/02\/23\/utad\/\" \/>\n<meta property=\"og:site_name\" content=\"Mais Magazine\" \/>\n<meta property=\"article:published_time\" content=\"2024-02-23T07:00:00+00:00\" \/>\n<meta property=\"og:image\" content=\"https:\/\/maismagazine.pt\/wp-content\/uploads\/2024\/02\/326485024_915129016210909_151745638270708296_n.png\" \/>\n\t<meta property=\"og:image:width\" content=\"400\" \/>\n\t<meta property=\"og:image:height\" content=\"400\" \/>\n\t<meta property=\"og:image:type\" content=\"image\/png\" \/>\n<meta name=\"author\" content=\"Tiago Costa\" \/>\n<meta name=\"twitter:card\" content=\"summary_large_image\" \/>\n<meta name=\"twitter:label1\" content=\"Escrito por\" \/>\n\t<meta name=\"twitter:data1\" content=\"\" \/>\n\t<meta name=\"twitter:label2\" content=\"Tempo estimado de leitura\" \/>\n\t<meta name=\"twitter:data2\" content=\"2 minutos\" \/>\n<script type=\"application\/ld+json\" class=\"yoast-schema-graph\">{\"@context\":\"https:\/\/schema.org\",\"@graph\":[{\"@type\":\"Article\",\"@id\":\"https:\/\/maismagazine.pt\/index.php\/2024\/02\/23\/utad\/#article\",\"isPartOf\":{\"@id\":\"https:\/\/maismagazine.pt\/index.php\/2024\/02\/23\/utad\/\"},\"author\":{\"name\":\"Tiago Costa\",\"@id\":\"https:\/\/maismagazine.pt\/#\/schema\/person\/c6c5bfccc886434cbd11c74e035f9646\"},\"headline\":\"UTAD\",\"datePublished\":\"2024-02-23T07:00:00+00:00\",\"mainEntityOfPage\":{\"@id\":\"https:\/\/maismagazine.pt\/index.php\/2024\/02\/23\/utad\/\"},\"wordCount\":178,\"publisher\":{\"@id\":\"https:\/\/maismagazine.pt\/#organization\"},\"image\":{\"@id\":\"https:\/\/maismagazine.pt\/index.php\/2024\/02\/23\/utad\/#primaryimage\"},\"thumbnailUrl\":\"http:\/\/maismagazine.pt\/wp-content\/uploads\/2024\/02\/326485024_915129016210909_151745638270708296_n.png\",\"keywords\":[\"UTAD\"],\"articleSection\":[\"publicidade\"],\"inLanguage\":\"pt-PT\"},{\"@type\":\"WebPage\",\"@id\":\"https:\/\/maismagazine.pt\/index.php\/2024\/02\/23\/utad\/\",\"url\":\"https:\/\/maismagazine.pt\/index.php\/2024\/02\/23\/utad\/\",\"name\":\"UTAD - Mais Magazine\",\"isPartOf\":{\"@id\":\"https:\/\/maismagazine.pt\/#website\"},\"primaryImageOfPage\":{\"@id\":\"https:\/\/maismagazine.pt\/index.php\/2024\/02\/23\/utad\/#primaryimage\"},\"image\":{\"@id\":\"https:\/\/maismagazine.pt\/index.php\/2024\/02\/23\/utad\/#primaryimage\"},\"thumbnailUrl\":\"http:\/\/maismagazine.pt\/wp-content\/uploads\/2024\/02\/326485024_915129016210909_151745638270708296_n.png\",\"datePublished\":\"2024-02-23T07:00:00+00:00\",\"description\":\"A Universidade de Tr\u00e1s-os-Montes e Alto Douro, sediada em Vila Real, \u00e9 uma institui\u00e7\u00e3o orientada para a cria\u00e7\u00e3o, transmiss\u00e3o e difus\u00e3o da cultura, do saber e da ci\u00eancia. Situada numa regi\u00e3o em desenvolvimento, fomenta o empreendedorismo, em estreita rela\u00e7\u00e3o com a comunidade, seus organismos, institui\u00e7\u00f5es e tecido empresarial, aprofunda o conhecimento cient\u00edfico, desenvolve tecnologia e procura responder aos problemas de \u00e2mbito global, nacional e regional.\",\"breadcrumb\":{\"@id\":\"https:\/\/maismagazine.pt\/index.php\/2024\/02\/23\/utad\/#breadcrumb\"},\"inLanguage\":\"pt-PT\",\"potentialAction\":[{\"@type\":\"ReadAction\",\"target\":[\"https:\/\/maismagazine.pt\/index.php\/2024\/02\/23\/utad\/\"]}]},{\"@type\":\"ImageObject\",\"inLanguage\":\"pt-PT\",\"@id\":\"https:\/\/maismagazine.pt\/index.php\/2024\/02\/23\/utad\/#primaryimage\",\"url\":\"http:\/\/maismagazine.pt\/wp-content\/uploads\/2024\/02\/326485024_915129016210909_151745638270708296_n.png\",\"contentUrl\":\"http:\/\/maismagazine.pt\/wp-content\/uploads\/2024\/02\/326485024_915129016210909_151745638270708296_n.png\",\"width\":400,\"height\":400},{\"@type\":\"BreadcrumbList\",\"@id\":\"https:\/\/maismagazine.pt\/index.php\/2024\/02\/23\/utad\/#breadcrumb\",\"itemListElement\":[{\"@type\":\"ListItem\",\"position\":1,\"name\":\"Home\",\"item\":\"https:\/\/maismagazine.pt\/\"},{\"@type\":\"ListItem\",\"position\":2,\"name\":\"UTAD\"}]},{\"@type\":\"WebSite\",\"@id\":\"https:\/\/maismagazine.pt\/#website\",\"url\":\"https:\/\/maismagazine.pt\/\",\"name\":\"Mais Magazine\",\"description\":\"\",\"publisher\":{\"@id\":\"https:\/\/maismagazine.pt\/#organization\"},\"potentialAction\":[{\"@type\":\"SearchAction\",\"target\":{\"@type\":\"EntryPoint\",\"urlTemplate\":\"https:\/\/maismagazine.pt\/?s={search_term_string}\"},\"query-input\":{\"@type\":\"PropertyValueSpecification\",\"valueRequired\":true,\"valueName\":\"search_term_string\"}}],\"inLanguage\":\"pt-PT\"},{\"@type\":\"Organization\",\"@id\":\"https:\/\/maismagazine.pt\/#organization\",\"name\":\"Mais Magazine\",\"url\":\"https:\/\/maismagazine.pt\/\",\"logo\":{\"@type\":\"ImageObject\",\"inLanguage\":\"pt-PT\",\"@id\":\"https:\/\/maismagazine.pt\/#\/schema\/logo\/image\/\",\"url\":\"http:\/\/maismagazine.pt\/wp-content\/uploads\/2020\/04\/cropped-cropped-mais-magazine-site-logo-2.png\",\"contentUrl\":\"http:\/\/maismagazine.pt\/wp-content\/uploads\/2020\/04\/cropped-cropped-mais-magazine-site-logo-2.png\",\"width\":581,\"height\":90,\"caption\":\"Mais Magazine\"},\"image\":{\"@id\":\"https:\/\/maismagazine.pt\/#\/schema\/logo\/image\/\"}},{\"@type\":\"Person\",\"@id\":\"https:\/\/maismagazine.pt\/#\/schema\/person\/c6c5bfccc886434cbd11c74e035f9646\",\"name\":\"Tiago Costa\",\"image\":{\"@type\":\"ImageObject\",\"inLanguage\":\"pt-PT\",\"@id\":\"https:\/\/maismagazine.pt\/#\/schema\/person\/image\/\",\"url\":\"https:\/\/secure.gravatar.com\/avatar\/c599b2bce16c9870429198cbad5ee022?s=96&d=mm&r=g\",\"contentUrl\":\"https:\/\/secure.gravatar.com\/avatar\/c599b2bce16c9870429198cbad5ee022?s=96&d=mm&r=g\",\"caption\":\"Tiago Costa\"},\"url\":\"http:\/\/maismagazine.pt\/index.php\/author\/tiago\/\"}]}<\/script>\n<!-- \/ Yoast SEO plugin. -->","yoast_head_json":{"title":"UTAD - Mais Magazine","description":"A Universidade de Tr\u00e1s-os-Montes e Alto Douro, sediada em Vila Real, \u00e9 uma institui\u00e7\u00e3o orientada para a cria\u00e7\u00e3o, transmiss\u00e3o e difus\u00e3o da cultura, do saber e da ci\u00eancia. Situada numa regi\u00e3o em desenvolvimento, fomenta o empreendedorismo, em estreita rela\u00e7\u00e3o com a comunidade, seus organismos, institui\u00e7\u00f5es e tecido empresarial, aprofunda o conhecimento cient\u00edfico, desenvolve tecnologia e procura responder aos problemas de \u00e2mbito global, nacional e regional.","robots":{"index":"index","follow":"follow","max-snippet":"max-snippet:-1","max-image-preview":"max-image-preview:large","max-video-preview":"max-video-preview:-1"},"canonical":"https:\/\/maismagazine.pt\/index.php\/2024\/02\/23\/utad\/","og_locale":"pt_PT","og_type":"article","og_title":"UTAD - Mais Magazine","og_description":"A Universidade de Tr\u00e1s-os-Montes e Alto Douro, sediada em Vila Real, \u00e9 uma institui\u00e7\u00e3o orientada para a cria\u00e7\u00e3o, transmiss\u00e3o e difus\u00e3o da cultura, do saber e da ci\u00eancia. Situada numa regi\u00e3o em desenvolvimento, fomenta o empreendedorismo, em estreita rela\u00e7\u00e3o com a comunidade, seus organismos, institui\u00e7\u00f5es e tecido empresarial, aprofunda o conhecimento cient\u00edfico, desenvolve tecnologia e procura responder aos problemas de \u00e2mbito global, nacional e regional.","og_url":"https:\/\/maismagazine.pt\/index.php\/2024\/02\/23\/utad\/","og_site_name":"Mais Magazine","article_published_time":"2024-02-23T07:00:00+00:00","og_image":[{"width":400,"height":400,"url":"https:\/\/maismagazine.pt\/wp-content\/uploads\/2024\/02\/326485024_915129016210909_151745638270708296_n.png","type":"image\/png"}],"author":"Tiago Costa","twitter_card":"summary_large_image","twitter_misc":{"Escrito por":false,"Tempo estimado de leitura":"2 minutos"},"schema":{"@context":"https:\/\/schema.org","@graph":[{"@type":"Article","@id":"https:\/\/maismagazine.pt\/index.php\/2024\/02\/23\/utad\/#article","isPartOf":{"@id":"https:\/\/maismagazine.pt\/index.php\/2024\/02\/23\/utad\/"},"author":{"name":"Tiago Costa","@id":"https:\/\/maismagazine.pt\/#\/schema\/person\/c6c5bfccc886434cbd11c74e035f9646"},"headline":"UTAD","datePublished":"2024-02-23T07:00:00+00:00","mainEntityOfPage":{"@id":"https:\/\/maismagazine.pt\/index.php\/2024\/02\/23\/utad\/"},"wordCount":178,"publisher":{"@id":"https:\/\/maismagazine.pt\/#organization"},"image":{"@id":"https:\/\/maismagazine.pt\/index.php\/2024\/02\/23\/utad\/#primaryimage"},"thumbnailUrl":"http:\/\/maismagazine.pt\/wp-content\/uploads\/2024\/02\/326485024_915129016210909_151745638270708296_n.png","keywords":["UTAD"],"articleSection":["publicidade"],"inLanguage":"pt-PT"},{"@type":"WebPage","@id":"https:\/\/maismagazine.pt\/index.php\/2024\/02\/23\/utad\/","url":"https:\/\/maismagazine.pt\/index.php\/2024\/02\/23\/utad\/","name":"UTAD - Mais Magazine","isPartOf":{"@id":"https:\/\/maismagazine.pt\/#website"},"primaryImageOfPage":{"@id":"https:\/\/maismagazine.pt\/index.php\/2024\/02\/23\/utad\/#primaryimage"},"image":{"@id":"https:\/\/maismagazine.pt\/index.php\/2024\/02\/23\/utad\/#primaryimage"},"thumbnailUrl":"http:\/\/maismagazine.pt\/wp-content\/uploads\/2024\/02\/326485024_915129016210909_151745638270708296_n.png","datePublished":"2024-02-23T07:00:00+00:00","description":"A Universidade de Tr\u00e1s-os-Montes e Alto Douro, sediada em Vila Real, \u00e9 uma institui\u00e7\u00e3o orientada para a cria\u00e7\u00e3o, transmiss\u00e3o e difus\u00e3o da cultura, do saber e da ci\u00eancia. Situada numa regi\u00e3o em desenvolvimento, fomenta o empreendedorismo, em estreita rela\u00e7\u00e3o com a comunidade, seus organismos, institui\u00e7\u00f5es e tecido empresarial, aprofunda o conhecimento cient\u00edfico, desenvolve tecnologia e procura responder aos problemas de \u00e2mbito global, nacional e regional.","breadcrumb":{"@id":"https:\/\/maismagazine.pt\/index.php\/2024\/02\/23\/utad\/#breadcrumb"},"inLanguage":"pt-PT","potentialAction":[{"@type":"ReadAction","target":["https:\/\/maismagazine.pt\/index.php\/2024\/02\/23\/utad\/"]}]},{"@type":"ImageObject","inLanguage":"pt-PT","@id":"https:\/\/maismagazine.pt\/index.php\/2024\/02\/23\/utad\/#primaryimage","url":"http:\/\/maismagazine.pt\/wp-content\/uploads\/2024\/02\/326485024_915129016210909_151745638270708296_n.png","contentUrl":"http:\/\/maismagazine.pt\/wp-content\/uploads\/2024\/02\/326485024_915129016210909_151745638270708296_n.png","width":400,"height":400},{"@type":"BreadcrumbList","@id":"https:\/\/maismagazine.pt\/index.php\/2024\/02\/23\/utad\/#breadcrumb","itemListElement":[{"@type":"ListItem","position":1,"name":"Home","item":"https:\/\/maismagazine.pt\/"},{"@type":"ListItem","position":2,"name":"UTAD"}]},{"@type":"WebSite","@id":"https:\/\/maismagazine.pt\/#website","url":"https:\/\/maismagazine.pt\/","name":"Mais Magazine","description":"","publisher":{"@id":"https:\/\/maismagazine.pt\/#organization"},"potentialAction":[{"@type":"SearchAction","target":{"@type":"EntryPoint","urlTemplate":"https:\/\/maismagazine.pt\/?s={search_term_string}"},"query-input":{"@type":"PropertyValueSpecification","valueRequired":true,"valueName":"search_term_string"}}],"inLanguage":"pt-PT"},{"@type":"Organization","@id":"https:\/\/maismagazine.pt\/#organization","name":"Mais Magazine","url":"https:\/\/maismagazine.pt\/","logo":{"@type":"ImageObject","inLanguage":"pt-PT","@id":"https:\/\/maismagazine.pt\/#\/schema\/logo\/image\/","url":"http:\/\/maismagazine.pt\/wp-content\/uploads\/2020\/04\/cropped-cropped-mais-magazine-site-logo-2.png","contentUrl":"http:\/\/maismagazine.pt\/wp-content\/uploads\/2020\/04\/cropped-cropped-mais-magazine-site-logo-2.png","width":581,"height":90,"caption":"Mais Magazine"},"image":{"@id":"https:\/\/maismagazine.pt\/#\/schema\/logo\/image\/"}},{"@type":"Person","@id":"https:\/\/maismagazine.pt\/#\/schema\/person\/c6c5bfccc886434cbd11c74e035f9646","name":"Tiago Costa","image":{"@type":"ImageObject","inLanguage":"pt-PT","@id":"https:\/\/maismagazine.pt\/#\/schema\/person\/image\/","url":"https:\/\/secure.gravatar.com\/avatar\/c599b2bce16c9870429198cbad5ee022?s=96&d=mm&r=g","contentUrl":"https:\/\/secure.gravatar.com\/avatar\/c599b2bce16c9870429198cbad5ee022?s=96&d=mm&r=g","caption":"Tiago Costa"},"url":"http:\/\/maismagazine.pt\/index.php\/author\/tiago\/"}]}},"author_meta":{"display_name":false,"author_link":"http:\/\/maismagazine.pt\/index.php\/author\/tiago\/"},"featured_img":"http:\/\/maismagazine.pt\/wp-content\/uploads\/2024\/02\/326485024_915129016210909_151745638270708296_n-300x300.png","coauthors":[],"tax_additional":{"categories":{"linked":["<a href=\"http:\/\/maismagazine.pt\/index.php\/category\/publicidade\/\" class=\"advgb-post-tax-term\">publicidade<\/a>"],"unlinked":["<span class=\"advgb-post-tax-term\">publicidade<\/span>"]},"tags":{"linked":["<a href=\"http:\/\/maismagazine.pt\/index.php\/category\/publicidade\/\" class=\"advgb-post-tax-term\">UTAD<\/a>"],"unlinked":["<span class=\"advgb-post-tax-term\">UTAD<\/span>"]}},"comment_count":"0","relative_dates":{"created":"Posted 2 anos ago","modified":"Updated 2 anos ago"},"absolute_dates":{"created":"Posted on 23 de Fevereiro, 2024","modified":"Updated on 20 de Fevereiro, 2024"},"absolute_dates_time":{"created":"Posted on 23 de Fevereiro, 2024 7:00","modified":"Updated on 20 de Fevereiro, 2024 10:46"},"featured_img_caption":"","series_order":"","_links":{"self":[{"href":"http:\/\/maismagazine.pt\/index.php\/wp-json\/wp\/v2\/posts\/9009","targetHints":{"allow":["GET"]}}],"collection":[{"href":"http:\/\/maismagazine.pt\/index.php\/wp-json\/wp\/v2\/posts"}],"about":[{"href":"http:\/\/maismagazine.pt\/index.php\/wp-json\/wp\/v2\/types\/post"}],"author":[{"embeddable":true,"href":"http:\/\/maismagazine.pt\/index.php\/wp-json\/wp\/v2\/users\/17"}],"replies":[{"embeddable":true,"href":"http:\/\/maismagazine.pt\/index.php\/wp-json\/wp\/v2\/comments?post=9009"}],"version-history":[{"count":1,"href":"http:\/\/maismagazine.pt\/index.php\/wp-json\/wp\/v2\/posts\/9009\/revisions"}],"predecessor-version":[{"id":9012,"href":"http:\/\/maismagazine.pt\/index.php\/wp-json\/wp\/v2\/posts\/9009\/revisions\/9012"}],"wp:featuredmedia":[{"embeddable":true,"href":"http:\/\/maismagazine.pt\/index.php\/wp-json\/wp\/v2\/media\/9011"}],"wp:attachment":[{"href":"http:\/\/maismagazine.pt\/index.php\/wp-json\/wp\/v2\/media?parent=9009"}],"wp:term":[{"taxonomy":"category","embeddable":true,"href":"http:\/\/maismagazine.pt\/index.php\/wp-json\/wp\/v2\/categories?post=9009"},{"taxonomy":"post_tag","embeddable":true,"href":"http:\/\/maismagazine.pt\/index.php\/wp-json\/wp\/v2\/tags?post=9009"}],"curies":[{"name":"wp","href":"https:\/\/api.w.org\/{rel}","templated":true}]}}