{"id":9004,"date":"2024-02-23T07:00:00","date_gmt":"2024-02-23T07:00:00","guid":{"rendered":"https:\/\/maismagazine.pt\/?p=9004"},"modified":"2024-02-20T10:44:12","modified_gmt":"2024-02-20T10:44:12","slug":"universidade-lusiada-2","status":"publish","type":"post","link":"http:\/\/maismagazine.pt\/index.php\/2024\/02\/23\/universidade-lusiada-2\/","title":{"rendered":"Universidade Lus\u00edada"},"content":{"rendered":"\n<p>A <a href=\"https:\/\/www.ulusiada.pt\/\">Universidade Lus\u00edada<\/a>, fundada em 1986, \u00e9 uma das mais antigas universidades privadas portuguesas e constitui uma refer\u00eancia hist\u00f3rica no movimento que impulsionou, consolidou e valorizou o ensino privado no sistema universit\u00e1rio portugu\u00eas. Desde muito cedo ganhou dimens\u00e3o nacional e internacional, tendo em funcionamento centros universit\u00e1rios nas duas principais cidades portuguesas (Lisboa e Porto) e ainda na cidade nortenha de Vila Nova de Famalic\u00e3o, onde instalou um polo universit\u00e1rio essencialmente tecnol\u00f3gico.<\/p>\n\n\n\n<p>A verifica\u00e7\u00e3o constante dos objectivos da Universidade tem exigido um cont\u00ednuo esfor\u00e7o de qualifica\u00e7\u00e3o do seu corpo docente, de actualiza\u00e7\u00e3o dos seus equipamentos t\u00e9cnicos e tecnol\u00f3gicos e de renova\u00e7\u00e3o das suas pr\u00e1ticas pedag\u00f3gicas, tendo sempre em vista um ensino que apenas se subordina aos princ\u00edpios da qualidade e do rigor cient\u00edfico.<\/p>\n\n\n\n<p>\u00c9 que hoje, num mundo confrontado com vertiginosas transforma\u00e7\u00f5es de \u00e2mbito social e econ\u00f3mico, a nova sociedade exige profissionais com elevado n\u00edvel cultural, cient\u00edfico e t\u00e9cnico que s\u00f3 a forma\u00e7\u00e3o superior pode proporcionar. E as Universidades Lus\u00edada, querendo responder a essas exig\u00eancias, bem como satisfazer leg\u00edtimas aspira\u00e7\u00f5es de realiza\u00e7\u00e3o pessoal, n\u00e3o poderia defraudar as expectativas de quem as v\u00eam procurando.<\/p>\n\n\n\n<p>Por isso, para as Universidades Lus\u00edada a forma\u00e7\u00e3o n\u00e3o termina numa sala de aula, pois entendemos que a forma\u00e7\u00e3o universit\u00e1ria n\u00e3o pode reduzir-se a uma mera instru\u00e7\u00e3o t\u00e9cnica orientada para o desempenho de uma profiss\u00e3o. Isso significaria renunciar \u00e0 educa\u00e7\u00e3o em si mesma. <\/p>\n","protected":false},"excerpt":{"rendered":"<p>A Universidade Lus\u00edada, fundada em 1986, \u00e9 uma das mais antigas universidades privadas portuguesas e constitui uma refer\u00eancia hist\u00f3rica no movimento que impulsionou, consolidou e valorizou o ensino privado no sistema universit\u00e1rio portugu\u00eas. Desde muito cedo ganhou dimens\u00e3o nacional e internacional, tendo em funcionamento centros universit\u00e1rios nas duas principais cidades&hellip;<\/p>\n","protected":false},"author":17,"featured_media":9008,"comment_status":"closed","ping_status":"open","sticky":false,"template":"","format":"standard","meta":{"advgb_blocks_editor_width":"","advgb_blocks_columns_visual_guide":"","_monsterinsights_skip_tracking":false,"_monsterinsights_sitenote_active":false,"_monsterinsights_sitenote_note":"","_monsterinsights_sitenote_category":0,"footnotes":""},"categories":[1460],"tags":[1462],"class_list":["post-9004","post","type-post","status-publish","format-standard","has-post-thumbnail","hentry","category-publicidade","tag-universidade-lusiada"],"yoast_head":"<!-- This site is optimized with the Yoast SEO plugin v24.4 - https:\/\/yoast.com\/wordpress\/plugins\/seo\/ -->\n<title>Universidade Lus\u00edada - Mais Magazine<\/title>\n<meta name=\"description\" content=\"A Universidade Lus\u00edada, fundada em 1986, \u00e9 uma das mais antigas universidades privadas portuguesas e constitui uma refer\u00eancia hist\u00f3rica no movimento que impulsionou, consolidou e valorizou o ensino privado no sistema universit\u00e1rio portugu\u00eas. Desde muito cedo ganhou dimens\u00e3o nacional e internacional, tendo em funcionamento centros universit\u00e1rios nas duas principais cidades portuguesas (Lisboa e Porto) e ainda na cidade nortenha de Vila Nova de Famalic\u00e3o, onde instalou um polo universit\u00e1rio essencialmente tecnol\u00f3gico.\" \/>\n<meta name=\"robots\" content=\"index, follow, max-snippet:-1, max-image-preview:large, max-video-preview:-1\" \/>\n<link rel=\"canonical\" href=\"http:\/\/maismagazine.pt\/index.php\/2024\/02\/23\/universidade-lusiada-2\/\" \/>\n<meta property=\"og:locale\" content=\"pt_PT\" \/>\n<meta property=\"og:type\" content=\"article\" \/>\n<meta property=\"og:title\" content=\"Universidade Lus\u00edada - Mais Magazine\" \/>\n<meta property=\"og:description\" content=\"A Universidade Lus\u00edada, fundada em 1986, \u00e9 uma das mais antigas universidades privadas portuguesas e constitui uma refer\u00eancia hist\u00f3rica no movimento que impulsionou, consolidou e valorizou o ensino privado no sistema universit\u00e1rio portugu\u00eas. Desde muito cedo ganhou dimens\u00e3o nacional e internacional, tendo em funcionamento centros universit\u00e1rios nas duas principais cidades portuguesas (Lisboa e Porto) e ainda na cidade nortenha de Vila Nova de Famalic\u00e3o, onde instalou um polo universit\u00e1rio essencialmente tecnol\u00f3gico.\" \/>\n<meta property=\"og:url\" content=\"http:\/\/maismagazine.pt\/index.php\/2024\/02\/23\/universidade-lusiada-2\/\" \/>\n<meta property=\"og:site_name\" content=\"Mais Magazine\" \/>\n<meta property=\"article:published_time\" content=\"2024-02-23T07:00:00+00:00\" \/>\n<meta property=\"og:image\" content=\"http:\/\/maismagazine.pt\/wp-content\/uploads\/2024\/02\/281716967_5026477264067906_4193957048261641550_n-1.jpg\" \/>\n\t<meta property=\"og:image:width\" content=\"513\" \/>\n\t<meta property=\"og:image:height\" content=\"513\" \/>\n\t<meta property=\"og:image:type\" content=\"image\/jpeg\" \/>\n<meta name=\"author\" content=\"Tiago Costa\" \/>\n<meta name=\"twitter:card\" content=\"summary_large_image\" \/>\n<meta name=\"twitter:label1\" content=\"Escrito por\" \/>\n\t<meta name=\"twitter:data1\" content=\"\" \/>\n\t<meta name=\"twitter:label2\" content=\"Tempo estimado de leitura\" \/>\n\t<meta name=\"twitter:data2\" content=\"2 minutos\" \/>\n<script type=\"application\/ld+json\" class=\"yoast-schema-graph\">{\"@context\":\"https:\/\/schema.org\",\"@graph\":[{\"@type\":\"Article\",\"@id\":\"http:\/\/maismagazine.pt\/index.php\/2024\/02\/23\/universidade-lusiada-2\/#article\",\"isPartOf\":{\"@id\":\"http:\/\/maismagazine.pt\/index.php\/2024\/02\/23\/universidade-lusiada-2\/\"},\"author\":{\"name\":\"Tiago Costa\",\"@id\":\"https:\/\/maismagazine.pt\/#\/schema\/person\/c6c5bfccc886434cbd11c74e035f9646\"},\"headline\":\"Universidade Lus\u00edada\",\"datePublished\":\"2024-02-23T07:00:00+00:00\",\"mainEntityOfPage\":{\"@id\":\"http:\/\/maismagazine.pt\/index.php\/2024\/02\/23\/universidade-lusiada-2\/\"},\"wordCount\":269,\"publisher\":{\"@id\":\"https:\/\/maismagazine.pt\/#organization\"},\"image\":{\"@id\":\"http:\/\/maismagazine.pt\/index.php\/2024\/02\/23\/universidade-lusiada-2\/#primaryimage\"},\"thumbnailUrl\":\"http:\/\/maismagazine.pt\/wp-content\/uploads\/2024\/02\/281716967_5026477264067906_4193957048261641550_n-1.jpg\",\"keywords\":[\"Universidade Lus\u00edada\"],\"articleSection\":[\"publicidade\"],\"inLanguage\":\"pt-PT\"},{\"@type\":\"WebPage\",\"@id\":\"http:\/\/maismagazine.pt\/index.php\/2024\/02\/23\/universidade-lusiada-2\/\",\"url\":\"http:\/\/maismagazine.pt\/index.php\/2024\/02\/23\/universidade-lusiada-2\/\",\"name\":\"Universidade Lus\u00edada - Mais Magazine\",\"isPartOf\":{\"@id\":\"https:\/\/maismagazine.pt\/#website\"},\"primaryImageOfPage\":{\"@id\":\"http:\/\/maismagazine.pt\/index.php\/2024\/02\/23\/universidade-lusiada-2\/#primaryimage\"},\"image\":{\"@id\":\"http:\/\/maismagazine.pt\/index.php\/2024\/02\/23\/universidade-lusiada-2\/#primaryimage\"},\"thumbnailUrl\":\"http:\/\/maismagazine.pt\/wp-content\/uploads\/2024\/02\/281716967_5026477264067906_4193957048261641550_n-1.jpg\",\"datePublished\":\"2024-02-23T07:00:00+00:00\",\"description\":\"A Universidade Lus\u00edada, fundada em 1986, \u00e9 uma das mais antigas universidades privadas portuguesas e constitui uma refer\u00eancia hist\u00f3rica no movimento que impulsionou, consolidou e valorizou o ensino privado no sistema universit\u00e1rio portugu\u00eas. Desde muito cedo ganhou dimens\u00e3o nacional e internacional, tendo em funcionamento centros universit\u00e1rios nas duas principais cidades portuguesas (Lisboa e Porto) e ainda na cidade nortenha de Vila Nova de Famalic\u00e3o, onde instalou um polo universit\u00e1rio essencialmente tecnol\u00f3gico.\",\"breadcrumb\":{\"@id\":\"http:\/\/maismagazine.pt\/index.php\/2024\/02\/23\/universidade-lusiada-2\/#breadcrumb\"},\"inLanguage\":\"pt-PT\",\"potentialAction\":[{\"@type\":\"ReadAction\",\"target\":[\"http:\/\/maismagazine.pt\/index.php\/2024\/02\/23\/universidade-lusiada-2\/\"]}]},{\"@type\":\"ImageObject\",\"inLanguage\":\"pt-PT\",\"@id\":\"http:\/\/maismagazine.pt\/index.php\/2024\/02\/23\/universidade-lusiada-2\/#primaryimage\",\"url\":\"http:\/\/maismagazine.pt\/wp-content\/uploads\/2024\/02\/281716967_5026477264067906_4193957048261641550_n-1.jpg\",\"contentUrl\":\"http:\/\/maismagazine.pt\/wp-content\/uploads\/2024\/02\/281716967_5026477264067906_4193957048261641550_n-1.jpg\",\"width\":513,\"height\":513},{\"@type\":\"BreadcrumbList\",\"@id\":\"http:\/\/maismagazine.pt\/index.php\/2024\/02\/23\/universidade-lusiada-2\/#breadcrumb\",\"itemListElement\":[{\"@type\":\"ListItem\",\"position\":1,\"name\":\"Home\",\"item\":\"https:\/\/maismagazine.pt\/\"},{\"@type\":\"ListItem\",\"position\":2,\"name\":\"Universidade Lus\u00edada\"}]},{\"@type\":\"WebSite\",\"@id\":\"https:\/\/maismagazine.pt\/#website\",\"url\":\"https:\/\/maismagazine.pt\/\",\"name\":\"Mais Magazine\",\"description\":\"\",\"publisher\":{\"@id\":\"https:\/\/maismagazine.pt\/#organization\"},\"potentialAction\":[{\"@type\":\"SearchAction\",\"target\":{\"@type\":\"EntryPoint\",\"urlTemplate\":\"https:\/\/maismagazine.pt\/?s={search_term_string}\"},\"query-input\":{\"@type\":\"PropertyValueSpecification\",\"valueRequired\":true,\"valueName\":\"search_term_string\"}}],\"inLanguage\":\"pt-PT\"},{\"@type\":\"Organization\",\"@id\":\"https:\/\/maismagazine.pt\/#organization\",\"name\":\"Mais Magazine\",\"url\":\"https:\/\/maismagazine.pt\/\",\"logo\":{\"@type\":\"ImageObject\",\"inLanguage\":\"pt-PT\",\"@id\":\"https:\/\/maismagazine.pt\/#\/schema\/logo\/image\/\",\"url\":\"http:\/\/maismagazine.pt\/wp-content\/uploads\/2020\/04\/cropped-cropped-mais-magazine-site-logo-2.png\",\"contentUrl\":\"http:\/\/maismagazine.pt\/wp-content\/uploads\/2020\/04\/cropped-cropped-mais-magazine-site-logo-2.png\",\"width\":581,\"height\":90,\"caption\":\"Mais Magazine\"},\"image\":{\"@id\":\"https:\/\/maismagazine.pt\/#\/schema\/logo\/image\/\"}},{\"@type\":\"Person\",\"@id\":\"https:\/\/maismagazine.pt\/#\/schema\/person\/c6c5bfccc886434cbd11c74e035f9646\",\"name\":\"Tiago Costa\",\"image\":{\"@type\":\"ImageObject\",\"inLanguage\":\"pt-PT\",\"@id\":\"https:\/\/maismagazine.pt\/#\/schema\/person\/image\/\",\"url\":\"https:\/\/secure.gravatar.com\/avatar\/c599b2bce16c9870429198cbad5ee022?s=96&d=mm&r=g\",\"contentUrl\":\"https:\/\/secure.gravatar.com\/avatar\/c599b2bce16c9870429198cbad5ee022?s=96&d=mm&r=g\",\"caption\":\"Tiago Costa\"},\"url\":\"http:\/\/maismagazine.pt\/index.php\/author\/tiago\/\"}]}<\/script>\n<!-- \/ Yoast SEO plugin. -->","yoast_head_json":{"title":"Universidade Lus\u00edada - Mais Magazine","description":"A Universidade Lus\u00edada, fundada em 1986, \u00e9 uma das mais antigas universidades privadas portuguesas e constitui uma refer\u00eancia hist\u00f3rica no movimento que impulsionou, consolidou e valorizou o ensino privado no sistema universit\u00e1rio portugu\u00eas. Desde muito cedo ganhou dimens\u00e3o nacional e internacional, tendo em funcionamento centros universit\u00e1rios nas duas principais cidades portuguesas (Lisboa e Porto) e ainda na cidade nortenha de Vila Nova de Famalic\u00e3o, onde instalou um polo universit\u00e1rio essencialmente tecnol\u00f3gico.","robots":{"index":"index","follow":"follow","max-snippet":"max-snippet:-1","max-image-preview":"max-image-preview:large","max-video-preview":"max-video-preview:-1"},"canonical":"http:\/\/maismagazine.pt\/index.php\/2024\/02\/23\/universidade-lusiada-2\/","og_locale":"pt_PT","og_type":"article","og_title":"Universidade Lus\u00edada - Mais Magazine","og_description":"A Universidade Lus\u00edada, fundada em 1986, \u00e9 uma das mais antigas universidades privadas portuguesas e constitui uma refer\u00eancia hist\u00f3rica no movimento que impulsionou, consolidou e valorizou o ensino privado no sistema universit\u00e1rio portugu\u00eas. Desde muito cedo ganhou dimens\u00e3o nacional e internacional, tendo em funcionamento centros universit\u00e1rios nas duas principais cidades portuguesas (Lisboa e Porto) e ainda na cidade nortenha de Vila Nova de Famalic\u00e3o, onde instalou um polo universit\u00e1rio essencialmente tecnol\u00f3gico.","og_url":"http:\/\/maismagazine.pt\/index.php\/2024\/02\/23\/universidade-lusiada-2\/","og_site_name":"Mais Magazine","article_published_time":"2024-02-23T07:00:00+00:00","og_image":[{"width":513,"height":513,"url":"http:\/\/maismagazine.pt\/wp-content\/uploads\/2024\/02\/281716967_5026477264067906_4193957048261641550_n-1.jpg","type":"image\/jpeg"}],"author":"Tiago Costa","twitter_card":"summary_large_image","twitter_misc":{"Escrito por":false,"Tempo estimado de leitura":"2 minutos"},"schema":{"@context":"https:\/\/schema.org","@graph":[{"@type":"Article","@id":"http:\/\/maismagazine.pt\/index.php\/2024\/02\/23\/universidade-lusiada-2\/#article","isPartOf":{"@id":"http:\/\/maismagazine.pt\/index.php\/2024\/02\/23\/universidade-lusiada-2\/"},"author":{"name":"Tiago Costa","@id":"https:\/\/maismagazine.pt\/#\/schema\/person\/c6c5bfccc886434cbd11c74e035f9646"},"headline":"Universidade Lus\u00edada","datePublished":"2024-02-23T07:00:00+00:00","mainEntityOfPage":{"@id":"http:\/\/maismagazine.pt\/index.php\/2024\/02\/23\/universidade-lusiada-2\/"},"wordCount":269,"publisher":{"@id":"https:\/\/maismagazine.pt\/#organization"},"image":{"@id":"http:\/\/maismagazine.pt\/index.php\/2024\/02\/23\/universidade-lusiada-2\/#primaryimage"},"thumbnailUrl":"http:\/\/maismagazine.pt\/wp-content\/uploads\/2024\/02\/281716967_5026477264067906_4193957048261641550_n-1.jpg","keywords":["Universidade Lus\u00edada"],"articleSection":["publicidade"],"inLanguage":"pt-PT"},{"@type":"WebPage","@id":"http:\/\/maismagazine.pt\/index.php\/2024\/02\/23\/universidade-lusiada-2\/","url":"http:\/\/maismagazine.pt\/index.php\/2024\/02\/23\/universidade-lusiada-2\/","name":"Universidade Lus\u00edada - Mais Magazine","isPartOf":{"@id":"https:\/\/maismagazine.pt\/#website"},"primaryImageOfPage":{"@id":"http:\/\/maismagazine.pt\/index.php\/2024\/02\/23\/universidade-lusiada-2\/#primaryimage"},"image":{"@id":"http:\/\/maismagazine.pt\/index.php\/2024\/02\/23\/universidade-lusiada-2\/#primaryimage"},"thumbnailUrl":"http:\/\/maismagazine.pt\/wp-content\/uploads\/2024\/02\/281716967_5026477264067906_4193957048261641550_n-1.jpg","datePublished":"2024-02-23T07:00:00+00:00","description":"A Universidade Lus\u00edada, fundada em 1986, \u00e9 uma das mais antigas universidades privadas portuguesas e constitui uma refer\u00eancia hist\u00f3rica no movimento que impulsionou, consolidou e valorizou o ensino privado no sistema universit\u00e1rio portugu\u00eas. Desde muito cedo ganhou dimens\u00e3o nacional e internacional, tendo em funcionamento centros universit\u00e1rios nas duas principais cidades portuguesas (Lisboa e Porto) e ainda na cidade nortenha de Vila Nova de Famalic\u00e3o, onde instalou um polo universit\u00e1rio essencialmente tecnol\u00f3gico.","breadcrumb":{"@id":"http:\/\/maismagazine.pt\/index.php\/2024\/02\/23\/universidade-lusiada-2\/#breadcrumb"},"inLanguage":"pt-PT","potentialAction":[{"@type":"ReadAction","target":["http:\/\/maismagazine.pt\/index.php\/2024\/02\/23\/universidade-lusiada-2\/"]}]},{"@type":"ImageObject","inLanguage":"pt-PT","@id":"http:\/\/maismagazine.pt\/index.php\/2024\/02\/23\/universidade-lusiada-2\/#primaryimage","url":"http:\/\/maismagazine.pt\/wp-content\/uploads\/2024\/02\/281716967_5026477264067906_4193957048261641550_n-1.jpg","contentUrl":"http:\/\/maismagazine.pt\/wp-content\/uploads\/2024\/02\/281716967_5026477264067906_4193957048261641550_n-1.jpg","width":513,"height":513},{"@type":"BreadcrumbList","@id":"http:\/\/maismagazine.pt\/index.php\/2024\/02\/23\/universidade-lusiada-2\/#breadcrumb","itemListElement":[{"@type":"ListItem","position":1,"name":"Home","item":"https:\/\/maismagazine.pt\/"},{"@type":"ListItem","position":2,"name":"Universidade Lus\u00edada"}]},{"@type":"WebSite","@id":"https:\/\/maismagazine.pt\/#website","url":"https:\/\/maismagazine.pt\/","name":"Mais Magazine","description":"","publisher":{"@id":"https:\/\/maismagazine.pt\/#organization"},"potentialAction":[{"@type":"SearchAction","target":{"@type":"EntryPoint","urlTemplate":"https:\/\/maismagazine.pt\/?s={search_term_string}"},"query-input":{"@type":"PropertyValueSpecification","valueRequired":true,"valueName":"search_term_string"}}],"inLanguage":"pt-PT"},{"@type":"Organization","@id":"https:\/\/maismagazine.pt\/#organization","name":"Mais Magazine","url":"https:\/\/maismagazine.pt\/","logo":{"@type":"ImageObject","inLanguage":"pt-PT","@id":"https:\/\/maismagazine.pt\/#\/schema\/logo\/image\/","url":"http:\/\/maismagazine.pt\/wp-content\/uploads\/2020\/04\/cropped-cropped-mais-magazine-site-logo-2.png","contentUrl":"http:\/\/maismagazine.pt\/wp-content\/uploads\/2020\/04\/cropped-cropped-mais-magazine-site-logo-2.png","width":581,"height":90,"caption":"Mais Magazine"},"image":{"@id":"https:\/\/maismagazine.pt\/#\/schema\/logo\/image\/"}},{"@type":"Person","@id":"https:\/\/maismagazine.pt\/#\/schema\/person\/c6c5bfccc886434cbd11c74e035f9646","name":"Tiago Costa","image":{"@type":"ImageObject","inLanguage":"pt-PT","@id":"https:\/\/maismagazine.pt\/#\/schema\/person\/image\/","url":"https:\/\/secure.gravatar.com\/avatar\/c599b2bce16c9870429198cbad5ee022?s=96&d=mm&r=g","contentUrl":"https:\/\/secure.gravatar.com\/avatar\/c599b2bce16c9870429198cbad5ee022?s=96&d=mm&r=g","caption":"Tiago Costa"},"url":"http:\/\/maismagazine.pt\/index.php\/author\/tiago\/"}]}},"author_meta":{"display_name":false,"author_link":"http:\/\/maismagazine.pt\/index.php\/author\/tiago\/"},"featured_img":"http:\/\/maismagazine.pt\/wp-content\/uploads\/2024\/02\/281716967_5026477264067906_4193957048261641550_n-1-300x300.jpg","coauthors":[],"tax_additional":{"categories":{"linked":["<a href=\"http:\/\/maismagazine.pt\/index.php\/category\/publicidade\/\" class=\"advgb-post-tax-term\">publicidade<\/a>"],"unlinked":["<span class=\"advgb-post-tax-term\">publicidade<\/span>"]},"tags":{"linked":["<a href=\"http:\/\/maismagazine.pt\/index.php\/category\/publicidade\/\" class=\"advgb-post-tax-term\">Universidade Lus\u00edada<\/a>"],"unlinked":["<span class=\"advgb-post-tax-term\">Universidade Lus\u00edada<\/span>"]}},"comment_count":"0","relative_dates":{"created":"Posted 2 anos ago","modified":"Updated 2 anos ago"},"absolute_dates":{"created":"Posted on 23 de Fevereiro, 2024","modified":"Updated on 20 de Fevereiro, 2024"},"absolute_dates_time":{"created":"Posted on 23 de Fevereiro, 2024 7:00","modified":"Updated on 20 de Fevereiro, 2024 10:44"},"featured_img_caption":"","series_order":"","_links":{"self":[{"href":"http:\/\/maismagazine.pt\/index.php\/wp-json\/wp\/v2\/posts\/9004","targetHints":{"allow":["GET"]}}],"collection":[{"href":"http:\/\/maismagazine.pt\/index.php\/wp-json\/wp\/v2\/posts"}],"about":[{"href":"http:\/\/maismagazine.pt\/index.php\/wp-json\/wp\/v2\/types\/post"}],"author":[{"embeddable":true,"href":"http:\/\/maismagazine.pt\/index.php\/wp-json\/wp\/v2\/users\/17"}],"replies":[{"embeddable":true,"href":"http:\/\/maismagazine.pt\/index.php\/wp-json\/wp\/v2\/comments?post=9004"}],"version-history":[{"count":1,"href":"http:\/\/maismagazine.pt\/index.php\/wp-json\/wp\/v2\/posts\/9004\/revisions"}],"predecessor-version":[{"id":9007,"href":"http:\/\/maismagazine.pt\/index.php\/wp-json\/wp\/v2\/posts\/9004\/revisions\/9007"}],"wp:featuredmedia":[{"embeddable":true,"href":"http:\/\/maismagazine.pt\/index.php\/wp-json\/wp\/v2\/media\/9008"}],"wp:attachment":[{"href":"http:\/\/maismagazine.pt\/index.php\/wp-json\/wp\/v2\/media?parent=9004"}],"wp:term":[{"taxonomy":"category","embeddable":true,"href":"http:\/\/maismagazine.pt\/index.php\/wp-json\/wp\/v2\/categories?post=9004"},{"taxonomy":"post_tag","embeddable":true,"href":"http:\/\/maismagazine.pt\/index.php\/wp-json\/wp\/v2\/tags?post=9004"}],"curies":[{"name":"wp","href":"https:\/\/api.w.org\/{rel}","templated":true}]}}