{"id":8979,"date":"2024-02-23T07:00:00","date_gmt":"2024-02-23T07:00:00","guid":{"rendered":"https:\/\/maismagazine.pt\/?p=8979"},"modified":"2024-02-20T10:15:52","modified_gmt":"2024-02-20T10:15:52","slug":"fotografia-ensino-e-surf-a-aprimorada-simbiose-na-vida-de-joel-reis","status":"publish","type":"post","link":"http:\/\/maismagazine.pt\/index.php\/2024\/02\/23\/fotografia-ensino-e-surf-a-aprimorada-simbiose-na-vida-de-joel-reis\/","title":{"rendered":"Fotografia, ensino e surf, a aprimorada simbiose na vida de Joel Reis"},"content":{"rendered":"\n<p><strong>Ainda que seja na \u00e1rea da fotografia que Joel Reis mais se destaca, tendo j\u00e1 arrecadado v\u00e1rios galard\u00f5es nacionais e internacionais, o fot\u00f3grafo profissional da Costa da Caparica tem ainda o ensino e o surf como ingredientes fundamentais da sua vida. Movido pela adrenalina de fazer sempre mais, melhor e diferente, Joel Reis falou \u00e0 Mais Magazine sobre a forma como o contacto com as novas gera\u00e7\u00f5es o inspira e sobre aquela que \u00e9, para si, a melhor profiss\u00e3o do mundo: ser fot\u00f3grafo. <\/strong><\/p>\n\n\n\n<p><\/p>\n\n\n\n<p><strong>Como surgiu o gosto pela fotografia? Sempre foi um objetivo seguir por este ramo profissional? <\/strong><\/p>\n\n\n\n<p>Eu costumo dizer que nasci fot\u00f3grafo e surfista. Entre muitas outras paix\u00f5es, estas acompanharam-me toda a minha vida, muito antes de pensar em fazer disso dinheiro para pagar as contas. Ainda assim, a primeira vez que me perguntaram: o que queres ser quando fores grande? A minha resposta foi (e ainda subscrevo): Professor!<\/p>\n\n\n\n<p><\/p>\n\n\n\n<p><strong>Para si, o que lhe fascina no mundo da fotografia? O que o fez apaixonar pela \u00e1rea?<\/strong><\/p>\n\n\n\n<p>\u00c9 a melhor profiss\u00e3o do mundo, podes avan\u00e7ar por in\u00fameras \u00e1reas e abordagens e \u00e9 virtualmente imposs\u00edvel aborreceres-te. E a partir dela, \u201cdesbloqueio\u201d outras igualmente divertidas. Por exemplo, j\u00e1 lancei uma revista on-line (moda e lifestyle), j\u00e1 fiz dire\u00e7\u00e3o de fotografia em cinema, em spots publicit\u00e1rios para a TV, j\u00e1 realizei filmes de surf (\u00e9 outra das minhas grandes paix\u00f5es), j\u00e1 fiz produ\u00e7\u00e3o para programas televisivos e, claro, tamb\u00e9m partilhei experi\u00eancias e conhecimentos com muitos alunos. Gosto de navegar pela fotografia de arquitetura (outra paix\u00e3o acad\u00e9mica), depois poder fazer retrato, fazer editoriais de moda, imaginar e fotografar uma campanha publicit\u00e1ria, fotografar concertos e festivais de m\u00fasica, fotografar surf dentro de \u00e1gua ou na praia, fotografar BTT e, de certeza, que me estou a esquecer de mais alguma \u00e1rea a que me dedico&#8230; enfim, n\u00e3o h\u00e1 um dia mon\u00f3tono para quem quer fazer bem, coisas diferentes. <\/p>\n\n\n\n<p><\/p>\n\n\n\n<p><strong>Que trabalhos fotogr\u00e1ficos fez durante a sua carreira e que, pelo seu especial significado, gostaria de destacar?<\/strong><\/p>\n\n\n\n<p>O pr\u00f3ximo \u00e9 sempre o mais especial. Sempre o pr\u00f3ximo. J\u00e1 fiz coisas giras, tais como algumas que atr\u00e1s referi&#8230;, mas a adrenalina est\u00e1 no futuro, em fazer diferente e melhor, se poss\u00edvel. Claro que j\u00e1 fiz algumas ex-posi\u00e7\u00f5es fotogr\u00e1ficas, ganhei pr\u00e9mios nacionais, internacionais na fotografia e tamb\u00e9m no cinema, mas tudo isso \u00e9 muito giro na altura, mas em nada mudou a minha vida. <\/p>\n\n\n<div class=\"wp-block-image\">\n<figure class=\"aligncenter size-full\"><img loading=\"lazy\" decoding=\"async\" width=\"357\" height=\"536\" src=\"https:\/\/maismagazine.pt\/wp-content\/uploads\/2024\/02\/Foto-Joel-Reis-3.jpg\" alt=\"\" class=\"wp-image-8980\" style=\"aspect-ratio:0.6660447761194029\" srcset=\"http:\/\/maismagazine.pt\/wp-content\/uploads\/2024\/02\/Foto-Joel-Reis-3.jpg 357w, http:\/\/maismagazine.pt\/wp-content\/uploads\/2024\/02\/Foto-Joel-Reis-3-200x300.jpg 200w\" sizes=\"auto, (max-width: 357px) 100vw, 357px\" \/><figcaption class=\"wp-element-caption\">Fotografia de Joel Reis<\/figcaption><\/figure><\/div>\n\n\n<p><\/p>\n\n\n\n<p><strong>Para al\u00e9m de fot\u00f3grafo profissional \u00e9 ainda professor na ETIC de Faro, na Escola Profissional de Imagem em Lisboa (EPI), e formador pontualmente na FLAG, tamb\u00e9m em Lisboa. Como surgiu a oportunidade de aliar a fotografia ao ensino?  <\/strong><\/p>\n\n\n\n<p>Sempre gostei de ensinar, coisa que fiz ao longo da vida em diferentes \u00e1reas. \u00c9 tamb\u00e9m uma das minhas fontes de inspira\u00e7\u00e3o, poder lidar com alunos jovens e poder deixar-me influenciar pela irrever\u00eancia, criatividade e ideias de quem est\u00e1 a come\u00e7ar e n\u00e3o tem nada a perder, mas tudo quer provar. Sou f\u00e3 das novas gera\u00e7\u00f5es e da forma como abordam os temas, sem amarras e preconceitos. A forma como alguns, com poucos meios, conseguem apresentar obras boas e \u00e2ngulos originais. Gosto e cultivo a ideia de que nem sempre \u00e9 imprescind\u00edvel muitos e dispendiosos meios para fazer um bom trabalho criativo. <\/p>\n\n\n\n<p><\/p>\n\n\n\n<p><strong>Quem quiser recorrer aos seus trabalhos, como o pode contactar? <\/strong><\/p>\n\n\n\n<p>Obviamente atrav\u00e9s das redes sociais, tais como, por exemplo, o Instagram: @joelreisphE do site &#8211; <a href=\"https:\/\/joelrreis.wixsite.com\/joelreis\">www.joelrreis.wixsite.com<\/a> &#8211; que tem links para outras plataformas criativas. <\/p>\n\n\n\n<p><\/p>\n\n\n<div class=\"wp-block-image\">\n<figure class=\"aligncenter size-full is-resized\"><img loading=\"lazy\" decoding=\"async\" width=\"582\" height=\"224\" src=\"https:\/\/maismagazine.pt\/wp-content\/uploads\/2024\/02\/logo-1.png\" alt=\"\" class=\"wp-image-8981\" style=\"aspect-ratio:2.5982142857142856;width:307px;height:auto\" srcset=\"http:\/\/maismagazine.pt\/wp-content\/uploads\/2024\/02\/logo-1.png 582w, http:\/\/maismagazine.pt\/wp-content\/uploads\/2024\/02\/logo-1-300x115.png 300w\" sizes=\"auto, (max-width: 582px) 100vw, 582px\" \/><\/figure><\/div>","protected":false},"excerpt":{"rendered":"<p>Ainda que seja na \u00e1rea da fotografia que Joel Reis mais se destaca, tendo j\u00e1 arrecadado v\u00e1rios galard\u00f5es nacionais e internacionais, o fot\u00f3grafo profissional da Costa da Caparica tem ainda o ensino e o surf como ingredientes fundamentais da sua vida. Movido pela adrenalina de fazer sempre mais, melhor e&hellip;<\/p>\n","protected":false},"author":17,"featured_media":8982,"comment_status":"closed","ping_status":"open","sticky":false,"template":"","format":"standard","meta":{"advgb_blocks_editor_width":"","advgb_blocks_columns_visual_guide":"","_monsterinsights_skip_tracking":false,"_monsterinsights_sitenote_active":false,"_monsterinsights_sitenote_note":"","_monsterinsights_sitenote_category":0,"footnotes":""},"categories":[149],"tags":[1860],"class_list":["post-8979","post","type-post","status-publish","format-standard","has-post-thumbnail","hentry","category-educacao","tag-joel-reis"],"yoast_head":"<!-- This site is optimized with the Yoast SEO plugin v24.4 - https:\/\/yoast.com\/wordpress\/plugins\/seo\/ -->\n<title>Fotografia, ensino e surf, a aprimorada simbiose na vida de Joel Reis - Mais Magazine<\/title>\n<meta name=\"description\" content=\"Ainda que seja na \u00e1rea da fotografia que Joel Reis mais se destaca, tendo j\u00e1 arrecadado v\u00e1rios galard\u00f5es nacionais e internacionais, o fot\u00f3grafo profissional da Costa da Caparica tem ainda o ensino e o surf como ingredientes fundamentais da sua vida. Movido pela adrenalina de fazer sempre mais, melhor e diferente, Joel Reis falou \u00e0 Mais Magazine sobre a forma como o contacto com as novas gera\u00e7\u00f5es o inspira e sobre aquela que \u00e9, para si, a melhor profiss\u00e3o do mundo: ser fot\u00f3grafo.\" \/>\n<meta name=\"robots\" content=\"index, follow, max-snippet:-1, max-image-preview:large, max-video-preview:-1\" \/>\n<link rel=\"canonical\" href=\"http:\/\/maismagazine.pt\/index.php\/2024\/02\/23\/fotografia-ensino-e-surf-a-aprimorada-simbiose-na-vida-de-joel-reis\/\" \/>\n<meta property=\"og:locale\" content=\"pt_PT\" \/>\n<meta property=\"og:type\" content=\"article\" \/>\n<meta property=\"og:title\" content=\"Fotografia, ensino e surf, a aprimorada simbiose na vida de Joel Reis - Mais Magazine\" \/>\n<meta property=\"og:description\" content=\"Ainda que seja na \u00e1rea da fotografia que Joel Reis mais se destaca, tendo j\u00e1 arrecadado v\u00e1rios galard\u00f5es nacionais e internacionais, o fot\u00f3grafo profissional da Costa da Caparica tem ainda o ensino e o surf como ingredientes fundamentais da sua vida. Movido pela adrenalina de fazer sempre mais, melhor e diferente, Joel Reis falou \u00e0 Mais Magazine sobre a forma como o contacto com as novas gera\u00e7\u00f5es o inspira e sobre aquela que \u00e9, para si, a melhor profiss\u00e3o do mundo: ser fot\u00f3grafo.\" \/>\n<meta property=\"og:url\" content=\"http:\/\/maismagazine.pt\/index.php\/2024\/02\/23\/fotografia-ensino-e-surf-a-aprimorada-simbiose-na-vida-de-joel-reis\/\" \/>\n<meta property=\"og:site_name\" content=\"Mais Magazine\" \/>\n<meta property=\"article:published_time\" content=\"2024-02-23T07:00:00+00:00\" \/>\n<meta property=\"og:image\" content=\"http:\/\/maismagazine.pt\/wp-content\/uploads\/2024\/02\/Joel-Reis.jpg\" \/>\n\t<meta property=\"og:image:width\" content=\"730\" \/>\n\t<meta property=\"og:image:height\" content=\"479\" \/>\n\t<meta property=\"og:image:type\" content=\"image\/jpeg\" \/>\n<meta name=\"author\" content=\"Tiago Costa\" \/>\n<meta name=\"twitter:card\" content=\"summary_large_image\" \/>\n<meta name=\"twitter:label1\" content=\"Escrito por\" \/>\n\t<meta name=\"twitter:data1\" content=\"\" \/>\n\t<meta name=\"twitter:label2\" content=\"Tempo estimado de leitura\" \/>\n\t<meta name=\"twitter:data2\" content=\"4 minutos\" \/>\n<script type=\"application\/ld+json\" class=\"yoast-schema-graph\">{\"@context\":\"https:\/\/schema.org\",\"@graph\":[{\"@type\":\"Article\",\"@id\":\"http:\/\/maismagazine.pt\/index.php\/2024\/02\/23\/fotografia-ensino-e-surf-a-aprimorada-simbiose-na-vida-de-joel-reis\/#article\",\"isPartOf\":{\"@id\":\"http:\/\/maismagazine.pt\/index.php\/2024\/02\/23\/fotografia-ensino-e-surf-a-aprimorada-simbiose-na-vida-de-joel-reis\/\"},\"author\":{\"name\":\"Tiago Costa\",\"@id\":\"http:\/\/maismagazine.pt\/#\/schema\/person\/c6c5bfccc886434cbd11c74e035f9646\"},\"headline\":\"Fotografia, ensino e surf, a aprimorada simbiose na vida de Joel Reis\",\"datePublished\":\"2024-02-23T07:00:00+00:00\",\"mainEntityOfPage\":{\"@id\":\"http:\/\/maismagazine.pt\/index.php\/2024\/02\/23\/fotografia-ensino-e-surf-a-aprimorada-simbiose-na-vida-de-joel-reis\/\"},\"wordCount\":622,\"publisher\":{\"@id\":\"http:\/\/maismagazine.pt\/#organization\"},\"image\":{\"@id\":\"http:\/\/maismagazine.pt\/index.php\/2024\/02\/23\/fotografia-ensino-e-surf-a-aprimorada-simbiose-na-vida-de-joel-reis\/#primaryimage\"},\"thumbnailUrl\":\"http:\/\/maismagazine.pt\/wp-content\/uploads\/2024\/02\/Joel-Reis.jpg\",\"keywords\":[\"Joel reis\"],\"articleSection\":[\"Educa\u00e7\u00e3o\"],\"inLanguage\":\"pt-PT\"},{\"@type\":\"WebPage\",\"@id\":\"http:\/\/maismagazine.pt\/index.php\/2024\/02\/23\/fotografia-ensino-e-surf-a-aprimorada-simbiose-na-vida-de-joel-reis\/\",\"url\":\"http:\/\/maismagazine.pt\/index.php\/2024\/02\/23\/fotografia-ensino-e-surf-a-aprimorada-simbiose-na-vida-de-joel-reis\/\",\"name\":\"Fotografia, ensino e surf, a aprimorada simbiose na vida de Joel Reis - Mais Magazine\",\"isPartOf\":{\"@id\":\"http:\/\/maismagazine.pt\/#website\"},\"primaryImageOfPage\":{\"@id\":\"http:\/\/maismagazine.pt\/index.php\/2024\/02\/23\/fotografia-ensino-e-surf-a-aprimorada-simbiose-na-vida-de-joel-reis\/#primaryimage\"},\"image\":{\"@id\":\"http:\/\/maismagazine.pt\/index.php\/2024\/02\/23\/fotografia-ensino-e-surf-a-aprimorada-simbiose-na-vida-de-joel-reis\/#primaryimage\"},\"thumbnailUrl\":\"http:\/\/maismagazine.pt\/wp-content\/uploads\/2024\/02\/Joel-Reis.jpg\",\"datePublished\":\"2024-02-23T07:00:00+00:00\",\"description\":\"Ainda que seja na \u00e1rea da fotografia que Joel Reis mais se destaca, tendo j\u00e1 arrecadado v\u00e1rios galard\u00f5es nacionais e internacionais, o fot\u00f3grafo profissional da Costa da Caparica tem ainda o ensino e o surf como ingredientes fundamentais da sua vida. Movido pela adrenalina de fazer sempre mais, melhor e diferente, Joel Reis falou \u00e0 Mais Magazine sobre a forma como o contacto com as novas gera\u00e7\u00f5es o inspira e sobre aquela que \u00e9, para si, a melhor profiss\u00e3o do mundo: ser fot\u00f3grafo.\",\"breadcrumb\":{\"@id\":\"http:\/\/maismagazine.pt\/index.php\/2024\/02\/23\/fotografia-ensino-e-surf-a-aprimorada-simbiose-na-vida-de-joel-reis\/#breadcrumb\"},\"inLanguage\":\"pt-PT\",\"potentialAction\":[{\"@type\":\"ReadAction\",\"target\":[\"http:\/\/maismagazine.pt\/index.php\/2024\/02\/23\/fotografia-ensino-e-surf-a-aprimorada-simbiose-na-vida-de-joel-reis\/\"]}]},{\"@type\":\"ImageObject\",\"inLanguage\":\"pt-PT\",\"@id\":\"http:\/\/maismagazine.pt\/index.php\/2024\/02\/23\/fotografia-ensino-e-surf-a-aprimorada-simbiose-na-vida-de-joel-reis\/#primaryimage\",\"url\":\"http:\/\/maismagazine.pt\/wp-content\/uploads\/2024\/02\/Joel-Reis.jpg\",\"contentUrl\":\"http:\/\/maismagazine.pt\/wp-content\/uploads\/2024\/02\/Joel-Reis.jpg\",\"width\":730,\"height\":479},{\"@type\":\"BreadcrumbList\",\"@id\":\"http:\/\/maismagazine.pt\/index.php\/2024\/02\/23\/fotografia-ensino-e-surf-a-aprimorada-simbiose-na-vida-de-joel-reis\/#breadcrumb\",\"itemListElement\":[{\"@type\":\"ListItem\",\"position\":1,\"name\":\"Home\",\"item\":\"http:\/\/maismagazine.pt\/\"},{\"@type\":\"ListItem\",\"position\":2,\"name\":\"Fotografia, ensino e surf, a aprimorada simbiose na vida de Joel Reis\"}]},{\"@type\":\"WebSite\",\"@id\":\"http:\/\/maismagazine.pt\/#website\",\"url\":\"http:\/\/maismagazine.pt\/\",\"name\":\"Mais Magazine\",\"description\":\"\",\"publisher\":{\"@id\":\"http:\/\/maismagazine.pt\/#organization\"},\"potentialAction\":[{\"@type\":\"SearchAction\",\"target\":{\"@type\":\"EntryPoint\",\"urlTemplate\":\"http:\/\/maismagazine.pt\/?s={search_term_string}\"},\"query-input\":{\"@type\":\"PropertyValueSpecification\",\"valueRequired\":true,\"valueName\":\"search_term_string\"}}],\"inLanguage\":\"pt-PT\"},{\"@type\":\"Organization\",\"@id\":\"http:\/\/maismagazine.pt\/#organization\",\"name\":\"Mais Magazine\",\"url\":\"http:\/\/maismagazine.pt\/\",\"logo\":{\"@type\":\"ImageObject\",\"inLanguage\":\"pt-PT\",\"@id\":\"http:\/\/maismagazine.pt\/#\/schema\/logo\/image\/\",\"url\":\"http:\/\/maismagazine.pt\/wp-content\/uploads\/2020\/04\/cropped-cropped-mais-magazine-site-logo-2.png\",\"contentUrl\":\"http:\/\/maismagazine.pt\/wp-content\/uploads\/2020\/04\/cropped-cropped-mais-magazine-site-logo-2.png\",\"width\":581,\"height\":90,\"caption\":\"Mais Magazine\"},\"image\":{\"@id\":\"http:\/\/maismagazine.pt\/#\/schema\/logo\/image\/\"}},{\"@type\":\"Person\",\"@id\":\"http:\/\/maismagazine.pt\/#\/schema\/person\/c6c5bfccc886434cbd11c74e035f9646\",\"name\":\"Tiago Costa\",\"image\":{\"@type\":\"ImageObject\",\"inLanguage\":\"pt-PT\",\"@id\":\"http:\/\/maismagazine.pt\/#\/schema\/person\/image\/\",\"url\":\"https:\/\/secure.gravatar.com\/avatar\/c599b2bce16c9870429198cbad5ee022?s=96&d=mm&r=g\",\"contentUrl\":\"https:\/\/secure.gravatar.com\/avatar\/c599b2bce16c9870429198cbad5ee022?s=96&d=mm&r=g\",\"caption\":\"Tiago Costa\"},\"url\":\"http:\/\/maismagazine.pt\/index.php\/author\/tiago\/\"}]}<\/script>\n<!-- \/ Yoast SEO plugin. -->","yoast_head_json":{"title":"Fotografia, ensino e surf, a aprimorada simbiose na vida de Joel Reis - Mais Magazine","description":"Ainda que seja na \u00e1rea da fotografia que Joel Reis mais se destaca, tendo j\u00e1 arrecadado v\u00e1rios galard\u00f5es nacionais e internacionais, o fot\u00f3grafo profissional da Costa da Caparica tem ainda o ensino e o surf como ingredientes fundamentais da sua vida. Movido pela adrenalina de fazer sempre mais, melhor e diferente, Joel Reis falou \u00e0 Mais Magazine sobre a forma como o contacto com as novas gera\u00e7\u00f5es o inspira e sobre aquela que \u00e9, para si, a melhor profiss\u00e3o do mundo: ser fot\u00f3grafo.","robots":{"index":"index","follow":"follow","max-snippet":"max-snippet:-1","max-image-preview":"max-image-preview:large","max-video-preview":"max-video-preview:-1"},"canonical":"http:\/\/maismagazine.pt\/index.php\/2024\/02\/23\/fotografia-ensino-e-surf-a-aprimorada-simbiose-na-vida-de-joel-reis\/","og_locale":"pt_PT","og_type":"article","og_title":"Fotografia, ensino e surf, a aprimorada simbiose na vida de Joel Reis - Mais Magazine","og_description":"Ainda que seja na \u00e1rea da fotografia que Joel Reis mais se destaca, tendo j\u00e1 arrecadado v\u00e1rios galard\u00f5es nacionais e internacionais, o fot\u00f3grafo profissional da Costa da Caparica tem ainda o ensino e o surf como ingredientes fundamentais da sua vida. Movido pela adrenalina de fazer sempre mais, melhor e diferente, Joel Reis falou \u00e0 Mais Magazine sobre a forma como o contacto com as novas gera\u00e7\u00f5es o inspira e sobre aquela que \u00e9, para si, a melhor profiss\u00e3o do mundo: ser fot\u00f3grafo.","og_url":"http:\/\/maismagazine.pt\/index.php\/2024\/02\/23\/fotografia-ensino-e-surf-a-aprimorada-simbiose-na-vida-de-joel-reis\/","og_site_name":"Mais Magazine","article_published_time":"2024-02-23T07:00:00+00:00","og_image":[{"width":730,"height":479,"url":"http:\/\/maismagazine.pt\/wp-content\/uploads\/2024\/02\/Joel-Reis.jpg","type":"image\/jpeg"}],"author":"Tiago Costa","twitter_card":"summary_large_image","twitter_misc":{"Escrito por":false,"Tempo estimado de leitura":"4 minutos"},"schema":{"@context":"https:\/\/schema.org","@graph":[{"@type":"Article","@id":"http:\/\/maismagazine.pt\/index.php\/2024\/02\/23\/fotografia-ensino-e-surf-a-aprimorada-simbiose-na-vida-de-joel-reis\/#article","isPartOf":{"@id":"http:\/\/maismagazine.pt\/index.php\/2024\/02\/23\/fotografia-ensino-e-surf-a-aprimorada-simbiose-na-vida-de-joel-reis\/"},"author":{"name":"Tiago Costa","@id":"http:\/\/maismagazine.pt\/#\/schema\/person\/c6c5bfccc886434cbd11c74e035f9646"},"headline":"Fotografia, ensino e surf, a aprimorada simbiose na vida de Joel Reis","datePublished":"2024-02-23T07:00:00+00:00","mainEntityOfPage":{"@id":"http:\/\/maismagazine.pt\/index.php\/2024\/02\/23\/fotografia-ensino-e-surf-a-aprimorada-simbiose-na-vida-de-joel-reis\/"},"wordCount":622,"publisher":{"@id":"http:\/\/maismagazine.pt\/#organization"},"image":{"@id":"http:\/\/maismagazine.pt\/index.php\/2024\/02\/23\/fotografia-ensino-e-surf-a-aprimorada-simbiose-na-vida-de-joel-reis\/#primaryimage"},"thumbnailUrl":"http:\/\/maismagazine.pt\/wp-content\/uploads\/2024\/02\/Joel-Reis.jpg","keywords":["Joel reis"],"articleSection":["Educa\u00e7\u00e3o"],"inLanguage":"pt-PT"},{"@type":"WebPage","@id":"http:\/\/maismagazine.pt\/index.php\/2024\/02\/23\/fotografia-ensino-e-surf-a-aprimorada-simbiose-na-vida-de-joel-reis\/","url":"http:\/\/maismagazine.pt\/index.php\/2024\/02\/23\/fotografia-ensino-e-surf-a-aprimorada-simbiose-na-vida-de-joel-reis\/","name":"Fotografia, ensino e surf, a aprimorada simbiose na vida de Joel Reis - Mais Magazine","isPartOf":{"@id":"http:\/\/maismagazine.pt\/#website"},"primaryImageOfPage":{"@id":"http:\/\/maismagazine.pt\/index.php\/2024\/02\/23\/fotografia-ensino-e-surf-a-aprimorada-simbiose-na-vida-de-joel-reis\/#primaryimage"},"image":{"@id":"http:\/\/maismagazine.pt\/index.php\/2024\/02\/23\/fotografia-ensino-e-surf-a-aprimorada-simbiose-na-vida-de-joel-reis\/#primaryimage"},"thumbnailUrl":"http:\/\/maismagazine.pt\/wp-content\/uploads\/2024\/02\/Joel-Reis.jpg","datePublished":"2024-02-23T07:00:00+00:00","description":"Ainda que seja na \u00e1rea da fotografia que Joel Reis mais se destaca, tendo j\u00e1 arrecadado v\u00e1rios galard\u00f5es nacionais e internacionais, o fot\u00f3grafo profissional da Costa da Caparica tem ainda o ensino e o surf como ingredientes fundamentais da sua vida. Movido pela adrenalina de fazer sempre mais, melhor e diferente, Joel Reis falou \u00e0 Mais Magazine sobre a forma como o contacto com as novas gera\u00e7\u00f5es o inspira e sobre aquela que \u00e9, para si, a melhor profiss\u00e3o do mundo: ser fot\u00f3grafo.","breadcrumb":{"@id":"http:\/\/maismagazine.pt\/index.php\/2024\/02\/23\/fotografia-ensino-e-surf-a-aprimorada-simbiose-na-vida-de-joel-reis\/#breadcrumb"},"inLanguage":"pt-PT","potentialAction":[{"@type":"ReadAction","target":["http:\/\/maismagazine.pt\/index.php\/2024\/02\/23\/fotografia-ensino-e-surf-a-aprimorada-simbiose-na-vida-de-joel-reis\/"]}]},{"@type":"ImageObject","inLanguage":"pt-PT","@id":"http:\/\/maismagazine.pt\/index.php\/2024\/02\/23\/fotografia-ensino-e-surf-a-aprimorada-simbiose-na-vida-de-joel-reis\/#primaryimage","url":"http:\/\/maismagazine.pt\/wp-content\/uploads\/2024\/02\/Joel-Reis.jpg","contentUrl":"http:\/\/maismagazine.pt\/wp-content\/uploads\/2024\/02\/Joel-Reis.jpg","width":730,"height":479},{"@type":"BreadcrumbList","@id":"http:\/\/maismagazine.pt\/index.php\/2024\/02\/23\/fotografia-ensino-e-surf-a-aprimorada-simbiose-na-vida-de-joel-reis\/#breadcrumb","itemListElement":[{"@type":"ListItem","position":1,"name":"Home","item":"http:\/\/maismagazine.pt\/"},{"@type":"ListItem","position":2,"name":"Fotografia, ensino e surf, a aprimorada simbiose na vida de Joel Reis"}]},{"@type":"WebSite","@id":"http:\/\/maismagazine.pt\/#website","url":"http:\/\/maismagazine.pt\/","name":"Mais Magazine","description":"","publisher":{"@id":"http:\/\/maismagazine.pt\/#organization"},"potentialAction":[{"@type":"SearchAction","target":{"@type":"EntryPoint","urlTemplate":"http:\/\/maismagazine.pt\/?s={search_term_string}"},"query-input":{"@type":"PropertyValueSpecification","valueRequired":true,"valueName":"search_term_string"}}],"inLanguage":"pt-PT"},{"@type":"Organization","@id":"http:\/\/maismagazine.pt\/#organization","name":"Mais Magazine","url":"http:\/\/maismagazine.pt\/","logo":{"@type":"ImageObject","inLanguage":"pt-PT","@id":"http:\/\/maismagazine.pt\/#\/schema\/logo\/image\/","url":"http:\/\/maismagazine.pt\/wp-content\/uploads\/2020\/04\/cropped-cropped-mais-magazine-site-logo-2.png","contentUrl":"http:\/\/maismagazine.pt\/wp-content\/uploads\/2020\/04\/cropped-cropped-mais-magazine-site-logo-2.png","width":581,"height":90,"caption":"Mais Magazine"},"image":{"@id":"http:\/\/maismagazine.pt\/#\/schema\/logo\/image\/"}},{"@type":"Person","@id":"http:\/\/maismagazine.pt\/#\/schema\/person\/c6c5bfccc886434cbd11c74e035f9646","name":"Tiago Costa","image":{"@type":"ImageObject","inLanguage":"pt-PT","@id":"http:\/\/maismagazine.pt\/#\/schema\/person\/image\/","url":"https:\/\/secure.gravatar.com\/avatar\/c599b2bce16c9870429198cbad5ee022?s=96&d=mm&r=g","contentUrl":"https:\/\/secure.gravatar.com\/avatar\/c599b2bce16c9870429198cbad5ee022?s=96&d=mm&r=g","caption":"Tiago Costa"},"url":"http:\/\/maismagazine.pt\/index.php\/author\/tiago\/"}]}},"author_meta":{"display_name":false,"author_link":"http:\/\/maismagazine.pt\/index.php\/author\/tiago\/"},"featured_img":"http:\/\/maismagazine.pt\/wp-content\/uploads\/2024\/02\/Joel-Reis-300x197.jpg","coauthors":[],"tax_additional":{"categories":{"linked":["<a href=\"http:\/\/maismagazine.pt\/index.php\/category\/educacao\/\" class=\"advgb-post-tax-term\">Educa\u00e7\u00e3o<\/a>"],"unlinked":["<span class=\"advgb-post-tax-term\">Educa\u00e7\u00e3o<\/span>"]},"tags":{"linked":["<a href=\"http:\/\/maismagazine.pt\/index.php\/category\/educacao\/\" class=\"advgb-post-tax-term\">Joel reis<\/a>"],"unlinked":["<span class=\"advgb-post-tax-term\">Joel reis<\/span>"]}},"comment_count":"0","relative_dates":{"created":"Posted 2 anos ago","modified":"Updated 2 anos ago"},"absolute_dates":{"created":"Posted on 23 de Fevereiro, 2024","modified":"Updated on 20 de Fevereiro, 2024"},"absolute_dates_time":{"created":"Posted on 23 de Fevereiro, 2024 7:00","modified":"Updated on 20 de Fevereiro, 2024 10:15"},"featured_img_caption":"","series_order":"","_links":{"self":[{"href":"http:\/\/maismagazine.pt\/index.php\/wp-json\/wp\/v2\/posts\/8979","targetHints":{"allow":["GET"]}}],"collection":[{"href":"http:\/\/maismagazine.pt\/index.php\/wp-json\/wp\/v2\/posts"}],"about":[{"href":"http:\/\/maismagazine.pt\/index.php\/wp-json\/wp\/v2\/types\/post"}],"author":[{"embeddable":true,"href":"http:\/\/maismagazine.pt\/index.php\/wp-json\/wp\/v2\/users\/17"}],"replies":[{"embeddable":true,"href":"http:\/\/maismagazine.pt\/index.php\/wp-json\/wp\/v2\/comments?post=8979"}],"version-history":[{"count":2,"href":"http:\/\/maismagazine.pt\/index.php\/wp-json\/wp\/v2\/posts\/8979\/revisions"}],"predecessor-version":[{"id":8984,"href":"http:\/\/maismagazine.pt\/index.php\/wp-json\/wp\/v2\/posts\/8979\/revisions\/8984"}],"wp:featuredmedia":[{"embeddable":true,"href":"http:\/\/maismagazine.pt\/index.php\/wp-json\/wp\/v2\/media\/8982"}],"wp:attachment":[{"href":"http:\/\/maismagazine.pt\/index.php\/wp-json\/wp\/v2\/media?parent=8979"}],"wp:term":[{"taxonomy":"category","embeddable":true,"href":"http:\/\/maismagazine.pt\/index.php\/wp-json\/wp\/v2\/categories?post=8979"},{"taxonomy":"post_tag","embeddable":true,"href":"http:\/\/maismagazine.pt\/index.php\/wp-json\/wp\/v2\/tags?post=8979"}],"curies":[{"name":"wp","href":"https:\/\/api.w.org\/{rel}","templated":true}]}}