{"id":8930,"date":"2024-02-20T09:09:27","date_gmt":"2024-02-20T09:09:27","guid":{"rendered":"https:\/\/maismagazine.pt\/?p=8930"},"modified":"2024-02-20T09:09:28","modified_gmt":"2024-02-20T09:09:28","slug":"universidade-de-evora-recebe-exposicao-itinerante-primaveras-estudantis","status":"publish","type":"post","link":"http:\/\/maismagazine.pt\/index.php\/2024\/02\/20\/universidade-de-evora-recebe-exposicao-itinerante-primaveras-estudantis\/","title":{"rendered":"Universidade de \u00c9vora recebe Exposi\u00e7\u00e3o Itinerante \u201cPrimaveras Estudantis\u201d"},"content":{"rendered":"\n<p><strong>Coordenada por \u00c1lvaro Garrido, professor de Hist\u00f3ria da Faculdade de Economia da Universidade de Coimbra, a exposi\u00e7\u00e3o itinerante \u201cPrimaveras Estudantis\u201d que inaugura na Universidade de \u00c9vora no pr\u00f3ximo dia 22 de fevereiro, \u00e0s 16h30m, na sala dos Docentes do Col\u00e9gio do Esp\u00edrito Santo, revisita a cronologia deste movimento de oposi\u00e7\u00e3o \u00e0 ditadura do Estado Novo e o seu papel na constru\u00e7\u00e3o da democracia.<\/strong><\/p>\n\n\n\n<p><\/p>\n\n\n\n<p>\u201cEncontrando-se a Universidade de \u00c9vora a assinalar o cinquenten\u00e1rio da cria\u00e7\u00e3o do Instituto Universit\u00e1rio de \u00c9vora que permitiu o ressurgimento desta Universidade em meados dos anos setenta do s\u00e9culo passado, a inaugura\u00e7\u00e3o desta exposi\u00e7\u00e3o que evoca um momento fundamental da democracia portuguesa reveste-se de especial significado\u201d sublinha Herm\u00ednia Vasconcelos Vilar, reitora da Universidade de \u00c9vora.<\/p>\n\n\n\n<p><\/p>\n\n\n\n<p>A Estrutura de Miss\u00e3o para as Comemora\u00e7\u00f5es do Quinquag\u00e9simo Anivers\u00e1rio da Revolu\u00e7\u00e3o de 25 de Abril de 1974, frisa que \u201cos movimentos estudantis deram um contributo inequ\u00edvoco para o questionamento e a fragiliza\u00e7\u00e3o da ditadura do Estado Novo e para a democratiza\u00e7\u00e3o do Pa\u00eds. Movimentos sociais muito ligados \u00e0 evolu\u00e7\u00e3o da cultura juvenil e \u00e0 natureza ef\u00e9mera das pr\u00e1ticas estudantis das oposi\u00e7\u00f5es ao regime durante os anos da II Guerra Mundial e de ent\u00e3o por diante, com uma express\u00e3o contundente em 1961 e 1969\u201d pelo que esta exposi\u00e7\u00e3o mostra que \u201c os anos finais da ditadura foram tempos de movimentos estudantis sucessivos, apesar do Governo, querendo circunscrev\u00ea-los num tempo com princ\u00edpio e fim, os designar, eufemisticamente, como \u00abcrises acad\u00e9micas\u00bb\u201d. \u00a0<\/p>\n\n\n\n<p><\/p>\n\n\n\n<p>A exposi\u00e7\u00e3o, inclui documentos com elevado valor hist\u00f3rico, alguns dos quais in\u00e9ditos, recolhidos em cole\u00e7\u00f5es privadas e arquivos pessoais. Os acontecimentos s\u00e3o recordados atrav\u00e9s de filmes, entrevistas, textos, fotografias e autocolantes. Criou-se tamb\u00e9m um mural de homenagem aos estudantes presos e expulsos do pa\u00eds durante a ditadura.<\/p>\n","protected":false},"excerpt":{"rendered":"<p>Coordenada por \u00c1lvaro Garrido, professor de Hist\u00f3ria da Faculdade de Economia da Universidade de Coimbra, a exposi\u00e7\u00e3o itinerante \u201cPrimaveras Estudantis\u201d que inaugura na Universidade de \u00c9vora no pr\u00f3ximo dia 22 de fevereiro, \u00e0s 16h30m, na sala dos Docentes do Col\u00e9gio do Esp\u00edrito Santo, revisita a cronologia deste movimento de oposi\u00e7\u00e3o&hellip;<\/p>\n","protected":false},"author":18,"featured_media":8931,"comment_status":"closed","ping_status":"open","sticky":false,"template":"","format":"standard","meta":{"advgb_blocks_editor_width":"","advgb_blocks_columns_visual_guide":"","_monsterinsights_skip_tracking":false,"_monsterinsights_sitenote_active":false,"_monsterinsights_sitenote_note":"","_monsterinsights_sitenote_category":0,"footnotes":""},"categories":[7],"tags":[525,521,680,1856,1529],"class_list":["post-8930","post","type-post","status-publish","format-standard","has-post-thumbnail","hentry","category-noticias","tag-educacao","tag-ensino","tag-evora","tag-exposicao","tag-universidade-de-evora"],"yoast_head":"<!-- This site is optimized with the Yoast SEO plugin v24.4 - https:\/\/yoast.com\/wordpress\/plugins\/seo\/ -->\n<title>Universidade de \u00c9vora recebe Exposi\u00e7\u00e3o Itinerante \u201cPrimaveras Estudantis\u201d - Mais Magazine<\/title>\n<meta name=\"robots\" content=\"index, follow, max-snippet:-1, max-image-preview:large, max-video-preview:-1\" \/>\n<link rel=\"canonical\" href=\"https:\/\/maismagazine.pt\/index.php\/2024\/02\/20\/universidade-de-evora-recebe-exposicao-itinerante-primaveras-estudantis\/\" \/>\n<meta property=\"og:locale\" content=\"pt_PT\" \/>\n<meta property=\"og:type\" content=\"article\" \/>\n<meta property=\"og:title\" content=\"Universidade de \u00c9vora recebe Exposi\u00e7\u00e3o Itinerante \u201cPrimaveras Estudantis\u201d - Mais Magazine\" \/>\n<meta property=\"og:description\" content=\"Coordenada por \u00c1lvaro Garrido, professor de Hist\u00f3ria da Faculdade de Economia da Universidade de Coimbra, a exposi\u00e7\u00e3o itinerante \u201cPrimaveras Estudantis\u201d que inaugura na Universidade de \u00c9vora no pr\u00f3ximo dia 22 de fevereiro, \u00e0s 16h30m, na sala dos Docentes do Col\u00e9gio do Esp\u00edrito Santo, revisita a cronologia deste movimento de oposi\u00e7\u00e3o&hellip;\" \/>\n<meta property=\"og:url\" content=\"https:\/\/maismagazine.pt\/index.php\/2024\/02\/20\/universidade-de-evora-recebe-exposicao-itinerante-primaveras-estudantis\/\" \/>\n<meta property=\"og:site_name\" content=\"Mais Magazine\" \/>\n<meta property=\"article:published_time\" content=\"2024-02-20T09:09:27+00:00\" \/>\n<meta property=\"article:modified_time\" content=\"2024-02-20T09:09:28+00:00\" \/>\n<meta property=\"og:image\" content=\"https:\/\/maismagazine.pt\/wp-content\/uploads\/2024\/02\/banner-insta-exp-25-de-abril1.jpg\" \/>\n\t<meta property=\"og:image:width\" content=\"1024\" \/>\n\t<meta property=\"og:image:height\" content=\"998\" \/>\n\t<meta property=\"og:image:type\" content=\"image\/jpeg\" \/>\n<meta name=\"author\" content=\"Tatiana Martins\" \/>\n<meta name=\"twitter:card\" content=\"summary_large_image\" \/>\n<meta name=\"twitter:label1\" content=\"Escrito por\" \/>\n\t<meta name=\"twitter:data1\" content=\"\" \/>\n\t<meta name=\"twitter:label2\" content=\"Tempo estimado de leitura\" \/>\n\t<meta name=\"twitter:data2\" content=\"2 minutos\" \/>\n<script type=\"application\/ld+json\" class=\"yoast-schema-graph\">{\"@context\":\"https:\/\/schema.org\",\"@graph\":[{\"@type\":\"Article\",\"@id\":\"https:\/\/maismagazine.pt\/index.php\/2024\/02\/20\/universidade-de-evora-recebe-exposicao-itinerante-primaveras-estudantis\/#article\",\"isPartOf\":{\"@id\":\"https:\/\/maismagazine.pt\/index.php\/2024\/02\/20\/universidade-de-evora-recebe-exposicao-itinerante-primaveras-estudantis\/\"},\"author\":{\"name\":\"Tatiana Martins\",\"@id\":\"https:\/\/maismagazine.pt\/#\/schema\/person\/7426e2caeb8df32a1b56aa48dae778c9\"},\"headline\":\"Universidade de \u00c9vora recebe Exposi\u00e7\u00e3o Itinerante \u201cPrimaveras Estudantis\u201d\",\"datePublished\":\"2024-02-20T09:09:27+00:00\",\"dateModified\":\"2024-02-20T09:09:28+00:00\",\"mainEntityOfPage\":{\"@id\":\"https:\/\/maismagazine.pt\/index.php\/2024\/02\/20\/universidade-de-evora-recebe-exposicao-itinerante-primaveras-estudantis\/\"},\"wordCount\":326,\"publisher\":{\"@id\":\"https:\/\/maismagazine.pt\/#organization\"},\"image\":{\"@id\":\"https:\/\/maismagazine.pt\/index.php\/2024\/02\/20\/universidade-de-evora-recebe-exposicao-itinerante-primaveras-estudantis\/#primaryimage\"},\"thumbnailUrl\":\"http:\/\/maismagazine.pt\/wp-content\/uploads\/2024\/02\/banner-insta-exp-25-de-abril1.jpg\",\"keywords\":[\"Educa\u00e7\u00e3o\",\"Ensino\",\"\u00c9vora\",\"Exposi\u00e7\u00e3o\",\"Universidade de \u00c9vora\"],\"articleSection\":[\"Not\u00edcias\"],\"inLanguage\":\"pt-PT\"},{\"@type\":\"WebPage\",\"@id\":\"https:\/\/maismagazine.pt\/index.php\/2024\/02\/20\/universidade-de-evora-recebe-exposicao-itinerante-primaveras-estudantis\/\",\"url\":\"https:\/\/maismagazine.pt\/index.php\/2024\/02\/20\/universidade-de-evora-recebe-exposicao-itinerante-primaveras-estudantis\/\",\"name\":\"Universidade de \u00c9vora recebe Exposi\u00e7\u00e3o Itinerante \u201cPrimaveras Estudantis\u201d - Mais Magazine\",\"isPartOf\":{\"@id\":\"https:\/\/maismagazine.pt\/#website\"},\"primaryImageOfPage\":{\"@id\":\"https:\/\/maismagazine.pt\/index.php\/2024\/02\/20\/universidade-de-evora-recebe-exposicao-itinerante-primaveras-estudantis\/#primaryimage\"},\"image\":{\"@id\":\"https:\/\/maismagazine.pt\/index.php\/2024\/02\/20\/universidade-de-evora-recebe-exposicao-itinerante-primaveras-estudantis\/#primaryimage\"},\"thumbnailUrl\":\"http:\/\/maismagazine.pt\/wp-content\/uploads\/2024\/02\/banner-insta-exp-25-de-abril1.jpg\",\"datePublished\":\"2024-02-20T09:09:27+00:00\",\"dateModified\":\"2024-02-20T09:09:28+00:00\",\"breadcrumb\":{\"@id\":\"https:\/\/maismagazine.pt\/index.php\/2024\/02\/20\/universidade-de-evora-recebe-exposicao-itinerante-primaveras-estudantis\/#breadcrumb\"},\"inLanguage\":\"pt-PT\",\"potentialAction\":[{\"@type\":\"ReadAction\",\"target\":[\"https:\/\/maismagazine.pt\/index.php\/2024\/02\/20\/universidade-de-evora-recebe-exposicao-itinerante-primaveras-estudantis\/\"]}]},{\"@type\":\"ImageObject\",\"inLanguage\":\"pt-PT\",\"@id\":\"https:\/\/maismagazine.pt\/index.php\/2024\/02\/20\/universidade-de-evora-recebe-exposicao-itinerante-primaveras-estudantis\/#primaryimage\",\"url\":\"http:\/\/maismagazine.pt\/wp-content\/uploads\/2024\/02\/banner-insta-exp-25-de-abril1.jpg\",\"contentUrl\":\"http:\/\/maismagazine.pt\/wp-content\/uploads\/2024\/02\/banner-insta-exp-25-de-abril1.jpg\",\"width\":1024,\"height\":998},{\"@type\":\"BreadcrumbList\",\"@id\":\"https:\/\/maismagazine.pt\/index.php\/2024\/02\/20\/universidade-de-evora-recebe-exposicao-itinerante-primaveras-estudantis\/#breadcrumb\",\"itemListElement\":[{\"@type\":\"ListItem\",\"position\":1,\"name\":\"Home\",\"item\":\"https:\/\/maismagazine.pt\/\"},{\"@type\":\"ListItem\",\"position\":2,\"name\":\"Universidade de \u00c9vora recebe Exposi\u00e7\u00e3o Itinerante \u201cPrimaveras Estudantis\u201d\"}]},{\"@type\":\"WebSite\",\"@id\":\"https:\/\/maismagazine.pt\/#website\",\"url\":\"https:\/\/maismagazine.pt\/\",\"name\":\"Mais Magazine\",\"description\":\"\",\"publisher\":{\"@id\":\"https:\/\/maismagazine.pt\/#organization\"},\"potentialAction\":[{\"@type\":\"SearchAction\",\"target\":{\"@type\":\"EntryPoint\",\"urlTemplate\":\"https:\/\/maismagazine.pt\/?s={search_term_string}\"},\"query-input\":{\"@type\":\"PropertyValueSpecification\",\"valueRequired\":true,\"valueName\":\"search_term_string\"}}],\"inLanguage\":\"pt-PT\"},{\"@type\":\"Organization\",\"@id\":\"https:\/\/maismagazine.pt\/#organization\",\"name\":\"Mais Magazine\",\"url\":\"https:\/\/maismagazine.pt\/\",\"logo\":{\"@type\":\"ImageObject\",\"inLanguage\":\"pt-PT\",\"@id\":\"https:\/\/maismagazine.pt\/#\/schema\/logo\/image\/\",\"url\":\"http:\/\/maismagazine.pt\/wp-content\/uploads\/2020\/04\/cropped-cropped-mais-magazine-site-logo-2.png\",\"contentUrl\":\"http:\/\/maismagazine.pt\/wp-content\/uploads\/2020\/04\/cropped-cropped-mais-magazine-site-logo-2.png\",\"width\":581,\"height\":90,\"caption\":\"Mais Magazine\"},\"image\":{\"@id\":\"https:\/\/maismagazine.pt\/#\/schema\/logo\/image\/\"}},{\"@type\":\"Person\",\"@id\":\"https:\/\/maismagazine.pt\/#\/schema\/person\/7426e2caeb8df32a1b56aa48dae778c9\",\"name\":\"Tatiana Martins\",\"image\":{\"@type\":\"ImageObject\",\"inLanguage\":\"pt-PT\",\"@id\":\"https:\/\/maismagazine.pt\/#\/schema\/person\/image\/\",\"url\":\"https:\/\/secure.gravatar.com\/avatar\/4b24a57f5d0425f2eb20981c4b53244e?s=96&d=mm&r=g\",\"contentUrl\":\"https:\/\/secure.gravatar.com\/avatar\/4b24a57f5d0425f2eb20981c4b53244e?s=96&d=mm&r=g\",\"caption\":\"Tatiana Martins\"},\"url\":\"http:\/\/maismagazine.pt\/index.php\/author\/tatiana\/\"}]}<\/script>\n<!-- \/ Yoast SEO plugin. -->","yoast_head_json":{"title":"Universidade de \u00c9vora recebe Exposi\u00e7\u00e3o Itinerante \u201cPrimaveras Estudantis\u201d - Mais Magazine","robots":{"index":"index","follow":"follow","max-snippet":"max-snippet:-1","max-image-preview":"max-image-preview:large","max-video-preview":"max-video-preview:-1"},"canonical":"https:\/\/maismagazine.pt\/index.php\/2024\/02\/20\/universidade-de-evora-recebe-exposicao-itinerante-primaveras-estudantis\/","og_locale":"pt_PT","og_type":"article","og_title":"Universidade de \u00c9vora recebe Exposi\u00e7\u00e3o Itinerante \u201cPrimaveras Estudantis\u201d - Mais Magazine","og_description":"Coordenada por \u00c1lvaro Garrido, professor de Hist\u00f3ria da Faculdade de Economia da Universidade de Coimbra, a exposi\u00e7\u00e3o itinerante \u201cPrimaveras Estudantis\u201d que inaugura na Universidade de \u00c9vora no pr\u00f3ximo dia 22 de fevereiro, \u00e0s 16h30m, na sala dos Docentes do Col\u00e9gio do Esp\u00edrito Santo, revisita a cronologia deste movimento de oposi\u00e7\u00e3o&hellip;","og_url":"https:\/\/maismagazine.pt\/index.php\/2024\/02\/20\/universidade-de-evora-recebe-exposicao-itinerante-primaveras-estudantis\/","og_site_name":"Mais Magazine","article_published_time":"2024-02-20T09:09:27+00:00","article_modified_time":"2024-02-20T09:09:28+00:00","og_image":[{"width":1024,"height":998,"url":"https:\/\/maismagazine.pt\/wp-content\/uploads\/2024\/02\/banner-insta-exp-25-de-abril1.jpg","type":"image\/jpeg"}],"author":"Tatiana Martins","twitter_card":"summary_large_image","twitter_misc":{"Escrito por":false,"Tempo estimado de leitura":"2 minutos"},"schema":{"@context":"https:\/\/schema.org","@graph":[{"@type":"Article","@id":"https:\/\/maismagazine.pt\/index.php\/2024\/02\/20\/universidade-de-evora-recebe-exposicao-itinerante-primaveras-estudantis\/#article","isPartOf":{"@id":"https:\/\/maismagazine.pt\/index.php\/2024\/02\/20\/universidade-de-evora-recebe-exposicao-itinerante-primaveras-estudantis\/"},"author":{"name":"Tatiana Martins","@id":"https:\/\/maismagazine.pt\/#\/schema\/person\/7426e2caeb8df32a1b56aa48dae778c9"},"headline":"Universidade de \u00c9vora recebe Exposi\u00e7\u00e3o Itinerante \u201cPrimaveras Estudantis\u201d","datePublished":"2024-02-20T09:09:27+00:00","dateModified":"2024-02-20T09:09:28+00:00","mainEntityOfPage":{"@id":"https:\/\/maismagazine.pt\/index.php\/2024\/02\/20\/universidade-de-evora-recebe-exposicao-itinerante-primaveras-estudantis\/"},"wordCount":326,"publisher":{"@id":"https:\/\/maismagazine.pt\/#organization"},"image":{"@id":"https:\/\/maismagazine.pt\/index.php\/2024\/02\/20\/universidade-de-evora-recebe-exposicao-itinerante-primaveras-estudantis\/#primaryimage"},"thumbnailUrl":"http:\/\/maismagazine.pt\/wp-content\/uploads\/2024\/02\/banner-insta-exp-25-de-abril1.jpg","keywords":["Educa\u00e7\u00e3o","Ensino","\u00c9vora","Exposi\u00e7\u00e3o","Universidade de \u00c9vora"],"articleSection":["Not\u00edcias"],"inLanguage":"pt-PT"},{"@type":"WebPage","@id":"https:\/\/maismagazine.pt\/index.php\/2024\/02\/20\/universidade-de-evora-recebe-exposicao-itinerante-primaveras-estudantis\/","url":"https:\/\/maismagazine.pt\/index.php\/2024\/02\/20\/universidade-de-evora-recebe-exposicao-itinerante-primaveras-estudantis\/","name":"Universidade de \u00c9vora recebe Exposi\u00e7\u00e3o Itinerante \u201cPrimaveras Estudantis\u201d - Mais Magazine","isPartOf":{"@id":"https:\/\/maismagazine.pt\/#website"},"primaryImageOfPage":{"@id":"https:\/\/maismagazine.pt\/index.php\/2024\/02\/20\/universidade-de-evora-recebe-exposicao-itinerante-primaveras-estudantis\/#primaryimage"},"image":{"@id":"https:\/\/maismagazine.pt\/index.php\/2024\/02\/20\/universidade-de-evora-recebe-exposicao-itinerante-primaveras-estudantis\/#primaryimage"},"thumbnailUrl":"http:\/\/maismagazine.pt\/wp-content\/uploads\/2024\/02\/banner-insta-exp-25-de-abril1.jpg","datePublished":"2024-02-20T09:09:27+00:00","dateModified":"2024-02-20T09:09:28+00:00","breadcrumb":{"@id":"https:\/\/maismagazine.pt\/index.php\/2024\/02\/20\/universidade-de-evora-recebe-exposicao-itinerante-primaveras-estudantis\/#breadcrumb"},"inLanguage":"pt-PT","potentialAction":[{"@type":"ReadAction","target":["https:\/\/maismagazine.pt\/index.php\/2024\/02\/20\/universidade-de-evora-recebe-exposicao-itinerante-primaveras-estudantis\/"]}]},{"@type":"ImageObject","inLanguage":"pt-PT","@id":"https:\/\/maismagazine.pt\/index.php\/2024\/02\/20\/universidade-de-evora-recebe-exposicao-itinerante-primaveras-estudantis\/#primaryimage","url":"http:\/\/maismagazine.pt\/wp-content\/uploads\/2024\/02\/banner-insta-exp-25-de-abril1.jpg","contentUrl":"http:\/\/maismagazine.pt\/wp-content\/uploads\/2024\/02\/banner-insta-exp-25-de-abril1.jpg","width":1024,"height":998},{"@type":"BreadcrumbList","@id":"https:\/\/maismagazine.pt\/index.php\/2024\/02\/20\/universidade-de-evora-recebe-exposicao-itinerante-primaveras-estudantis\/#breadcrumb","itemListElement":[{"@type":"ListItem","position":1,"name":"Home","item":"https:\/\/maismagazine.pt\/"},{"@type":"ListItem","position":2,"name":"Universidade de \u00c9vora recebe Exposi\u00e7\u00e3o Itinerante \u201cPrimaveras Estudantis\u201d"}]},{"@type":"WebSite","@id":"https:\/\/maismagazine.pt\/#website","url":"https:\/\/maismagazine.pt\/","name":"Mais Magazine","description":"","publisher":{"@id":"https:\/\/maismagazine.pt\/#organization"},"potentialAction":[{"@type":"SearchAction","target":{"@type":"EntryPoint","urlTemplate":"https:\/\/maismagazine.pt\/?s={search_term_string}"},"query-input":{"@type":"PropertyValueSpecification","valueRequired":true,"valueName":"search_term_string"}}],"inLanguage":"pt-PT"},{"@type":"Organization","@id":"https:\/\/maismagazine.pt\/#organization","name":"Mais Magazine","url":"https:\/\/maismagazine.pt\/","logo":{"@type":"ImageObject","inLanguage":"pt-PT","@id":"https:\/\/maismagazine.pt\/#\/schema\/logo\/image\/","url":"http:\/\/maismagazine.pt\/wp-content\/uploads\/2020\/04\/cropped-cropped-mais-magazine-site-logo-2.png","contentUrl":"http:\/\/maismagazine.pt\/wp-content\/uploads\/2020\/04\/cropped-cropped-mais-magazine-site-logo-2.png","width":581,"height":90,"caption":"Mais Magazine"},"image":{"@id":"https:\/\/maismagazine.pt\/#\/schema\/logo\/image\/"}},{"@type":"Person","@id":"https:\/\/maismagazine.pt\/#\/schema\/person\/7426e2caeb8df32a1b56aa48dae778c9","name":"Tatiana Martins","image":{"@type":"ImageObject","inLanguage":"pt-PT","@id":"https:\/\/maismagazine.pt\/#\/schema\/person\/image\/","url":"https:\/\/secure.gravatar.com\/avatar\/4b24a57f5d0425f2eb20981c4b53244e?s=96&d=mm&r=g","contentUrl":"https:\/\/secure.gravatar.com\/avatar\/4b24a57f5d0425f2eb20981c4b53244e?s=96&d=mm&r=g","caption":"Tatiana Martins"},"url":"http:\/\/maismagazine.pt\/index.php\/author\/tatiana\/"}]}},"author_meta":{"display_name":false,"author_link":"http:\/\/maismagazine.pt\/index.php\/author\/tatiana\/"},"featured_img":"http:\/\/maismagazine.pt\/wp-content\/uploads\/2024\/02\/banner-insta-exp-25-de-abril1-300x292.jpg","coauthors":[],"tax_additional":{"categories":{"linked":["<a href=\"http:\/\/maismagazine.pt\/index.php\/category\/noticias\/\" class=\"advgb-post-tax-term\">Not\u00edcias<\/a>"],"unlinked":["<span class=\"advgb-post-tax-term\">Not\u00edcias<\/span>"]},"tags":{"linked":["<a href=\"http:\/\/maismagazine.pt\/index.php\/category\/noticias\/\" class=\"advgb-post-tax-term\">Educa\u00e7\u00e3o<\/a>","<a href=\"http:\/\/maismagazine.pt\/index.php\/category\/noticias\/\" class=\"advgb-post-tax-term\">Ensino<\/a>","<a href=\"http:\/\/maismagazine.pt\/index.php\/category\/noticias\/\" class=\"advgb-post-tax-term\">\u00c9vora<\/a>","<a href=\"http:\/\/maismagazine.pt\/index.php\/category\/noticias\/\" class=\"advgb-post-tax-term\">Exposi\u00e7\u00e3o<\/a>","<a href=\"http:\/\/maismagazine.pt\/index.php\/category\/noticias\/\" class=\"advgb-post-tax-term\">Universidade de \u00c9vora<\/a>"],"unlinked":["<span class=\"advgb-post-tax-term\">Educa\u00e7\u00e3o<\/span>","<span class=\"advgb-post-tax-term\">Ensino<\/span>","<span class=\"advgb-post-tax-term\">\u00c9vora<\/span>","<span class=\"advgb-post-tax-term\">Exposi\u00e7\u00e3o<\/span>","<span class=\"advgb-post-tax-term\">Universidade de \u00c9vora<\/span>"]}},"comment_count":"0","relative_dates":{"created":"Posted 2 anos ago","modified":"Updated 2 anos ago"},"absolute_dates":{"created":"Posted on 20 de Fevereiro, 2024","modified":"Updated on 20 de Fevereiro, 2024"},"absolute_dates_time":{"created":"Posted on 20 de Fevereiro, 2024 9:09","modified":"Updated on 20 de Fevereiro, 2024 9:09"},"featured_img_caption":"","series_order":"","_links":{"self":[{"href":"http:\/\/maismagazine.pt\/index.php\/wp-json\/wp\/v2\/posts\/8930","targetHints":{"allow":["GET"]}}],"collection":[{"href":"http:\/\/maismagazine.pt\/index.php\/wp-json\/wp\/v2\/posts"}],"about":[{"href":"http:\/\/maismagazine.pt\/index.php\/wp-json\/wp\/v2\/types\/post"}],"author":[{"embeddable":true,"href":"http:\/\/maismagazine.pt\/index.php\/wp-json\/wp\/v2\/users\/18"}],"replies":[{"embeddable":true,"href":"http:\/\/maismagazine.pt\/index.php\/wp-json\/wp\/v2\/comments?post=8930"}],"version-history":[{"count":1,"href":"http:\/\/maismagazine.pt\/index.php\/wp-json\/wp\/v2\/posts\/8930\/revisions"}],"predecessor-version":[{"id":8932,"href":"http:\/\/maismagazine.pt\/index.php\/wp-json\/wp\/v2\/posts\/8930\/revisions\/8932"}],"wp:featuredmedia":[{"embeddable":true,"href":"http:\/\/maismagazine.pt\/index.php\/wp-json\/wp\/v2\/media\/8931"}],"wp:attachment":[{"href":"http:\/\/maismagazine.pt\/index.php\/wp-json\/wp\/v2\/media?parent=8930"}],"wp:term":[{"taxonomy":"category","embeddable":true,"href":"http:\/\/maismagazine.pt\/index.php\/wp-json\/wp\/v2\/categories?post=8930"},{"taxonomy":"post_tag","embeddable":true,"href":"http:\/\/maismagazine.pt\/index.php\/wp-json\/wp\/v2\/tags?post=8930"}],"curies":[{"name":"wp","href":"https:\/\/api.w.org\/{rel}","templated":true}]}}