{"id":8883,"date":"2024-02-23T07:00:00","date_gmt":"2024-02-23T07:00:00","guid":{"rendered":"https:\/\/maismagazine.pt\/?p=8883"},"modified":"2024-02-19T16:52:45","modified_gmt":"2024-02-19T16:52:45","slug":"endoencas-iluminam-entre-os-rios-com-milhares-de-velas","status":"publish","type":"post","link":"http:\/\/maismagazine.pt\/index.php\/2024\/02\/23\/endoencas-iluminam-entre-os-rios-com-milhares-de-velas\/","title":{"rendered":"Endoen\u00e7as iluminam Entre-os-Rios com milhares de velas"},"content":{"rendered":"\n<p><\/p>\n\n\n\n<p><strong>As Endoen\u00e7as de Entre-os-Rios, conhecidas como um evento secular de turismo religioso \u00edmpar e que fazem parte do Invent\u00e1rio Nacional do Patrim\u00f3nio Cultural Imaterial, voltam a iluminar as margens do rio T\u00e2mega e Douro, com milhares de velas, no 28 de mar\u00e7o, quinta-feira Santa, numa organiza\u00e7\u00e3o a cargo dos Munic\u00edpios de <a href=\"http:\/\/www.cm-penafiel.pt\">Penafiel <\/a>e Marco de Canaveses.<\/strong><\/p>\n\n\n\n<p><\/p>\n\n\n\n<p>Para Antonino de Sousa, Presidente da C\u00e2mara Municipal de Penafiel, \u201c<strong>\u00e9 em Entre-os-Rios que existe uma das mais belas tradi\u00e7\u00f5es do nosso concelho e uma das mais encantadoras manifesta\u00e7\u00f5es religiosas de Penafiel e do Norte de Portugal. Um marco forte da nossa comunidade que movimenta centenas de volunt\u00e1rios para tornar este evento singular cada vez mais atrativo. Ao longo dos s\u00e9culos, Penafiel tem sido o ber\u00e7o de um patrim\u00f3nio material e imaterial de excel\u00eancia e o palco de diversos eventos com enorme notoriedade. H\u00e1 in\u00fameras raz\u00f5es para visitar Penafiel, mas as Endoen\u00e7as de Entre-os-Rios merecem especial aten\u00e7\u00e3o pelo brilho, o encanto e a f\u00e9 que ali se vive. Uma palavra de apre\u00e7o por todos os que tornam poss\u00edvel a realiza\u00e7\u00e3o desta festividade \u00fanica.<\/strong>\u201d<\/p>\n\n\n\n<p>Com mais de 300 anos de hist\u00f3ria, este evento acontece todos os anos na Quinta\u2013Feira Santa e leva milhares de pessoas \u00e0s margens dos rios T\u00e2mega e Douro, que se deixam fascinar por um espet\u00e1culo de luz que ilumina por completo as encostas da regi\u00e3o. At\u00e9 ao ano de 1941, os barcos eram usados para fazer a travessia entre as duas margens. Atualmente, at\u00e9 os barcos s\u00e3o usados para iluminar. Da proa \u00e0 r\u00e9, do casco ao topo dos mastros, as embarca\u00e7\u00f5es tamb\u00e9m participam neste espet\u00e1culo \u00fanico de luz, que ainda d\u00e1 mais brilho \u00e0s comemora\u00e7\u00f5es Pascais. <\/p>\n\n\n\n<p>O in\u00edcio desta manifesta\u00e7\u00e3o religiosa, tem lugar na Igreja Paroquial de Santa Clara do Torr\u00e3o, com a Missa da Ceia do Senhor, \u00e0s 20h00. Uma hora mais tarde, sai a prociss\u00e3o do Senhor dos Passos, acompanhada por \u201cBarcos de Fogo\u201d junto ao rio, e em dire\u00e7\u00e3o \u00e0 Capela de S. Sebasti\u00e3o, em Entre-os-Rios, onde ter\u00e1 lugar o \u201cSerm\u00e3o do Encontro\u201d entre Jesus Cristo e Nossa Senhora das Dores, um momento particularmente simb\u00f3lico e muito acalmado pela comunidade.<\/p>\n\n\n\n<p>J\u00e1 no dia seguinte, sexta-feira, dia 29 de mar\u00e7o, pelas 15 horas, a Prociss\u00e3o do Enterro do Senhor cumpre o percurso inverso, de regresso \u00e0 Igreja Paroquial de Santa Clara do Torr\u00e3o, no Marco de Canaveses.<\/p>\n\n\n\n<p>Classificada em 2015 pelo Munic\u00edpio de Penafiel e inscrita no Invent\u00e1rio Nacional do Patrim\u00f3nio Cultural Imaterial, as Endoen\u00e7as iluminam as duas margens do rio T\u00e2mega, a freguesia de Alpendorada, V\u00e1rzea e Torr\u00e3o (Marco de Canaveses), o lugar de Entre-os-Rios (Penafiel) e ainda o lugar de Boure na margem esquerda do rio Douro, pertencente ao concelho de Castelo de Paiva, lugares que constituem antigo Couto de Entre-os-Rios.<\/p>\n\n\n\n<p>Segundo a liturgia cat\u00f3lica, as Endoen\u00e7as, s\u00e3o uma designa\u00e7\u00e3o muito antiga que se referia \u00e0 Sexta-Feira Santa, dia de indulg\u00eancia na Pen\u00ednsula Ib\u00e9rica, no qual era dado a absolvi\u00e7\u00e3o geral aos fi\u00e9is. Ao longo do tempo, a designa\u00e7\u00e3o mudou para o dia anterior que, no rito romano, era o das \u201cIndulg\u00eancias\u201d, passando mais tarde a referir-se apenas \u00e0 Quinta-Feira Santa.<\/p>\n\n\n\n<p><\/p>\n\n\n<div class=\"wp-block-image\">\n<figure class=\"aligncenter size-large is-resized\"><img loading=\"lazy\" decoding=\"async\" width=\"1024\" height=\"302\" src=\"https:\/\/maismagazine.pt\/wp-content\/uploads\/2024\/02\/logo-3-1024x302.jpg\" alt=\"\" class=\"wp-image-8894\" style=\"aspect-ratio:3.390728476821192;width:545px;height:auto\" srcset=\"http:\/\/maismagazine.pt\/wp-content\/uploads\/2024\/02\/logo-3-1024x302.jpg 1024w, http:\/\/maismagazine.pt\/wp-content\/uploads\/2024\/02\/logo-3-300x89.jpg 300w, http:\/\/maismagazine.pt\/wp-content\/uploads\/2024\/02\/logo-3-768x227.jpg 768w, http:\/\/maismagazine.pt\/wp-content\/uploads\/2024\/02\/logo-3-1536x453.jpg 1536w, http:\/\/maismagazine.pt\/wp-content\/uploads\/2024\/02\/logo-3-2048x605.jpg 2048w\" sizes=\"auto, (max-width: 1024px) 100vw, 1024px\" \/><\/figure><\/div>","protected":false},"excerpt":{"rendered":"<p>As Endoen\u00e7as de Entre-os-Rios, conhecidas como um evento secular de turismo religioso \u00edmpar e que fazem parte do Invent\u00e1rio Nacional do Patrim\u00f3nio Cultural Imaterial, voltam a iluminar as margens do rio T\u00e2mega e Douro, com milhares de velas, no 28 de mar\u00e7o, quinta-feira Santa, numa organiza\u00e7\u00e3o a cargo dos Munic\u00edpios&hellip;<\/p>\n","protected":false},"author":18,"featured_media":8893,"comment_status":"closed","ping_status":"open","sticky":false,"template":"","format":"standard","meta":{"advgb_blocks_editor_width":"","advgb_blocks_columns_visual_guide":"","_monsterinsights_skip_tracking":false,"_monsterinsights_sitenote_active":false,"_monsterinsights_sitenote_note":"","_monsterinsights_sitenote_category":0,"footnotes":""},"categories":[53],"tags":[1846,1847],"class_list":["post-8883","post","type-post","status-publish","format-standard","has-post-thumbnail","hentry","category-turismo-restaurantes","tag-endoencas-de-entre-os-rios","tag-penafiel"],"yoast_head":"<!-- This site is optimized with the Yoast SEO plugin v24.4 - https:\/\/yoast.com\/wordpress\/plugins\/seo\/ -->\n<title>Endoen\u00e7as iluminam Entre-os-Rios com milhares de velas - Mais Magazine<\/title>\n<meta name=\"robots\" content=\"index, follow, max-snippet:-1, max-image-preview:large, max-video-preview:-1\" \/>\n<link rel=\"canonical\" href=\"http:\/\/maismagazine.pt\/index.php\/2024\/02\/23\/endoencas-iluminam-entre-os-rios-com-milhares-de-velas\/\" \/>\n<meta property=\"og:locale\" content=\"pt_PT\" \/>\n<meta property=\"og:type\" content=\"article\" \/>\n<meta property=\"og:title\" content=\"Endoen\u00e7as iluminam Entre-os-Rios com milhares de velas - Mais Magazine\" \/>\n<meta property=\"og:description\" content=\"As Endoen\u00e7as de Entre-os-Rios, conhecidas como um evento secular de turismo religioso \u00edmpar e que fazem parte do Invent\u00e1rio Nacional do Patrim\u00f3nio Cultural Imaterial, voltam a iluminar as margens do rio T\u00e2mega e Douro, com milhares de velas, no 28 de mar\u00e7o, quinta-feira Santa, numa organiza\u00e7\u00e3o a cargo dos Munic\u00edpios&hellip;\" \/>\n<meta property=\"og:url\" content=\"http:\/\/maismagazine.pt\/index.php\/2024\/02\/23\/endoencas-iluminam-entre-os-rios-com-milhares-de-velas\/\" \/>\n<meta property=\"og:site_name\" content=\"Mais Magazine\" \/>\n<meta property=\"article:published_time\" content=\"2024-02-23T07:00:00+00:00\" \/>\n<meta property=\"og:image\" content=\"http:\/\/maismagazine.pt\/wp-content\/uploads\/2024\/02\/DSC_8380-scaled.jpg\" \/>\n\t<meta property=\"og:image:width\" content=\"2560\" \/>\n\t<meta property=\"og:image:height\" content=\"1441\" \/>\n\t<meta property=\"og:image:type\" content=\"image\/jpeg\" \/>\n<meta name=\"author\" content=\"Tatiana Martins\" \/>\n<meta name=\"twitter:card\" content=\"summary_large_image\" \/>\n<meta name=\"twitter:label1\" content=\"Escrito por\" \/>\n\t<meta name=\"twitter:data1\" content=\"\" \/>\n\t<meta name=\"twitter:label2\" content=\"Tempo estimado de leitura\" \/>\n\t<meta name=\"twitter:data2\" content=\"4 minutos\" \/>\n<script type=\"application\/ld+json\" class=\"yoast-schema-graph\">{\"@context\":\"https:\/\/schema.org\",\"@graph\":[{\"@type\":\"Article\",\"@id\":\"http:\/\/maismagazine.pt\/index.php\/2024\/02\/23\/endoencas-iluminam-entre-os-rios-com-milhares-de-velas\/#article\",\"isPartOf\":{\"@id\":\"http:\/\/maismagazine.pt\/index.php\/2024\/02\/23\/endoencas-iluminam-entre-os-rios-com-milhares-de-velas\/\"},\"author\":{\"name\":\"Tatiana Martins\",\"@id\":\"http:\/\/maismagazine.pt\/#\/schema\/person\/7426e2caeb8df32a1b56aa48dae778c9\"},\"headline\":\"Endoen\u00e7as iluminam Entre-os-Rios com milhares de velas\",\"datePublished\":\"2024-02-23T07:00:00+00:00\",\"mainEntityOfPage\":{\"@id\":\"http:\/\/maismagazine.pt\/index.php\/2024\/02\/23\/endoencas-iluminam-entre-os-rios-com-milhares-de-velas\/\"},\"wordCount\":572,\"publisher\":{\"@id\":\"http:\/\/maismagazine.pt\/#organization\"},\"image\":{\"@id\":\"http:\/\/maismagazine.pt\/index.php\/2024\/02\/23\/endoencas-iluminam-entre-os-rios-com-milhares-de-velas\/#primaryimage\"},\"thumbnailUrl\":\"http:\/\/maismagazine.pt\/wp-content\/uploads\/2024\/02\/DSC_8380-scaled.jpg\",\"keywords\":[\"Endoen\u00e7as de Entre-os-Rios\",\"Penafiel\"],\"articleSection\":[\"Turismo | Vinhos | Gastronomia\"],\"inLanguage\":\"pt-PT\"},{\"@type\":\"WebPage\",\"@id\":\"http:\/\/maismagazine.pt\/index.php\/2024\/02\/23\/endoencas-iluminam-entre-os-rios-com-milhares-de-velas\/\",\"url\":\"http:\/\/maismagazine.pt\/index.php\/2024\/02\/23\/endoencas-iluminam-entre-os-rios-com-milhares-de-velas\/\",\"name\":\"Endoen\u00e7as iluminam Entre-os-Rios com milhares de velas - Mais Magazine\",\"isPartOf\":{\"@id\":\"http:\/\/maismagazine.pt\/#website\"},\"primaryImageOfPage\":{\"@id\":\"http:\/\/maismagazine.pt\/index.php\/2024\/02\/23\/endoencas-iluminam-entre-os-rios-com-milhares-de-velas\/#primaryimage\"},\"image\":{\"@id\":\"http:\/\/maismagazine.pt\/index.php\/2024\/02\/23\/endoencas-iluminam-entre-os-rios-com-milhares-de-velas\/#primaryimage\"},\"thumbnailUrl\":\"http:\/\/maismagazine.pt\/wp-content\/uploads\/2024\/02\/DSC_8380-scaled.jpg\",\"datePublished\":\"2024-02-23T07:00:00+00:00\",\"breadcrumb\":{\"@id\":\"http:\/\/maismagazine.pt\/index.php\/2024\/02\/23\/endoencas-iluminam-entre-os-rios-com-milhares-de-velas\/#breadcrumb\"},\"inLanguage\":\"pt-PT\",\"potentialAction\":[{\"@type\":\"ReadAction\",\"target\":[\"http:\/\/maismagazine.pt\/index.php\/2024\/02\/23\/endoencas-iluminam-entre-os-rios-com-milhares-de-velas\/\"]}]},{\"@type\":\"ImageObject\",\"inLanguage\":\"pt-PT\",\"@id\":\"http:\/\/maismagazine.pt\/index.php\/2024\/02\/23\/endoencas-iluminam-entre-os-rios-com-milhares-de-velas\/#primaryimage\",\"url\":\"http:\/\/maismagazine.pt\/wp-content\/uploads\/2024\/02\/DSC_8380-scaled.jpg\",\"contentUrl\":\"http:\/\/maismagazine.pt\/wp-content\/uploads\/2024\/02\/DSC_8380-scaled.jpg\",\"width\":2560,\"height\":1441},{\"@type\":\"BreadcrumbList\",\"@id\":\"http:\/\/maismagazine.pt\/index.php\/2024\/02\/23\/endoencas-iluminam-entre-os-rios-com-milhares-de-velas\/#breadcrumb\",\"itemListElement\":[{\"@type\":\"ListItem\",\"position\":1,\"name\":\"Home\",\"item\":\"http:\/\/maismagazine.pt\/\"},{\"@type\":\"ListItem\",\"position\":2,\"name\":\"Endoen\u00e7as iluminam Entre-os-Rios com milhares de velas\"}]},{\"@type\":\"WebSite\",\"@id\":\"http:\/\/maismagazine.pt\/#website\",\"url\":\"http:\/\/maismagazine.pt\/\",\"name\":\"Mais Magazine\",\"description\":\"\",\"publisher\":{\"@id\":\"http:\/\/maismagazine.pt\/#organization\"},\"potentialAction\":[{\"@type\":\"SearchAction\",\"target\":{\"@type\":\"EntryPoint\",\"urlTemplate\":\"http:\/\/maismagazine.pt\/?s={search_term_string}\"},\"query-input\":{\"@type\":\"PropertyValueSpecification\",\"valueRequired\":true,\"valueName\":\"search_term_string\"}}],\"inLanguage\":\"pt-PT\"},{\"@type\":\"Organization\",\"@id\":\"http:\/\/maismagazine.pt\/#organization\",\"name\":\"Mais Magazine\",\"url\":\"http:\/\/maismagazine.pt\/\",\"logo\":{\"@type\":\"ImageObject\",\"inLanguage\":\"pt-PT\",\"@id\":\"http:\/\/maismagazine.pt\/#\/schema\/logo\/image\/\",\"url\":\"http:\/\/maismagazine.pt\/wp-content\/uploads\/2020\/04\/cropped-cropped-mais-magazine-site-logo-2.png\",\"contentUrl\":\"http:\/\/maismagazine.pt\/wp-content\/uploads\/2020\/04\/cropped-cropped-mais-magazine-site-logo-2.png\",\"width\":581,\"height\":90,\"caption\":\"Mais Magazine\"},\"image\":{\"@id\":\"http:\/\/maismagazine.pt\/#\/schema\/logo\/image\/\"}},{\"@type\":\"Person\",\"@id\":\"http:\/\/maismagazine.pt\/#\/schema\/person\/7426e2caeb8df32a1b56aa48dae778c9\",\"name\":\"Tatiana Martins\",\"image\":{\"@type\":\"ImageObject\",\"inLanguage\":\"pt-PT\",\"@id\":\"http:\/\/maismagazine.pt\/#\/schema\/person\/image\/\",\"url\":\"https:\/\/secure.gravatar.com\/avatar\/4b24a57f5d0425f2eb20981c4b53244e?s=96&d=mm&r=g\",\"contentUrl\":\"https:\/\/secure.gravatar.com\/avatar\/4b24a57f5d0425f2eb20981c4b53244e?s=96&d=mm&r=g\",\"caption\":\"Tatiana Martins\"},\"url\":\"http:\/\/maismagazine.pt\/index.php\/author\/tatiana\/\"}]}<\/script>\n<!-- \/ Yoast SEO plugin. -->","yoast_head_json":{"title":"Endoen\u00e7as iluminam Entre-os-Rios com milhares de velas - Mais Magazine","robots":{"index":"index","follow":"follow","max-snippet":"max-snippet:-1","max-image-preview":"max-image-preview:large","max-video-preview":"max-video-preview:-1"},"canonical":"http:\/\/maismagazine.pt\/index.php\/2024\/02\/23\/endoencas-iluminam-entre-os-rios-com-milhares-de-velas\/","og_locale":"pt_PT","og_type":"article","og_title":"Endoen\u00e7as iluminam Entre-os-Rios com milhares de velas - Mais Magazine","og_description":"As Endoen\u00e7as de Entre-os-Rios, conhecidas como um evento secular de turismo religioso \u00edmpar e que fazem parte do Invent\u00e1rio Nacional do Patrim\u00f3nio Cultural Imaterial, voltam a iluminar as margens do rio T\u00e2mega e Douro, com milhares de velas, no 28 de mar\u00e7o, quinta-feira Santa, numa organiza\u00e7\u00e3o a cargo dos Munic\u00edpios&hellip;","og_url":"http:\/\/maismagazine.pt\/index.php\/2024\/02\/23\/endoencas-iluminam-entre-os-rios-com-milhares-de-velas\/","og_site_name":"Mais Magazine","article_published_time":"2024-02-23T07:00:00+00:00","og_image":[{"width":2560,"height":1441,"url":"http:\/\/maismagazine.pt\/wp-content\/uploads\/2024\/02\/DSC_8380-scaled.jpg","type":"image\/jpeg"}],"author":"Tatiana Martins","twitter_card":"summary_large_image","twitter_misc":{"Escrito por":false,"Tempo estimado de leitura":"4 minutos"},"schema":{"@context":"https:\/\/schema.org","@graph":[{"@type":"Article","@id":"http:\/\/maismagazine.pt\/index.php\/2024\/02\/23\/endoencas-iluminam-entre-os-rios-com-milhares-de-velas\/#article","isPartOf":{"@id":"http:\/\/maismagazine.pt\/index.php\/2024\/02\/23\/endoencas-iluminam-entre-os-rios-com-milhares-de-velas\/"},"author":{"name":"Tatiana Martins","@id":"http:\/\/maismagazine.pt\/#\/schema\/person\/7426e2caeb8df32a1b56aa48dae778c9"},"headline":"Endoen\u00e7as iluminam Entre-os-Rios com milhares de velas","datePublished":"2024-02-23T07:00:00+00:00","mainEntityOfPage":{"@id":"http:\/\/maismagazine.pt\/index.php\/2024\/02\/23\/endoencas-iluminam-entre-os-rios-com-milhares-de-velas\/"},"wordCount":572,"publisher":{"@id":"http:\/\/maismagazine.pt\/#organization"},"image":{"@id":"http:\/\/maismagazine.pt\/index.php\/2024\/02\/23\/endoencas-iluminam-entre-os-rios-com-milhares-de-velas\/#primaryimage"},"thumbnailUrl":"http:\/\/maismagazine.pt\/wp-content\/uploads\/2024\/02\/DSC_8380-scaled.jpg","keywords":["Endoen\u00e7as de Entre-os-Rios","Penafiel"],"articleSection":["Turismo | Vinhos | Gastronomia"],"inLanguage":"pt-PT"},{"@type":"WebPage","@id":"http:\/\/maismagazine.pt\/index.php\/2024\/02\/23\/endoencas-iluminam-entre-os-rios-com-milhares-de-velas\/","url":"http:\/\/maismagazine.pt\/index.php\/2024\/02\/23\/endoencas-iluminam-entre-os-rios-com-milhares-de-velas\/","name":"Endoen\u00e7as iluminam Entre-os-Rios com milhares de velas - Mais Magazine","isPartOf":{"@id":"http:\/\/maismagazine.pt\/#website"},"primaryImageOfPage":{"@id":"http:\/\/maismagazine.pt\/index.php\/2024\/02\/23\/endoencas-iluminam-entre-os-rios-com-milhares-de-velas\/#primaryimage"},"image":{"@id":"http:\/\/maismagazine.pt\/index.php\/2024\/02\/23\/endoencas-iluminam-entre-os-rios-com-milhares-de-velas\/#primaryimage"},"thumbnailUrl":"http:\/\/maismagazine.pt\/wp-content\/uploads\/2024\/02\/DSC_8380-scaled.jpg","datePublished":"2024-02-23T07:00:00+00:00","breadcrumb":{"@id":"http:\/\/maismagazine.pt\/index.php\/2024\/02\/23\/endoencas-iluminam-entre-os-rios-com-milhares-de-velas\/#breadcrumb"},"inLanguage":"pt-PT","potentialAction":[{"@type":"ReadAction","target":["http:\/\/maismagazine.pt\/index.php\/2024\/02\/23\/endoencas-iluminam-entre-os-rios-com-milhares-de-velas\/"]}]},{"@type":"ImageObject","inLanguage":"pt-PT","@id":"http:\/\/maismagazine.pt\/index.php\/2024\/02\/23\/endoencas-iluminam-entre-os-rios-com-milhares-de-velas\/#primaryimage","url":"http:\/\/maismagazine.pt\/wp-content\/uploads\/2024\/02\/DSC_8380-scaled.jpg","contentUrl":"http:\/\/maismagazine.pt\/wp-content\/uploads\/2024\/02\/DSC_8380-scaled.jpg","width":2560,"height":1441},{"@type":"BreadcrumbList","@id":"http:\/\/maismagazine.pt\/index.php\/2024\/02\/23\/endoencas-iluminam-entre-os-rios-com-milhares-de-velas\/#breadcrumb","itemListElement":[{"@type":"ListItem","position":1,"name":"Home","item":"http:\/\/maismagazine.pt\/"},{"@type":"ListItem","position":2,"name":"Endoen\u00e7as iluminam Entre-os-Rios com milhares de velas"}]},{"@type":"WebSite","@id":"http:\/\/maismagazine.pt\/#website","url":"http:\/\/maismagazine.pt\/","name":"Mais Magazine","description":"","publisher":{"@id":"http:\/\/maismagazine.pt\/#organization"},"potentialAction":[{"@type":"SearchAction","target":{"@type":"EntryPoint","urlTemplate":"http:\/\/maismagazine.pt\/?s={search_term_string}"},"query-input":{"@type":"PropertyValueSpecification","valueRequired":true,"valueName":"search_term_string"}}],"inLanguage":"pt-PT"},{"@type":"Organization","@id":"http:\/\/maismagazine.pt\/#organization","name":"Mais Magazine","url":"http:\/\/maismagazine.pt\/","logo":{"@type":"ImageObject","inLanguage":"pt-PT","@id":"http:\/\/maismagazine.pt\/#\/schema\/logo\/image\/","url":"http:\/\/maismagazine.pt\/wp-content\/uploads\/2020\/04\/cropped-cropped-mais-magazine-site-logo-2.png","contentUrl":"http:\/\/maismagazine.pt\/wp-content\/uploads\/2020\/04\/cropped-cropped-mais-magazine-site-logo-2.png","width":581,"height":90,"caption":"Mais Magazine"},"image":{"@id":"http:\/\/maismagazine.pt\/#\/schema\/logo\/image\/"}},{"@type":"Person","@id":"http:\/\/maismagazine.pt\/#\/schema\/person\/7426e2caeb8df32a1b56aa48dae778c9","name":"Tatiana Martins","image":{"@type":"ImageObject","inLanguage":"pt-PT","@id":"http:\/\/maismagazine.pt\/#\/schema\/person\/image\/","url":"https:\/\/secure.gravatar.com\/avatar\/4b24a57f5d0425f2eb20981c4b53244e?s=96&d=mm&r=g","contentUrl":"https:\/\/secure.gravatar.com\/avatar\/4b24a57f5d0425f2eb20981c4b53244e?s=96&d=mm&r=g","caption":"Tatiana Martins"},"url":"http:\/\/maismagazine.pt\/index.php\/author\/tatiana\/"}]}},"author_meta":{"display_name":false,"author_link":"http:\/\/maismagazine.pt\/index.php\/author\/tatiana\/"},"featured_img":"http:\/\/maismagazine.pt\/wp-content\/uploads\/2024\/02\/DSC_8380-300x169.jpg","coauthors":[],"tax_additional":{"categories":{"linked":["<a href=\"http:\/\/maismagazine.pt\/index.php\/category\/turismo-restaurantes\/\" class=\"advgb-post-tax-term\">Turismo | Vinhos | Gastronomia<\/a>"],"unlinked":["<span class=\"advgb-post-tax-term\">Turismo | Vinhos | Gastronomia<\/span>"]},"tags":{"linked":["<a href=\"http:\/\/maismagazine.pt\/index.php\/category\/turismo-restaurantes\/\" class=\"advgb-post-tax-term\">Endoen\u00e7as de Entre-os-Rios<\/a>","<a href=\"http:\/\/maismagazine.pt\/index.php\/category\/turismo-restaurantes\/\" class=\"advgb-post-tax-term\">Penafiel<\/a>"],"unlinked":["<span class=\"advgb-post-tax-term\">Endoen\u00e7as de Entre-os-Rios<\/span>","<span class=\"advgb-post-tax-term\">Penafiel<\/span>"]}},"comment_count":"0","relative_dates":{"created":"Posted 2 anos ago","modified":"Updated 2 anos ago"},"absolute_dates":{"created":"Posted on 23 de Fevereiro, 2024","modified":"Updated on 19 de Fevereiro, 2024"},"absolute_dates_time":{"created":"Posted on 23 de Fevereiro, 2024 7:00","modified":"Updated on 19 de Fevereiro, 2024 16:52"},"featured_img_caption":"","series_order":"","_links":{"self":[{"href":"http:\/\/maismagazine.pt\/index.php\/wp-json\/wp\/v2\/posts\/8883","targetHints":{"allow":["GET"]}}],"collection":[{"href":"http:\/\/maismagazine.pt\/index.php\/wp-json\/wp\/v2\/posts"}],"about":[{"href":"http:\/\/maismagazine.pt\/index.php\/wp-json\/wp\/v2\/types\/post"}],"author":[{"embeddable":true,"href":"http:\/\/maismagazine.pt\/index.php\/wp-json\/wp\/v2\/users\/18"}],"replies":[{"embeddable":true,"href":"http:\/\/maismagazine.pt\/index.php\/wp-json\/wp\/v2\/comments?post=8883"}],"version-history":[{"count":1,"href":"http:\/\/maismagazine.pt\/index.php\/wp-json\/wp\/v2\/posts\/8883\/revisions"}],"predecessor-version":[{"id":8896,"href":"http:\/\/maismagazine.pt\/index.php\/wp-json\/wp\/v2\/posts\/8883\/revisions\/8896"}],"wp:featuredmedia":[{"embeddable":true,"href":"http:\/\/maismagazine.pt\/index.php\/wp-json\/wp\/v2\/media\/8893"}],"wp:attachment":[{"href":"http:\/\/maismagazine.pt\/index.php\/wp-json\/wp\/v2\/media?parent=8883"}],"wp:term":[{"taxonomy":"category","embeddable":true,"href":"http:\/\/maismagazine.pt\/index.php\/wp-json\/wp\/v2\/categories?post=8883"},{"taxonomy":"post_tag","embeddable":true,"href":"http:\/\/maismagazine.pt\/index.php\/wp-json\/wp\/v2\/tags?post=8883"}],"curies":[{"name":"wp","href":"https:\/\/api.w.org\/{rel}","templated":true}]}}