{"id":8842,"date":"2024-02-23T07:00:00","date_gmt":"2024-02-23T07:00:00","guid":{"rendered":"https:\/\/maismagazine.pt\/?p=8842"},"modified":"2024-02-19T16:22:08","modified_gmt":"2024-02-19T16:22:08","slug":"usj-em-portugal-uma-ponte-para-o-futuro-do-intercambio-academico-e-cultural","status":"publish","type":"post","link":"http:\/\/maismagazine.pt\/index.php\/2024\/02\/23\/usj-em-portugal-uma-ponte-para-o-futuro-do-intercambio-academico-e-cultural\/","title":{"rendered":"USJ em Portugal: Uma ponte para o futuro do interc\u00e2mbio acad\u00e9mico e cultural"},"content":{"rendered":"\n<p><\/p>\n\n\n\n<p><strong>Explique como surgiu a ideia de implementar a University of Saint Joseph Macau em Portugal.<\/strong><\/p>\n\n\n\n<p>A <a href=\"http:\/\/usj.edu.mo\/en\/\">University of Saint Joseph Macau<\/a> foi fundada numa parceria entre a Diocese de Macau e a Universidade Cat\u00f3lica Portuguesa nos \u00faltimos anos da administra\u00e7\u00e3o portuguesa de Macau. Para celebrar o nosso 25\u00ba anivers\u00e1rio, e em reconhecimento do crescente interc\u00e2mbio acad\u00e9mico e comercial com Portugal que a USJ Macau tem agora, decidimos que era necess\u00e1ria uma delega\u00e7\u00e3o com um gabinete permanente para manter e aprofundar os nossos la\u00e7os com Portugal.<\/p>\n\n\n\n<p><\/p>\n\n\n\n<p><strong>O que nos pode dizer sobre este projeto? Como ser\u00e3o as instala\u00e7\u00f5es, por exemplo?<\/strong><\/p>\n\n\n\n<p>A ideia \u00e9 que tenhamos espa\u00e7o para acad\u00e9micos e estudantes da USJ Macau trabalharem quando estiverem em Lisboa, salas de semin\u00e1rios, uma sala de palestras e espa\u00e7o de trabalho partilhado para as empresas da nossa incubadora\/aceleradora de empresas, Macau Spin, utilizarem quando precisarem de estar em Portugal.<\/p>\n\n\n\n<p><\/p>\n\n\n\n<p><strong>Existe algum parceiro importante envolvido neste projeto que gostasse de destacar?<\/strong><\/p>\n\n\n\n<p>O nosso principal parceiro \u00e9 o CCCM (Centro Cient\u00edfico e Cultural de Macau em Lisboa), que generosamente cedeu&#8211;nos um espa\u00e7o de trabalho tempor\u00e1rio nas suas atuais instala\u00e7\u00f5es. Estamos tamb\u00e9m empenhados em restaurar um edif\u00edcio atualmente n\u00e3o utilizado pertencente ao CCCM, para que o USJ Lisbon Hub no CCCM possa realizar todo o seu potencial.<\/p>\n\n\n\n<p><\/p>\n\n\n\n<p><\/p>\n\n\n\n<p><strong>Quais s\u00e3o os cursos que v\u00e3o colocar \u00e0 disposi\u00e7\u00e3o dos estudantes? E em termos de servi\u00e7os, o que a universidade tem para oferecer?<\/strong><\/p>\n\n\n\n<p>A USJ Macau n\u00e3o ir\u00e1 oferecer cursos aos estudantes em Portugal. Somos uma universidade sediada em Macau e todos os nossos cursos est\u00e3o sediados em Macau ou na UCP, a nossa universidade irm\u00e3 em Portugal &#8211; j\u00e1 temos v\u00e1rios programas conjuntos ou duplos ao n\u00edvel do mestrado e estamos prestes a abrir uma licenciatura em Comunica\u00e7\u00e3o e Media e uma licenciatura em Biologia e Biotecnologia com eles. O USJ Lisbon Hub no CCCM ser\u00e1, evidentemente, um local onde os interc\u00e2mbios de estudantes podem ser acolhidos e onde realizaremos programas de ver\u00e3o para os nossos estudantes. Tamb\u00e9m iremos realizar pequenos programas de forma\u00e7\u00e3o de executivos sobre t\u00f3picos especiais em parceria com diferentes institui\u00e7\u00f5es e com o CCCM, por exemplo, programas de forma\u00e7\u00e3o de executivos sobre com\u00e9rcio e neg\u00f3cios na \u00c1sia. Macau \u00e9 uma plataforma de interc\u00e2mbio intelectual, cultural e comercial entre a \u00c1sia, Portugal e o mundo lus\u00f3fono. O USJ \u00e9 um exemplo concreto dessa plataforma e \u00e9 a manifesta\u00e7\u00e3o mais importante e relevante do potencial desse interc\u00e2mbio. <\/p>\n\n\n\n<p><\/p>\n\n\n<div class=\"wp-block-image\">\n<figure class=\"aligncenter size-full is-resized\"><img loading=\"lazy\" decoding=\"async\" width=\"768\" height=\"1024\" src=\"https:\/\/maismagazine.pt\/wp-content\/uploads\/2024\/02\/1-Rector-Morgan.png\" alt=\"\" class=\"wp-image-8847\" style=\"aspect-ratio:0.75;width:273px;height:auto\" srcset=\"http:\/\/maismagazine.pt\/wp-content\/uploads\/2024\/02\/1-Rector-Morgan.png 768w, http:\/\/maismagazine.pt\/wp-content\/uploads\/2024\/02\/1-Rector-Morgan-225x300.png 225w\" sizes=\"auto, (max-width: 768px) 100vw, 768px\" \/><figcaption class=\"wp-element-caption\">Stephen Morgan &#8211; Reitor da University of Saint Joseph Macau<\/figcaption><\/figure><\/div>\n\n\n<p><\/p>\n\n\n\n<p><strong>Na sua opini\u00e3o, no futuro, porque \u00e9 que os estudantes devem escolher a Universidade Saint Joseph Macau para prosseguir os seus estudos?<\/strong><\/p>\n\n\n\n<p>60% da popula\u00e7\u00e3o mundial vive na \u00c1sia e esta \u00e9 a regi\u00e3o do mundo que n\u00e3o s\u00f3 \u00e9 a mais vibrante em termos econ\u00f3micos e tecnol\u00f3gicos, como tamb\u00e9m \u00e9 um local de incr\u00edvel diversidade cultural. Acredito firmemente que o s\u00e9culo XXI ser\u00e1 cada vez mais visto como o s\u00e9culo asi\u00e1tico e qualquer jovem que queira estar \u201conde est\u00e1 tudo\u201d precisa de estar na \u00c1sia ou, pelo menos, de passar algum tempo l\u00e1 para se familiarizar com a sua energia, diversidade de culturas, l\u00ednguas e povos. A China, em particular, \u00e9 uma pot\u00eancia tanto da economia mundial, como da atividade cultural e intelectual. Macau situa-se no epicentro desta regi\u00e3o. \u00c9 exatamente onde um estudante deve querer prosseguir os seus estudos se quiser compreender o mundo em que vivemos, mas mais do que compreend\u00ea-lo, prosperar nele. Portugal foi o primeiro pa\u00eds europeu a estabelecer contatos efetivos com a \u00c1sia e h\u00e1 470 anos que a presen\u00e7a portuguesa em Macau \u00e9 permanente. Atualmente, a China v\u00ea Portugal e a l\u00edngua portuguesa &#8211; que \u00e9 a l\u00edngua mais falada no hemisf\u00e9rio sul &#8211; como uma parte central do seu desenvolvimento. Macau \u00e9 um s\u00edtio f\u00e1cil para um estudante portugu\u00eas se sentir em casa. Embora seja inegavelmente uma cidade chinesa, grande parte da arquitetura hist\u00f3rica \u00e9 reconhecidamente portuguesa, o portugu\u00eas \u00e9 uma l\u00edngua oficial no territ\u00f3rio e a influ\u00eancia da cozinha portuguesa \u00e9 enorme. A USJ Macau \u00e9 uma universidade concebida segundo o modelo universit\u00e1rio portugu\u00eas (matriz). Os estudantes encontrar\u00e3o a estrutura dos nossos cursos e a atmosfera da universidade reconhecidamente portuguesa. A uni-versidade \u00e9, no entanto, altamente internacionalizada, com um ter\u00e7o dos nossos estudantes provenientes de cinquenta pa\u00edses de todo o mundo e tr\u00eas quartos do nosso pessoal acad\u00e9mi-co sendo internacional. Um estudante que venha para o USJ est\u00e1 realmente a entrar numa comunidade genuinamente internacional, uma comunidade global. Um estudante que prossiga os seus estudos connosco sair\u00e1 com uma educa\u00e7\u00e3o de classe mundial obtida num lugar excitante e envolvente. O ingl\u00eas \u00e9 o meio de instru\u00e7\u00e3o para a maioria dos nossos cursos, mas todos os nossos estudantes de licenciatura t\u00eam tamb\u00e9m a oportunidade de se tornarem proficientes em chin\u00eas &#8211; a l\u00edngua de um pa\u00eds de 1,4 mil milh\u00f5es de pessoas &#8211; juntamente com o portugu\u00eas e de se tornarem mais fluentes na l\u00edngua inglesa.  <\/p>\n\n\n\n<p><\/p>\n\n\n\n<p><strong>Fale-nos mais sobre a identidade e a miss\u00e3o desta universidade.<\/strong><\/p>\n\n\n\n<p>O USJ \u00e9 uma Universidade Cat\u00f3lica internacional, privada e sem fins lucrativos, em Macau, na China; de Macau, da China; para Macau, pela China. Isto significa que somos independentes do controlo do governo de Macau ou do governo chin\u00eas, mas que nos vemos como uma comunidade de acad\u00e9micos e estudantes que atua como uma verdadeira plataforma de colabora\u00e7\u00e3o entre, por um lado, a China e a \u00c1sia em geral, e, por outro, Portugal, os pa\u00edses de l\u00edngua portuguesa e o resto do mundo. Como universidade cat\u00f3lica, estamos empenhados na busca da verdade na tradi\u00e7\u00e3o intelectual cat\u00f3lica. Acreditamos que a f\u00e9 e a raz\u00e3o t\u00eam ambas um lugar honrado e indispens\u00e1vel no genu\u00edno florescimento humano e na investiga\u00e7\u00e3o intelectual. Entendemo-nos como um sinal do empenho da Igreja em servir a sociedade humana no sentido mais amplo, sendo lugares de di\u00e1logo e de liberdade acad\u00e9mica aberta e respons\u00e1vel. No centro do nosso trabalho est\u00e1 o reconhecimento da dignidade sagrada de cada pessoa humana. O nosso trabalho de investiga\u00e7\u00e3o rege-se por esta considera\u00e7\u00e3o e o nosso ensino e aprendizagem procura exprimi-la atrav\u00e9s de n\u00edveis extremamente elevados de intera\u00e7\u00e3o pessoal\/estudante, com uma concentra\u00e7\u00e3o do trabalho em peque-nos grupos. Expressamos isto tamb\u00e9m atrav\u00e9s do nosso compromisso com os Objetivos de Desenvolvimento Sustent\u00e1vel das Na\u00e7\u00f5es Unidas. No Times Higher Education Impact Rankings 2023, fic\u00e1mos classificados no ter\u00e7o superior de mais de 1600 universidades mundiais, em primeiro lugar em Macau e igualmente em s\u00e9timo na China, na miss\u00e3o de educa\u00e7\u00e3o ao servi\u00e7o do desenvolvimento sustent\u00e1vel. O nosso objetivo \u00e9 formar licenciados com a mais elevada integridade pessoal: pessoas capazes de pensar de forma rigorosa, cr\u00edtica e criativa, que trabalhem naturalmente em colabora\u00e7\u00e3o, que valorizem um verdadeiro compromisso com o outro e que procurem ir al\u00e9m da profici\u00eancia para o dom\u00ednio da sua disciplina.<\/p>\n\n\n\n<p><\/p>\n\n\n\n<div class=\"wp-block-group is-nowrap is-layout-flex wp-container-core-group-is-layout-1 wp-block-group-is-layout-flex\">\n<figure class=\"wp-block-image size-large is-resized\"><img loading=\"lazy\" decoding=\"async\" width=\"1024\" height=\"683\" src=\"https:\/\/maismagazine.pt\/wp-content\/uploads\/2024\/02\/Mangrove-Planting-1024x683.jpg\" alt=\"\" class=\"wp-image-8848\" style=\"aspect-ratio:1.499267935578331;width:450px;height:auto\" srcset=\"http:\/\/maismagazine.pt\/wp-content\/uploads\/2024\/02\/Mangrove-Planting-1024x683.jpg 1024w, http:\/\/maismagazine.pt\/wp-content\/uploads\/2024\/02\/Mangrove-Planting-300x200.jpg 300w, http:\/\/maismagazine.pt\/wp-content\/uploads\/2024\/02\/Mangrove-Planting-768x512.jpg 768w, http:\/\/maismagazine.pt\/wp-content\/uploads\/2024\/02\/Mangrove-Planting-1536x1024.jpg 1536w, http:\/\/maismagazine.pt\/wp-content\/uploads\/2024\/02\/Mangrove-Planting-150x100.jpg 150w, http:\/\/maismagazine.pt\/wp-content\/uploads\/2024\/02\/Mangrove-Planting.jpg 2048w\" sizes=\"auto, (max-width: 1024px) 100vw, 1024px\" \/><\/figure>\n\n\n\n<figure class=\"wp-block-image size-full is-resized\"><img loading=\"lazy\" decoding=\"async\" width=\"806\" height=\"537\" src=\"https:\/\/maismagazine.pt\/wp-content\/uploads\/2024\/02\/ISE-Lab.jpg\" alt=\"\" class=\"wp-image-8850\" style=\"aspect-ratio:1.500931098696462;width:452px;height:auto\" srcset=\"http:\/\/maismagazine.pt\/wp-content\/uploads\/2024\/02\/ISE-Lab.jpg 806w, http:\/\/maismagazine.pt\/wp-content\/uploads\/2024\/02\/ISE-Lab-300x200.jpg 300w, http:\/\/maismagazine.pt\/wp-content\/uploads\/2024\/02\/ISE-Lab-768x512.jpg 768w, http:\/\/maismagazine.pt\/wp-content\/uploads\/2024\/02\/ISE-Lab-150x100.jpg 150w\" sizes=\"auto, (max-width: 806px) 100vw, 806px\" \/><\/figure>\n<\/div>\n\n\n\n<p><\/p>\n\n\n\n<p><strong>Podemos dizer que a investiga\u00e7\u00e3o ser\u00e1 uma das vossas apostas? E no que respeita \u00e0 inova\u00e7\u00e3o, ser\u00e1 tamb\u00e9m uma das vossas preocupa\u00e7\u00f5es?<\/strong><\/p>\n\n\n\n<p>As universidades s\u00e3o fundamentalmente locais de produ\u00e7\u00e3o e dissemina\u00e7\u00e3o de conhecimento. S\u00e3o, por isso, lugares de inova\u00e7\u00e3o e de rutura: lugares em que o apetite ilimitado dos seres humanos para conhecer e compreender tem r\u00e9dea solta para explorar novas ideias, novas formas de fazer as coisas. Os nossos programas, a todos os n\u00edveis, s\u00e3o concebidos para incutir um esp\u00edrito de curiosidade, inova\u00e7\u00e3o e empreendedorismo. Isto nunca \u00e9 mais verdadeiro do que no trabalho de investiga\u00e7\u00e3o do nosso pessoal acad\u00e9mico, que &#8211; com os nossos estudantes de licenciatura em investiga\u00e7\u00e3o &#8211; constitui uma comunidade de duzentos investigadores que trabalham em quase todas as disciplinas acad\u00e9micas. Tamb\u00e9m aqui, o nosso car\u00e1ter internacional encontra express\u00e3o, com colabora\u00e7\u00f5es significativas em parcerias acad\u00e9micas e comerciais na China. Lan\u00e7\u00e1mos recentemente a primeira colabora\u00e7\u00e3o de investiga\u00e7\u00e3o Portugal-Macau-China sobre a economia verde-azul e o ambiente marinho com o Instituto de Oceanologia da Academia Chinesa de Ci\u00eancias em Qingdao, na prov\u00edncia de Shandong, no norte da China, com o Instituto Portugu\u00eas do Mar e da Atmosfera (IPMA), Centro de Biotecnologia e Qu\u00edmica Fina da Universidade Cat\u00f3lica Portuguesa. Nas Artes, o nosso Departamento de Ind\u00fastrias Criativas est\u00e1 envolvido num projeto com a Seton Hall University nos EUA, a Pontif\u00edcia Universidade Cat\u00f3lica no Peru e a Universidade Jo\u00e3o Paulo II na Pol\u00f3nia, para criar uma exposi\u00e7\u00e3o global virtual de arte, arquitetura e cultura, e os nossos fil\u00f3sofos, historiadores e te\u00f3logos est\u00e3o envolvidos num grupo de investiga\u00e7\u00e3o internacional sobre mem\u00f3ria e identidade, com acad\u00e9micos na Austr\u00e1lia, Filipinas, Tail\u00e2ndia, L\u00edbano, Cro\u00e1cia, Portugal e Reino Unido. <\/p>\n\n\n\n<p><\/p>\n\n\n\n<p><strong>Para quando est\u00e1 prevista a abertura da University of Saint Joseph Macau em Portugal? Quais s\u00e3o as vossas expetativas para a mesma?<\/strong><\/p>\n\n\n\n<p>Esperamos iniciar as obras de constru\u00e7\u00e3o do Polo de Lisboa da USJ antes do final deste ano, com abertura prevista para 2025\/26, a tempo de assinalar o 450\u00ba anivers\u00e1rio do estabelecimento formal da Cidade e Diocese de Macau. <\/p>\n\n\n\n<p><\/p>\n\n\n<div class=\"wp-block-image\">\n<figure class=\"aligncenter size-full is-resized\"><img loading=\"lazy\" decoding=\"async\" width=\"864\" height=\"576\" src=\"https:\/\/maismagazine.pt\/wp-content\/uploads\/2024\/02\/USJ-Students.jpg\" alt=\"\" class=\"wp-image-8855\" style=\"aspect-ratio:1.5;width:543px;height:auto\" srcset=\"http:\/\/maismagazine.pt\/wp-content\/uploads\/2024\/02\/USJ-Students.jpg 864w, http:\/\/maismagazine.pt\/wp-content\/uploads\/2024\/02\/USJ-Students-300x200.jpg 300w, http:\/\/maismagazine.pt\/wp-content\/uploads\/2024\/02\/USJ-Students-768x512.jpg 768w, http:\/\/maismagazine.pt\/wp-content\/uploads\/2024\/02\/USJ-Students-150x100.jpg 150w\" sizes=\"auto, (max-width: 864px) 100vw, 864px\" \/><\/figure><\/div>\n\n\n<p><\/p>\n\n\n\n<p><strong>Qual \u00e9 a sua opini\u00e3o sobre o estado atual do ensino superior portugu\u00eas? Como \u00e9 que a University of Saint Joseph Macau pode contribuir para melhorar este estado? <\/strong><\/p>\n\n\n\n<p>Antes de vir para Macau (da Universidade de Oxford), tinha pouca experi\u00eancia direta do ensino superior portugu\u00eas, mas os \u00faltimos seis anos t\u00eam sido um verdadeiro privil\u00e9gio, pois tenho vindo a conhec\u00ea-lo bem. Existe um verdadeiro e merecido orgulho nas universidades portuguesas e uma sensa\u00e7\u00e3o de que o pa\u00eds compreende que o ensino superior \u00e9 essencial para a sua prosperidade e progresso. \u00c9 claro que as quest\u00f5es que afetam todas as universidades est\u00e3o presentes &#8211; especialmente numa altura em que os fundos p\u00fablicos s\u00e3o escassos e em que \u00e9 dif\u00edcil conseguir que os pol\u00edticos alarguem a sua vis\u00e3o instrumental das universidades como centros de forma\u00e7\u00e3o STEM &#8211; mas o que tenho visto em Portugal d\u00e1&#8211;me muita esperan\u00e7a. Uma das minhas fun\u00e7\u00f5es \u00e9 ter assento no Conselho Superior da Cat\u00f3lica. Aqui vejo o melhor do trabalho de qualidade, inovador e virado para o exterior das universidades portuguesas. A nova escola m\u00e9dica do Campus de Sintra \u00e9 o exemplo mais not\u00e1vel de como se pode repensar a resposta \u00e0s necessidades da sociedade.<\/p>\n\n\n\n<p><\/p>\n\n\n\n<p><strong>Finalmente, para o futuro, o que \u00e9 que podemos esperar desta universidade? <\/strong><\/p>\n\n\n\n<p>A USJ Macau j\u00e1 \u00e9 um s\u00edtio fant\u00e1stico. Tem uma sensa\u00e7\u00e3o, uma atmosfera, um esp\u00edrito e um sentido de objetivo como nenhum outro. Este sentido de prop\u00f3sito est\u00e1 a levar a USJ Macau a pensar ainda mais sobre como podemos concretizar o nosso objetivo de nos tornarmos a universidade cat\u00f3lica internacional de elite na \u00c1sia Oriental. Os nossos licenciados j\u00e1 est\u00e3o entre os mais bem-sucedidos, empreg\u00e1veis e (e isto \u00e9 importante) felizes que conhe\u00e7o. N\u00e3o consigo pensar num lugar melhor para estudar para algu\u00e9m que quer ser bem-sucedido, empreg\u00e1vel e feliz, especialmente se quiser estar no centro do s\u00e9culo asi\u00e1tico. <\/p>\n\n\n\n<p><\/p>\n\n\n<div class=\"wp-block-image\">\n<figure class=\"aligncenter size-full is-resized\"><img loading=\"lazy\" decoding=\"async\" width=\"328\" height=\"127\" src=\"https:\/\/maismagazine.pt\/wp-content\/uploads\/2024\/02\/image.png\" alt=\"\" class=\"wp-image-8856\" style=\"aspect-ratio:2.5826771653543306;width:405px;height:auto\" srcset=\"http:\/\/maismagazine.pt\/wp-content\/uploads\/2024\/02\/image.png 328w, http:\/\/maismagazine.pt\/wp-content\/uploads\/2024\/02\/image-300x116.png 300w\" sizes=\"auto, (max-width: 328px) 100vw, 328px\" \/><\/figure><\/div>","protected":false},"excerpt":{"rendered":"<p>Explique como surgiu a ideia de implementar a University of Saint Joseph Macau em Portugal. A University of Saint Joseph Macau foi fundada numa parceria entre a Diocese de Macau e a Universidade Cat\u00f3lica Portuguesa nos \u00faltimos anos da administra\u00e7\u00e3o portuguesa de Macau. Para celebrar o nosso 25\u00ba anivers\u00e1rio, e&hellip;<\/p>\n","protected":false},"author":17,"featured_media":8857,"comment_status":"closed","ping_status":"open","sticky":false,"template":"","format":"standard","meta":{"advgb_blocks_editor_width":"","advgb_blocks_columns_visual_guide":"","_monsterinsights_skip_tracking":false,"_monsterinsights_sitenote_active":false,"_monsterinsights_sitenote_note":"","_monsterinsights_sitenote_category":0,"footnotes":""},"categories":[50,149],"tags":[1838],"class_list":["post-8842","post","type-post","status-publish","format-standard","has-post-thumbnail","hentry","category-destaques","category-educacao","tag-universidade-sao-jose"],"yoast_head":"<!-- This site is optimized with the Yoast SEO plugin v24.4 - https:\/\/yoast.com\/wordpress\/plugins\/seo\/ -->\n<title>USJ em Portugal: Uma ponte para o futuro do interc\u00e2mbio acad\u00e9mico e cultural - Mais Magazine<\/title>\n<meta name=\"description\" content=\"A University of Saint Joseph Macau foi fundada numa parceria entre a Diocese de Macau e a Universidade Cat\u00f3lica Portuguesa nos \u00faltimos anos da administra\u00e7\u00e3o portuguesa de Macau. Para celebrar o nosso 25\u00ba anivers\u00e1rio, e em reconhecimento do crescente interc\u00e2mbio acad\u00e9mico e comercial com Portugal que a USJ Macau tem agora, decidimos que era necess\u00e1ria uma delega\u00e7\u00e3o com um gabinete permanente para manter e aprofundar os nossos la\u00e7os com Portugal.\" \/>\n<meta name=\"robots\" content=\"index, follow, max-snippet:-1, max-image-preview:large, max-video-preview:-1\" \/>\n<link rel=\"canonical\" href=\"http:\/\/maismagazine.pt\/index.php\/2024\/02\/23\/usj-em-portugal-uma-ponte-para-o-futuro-do-intercambio-academico-e-cultural\/\" \/>\n<meta property=\"og:locale\" content=\"pt_PT\" \/>\n<meta property=\"og:type\" content=\"article\" \/>\n<meta property=\"og:title\" content=\"USJ em Portugal: Uma ponte para o futuro do interc\u00e2mbio acad\u00e9mico e cultural - Mais Magazine\" \/>\n<meta property=\"og:description\" content=\"A University of Saint Joseph Macau foi fundada numa parceria entre a Diocese de Macau e a Universidade Cat\u00f3lica Portuguesa nos \u00faltimos anos da administra\u00e7\u00e3o portuguesa de Macau. Para celebrar o nosso 25\u00ba anivers\u00e1rio, e em reconhecimento do crescente interc\u00e2mbio acad\u00e9mico e comercial com Portugal que a USJ Macau tem agora, decidimos que era necess\u00e1ria uma delega\u00e7\u00e3o com um gabinete permanente para manter e aprofundar os nossos la\u00e7os com Portugal.\" \/>\n<meta property=\"og:url\" content=\"http:\/\/maismagazine.pt\/index.php\/2024\/02\/23\/usj-em-portugal-uma-ponte-para-o-futuro-do-intercambio-academico-e-cultural\/\" \/>\n<meta property=\"og:site_name\" content=\"Mais Magazine\" \/>\n<meta property=\"article:published_time\" content=\"2024-02-23T07:00:00+00:00\" \/>\n<meta property=\"og:image\" content=\"http:\/\/maismagazine.pt\/wp-content\/uploads\/2024\/02\/USJ-Campus-Day-Alt.jpg\" \/>\n\t<meta property=\"og:image:width\" content=\"984\" \/>\n\t<meta property=\"og:image:height\" content=\"655\" \/>\n\t<meta property=\"og:image:type\" content=\"image\/jpeg\" \/>\n<meta name=\"author\" content=\"Tiago Costa\" \/>\n<meta name=\"twitter:card\" content=\"summary_large_image\" \/>\n<meta name=\"twitter:label1\" content=\"Escrito por\" \/>\n\t<meta name=\"twitter:data1\" content=\"\" \/>\n\t<meta name=\"twitter:label2\" content=\"Tempo estimado de leitura\" \/>\n\t<meta name=\"twitter:data2\" content=\"11 minutos\" \/>\n<script type=\"application\/ld+json\" class=\"yoast-schema-graph\">{\"@context\":\"https:\/\/schema.org\",\"@graph\":[{\"@type\":\"Article\",\"@id\":\"http:\/\/maismagazine.pt\/index.php\/2024\/02\/23\/usj-em-portugal-uma-ponte-para-o-futuro-do-intercambio-academico-e-cultural\/#article\",\"isPartOf\":{\"@id\":\"http:\/\/maismagazine.pt\/index.php\/2024\/02\/23\/usj-em-portugal-uma-ponte-para-o-futuro-do-intercambio-academico-e-cultural\/\"},\"author\":{\"name\":\"Tiago Costa\",\"@id\":\"https:\/\/maismagazine.pt\/#\/schema\/person\/c6c5bfccc886434cbd11c74e035f9646\"},\"headline\":\"USJ em Portugal: Uma ponte para o futuro do interc\u00e2mbio acad\u00e9mico e cultural\",\"datePublished\":\"2024-02-23T07:00:00+00:00\",\"mainEntityOfPage\":{\"@id\":\"http:\/\/maismagazine.pt\/index.php\/2024\/02\/23\/usj-em-portugal-uma-ponte-para-o-futuro-do-intercambio-academico-e-cultural\/\"},\"wordCount\":1955,\"publisher\":{\"@id\":\"https:\/\/maismagazine.pt\/#organization\"},\"image\":{\"@id\":\"http:\/\/maismagazine.pt\/index.php\/2024\/02\/23\/usj-em-portugal-uma-ponte-para-o-futuro-do-intercambio-academico-e-cultural\/#primaryimage\"},\"thumbnailUrl\":\"http:\/\/maismagazine.pt\/wp-content\/uploads\/2024\/02\/USJ-Campus-Day-Alt.jpg\",\"keywords\":[\"Universidade S\u00e3o Jos\u00e9\"],\"articleSection\":[\"Destaques\",\"Educa\u00e7\u00e3o\"],\"inLanguage\":\"pt-PT\"},{\"@type\":\"WebPage\",\"@id\":\"http:\/\/maismagazine.pt\/index.php\/2024\/02\/23\/usj-em-portugal-uma-ponte-para-o-futuro-do-intercambio-academico-e-cultural\/\",\"url\":\"http:\/\/maismagazine.pt\/index.php\/2024\/02\/23\/usj-em-portugal-uma-ponte-para-o-futuro-do-intercambio-academico-e-cultural\/\",\"name\":\"USJ em Portugal: Uma ponte para o futuro do interc\u00e2mbio acad\u00e9mico e cultural - Mais Magazine\",\"isPartOf\":{\"@id\":\"https:\/\/maismagazine.pt\/#website\"},\"primaryImageOfPage\":{\"@id\":\"http:\/\/maismagazine.pt\/index.php\/2024\/02\/23\/usj-em-portugal-uma-ponte-para-o-futuro-do-intercambio-academico-e-cultural\/#primaryimage\"},\"image\":{\"@id\":\"http:\/\/maismagazine.pt\/index.php\/2024\/02\/23\/usj-em-portugal-uma-ponte-para-o-futuro-do-intercambio-academico-e-cultural\/#primaryimage\"},\"thumbnailUrl\":\"http:\/\/maismagazine.pt\/wp-content\/uploads\/2024\/02\/USJ-Campus-Day-Alt.jpg\",\"datePublished\":\"2024-02-23T07:00:00+00:00\",\"description\":\"A University of Saint Joseph Macau foi fundada numa parceria entre a Diocese de Macau e a Universidade Cat\u00f3lica Portuguesa nos \u00faltimos anos da administra\u00e7\u00e3o portuguesa de Macau. Para celebrar o nosso 25\u00ba anivers\u00e1rio, e em reconhecimento do crescente interc\u00e2mbio acad\u00e9mico e comercial com Portugal que a USJ Macau tem agora, decidimos que era necess\u00e1ria uma delega\u00e7\u00e3o com um gabinete permanente para manter e aprofundar os nossos la\u00e7os com Portugal.\",\"breadcrumb\":{\"@id\":\"http:\/\/maismagazine.pt\/index.php\/2024\/02\/23\/usj-em-portugal-uma-ponte-para-o-futuro-do-intercambio-academico-e-cultural\/#breadcrumb\"},\"inLanguage\":\"pt-PT\",\"potentialAction\":[{\"@type\":\"ReadAction\",\"target\":[\"http:\/\/maismagazine.pt\/index.php\/2024\/02\/23\/usj-em-portugal-uma-ponte-para-o-futuro-do-intercambio-academico-e-cultural\/\"]}]},{\"@type\":\"ImageObject\",\"inLanguage\":\"pt-PT\",\"@id\":\"http:\/\/maismagazine.pt\/index.php\/2024\/02\/23\/usj-em-portugal-uma-ponte-para-o-futuro-do-intercambio-academico-e-cultural\/#primaryimage\",\"url\":\"http:\/\/maismagazine.pt\/wp-content\/uploads\/2024\/02\/USJ-Campus-Day-Alt.jpg\",\"contentUrl\":\"http:\/\/maismagazine.pt\/wp-content\/uploads\/2024\/02\/USJ-Campus-Day-Alt.jpg\",\"width\":984,\"height\":655},{\"@type\":\"BreadcrumbList\",\"@id\":\"http:\/\/maismagazine.pt\/index.php\/2024\/02\/23\/usj-em-portugal-uma-ponte-para-o-futuro-do-intercambio-academico-e-cultural\/#breadcrumb\",\"itemListElement\":[{\"@type\":\"ListItem\",\"position\":1,\"name\":\"Home\",\"item\":\"https:\/\/maismagazine.pt\/\"},{\"@type\":\"ListItem\",\"position\":2,\"name\":\"USJ em Portugal: Uma ponte para o futuro do interc\u00e2mbio acad\u00e9mico e cultural\"}]},{\"@type\":\"WebSite\",\"@id\":\"https:\/\/maismagazine.pt\/#website\",\"url\":\"https:\/\/maismagazine.pt\/\",\"name\":\"Mais Magazine\",\"description\":\"\",\"publisher\":{\"@id\":\"https:\/\/maismagazine.pt\/#organization\"},\"potentialAction\":[{\"@type\":\"SearchAction\",\"target\":{\"@type\":\"EntryPoint\",\"urlTemplate\":\"https:\/\/maismagazine.pt\/?s={search_term_string}\"},\"query-input\":{\"@type\":\"PropertyValueSpecification\",\"valueRequired\":true,\"valueName\":\"search_term_string\"}}],\"inLanguage\":\"pt-PT\"},{\"@type\":\"Organization\",\"@id\":\"https:\/\/maismagazine.pt\/#organization\",\"name\":\"Mais Magazine\",\"url\":\"https:\/\/maismagazine.pt\/\",\"logo\":{\"@type\":\"ImageObject\",\"inLanguage\":\"pt-PT\",\"@id\":\"https:\/\/maismagazine.pt\/#\/schema\/logo\/image\/\",\"url\":\"http:\/\/maismagazine.pt\/wp-content\/uploads\/2020\/04\/cropped-cropped-mais-magazine-site-logo-2.png\",\"contentUrl\":\"http:\/\/maismagazine.pt\/wp-content\/uploads\/2020\/04\/cropped-cropped-mais-magazine-site-logo-2.png\",\"width\":581,\"height\":90,\"caption\":\"Mais Magazine\"},\"image\":{\"@id\":\"https:\/\/maismagazine.pt\/#\/schema\/logo\/image\/\"}},{\"@type\":\"Person\",\"@id\":\"https:\/\/maismagazine.pt\/#\/schema\/person\/c6c5bfccc886434cbd11c74e035f9646\",\"name\":\"Tiago Costa\",\"image\":{\"@type\":\"ImageObject\",\"inLanguage\":\"pt-PT\",\"@id\":\"https:\/\/maismagazine.pt\/#\/schema\/person\/image\/\",\"url\":\"https:\/\/secure.gravatar.com\/avatar\/c599b2bce16c9870429198cbad5ee022?s=96&d=mm&r=g\",\"contentUrl\":\"https:\/\/secure.gravatar.com\/avatar\/c599b2bce16c9870429198cbad5ee022?s=96&d=mm&r=g\",\"caption\":\"Tiago Costa\"},\"url\":\"http:\/\/maismagazine.pt\/index.php\/author\/tiago\/\"}]}<\/script>\n<!-- \/ Yoast SEO plugin. -->","yoast_head_json":{"title":"USJ em Portugal: Uma ponte para o futuro do interc\u00e2mbio acad\u00e9mico e cultural - Mais Magazine","description":"A University of Saint Joseph Macau foi fundada numa parceria entre a Diocese de Macau e a Universidade Cat\u00f3lica Portuguesa nos \u00faltimos anos da administra\u00e7\u00e3o portuguesa de Macau. Para celebrar o nosso 25\u00ba anivers\u00e1rio, e em reconhecimento do crescente interc\u00e2mbio acad\u00e9mico e comercial com Portugal que a USJ Macau tem agora, decidimos que era necess\u00e1ria uma delega\u00e7\u00e3o com um gabinete permanente para manter e aprofundar os nossos la\u00e7os com Portugal.","robots":{"index":"index","follow":"follow","max-snippet":"max-snippet:-1","max-image-preview":"max-image-preview:large","max-video-preview":"max-video-preview:-1"},"canonical":"http:\/\/maismagazine.pt\/index.php\/2024\/02\/23\/usj-em-portugal-uma-ponte-para-o-futuro-do-intercambio-academico-e-cultural\/","og_locale":"pt_PT","og_type":"article","og_title":"USJ em Portugal: Uma ponte para o futuro do interc\u00e2mbio acad\u00e9mico e cultural - Mais Magazine","og_description":"A University of Saint Joseph Macau foi fundada numa parceria entre a Diocese de Macau e a Universidade Cat\u00f3lica Portuguesa nos \u00faltimos anos da administra\u00e7\u00e3o portuguesa de Macau. Para celebrar o nosso 25\u00ba anivers\u00e1rio, e em reconhecimento do crescente interc\u00e2mbio acad\u00e9mico e comercial com Portugal que a USJ Macau tem agora, decidimos que era necess\u00e1ria uma delega\u00e7\u00e3o com um gabinete permanente para manter e aprofundar os nossos la\u00e7os com Portugal.","og_url":"http:\/\/maismagazine.pt\/index.php\/2024\/02\/23\/usj-em-portugal-uma-ponte-para-o-futuro-do-intercambio-academico-e-cultural\/","og_site_name":"Mais Magazine","article_published_time":"2024-02-23T07:00:00+00:00","og_image":[{"width":984,"height":655,"url":"http:\/\/maismagazine.pt\/wp-content\/uploads\/2024\/02\/USJ-Campus-Day-Alt.jpg","type":"image\/jpeg"}],"author":"Tiago Costa","twitter_card":"summary_large_image","twitter_misc":{"Escrito por":false,"Tempo estimado de leitura":"11 minutos"},"schema":{"@context":"https:\/\/schema.org","@graph":[{"@type":"Article","@id":"http:\/\/maismagazine.pt\/index.php\/2024\/02\/23\/usj-em-portugal-uma-ponte-para-o-futuro-do-intercambio-academico-e-cultural\/#article","isPartOf":{"@id":"http:\/\/maismagazine.pt\/index.php\/2024\/02\/23\/usj-em-portugal-uma-ponte-para-o-futuro-do-intercambio-academico-e-cultural\/"},"author":{"name":"Tiago Costa","@id":"https:\/\/maismagazine.pt\/#\/schema\/person\/c6c5bfccc886434cbd11c74e035f9646"},"headline":"USJ em Portugal: Uma ponte para o futuro do interc\u00e2mbio acad\u00e9mico e cultural","datePublished":"2024-02-23T07:00:00+00:00","mainEntityOfPage":{"@id":"http:\/\/maismagazine.pt\/index.php\/2024\/02\/23\/usj-em-portugal-uma-ponte-para-o-futuro-do-intercambio-academico-e-cultural\/"},"wordCount":1955,"publisher":{"@id":"https:\/\/maismagazine.pt\/#organization"},"image":{"@id":"http:\/\/maismagazine.pt\/index.php\/2024\/02\/23\/usj-em-portugal-uma-ponte-para-o-futuro-do-intercambio-academico-e-cultural\/#primaryimage"},"thumbnailUrl":"http:\/\/maismagazine.pt\/wp-content\/uploads\/2024\/02\/USJ-Campus-Day-Alt.jpg","keywords":["Universidade S\u00e3o Jos\u00e9"],"articleSection":["Destaques","Educa\u00e7\u00e3o"],"inLanguage":"pt-PT"},{"@type":"WebPage","@id":"http:\/\/maismagazine.pt\/index.php\/2024\/02\/23\/usj-em-portugal-uma-ponte-para-o-futuro-do-intercambio-academico-e-cultural\/","url":"http:\/\/maismagazine.pt\/index.php\/2024\/02\/23\/usj-em-portugal-uma-ponte-para-o-futuro-do-intercambio-academico-e-cultural\/","name":"USJ em Portugal: Uma ponte para o futuro do interc\u00e2mbio acad\u00e9mico e cultural - Mais Magazine","isPartOf":{"@id":"https:\/\/maismagazine.pt\/#website"},"primaryImageOfPage":{"@id":"http:\/\/maismagazine.pt\/index.php\/2024\/02\/23\/usj-em-portugal-uma-ponte-para-o-futuro-do-intercambio-academico-e-cultural\/#primaryimage"},"image":{"@id":"http:\/\/maismagazine.pt\/index.php\/2024\/02\/23\/usj-em-portugal-uma-ponte-para-o-futuro-do-intercambio-academico-e-cultural\/#primaryimage"},"thumbnailUrl":"http:\/\/maismagazine.pt\/wp-content\/uploads\/2024\/02\/USJ-Campus-Day-Alt.jpg","datePublished":"2024-02-23T07:00:00+00:00","description":"A University of Saint Joseph Macau foi fundada numa parceria entre a Diocese de Macau e a Universidade Cat\u00f3lica Portuguesa nos \u00faltimos anos da administra\u00e7\u00e3o portuguesa de Macau. Para celebrar o nosso 25\u00ba anivers\u00e1rio, e em reconhecimento do crescente interc\u00e2mbio acad\u00e9mico e comercial com Portugal que a USJ Macau tem agora, decidimos que era necess\u00e1ria uma delega\u00e7\u00e3o com um gabinete permanente para manter e aprofundar os nossos la\u00e7os com Portugal.","breadcrumb":{"@id":"http:\/\/maismagazine.pt\/index.php\/2024\/02\/23\/usj-em-portugal-uma-ponte-para-o-futuro-do-intercambio-academico-e-cultural\/#breadcrumb"},"inLanguage":"pt-PT","potentialAction":[{"@type":"ReadAction","target":["http:\/\/maismagazine.pt\/index.php\/2024\/02\/23\/usj-em-portugal-uma-ponte-para-o-futuro-do-intercambio-academico-e-cultural\/"]}]},{"@type":"ImageObject","inLanguage":"pt-PT","@id":"http:\/\/maismagazine.pt\/index.php\/2024\/02\/23\/usj-em-portugal-uma-ponte-para-o-futuro-do-intercambio-academico-e-cultural\/#primaryimage","url":"http:\/\/maismagazine.pt\/wp-content\/uploads\/2024\/02\/USJ-Campus-Day-Alt.jpg","contentUrl":"http:\/\/maismagazine.pt\/wp-content\/uploads\/2024\/02\/USJ-Campus-Day-Alt.jpg","width":984,"height":655},{"@type":"BreadcrumbList","@id":"http:\/\/maismagazine.pt\/index.php\/2024\/02\/23\/usj-em-portugal-uma-ponte-para-o-futuro-do-intercambio-academico-e-cultural\/#breadcrumb","itemListElement":[{"@type":"ListItem","position":1,"name":"Home","item":"https:\/\/maismagazine.pt\/"},{"@type":"ListItem","position":2,"name":"USJ em Portugal: Uma ponte para o futuro do interc\u00e2mbio acad\u00e9mico e cultural"}]},{"@type":"WebSite","@id":"https:\/\/maismagazine.pt\/#website","url":"https:\/\/maismagazine.pt\/","name":"Mais Magazine","description":"","publisher":{"@id":"https:\/\/maismagazine.pt\/#organization"},"potentialAction":[{"@type":"SearchAction","target":{"@type":"EntryPoint","urlTemplate":"https:\/\/maismagazine.pt\/?s={search_term_string}"},"query-input":{"@type":"PropertyValueSpecification","valueRequired":true,"valueName":"search_term_string"}}],"inLanguage":"pt-PT"},{"@type":"Organization","@id":"https:\/\/maismagazine.pt\/#organization","name":"Mais Magazine","url":"https:\/\/maismagazine.pt\/","logo":{"@type":"ImageObject","inLanguage":"pt-PT","@id":"https:\/\/maismagazine.pt\/#\/schema\/logo\/image\/","url":"http:\/\/maismagazine.pt\/wp-content\/uploads\/2020\/04\/cropped-cropped-mais-magazine-site-logo-2.png","contentUrl":"http:\/\/maismagazine.pt\/wp-content\/uploads\/2020\/04\/cropped-cropped-mais-magazine-site-logo-2.png","width":581,"height":90,"caption":"Mais Magazine"},"image":{"@id":"https:\/\/maismagazine.pt\/#\/schema\/logo\/image\/"}},{"@type":"Person","@id":"https:\/\/maismagazine.pt\/#\/schema\/person\/c6c5bfccc886434cbd11c74e035f9646","name":"Tiago Costa","image":{"@type":"ImageObject","inLanguage":"pt-PT","@id":"https:\/\/maismagazine.pt\/#\/schema\/person\/image\/","url":"https:\/\/secure.gravatar.com\/avatar\/c599b2bce16c9870429198cbad5ee022?s=96&d=mm&r=g","contentUrl":"https:\/\/secure.gravatar.com\/avatar\/c599b2bce16c9870429198cbad5ee022?s=96&d=mm&r=g","caption":"Tiago Costa"},"url":"http:\/\/maismagazine.pt\/index.php\/author\/tiago\/"}]}},"author_meta":{"display_name":false,"author_link":"http:\/\/maismagazine.pt\/index.php\/author\/tiago\/"},"featured_img":"http:\/\/maismagazine.pt\/wp-content\/uploads\/2024\/02\/USJ-Campus-Day-Alt-300x200.jpg","coauthors":[],"tax_additional":{"categories":{"linked":["<a href=\"http:\/\/maismagazine.pt\/index.php\/category\/destaques\/\" class=\"advgb-post-tax-term\">Destaques<\/a>","<a href=\"http:\/\/maismagazine.pt\/index.php\/category\/educacao\/\" class=\"advgb-post-tax-term\">Educa\u00e7\u00e3o<\/a>"],"unlinked":["<span class=\"advgb-post-tax-term\">Destaques<\/span>","<span class=\"advgb-post-tax-term\">Educa\u00e7\u00e3o<\/span>"]},"tags":{"linked":["<a href=\"http:\/\/maismagazine.pt\/index.php\/category\/educacao\/\" class=\"advgb-post-tax-term\">Universidade S\u00e3o Jos\u00e9<\/a>"],"unlinked":["<span class=\"advgb-post-tax-term\">Universidade S\u00e3o Jos\u00e9<\/span>"]}},"comment_count":"0","relative_dates":{"created":"Posted 2 anos ago","modified":"Updated 2 anos ago"},"absolute_dates":{"created":"Posted on 23 de Fevereiro, 2024","modified":"Updated on 19 de Fevereiro, 2024"},"absolute_dates_time":{"created":"Posted on 23 de Fevereiro, 2024 7:00","modified":"Updated on 19 de Fevereiro, 2024 16:22"},"featured_img_caption":"","series_order":"","_links":{"self":[{"href":"http:\/\/maismagazine.pt\/index.php\/wp-json\/wp\/v2\/posts\/8842","targetHints":{"allow":["GET"]}}],"collection":[{"href":"http:\/\/maismagazine.pt\/index.php\/wp-json\/wp\/v2\/posts"}],"about":[{"href":"http:\/\/maismagazine.pt\/index.php\/wp-json\/wp\/v2\/types\/post"}],"author":[{"embeddable":true,"href":"http:\/\/maismagazine.pt\/index.php\/wp-json\/wp\/v2\/users\/17"}],"replies":[{"embeddable":true,"href":"http:\/\/maismagazine.pt\/index.php\/wp-json\/wp\/v2\/comments?post=8842"}],"version-history":[{"count":1,"href":"http:\/\/maismagazine.pt\/index.php\/wp-json\/wp\/v2\/posts\/8842\/revisions"}],"predecessor-version":[{"id":8858,"href":"http:\/\/maismagazine.pt\/index.php\/wp-json\/wp\/v2\/posts\/8842\/revisions\/8858"}],"wp:featuredmedia":[{"embeddable":true,"href":"http:\/\/maismagazine.pt\/index.php\/wp-json\/wp\/v2\/media\/8857"}],"wp:attachment":[{"href":"http:\/\/maismagazine.pt\/index.php\/wp-json\/wp\/v2\/media?parent=8842"}],"wp:term":[{"taxonomy":"category","embeddable":true,"href":"http:\/\/maismagazine.pt\/index.php\/wp-json\/wp\/v2\/categories?post=8842"},{"taxonomy":"post_tag","embeddable":true,"href":"http:\/\/maismagazine.pt\/index.php\/wp-json\/wp\/v2\/tags?post=8842"}],"curies":[{"name":"wp","href":"https:\/\/api.w.org\/{rel}","templated":true}]}}