{"id":8726,"date":"2024-02-01T15:29:17","date_gmt":"2024-02-01T15:29:17","guid":{"rendered":"https:\/\/maismagazine.pt\/?p=8726"},"modified":"2024-02-01T15:29:17","modified_gmt":"2024-02-01T15:29:17","slug":"associacao-portuguesa-da-industria-de-plasticos-apip-reforca-a-sua-atividade-na-zona-norte-com-nova-delegacao-em-oliveira-de-azemeis","status":"publish","type":"post","link":"http:\/\/maismagazine.pt\/index.php\/2024\/02\/01\/associacao-portuguesa-da-industria-de-plasticos-apip-reforca-a-sua-atividade-na-zona-norte-com-nova-delegacao-em-oliveira-de-azemeis\/","title":{"rendered":"Associa\u00e7\u00e3o portuguesa da ind\u00fastria de pl\u00e1sticos (APIP) refor\u00e7a a sua atividade na zona norte, com nova delega\u00e7\u00e3o em Oliveira de Azem\u00e9is"},"content":{"rendered":"\n<p><strong>Associa\u00e7\u00e3o Portuguesa da Ind\u00fastria de Pl\u00e1sticos (APIP) inaugurou, no passado dia 26 de janeiro, a sua nova delega\u00e7\u00e3o em Oliveira de Azem\u00e9is, no decorrer da Sess\u00e3o p\u00fablica de apresenta\u00e7\u00e3o da Agenda Mobilizadora Sustainable Plastics e do Roteiro para a Descarboniza\u00e7\u00e3o da Ind\u00fastria dos Pl\u00e1sticos, dois projetos cofinanciados pelo PRR.<\/strong><\/p>\n\n\n\n<p><\/p>\n\n\n\n<p>O audit\u00f3rio do Centro de Neg\u00f3cios da \u00c1rea de Acolhimento de UL\/Loureiro, em Oliveira de Azem\u00e9is sobrelotou no passado dia 26 de janeiro, onde foram apresentados, em Sess\u00e3o P\u00fablica, dois projetos, promovidos pela APIP e co-financiados pelo PRR,  estruturantes para alavancar a transi\u00e7\u00e3o da cadeia de valor dos pl\u00e1sticos para uma economia circular e neutra em carbono &#8211; a Agenda Mobilizadora Sustainable Plastics, liderada pela Logoplaste Innovation Lab, e o Roteiro para a Descarboniza\u00e7\u00e3o da Ind\u00fastria dos Pl\u00e1sticos, desenvolvido em parceria com a Ernst &amp; Young, respetivamente. Estas duas iniciativas procuram cimentar o compromisso cont\u00ednuo do setor dos pl\u00e1sticos com a sustentabilidade e, progressivamente, com o conceito de regenera\u00e7\u00e3o, enquanto abordagem que visa restaurar ativamente o meio ambiente global e sem a qual n\u00e3o se conseguir\u00e1 alcan\u00e7ar a efici\u00eancia dos recursos existentes ou potencialmente existentes.<br><\/p>\n\n\n\n<p>Este evento, organizado pela APIP, teve como anfitri\u00e3 a C\u00e2mara Municipal de Oliveira de Azem\u00e9is, na pessoa do seu Presidente, Joaquim Jorge Ferreira, e contou com a presen\u00e7a de ilustres oradores e empres\u00e1rios da ind\u00fastria dos pl\u00e1sticos e especialistas em sustentabilidade.<\/p>\n\n\n\n<p><\/p>\n\n\n\n<p>No final desta Apresenta\u00e7\u00e3o P\u00fablica, teve lugar o ato solene de inaugura\u00e7\u00e3o da nova delega\u00e7\u00e3o da APIP em Oliveira de Azem\u00e9is. Segundo Pedro Paes do Amaral, Vice-Presidente Executivo da APIP, \u201ca delega\u00e7\u00e3o da regi\u00e3o norte era h\u00e1 muito ambicionada, como forma de refor\u00e7ar a sua componente t\u00e9cnica e proximidade junto dos seus associados e demais parceiros.\u201d Destacou<br>ainda que \u201ceste novo espa\u00e7o pretende ser mais um ponto de encontro e sinergia entre a Academia e as Empresas do setor, promovendo conhecimento objetivo e cient\u00edfico para a consolida\u00e7\u00e3o de uma efetiva transi\u00e7\u00e3o verde, numa ind\u00fastria de refer\u00eancia e que representa cerca de 4% do PIB nacional\u201d.<br><\/p>\n\n\n\n<p>Pedro Paes do Amaral referiu ainda que \u201ca APIP procurar\u00e1 ser o motor para que mais organiza\u00e7\u00f5es, p\u00fablicas e privadas, possam tamb\u00e9m ali instalar-se. Este Centro de Neg\u00f3cios dispondo de excelente potencial, ganhar\u00e1 condi\u00e7\u00f5es \u00edmpares ap\u00f3s a conclus\u00e3o de algumas acessibilidades e a promo\u00e7\u00e3o de alguns servi\u00e7os, condi\u00e7\u00f5es essas que contribuir\u00e3o decisivamente para a acelera\u00e7\u00e3o do processo de integra\u00e7\u00e3o de novas empresas ou institui\u00e7\u00f5es\u201d.<br><\/p>\n\n\n\n<p>J\u00e1 Joaquim Jorge Ferreira, Presidente da C\u00e2mara Municipal de Oliveira de Azem\u00e9is, refor\u00e7ou que \u201cesta nova delega\u00e7\u00e3o da APIP em Oliveira de Azem\u00e9is \u00e9 absolutamente estrat\u00e9gica e determinante para o munic\u00edpio, particularmente para aquilo que s\u00e3o os projetos de desenvolvimento do tecido industrial do territ\u00f3rio e para a sustentabilidade dos seus processos produtivos\u201d. Salientou ainda que \u201cesta rela\u00e7\u00e3o de parceria com a APIP permitir\u00e1 trabalhar conjuntamente para que o setor dos pl\u00e1sticos, que \u00e9 important\u00edssimo para a economia nacional, continue a afirmar-se e continue a ser uma refer\u00eancia de progresso e desenvolvimento sustent\u00e1vel no nosso pa\u00eds.<\/p>\n","protected":false},"excerpt":{"rendered":"<p>Associa\u00e7\u00e3o Portuguesa da Ind\u00fastria de Pl\u00e1sticos (APIP) inaugurou, no passado dia 26 de janeiro, a sua nova delega\u00e7\u00e3o em Oliveira de Azem\u00e9is, no decorrer da Sess\u00e3o p\u00fablica de apresenta\u00e7\u00e3o da Agenda Mobilizadora Sustainable Plastics e do Roteiro para a Descarboniza\u00e7\u00e3o da Ind\u00fastria dos Pl\u00e1sticos, dois projetos cofinanciados pelo PRR. O&hellip;<\/p>\n","protected":false},"author":17,"featured_media":8727,"comment_status":"closed","ping_status":"open","sticky":false,"template":"","format":"standard","meta":{"advgb_blocks_editor_width":"","advgb_blocks_columns_visual_guide":"","_monsterinsights_skip_tracking":false,"_monsterinsights_sitenote_active":false,"_monsterinsights_sitenote_note":"","_monsterinsights_sitenote_category":0,"footnotes":""},"categories":[7],"tags":[934],"class_list":["post-8726","post","type-post","status-publish","format-standard","has-post-thumbnail","hentry","category-noticias","tag-apip"],"yoast_head":"<!-- This site is optimized with the Yoast SEO plugin v24.4 - https:\/\/yoast.com\/wordpress\/plugins\/seo\/ -->\n<title>Associa\u00e7\u00e3o portuguesa da ind\u00fastria de pl\u00e1sticos (APIP) refor\u00e7a a sua atividade na zona norte, com nova delega\u00e7\u00e3o em Oliveira de Azem\u00e9is - Mais Magazine<\/title>\n<meta name=\"description\" content=\"Associa\u00e7\u00e3o Portuguesa da Ind\u00fastria de Pl\u00e1sticos (APIP) inaugurou, no passado dia 26 de janeiro, a sua nova delega\u00e7\u00e3o em Oliveira de Azem\u00e9is, no decorrer da Sess\u00e3o p\u00fablica de apresenta\u00e7\u00e3o da Agenda Mobilizadora Sustainable Plastics e do Roteiro para a Descarboniza\u00e7\u00e3o da Ind\u00fastria dos Pl\u00e1sticos, dois projetos cofinanciados pelo PRR.\" \/>\n<meta name=\"robots\" content=\"index, follow, max-snippet:-1, max-image-preview:large, max-video-preview:-1\" \/>\n<link rel=\"canonical\" href=\"http:\/\/maismagazine.pt\/index.php\/2024\/02\/01\/associacao-portuguesa-da-industria-de-plasticos-apip-reforca-a-sua-atividade-na-zona-norte-com-nova-delegacao-em-oliveira-de-azemeis\/\" \/>\n<meta property=\"og:locale\" content=\"pt_PT\" \/>\n<meta property=\"og:type\" content=\"article\" \/>\n<meta property=\"og:title\" content=\"Associa\u00e7\u00e3o portuguesa da ind\u00fastria de pl\u00e1sticos (APIP) refor\u00e7a a sua atividade na zona norte, com nova delega\u00e7\u00e3o em Oliveira de Azem\u00e9is - Mais Magazine\" \/>\n<meta property=\"og:description\" content=\"Associa\u00e7\u00e3o Portuguesa da Ind\u00fastria de Pl\u00e1sticos (APIP) inaugurou, no passado dia 26 de janeiro, a sua nova delega\u00e7\u00e3o em Oliveira de Azem\u00e9is, no decorrer da Sess\u00e3o p\u00fablica de apresenta\u00e7\u00e3o da Agenda Mobilizadora Sustainable Plastics e do Roteiro para a Descarboniza\u00e7\u00e3o da Ind\u00fastria dos Pl\u00e1sticos, dois projetos cofinanciados pelo PRR.\" \/>\n<meta property=\"og:url\" content=\"http:\/\/maismagazine.pt\/index.php\/2024\/02\/01\/associacao-portuguesa-da-industria-de-plasticos-apip-reforca-a-sua-atividade-na-zona-norte-com-nova-delegacao-em-oliveira-de-azemeis\/\" \/>\n<meta property=\"og:site_name\" content=\"Mais Magazine\" \/>\n<meta property=\"article:published_time\" content=\"2024-02-01T15:29:17+00:00\" \/>\n<meta property=\"og:image\" content=\"http:\/\/maismagazine.pt\/wp-content\/uploads\/2024\/02\/Captura-de-ecra-2024-02-01-152850.png\" \/>\n\t<meta property=\"og:image:width\" content=\"340\" \/>\n\t<meta property=\"og:image:height\" content=\"265\" \/>\n\t<meta property=\"og:image:type\" content=\"image\/png\" \/>\n<meta name=\"author\" content=\"Tiago Costa\" \/>\n<meta name=\"twitter:card\" content=\"summary_large_image\" \/>\n<meta name=\"twitter:label1\" content=\"Escrito por\" \/>\n\t<meta name=\"twitter:data1\" content=\"\" \/>\n\t<meta name=\"twitter:label2\" content=\"Tempo estimado de leitura\" \/>\n\t<meta name=\"twitter:data2\" content=\"3 minutos\" \/>\n<script type=\"application\/ld+json\" class=\"yoast-schema-graph\">{\"@context\":\"https:\/\/schema.org\",\"@graph\":[{\"@type\":\"Article\",\"@id\":\"http:\/\/maismagazine.pt\/index.php\/2024\/02\/01\/associacao-portuguesa-da-industria-de-plasticos-apip-reforca-a-sua-atividade-na-zona-norte-com-nova-delegacao-em-oliveira-de-azemeis\/#article\",\"isPartOf\":{\"@id\":\"http:\/\/maismagazine.pt\/index.php\/2024\/02\/01\/associacao-portuguesa-da-industria-de-plasticos-apip-reforca-a-sua-atividade-na-zona-norte-com-nova-delegacao-em-oliveira-de-azemeis\/\"},\"author\":{\"name\":\"Tiago Costa\",\"@id\":\"http:\/\/maismagazine.pt\/#\/schema\/person\/c6c5bfccc886434cbd11c74e035f9646\"},\"headline\":\"Associa\u00e7\u00e3o portuguesa da ind\u00fastria de pl\u00e1sticos (APIP) refor\u00e7a a sua atividade na zona norte, com nova delega\u00e7\u00e3o em Oliveira de Azem\u00e9is\",\"datePublished\":\"2024-02-01T15:29:17+00:00\",\"mainEntityOfPage\":{\"@id\":\"http:\/\/maismagazine.pt\/index.php\/2024\/02\/01\/associacao-portuguesa-da-industria-de-plasticos-apip-reforca-a-sua-atividade-na-zona-norte-com-nova-delegacao-em-oliveira-de-azemeis\/\"},\"wordCount\":589,\"publisher\":{\"@id\":\"http:\/\/maismagazine.pt\/#organization\"},\"image\":{\"@id\":\"http:\/\/maismagazine.pt\/index.php\/2024\/02\/01\/associacao-portuguesa-da-industria-de-plasticos-apip-reforca-a-sua-atividade-na-zona-norte-com-nova-delegacao-em-oliveira-de-azemeis\/#primaryimage\"},\"thumbnailUrl\":\"http:\/\/maismagazine.pt\/wp-content\/uploads\/2024\/02\/Captura-de-ecra-2024-02-01-152850.png\",\"keywords\":[\"APIP\"],\"articleSection\":[\"Not\u00edcias\"],\"inLanguage\":\"pt-PT\"},{\"@type\":\"WebPage\",\"@id\":\"http:\/\/maismagazine.pt\/index.php\/2024\/02\/01\/associacao-portuguesa-da-industria-de-plasticos-apip-reforca-a-sua-atividade-na-zona-norte-com-nova-delegacao-em-oliveira-de-azemeis\/\",\"url\":\"http:\/\/maismagazine.pt\/index.php\/2024\/02\/01\/associacao-portuguesa-da-industria-de-plasticos-apip-reforca-a-sua-atividade-na-zona-norte-com-nova-delegacao-em-oliveira-de-azemeis\/\",\"name\":\"Associa\u00e7\u00e3o portuguesa da ind\u00fastria de pl\u00e1sticos (APIP) refor\u00e7a a sua atividade na zona norte, com nova delega\u00e7\u00e3o em Oliveira de Azem\u00e9is - Mais Magazine\",\"isPartOf\":{\"@id\":\"http:\/\/maismagazine.pt\/#website\"},\"primaryImageOfPage\":{\"@id\":\"http:\/\/maismagazine.pt\/index.php\/2024\/02\/01\/associacao-portuguesa-da-industria-de-plasticos-apip-reforca-a-sua-atividade-na-zona-norte-com-nova-delegacao-em-oliveira-de-azemeis\/#primaryimage\"},\"image\":{\"@id\":\"http:\/\/maismagazine.pt\/index.php\/2024\/02\/01\/associacao-portuguesa-da-industria-de-plasticos-apip-reforca-a-sua-atividade-na-zona-norte-com-nova-delegacao-em-oliveira-de-azemeis\/#primaryimage\"},\"thumbnailUrl\":\"http:\/\/maismagazine.pt\/wp-content\/uploads\/2024\/02\/Captura-de-ecra-2024-02-01-152850.png\",\"datePublished\":\"2024-02-01T15:29:17+00:00\",\"description\":\"Associa\u00e7\u00e3o Portuguesa da Ind\u00fastria de Pl\u00e1sticos (APIP) inaugurou, no passado dia 26 de janeiro, a sua nova delega\u00e7\u00e3o em Oliveira de Azem\u00e9is, no decorrer da Sess\u00e3o p\u00fablica de apresenta\u00e7\u00e3o da Agenda Mobilizadora Sustainable Plastics e do Roteiro para a Descarboniza\u00e7\u00e3o da Ind\u00fastria dos Pl\u00e1sticos, dois projetos cofinanciados pelo PRR.\",\"breadcrumb\":{\"@id\":\"http:\/\/maismagazine.pt\/index.php\/2024\/02\/01\/associacao-portuguesa-da-industria-de-plasticos-apip-reforca-a-sua-atividade-na-zona-norte-com-nova-delegacao-em-oliveira-de-azemeis\/#breadcrumb\"},\"inLanguage\":\"pt-PT\",\"potentialAction\":[{\"@type\":\"ReadAction\",\"target\":[\"http:\/\/maismagazine.pt\/index.php\/2024\/02\/01\/associacao-portuguesa-da-industria-de-plasticos-apip-reforca-a-sua-atividade-na-zona-norte-com-nova-delegacao-em-oliveira-de-azemeis\/\"]}]},{\"@type\":\"ImageObject\",\"inLanguage\":\"pt-PT\",\"@id\":\"http:\/\/maismagazine.pt\/index.php\/2024\/02\/01\/associacao-portuguesa-da-industria-de-plasticos-apip-reforca-a-sua-atividade-na-zona-norte-com-nova-delegacao-em-oliveira-de-azemeis\/#primaryimage\",\"url\":\"http:\/\/maismagazine.pt\/wp-content\/uploads\/2024\/02\/Captura-de-ecra-2024-02-01-152850.png\",\"contentUrl\":\"http:\/\/maismagazine.pt\/wp-content\/uploads\/2024\/02\/Captura-de-ecra-2024-02-01-152850.png\",\"width\":340,\"height\":265},{\"@type\":\"BreadcrumbList\",\"@id\":\"http:\/\/maismagazine.pt\/index.php\/2024\/02\/01\/associacao-portuguesa-da-industria-de-plasticos-apip-reforca-a-sua-atividade-na-zona-norte-com-nova-delegacao-em-oliveira-de-azemeis\/#breadcrumb\",\"itemListElement\":[{\"@type\":\"ListItem\",\"position\":1,\"name\":\"Home\",\"item\":\"http:\/\/maismagazine.pt\/\"},{\"@type\":\"ListItem\",\"position\":2,\"name\":\"Associa\u00e7\u00e3o portuguesa da ind\u00fastria de pl\u00e1sticos (APIP) refor\u00e7a a sua atividade na zona norte, com nova delega\u00e7\u00e3o em Oliveira de Azem\u00e9is\"}]},{\"@type\":\"WebSite\",\"@id\":\"http:\/\/maismagazine.pt\/#website\",\"url\":\"http:\/\/maismagazine.pt\/\",\"name\":\"Mais Magazine\",\"description\":\"\",\"publisher\":{\"@id\":\"http:\/\/maismagazine.pt\/#organization\"},\"potentialAction\":[{\"@type\":\"SearchAction\",\"target\":{\"@type\":\"EntryPoint\",\"urlTemplate\":\"http:\/\/maismagazine.pt\/?s={search_term_string}\"},\"query-input\":{\"@type\":\"PropertyValueSpecification\",\"valueRequired\":true,\"valueName\":\"search_term_string\"}}],\"inLanguage\":\"pt-PT\"},{\"@type\":\"Organization\",\"@id\":\"http:\/\/maismagazine.pt\/#organization\",\"name\":\"Mais Magazine\",\"url\":\"http:\/\/maismagazine.pt\/\",\"logo\":{\"@type\":\"ImageObject\",\"inLanguage\":\"pt-PT\",\"@id\":\"http:\/\/maismagazine.pt\/#\/schema\/logo\/image\/\",\"url\":\"http:\/\/maismagazine.pt\/wp-content\/uploads\/2020\/04\/cropped-cropped-mais-magazine-site-logo-2.png\",\"contentUrl\":\"http:\/\/maismagazine.pt\/wp-content\/uploads\/2020\/04\/cropped-cropped-mais-magazine-site-logo-2.png\",\"width\":581,\"height\":90,\"caption\":\"Mais Magazine\"},\"image\":{\"@id\":\"http:\/\/maismagazine.pt\/#\/schema\/logo\/image\/\"}},{\"@type\":\"Person\",\"@id\":\"http:\/\/maismagazine.pt\/#\/schema\/person\/c6c5bfccc886434cbd11c74e035f9646\",\"name\":\"Tiago Costa\",\"image\":{\"@type\":\"ImageObject\",\"inLanguage\":\"pt-PT\",\"@id\":\"http:\/\/maismagazine.pt\/#\/schema\/person\/image\/\",\"url\":\"https:\/\/secure.gravatar.com\/avatar\/c599b2bce16c9870429198cbad5ee022?s=96&d=mm&r=g\",\"contentUrl\":\"https:\/\/secure.gravatar.com\/avatar\/c599b2bce16c9870429198cbad5ee022?s=96&d=mm&r=g\",\"caption\":\"Tiago Costa\"},\"url\":\"http:\/\/maismagazine.pt\/index.php\/author\/tiago\/\"}]}<\/script>\n<!-- \/ Yoast SEO plugin. -->","yoast_head_json":{"title":"Associa\u00e7\u00e3o portuguesa da ind\u00fastria de pl\u00e1sticos (APIP) refor\u00e7a a sua atividade na zona norte, com nova delega\u00e7\u00e3o em Oliveira de Azem\u00e9is - Mais Magazine","description":"Associa\u00e7\u00e3o Portuguesa da Ind\u00fastria de Pl\u00e1sticos (APIP) inaugurou, no passado dia 26 de janeiro, a sua nova delega\u00e7\u00e3o em Oliveira de Azem\u00e9is, no decorrer da Sess\u00e3o p\u00fablica de apresenta\u00e7\u00e3o da Agenda Mobilizadora Sustainable Plastics e do Roteiro para a Descarboniza\u00e7\u00e3o da Ind\u00fastria dos Pl\u00e1sticos, dois projetos cofinanciados pelo PRR.","robots":{"index":"index","follow":"follow","max-snippet":"max-snippet:-1","max-image-preview":"max-image-preview:large","max-video-preview":"max-video-preview:-1"},"canonical":"http:\/\/maismagazine.pt\/index.php\/2024\/02\/01\/associacao-portuguesa-da-industria-de-plasticos-apip-reforca-a-sua-atividade-na-zona-norte-com-nova-delegacao-em-oliveira-de-azemeis\/","og_locale":"pt_PT","og_type":"article","og_title":"Associa\u00e7\u00e3o portuguesa da ind\u00fastria de pl\u00e1sticos (APIP) refor\u00e7a a sua atividade na zona norte, com nova delega\u00e7\u00e3o em Oliveira de Azem\u00e9is - Mais Magazine","og_description":"Associa\u00e7\u00e3o Portuguesa da Ind\u00fastria de Pl\u00e1sticos (APIP) inaugurou, no passado dia 26 de janeiro, a sua nova delega\u00e7\u00e3o em Oliveira de Azem\u00e9is, no decorrer da Sess\u00e3o p\u00fablica de apresenta\u00e7\u00e3o da Agenda Mobilizadora Sustainable Plastics e do Roteiro para a Descarboniza\u00e7\u00e3o da Ind\u00fastria dos Pl\u00e1sticos, dois projetos cofinanciados pelo PRR.","og_url":"http:\/\/maismagazine.pt\/index.php\/2024\/02\/01\/associacao-portuguesa-da-industria-de-plasticos-apip-reforca-a-sua-atividade-na-zona-norte-com-nova-delegacao-em-oliveira-de-azemeis\/","og_site_name":"Mais Magazine","article_published_time":"2024-02-01T15:29:17+00:00","og_image":[{"width":340,"height":265,"url":"http:\/\/maismagazine.pt\/wp-content\/uploads\/2024\/02\/Captura-de-ecra-2024-02-01-152850.png","type":"image\/png"}],"author":"Tiago Costa","twitter_card":"summary_large_image","twitter_misc":{"Escrito por":false,"Tempo estimado de leitura":"3 minutos"},"schema":{"@context":"https:\/\/schema.org","@graph":[{"@type":"Article","@id":"http:\/\/maismagazine.pt\/index.php\/2024\/02\/01\/associacao-portuguesa-da-industria-de-plasticos-apip-reforca-a-sua-atividade-na-zona-norte-com-nova-delegacao-em-oliveira-de-azemeis\/#article","isPartOf":{"@id":"http:\/\/maismagazine.pt\/index.php\/2024\/02\/01\/associacao-portuguesa-da-industria-de-plasticos-apip-reforca-a-sua-atividade-na-zona-norte-com-nova-delegacao-em-oliveira-de-azemeis\/"},"author":{"name":"Tiago Costa","@id":"http:\/\/maismagazine.pt\/#\/schema\/person\/c6c5bfccc886434cbd11c74e035f9646"},"headline":"Associa\u00e7\u00e3o portuguesa da ind\u00fastria de pl\u00e1sticos (APIP) refor\u00e7a a sua atividade na zona norte, com nova delega\u00e7\u00e3o em Oliveira de Azem\u00e9is","datePublished":"2024-02-01T15:29:17+00:00","mainEntityOfPage":{"@id":"http:\/\/maismagazine.pt\/index.php\/2024\/02\/01\/associacao-portuguesa-da-industria-de-plasticos-apip-reforca-a-sua-atividade-na-zona-norte-com-nova-delegacao-em-oliveira-de-azemeis\/"},"wordCount":589,"publisher":{"@id":"http:\/\/maismagazine.pt\/#organization"},"image":{"@id":"http:\/\/maismagazine.pt\/index.php\/2024\/02\/01\/associacao-portuguesa-da-industria-de-plasticos-apip-reforca-a-sua-atividade-na-zona-norte-com-nova-delegacao-em-oliveira-de-azemeis\/#primaryimage"},"thumbnailUrl":"http:\/\/maismagazine.pt\/wp-content\/uploads\/2024\/02\/Captura-de-ecra-2024-02-01-152850.png","keywords":["APIP"],"articleSection":["Not\u00edcias"],"inLanguage":"pt-PT"},{"@type":"WebPage","@id":"http:\/\/maismagazine.pt\/index.php\/2024\/02\/01\/associacao-portuguesa-da-industria-de-plasticos-apip-reforca-a-sua-atividade-na-zona-norte-com-nova-delegacao-em-oliveira-de-azemeis\/","url":"http:\/\/maismagazine.pt\/index.php\/2024\/02\/01\/associacao-portuguesa-da-industria-de-plasticos-apip-reforca-a-sua-atividade-na-zona-norte-com-nova-delegacao-em-oliveira-de-azemeis\/","name":"Associa\u00e7\u00e3o portuguesa da ind\u00fastria de pl\u00e1sticos (APIP) refor\u00e7a a sua atividade na zona norte, com nova delega\u00e7\u00e3o em Oliveira de Azem\u00e9is - Mais Magazine","isPartOf":{"@id":"http:\/\/maismagazine.pt\/#website"},"primaryImageOfPage":{"@id":"http:\/\/maismagazine.pt\/index.php\/2024\/02\/01\/associacao-portuguesa-da-industria-de-plasticos-apip-reforca-a-sua-atividade-na-zona-norte-com-nova-delegacao-em-oliveira-de-azemeis\/#primaryimage"},"image":{"@id":"http:\/\/maismagazine.pt\/index.php\/2024\/02\/01\/associacao-portuguesa-da-industria-de-plasticos-apip-reforca-a-sua-atividade-na-zona-norte-com-nova-delegacao-em-oliveira-de-azemeis\/#primaryimage"},"thumbnailUrl":"http:\/\/maismagazine.pt\/wp-content\/uploads\/2024\/02\/Captura-de-ecra-2024-02-01-152850.png","datePublished":"2024-02-01T15:29:17+00:00","description":"Associa\u00e7\u00e3o Portuguesa da Ind\u00fastria de Pl\u00e1sticos (APIP) inaugurou, no passado dia 26 de janeiro, a sua nova delega\u00e7\u00e3o em Oliveira de Azem\u00e9is, no decorrer da Sess\u00e3o p\u00fablica de apresenta\u00e7\u00e3o da Agenda Mobilizadora Sustainable Plastics e do Roteiro para a Descarboniza\u00e7\u00e3o da Ind\u00fastria dos Pl\u00e1sticos, dois projetos cofinanciados pelo PRR.","breadcrumb":{"@id":"http:\/\/maismagazine.pt\/index.php\/2024\/02\/01\/associacao-portuguesa-da-industria-de-plasticos-apip-reforca-a-sua-atividade-na-zona-norte-com-nova-delegacao-em-oliveira-de-azemeis\/#breadcrumb"},"inLanguage":"pt-PT","potentialAction":[{"@type":"ReadAction","target":["http:\/\/maismagazine.pt\/index.php\/2024\/02\/01\/associacao-portuguesa-da-industria-de-plasticos-apip-reforca-a-sua-atividade-na-zona-norte-com-nova-delegacao-em-oliveira-de-azemeis\/"]}]},{"@type":"ImageObject","inLanguage":"pt-PT","@id":"http:\/\/maismagazine.pt\/index.php\/2024\/02\/01\/associacao-portuguesa-da-industria-de-plasticos-apip-reforca-a-sua-atividade-na-zona-norte-com-nova-delegacao-em-oliveira-de-azemeis\/#primaryimage","url":"http:\/\/maismagazine.pt\/wp-content\/uploads\/2024\/02\/Captura-de-ecra-2024-02-01-152850.png","contentUrl":"http:\/\/maismagazine.pt\/wp-content\/uploads\/2024\/02\/Captura-de-ecra-2024-02-01-152850.png","width":340,"height":265},{"@type":"BreadcrumbList","@id":"http:\/\/maismagazine.pt\/index.php\/2024\/02\/01\/associacao-portuguesa-da-industria-de-plasticos-apip-reforca-a-sua-atividade-na-zona-norte-com-nova-delegacao-em-oliveira-de-azemeis\/#breadcrumb","itemListElement":[{"@type":"ListItem","position":1,"name":"Home","item":"http:\/\/maismagazine.pt\/"},{"@type":"ListItem","position":2,"name":"Associa\u00e7\u00e3o portuguesa da ind\u00fastria de pl\u00e1sticos (APIP) refor\u00e7a a sua atividade na zona norte, com nova delega\u00e7\u00e3o em Oliveira de Azem\u00e9is"}]},{"@type":"WebSite","@id":"http:\/\/maismagazine.pt\/#website","url":"http:\/\/maismagazine.pt\/","name":"Mais Magazine","description":"","publisher":{"@id":"http:\/\/maismagazine.pt\/#organization"},"potentialAction":[{"@type":"SearchAction","target":{"@type":"EntryPoint","urlTemplate":"http:\/\/maismagazine.pt\/?s={search_term_string}"},"query-input":{"@type":"PropertyValueSpecification","valueRequired":true,"valueName":"search_term_string"}}],"inLanguage":"pt-PT"},{"@type":"Organization","@id":"http:\/\/maismagazine.pt\/#organization","name":"Mais Magazine","url":"http:\/\/maismagazine.pt\/","logo":{"@type":"ImageObject","inLanguage":"pt-PT","@id":"http:\/\/maismagazine.pt\/#\/schema\/logo\/image\/","url":"http:\/\/maismagazine.pt\/wp-content\/uploads\/2020\/04\/cropped-cropped-mais-magazine-site-logo-2.png","contentUrl":"http:\/\/maismagazine.pt\/wp-content\/uploads\/2020\/04\/cropped-cropped-mais-magazine-site-logo-2.png","width":581,"height":90,"caption":"Mais Magazine"},"image":{"@id":"http:\/\/maismagazine.pt\/#\/schema\/logo\/image\/"}},{"@type":"Person","@id":"http:\/\/maismagazine.pt\/#\/schema\/person\/c6c5bfccc886434cbd11c74e035f9646","name":"Tiago Costa","image":{"@type":"ImageObject","inLanguage":"pt-PT","@id":"http:\/\/maismagazine.pt\/#\/schema\/person\/image\/","url":"https:\/\/secure.gravatar.com\/avatar\/c599b2bce16c9870429198cbad5ee022?s=96&d=mm&r=g","contentUrl":"https:\/\/secure.gravatar.com\/avatar\/c599b2bce16c9870429198cbad5ee022?s=96&d=mm&r=g","caption":"Tiago Costa"},"url":"http:\/\/maismagazine.pt\/index.php\/author\/tiago\/"}]}},"author_meta":{"display_name":false,"author_link":"http:\/\/maismagazine.pt\/index.php\/author\/tiago\/"},"featured_img":"http:\/\/maismagazine.pt\/wp-content\/uploads\/2024\/02\/Captura-de-ecra-2024-02-01-152850-300x234.png","coauthors":[],"tax_additional":{"categories":{"linked":["<a href=\"http:\/\/maismagazine.pt\/index.php\/category\/noticias\/\" class=\"advgb-post-tax-term\">Not\u00edcias<\/a>"],"unlinked":["<span class=\"advgb-post-tax-term\">Not\u00edcias<\/span>"]},"tags":{"linked":["<a href=\"http:\/\/maismagazine.pt\/index.php\/category\/noticias\/\" class=\"advgb-post-tax-term\">APIP<\/a>"],"unlinked":["<span class=\"advgb-post-tax-term\">APIP<\/span>"]}},"comment_count":"0","relative_dates":{"created":"Posted 2 anos ago","modified":"Updated 2 anos ago"},"absolute_dates":{"created":"Posted on 1 de Fevereiro, 2024","modified":"Updated on 1 de Fevereiro, 2024"},"absolute_dates_time":{"created":"Posted on 1 de Fevereiro, 2024 15:29","modified":"Updated on 1 de Fevereiro, 2024 15:29"},"featured_img_caption":"","series_order":"","_links":{"self":[{"href":"http:\/\/maismagazine.pt\/index.php\/wp-json\/wp\/v2\/posts\/8726","targetHints":{"allow":["GET"]}}],"collection":[{"href":"http:\/\/maismagazine.pt\/index.php\/wp-json\/wp\/v2\/posts"}],"about":[{"href":"http:\/\/maismagazine.pt\/index.php\/wp-json\/wp\/v2\/types\/post"}],"author":[{"embeddable":true,"href":"http:\/\/maismagazine.pt\/index.php\/wp-json\/wp\/v2\/users\/17"}],"replies":[{"embeddable":true,"href":"http:\/\/maismagazine.pt\/index.php\/wp-json\/wp\/v2\/comments?post=8726"}],"version-history":[{"count":1,"href":"http:\/\/maismagazine.pt\/index.php\/wp-json\/wp\/v2\/posts\/8726\/revisions"}],"predecessor-version":[{"id":8728,"href":"http:\/\/maismagazine.pt\/index.php\/wp-json\/wp\/v2\/posts\/8726\/revisions\/8728"}],"wp:featuredmedia":[{"embeddable":true,"href":"http:\/\/maismagazine.pt\/index.php\/wp-json\/wp\/v2\/media\/8727"}],"wp:attachment":[{"href":"http:\/\/maismagazine.pt\/index.php\/wp-json\/wp\/v2\/media?parent=8726"}],"wp:term":[{"taxonomy":"category","embeddable":true,"href":"http:\/\/maismagazine.pt\/index.php\/wp-json\/wp\/v2\/categories?post=8726"},{"taxonomy":"post_tag","embeddable":true,"href":"http:\/\/maismagazine.pt\/index.php\/wp-json\/wp\/v2\/tags?post=8726"}],"curies":[{"name":"wp","href":"https:\/\/api.w.org\/{rel}","templated":true}]}}