{"id":8723,"date":"2024-01-31T14:14:28","date_gmt":"2024-01-31T14:14:28","guid":{"rendered":"https:\/\/maismagazine.pt\/?p=8723"},"modified":"2024-01-31T14:14:28","modified_gmt":"2024-01-31T14:14:28","slug":"vimeiro-cada-vez-mais-proxima-das-familias-com-nova-embalagem-sustentavel-10l-e-loja-online","status":"publish","type":"post","link":"http:\/\/maismagazine.pt\/index.php\/2024\/01\/31\/vimeiro-cada-vez-mais-proxima-das-familias-com-nova-embalagem-sustentavel-10l-e-loja-online\/","title":{"rendered":"Vimeiro cada vez mais pr\u00f3xima das fam\u00edlias com nova embalagem sustent\u00e1vel 10L e loja online"},"content":{"rendered":"\n<p>A \u00c1gua do Vimeiro lan\u00e7ou recentemente uma nova embalagem sustent\u00e1vel, 100% recicl\u00e1vel (assim como todas as restantes embalagens que contemplam o seu portf\u00f3lio), de formato familiar, mais econ\u00f3mica e f\u00e1cil de transportar. \u00c9 a Vimeiro Ecopack 10L, uma solu\u00e7\u00e3o que combina a qualidade de sempre com um compromisso renovado com o ambiente por conter entre 80 a 86% menos pl\u00e1stico face a igual consumo em garrafas de 0,50L e 1,50L. Este novo formato representa uma evolu\u00e7\u00e3o na forma como a Vimeiro, uma marca com hist\u00f3ria e tradi\u00e7\u00e3o, chega agora \u00e0s fam\u00edlias em Portugal e revela a sua cont\u00ednua preocupa\u00e7\u00e3o com a sua pegada ambiental.<br>Atualmente dispon\u00edvel apenas na loja online da \u00c1gua do Vimeiro, lan\u00e7ada tamb\u00e9m recentemente e que pode ser visitada em www.loja.aguadovimeiro.pt, este era um formato que vinha sendo solicitado por gr\u00e1vidas, pais, desportistas e seniores. Em suma, por toda a fam\u00edlia, que, independentemente de onde se encontrem em Portugal, podem agora aceder \u00e0s novidades e outras refer\u00eancias que contemplam o nosso portf\u00f3lio de \u00e1guas atrav\u00e9s do conforto de casa.<br><\/p>\n\n\n\n<p>Relembramos que a \u00c1gua do Vimeiro, comercialmente conhecida por Vimeiro Original e, na sua vers\u00e3o gaseificada, Vimeiro G\u00e1s e Vimeiro Sparkle, \u00e9 uma \u00e1gua mineral natural equilibrada em minerais essenciais ao bom funcionamento do organismo e ao cuidado do corpo por inteiro, como s\u00e3o exemplo o c\u00e1lcio, o magn\u00e9sio e o bicarbonato. Em Portugal, esta \u00e9 a marca portuguesa de \u00e1gua mineral natural engarrafada que aporta mais minerais ao organismo, em doses equilibradas, sendo isto mesmo que torna esta \u00e1gua t\u00e3o \u00fanica e necess\u00e1ria para a hidrata\u00e7\u00e3o, sa\u00fade e bem-estar de toda a fam\u00edlia.<br><\/p>\n\n\n\n<p>A marca Vimeiro, que tem apresentado crescimentos consolidados e continuados no tempo, tem na sua estrat\u00e9gia de atua\u00e7\u00e3o n\u00e3o s\u00f3 a preocupa\u00e7\u00e3o com a sustentabilidade, mas tamb\u00e9m a preocupa\u00e7\u00e3o em contribuir para o aumento da literacia sobre a \u00e1gua que bebemos. Raz\u00e3o pela qual, n\u00e3o s\u00f3 lan\u00e7a uma embalagem Bag-in-Box no formato que o mercado j\u00e1 conhece, como aproveita para dar a conhecer, atrav\u00e9s da mesma, um gr\u00e1fico que re\u00fane a mineraliza\u00e7\u00e3o de algumas das marcas de \u00e1gua engarrafada portuguesas. Desta forma, o consumidor conseguir\u00e1 ter uma maior e melhor perce\u00e7\u00e3o do qu\u00e3o generosa e equilibrada \u00e9 a mineraliza\u00e7\u00e3o da \u00c1gua do Vimeiro; de que forma os minerais que a comp\u00f5e s\u00e3o ben\u00e9ficos para o organismo humano; e, claro, comparar a informa\u00e7\u00e3o com as demais marcas. Para descobrir que marca \u00e9 qual no gr\u00e1fico em destaque nesta nova embalagem, convidamos a consultar o Comparador de \u00c1guas.<\/p>\n","protected":false},"excerpt":{"rendered":"<p>A \u00c1gua do Vimeiro lan\u00e7ou recentemente uma nova embalagem sustent\u00e1vel, 100% recicl\u00e1vel (assim como todas as restantes embalagens que contemplam o seu portf\u00f3lio), de formato familiar, mais econ\u00f3mica e f\u00e1cil de transportar. \u00c9 a Vimeiro Ecopack 10L, uma solu\u00e7\u00e3o que combina a qualidade de sempre com um compromisso renovado com&hellip;<\/p>\n","protected":false},"author":18,"featured_media":8724,"comment_status":"closed","ping_status":"open","sticky":false,"template":"","format":"standard","meta":{"advgb_blocks_editor_width":"","advgb_blocks_columns_visual_guide":"","_monsterinsights_skip_tracking":false,"_monsterinsights_sitenote_active":false,"_monsterinsights_sitenote_note":"","_monsterinsights_sitenote_category":0,"footnotes":""},"categories":[7],"tags":[107,84,1825],"class_list":["post-8723","post","type-post","status-publish","format-standard","has-post-thumbnail","hentry","category-noticias","tag-agua","tag-sustentabilidade","tag-vimeiro"],"yoast_head":"<!-- This site is optimized with the Yoast SEO plugin v24.4 - https:\/\/yoast.com\/wordpress\/plugins\/seo\/ -->\n<title>Vimeiro cada vez mais pr\u00f3xima das fam\u00edlias com nova embalagem sustent\u00e1vel 10L e loja online - Mais Magazine<\/title>\n<meta name=\"robots\" content=\"index, follow, max-snippet:-1, max-image-preview:large, max-video-preview:-1\" \/>\n<link rel=\"canonical\" href=\"http:\/\/maismagazine.pt\/index.php\/2024\/01\/31\/vimeiro-cada-vez-mais-proxima-das-familias-com-nova-embalagem-sustentavel-10l-e-loja-online\/\" \/>\n<meta property=\"og:locale\" content=\"pt_PT\" \/>\n<meta property=\"og:type\" content=\"article\" \/>\n<meta property=\"og:title\" content=\"Vimeiro cada vez mais pr\u00f3xima das fam\u00edlias com nova embalagem sustent\u00e1vel 10L e loja online - Mais Magazine\" \/>\n<meta property=\"og:description\" content=\"A \u00c1gua do Vimeiro lan\u00e7ou recentemente uma nova embalagem sustent\u00e1vel, 100% recicl\u00e1vel (assim como todas as restantes embalagens que contemplam o seu portf\u00f3lio), de formato familiar, mais econ\u00f3mica e f\u00e1cil de transportar. \u00c9 a Vimeiro Ecopack 10L, uma solu\u00e7\u00e3o que combina a qualidade de sempre com um compromisso renovado com&hellip;\" \/>\n<meta property=\"og:url\" content=\"http:\/\/maismagazine.pt\/index.php\/2024\/01\/31\/vimeiro-cada-vez-mais-proxima-das-familias-com-nova-embalagem-sustentavel-10l-e-loja-online\/\" \/>\n<meta property=\"og:site_name\" content=\"Mais Magazine\" \/>\n<meta property=\"article:published_time\" content=\"2024-01-31T14:14:28+00:00\" \/>\n<meta property=\"og:image\" content=\"http:\/\/maismagazine.pt\/wp-content\/uploads\/2024\/01\/Vimeiro-Ecopack-10L-2-scaled.jpg\" \/>\n\t<meta property=\"og:image:width\" content=\"2560\" \/>\n\t<meta property=\"og:image:height\" content=\"1707\" \/>\n\t<meta property=\"og:image:type\" content=\"image\/jpeg\" \/>\n<meta name=\"author\" content=\"Tatiana Martins\" \/>\n<meta name=\"twitter:card\" content=\"summary_large_image\" \/>\n<meta name=\"twitter:label1\" content=\"Escrito por\" \/>\n\t<meta name=\"twitter:data1\" content=\"\" \/>\n\t<meta name=\"twitter:label2\" content=\"Tempo estimado de leitura\" \/>\n\t<meta name=\"twitter:data2\" content=\"3 minutos\" \/>\n<script type=\"application\/ld+json\" class=\"yoast-schema-graph\">{\"@context\":\"https:\/\/schema.org\",\"@graph\":[{\"@type\":\"Article\",\"@id\":\"http:\/\/maismagazine.pt\/index.php\/2024\/01\/31\/vimeiro-cada-vez-mais-proxima-das-familias-com-nova-embalagem-sustentavel-10l-e-loja-online\/#article\",\"isPartOf\":{\"@id\":\"http:\/\/maismagazine.pt\/index.php\/2024\/01\/31\/vimeiro-cada-vez-mais-proxima-das-familias-com-nova-embalagem-sustentavel-10l-e-loja-online\/\"},\"author\":{\"name\":\"Tatiana Martins\",\"@id\":\"http:\/\/maismagazine.pt\/#\/schema\/person\/7426e2caeb8df32a1b56aa48dae778c9\"},\"headline\":\"Vimeiro cada vez mais pr\u00f3xima das fam\u00edlias com nova embalagem sustent\u00e1vel 10L e loja online\",\"datePublished\":\"2024-01-31T14:14:28+00:00\",\"mainEntityOfPage\":{\"@id\":\"http:\/\/maismagazine.pt\/index.php\/2024\/01\/31\/vimeiro-cada-vez-mais-proxima-das-familias-com-nova-embalagem-sustentavel-10l-e-loja-online\/\"},\"wordCount\":478,\"publisher\":{\"@id\":\"http:\/\/maismagazine.pt\/#organization\"},\"image\":{\"@id\":\"http:\/\/maismagazine.pt\/index.php\/2024\/01\/31\/vimeiro-cada-vez-mais-proxima-das-familias-com-nova-embalagem-sustentavel-10l-e-loja-online\/#primaryimage\"},\"thumbnailUrl\":\"http:\/\/maismagazine.pt\/wp-content\/uploads\/2024\/01\/Vimeiro-Ecopack-10L-2-scaled.jpg\",\"keywords\":[\"\u00c1gua\",\"Sustentabilidade\",\"Vimeiro\"],\"articleSection\":[\"Not\u00edcias\"],\"inLanguage\":\"pt-PT\"},{\"@type\":\"WebPage\",\"@id\":\"http:\/\/maismagazine.pt\/index.php\/2024\/01\/31\/vimeiro-cada-vez-mais-proxima-das-familias-com-nova-embalagem-sustentavel-10l-e-loja-online\/\",\"url\":\"http:\/\/maismagazine.pt\/index.php\/2024\/01\/31\/vimeiro-cada-vez-mais-proxima-das-familias-com-nova-embalagem-sustentavel-10l-e-loja-online\/\",\"name\":\"Vimeiro cada vez mais pr\u00f3xima das fam\u00edlias com nova embalagem sustent\u00e1vel 10L e loja online - Mais Magazine\",\"isPartOf\":{\"@id\":\"http:\/\/maismagazine.pt\/#website\"},\"primaryImageOfPage\":{\"@id\":\"http:\/\/maismagazine.pt\/index.php\/2024\/01\/31\/vimeiro-cada-vez-mais-proxima-das-familias-com-nova-embalagem-sustentavel-10l-e-loja-online\/#primaryimage\"},\"image\":{\"@id\":\"http:\/\/maismagazine.pt\/index.php\/2024\/01\/31\/vimeiro-cada-vez-mais-proxima-das-familias-com-nova-embalagem-sustentavel-10l-e-loja-online\/#primaryimage\"},\"thumbnailUrl\":\"http:\/\/maismagazine.pt\/wp-content\/uploads\/2024\/01\/Vimeiro-Ecopack-10L-2-scaled.jpg\",\"datePublished\":\"2024-01-31T14:14:28+00:00\",\"breadcrumb\":{\"@id\":\"http:\/\/maismagazine.pt\/index.php\/2024\/01\/31\/vimeiro-cada-vez-mais-proxima-das-familias-com-nova-embalagem-sustentavel-10l-e-loja-online\/#breadcrumb\"},\"inLanguage\":\"pt-PT\",\"potentialAction\":[{\"@type\":\"ReadAction\",\"target\":[\"http:\/\/maismagazine.pt\/index.php\/2024\/01\/31\/vimeiro-cada-vez-mais-proxima-das-familias-com-nova-embalagem-sustentavel-10l-e-loja-online\/\"]}]},{\"@type\":\"ImageObject\",\"inLanguage\":\"pt-PT\",\"@id\":\"http:\/\/maismagazine.pt\/index.php\/2024\/01\/31\/vimeiro-cada-vez-mais-proxima-das-familias-com-nova-embalagem-sustentavel-10l-e-loja-online\/#primaryimage\",\"url\":\"http:\/\/maismagazine.pt\/wp-content\/uploads\/2024\/01\/Vimeiro-Ecopack-10L-2-scaled.jpg\",\"contentUrl\":\"http:\/\/maismagazine.pt\/wp-content\/uploads\/2024\/01\/Vimeiro-Ecopack-10L-2-scaled.jpg\",\"width\":2560,\"height\":1707},{\"@type\":\"BreadcrumbList\",\"@id\":\"http:\/\/maismagazine.pt\/index.php\/2024\/01\/31\/vimeiro-cada-vez-mais-proxima-das-familias-com-nova-embalagem-sustentavel-10l-e-loja-online\/#breadcrumb\",\"itemListElement\":[{\"@type\":\"ListItem\",\"position\":1,\"name\":\"Home\",\"item\":\"http:\/\/maismagazine.pt\/\"},{\"@type\":\"ListItem\",\"position\":2,\"name\":\"Vimeiro cada vez mais pr\u00f3xima das fam\u00edlias com nova embalagem sustent\u00e1vel 10L e loja online\"}]},{\"@type\":\"WebSite\",\"@id\":\"http:\/\/maismagazine.pt\/#website\",\"url\":\"http:\/\/maismagazine.pt\/\",\"name\":\"Mais Magazine\",\"description\":\"\",\"publisher\":{\"@id\":\"http:\/\/maismagazine.pt\/#organization\"},\"potentialAction\":[{\"@type\":\"SearchAction\",\"target\":{\"@type\":\"EntryPoint\",\"urlTemplate\":\"http:\/\/maismagazine.pt\/?s={search_term_string}\"},\"query-input\":{\"@type\":\"PropertyValueSpecification\",\"valueRequired\":true,\"valueName\":\"search_term_string\"}}],\"inLanguage\":\"pt-PT\"},{\"@type\":\"Organization\",\"@id\":\"http:\/\/maismagazine.pt\/#organization\",\"name\":\"Mais Magazine\",\"url\":\"http:\/\/maismagazine.pt\/\",\"logo\":{\"@type\":\"ImageObject\",\"inLanguage\":\"pt-PT\",\"@id\":\"http:\/\/maismagazine.pt\/#\/schema\/logo\/image\/\",\"url\":\"http:\/\/maismagazine.pt\/wp-content\/uploads\/2020\/04\/cropped-cropped-mais-magazine-site-logo-2.png\",\"contentUrl\":\"http:\/\/maismagazine.pt\/wp-content\/uploads\/2020\/04\/cropped-cropped-mais-magazine-site-logo-2.png\",\"width\":581,\"height\":90,\"caption\":\"Mais Magazine\"},\"image\":{\"@id\":\"http:\/\/maismagazine.pt\/#\/schema\/logo\/image\/\"}},{\"@type\":\"Person\",\"@id\":\"http:\/\/maismagazine.pt\/#\/schema\/person\/7426e2caeb8df32a1b56aa48dae778c9\",\"name\":\"Tatiana Martins\",\"image\":{\"@type\":\"ImageObject\",\"inLanguage\":\"pt-PT\",\"@id\":\"http:\/\/maismagazine.pt\/#\/schema\/person\/image\/\",\"url\":\"https:\/\/secure.gravatar.com\/avatar\/4b24a57f5d0425f2eb20981c4b53244e?s=96&d=mm&r=g\",\"contentUrl\":\"https:\/\/secure.gravatar.com\/avatar\/4b24a57f5d0425f2eb20981c4b53244e?s=96&d=mm&r=g\",\"caption\":\"Tatiana Martins\"},\"url\":\"http:\/\/maismagazine.pt\/index.php\/author\/tatiana\/\"}]}<\/script>\n<!-- \/ Yoast SEO plugin. -->","yoast_head_json":{"title":"Vimeiro cada vez mais pr\u00f3xima das fam\u00edlias com nova embalagem sustent\u00e1vel 10L e loja online - Mais Magazine","robots":{"index":"index","follow":"follow","max-snippet":"max-snippet:-1","max-image-preview":"max-image-preview:large","max-video-preview":"max-video-preview:-1"},"canonical":"http:\/\/maismagazine.pt\/index.php\/2024\/01\/31\/vimeiro-cada-vez-mais-proxima-das-familias-com-nova-embalagem-sustentavel-10l-e-loja-online\/","og_locale":"pt_PT","og_type":"article","og_title":"Vimeiro cada vez mais pr\u00f3xima das fam\u00edlias com nova embalagem sustent\u00e1vel 10L e loja online - Mais Magazine","og_description":"A \u00c1gua do Vimeiro lan\u00e7ou recentemente uma nova embalagem sustent\u00e1vel, 100% recicl\u00e1vel (assim como todas as restantes embalagens que contemplam o seu portf\u00f3lio), de formato familiar, mais econ\u00f3mica e f\u00e1cil de transportar. \u00c9 a Vimeiro Ecopack 10L, uma solu\u00e7\u00e3o que combina a qualidade de sempre com um compromisso renovado com&hellip;","og_url":"http:\/\/maismagazine.pt\/index.php\/2024\/01\/31\/vimeiro-cada-vez-mais-proxima-das-familias-com-nova-embalagem-sustentavel-10l-e-loja-online\/","og_site_name":"Mais Magazine","article_published_time":"2024-01-31T14:14:28+00:00","og_image":[{"width":2560,"height":1707,"url":"http:\/\/maismagazine.pt\/wp-content\/uploads\/2024\/01\/Vimeiro-Ecopack-10L-2-scaled.jpg","type":"image\/jpeg"}],"author":"Tatiana Martins","twitter_card":"summary_large_image","twitter_misc":{"Escrito por":false,"Tempo estimado de leitura":"3 minutos"},"schema":{"@context":"https:\/\/schema.org","@graph":[{"@type":"Article","@id":"http:\/\/maismagazine.pt\/index.php\/2024\/01\/31\/vimeiro-cada-vez-mais-proxima-das-familias-com-nova-embalagem-sustentavel-10l-e-loja-online\/#article","isPartOf":{"@id":"http:\/\/maismagazine.pt\/index.php\/2024\/01\/31\/vimeiro-cada-vez-mais-proxima-das-familias-com-nova-embalagem-sustentavel-10l-e-loja-online\/"},"author":{"name":"Tatiana Martins","@id":"http:\/\/maismagazine.pt\/#\/schema\/person\/7426e2caeb8df32a1b56aa48dae778c9"},"headline":"Vimeiro cada vez mais pr\u00f3xima das fam\u00edlias com nova embalagem sustent\u00e1vel 10L e loja online","datePublished":"2024-01-31T14:14:28+00:00","mainEntityOfPage":{"@id":"http:\/\/maismagazine.pt\/index.php\/2024\/01\/31\/vimeiro-cada-vez-mais-proxima-das-familias-com-nova-embalagem-sustentavel-10l-e-loja-online\/"},"wordCount":478,"publisher":{"@id":"http:\/\/maismagazine.pt\/#organization"},"image":{"@id":"http:\/\/maismagazine.pt\/index.php\/2024\/01\/31\/vimeiro-cada-vez-mais-proxima-das-familias-com-nova-embalagem-sustentavel-10l-e-loja-online\/#primaryimage"},"thumbnailUrl":"http:\/\/maismagazine.pt\/wp-content\/uploads\/2024\/01\/Vimeiro-Ecopack-10L-2-scaled.jpg","keywords":["\u00c1gua","Sustentabilidade","Vimeiro"],"articleSection":["Not\u00edcias"],"inLanguage":"pt-PT"},{"@type":"WebPage","@id":"http:\/\/maismagazine.pt\/index.php\/2024\/01\/31\/vimeiro-cada-vez-mais-proxima-das-familias-com-nova-embalagem-sustentavel-10l-e-loja-online\/","url":"http:\/\/maismagazine.pt\/index.php\/2024\/01\/31\/vimeiro-cada-vez-mais-proxima-das-familias-com-nova-embalagem-sustentavel-10l-e-loja-online\/","name":"Vimeiro cada vez mais pr\u00f3xima das fam\u00edlias com nova embalagem sustent\u00e1vel 10L e loja online - Mais Magazine","isPartOf":{"@id":"http:\/\/maismagazine.pt\/#website"},"primaryImageOfPage":{"@id":"http:\/\/maismagazine.pt\/index.php\/2024\/01\/31\/vimeiro-cada-vez-mais-proxima-das-familias-com-nova-embalagem-sustentavel-10l-e-loja-online\/#primaryimage"},"image":{"@id":"http:\/\/maismagazine.pt\/index.php\/2024\/01\/31\/vimeiro-cada-vez-mais-proxima-das-familias-com-nova-embalagem-sustentavel-10l-e-loja-online\/#primaryimage"},"thumbnailUrl":"http:\/\/maismagazine.pt\/wp-content\/uploads\/2024\/01\/Vimeiro-Ecopack-10L-2-scaled.jpg","datePublished":"2024-01-31T14:14:28+00:00","breadcrumb":{"@id":"http:\/\/maismagazine.pt\/index.php\/2024\/01\/31\/vimeiro-cada-vez-mais-proxima-das-familias-com-nova-embalagem-sustentavel-10l-e-loja-online\/#breadcrumb"},"inLanguage":"pt-PT","potentialAction":[{"@type":"ReadAction","target":["http:\/\/maismagazine.pt\/index.php\/2024\/01\/31\/vimeiro-cada-vez-mais-proxima-das-familias-com-nova-embalagem-sustentavel-10l-e-loja-online\/"]}]},{"@type":"ImageObject","inLanguage":"pt-PT","@id":"http:\/\/maismagazine.pt\/index.php\/2024\/01\/31\/vimeiro-cada-vez-mais-proxima-das-familias-com-nova-embalagem-sustentavel-10l-e-loja-online\/#primaryimage","url":"http:\/\/maismagazine.pt\/wp-content\/uploads\/2024\/01\/Vimeiro-Ecopack-10L-2-scaled.jpg","contentUrl":"http:\/\/maismagazine.pt\/wp-content\/uploads\/2024\/01\/Vimeiro-Ecopack-10L-2-scaled.jpg","width":2560,"height":1707},{"@type":"BreadcrumbList","@id":"http:\/\/maismagazine.pt\/index.php\/2024\/01\/31\/vimeiro-cada-vez-mais-proxima-das-familias-com-nova-embalagem-sustentavel-10l-e-loja-online\/#breadcrumb","itemListElement":[{"@type":"ListItem","position":1,"name":"Home","item":"http:\/\/maismagazine.pt\/"},{"@type":"ListItem","position":2,"name":"Vimeiro cada vez mais pr\u00f3xima das fam\u00edlias com nova embalagem sustent\u00e1vel 10L e loja online"}]},{"@type":"WebSite","@id":"http:\/\/maismagazine.pt\/#website","url":"http:\/\/maismagazine.pt\/","name":"Mais Magazine","description":"","publisher":{"@id":"http:\/\/maismagazine.pt\/#organization"},"potentialAction":[{"@type":"SearchAction","target":{"@type":"EntryPoint","urlTemplate":"http:\/\/maismagazine.pt\/?s={search_term_string}"},"query-input":{"@type":"PropertyValueSpecification","valueRequired":true,"valueName":"search_term_string"}}],"inLanguage":"pt-PT"},{"@type":"Organization","@id":"http:\/\/maismagazine.pt\/#organization","name":"Mais Magazine","url":"http:\/\/maismagazine.pt\/","logo":{"@type":"ImageObject","inLanguage":"pt-PT","@id":"http:\/\/maismagazine.pt\/#\/schema\/logo\/image\/","url":"http:\/\/maismagazine.pt\/wp-content\/uploads\/2020\/04\/cropped-cropped-mais-magazine-site-logo-2.png","contentUrl":"http:\/\/maismagazine.pt\/wp-content\/uploads\/2020\/04\/cropped-cropped-mais-magazine-site-logo-2.png","width":581,"height":90,"caption":"Mais Magazine"},"image":{"@id":"http:\/\/maismagazine.pt\/#\/schema\/logo\/image\/"}},{"@type":"Person","@id":"http:\/\/maismagazine.pt\/#\/schema\/person\/7426e2caeb8df32a1b56aa48dae778c9","name":"Tatiana Martins","image":{"@type":"ImageObject","inLanguage":"pt-PT","@id":"http:\/\/maismagazine.pt\/#\/schema\/person\/image\/","url":"https:\/\/secure.gravatar.com\/avatar\/4b24a57f5d0425f2eb20981c4b53244e?s=96&d=mm&r=g","contentUrl":"https:\/\/secure.gravatar.com\/avatar\/4b24a57f5d0425f2eb20981c4b53244e?s=96&d=mm&r=g","caption":"Tatiana Martins"},"url":"http:\/\/maismagazine.pt\/index.php\/author\/tatiana\/"}]}},"author_meta":{"display_name":false,"author_link":"http:\/\/maismagazine.pt\/index.php\/author\/tatiana\/"},"featured_img":"http:\/\/maismagazine.pt\/wp-content\/uploads\/2024\/01\/Vimeiro-Ecopack-10L-2-300x200.jpg","coauthors":[],"tax_additional":{"categories":{"linked":["<a href=\"http:\/\/maismagazine.pt\/index.php\/category\/noticias\/\" class=\"advgb-post-tax-term\">Not\u00edcias<\/a>"],"unlinked":["<span class=\"advgb-post-tax-term\">Not\u00edcias<\/span>"]},"tags":{"linked":["<a href=\"http:\/\/maismagazine.pt\/index.php\/category\/noticias\/\" class=\"advgb-post-tax-term\">\u00c1gua<\/a>","<a href=\"http:\/\/maismagazine.pt\/index.php\/category\/noticias\/\" class=\"advgb-post-tax-term\">Sustentabilidade<\/a>","<a href=\"http:\/\/maismagazine.pt\/index.php\/category\/noticias\/\" class=\"advgb-post-tax-term\">Vimeiro<\/a>"],"unlinked":["<span class=\"advgb-post-tax-term\">\u00c1gua<\/span>","<span class=\"advgb-post-tax-term\">Sustentabilidade<\/span>","<span class=\"advgb-post-tax-term\">Vimeiro<\/span>"]}},"comment_count":"0","relative_dates":{"created":"Posted 2 anos ago","modified":"Updated 2 anos ago"},"absolute_dates":{"created":"Posted on 31 de Janeiro, 2024","modified":"Updated on 31 de Janeiro, 2024"},"absolute_dates_time":{"created":"Posted on 31 de Janeiro, 2024 14:14","modified":"Updated on 31 de Janeiro, 2024 14:14"},"featured_img_caption":"","series_order":"","_links":{"self":[{"href":"http:\/\/maismagazine.pt\/index.php\/wp-json\/wp\/v2\/posts\/8723","targetHints":{"allow":["GET"]}}],"collection":[{"href":"http:\/\/maismagazine.pt\/index.php\/wp-json\/wp\/v2\/posts"}],"about":[{"href":"http:\/\/maismagazine.pt\/index.php\/wp-json\/wp\/v2\/types\/post"}],"author":[{"embeddable":true,"href":"http:\/\/maismagazine.pt\/index.php\/wp-json\/wp\/v2\/users\/18"}],"replies":[{"embeddable":true,"href":"http:\/\/maismagazine.pt\/index.php\/wp-json\/wp\/v2\/comments?post=8723"}],"version-history":[{"count":1,"href":"http:\/\/maismagazine.pt\/index.php\/wp-json\/wp\/v2\/posts\/8723\/revisions"}],"predecessor-version":[{"id":8725,"href":"http:\/\/maismagazine.pt\/index.php\/wp-json\/wp\/v2\/posts\/8723\/revisions\/8725"}],"wp:featuredmedia":[{"embeddable":true,"href":"http:\/\/maismagazine.pt\/index.php\/wp-json\/wp\/v2\/media\/8724"}],"wp:attachment":[{"href":"http:\/\/maismagazine.pt\/index.php\/wp-json\/wp\/v2\/media?parent=8723"}],"wp:term":[{"taxonomy":"category","embeddable":true,"href":"http:\/\/maismagazine.pt\/index.php\/wp-json\/wp\/v2\/categories?post=8723"},{"taxonomy":"post_tag","embeddable":true,"href":"http:\/\/maismagazine.pt\/index.php\/wp-json\/wp\/v2\/tags?post=8723"}],"curies":[{"name":"wp","href":"https:\/\/api.w.org\/{rel}","templated":true}]}}