{"id":8713,"date":"2024-01-18T11:55:18","date_gmt":"2024-01-18T11:55:18","guid":{"rendered":"https:\/\/maismagazine.pt\/?p=8713"},"modified":"2024-01-18T11:55:19","modified_gmt":"2024-01-18T11:55:19","slug":"pedro-valle-abrantes-nomeado-como-chief-strategy-officer-na-the-agency","status":"publish","type":"post","link":"http:\/\/maismagazine.pt\/index.php\/2024\/01\/18\/pedro-valle-abrantes-nomeado-como-chief-strategy-officer-na-the-agency\/","title":{"rendered":"Pedro Valle Abrantes Nomeado como Chief Strategy Officer na The Agency"},"content":{"rendered":"\n<p>A The Agency, ag\u00eancia boutique especialista em marketing digital, anunciou que Pedro Valle Abrantes \u00e9 o novo Chief Strategy Officer (CSO). Pedro liderar\u00e1 as estrat\u00e9gias de neg\u00f3cios e impulsionar\u00e1 a vis\u00e3o estrat\u00e9gica da ag\u00eancia para o futuro.<\/p>\n\n\n\n<p><\/p>\n\n\n\n<p>Com uma carreira s\u00f3lida e extensa em gest\u00e3o de empresas, Pedro Valle Abrantes traz consigo uma profunda compreens\u00e3o do panorama do marketing digital. Antes de ingressar na The Agency, Pedro desempenhou fun\u00e7\u00f5es estrat\u00e9gicas de destaque em v\u00e1rias empresas de renome, como Nokia, BCG London, Mckinsey e a ag\u00eancia portuguesa COMON, com resultados not\u00e1veis na concep\u00e7\u00e3o e implementa\u00e7\u00e3o de estrat\u00e9gias inovadoras.<\/p>\n\n\n\n<p><\/p>\n\n\n\n<p>Como Chief Strategy Officer, Pedro ser\u00e1 fundamental na orienta\u00e7\u00e3o da The Agency no desenvolvimento de abordagens estrat\u00e9gicas alinhadas com as necessidades din\u00e2micas dos clientes, aproveitando a sua experi\u00eancia para impulsionar a excel\u00eancia e a efic\u00e1cia nas campanhas digitais.<\/p>\n\n\n\n<p><\/p>\n\n\n\n<p>&#8220;A chegada de Pedro Valle Abrantes representa um marco significativo para a The Agency. A sua vis\u00e3o estrat\u00e9gica e paix\u00e3o pelo marketing digital s\u00e3o recursos valiosos que certamente contribuir\u00e3o para o crescimento cont\u00ednuo e o sucesso da nossa ag\u00eancia&#8221;, afirmou Jo\u00e3o Batista, CEO da The Agency.<\/p>\n\n\n\n<p><\/p>\n\n\n\n<p>J\u00e1 Pedro Valle Abrantes expressou entusiasmo com sua nova posi\u00e7\u00e3o: &#8220;Estou entusiasmado por me juntar \u00e0 The Agency e fazer parte de uma equipa t\u00e3o talentosa. Estamos comprometidos em oferecer solu\u00e7\u00f5es inovadoras que atendam e superem as expectativas dos nossos clientes.&#8221;<\/p>\n\n\n\n<p><\/p>\n\n\n\n<p>Com a nomea\u00e7\u00e3o de Pedro Valle Abrantes como Chief Strategy Officer, a The Agency reafirma o seu compromisso em posicionar-se como um player relevante no setor de marketing digital, proporcionando resultados excepcionais aos clientes.<\/p>\n","protected":false},"excerpt":{"rendered":"<p>A The Agency, ag\u00eancia boutique especialista em marketing digital, anunciou que Pedro Valle Abrantes \u00e9 o novo Chief Strategy Officer (CSO). Pedro liderar\u00e1 as estrat\u00e9gias de neg\u00f3cios e impulsionar\u00e1 a vis\u00e3o estrat\u00e9gica da ag\u00eancia para o futuro. Com uma carreira s\u00f3lida e extensa em gest\u00e3o de empresas, Pedro Valle Abrantes&hellip;<\/p>\n","protected":false},"author":18,"featured_media":8714,"comment_status":"closed","ping_status":"open","sticky":false,"template":"","format":"standard","meta":{"advgb_blocks_editor_width":"","advgb_blocks_columns_visual_guide":"","_monsterinsights_skip_tracking":false,"_monsterinsights_sitenote_active":false,"_monsterinsights_sitenote_note":"","_monsterinsights_sitenote_category":0,"footnotes":""},"categories":[7],"tags":[1822,1821],"class_list":["post-8713","post","type-post","status-publish","format-standard","has-post-thumbnail","hentry","category-noticias","tag-marketing-digital","tag-the-agency"],"yoast_head":"<!-- This site is optimized with the Yoast SEO plugin v24.4 - https:\/\/yoast.com\/wordpress\/plugins\/seo\/ -->\n<title>Pedro Valle Abrantes Nomeado como Chief Strategy Officer na The Agency - Mais Magazine<\/title>\n<meta name=\"robots\" content=\"index, follow, max-snippet:-1, max-image-preview:large, max-video-preview:-1\" \/>\n<link rel=\"canonical\" href=\"http:\/\/maismagazine.pt\/index.php\/2024\/01\/18\/pedro-valle-abrantes-nomeado-como-chief-strategy-officer-na-the-agency\/\" \/>\n<meta property=\"og:locale\" content=\"pt_PT\" \/>\n<meta property=\"og:type\" content=\"article\" \/>\n<meta property=\"og:title\" content=\"Pedro Valle Abrantes Nomeado como Chief Strategy Officer na The Agency - Mais Magazine\" \/>\n<meta property=\"og:description\" content=\"A The Agency, ag\u00eancia boutique especialista em marketing digital, anunciou que Pedro Valle Abrantes \u00e9 o novo Chief Strategy Officer (CSO). Pedro liderar\u00e1 as estrat\u00e9gias de neg\u00f3cios e impulsionar\u00e1 a vis\u00e3o estrat\u00e9gica da ag\u00eancia para o futuro. Com uma carreira s\u00f3lida e extensa em gest\u00e3o de empresas, Pedro Valle Abrantes&hellip;\" \/>\n<meta property=\"og:url\" content=\"http:\/\/maismagazine.pt\/index.php\/2024\/01\/18\/pedro-valle-abrantes-nomeado-como-chief-strategy-officer-na-the-agency\/\" \/>\n<meta property=\"og:site_name\" content=\"Mais Magazine\" \/>\n<meta property=\"article:published_time\" content=\"2024-01-18T11:55:18+00:00\" \/>\n<meta property=\"article:modified_time\" content=\"2024-01-18T11:55:19+00:00\" \/>\n<meta property=\"og:image\" content=\"http:\/\/maismagazine.pt\/wp-content\/uploads\/2024\/01\/3f3cb4_0e54be49b46c4f91892304bc8079e977mv2.jpg\" \/>\n\t<meta property=\"og:image:width\" content=\"540\" \/>\n\t<meta property=\"og:image:height\" content=\"720\" \/>\n\t<meta property=\"og:image:type\" content=\"image\/jpeg\" \/>\n<meta name=\"author\" content=\"Tatiana Martins\" \/>\n<meta name=\"twitter:card\" content=\"summary_large_image\" \/>\n<meta name=\"twitter:label1\" content=\"Escrito por\" \/>\n\t<meta name=\"twitter:data1\" content=\"\" \/>\n\t<meta name=\"twitter:label2\" content=\"Tempo estimado de leitura\" \/>\n\t<meta name=\"twitter:data2\" content=\"2 minutos\" \/>\n<script type=\"application\/ld+json\" class=\"yoast-schema-graph\">{\"@context\":\"https:\/\/schema.org\",\"@graph\":[{\"@type\":\"Article\",\"@id\":\"http:\/\/maismagazine.pt\/index.php\/2024\/01\/18\/pedro-valle-abrantes-nomeado-como-chief-strategy-officer-na-the-agency\/#article\",\"isPartOf\":{\"@id\":\"http:\/\/maismagazine.pt\/index.php\/2024\/01\/18\/pedro-valle-abrantes-nomeado-como-chief-strategy-officer-na-the-agency\/\"},\"author\":{\"name\":\"Tatiana Martins\",\"@id\":\"http:\/\/maismagazine.pt\/#\/schema\/person\/7426e2caeb8df32a1b56aa48dae778c9\"},\"headline\":\"Pedro Valle Abrantes Nomeado como Chief Strategy Officer na The Agency\",\"datePublished\":\"2024-01-18T11:55:18+00:00\",\"dateModified\":\"2024-01-18T11:55:19+00:00\",\"mainEntityOfPage\":{\"@id\":\"http:\/\/maismagazine.pt\/index.php\/2024\/01\/18\/pedro-valle-abrantes-nomeado-como-chief-strategy-officer-na-the-agency\/\"},\"wordCount\":300,\"publisher\":{\"@id\":\"http:\/\/maismagazine.pt\/#organization\"},\"image\":{\"@id\":\"http:\/\/maismagazine.pt\/index.php\/2024\/01\/18\/pedro-valle-abrantes-nomeado-como-chief-strategy-officer-na-the-agency\/#primaryimage\"},\"thumbnailUrl\":\"http:\/\/maismagazine.pt\/wp-content\/uploads\/2024\/01\/3f3cb4_0e54be49b46c4f91892304bc8079e977mv2.jpg\",\"keywords\":[\"Marketing Digital\",\"The Agency\"],\"articleSection\":[\"Not\u00edcias\"],\"inLanguage\":\"pt-PT\"},{\"@type\":\"WebPage\",\"@id\":\"http:\/\/maismagazine.pt\/index.php\/2024\/01\/18\/pedro-valle-abrantes-nomeado-como-chief-strategy-officer-na-the-agency\/\",\"url\":\"http:\/\/maismagazine.pt\/index.php\/2024\/01\/18\/pedro-valle-abrantes-nomeado-como-chief-strategy-officer-na-the-agency\/\",\"name\":\"Pedro Valle Abrantes Nomeado como Chief Strategy Officer na The Agency - Mais Magazine\",\"isPartOf\":{\"@id\":\"http:\/\/maismagazine.pt\/#website\"},\"primaryImageOfPage\":{\"@id\":\"http:\/\/maismagazine.pt\/index.php\/2024\/01\/18\/pedro-valle-abrantes-nomeado-como-chief-strategy-officer-na-the-agency\/#primaryimage\"},\"image\":{\"@id\":\"http:\/\/maismagazine.pt\/index.php\/2024\/01\/18\/pedro-valle-abrantes-nomeado-como-chief-strategy-officer-na-the-agency\/#primaryimage\"},\"thumbnailUrl\":\"http:\/\/maismagazine.pt\/wp-content\/uploads\/2024\/01\/3f3cb4_0e54be49b46c4f91892304bc8079e977mv2.jpg\",\"datePublished\":\"2024-01-18T11:55:18+00:00\",\"dateModified\":\"2024-01-18T11:55:19+00:00\",\"breadcrumb\":{\"@id\":\"http:\/\/maismagazine.pt\/index.php\/2024\/01\/18\/pedro-valle-abrantes-nomeado-como-chief-strategy-officer-na-the-agency\/#breadcrumb\"},\"inLanguage\":\"pt-PT\",\"potentialAction\":[{\"@type\":\"ReadAction\",\"target\":[\"http:\/\/maismagazine.pt\/index.php\/2024\/01\/18\/pedro-valle-abrantes-nomeado-como-chief-strategy-officer-na-the-agency\/\"]}]},{\"@type\":\"ImageObject\",\"inLanguage\":\"pt-PT\",\"@id\":\"http:\/\/maismagazine.pt\/index.php\/2024\/01\/18\/pedro-valle-abrantes-nomeado-como-chief-strategy-officer-na-the-agency\/#primaryimage\",\"url\":\"http:\/\/maismagazine.pt\/wp-content\/uploads\/2024\/01\/3f3cb4_0e54be49b46c4f91892304bc8079e977mv2.jpg\",\"contentUrl\":\"http:\/\/maismagazine.pt\/wp-content\/uploads\/2024\/01\/3f3cb4_0e54be49b46c4f91892304bc8079e977mv2.jpg\",\"width\":540,\"height\":720},{\"@type\":\"BreadcrumbList\",\"@id\":\"http:\/\/maismagazine.pt\/index.php\/2024\/01\/18\/pedro-valle-abrantes-nomeado-como-chief-strategy-officer-na-the-agency\/#breadcrumb\",\"itemListElement\":[{\"@type\":\"ListItem\",\"position\":1,\"name\":\"Home\",\"item\":\"http:\/\/maismagazine.pt\/\"},{\"@type\":\"ListItem\",\"position\":2,\"name\":\"Pedro Valle Abrantes Nomeado como Chief Strategy Officer na The Agency\"}]},{\"@type\":\"WebSite\",\"@id\":\"http:\/\/maismagazine.pt\/#website\",\"url\":\"http:\/\/maismagazine.pt\/\",\"name\":\"Mais Magazine\",\"description\":\"\",\"publisher\":{\"@id\":\"http:\/\/maismagazine.pt\/#organization\"},\"potentialAction\":[{\"@type\":\"SearchAction\",\"target\":{\"@type\":\"EntryPoint\",\"urlTemplate\":\"http:\/\/maismagazine.pt\/?s={search_term_string}\"},\"query-input\":{\"@type\":\"PropertyValueSpecification\",\"valueRequired\":true,\"valueName\":\"search_term_string\"}}],\"inLanguage\":\"pt-PT\"},{\"@type\":\"Organization\",\"@id\":\"http:\/\/maismagazine.pt\/#organization\",\"name\":\"Mais Magazine\",\"url\":\"http:\/\/maismagazine.pt\/\",\"logo\":{\"@type\":\"ImageObject\",\"inLanguage\":\"pt-PT\",\"@id\":\"http:\/\/maismagazine.pt\/#\/schema\/logo\/image\/\",\"url\":\"http:\/\/maismagazine.pt\/wp-content\/uploads\/2020\/04\/cropped-cropped-mais-magazine-site-logo-2.png\",\"contentUrl\":\"http:\/\/maismagazine.pt\/wp-content\/uploads\/2020\/04\/cropped-cropped-mais-magazine-site-logo-2.png\",\"width\":581,\"height\":90,\"caption\":\"Mais Magazine\"},\"image\":{\"@id\":\"http:\/\/maismagazine.pt\/#\/schema\/logo\/image\/\"}},{\"@type\":\"Person\",\"@id\":\"http:\/\/maismagazine.pt\/#\/schema\/person\/7426e2caeb8df32a1b56aa48dae778c9\",\"name\":\"Tatiana Martins\",\"image\":{\"@type\":\"ImageObject\",\"inLanguage\":\"pt-PT\",\"@id\":\"http:\/\/maismagazine.pt\/#\/schema\/person\/image\/\",\"url\":\"https:\/\/secure.gravatar.com\/avatar\/4b24a57f5d0425f2eb20981c4b53244e?s=96&d=mm&r=g\",\"contentUrl\":\"https:\/\/secure.gravatar.com\/avatar\/4b24a57f5d0425f2eb20981c4b53244e?s=96&d=mm&r=g\",\"caption\":\"Tatiana Martins\"},\"url\":\"http:\/\/maismagazine.pt\/index.php\/author\/tatiana\/\"}]}<\/script>\n<!-- \/ Yoast SEO plugin. -->","yoast_head_json":{"title":"Pedro Valle Abrantes Nomeado como Chief Strategy Officer na The Agency - Mais Magazine","robots":{"index":"index","follow":"follow","max-snippet":"max-snippet:-1","max-image-preview":"max-image-preview:large","max-video-preview":"max-video-preview:-1"},"canonical":"http:\/\/maismagazine.pt\/index.php\/2024\/01\/18\/pedro-valle-abrantes-nomeado-como-chief-strategy-officer-na-the-agency\/","og_locale":"pt_PT","og_type":"article","og_title":"Pedro Valle Abrantes Nomeado como Chief Strategy Officer na The Agency - Mais Magazine","og_description":"A The Agency, ag\u00eancia boutique especialista em marketing digital, anunciou que Pedro Valle Abrantes \u00e9 o novo Chief Strategy Officer (CSO). Pedro liderar\u00e1 as estrat\u00e9gias de neg\u00f3cios e impulsionar\u00e1 a vis\u00e3o estrat\u00e9gica da ag\u00eancia para o futuro. Com uma carreira s\u00f3lida e extensa em gest\u00e3o de empresas, Pedro Valle Abrantes&hellip;","og_url":"http:\/\/maismagazine.pt\/index.php\/2024\/01\/18\/pedro-valle-abrantes-nomeado-como-chief-strategy-officer-na-the-agency\/","og_site_name":"Mais Magazine","article_published_time":"2024-01-18T11:55:18+00:00","article_modified_time":"2024-01-18T11:55:19+00:00","og_image":[{"width":540,"height":720,"url":"http:\/\/maismagazine.pt\/wp-content\/uploads\/2024\/01\/3f3cb4_0e54be49b46c4f91892304bc8079e977mv2.jpg","type":"image\/jpeg"}],"author":"Tatiana Martins","twitter_card":"summary_large_image","twitter_misc":{"Escrito por":false,"Tempo estimado de leitura":"2 minutos"},"schema":{"@context":"https:\/\/schema.org","@graph":[{"@type":"Article","@id":"http:\/\/maismagazine.pt\/index.php\/2024\/01\/18\/pedro-valle-abrantes-nomeado-como-chief-strategy-officer-na-the-agency\/#article","isPartOf":{"@id":"http:\/\/maismagazine.pt\/index.php\/2024\/01\/18\/pedro-valle-abrantes-nomeado-como-chief-strategy-officer-na-the-agency\/"},"author":{"name":"Tatiana Martins","@id":"http:\/\/maismagazine.pt\/#\/schema\/person\/7426e2caeb8df32a1b56aa48dae778c9"},"headline":"Pedro Valle Abrantes Nomeado como Chief Strategy Officer na The Agency","datePublished":"2024-01-18T11:55:18+00:00","dateModified":"2024-01-18T11:55:19+00:00","mainEntityOfPage":{"@id":"http:\/\/maismagazine.pt\/index.php\/2024\/01\/18\/pedro-valle-abrantes-nomeado-como-chief-strategy-officer-na-the-agency\/"},"wordCount":300,"publisher":{"@id":"http:\/\/maismagazine.pt\/#organization"},"image":{"@id":"http:\/\/maismagazine.pt\/index.php\/2024\/01\/18\/pedro-valle-abrantes-nomeado-como-chief-strategy-officer-na-the-agency\/#primaryimage"},"thumbnailUrl":"http:\/\/maismagazine.pt\/wp-content\/uploads\/2024\/01\/3f3cb4_0e54be49b46c4f91892304bc8079e977mv2.jpg","keywords":["Marketing Digital","The Agency"],"articleSection":["Not\u00edcias"],"inLanguage":"pt-PT"},{"@type":"WebPage","@id":"http:\/\/maismagazine.pt\/index.php\/2024\/01\/18\/pedro-valle-abrantes-nomeado-como-chief-strategy-officer-na-the-agency\/","url":"http:\/\/maismagazine.pt\/index.php\/2024\/01\/18\/pedro-valle-abrantes-nomeado-como-chief-strategy-officer-na-the-agency\/","name":"Pedro Valle Abrantes Nomeado como Chief Strategy Officer na The Agency - Mais Magazine","isPartOf":{"@id":"http:\/\/maismagazine.pt\/#website"},"primaryImageOfPage":{"@id":"http:\/\/maismagazine.pt\/index.php\/2024\/01\/18\/pedro-valle-abrantes-nomeado-como-chief-strategy-officer-na-the-agency\/#primaryimage"},"image":{"@id":"http:\/\/maismagazine.pt\/index.php\/2024\/01\/18\/pedro-valle-abrantes-nomeado-como-chief-strategy-officer-na-the-agency\/#primaryimage"},"thumbnailUrl":"http:\/\/maismagazine.pt\/wp-content\/uploads\/2024\/01\/3f3cb4_0e54be49b46c4f91892304bc8079e977mv2.jpg","datePublished":"2024-01-18T11:55:18+00:00","dateModified":"2024-01-18T11:55:19+00:00","breadcrumb":{"@id":"http:\/\/maismagazine.pt\/index.php\/2024\/01\/18\/pedro-valle-abrantes-nomeado-como-chief-strategy-officer-na-the-agency\/#breadcrumb"},"inLanguage":"pt-PT","potentialAction":[{"@type":"ReadAction","target":["http:\/\/maismagazine.pt\/index.php\/2024\/01\/18\/pedro-valle-abrantes-nomeado-como-chief-strategy-officer-na-the-agency\/"]}]},{"@type":"ImageObject","inLanguage":"pt-PT","@id":"http:\/\/maismagazine.pt\/index.php\/2024\/01\/18\/pedro-valle-abrantes-nomeado-como-chief-strategy-officer-na-the-agency\/#primaryimage","url":"http:\/\/maismagazine.pt\/wp-content\/uploads\/2024\/01\/3f3cb4_0e54be49b46c4f91892304bc8079e977mv2.jpg","contentUrl":"http:\/\/maismagazine.pt\/wp-content\/uploads\/2024\/01\/3f3cb4_0e54be49b46c4f91892304bc8079e977mv2.jpg","width":540,"height":720},{"@type":"BreadcrumbList","@id":"http:\/\/maismagazine.pt\/index.php\/2024\/01\/18\/pedro-valle-abrantes-nomeado-como-chief-strategy-officer-na-the-agency\/#breadcrumb","itemListElement":[{"@type":"ListItem","position":1,"name":"Home","item":"http:\/\/maismagazine.pt\/"},{"@type":"ListItem","position":2,"name":"Pedro Valle Abrantes Nomeado como Chief Strategy Officer na The Agency"}]},{"@type":"WebSite","@id":"http:\/\/maismagazine.pt\/#website","url":"http:\/\/maismagazine.pt\/","name":"Mais Magazine","description":"","publisher":{"@id":"http:\/\/maismagazine.pt\/#organization"},"potentialAction":[{"@type":"SearchAction","target":{"@type":"EntryPoint","urlTemplate":"http:\/\/maismagazine.pt\/?s={search_term_string}"},"query-input":{"@type":"PropertyValueSpecification","valueRequired":true,"valueName":"search_term_string"}}],"inLanguage":"pt-PT"},{"@type":"Organization","@id":"http:\/\/maismagazine.pt\/#organization","name":"Mais Magazine","url":"http:\/\/maismagazine.pt\/","logo":{"@type":"ImageObject","inLanguage":"pt-PT","@id":"http:\/\/maismagazine.pt\/#\/schema\/logo\/image\/","url":"http:\/\/maismagazine.pt\/wp-content\/uploads\/2020\/04\/cropped-cropped-mais-magazine-site-logo-2.png","contentUrl":"http:\/\/maismagazine.pt\/wp-content\/uploads\/2020\/04\/cropped-cropped-mais-magazine-site-logo-2.png","width":581,"height":90,"caption":"Mais Magazine"},"image":{"@id":"http:\/\/maismagazine.pt\/#\/schema\/logo\/image\/"}},{"@type":"Person","@id":"http:\/\/maismagazine.pt\/#\/schema\/person\/7426e2caeb8df32a1b56aa48dae778c9","name":"Tatiana Martins","image":{"@type":"ImageObject","inLanguage":"pt-PT","@id":"http:\/\/maismagazine.pt\/#\/schema\/person\/image\/","url":"https:\/\/secure.gravatar.com\/avatar\/4b24a57f5d0425f2eb20981c4b53244e?s=96&d=mm&r=g","contentUrl":"https:\/\/secure.gravatar.com\/avatar\/4b24a57f5d0425f2eb20981c4b53244e?s=96&d=mm&r=g","caption":"Tatiana Martins"},"url":"http:\/\/maismagazine.pt\/index.php\/author\/tatiana\/"}]}},"author_meta":{"display_name":false,"author_link":"http:\/\/maismagazine.pt\/index.php\/author\/tatiana\/"},"featured_img":"http:\/\/maismagazine.pt\/wp-content\/uploads\/2024\/01\/3f3cb4_0e54be49b46c4f91892304bc8079e977mv2-225x300.jpg","coauthors":[],"tax_additional":{"categories":{"linked":["<a href=\"http:\/\/maismagazine.pt\/index.php\/category\/noticias\/\" class=\"advgb-post-tax-term\">Not\u00edcias<\/a>"],"unlinked":["<span class=\"advgb-post-tax-term\">Not\u00edcias<\/span>"]},"tags":{"linked":["<a href=\"http:\/\/maismagazine.pt\/index.php\/category\/noticias\/\" class=\"advgb-post-tax-term\">Marketing Digital<\/a>","<a href=\"http:\/\/maismagazine.pt\/index.php\/category\/noticias\/\" class=\"advgb-post-tax-term\">The Agency<\/a>"],"unlinked":["<span class=\"advgb-post-tax-term\">Marketing Digital<\/span>","<span class=\"advgb-post-tax-term\">The Agency<\/span>"]}},"comment_count":"0","relative_dates":{"created":"Posted 2 anos ago","modified":"Updated 2 anos ago"},"absolute_dates":{"created":"Posted on 18 de Janeiro, 2024","modified":"Updated on 18 de Janeiro, 2024"},"absolute_dates_time":{"created":"Posted on 18 de Janeiro, 2024 11:55","modified":"Updated on 18 de Janeiro, 2024 11:55"},"featured_img_caption":"","series_order":"","_links":{"self":[{"href":"http:\/\/maismagazine.pt\/index.php\/wp-json\/wp\/v2\/posts\/8713","targetHints":{"allow":["GET"]}}],"collection":[{"href":"http:\/\/maismagazine.pt\/index.php\/wp-json\/wp\/v2\/posts"}],"about":[{"href":"http:\/\/maismagazine.pt\/index.php\/wp-json\/wp\/v2\/types\/post"}],"author":[{"embeddable":true,"href":"http:\/\/maismagazine.pt\/index.php\/wp-json\/wp\/v2\/users\/18"}],"replies":[{"embeddable":true,"href":"http:\/\/maismagazine.pt\/index.php\/wp-json\/wp\/v2\/comments?post=8713"}],"version-history":[{"count":1,"href":"http:\/\/maismagazine.pt\/index.php\/wp-json\/wp\/v2\/posts\/8713\/revisions"}],"predecessor-version":[{"id":8715,"href":"http:\/\/maismagazine.pt\/index.php\/wp-json\/wp\/v2\/posts\/8713\/revisions\/8715"}],"wp:featuredmedia":[{"embeddable":true,"href":"http:\/\/maismagazine.pt\/index.php\/wp-json\/wp\/v2\/media\/8714"}],"wp:attachment":[{"href":"http:\/\/maismagazine.pt\/index.php\/wp-json\/wp\/v2\/media?parent=8713"}],"wp:term":[{"taxonomy":"category","embeddable":true,"href":"http:\/\/maismagazine.pt\/index.php\/wp-json\/wp\/v2\/categories?post=8713"},{"taxonomy":"post_tag","embeddable":true,"href":"http:\/\/maismagazine.pt\/index.php\/wp-json\/wp\/v2\/tags?post=8713"}],"curies":[{"name":"wp","href":"https:\/\/api.w.org\/{rel}","templated":true}]}}