{"id":8674,"date":"2023-12-21T09:27:10","date_gmt":"2023-12-21T09:27:10","guid":{"rendered":"https:\/\/maismagazine.pt\/?p=8674"},"modified":"2023-12-21T09:27:10","modified_gmt":"2023-12-21T09:27:10","slug":"editorial-dezembro-2023","status":"publish","type":"post","link":"http:\/\/maismagazine.pt\/index.php\/2023\/12\/21\/editorial-dezembro-2023\/","title":{"rendered":"EDITORIAL | dezembro 2023"},"content":{"rendered":"\n<p>Todos os anos, goste-se ou n\u00e3o, somos inundados de m\u00fasicas de Natal ao longo do m\u00eas de dezembro. Umas s\u00e3o mais nost\u00e1lgicas, outras mais alegres, algumas limitam-se a cumprir o seu papel de \u201cru\u00eddo\u201d convidativo de fundo enquanto visitamos as mais variadas lojas, nesta que \u00e9 a altura de maior consumo privado do ano.<\/p>\n\n\n\n<p>Uma das mais ouvidas \u00e9 a &#8220;All I Want For Christmas Is You&#8221; (1994), de Mariah Carey. Para a Billboard trata-se mesmo da melhor m\u00fasica de Natal, do seu Top 100. Uma can\u00e7\u00e3o que \u201ctem tudo a ver com querer uma pessoa importante mais do que qualquer outra coisa\u201d material.<\/p>\n\n\n\n<p><\/p>\n\n\n\n<p>J\u00e1 a Rolling Stone, numa lista mais curta de apenas dez entradas, atribui o primeiro lugar a John Lennon, com a \u201cHappy Xmas (War Is Over)\u201d. A m\u00fasica, quando foi lan\u00e7ada em 1971, referia-se \u00e0 guerra do Vietname. Mas, como refere a revista especializada em m\u00fasica, hoje \u201cs\u00f3 poucas pessoas ainda far\u00e3o essa associa\u00e7\u00e3o\u201d. Ao longo destes mais de 50 anos, desde que foi lan\u00e7ada, j\u00e1 teremos ouvido as mais variadas vers\u00f5es, j\u00e1 que \u00e9 uma das m\u00fasicas mais reinterpretadas nesta \u00e9poca.<\/p>\n\n\n\n<p><\/p>\n\n\n\n<p>Nesta mesma lista, o tema de Mariah Carey aparece somente em quarto lugar. Isto porque, em segundo, surge essa obra-prima dos The Pogues, \u201cFairytale Of New York\u201d (1987). Sobre ela, escrevia a Rolling Stone que, caso mor\u00e1ssemos na Irlanda ou no Reino Unido, esta seria provavelmente a nossa m\u00fasica de Natal favorita. Pelo contr\u00e1rio, se fossemos norte americanos, \u201ctalvez nunca a tiv\u00e9ssemos ouvido sequer\u201d. Com a morte muito recente do vocalista Shane MacGowan, j\u00e1 \u00e9 pouco prov\u00e1vel que ainda n\u00e3o a tenham ouvido. Mas se for o caso, esta ser\u00e1 a melhor altura para recuperar \u201cum dos temas mais queridos\u201d da banda c\u00e9ltica punk.<\/p>\n\n\n\n<p><\/p>\n\n\n\n<p>Diz-nos a l\u00f3gica sequencial que entre o segundo e o quarto fica o terceiro. Pois bem, a\u00ed entram os Queen, com a \u201cThank God It\u2019s Christmas\u201d. Curiosamente, quando foi lan\u00e7ada em 1984 n\u00e3o integrou qualquer \u00e1lbum da banda e nem t\u00e3o pouco fizeram um videoclip para ela. Algo que a Rolling Stone lamenta, dado tratar-se de uma can\u00e7\u00e3o \u201cmuito bonita que n\u00e3o fica atr\u00e1s de nada do cat\u00e1logo da banda\u201d de Freddie Mercury.<\/p>\n\n\n\n<p><\/p>\n\n\n\n<p>Regressando \u00e0 lista da Billboard, as escolhas s\u00e3o bastante diferentes. A seguir \u00e0 j\u00e1 referida Mariah Carey, aparece-nos Darlene Love, com &#8220;Christmas (Baby Please Come Home)&#8221; de 1963. \u00c9 da mesma d\u00e9cada a escolhida em terceiro lugar, &#8220;The Christmas Song (Merry Christmas to You)&#8221;, de Nat King Cole. Para o quarto lugar fica outra das incontorn\u00e1veis e mais ouvidas de sempre &#8211; &#8220;Last Christmas&#8221; (1984), dos Wham!.<\/p>\n\n\n\n<p><\/p>\n\n\n\n<p>Das sete m\u00fasicas que referi destas listas, todas do s\u00e9culo XX, duas s\u00e3o dos anos 60, uma dos 70, tr\u00eas dos 80 e uma dos 90, o que confirma esta como a altura onde o apelo das mem\u00f3rias \u00e9 mais intenso.<\/p>\n\n\n\n<p><\/p>\n\n\n\n<p>Feliz Natal, com muita sa\u00fade, boa m\u00fasica e mesas cheias!<\/p>\n","protected":false},"excerpt":{"rendered":"<p>Todos os anos, goste-se ou n\u00e3o, somos inundados de m\u00fasicas de Natal ao longo do m\u00eas de dezembro. Umas s\u00e3o mais nost\u00e1lgicas, outras mais alegres, algumas limitam-se a cumprir o seu papel de \u201cru\u00eddo\u201d convidativo de fundo enquanto visitamos as mais variadas lojas, nesta que \u00e9 a altura de maior&hellip;<\/p>\n","protected":false},"author":7,"featured_media":8675,"comment_status":"closed","ping_status":"open","sticky":false,"template":"","format":"standard","meta":{"advgb_blocks_editor_width":"","advgb_blocks_columns_visual_guide":"","_monsterinsights_skip_tracking":false,"_monsterinsights_sitenote_active":false,"_monsterinsights_sitenote_note":"","_monsterinsights_sitenote_category":0,"footnotes":""},"categories":[815],"tags":[816,1816,818],"class_list":["post-8674","post","type-post","status-publish","format-standard","has-post-thumbnail","hentry","category-editoriais","tag-editorial","tag-joao-malainho-2","tag-malainho"],"yoast_head":"<!-- This site is optimized with the Yoast SEO plugin v24.4 - https:\/\/yoast.com\/wordpress\/plugins\/seo\/ -->\n<title>EDITORIAL | dezembro 2023 - Mais Magazine<\/title>\n<meta name=\"description\" content=\"...duas s\u00e3o dos anos 60, uma dos 70, tr\u00eas dos 80 e uma dos 90, o que confirma esta como a altura onde o apelo das mem\u00f3rias \u00e9 mais intenso.\" \/>\n<meta name=\"robots\" content=\"index, follow, max-snippet:-1, max-image-preview:large, max-video-preview:-1\" \/>\n<link rel=\"canonical\" href=\"https:\/\/maismagazine.pt\/index.php\/2023\/12\/21\/editorial-dezembro-2023\/\" \/>\n<meta property=\"og:locale\" content=\"pt_PT\" \/>\n<meta property=\"og:type\" content=\"article\" \/>\n<meta property=\"og:title\" content=\"EDITORIAL | dezembro 2023 - Mais Magazine\" \/>\n<meta property=\"og:description\" content=\"...duas s\u00e3o dos anos 60, uma dos 70, tr\u00eas dos 80 e uma dos 90, o que confirma esta como a altura onde o apelo das mem\u00f3rias \u00e9 mais intenso.\" \/>\n<meta property=\"og:url\" content=\"https:\/\/maismagazine.pt\/index.php\/2023\/12\/21\/editorial-dezembro-2023\/\" \/>\n<meta property=\"og:site_name\" content=\"Mais Magazine\" \/>\n<meta property=\"article:published_time\" content=\"2023-12-21T09:27:10+00:00\" \/>\n<meta property=\"og:image\" content=\"https:\/\/maismagazine.pt\/wp-content\/uploads\/2023\/12\/Editorial-MAIS-dez23-scaled.jpg\" \/>\n\t<meta property=\"og:image:width\" content=\"2560\" \/>\n\t<meta property=\"og:image:height\" content=\"979\" \/>\n\t<meta property=\"og:image:type\" content=\"image\/jpeg\" \/>\n<meta name=\"author\" content=\"Jo\u00e3o Malainho\" \/>\n<meta name=\"twitter:card\" content=\"summary_large_image\" \/>\n<meta name=\"twitter:label1\" content=\"Escrito por\" \/>\n\t<meta name=\"twitter:data1\" content=\"\" \/>\n\t<meta name=\"twitter:label2\" content=\"Tempo estimado de leitura\" \/>\n\t<meta name=\"twitter:data2\" content=\"3 minutos\" \/>\n<script type=\"application\/ld+json\" class=\"yoast-schema-graph\">{\"@context\":\"https:\/\/schema.org\",\"@graph\":[{\"@type\":\"Article\",\"@id\":\"https:\/\/maismagazine.pt\/index.php\/2023\/12\/21\/editorial-dezembro-2023\/#article\",\"isPartOf\":{\"@id\":\"https:\/\/maismagazine.pt\/index.php\/2023\/12\/21\/editorial-dezembro-2023\/\"},\"author\":{\"name\":\"Jo\u00e3o Malainho\",\"@id\":\"https:\/\/maismagazine.pt\/#\/schema\/person\/999bd426f894ff56d397ec12ebd21ebb\"},\"headline\":\"EDITORIAL | dezembro 2023\",\"datePublished\":\"2023-12-21T09:27:10+00:00\",\"mainEntityOfPage\":{\"@id\":\"https:\/\/maismagazine.pt\/index.php\/2023\/12\/21\/editorial-dezembro-2023\/\"},\"wordCount\":504,\"publisher\":{\"@id\":\"https:\/\/maismagazine.pt\/#organization\"},\"image\":{\"@id\":\"https:\/\/maismagazine.pt\/index.php\/2023\/12\/21\/editorial-dezembro-2023\/#primaryimage\"},\"thumbnailUrl\":\"http:\/\/maismagazine.pt\/wp-content\/uploads\/2023\/12\/Editorial-MAIS-dez23-scaled.jpg\",\"keywords\":[\"editorial\",\"Jo\u00e3o Malainho\",\"malainho\"],\"articleSection\":[\"Editoriais\"],\"inLanguage\":\"pt-PT\"},{\"@type\":\"WebPage\",\"@id\":\"https:\/\/maismagazine.pt\/index.php\/2023\/12\/21\/editorial-dezembro-2023\/\",\"url\":\"https:\/\/maismagazine.pt\/index.php\/2023\/12\/21\/editorial-dezembro-2023\/\",\"name\":\"EDITORIAL | dezembro 2023 - Mais Magazine\",\"isPartOf\":{\"@id\":\"https:\/\/maismagazine.pt\/#website\"},\"primaryImageOfPage\":{\"@id\":\"https:\/\/maismagazine.pt\/index.php\/2023\/12\/21\/editorial-dezembro-2023\/#primaryimage\"},\"image\":{\"@id\":\"https:\/\/maismagazine.pt\/index.php\/2023\/12\/21\/editorial-dezembro-2023\/#primaryimage\"},\"thumbnailUrl\":\"http:\/\/maismagazine.pt\/wp-content\/uploads\/2023\/12\/Editorial-MAIS-dez23-scaled.jpg\",\"datePublished\":\"2023-12-21T09:27:10+00:00\",\"description\":\"...duas s\u00e3o dos anos 60, uma dos 70, tr\u00eas dos 80 e uma dos 90, o que confirma esta como a altura onde o apelo das mem\u00f3rias \u00e9 mais intenso.\",\"breadcrumb\":{\"@id\":\"https:\/\/maismagazine.pt\/index.php\/2023\/12\/21\/editorial-dezembro-2023\/#breadcrumb\"},\"inLanguage\":\"pt-PT\",\"potentialAction\":[{\"@type\":\"ReadAction\",\"target\":[\"https:\/\/maismagazine.pt\/index.php\/2023\/12\/21\/editorial-dezembro-2023\/\"]}]},{\"@type\":\"ImageObject\",\"inLanguage\":\"pt-PT\",\"@id\":\"https:\/\/maismagazine.pt\/index.php\/2023\/12\/21\/editorial-dezembro-2023\/#primaryimage\",\"url\":\"http:\/\/maismagazine.pt\/wp-content\/uploads\/2023\/12\/Editorial-MAIS-dez23-scaled.jpg\",\"contentUrl\":\"http:\/\/maismagazine.pt\/wp-content\/uploads\/2023\/12\/Editorial-MAIS-dez23-scaled.jpg\",\"width\":2560,\"height\":979},{\"@type\":\"BreadcrumbList\",\"@id\":\"https:\/\/maismagazine.pt\/index.php\/2023\/12\/21\/editorial-dezembro-2023\/#breadcrumb\",\"itemListElement\":[{\"@type\":\"ListItem\",\"position\":1,\"name\":\"Home\",\"item\":\"https:\/\/maismagazine.pt\/\"},{\"@type\":\"ListItem\",\"position\":2,\"name\":\"EDITORIAL | dezembro 2023\"}]},{\"@type\":\"WebSite\",\"@id\":\"https:\/\/maismagazine.pt\/#website\",\"url\":\"https:\/\/maismagazine.pt\/\",\"name\":\"Mais Magazine\",\"description\":\"\",\"publisher\":{\"@id\":\"https:\/\/maismagazine.pt\/#organization\"},\"potentialAction\":[{\"@type\":\"SearchAction\",\"target\":{\"@type\":\"EntryPoint\",\"urlTemplate\":\"https:\/\/maismagazine.pt\/?s={search_term_string}\"},\"query-input\":{\"@type\":\"PropertyValueSpecification\",\"valueRequired\":true,\"valueName\":\"search_term_string\"}}],\"inLanguage\":\"pt-PT\"},{\"@type\":\"Organization\",\"@id\":\"https:\/\/maismagazine.pt\/#organization\",\"name\":\"Mais Magazine\",\"url\":\"https:\/\/maismagazine.pt\/\",\"logo\":{\"@type\":\"ImageObject\",\"inLanguage\":\"pt-PT\",\"@id\":\"https:\/\/maismagazine.pt\/#\/schema\/logo\/image\/\",\"url\":\"http:\/\/maismagazine.pt\/wp-content\/uploads\/2020\/04\/cropped-cropped-mais-magazine-site-logo-2.png\",\"contentUrl\":\"http:\/\/maismagazine.pt\/wp-content\/uploads\/2020\/04\/cropped-cropped-mais-magazine-site-logo-2.png\",\"width\":581,\"height\":90,\"caption\":\"Mais Magazine\"},\"image\":{\"@id\":\"https:\/\/maismagazine.pt\/#\/schema\/logo\/image\/\"}},{\"@type\":\"Person\",\"@id\":\"https:\/\/maismagazine.pt\/#\/schema\/person\/999bd426f894ff56d397ec12ebd21ebb\",\"name\":\"Jo\u00e3o Malainho\",\"image\":{\"@type\":\"ImageObject\",\"inLanguage\":\"pt-PT\",\"@id\":\"https:\/\/maismagazine.pt\/#\/schema\/person\/image\/\",\"url\":\"https:\/\/secure.gravatar.com\/avatar\/ff03c2f38edf60b2a827aa4f74878491?s=96&d=mm&r=g\",\"contentUrl\":\"https:\/\/secure.gravatar.com\/avatar\/ff03c2f38edf60b2a827aa4f74878491?s=96&d=mm&r=g\",\"caption\":\"Jo\u00e3o Malainho\"},\"url\":\"http:\/\/maismagazine.pt\/index.php\/author\/maismagazine\/\"}]}<\/script>\n<!-- \/ Yoast SEO plugin. -->","yoast_head_json":{"title":"EDITORIAL | dezembro 2023 - Mais Magazine","description":"...duas s\u00e3o dos anos 60, uma dos 70, tr\u00eas dos 80 e uma dos 90, o que confirma esta como a altura onde o apelo das mem\u00f3rias \u00e9 mais intenso.","robots":{"index":"index","follow":"follow","max-snippet":"max-snippet:-1","max-image-preview":"max-image-preview:large","max-video-preview":"max-video-preview:-1"},"canonical":"https:\/\/maismagazine.pt\/index.php\/2023\/12\/21\/editorial-dezembro-2023\/","og_locale":"pt_PT","og_type":"article","og_title":"EDITORIAL | dezembro 2023 - Mais Magazine","og_description":"...duas s\u00e3o dos anos 60, uma dos 70, tr\u00eas dos 80 e uma dos 90, o que confirma esta como a altura onde o apelo das mem\u00f3rias \u00e9 mais intenso.","og_url":"https:\/\/maismagazine.pt\/index.php\/2023\/12\/21\/editorial-dezembro-2023\/","og_site_name":"Mais Magazine","article_published_time":"2023-12-21T09:27:10+00:00","og_image":[{"width":2560,"height":979,"url":"https:\/\/maismagazine.pt\/wp-content\/uploads\/2023\/12\/Editorial-MAIS-dez23-scaled.jpg","type":"image\/jpeg"}],"author":"Jo\u00e3o Malainho","twitter_card":"summary_large_image","twitter_misc":{"Escrito por":false,"Tempo estimado de leitura":"3 minutos"},"schema":{"@context":"https:\/\/schema.org","@graph":[{"@type":"Article","@id":"https:\/\/maismagazine.pt\/index.php\/2023\/12\/21\/editorial-dezembro-2023\/#article","isPartOf":{"@id":"https:\/\/maismagazine.pt\/index.php\/2023\/12\/21\/editorial-dezembro-2023\/"},"author":{"name":"Jo\u00e3o Malainho","@id":"https:\/\/maismagazine.pt\/#\/schema\/person\/999bd426f894ff56d397ec12ebd21ebb"},"headline":"EDITORIAL | dezembro 2023","datePublished":"2023-12-21T09:27:10+00:00","mainEntityOfPage":{"@id":"https:\/\/maismagazine.pt\/index.php\/2023\/12\/21\/editorial-dezembro-2023\/"},"wordCount":504,"publisher":{"@id":"https:\/\/maismagazine.pt\/#organization"},"image":{"@id":"https:\/\/maismagazine.pt\/index.php\/2023\/12\/21\/editorial-dezembro-2023\/#primaryimage"},"thumbnailUrl":"http:\/\/maismagazine.pt\/wp-content\/uploads\/2023\/12\/Editorial-MAIS-dez23-scaled.jpg","keywords":["editorial","Jo\u00e3o Malainho","malainho"],"articleSection":["Editoriais"],"inLanguage":"pt-PT"},{"@type":"WebPage","@id":"https:\/\/maismagazine.pt\/index.php\/2023\/12\/21\/editorial-dezembro-2023\/","url":"https:\/\/maismagazine.pt\/index.php\/2023\/12\/21\/editorial-dezembro-2023\/","name":"EDITORIAL | dezembro 2023 - Mais Magazine","isPartOf":{"@id":"https:\/\/maismagazine.pt\/#website"},"primaryImageOfPage":{"@id":"https:\/\/maismagazine.pt\/index.php\/2023\/12\/21\/editorial-dezembro-2023\/#primaryimage"},"image":{"@id":"https:\/\/maismagazine.pt\/index.php\/2023\/12\/21\/editorial-dezembro-2023\/#primaryimage"},"thumbnailUrl":"http:\/\/maismagazine.pt\/wp-content\/uploads\/2023\/12\/Editorial-MAIS-dez23-scaled.jpg","datePublished":"2023-12-21T09:27:10+00:00","description":"...duas s\u00e3o dos anos 60, uma dos 70, tr\u00eas dos 80 e uma dos 90, o que confirma esta como a altura onde o apelo das mem\u00f3rias \u00e9 mais intenso.","breadcrumb":{"@id":"https:\/\/maismagazine.pt\/index.php\/2023\/12\/21\/editorial-dezembro-2023\/#breadcrumb"},"inLanguage":"pt-PT","potentialAction":[{"@type":"ReadAction","target":["https:\/\/maismagazine.pt\/index.php\/2023\/12\/21\/editorial-dezembro-2023\/"]}]},{"@type":"ImageObject","inLanguage":"pt-PT","@id":"https:\/\/maismagazine.pt\/index.php\/2023\/12\/21\/editorial-dezembro-2023\/#primaryimage","url":"http:\/\/maismagazine.pt\/wp-content\/uploads\/2023\/12\/Editorial-MAIS-dez23-scaled.jpg","contentUrl":"http:\/\/maismagazine.pt\/wp-content\/uploads\/2023\/12\/Editorial-MAIS-dez23-scaled.jpg","width":2560,"height":979},{"@type":"BreadcrumbList","@id":"https:\/\/maismagazine.pt\/index.php\/2023\/12\/21\/editorial-dezembro-2023\/#breadcrumb","itemListElement":[{"@type":"ListItem","position":1,"name":"Home","item":"https:\/\/maismagazine.pt\/"},{"@type":"ListItem","position":2,"name":"EDITORIAL | dezembro 2023"}]},{"@type":"WebSite","@id":"https:\/\/maismagazine.pt\/#website","url":"https:\/\/maismagazine.pt\/","name":"Mais Magazine","description":"","publisher":{"@id":"https:\/\/maismagazine.pt\/#organization"},"potentialAction":[{"@type":"SearchAction","target":{"@type":"EntryPoint","urlTemplate":"https:\/\/maismagazine.pt\/?s={search_term_string}"},"query-input":{"@type":"PropertyValueSpecification","valueRequired":true,"valueName":"search_term_string"}}],"inLanguage":"pt-PT"},{"@type":"Organization","@id":"https:\/\/maismagazine.pt\/#organization","name":"Mais Magazine","url":"https:\/\/maismagazine.pt\/","logo":{"@type":"ImageObject","inLanguage":"pt-PT","@id":"https:\/\/maismagazine.pt\/#\/schema\/logo\/image\/","url":"http:\/\/maismagazine.pt\/wp-content\/uploads\/2020\/04\/cropped-cropped-mais-magazine-site-logo-2.png","contentUrl":"http:\/\/maismagazine.pt\/wp-content\/uploads\/2020\/04\/cropped-cropped-mais-magazine-site-logo-2.png","width":581,"height":90,"caption":"Mais Magazine"},"image":{"@id":"https:\/\/maismagazine.pt\/#\/schema\/logo\/image\/"}},{"@type":"Person","@id":"https:\/\/maismagazine.pt\/#\/schema\/person\/999bd426f894ff56d397ec12ebd21ebb","name":"Jo\u00e3o Malainho","image":{"@type":"ImageObject","inLanguage":"pt-PT","@id":"https:\/\/maismagazine.pt\/#\/schema\/person\/image\/","url":"https:\/\/secure.gravatar.com\/avatar\/ff03c2f38edf60b2a827aa4f74878491?s=96&d=mm&r=g","contentUrl":"https:\/\/secure.gravatar.com\/avatar\/ff03c2f38edf60b2a827aa4f74878491?s=96&d=mm&r=g","caption":"Jo\u00e3o Malainho"},"url":"http:\/\/maismagazine.pt\/index.php\/author\/maismagazine\/"}]}},"author_meta":{"display_name":false,"author_link":"http:\/\/maismagazine.pt\/index.php\/author\/maismagazine\/"},"featured_img":"http:\/\/maismagazine.pt\/wp-content\/uploads\/2023\/12\/Editorial-MAIS-dez23-300x115.jpg","coauthors":[],"tax_additional":{"categories":{"linked":["<a href=\"http:\/\/maismagazine.pt\/index.php\/category\/editoriais\/\" class=\"advgb-post-tax-term\">Editoriais<\/a>"],"unlinked":["<span class=\"advgb-post-tax-term\">Editoriais<\/span>"]},"tags":{"linked":["<a href=\"http:\/\/maismagazine.pt\/index.php\/category\/editoriais\/\" class=\"advgb-post-tax-term\">editorial<\/a>","<a href=\"http:\/\/maismagazine.pt\/index.php\/category\/editoriais\/\" class=\"advgb-post-tax-term\">Jo\u00e3o Malainho<\/a>","<a href=\"http:\/\/maismagazine.pt\/index.php\/category\/editoriais\/\" class=\"advgb-post-tax-term\">malainho<\/a>"],"unlinked":["<span class=\"advgb-post-tax-term\">editorial<\/span>","<span class=\"advgb-post-tax-term\">Jo\u00e3o Malainho<\/span>","<span class=\"advgb-post-tax-term\">malainho<\/span>"]}},"comment_count":"0","relative_dates":{"created":"Posted 2 anos ago","modified":"Updated 2 anos ago"},"absolute_dates":{"created":"Posted on 21 de Dezembro, 2023","modified":"Updated on 21 de Dezembro, 2023"},"absolute_dates_time":{"created":"Posted on 21 de Dezembro, 2023 9:27","modified":"Updated on 21 de Dezembro, 2023 9:27"},"featured_img_caption":"","series_order":"","_links":{"self":[{"href":"http:\/\/maismagazine.pt\/index.php\/wp-json\/wp\/v2\/posts\/8674","targetHints":{"allow":["GET"]}}],"collection":[{"href":"http:\/\/maismagazine.pt\/index.php\/wp-json\/wp\/v2\/posts"}],"about":[{"href":"http:\/\/maismagazine.pt\/index.php\/wp-json\/wp\/v2\/types\/post"}],"author":[{"embeddable":true,"href":"http:\/\/maismagazine.pt\/index.php\/wp-json\/wp\/v2\/users\/7"}],"replies":[{"embeddable":true,"href":"http:\/\/maismagazine.pt\/index.php\/wp-json\/wp\/v2\/comments?post=8674"}],"version-history":[{"count":1,"href":"http:\/\/maismagazine.pt\/index.php\/wp-json\/wp\/v2\/posts\/8674\/revisions"}],"predecessor-version":[{"id":8676,"href":"http:\/\/maismagazine.pt\/index.php\/wp-json\/wp\/v2\/posts\/8674\/revisions\/8676"}],"wp:featuredmedia":[{"embeddable":true,"href":"http:\/\/maismagazine.pt\/index.php\/wp-json\/wp\/v2\/media\/8675"}],"wp:attachment":[{"href":"http:\/\/maismagazine.pt\/index.php\/wp-json\/wp\/v2\/media?parent=8674"}],"wp:term":[{"taxonomy":"category","embeddable":true,"href":"http:\/\/maismagazine.pt\/index.php\/wp-json\/wp\/v2\/categories?post=8674"},{"taxonomy":"post_tag","embeddable":true,"href":"http:\/\/maismagazine.pt\/index.php\/wp-json\/wp\/v2\/tags?post=8674"}],"curies":[{"name":"wp","href":"https:\/\/api.w.org\/{rel}","templated":true}]}}