{"id":8650,"date":"2023-12-22T07:00:00","date_gmt":"2023-12-22T07:00:00","guid":{"rendered":"https:\/\/maismagazine.pt\/?p=8650"},"modified":"2023-12-19T14:09:35","modified_gmt":"2023-12-19T14:09:35","slug":"cafe-alentejo","status":"publish","type":"post","link":"http:\/\/maismagazine.pt\/index.php\/2023\/12\/22\/cafe-alentejo\/","title":{"rendered":"Caf\u00e9 Alentejo"},"content":{"rendered":"\n<p>O melhor da cozinha tradicional alentejana.<\/p>\n\n\n\n<p>Junto \u00e0 Pra\u00e7a do Giraldo est\u00e1 o restaurante <a href=\"https:\/\/restaurantecafealentejo.com\/\">Caf\u00e9 Alentejo<\/a>\u00ae. Estalagem Real desde o s\u00e9culo XV, muitos mist\u00e9rios se guardam aqui: nas arcadas ogivais do interior, no estuque em carmim ou nas mesas com tampos em m\u00e1rmore, dispostas sobre geometrias coloridas do ch\u00e3o. Este \u00e9 um lugar especial, que o tom dos candeeiros acentua ao final do dia.<\/p>\n\n\n\n<p>Depois de ser Estalagem Real, o Caf\u00e9 Alentejo\u00ae foi Casa de Pasto at\u00e9 aos anos 90, onde os segredos da cozinha tradicional sempre continuaram, ao balc\u00e3o.<\/p>\n\n\n\n<p>Desde 1999, Rita Sim\u00e3o, eborense e propriet\u00e1ria do Caf\u00e9 Alentejo\u00ae, reuniu a hist\u00f3ria e cultura deste lugar. Foi atrav\u00e9s do empreendedorismo e da paix\u00e3o da Rita pela cozinha alentejana que foi poss\u00edvel transformar este espa\u00e7o de s\u00e9culos, numa das refer\u00eancias gastron\u00f3micas de toda a regi\u00e3o.<\/p>\n","protected":false},"excerpt":{"rendered":"<p>O melhor da cozinha tradicional alentejana. Junto \u00e0 Pra\u00e7a do Giraldo est\u00e1 o restaurante Caf\u00e9 Alentejo\u00ae. Estalagem Real desde o s\u00e9culo XV, muitos mist\u00e9rios se guardam aqui: nas arcadas ogivais do interior, no estuque em carmim ou nas mesas com tampos em m\u00e1rmore, dispostas sobre geometrias coloridas do ch\u00e3o. Este&hellip;<\/p>\n","protected":false},"author":17,"featured_media":8651,"comment_status":"closed","ping_status":"open","sticky":false,"template":"","format":"standard","meta":{"advgb_blocks_editor_width":"","advgb_blocks_columns_visual_guide":"","_monsterinsights_skip_tracking":false,"_monsterinsights_sitenote_active":false,"_monsterinsights_sitenote_note":"","_monsterinsights_sitenote_category":0,"footnotes":""},"categories":[1460],"tags":[1056],"class_list":["post-8650","post","type-post","status-publish","format-standard","has-post-thumbnail","hentry","category-publicidade","tag-cafe-alentejo"],"yoast_head":"<!-- This site is optimized with the Yoast SEO plugin v24.4 - https:\/\/yoast.com\/wordpress\/plugins\/seo\/ -->\n<title>Caf\u00e9 Alentejo - Mais Magazine<\/title>\n<meta name=\"description\" content=\"O melhor da cozinha tradicional alentejana.\" \/>\n<meta name=\"robots\" content=\"index, follow, max-snippet:-1, max-image-preview:large, max-video-preview:-1\" \/>\n<link rel=\"canonical\" href=\"https:\/\/maismagazine.pt\/index.php\/2023\/12\/22\/cafe-alentejo\/\" \/>\n<meta property=\"og:locale\" content=\"pt_PT\" \/>\n<meta property=\"og:type\" content=\"article\" \/>\n<meta property=\"og:title\" content=\"Caf\u00e9 Alentejo - Mais Magazine\" \/>\n<meta property=\"og:description\" content=\"O melhor da cozinha tradicional alentejana.\" \/>\n<meta property=\"og:url\" content=\"https:\/\/maismagazine.pt\/index.php\/2023\/12\/22\/cafe-alentejo\/\" \/>\n<meta property=\"og:site_name\" content=\"Mais Magazine\" \/>\n<meta property=\"article:published_time\" content=\"2023-12-22T07:00:00+00:00\" \/>\n<meta property=\"og:image\" content=\"https:\/\/maismagazine.pt\/wp-content\/uploads\/2023\/12\/302776403_613945263555276_119054622737137697_n.jpg\" \/>\n\t<meta property=\"og:image:width\" content=\"472\" \/>\n\t<meta property=\"og:image:height\" content=\"472\" \/>\n\t<meta property=\"og:image:type\" content=\"image\/jpeg\" \/>\n<meta name=\"author\" content=\"Tiago Costa\" \/>\n<meta name=\"twitter:card\" content=\"summary_large_image\" \/>\n<meta name=\"twitter:label1\" content=\"Escrito por\" \/>\n\t<meta name=\"twitter:data1\" content=\"\" \/>\n\t<meta name=\"twitter:label2\" content=\"Tempo estimado de leitura\" \/>\n\t<meta name=\"twitter:data2\" content=\"1 minuto\" \/>\n<script type=\"application\/ld+json\" class=\"yoast-schema-graph\">{\"@context\":\"https:\/\/schema.org\",\"@graph\":[{\"@type\":\"Article\",\"@id\":\"https:\/\/maismagazine.pt\/index.php\/2023\/12\/22\/cafe-alentejo\/#article\",\"isPartOf\":{\"@id\":\"https:\/\/maismagazine.pt\/index.php\/2023\/12\/22\/cafe-alentejo\/\"},\"author\":{\"name\":\"Tiago Costa\",\"@id\":\"https:\/\/maismagazine.pt\/#\/schema\/person\/c6c5bfccc886434cbd11c74e035f9646\"},\"headline\":\"Caf\u00e9 Alentejo\",\"datePublished\":\"2023-12-22T07:00:00+00:00\",\"mainEntityOfPage\":{\"@id\":\"https:\/\/maismagazine.pt\/index.php\/2023\/12\/22\/cafe-alentejo\/\"},\"wordCount\":150,\"publisher\":{\"@id\":\"https:\/\/maismagazine.pt\/#organization\"},\"image\":{\"@id\":\"https:\/\/maismagazine.pt\/index.php\/2023\/12\/22\/cafe-alentejo\/#primaryimage\"},\"thumbnailUrl\":\"http:\/\/maismagazine.pt\/wp-content\/uploads\/2023\/12\/302776403_613945263555276_119054622737137697_n.jpg\",\"keywords\":[\"Caf\u00e9 Alentejo\"],\"articleSection\":[\"publicidade\"],\"inLanguage\":\"pt-PT\"},{\"@type\":\"WebPage\",\"@id\":\"https:\/\/maismagazine.pt\/index.php\/2023\/12\/22\/cafe-alentejo\/\",\"url\":\"https:\/\/maismagazine.pt\/index.php\/2023\/12\/22\/cafe-alentejo\/\",\"name\":\"Caf\u00e9 Alentejo - Mais Magazine\",\"isPartOf\":{\"@id\":\"https:\/\/maismagazine.pt\/#website\"},\"primaryImageOfPage\":{\"@id\":\"https:\/\/maismagazine.pt\/index.php\/2023\/12\/22\/cafe-alentejo\/#primaryimage\"},\"image\":{\"@id\":\"https:\/\/maismagazine.pt\/index.php\/2023\/12\/22\/cafe-alentejo\/#primaryimage\"},\"thumbnailUrl\":\"http:\/\/maismagazine.pt\/wp-content\/uploads\/2023\/12\/302776403_613945263555276_119054622737137697_n.jpg\",\"datePublished\":\"2023-12-22T07:00:00+00:00\",\"description\":\"O melhor da cozinha tradicional alentejana.\",\"breadcrumb\":{\"@id\":\"https:\/\/maismagazine.pt\/index.php\/2023\/12\/22\/cafe-alentejo\/#breadcrumb\"},\"inLanguage\":\"pt-PT\",\"potentialAction\":[{\"@type\":\"ReadAction\",\"target\":[\"https:\/\/maismagazine.pt\/index.php\/2023\/12\/22\/cafe-alentejo\/\"]}]},{\"@type\":\"ImageObject\",\"inLanguage\":\"pt-PT\",\"@id\":\"https:\/\/maismagazine.pt\/index.php\/2023\/12\/22\/cafe-alentejo\/#primaryimage\",\"url\":\"http:\/\/maismagazine.pt\/wp-content\/uploads\/2023\/12\/302776403_613945263555276_119054622737137697_n.jpg\",\"contentUrl\":\"http:\/\/maismagazine.pt\/wp-content\/uploads\/2023\/12\/302776403_613945263555276_119054622737137697_n.jpg\",\"width\":472,\"height\":472},{\"@type\":\"BreadcrumbList\",\"@id\":\"https:\/\/maismagazine.pt\/index.php\/2023\/12\/22\/cafe-alentejo\/#breadcrumb\",\"itemListElement\":[{\"@type\":\"ListItem\",\"position\":1,\"name\":\"Home\",\"item\":\"https:\/\/maismagazine.pt\/\"},{\"@type\":\"ListItem\",\"position\":2,\"name\":\"Caf\u00e9 Alentejo\"}]},{\"@type\":\"WebSite\",\"@id\":\"https:\/\/maismagazine.pt\/#website\",\"url\":\"https:\/\/maismagazine.pt\/\",\"name\":\"Mais Magazine\",\"description\":\"\",\"publisher\":{\"@id\":\"https:\/\/maismagazine.pt\/#organization\"},\"potentialAction\":[{\"@type\":\"SearchAction\",\"target\":{\"@type\":\"EntryPoint\",\"urlTemplate\":\"https:\/\/maismagazine.pt\/?s={search_term_string}\"},\"query-input\":{\"@type\":\"PropertyValueSpecification\",\"valueRequired\":true,\"valueName\":\"search_term_string\"}}],\"inLanguage\":\"pt-PT\"},{\"@type\":\"Organization\",\"@id\":\"https:\/\/maismagazine.pt\/#organization\",\"name\":\"Mais Magazine\",\"url\":\"https:\/\/maismagazine.pt\/\",\"logo\":{\"@type\":\"ImageObject\",\"inLanguage\":\"pt-PT\",\"@id\":\"https:\/\/maismagazine.pt\/#\/schema\/logo\/image\/\",\"url\":\"http:\/\/maismagazine.pt\/wp-content\/uploads\/2020\/04\/cropped-cropped-mais-magazine-site-logo-2.png\",\"contentUrl\":\"http:\/\/maismagazine.pt\/wp-content\/uploads\/2020\/04\/cropped-cropped-mais-magazine-site-logo-2.png\",\"width\":581,\"height\":90,\"caption\":\"Mais Magazine\"},\"image\":{\"@id\":\"https:\/\/maismagazine.pt\/#\/schema\/logo\/image\/\"}},{\"@type\":\"Person\",\"@id\":\"https:\/\/maismagazine.pt\/#\/schema\/person\/c6c5bfccc886434cbd11c74e035f9646\",\"name\":\"Tiago Costa\",\"image\":{\"@type\":\"ImageObject\",\"inLanguage\":\"pt-PT\",\"@id\":\"https:\/\/maismagazine.pt\/#\/schema\/person\/image\/\",\"url\":\"https:\/\/secure.gravatar.com\/avatar\/c599b2bce16c9870429198cbad5ee022?s=96&d=mm&r=g\",\"contentUrl\":\"https:\/\/secure.gravatar.com\/avatar\/c599b2bce16c9870429198cbad5ee022?s=96&d=mm&r=g\",\"caption\":\"Tiago Costa\"},\"url\":\"http:\/\/maismagazine.pt\/index.php\/author\/tiago\/\"}]}<\/script>\n<!-- \/ Yoast SEO plugin. -->","yoast_head_json":{"title":"Caf\u00e9 Alentejo - Mais Magazine","description":"O melhor da cozinha tradicional alentejana.","robots":{"index":"index","follow":"follow","max-snippet":"max-snippet:-1","max-image-preview":"max-image-preview:large","max-video-preview":"max-video-preview:-1"},"canonical":"https:\/\/maismagazine.pt\/index.php\/2023\/12\/22\/cafe-alentejo\/","og_locale":"pt_PT","og_type":"article","og_title":"Caf\u00e9 Alentejo - Mais Magazine","og_description":"O melhor da cozinha tradicional alentejana.","og_url":"https:\/\/maismagazine.pt\/index.php\/2023\/12\/22\/cafe-alentejo\/","og_site_name":"Mais Magazine","article_published_time":"2023-12-22T07:00:00+00:00","og_image":[{"width":472,"height":472,"url":"https:\/\/maismagazine.pt\/wp-content\/uploads\/2023\/12\/302776403_613945263555276_119054622737137697_n.jpg","type":"image\/jpeg"}],"author":"Tiago Costa","twitter_card":"summary_large_image","twitter_misc":{"Escrito por":false,"Tempo estimado de leitura":"1 minuto"},"schema":{"@context":"https:\/\/schema.org","@graph":[{"@type":"Article","@id":"https:\/\/maismagazine.pt\/index.php\/2023\/12\/22\/cafe-alentejo\/#article","isPartOf":{"@id":"https:\/\/maismagazine.pt\/index.php\/2023\/12\/22\/cafe-alentejo\/"},"author":{"name":"Tiago Costa","@id":"https:\/\/maismagazine.pt\/#\/schema\/person\/c6c5bfccc886434cbd11c74e035f9646"},"headline":"Caf\u00e9 Alentejo","datePublished":"2023-12-22T07:00:00+00:00","mainEntityOfPage":{"@id":"https:\/\/maismagazine.pt\/index.php\/2023\/12\/22\/cafe-alentejo\/"},"wordCount":150,"publisher":{"@id":"https:\/\/maismagazine.pt\/#organization"},"image":{"@id":"https:\/\/maismagazine.pt\/index.php\/2023\/12\/22\/cafe-alentejo\/#primaryimage"},"thumbnailUrl":"http:\/\/maismagazine.pt\/wp-content\/uploads\/2023\/12\/302776403_613945263555276_119054622737137697_n.jpg","keywords":["Caf\u00e9 Alentejo"],"articleSection":["publicidade"],"inLanguage":"pt-PT"},{"@type":"WebPage","@id":"https:\/\/maismagazine.pt\/index.php\/2023\/12\/22\/cafe-alentejo\/","url":"https:\/\/maismagazine.pt\/index.php\/2023\/12\/22\/cafe-alentejo\/","name":"Caf\u00e9 Alentejo - Mais Magazine","isPartOf":{"@id":"https:\/\/maismagazine.pt\/#website"},"primaryImageOfPage":{"@id":"https:\/\/maismagazine.pt\/index.php\/2023\/12\/22\/cafe-alentejo\/#primaryimage"},"image":{"@id":"https:\/\/maismagazine.pt\/index.php\/2023\/12\/22\/cafe-alentejo\/#primaryimage"},"thumbnailUrl":"http:\/\/maismagazine.pt\/wp-content\/uploads\/2023\/12\/302776403_613945263555276_119054622737137697_n.jpg","datePublished":"2023-12-22T07:00:00+00:00","description":"O melhor da cozinha tradicional alentejana.","breadcrumb":{"@id":"https:\/\/maismagazine.pt\/index.php\/2023\/12\/22\/cafe-alentejo\/#breadcrumb"},"inLanguage":"pt-PT","potentialAction":[{"@type":"ReadAction","target":["https:\/\/maismagazine.pt\/index.php\/2023\/12\/22\/cafe-alentejo\/"]}]},{"@type":"ImageObject","inLanguage":"pt-PT","@id":"https:\/\/maismagazine.pt\/index.php\/2023\/12\/22\/cafe-alentejo\/#primaryimage","url":"http:\/\/maismagazine.pt\/wp-content\/uploads\/2023\/12\/302776403_613945263555276_119054622737137697_n.jpg","contentUrl":"http:\/\/maismagazine.pt\/wp-content\/uploads\/2023\/12\/302776403_613945263555276_119054622737137697_n.jpg","width":472,"height":472},{"@type":"BreadcrumbList","@id":"https:\/\/maismagazine.pt\/index.php\/2023\/12\/22\/cafe-alentejo\/#breadcrumb","itemListElement":[{"@type":"ListItem","position":1,"name":"Home","item":"https:\/\/maismagazine.pt\/"},{"@type":"ListItem","position":2,"name":"Caf\u00e9 Alentejo"}]},{"@type":"WebSite","@id":"https:\/\/maismagazine.pt\/#website","url":"https:\/\/maismagazine.pt\/","name":"Mais Magazine","description":"","publisher":{"@id":"https:\/\/maismagazine.pt\/#organization"},"potentialAction":[{"@type":"SearchAction","target":{"@type":"EntryPoint","urlTemplate":"https:\/\/maismagazine.pt\/?s={search_term_string}"},"query-input":{"@type":"PropertyValueSpecification","valueRequired":true,"valueName":"search_term_string"}}],"inLanguage":"pt-PT"},{"@type":"Organization","@id":"https:\/\/maismagazine.pt\/#organization","name":"Mais Magazine","url":"https:\/\/maismagazine.pt\/","logo":{"@type":"ImageObject","inLanguage":"pt-PT","@id":"https:\/\/maismagazine.pt\/#\/schema\/logo\/image\/","url":"http:\/\/maismagazine.pt\/wp-content\/uploads\/2020\/04\/cropped-cropped-mais-magazine-site-logo-2.png","contentUrl":"http:\/\/maismagazine.pt\/wp-content\/uploads\/2020\/04\/cropped-cropped-mais-magazine-site-logo-2.png","width":581,"height":90,"caption":"Mais Magazine"},"image":{"@id":"https:\/\/maismagazine.pt\/#\/schema\/logo\/image\/"}},{"@type":"Person","@id":"https:\/\/maismagazine.pt\/#\/schema\/person\/c6c5bfccc886434cbd11c74e035f9646","name":"Tiago Costa","image":{"@type":"ImageObject","inLanguage":"pt-PT","@id":"https:\/\/maismagazine.pt\/#\/schema\/person\/image\/","url":"https:\/\/secure.gravatar.com\/avatar\/c599b2bce16c9870429198cbad5ee022?s=96&d=mm&r=g","contentUrl":"https:\/\/secure.gravatar.com\/avatar\/c599b2bce16c9870429198cbad5ee022?s=96&d=mm&r=g","caption":"Tiago Costa"},"url":"http:\/\/maismagazine.pt\/index.php\/author\/tiago\/"}]}},"author_meta":{"display_name":false,"author_link":"http:\/\/maismagazine.pt\/index.php\/author\/tiago\/"},"featured_img":"http:\/\/maismagazine.pt\/wp-content\/uploads\/2023\/12\/302776403_613945263555276_119054622737137697_n-300x300.jpg","coauthors":[],"tax_additional":{"categories":{"linked":["<a href=\"http:\/\/maismagazine.pt\/index.php\/category\/publicidade\/\" class=\"advgb-post-tax-term\">publicidade<\/a>"],"unlinked":["<span class=\"advgb-post-tax-term\">publicidade<\/span>"]},"tags":{"linked":["<a href=\"http:\/\/maismagazine.pt\/index.php\/category\/publicidade\/\" class=\"advgb-post-tax-term\">Caf\u00e9 Alentejo<\/a>"],"unlinked":["<span class=\"advgb-post-tax-term\">Caf\u00e9 Alentejo<\/span>"]}},"comment_count":"0","relative_dates":{"created":"Posted 2 anos ago","modified":"Updated 2 anos ago"},"absolute_dates":{"created":"Posted on 22 de Dezembro, 2023","modified":"Updated on 19 de Dezembro, 2023"},"absolute_dates_time":{"created":"Posted on 22 de Dezembro, 2023 7:00","modified":"Updated on 19 de Dezembro, 2023 14:09"},"featured_img_caption":"","series_order":"","_links":{"self":[{"href":"http:\/\/maismagazine.pt\/index.php\/wp-json\/wp\/v2\/posts\/8650","targetHints":{"allow":["GET"]}}],"collection":[{"href":"http:\/\/maismagazine.pt\/index.php\/wp-json\/wp\/v2\/posts"}],"about":[{"href":"http:\/\/maismagazine.pt\/index.php\/wp-json\/wp\/v2\/types\/post"}],"author":[{"embeddable":true,"href":"http:\/\/maismagazine.pt\/index.php\/wp-json\/wp\/v2\/users\/17"}],"replies":[{"embeddable":true,"href":"http:\/\/maismagazine.pt\/index.php\/wp-json\/wp\/v2\/comments?post=8650"}],"version-history":[{"count":2,"href":"http:\/\/maismagazine.pt\/index.php\/wp-json\/wp\/v2\/posts\/8650\/revisions"}],"predecessor-version":[{"id":8655,"href":"http:\/\/maismagazine.pt\/index.php\/wp-json\/wp\/v2\/posts\/8650\/revisions\/8655"}],"wp:featuredmedia":[{"embeddable":true,"href":"http:\/\/maismagazine.pt\/index.php\/wp-json\/wp\/v2\/media\/8651"}],"wp:attachment":[{"href":"http:\/\/maismagazine.pt\/index.php\/wp-json\/wp\/v2\/media?parent=8650"}],"wp:term":[{"taxonomy":"category","embeddable":true,"href":"http:\/\/maismagazine.pt\/index.php\/wp-json\/wp\/v2\/categories?post=8650"},{"taxonomy":"post_tag","embeddable":true,"href":"http:\/\/maismagazine.pt\/index.php\/wp-json\/wp\/v2\/tags?post=8650"}],"curies":[{"name":"wp","href":"https:\/\/api.w.org\/{rel}","templated":true}]}}