{"id":8606,"date":"2023-12-22T07:00:00","date_gmt":"2023-12-22T07:00:00","guid":{"rendered":"https:\/\/maismagazine.pt\/?p=8606"},"modified":"2023-12-18T16:01:27","modified_gmt":"2023-12-18T16:01:27","slug":"unidos-pela-defesa-do-setor-dos-transportes","status":"publish","type":"post","link":"http:\/\/maismagazine.pt\/index.php\/2023\/12\/22\/unidos-pela-defesa-do-setor-dos-transportes\/","title":{"rendered":"Unidos pela defesa do setor dos transportes"},"content":{"rendered":"\n<p>A ADFERSIT &#8211; Associa\u00e7\u00e3o Portuguesa para o Desenvolvimento dos Sistemas Integrados de Transportes tem contribu\u00eddo, essencialmente, para a divulga\u00e7\u00e3o das realidades e potencialidades dos Sistemas Integrados de Transportes, no contexto econ\u00f3mico e social, quer em termos nacionais como internacionais. <\/p>\n\n\n\n<p><\/p>\n\n\n\n<p>A inicialmente designada de ADFER \u2013 Associa\u00e7\u00e3o Portuguesa para o Desenvolvimento do Transporte Ferrovi\u00e1rio, nasce em abril de 1988 por um grupo dos mais qualificados quadros dos transportes das mais diversas op\u00e7\u00f5es pol\u00edticas. <\/p>\n\n\n\n<p><\/p>\n\n\n\n<p>Todavia, a atual designa\u00e7\u00e3o da associa\u00e7\u00e3o, ADFERSIT, foi formalmente assumida com a altera\u00e7\u00e3o dos estatutos efetuada em 2009, clarificando a necessidade de uma vis\u00e3o integrada para o setor dos transportes.<\/p>\n\n\n\n<p><\/p>\n\n\n\n<p>Em suma, a ADFERSIT \u00e9 uma organiza\u00e7\u00e3o aberta e interessada na participa\u00e7\u00e3o de todos os quadros que queiram contribuir com o seu saber, experi\u00eancia e dedica\u00e7\u00e3o ao servi\u00e7o do setor dos transportes.<\/p>\n\n\n\n<p><\/p>\n\n\n\n<p class=\"has-text-align-right\"><em>Fernando Nunes da Silva, Presidente da ADFERSIT<\/em><\/p>\n\n\n\n<p><\/p>\n\n\n<div class=\"wp-block-image\">\n<figure class=\"aligncenter size-full\"><img loading=\"lazy\" decoding=\"async\" width=\"394\" height=\"108\" src=\"https:\/\/maismagazine.pt\/wp-content\/uploads\/2023\/12\/logo-adfersit.png\" alt=\"\" class=\"wp-image-8607\" srcset=\"http:\/\/maismagazine.pt\/wp-content\/uploads\/2023\/12\/logo-adfersit.png 394w, http:\/\/maismagazine.pt\/wp-content\/uploads\/2023\/12\/logo-adfersit-300x82.png 300w\" sizes=\"auto, (max-width: 394px) 100vw, 394px\" \/><\/figure><\/div>","protected":false},"excerpt":{"rendered":"<p>A ADFERSIT &#8211; Associa\u00e7\u00e3o Portuguesa para o Desenvolvimento dos Sistemas Integrados de Transportes tem contribu\u00eddo, essencialmente, para a divulga\u00e7\u00e3o das realidades e potencialidades dos Sistemas Integrados de Transportes, no contexto econ\u00f3mico e social, quer em termos nacionais como internacionais. A inicialmente designada de ADFER \u2013 Associa\u00e7\u00e3o Portuguesa para o Desenvolvimento&hellip;<\/p>\n","protected":false},"author":18,"featured_media":8608,"comment_status":"closed","ping_status":"open","sticky":false,"template":"","format":"standard","meta":{"advgb_blocks_editor_width":"","advgb_blocks_columns_visual_guide":"","_monsterinsights_skip_tracking":false,"_monsterinsights_sitenote_active":false,"_monsterinsights_sitenote_note":"","_monsterinsights_sitenote_category":0,"footnotes":""},"categories":[52,51],"tags":[1808,1798],"class_list":["post-8606","post","type-post","status-publish","format-standard","has-post-thumbnail","hentry","category-destaque","category-opiniao","tag-adfersit","tag-transporte-ferroviario"],"yoast_head":"<!-- This site is optimized with the Yoast SEO plugin v24.4 - https:\/\/yoast.com\/wordpress\/plugins\/seo\/ -->\n<title>Unidos pela defesa do setor dos transportes - Mais Magazine<\/title>\n<meta name=\"robots\" content=\"index, follow, max-snippet:-1, max-image-preview:large, max-video-preview:-1\" \/>\n<link rel=\"canonical\" href=\"http:\/\/maismagazine.pt\/index.php\/2023\/12\/22\/unidos-pela-defesa-do-setor-dos-transportes\/\" \/>\n<meta property=\"og:locale\" content=\"pt_PT\" \/>\n<meta property=\"og:type\" content=\"article\" \/>\n<meta property=\"og:title\" content=\"Unidos pela defesa do setor dos transportes - Mais Magazine\" \/>\n<meta property=\"og:description\" content=\"A ADFERSIT &#8211; Associa\u00e7\u00e3o Portuguesa para o Desenvolvimento dos Sistemas Integrados de Transportes tem contribu\u00eddo, essencialmente, para a divulga\u00e7\u00e3o das realidades e potencialidades dos Sistemas Integrados de Transportes, no contexto econ\u00f3mico e social, quer em termos nacionais como internacionais. A inicialmente designada de ADFER \u2013 Associa\u00e7\u00e3o Portuguesa para o Desenvolvimento&hellip;\" \/>\n<meta property=\"og:url\" content=\"http:\/\/maismagazine.pt\/index.php\/2023\/12\/22\/unidos-pela-defesa-do-setor-dos-transportes\/\" \/>\n<meta property=\"og:site_name\" content=\"Mais Magazine\" \/>\n<meta property=\"article:published_time\" content=\"2023-12-22T07:00:00+00:00\" \/>\n<meta property=\"og:image\" content=\"http:\/\/maismagazine.pt\/wp-content\/uploads\/2023\/12\/Fernando-Nunes-da-Silva-Presidente-da-ADFERSIT.jpg\" \/>\n\t<meta property=\"og:image:width\" content=\"260\" \/>\n\t<meta property=\"og:image:height\" content=\"300\" \/>\n\t<meta property=\"og:image:type\" content=\"image\/jpeg\" \/>\n<meta name=\"author\" content=\"Tatiana Martins\" \/>\n<meta name=\"twitter:card\" content=\"summary_large_image\" \/>\n<meta name=\"twitter:label1\" content=\"Escrito por\" \/>\n\t<meta name=\"twitter:data1\" content=\"\" \/>\n\t<meta name=\"twitter:label2\" content=\"Tempo estimado de leitura\" \/>\n\t<meta name=\"twitter:data2\" content=\"1 minuto\" \/>\n<script type=\"application\/ld+json\" class=\"yoast-schema-graph\">{\"@context\":\"https:\/\/schema.org\",\"@graph\":[{\"@type\":\"Article\",\"@id\":\"http:\/\/maismagazine.pt\/index.php\/2023\/12\/22\/unidos-pela-defesa-do-setor-dos-transportes\/#article\",\"isPartOf\":{\"@id\":\"http:\/\/maismagazine.pt\/index.php\/2023\/12\/22\/unidos-pela-defesa-do-setor-dos-transportes\/\"},\"author\":{\"name\":\"Tatiana Martins\",\"@id\":\"http:\/\/maismagazine.pt\/#\/schema\/person\/7426e2caeb8df32a1b56aa48dae778c9\"},\"headline\":\"Unidos pela defesa do setor dos transportes\",\"datePublished\":\"2023-12-22T07:00:00+00:00\",\"mainEntityOfPage\":{\"@id\":\"http:\/\/maismagazine.pt\/index.php\/2023\/12\/22\/unidos-pela-defesa-do-setor-dos-transportes\/\"},\"wordCount\":161,\"publisher\":{\"@id\":\"http:\/\/maismagazine.pt\/#organization\"},\"image\":{\"@id\":\"http:\/\/maismagazine.pt\/index.php\/2023\/12\/22\/unidos-pela-defesa-do-setor-dos-transportes\/#primaryimage\"},\"thumbnailUrl\":\"http:\/\/maismagazine.pt\/wp-content\/uploads\/2023\/12\/Fernando-Nunes-da-Silva-Presidente-da-ADFERSIT.jpg\",\"keywords\":[\"Adfersit\",\"Transporte Ferrovi\u00e1rio\"],\"articleSection\":[\"Destaque lateral\",\"Opini\u00e3o\"],\"inLanguage\":\"pt-PT\"},{\"@type\":\"WebPage\",\"@id\":\"http:\/\/maismagazine.pt\/index.php\/2023\/12\/22\/unidos-pela-defesa-do-setor-dos-transportes\/\",\"url\":\"http:\/\/maismagazine.pt\/index.php\/2023\/12\/22\/unidos-pela-defesa-do-setor-dos-transportes\/\",\"name\":\"Unidos pela defesa do setor dos transportes - Mais Magazine\",\"isPartOf\":{\"@id\":\"http:\/\/maismagazine.pt\/#website\"},\"primaryImageOfPage\":{\"@id\":\"http:\/\/maismagazine.pt\/index.php\/2023\/12\/22\/unidos-pela-defesa-do-setor-dos-transportes\/#primaryimage\"},\"image\":{\"@id\":\"http:\/\/maismagazine.pt\/index.php\/2023\/12\/22\/unidos-pela-defesa-do-setor-dos-transportes\/#primaryimage\"},\"thumbnailUrl\":\"http:\/\/maismagazine.pt\/wp-content\/uploads\/2023\/12\/Fernando-Nunes-da-Silva-Presidente-da-ADFERSIT.jpg\",\"datePublished\":\"2023-12-22T07:00:00+00:00\",\"breadcrumb\":{\"@id\":\"http:\/\/maismagazine.pt\/index.php\/2023\/12\/22\/unidos-pela-defesa-do-setor-dos-transportes\/#breadcrumb\"},\"inLanguage\":\"pt-PT\",\"potentialAction\":[{\"@type\":\"ReadAction\",\"target\":[\"http:\/\/maismagazine.pt\/index.php\/2023\/12\/22\/unidos-pela-defesa-do-setor-dos-transportes\/\"]}]},{\"@type\":\"ImageObject\",\"inLanguage\":\"pt-PT\",\"@id\":\"http:\/\/maismagazine.pt\/index.php\/2023\/12\/22\/unidos-pela-defesa-do-setor-dos-transportes\/#primaryimage\",\"url\":\"http:\/\/maismagazine.pt\/wp-content\/uploads\/2023\/12\/Fernando-Nunes-da-Silva-Presidente-da-ADFERSIT.jpg\",\"contentUrl\":\"http:\/\/maismagazine.pt\/wp-content\/uploads\/2023\/12\/Fernando-Nunes-da-Silva-Presidente-da-ADFERSIT.jpg\",\"width\":260,\"height\":300},{\"@type\":\"BreadcrumbList\",\"@id\":\"http:\/\/maismagazine.pt\/index.php\/2023\/12\/22\/unidos-pela-defesa-do-setor-dos-transportes\/#breadcrumb\",\"itemListElement\":[{\"@type\":\"ListItem\",\"position\":1,\"name\":\"Home\",\"item\":\"http:\/\/maismagazine.pt\/\"},{\"@type\":\"ListItem\",\"position\":2,\"name\":\"Unidos pela defesa do setor dos transportes\"}]},{\"@type\":\"WebSite\",\"@id\":\"http:\/\/maismagazine.pt\/#website\",\"url\":\"http:\/\/maismagazine.pt\/\",\"name\":\"Mais Magazine\",\"description\":\"\",\"publisher\":{\"@id\":\"http:\/\/maismagazine.pt\/#organization\"},\"potentialAction\":[{\"@type\":\"SearchAction\",\"target\":{\"@type\":\"EntryPoint\",\"urlTemplate\":\"http:\/\/maismagazine.pt\/?s={search_term_string}\"},\"query-input\":{\"@type\":\"PropertyValueSpecification\",\"valueRequired\":true,\"valueName\":\"search_term_string\"}}],\"inLanguage\":\"pt-PT\"},{\"@type\":\"Organization\",\"@id\":\"http:\/\/maismagazine.pt\/#organization\",\"name\":\"Mais Magazine\",\"url\":\"http:\/\/maismagazine.pt\/\",\"logo\":{\"@type\":\"ImageObject\",\"inLanguage\":\"pt-PT\",\"@id\":\"http:\/\/maismagazine.pt\/#\/schema\/logo\/image\/\",\"url\":\"http:\/\/maismagazine.pt\/wp-content\/uploads\/2020\/04\/cropped-cropped-mais-magazine-site-logo-2.png\",\"contentUrl\":\"http:\/\/maismagazine.pt\/wp-content\/uploads\/2020\/04\/cropped-cropped-mais-magazine-site-logo-2.png\",\"width\":581,\"height\":90,\"caption\":\"Mais Magazine\"},\"image\":{\"@id\":\"http:\/\/maismagazine.pt\/#\/schema\/logo\/image\/\"}},{\"@type\":\"Person\",\"@id\":\"http:\/\/maismagazine.pt\/#\/schema\/person\/7426e2caeb8df32a1b56aa48dae778c9\",\"name\":\"Tatiana Martins\",\"image\":{\"@type\":\"ImageObject\",\"inLanguage\":\"pt-PT\",\"@id\":\"http:\/\/maismagazine.pt\/#\/schema\/person\/image\/\",\"url\":\"https:\/\/secure.gravatar.com\/avatar\/4b24a57f5d0425f2eb20981c4b53244e?s=96&d=mm&r=g\",\"contentUrl\":\"https:\/\/secure.gravatar.com\/avatar\/4b24a57f5d0425f2eb20981c4b53244e?s=96&d=mm&r=g\",\"caption\":\"Tatiana Martins\"},\"url\":\"http:\/\/maismagazine.pt\/index.php\/author\/tatiana\/\"}]}<\/script>\n<!-- \/ Yoast SEO plugin. -->","yoast_head_json":{"title":"Unidos pela defesa do setor dos transportes - Mais Magazine","robots":{"index":"index","follow":"follow","max-snippet":"max-snippet:-1","max-image-preview":"max-image-preview:large","max-video-preview":"max-video-preview:-1"},"canonical":"http:\/\/maismagazine.pt\/index.php\/2023\/12\/22\/unidos-pela-defesa-do-setor-dos-transportes\/","og_locale":"pt_PT","og_type":"article","og_title":"Unidos pela defesa do setor dos transportes - Mais Magazine","og_description":"A ADFERSIT &#8211; Associa\u00e7\u00e3o Portuguesa para o Desenvolvimento dos Sistemas Integrados de Transportes tem contribu\u00eddo, essencialmente, para a divulga\u00e7\u00e3o das realidades e potencialidades dos Sistemas Integrados de Transportes, no contexto econ\u00f3mico e social, quer em termos nacionais como internacionais. A inicialmente designada de ADFER \u2013 Associa\u00e7\u00e3o Portuguesa para o Desenvolvimento&hellip;","og_url":"http:\/\/maismagazine.pt\/index.php\/2023\/12\/22\/unidos-pela-defesa-do-setor-dos-transportes\/","og_site_name":"Mais Magazine","article_published_time":"2023-12-22T07:00:00+00:00","og_image":[{"width":260,"height":300,"url":"http:\/\/maismagazine.pt\/wp-content\/uploads\/2023\/12\/Fernando-Nunes-da-Silva-Presidente-da-ADFERSIT.jpg","type":"image\/jpeg"}],"author":"Tatiana Martins","twitter_card":"summary_large_image","twitter_misc":{"Escrito por":false,"Tempo estimado de leitura":"1 minuto"},"schema":{"@context":"https:\/\/schema.org","@graph":[{"@type":"Article","@id":"http:\/\/maismagazine.pt\/index.php\/2023\/12\/22\/unidos-pela-defesa-do-setor-dos-transportes\/#article","isPartOf":{"@id":"http:\/\/maismagazine.pt\/index.php\/2023\/12\/22\/unidos-pela-defesa-do-setor-dos-transportes\/"},"author":{"name":"Tatiana Martins","@id":"http:\/\/maismagazine.pt\/#\/schema\/person\/7426e2caeb8df32a1b56aa48dae778c9"},"headline":"Unidos pela defesa do setor dos transportes","datePublished":"2023-12-22T07:00:00+00:00","mainEntityOfPage":{"@id":"http:\/\/maismagazine.pt\/index.php\/2023\/12\/22\/unidos-pela-defesa-do-setor-dos-transportes\/"},"wordCount":161,"publisher":{"@id":"http:\/\/maismagazine.pt\/#organization"},"image":{"@id":"http:\/\/maismagazine.pt\/index.php\/2023\/12\/22\/unidos-pela-defesa-do-setor-dos-transportes\/#primaryimage"},"thumbnailUrl":"http:\/\/maismagazine.pt\/wp-content\/uploads\/2023\/12\/Fernando-Nunes-da-Silva-Presidente-da-ADFERSIT.jpg","keywords":["Adfersit","Transporte Ferrovi\u00e1rio"],"articleSection":["Destaque lateral","Opini\u00e3o"],"inLanguage":"pt-PT"},{"@type":"WebPage","@id":"http:\/\/maismagazine.pt\/index.php\/2023\/12\/22\/unidos-pela-defesa-do-setor-dos-transportes\/","url":"http:\/\/maismagazine.pt\/index.php\/2023\/12\/22\/unidos-pela-defesa-do-setor-dos-transportes\/","name":"Unidos pela defesa do setor dos transportes - Mais Magazine","isPartOf":{"@id":"http:\/\/maismagazine.pt\/#website"},"primaryImageOfPage":{"@id":"http:\/\/maismagazine.pt\/index.php\/2023\/12\/22\/unidos-pela-defesa-do-setor-dos-transportes\/#primaryimage"},"image":{"@id":"http:\/\/maismagazine.pt\/index.php\/2023\/12\/22\/unidos-pela-defesa-do-setor-dos-transportes\/#primaryimage"},"thumbnailUrl":"http:\/\/maismagazine.pt\/wp-content\/uploads\/2023\/12\/Fernando-Nunes-da-Silva-Presidente-da-ADFERSIT.jpg","datePublished":"2023-12-22T07:00:00+00:00","breadcrumb":{"@id":"http:\/\/maismagazine.pt\/index.php\/2023\/12\/22\/unidos-pela-defesa-do-setor-dos-transportes\/#breadcrumb"},"inLanguage":"pt-PT","potentialAction":[{"@type":"ReadAction","target":["http:\/\/maismagazine.pt\/index.php\/2023\/12\/22\/unidos-pela-defesa-do-setor-dos-transportes\/"]}]},{"@type":"ImageObject","inLanguage":"pt-PT","@id":"http:\/\/maismagazine.pt\/index.php\/2023\/12\/22\/unidos-pela-defesa-do-setor-dos-transportes\/#primaryimage","url":"http:\/\/maismagazine.pt\/wp-content\/uploads\/2023\/12\/Fernando-Nunes-da-Silva-Presidente-da-ADFERSIT.jpg","contentUrl":"http:\/\/maismagazine.pt\/wp-content\/uploads\/2023\/12\/Fernando-Nunes-da-Silva-Presidente-da-ADFERSIT.jpg","width":260,"height":300},{"@type":"BreadcrumbList","@id":"http:\/\/maismagazine.pt\/index.php\/2023\/12\/22\/unidos-pela-defesa-do-setor-dos-transportes\/#breadcrumb","itemListElement":[{"@type":"ListItem","position":1,"name":"Home","item":"http:\/\/maismagazine.pt\/"},{"@type":"ListItem","position":2,"name":"Unidos pela defesa do setor dos transportes"}]},{"@type":"WebSite","@id":"http:\/\/maismagazine.pt\/#website","url":"http:\/\/maismagazine.pt\/","name":"Mais Magazine","description":"","publisher":{"@id":"http:\/\/maismagazine.pt\/#organization"},"potentialAction":[{"@type":"SearchAction","target":{"@type":"EntryPoint","urlTemplate":"http:\/\/maismagazine.pt\/?s={search_term_string}"},"query-input":{"@type":"PropertyValueSpecification","valueRequired":true,"valueName":"search_term_string"}}],"inLanguage":"pt-PT"},{"@type":"Organization","@id":"http:\/\/maismagazine.pt\/#organization","name":"Mais Magazine","url":"http:\/\/maismagazine.pt\/","logo":{"@type":"ImageObject","inLanguage":"pt-PT","@id":"http:\/\/maismagazine.pt\/#\/schema\/logo\/image\/","url":"http:\/\/maismagazine.pt\/wp-content\/uploads\/2020\/04\/cropped-cropped-mais-magazine-site-logo-2.png","contentUrl":"http:\/\/maismagazine.pt\/wp-content\/uploads\/2020\/04\/cropped-cropped-mais-magazine-site-logo-2.png","width":581,"height":90,"caption":"Mais Magazine"},"image":{"@id":"http:\/\/maismagazine.pt\/#\/schema\/logo\/image\/"}},{"@type":"Person","@id":"http:\/\/maismagazine.pt\/#\/schema\/person\/7426e2caeb8df32a1b56aa48dae778c9","name":"Tatiana Martins","image":{"@type":"ImageObject","inLanguage":"pt-PT","@id":"http:\/\/maismagazine.pt\/#\/schema\/person\/image\/","url":"https:\/\/secure.gravatar.com\/avatar\/4b24a57f5d0425f2eb20981c4b53244e?s=96&d=mm&r=g","contentUrl":"https:\/\/secure.gravatar.com\/avatar\/4b24a57f5d0425f2eb20981c4b53244e?s=96&d=mm&r=g","caption":"Tatiana Martins"},"url":"http:\/\/maismagazine.pt\/index.php\/author\/tatiana\/"}]}},"author_meta":{"display_name":false,"author_link":"http:\/\/maismagazine.pt\/index.php\/author\/tatiana\/"},"featured_img":"http:\/\/maismagazine.pt\/wp-content\/uploads\/2023\/12\/Fernando-Nunes-da-Silva-Presidente-da-ADFERSIT.jpg","coauthors":[],"tax_additional":{"categories":{"linked":["<a href=\"http:\/\/maismagazine.pt\/index.php\/category\/destaque\/\" class=\"advgb-post-tax-term\">Destaque lateral<\/a>","<a href=\"http:\/\/maismagazine.pt\/index.php\/category\/noticias\/opiniao\/\" class=\"advgb-post-tax-term\">Opini\u00e3o<\/a>"],"unlinked":["<span class=\"advgb-post-tax-term\">Destaque lateral<\/span>","<span class=\"advgb-post-tax-term\">Opini\u00e3o<\/span>"]},"tags":{"linked":["<a href=\"http:\/\/maismagazine.pt\/index.php\/category\/noticias\/opiniao\/\" class=\"advgb-post-tax-term\">Adfersit<\/a>","<a href=\"http:\/\/maismagazine.pt\/index.php\/category\/noticias\/opiniao\/\" class=\"advgb-post-tax-term\">Transporte Ferrovi\u00e1rio<\/a>"],"unlinked":["<span class=\"advgb-post-tax-term\">Adfersit<\/span>","<span class=\"advgb-post-tax-term\">Transporte Ferrovi\u00e1rio<\/span>"]}},"comment_count":"0","relative_dates":{"created":"Posted 2 anos ago","modified":"Updated 2 anos ago"},"absolute_dates":{"created":"Posted on 22 de Dezembro, 2023","modified":"Updated on 18 de Dezembro, 2023"},"absolute_dates_time":{"created":"Posted on 22 de Dezembro, 2023 7:00","modified":"Updated on 18 de Dezembro, 2023 16:01"},"featured_img_caption":"","series_order":"","_links":{"self":[{"href":"http:\/\/maismagazine.pt\/index.php\/wp-json\/wp\/v2\/posts\/8606","targetHints":{"allow":["GET"]}}],"collection":[{"href":"http:\/\/maismagazine.pt\/index.php\/wp-json\/wp\/v2\/posts"}],"about":[{"href":"http:\/\/maismagazine.pt\/index.php\/wp-json\/wp\/v2\/types\/post"}],"author":[{"embeddable":true,"href":"http:\/\/maismagazine.pt\/index.php\/wp-json\/wp\/v2\/users\/18"}],"replies":[{"embeddable":true,"href":"http:\/\/maismagazine.pt\/index.php\/wp-json\/wp\/v2\/comments?post=8606"}],"version-history":[{"count":1,"href":"http:\/\/maismagazine.pt\/index.php\/wp-json\/wp\/v2\/posts\/8606\/revisions"}],"predecessor-version":[{"id":8609,"href":"http:\/\/maismagazine.pt\/index.php\/wp-json\/wp\/v2\/posts\/8606\/revisions\/8609"}],"wp:featuredmedia":[{"embeddable":true,"href":"http:\/\/maismagazine.pt\/index.php\/wp-json\/wp\/v2\/media\/8608"}],"wp:attachment":[{"href":"http:\/\/maismagazine.pt\/index.php\/wp-json\/wp\/v2\/media?parent=8606"}],"wp:term":[{"taxonomy":"category","embeddable":true,"href":"http:\/\/maismagazine.pt\/index.php\/wp-json\/wp\/v2\/categories?post=8606"},{"taxonomy":"post_tag","embeddable":true,"href":"http:\/\/maismagazine.pt\/index.php\/wp-json\/wp\/v2\/tags?post=8606"}],"curies":[{"name":"wp","href":"https:\/\/api.w.org\/{rel}","templated":true}]}}