{"id":8587,"date":"2023-12-22T07:00:00","date_gmt":"2023-12-22T07:00:00","guid":{"rendered":"https:\/\/maismagazine.pt\/?p=8587"},"modified":"2023-12-18T16:30:50","modified_gmt":"2023-12-18T16:30:50","slug":"com-um-vasto-portfolio-de-trabalhos-realizados-em-portugal-abrangendo-diferentes-areas-de-mobilidade-e-transporte-ferroviario-a-siemens-mobility-tem-orgulho-em-contribuir-para-o-desenvolvim","status":"publish","type":"post","link":"http:\/\/maismagazine.pt\/index.php\/2023\/12\/22\/com-um-vasto-portfolio-de-trabalhos-realizados-em-portugal-abrangendo-diferentes-areas-de-mobilidade-e-transporte-ferroviario-a-siemens-mobility-tem-orgulho-em-contribuir-para-o-desenvolvim\/","title":{"rendered":"\u201cCom um vasto portf\u00f3lio de trabalhos realizados em Portugal, abrangendo diferentes \u00e1reas de mobilidade e transporte ferrovi\u00e1rio, a Siemens Mobility tem orgulho em contribuir para o desenvolvimento do pa\u00eds\u201d"},"content":{"rendered":"\n<p><strong>A <a href=\"http:\/\/www.mobility.siemens.com\">Siemens Mobility<\/a> conta j\u00e1 com um longo historial de trabalhos realizados em solo portugu\u00eas, tornando-se numa das empresas de refer\u00eancia na \u00e1rea da mobilidade e transporte ferrovi\u00e1rio em Portugal. Fique a conhecer, pela voz do CEO da Siemens Mobility, Lu\u00eds Candeias, a hist\u00f3ria da empresa em Portugal e os valores que orientam a sua atividade.<\/strong><\/p>\n\n\n<div class=\"wp-block-image\">\n<figure class=\"aligncenter size-full is-resized\"><img loading=\"lazy\" decoding=\"async\" width=\"1024\" height=\"500\" src=\"https:\/\/maismagazine.pt\/wp-content\/uploads\/2023\/12\/Projeto-Egipto.jpg\" alt=\"\" class=\"wp-image-8591\" style=\"aspect-ratio:2.048;width:442px;height:auto\" srcset=\"http:\/\/maismagazine.pt\/wp-content\/uploads\/2023\/12\/Projeto-Egipto.jpg 1024w, http:\/\/maismagazine.pt\/wp-content\/uploads\/2023\/12\/Projeto-Egipto-300x146.jpg 300w, http:\/\/maismagazine.pt\/wp-content\/uploads\/2023\/12\/Projeto-Egipto-768x375.jpg 768w\" sizes=\"auto, (max-width: 1024px) 100vw, 1024px\" \/><\/figure><\/div>\n\n\n<p><strong>Assumiu o cargo de CEO da empresa h\u00e1 cerca de 1 ano. Comece por nos falar um pouco sobre si, nomeadamente o seu percurso profissional at\u00e9 tomar as r\u00e9deas da Siemens Mobility Portugal.<\/strong><\/p>\n\n\n\n<p>H\u00e1 um ano fui convidado para ocupar o cargo de CEO da Siemens Mobility em Portugal, mas o meu percurso profissional come\u00e7ou h\u00e1 quase 30 anos, na Dimetronic, em 1994, atrav\u00e9s de um protocolo estabelecido entre essa empresa e a Universidade do Algarve. Tive o privil\u00e9gio de participar em projetos como o Metro de Lisboa, em todas as linhas; os Projetos \u201cLisboa-Algarve\u201d e \u201cLinha do Norte\u201d, alguns tro\u00e7os no grande Porto e o projeto que considero mais emblem\u00e1tico at\u00e9 hoje, o \u201cCentro de Comando e Opera\u00e7\u00e3o do Porto\u201d em Contumil, um projeto \u201cchave na m\u00e3o\u201d.Em 2013, a Siemens adquiriu o grupo Invensys, que inclu\u00eda a Dimetronic, e desde ent\u00e3o passei a estar envolvido em projetos internacionais: em Mo\u00e7ambique, na liga\u00e7\u00e3o \u201cNacala-Moatize\u201d, onde a nossa equipa de Portugal recebeu um pr\u00e9mio Siemens e excel\u00eancia pela execu\u00e7\u00e3o do projeto; na \u00cdndia, no projeto do \u201cMetro de Nagpur\u201d e no projeto da Linha 5 do Metro de Bangalore; na Finl\u00e2ndia, no Brasil, na Est\u00f3nia e, por \u00faltimo, no Egito no projeto chave-na-m\u00e3o de um sistema ferrovi\u00e1rio de alta velocidade com uma rede de cerca de 2.000 quil\u00f3metros, 60 esta\u00e7\u00f5es e 3 tipos diferentes de comboios, sendo o Velaro o destaque \u00f3bvio por ser o comboio de Alta Velocidade.<\/p>\n\n\n\n<p><\/p>\n\n\n\n<p>Com a minha experi\u00eancia nacional e internacional, consegui consolidar os meus conhecimentos no setor, preparando-me para liderar a Siemens Mobility em Portugal como CEO. Estou entusiasmado por continuar a impulsionar a inova\u00e7\u00e3o, desenvolvendo e potenciando compet\u00eancias de engenharia nacionais e a promover solu\u00e7\u00f5es de mobilidade eficientes e sustent\u00e1veis para o futuro.<\/p>\n\n\n\n<p><\/p>\n\n\n\n<p><strong>Porque decidiu assumir o cargo de CEO da Siemens Mobility? Como surgiu essa oportunidade?<\/strong><\/p>\n\n\n\n<p>Antes de tudo, decidi aceitar o convite por me rever na miss\u00e3o e nos valores da Siemens de transformar o dia-a-dia das pessoas das cidades e das empresas com solu\u00e7\u00f5es inovadoras, alinhadas com os objetivos de sustentabilidade e de digitaliza\u00e7\u00e3o que o pa\u00eds tra\u00e7ou. Al\u00e9m disso, trata-se de regressar a uma equipa que conhe\u00e7o muito bem e na qual acredito. Estou seguro ser poss\u00edvel desenvolvermos a equipa para termos um impacto ainda maior na organiza\u00e7\u00e3o global da Siemens e no pa\u00eds.<\/p>\n\n\n\n<p><\/p>\n\n\n\n<p>Gra\u00e7as \u00e0 nossa capacidade de execu\u00e7\u00e3o de excel\u00eancia no passado, existe confian\u00e7a na equipa portuguesa da Siemens Mobility. Assim, poderemos potenciar a autonomia da engenharia nos projetos nacionais e tamb\u00e9m continuar a impulsionar a internacionaliza\u00e7\u00e3o.<\/p>\n\n\n<div class=\"wp-block-image\">\n<figure class=\"aligncenter size-large is-resized\"><img loading=\"lazy\" decoding=\"async\" width=\"1024\" height=\"685\" src=\"https:\/\/maismagazine.pt\/wp-content\/uploads\/2023\/12\/Engineering-made-in-Portugal-for-the-world-1024x685.png\" alt=\"\" class=\"wp-image-8595\" style=\"aspect-ratio:1.494890510948905;width:442px;height:auto\" srcset=\"http:\/\/maismagazine.pt\/wp-content\/uploads\/2023\/12\/Engineering-made-in-Portugal-for-the-world-1024x685.png 1024w, http:\/\/maismagazine.pt\/wp-content\/uploads\/2023\/12\/Engineering-made-in-Portugal-for-the-world-300x201.png 300w, http:\/\/maismagazine.pt\/wp-content\/uploads\/2023\/12\/Engineering-made-in-Portugal-for-the-world-768x514.png 768w, http:\/\/maismagazine.pt\/wp-content\/uploads\/2023\/12\/Engineering-made-in-Portugal-for-the-world-150x100.png 150w, http:\/\/maismagazine.pt\/wp-content\/uploads\/2023\/12\/Engineering-made-in-Portugal-for-the-world.png 1042w\" sizes=\"auto, (max-width: 1024px) 100vw, 1024px\" \/><\/figure><\/div>\n\n\n<p><strong>A Siemens Mobility \u00e9 uma empresa internacional, estando presente nos \u201cquatro cantos do mundo\u201d. Como n\u00e3o poderia deixar de ser, a empresa est\u00e1 tamb\u00e9m presente em Portugal h\u00e1 j\u00e1 alguns anos. Certamente que ter\u00e3o um portf\u00f3lio vasto de trabalhos realizados em todo o nosso pa\u00eds e que vos orgulha. Quais os principais projetos trabalhos pela Siemens Mobility em Portugal que gostava de destacar?<\/strong><\/p>\n\n\n\n<p>A nossa presen\u00e7a em Portugal no setor dos transportes remonta a um longo historial de contribui\u00e7\u00f5es significativas. Desde o final do s\u00e9culo XIX at\u00e9 os dias atuais, a Siemens tem sido um parceiro importante no desenvolvimento e moderniza\u00e7\u00e3o do sistema de transportes do pa\u00eds.<\/p>\n\n\n\n<p>Em 1895, a Siemens deu in\u00edcio ao trabalho de transforma\u00e7\u00e3o do sistema de transporte da Carris no Porto, at\u00e9 ent\u00e3o movidos a tra\u00e7\u00e3o animal tornando-os el\u00e9tricos e por isso mais eficientes e fi\u00e1veis. J\u00e1 em 1901, a empresa repetiu o projeto em Lisboa e desempenhou um papel fundamental na eletrifica\u00e7\u00e3o dos famosos el\u00e9tricos que ainda hoje circulam na capital, oferecendo uma alternativa de transporte sustent\u00e1vel e eficiente. Curiosamente naquela \u00e9poca, as preocupa\u00e7\u00f5es em torno dos transportes tamb\u00e9m se centravam na sustentabilidade, ambiente e efici\u00eancia. As discuss\u00f5es giravam em torno de quest\u00f5es relacionadas a detritos animais, higiene e outros, mas a ess\u00eancia era praticamente a mesma que nos move nos dias de hoje: as preocupa\u00e7\u00f5es ambientais. J\u00e1 naquela altura, a resposta para essas quest\u00f5es era o transporte ferrovi\u00e1rio e a eletrifica\u00e7\u00e3o.<\/p>\n\n\n\n<p><\/p>\n\n\n\n<p>Nos \u00faltimos 30 anos a Siemens Mobility tem estado envolvida em v\u00e1rios projetos em Portugal, destacando-se o fornecimento de material circulante para a CP e Metro de Lisboa em parceria com a antiga SOREFAME. Adicionalmente, a empresa executou o projeto chave-na-m\u00e3o do Metro Sul do Tejo, fornecendo sistemas de material circulante, sinaliza\u00e7\u00e3o, telecomunica\u00e7\u00f5es e energia. Tamb\u00e9m liderou o projeto chave-na-m\u00e3o do Centro de Controlo Operacional do Porto, fornecendo sistemas de controlo e gest\u00e3o de tr\u00e1fego. Al\u00e9m disso, a Siemens Mobility tem desenvolvido v\u00e1rios projetos de sinaliza\u00e7\u00e3o ferrovi\u00e1ria em diversas regi\u00f5es do pa\u00eds, contribuindo para a moderniza\u00e7\u00e3o e seguran\u00e7a da rede ferrovi\u00e1ria.<\/p>\n\n\n\n<p><\/p>\n\n\n\n<p>Do ponto de vista de projetos internacionais, gostaria de destacar os projetos de exporta\u00e7\u00e3o do Corredor de Nacala, que foram executados na sua totalidade pela equipa de Portugal. Tamb\u00e9m temos tido um papel fundamental e reconhecimento internacional em diversos projetos noutros pa\u00edses, onde a nossa equipa de engenharia se tem destacado. Um exemplo not\u00e1vel \u00e9 a recente implementa\u00e7\u00e3o de projetos de grande complexidade t\u00e9cnica de CBTC na \u00cdndia e na Indon\u00e9sia. Por \u00faltimo, o projeto de Alta Velocidade no Egito no qual a equipa de Portugal continua envolvida.<\/p>\n\n\n\n<p><\/p>\n\n\n\n<p>Com um vasto portf\u00f3lio de trabalhos realizados em Portugal, abrangendo diferentes \u00e1reas de mobilidade e transporte ferrovi\u00e1rio, a Siemens Mobility tem orgulho em contribuir para o desenvolvimento do pa\u00eds.<\/p>\n\n\n<div class=\"wp-block-image\">\n<figure class=\"aligncenter size-full is-resized\"><img loading=\"lazy\" decoding=\"async\" width=\"1000\" height=\"572\" src=\"https:\/\/maismagazine.pt\/wp-content\/uploads\/2023\/12\/Projecto-Alta-Velocidade-Egipto.jpg\" alt=\"\" class=\"wp-image-8602\" style=\"aspect-ratio:1.7482517482517483;width:402px;height:auto\" srcset=\"http:\/\/maismagazine.pt\/wp-content\/uploads\/2023\/12\/Projecto-Alta-Velocidade-Egipto.jpg 1000w, http:\/\/maismagazine.pt\/wp-content\/uploads\/2023\/12\/Projecto-Alta-Velocidade-Egipto-300x172.jpg 300w, http:\/\/maismagazine.pt\/wp-content\/uploads\/2023\/12\/Projecto-Alta-Velocidade-Egipto-768x439.jpg 768w\" sizes=\"auto, (max-width: 1000px) 100vw, 1000px\" \/><\/figure><\/div>\n\n\n<p><strong>Quais os valores que regem a Siemens Mobility em Portugal e, atrav\u00e9s dos quais, a empresa se destaca no mercado e garante o seu sucesso?<\/strong><\/p>\n\n\n\n<p>Os valores da Siemens Mobility s\u00e3o: Excel\u00eancia, Inova\u00e7\u00e3o, Sustentabilidade, Integridade e Colabora\u00e7\u00e3o. Comprometemo-nos com a excel\u00eancia em todas as \u00e1reas do nosso trabalho, procurando constantemente cumprir com as expectativas dos nossos clientes. Estamos focados em encontrar solu\u00e7\u00f5es inovadoras e tecnologicamente avan\u00e7adas para os desafios de mobilidade, impulsionando o progresso e a transforma\u00e7\u00e3o na sociedade, nas cidades e nas empresas. A materializa\u00e7\u00e3o deste compromisso passa pelo nosso Centro de Compet\u00eancia de desenvolvimento de SW em Aveiro, bem como pelo nosso Hub de Engenharia em Alfragide, ambos com potencial de crescimento. Consideramos a sustentabilidade como um valor fundamental, impulsionando solu\u00e7\u00f5es de mobilidade que sejam ambientalmente amig\u00e1veis e socialmente respons\u00e1veis. Agimos com integridade e \u00e9tica em todas as nossas rela\u00e7\u00f5es, cumprindo com os mais altos padr\u00f5es de conduta profissional e respeitando as leis e regulamenta\u00e7\u00f5es aplic\u00e1veis. Valorizamos a colabora\u00e7\u00e3o e o trabalho em equipa, defendendo obviamente os nossos interesses, promovendo um ambiente de coopera\u00e7\u00e3o entre os nossos colaboradores, clientes e parceiros, para alcan\u00e7ar resultados excecionais.<\/p>\n\n\n\n<p><strong>Quais os principais desafios atuais que o setor da mobilidade enfrenta e que considera ser imperativo encontrar solu\u00e7\u00e3o?<\/strong><\/p>\n\n\n\n<p>A descarboniza\u00e7\u00e3o do setor dos transportes e as dificuldades da mobilidade devido \u00e0 concentra\u00e7\u00e3o da popula\u00e7\u00e3o nos centros urbanos s\u00e3o os dois principais desafios atuais. \u00c9 importante lembrar que, at\u00e9 2050, quase 70% da popula\u00e7\u00e3o mundial se concentrar\u00e1 em centros urbanos, o que significa que a procura por transpor-te de passageiros continuar\u00e1 a aumentar nos pr\u00f3ximos anos. Isso \u00e9 uma realidade com a qual temos de lidar, exigindo o desenvolvimento de solu\u00e7\u00f5es de transporte integradas, sustent\u00e1veis, confi\u00e1veis e seguras. O objetivo \u00e9 proporcionar uma melhor qualidade de vida e uma mobilidade mais eficiente e sustent\u00e1vel \u00e0s popula\u00e7\u00f5es.Gostaria de enfatizar a import\u00e2ncia da intermodalidade apoiada em software, que tem um papel crucial no setor dos transportes. A introdu\u00e7\u00e3o de novas solu\u00e7\u00f5es de software para o transporte p\u00fablico permite uma maior sustentabilidade e integra\u00e7\u00e3o entre os diferentes modos de transporte. Portugal tamb\u00e9m deve investir nessa \u00e1rea como forma de promover o transporte p\u00fablico. Trabalhamos com um portf\u00f3lio de solu\u00e7\u00f5es que permitem aos gestores de infraestrutura gerir a capacidade que oferecem aos operadores solu\u00e7\u00f5es para gest\u00e3o da frota, an\u00e1lise de dados, solu\u00e7\u00f5es de DRT (Demand Responsive Transport) e tamb\u00e9m gest\u00e3o da informa\u00e7\u00e3o e bilh\u00e9tica. Todas essas solu\u00e7\u00f5es fornecem informa\u00e7\u00f5es aos passageiros que ajudam a alterar e adequar os h\u00e1bitos de mobilidade.<\/p>\n\n\n\n<p><\/p>\n\n\n\n<p><strong>As quest\u00f5es da mobilidade est\u00e3o, cada vez mais, na ordem do dia. Nomeadamente na defesa da j\u00e1 famosa \u201cmobilidade sustent\u00e1vel\u201d. De que forma a sua empresa promove este conceito nos servi\u00e7os por si disponibilizada?<\/strong><\/p>\n\n\n\n<p>A Siemens Mobility cr\u00ea que a satisfa\u00e7\u00e3o das necessidades de mobilidade e o cumprimento dos objetivos clim\u00e1ticos s\u00f3 ser\u00e1 poss\u00edvel com um forte investimento na ferrovia \u2013 o modo de transporte de passageiros e de mercadoria mais amigo do ambiente \u2013 associado a uma maior digitaliza\u00e7\u00e3o com solu\u00e7\u00f5es inovadoras. A nossa perspetiva \u00e9 que a implementa\u00e7\u00e3o de novas tecnologias pode levar a um aumento de 30% de capacidade e melhoria de pontualidade de 15% no sector.<\/p>\n\n\n\n<p><\/p>\n\n\n\n<p>O nosso portf\u00f3lio de mobilidade \u00e9 a resposta para alcan\u00e7ar as metas de sustentabilidade. Desde logo porque os comboios permitem uma elevada capacidade e o menor espa\u00e7o utilizado por pessoa transportada, pelo que podem dar, dentro do setor dos transportes, um contributo fundamental para alcan\u00e7ar os objetivos de Uni\u00e3o Europeia para a redu\u00e7\u00e3o de emiss\u00f5es de CO\u2082.<\/p>\n\n\n<div class=\"wp-block-image\">\n<figure class=\"aligncenter size-large is-resized\"><img loading=\"lazy\" decoding=\"async\" width=\"1024\" height=\"683\" src=\"https:\/\/maismagazine.pt\/wp-content\/uploads\/2023\/12\/Projecto-Metro-de-Lisboa-1024x683.jpg\" alt=\"\" class=\"wp-image-8603\" style=\"aspect-ratio:1.499267935578331;width:364px;height:auto\" srcset=\"http:\/\/maismagazine.pt\/wp-content\/uploads\/2023\/12\/Projecto-Metro-de-Lisboa-1024x683.jpg 1024w, http:\/\/maismagazine.pt\/wp-content\/uploads\/2023\/12\/Projecto-Metro-de-Lisboa-300x200.jpg 300w, http:\/\/maismagazine.pt\/wp-content\/uploads\/2023\/12\/Projecto-Metro-de-Lisboa-768x512.jpg 768w, http:\/\/maismagazine.pt\/wp-content\/uploads\/2023\/12\/Projecto-Metro-de-Lisboa-1536x1024.jpg 1536w, http:\/\/maismagazine.pt\/wp-content\/uploads\/2023\/12\/Projecto-Metro-de-Lisboa-150x100.jpg 150w, http:\/\/maismagazine.pt\/wp-content\/uploads\/2023\/12\/Projecto-Metro-de-Lisboa.jpg 2048w\" sizes=\"auto, (max-width: 1024px) 100vw, 1024px\" \/><\/figure><\/div>\n\n\n<p><strong>Recentemente, a Siemens Mobility alcan\u00e7ou a classifica\u00e7\u00e3o mais elevada na Classifica\u00e7\u00e3o de Sustentabilidade EcoVadis 23. Qual a import\u00e2ncia deste reconhecimento e que medidas permitiram alcan\u00e7ar esta distin\u00e7\u00e3o?<\/strong><\/p>\n\n\n\n<p>Esta distin\u00e7\u00e3o \u00e9 muito importante para n\u00f3s e reflete o resultado do trabalho que temos vindo desenvolver na \u00e1rea da sustentabilidade, com a Siemens Mobility a alcan\u00e7ar o top das empresas avaliadas e liderando a classifica\u00e7\u00e3o do setor ferrovi\u00e1rio a n\u00edvel mundial.<\/p>\n\n\n\n<p><\/p>\n\n\n\n<p>De acordo com os resultados apurados, fizemos progressos em todas as ca-tegorias estrat\u00e9gicas de sustentabilidade avaliadas: meio ambiente, trabalho e direitos humanos, \u00e9tica e cadeias de valor sustent\u00e1veis. O nosso objetivo \u00e9 chegar a 2030 com neutralidade carb\u00f3nica, tendo j\u00e1 reduzido em 50% as emiss\u00f5es de carbono face a 2014.<\/p>\n\n\n\n<p><\/p>\n\n\n\n<p>Atrav\u00e9s de solu\u00e7\u00f5es inovadoras, os nossos clientes est\u00e3o a progredir com sucesso na transi\u00e7\u00e3o clim\u00e1tica e de mobilidade, continuando a gerar crescimento. A Siemens Mobility recorre a sistemas de tra\u00e7\u00e3o de \u00faltima gera\u00e7\u00e3o equipados com tecnologias de bateria e hidrog\u00e9nio \u2013 com exemplos j\u00e1 em funcionamento na Alemanha.<\/p>\n\n\n\n<p><\/p>\n\n\n\n<p><strong>Qual a sua vis\u00e3o para o futuro da Siemens Mobility Portugal? <\/strong><\/p>\n\n\n\n<p>A minha vis\u00e3o divide-se em tr\u00eas pilares fundamentais: aumentar as compet\u00eancias de engenharia nacionais, realizar um trabalho de excel\u00eancia junto dos nossos clientes e promover a inova\u00e7\u00e3o desenvolvida em Portugal, sempre respeitando e promovendo crit\u00e9rios de integridade.Investir no talento e nas capacidades dos engenheiros portugueses \u00e9 a base para o sucesso de qualquer empresa de cariz tecnol\u00f3gico. Isso implica a cria\u00e7\u00e3o de programas de forma\u00e7\u00e3o, parcerias com institui\u00e7\u00f5es de ensino e apoio ao desenvolvimento profissional cont\u00ednuo.Em segundo lugar, a excel\u00eancia \u00e9 um valor inegoci\u00e1vel para a empresa, o que nos diferencia e nos coloca em destaque no mercado. Isso implica oferecer solu\u00e7\u00f5es de alta qualidade, cumprir prazos e superar as expectativas dos nossos clientes. Adotamos uma abordagem rigorosa em todos os projetos, desde o planeamento at\u00e9 \u00e0 sua implementa\u00e7\u00e3o, garantindo a m\u00e1xima efici\u00eancia e efic\u00e1cia em todas as etapas da sua concretiza\u00e7\u00e3o.A inova\u00e7\u00e3o \u00e9 o motor que nos impulsiona. \u00c9 um fator essencial para a competitividade e a sustentabilidade a longo prazo. Valorizamos a criatividade e a capacidade de pensar fora da caixa, e incentivamos o desenvolvimento de solu\u00e7\u00f5es inovadoras que atendam \u00e0s necessidades dos nossos clientes. A colabora\u00e7\u00e3o com clientes, parceiros ou fornecedores poder\u00e1 estimular o ecossistema de inova\u00e7\u00e3o em Portugal, podendo a Siemens Mobility ser um parceiro importante para a visibilidade externa dessa inova\u00e7\u00e3o.Atrav\u00e9s desses princ\u00edpios, procuramos contribuir para o avan\u00e7o tecnol\u00f3gico do pa\u00eds, fornecendo solu\u00e7\u00f5es de ponta que impulsionem o crescimento e a competitividade das empresas portuguesas.<\/p>\n\n\n<div class=\"wp-block-image\">\n<figure class=\"aligncenter size-full is-resized\"><img loading=\"lazy\" decoding=\"async\" width=\"800\" height=\"800\" src=\"https:\/\/maismagazine.pt\/wp-content\/uploads\/2023\/12\/358703350_276409745074382_5026939111608721057_n.jpg\" alt=\"\" class=\"wp-image-8604\" style=\"aspect-ratio:1;width:202px;height:auto\" srcset=\"http:\/\/maismagazine.pt\/wp-content\/uploads\/2023\/12\/358703350_276409745074382_5026939111608721057_n.jpg 800w, http:\/\/maismagazine.pt\/wp-content\/uploads\/2023\/12\/358703350_276409745074382_5026939111608721057_n-300x300.jpg 300w, http:\/\/maismagazine.pt\/wp-content\/uploads\/2023\/12\/358703350_276409745074382_5026939111608721057_n-150x150.jpg 150w, http:\/\/maismagazine.pt\/wp-content\/uploads\/2023\/12\/358703350_276409745074382_5026939111608721057_n-768x768.jpg 768w\" sizes=\"auto, (max-width: 800px) 100vw, 800px\" \/><\/figure><\/div>","protected":false},"excerpt":{"rendered":"<p>A Siemens Mobility conta j\u00e1 com um longo historial de trabalhos realizados em solo portugu\u00eas, tornando-se numa das empresas de refer\u00eancia na \u00e1rea da mobilidade e transporte ferrovi\u00e1rio em Portugal. Fique a conhecer, pela voz do CEO da Siemens Mobility, Lu\u00eds Candeias, a hist\u00f3ria da empresa em Portugal e os&hellip;<\/p>\n","protected":false},"author":18,"featured_media":8589,"comment_status":"closed","ping_status":"open","sticky":false,"template":"","format":"standard","meta":{"advgb_blocks_editor_width":"","advgb_blocks_columns_visual_guide":"","_monsterinsights_skip_tracking":false,"_monsterinsights_sitenote_active":false,"_monsterinsights_sitenote_note":"","_monsterinsights_sitenote_category":0,"footnotes":""},"categories":[50,161],"tags":[732,1805,1806],"class_list":["post-8587","post","type-post","status-publish","format-standard","has-post-thumbnail","hentry","category-destaques","category-mundo-empresarial","tag-mobilidade","tag-siemens-mobility","tag-transporte-ferroivario"],"yoast_head":"<!-- This site is optimized with the Yoast SEO plugin v24.4 - https:\/\/yoast.com\/wordpress\/plugins\/seo\/ -->\n<title>\u201cCom um vasto portf\u00f3lio de trabalhos realizados em Portugal, abrangendo diferentes \u00e1reas de mobilidade e transporte ferrovi\u00e1rio, a Siemens Mobility tem orgulho em contribuir para o desenvolvimento do pa\u00eds\u201d - Mais Magazine<\/title>\n<meta name=\"robots\" content=\"index, follow, max-snippet:-1, max-image-preview:large, max-video-preview:-1\" \/>\n<link rel=\"canonical\" href=\"https:\/\/maismagazine.pt\/index.php\/2023\/12\/22\/com-um-vasto-portfolio-de-trabalhos-realizados-em-portugal-abrangendo-diferentes-areas-de-mobilidade-e-transporte-ferroviario-a-siemens-mobility-tem-orgulho-em-contribuir-para-o-desenvolvim\/\" \/>\n<meta property=\"og:locale\" content=\"pt_PT\" \/>\n<meta property=\"og:type\" content=\"article\" \/>\n<meta property=\"og:title\" content=\"\u201cCom um vasto portf\u00f3lio de trabalhos realizados em Portugal, abrangendo diferentes \u00e1reas de mobilidade e transporte ferrovi\u00e1rio, a Siemens Mobility tem orgulho em contribuir para o desenvolvimento do pa\u00eds\u201d - Mais Magazine\" \/>\n<meta property=\"og:description\" content=\"A Siemens Mobility conta j\u00e1 com um longo historial de trabalhos realizados em solo portugu\u00eas, tornando-se numa das empresas de refer\u00eancia na \u00e1rea da mobilidade e transporte ferrovi\u00e1rio em Portugal. Fique a conhecer, pela voz do CEO da Siemens Mobility, Lu\u00eds Candeias, a hist\u00f3ria da empresa em Portugal e os&hellip;\" \/>\n<meta property=\"og:url\" content=\"https:\/\/maismagazine.pt\/index.php\/2023\/12\/22\/com-um-vasto-portfolio-de-trabalhos-realizados-em-portugal-abrangendo-diferentes-areas-de-mobilidade-e-transporte-ferroviario-a-siemens-mobility-tem-orgulho-em-contribuir-para-o-desenvolvim\/\" \/>\n<meta property=\"og:site_name\" content=\"Mais Magazine\" \/>\n<meta property=\"article:published_time\" content=\"2023-12-22T07:00:00+00:00\" \/>\n<meta property=\"og:image\" content=\"https:\/\/maismagazine.pt\/wp-content\/uploads\/2023\/12\/Luis-Candeias-CEO-Siemens-Mobility-scaled.jpg\" \/>\n\t<meta property=\"og:image:width\" content=\"2560\" \/>\n\t<meta property=\"og:image:height\" content=\"1707\" \/>\n\t<meta property=\"og:image:type\" content=\"image\/jpeg\" \/>\n<meta name=\"author\" content=\"Tatiana Martins\" \/>\n<meta name=\"twitter:card\" content=\"summary_large_image\" \/>\n<meta name=\"twitter:label1\" content=\"Escrito por\" \/>\n\t<meta name=\"twitter:data1\" content=\"\" \/>\n\t<meta name=\"twitter:label2\" content=\"Tempo estimado de leitura\" \/>\n\t<meta name=\"twitter:data2\" content=\"12 minutos\" \/>\n<script type=\"application\/ld+json\" class=\"yoast-schema-graph\">{\"@context\":\"https:\/\/schema.org\",\"@graph\":[{\"@type\":\"Article\",\"@id\":\"https:\/\/maismagazine.pt\/index.php\/2023\/12\/22\/com-um-vasto-portfolio-de-trabalhos-realizados-em-portugal-abrangendo-diferentes-areas-de-mobilidade-e-transporte-ferroviario-a-siemens-mobility-tem-orgulho-em-contribuir-para-o-desenvolvim\/#article\",\"isPartOf\":{\"@id\":\"https:\/\/maismagazine.pt\/index.php\/2023\/12\/22\/com-um-vasto-portfolio-de-trabalhos-realizados-em-portugal-abrangendo-diferentes-areas-de-mobilidade-e-transporte-ferroviario-a-siemens-mobility-tem-orgulho-em-contribuir-para-o-desenvolvim\/\"},\"author\":{\"name\":\"Tatiana Martins\",\"@id\":\"https:\/\/maismagazine.pt\/#\/schema\/person\/7426e2caeb8df32a1b56aa48dae778c9\"},\"headline\":\"\u201cCom um vasto portf\u00f3lio de trabalhos realizados em Portugal, abrangendo diferentes \u00e1reas de mobilidade e transporte ferrovi\u00e1rio, a Siemens Mobility tem orgulho em contribuir para o desenvolvimento do pa\u00eds\u201d\",\"datePublished\":\"2023-12-22T07:00:00+00:00\",\"mainEntityOfPage\":{\"@id\":\"https:\/\/maismagazine.pt\/index.php\/2023\/12\/22\/com-um-vasto-portfolio-de-trabalhos-realizados-em-portugal-abrangendo-diferentes-areas-de-mobilidade-e-transporte-ferroviario-a-siemens-mobility-tem-orgulho-em-contribuir-para-o-desenvolvim\/\"},\"wordCount\":2156,\"publisher\":{\"@id\":\"https:\/\/maismagazine.pt\/#organization\"},\"image\":{\"@id\":\"https:\/\/maismagazine.pt\/index.php\/2023\/12\/22\/com-um-vasto-portfolio-de-trabalhos-realizados-em-portugal-abrangendo-diferentes-areas-de-mobilidade-e-transporte-ferroviario-a-siemens-mobility-tem-orgulho-em-contribuir-para-o-desenvolvim\/#primaryimage\"},\"thumbnailUrl\":\"http:\/\/maismagazine.pt\/wp-content\/uploads\/2023\/12\/Luis-Candeias-CEO-Siemens-Mobility-scaled.jpg\",\"keywords\":[\"mobilidade\",\"Siemens Mobility\",\"Transporte Ferroiv\u00e1rio\"],\"articleSection\":[\"Destaques\",\"Mundo Empresarial\"],\"inLanguage\":\"pt-PT\"},{\"@type\":\"WebPage\",\"@id\":\"https:\/\/maismagazine.pt\/index.php\/2023\/12\/22\/com-um-vasto-portfolio-de-trabalhos-realizados-em-portugal-abrangendo-diferentes-areas-de-mobilidade-e-transporte-ferroviario-a-siemens-mobility-tem-orgulho-em-contribuir-para-o-desenvolvim\/\",\"url\":\"https:\/\/maismagazine.pt\/index.php\/2023\/12\/22\/com-um-vasto-portfolio-de-trabalhos-realizados-em-portugal-abrangendo-diferentes-areas-de-mobilidade-e-transporte-ferroviario-a-siemens-mobility-tem-orgulho-em-contribuir-para-o-desenvolvim\/\",\"name\":\"\u201cCom um vasto portf\u00f3lio de trabalhos realizados em Portugal, abrangendo diferentes \u00e1reas de mobilidade e transporte ferrovi\u00e1rio, a Siemens Mobility tem orgulho em contribuir para o desenvolvimento do pa\u00eds\u201d - Mais Magazine\",\"isPartOf\":{\"@id\":\"https:\/\/maismagazine.pt\/#website\"},\"primaryImageOfPage\":{\"@id\":\"https:\/\/maismagazine.pt\/index.php\/2023\/12\/22\/com-um-vasto-portfolio-de-trabalhos-realizados-em-portugal-abrangendo-diferentes-areas-de-mobilidade-e-transporte-ferroviario-a-siemens-mobility-tem-orgulho-em-contribuir-para-o-desenvolvim\/#primaryimage\"},\"image\":{\"@id\":\"https:\/\/maismagazine.pt\/index.php\/2023\/12\/22\/com-um-vasto-portfolio-de-trabalhos-realizados-em-portugal-abrangendo-diferentes-areas-de-mobilidade-e-transporte-ferroviario-a-siemens-mobility-tem-orgulho-em-contribuir-para-o-desenvolvim\/#primaryimage\"},\"thumbnailUrl\":\"http:\/\/maismagazine.pt\/wp-content\/uploads\/2023\/12\/Luis-Candeias-CEO-Siemens-Mobility-scaled.jpg\",\"datePublished\":\"2023-12-22T07:00:00+00:00\",\"breadcrumb\":{\"@id\":\"https:\/\/maismagazine.pt\/index.php\/2023\/12\/22\/com-um-vasto-portfolio-de-trabalhos-realizados-em-portugal-abrangendo-diferentes-areas-de-mobilidade-e-transporte-ferroviario-a-siemens-mobility-tem-orgulho-em-contribuir-para-o-desenvolvim\/#breadcrumb\"},\"inLanguage\":\"pt-PT\",\"potentialAction\":[{\"@type\":\"ReadAction\",\"target\":[\"https:\/\/maismagazine.pt\/index.php\/2023\/12\/22\/com-um-vasto-portfolio-de-trabalhos-realizados-em-portugal-abrangendo-diferentes-areas-de-mobilidade-e-transporte-ferroviario-a-siemens-mobility-tem-orgulho-em-contribuir-para-o-desenvolvim\/\"]}]},{\"@type\":\"ImageObject\",\"inLanguage\":\"pt-PT\",\"@id\":\"https:\/\/maismagazine.pt\/index.php\/2023\/12\/22\/com-um-vasto-portfolio-de-trabalhos-realizados-em-portugal-abrangendo-diferentes-areas-de-mobilidade-e-transporte-ferroviario-a-siemens-mobility-tem-orgulho-em-contribuir-para-o-desenvolvim\/#primaryimage\",\"url\":\"http:\/\/maismagazine.pt\/wp-content\/uploads\/2023\/12\/Luis-Candeias-CEO-Siemens-Mobility-scaled.jpg\",\"contentUrl\":\"http:\/\/maismagazine.pt\/wp-content\/uploads\/2023\/12\/Luis-Candeias-CEO-Siemens-Mobility-scaled.jpg\",\"width\":2560,\"height\":1707},{\"@type\":\"BreadcrumbList\",\"@id\":\"https:\/\/maismagazine.pt\/index.php\/2023\/12\/22\/com-um-vasto-portfolio-de-trabalhos-realizados-em-portugal-abrangendo-diferentes-areas-de-mobilidade-e-transporte-ferroviario-a-siemens-mobility-tem-orgulho-em-contribuir-para-o-desenvolvim\/#breadcrumb\",\"itemListElement\":[{\"@type\":\"ListItem\",\"position\":1,\"name\":\"Home\",\"item\":\"https:\/\/maismagazine.pt\/\"},{\"@type\":\"ListItem\",\"position\":2,\"name\":\"\u201cCom um vasto portf\u00f3lio de trabalhos realizados em Portugal, abrangendo diferentes \u00e1reas de mobilidade e transporte ferrovi\u00e1rio, a Siemens Mobility tem orgulho em contribuir para o desenvolvimento do pa\u00eds\u201d\"}]},{\"@type\":\"WebSite\",\"@id\":\"https:\/\/maismagazine.pt\/#website\",\"url\":\"https:\/\/maismagazine.pt\/\",\"name\":\"Mais Magazine\",\"description\":\"\",\"publisher\":{\"@id\":\"https:\/\/maismagazine.pt\/#organization\"},\"potentialAction\":[{\"@type\":\"SearchAction\",\"target\":{\"@type\":\"EntryPoint\",\"urlTemplate\":\"https:\/\/maismagazine.pt\/?s={search_term_string}\"},\"query-input\":{\"@type\":\"PropertyValueSpecification\",\"valueRequired\":true,\"valueName\":\"search_term_string\"}}],\"inLanguage\":\"pt-PT\"},{\"@type\":\"Organization\",\"@id\":\"https:\/\/maismagazine.pt\/#organization\",\"name\":\"Mais Magazine\",\"url\":\"https:\/\/maismagazine.pt\/\",\"logo\":{\"@type\":\"ImageObject\",\"inLanguage\":\"pt-PT\",\"@id\":\"https:\/\/maismagazine.pt\/#\/schema\/logo\/image\/\",\"url\":\"http:\/\/maismagazine.pt\/wp-content\/uploads\/2020\/04\/cropped-cropped-mais-magazine-site-logo-2.png\",\"contentUrl\":\"http:\/\/maismagazine.pt\/wp-content\/uploads\/2020\/04\/cropped-cropped-mais-magazine-site-logo-2.png\",\"width\":581,\"height\":90,\"caption\":\"Mais Magazine\"},\"image\":{\"@id\":\"https:\/\/maismagazine.pt\/#\/schema\/logo\/image\/\"}},{\"@type\":\"Person\",\"@id\":\"https:\/\/maismagazine.pt\/#\/schema\/person\/7426e2caeb8df32a1b56aa48dae778c9\",\"name\":\"Tatiana Martins\",\"image\":{\"@type\":\"ImageObject\",\"inLanguage\":\"pt-PT\",\"@id\":\"https:\/\/maismagazine.pt\/#\/schema\/person\/image\/\",\"url\":\"https:\/\/secure.gravatar.com\/avatar\/4b24a57f5d0425f2eb20981c4b53244e?s=96&d=mm&r=g\",\"contentUrl\":\"https:\/\/secure.gravatar.com\/avatar\/4b24a57f5d0425f2eb20981c4b53244e?s=96&d=mm&r=g\",\"caption\":\"Tatiana Martins\"},\"url\":\"http:\/\/maismagazine.pt\/index.php\/author\/tatiana\/\"}]}<\/script>\n<!-- \/ Yoast SEO plugin. -->","yoast_head_json":{"title":"\u201cCom um vasto portf\u00f3lio de trabalhos realizados em Portugal, abrangendo diferentes \u00e1reas de mobilidade e transporte ferrovi\u00e1rio, a Siemens Mobility tem orgulho em contribuir para o desenvolvimento do pa\u00eds\u201d - Mais Magazine","robots":{"index":"index","follow":"follow","max-snippet":"max-snippet:-1","max-image-preview":"max-image-preview:large","max-video-preview":"max-video-preview:-1"},"canonical":"https:\/\/maismagazine.pt\/index.php\/2023\/12\/22\/com-um-vasto-portfolio-de-trabalhos-realizados-em-portugal-abrangendo-diferentes-areas-de-mobilidade-e-transporte-ferroviario-a-siemens-mobility-tem-orgulho-em-contribuir-para-o-desenvolvim\/","og_locale":"pt_PT","og_type":"article","og_title":"\u201cCom um vasto portf\u00f3lio de trabalhos realizados em Portugal, abrangendo diferentes \u00e1reas de mobilidade e transporte ferrovi\u00e1rio, a Siemens Mobility tem orgulho em contribuir para o desenvolvimento do pa\u00eds\u201d - Mais Magazine","og_description":"A Siemens Mobility conta j\u00e1 com um longo historial de trabalhos realizados em solo portugu\u00eas, tornando-se numa das empresas de refer\u00eancia na \u00e1rea da mobilidade e transporte ferrovi\u00e1rio em Portugal. Fique a conhecer, pela voz do CEO da Siemens Mobility, Lu\u00eds Candeias, a hist\u00f3ria da empresa em Portugal e os&hellip;","og_url":"https:\/\/maismagazine.pt\/index.php\/2023\/12\/22\/com-um-vasto-portfolio-de-trabalhos-realizados-em-portugal-abrangendo-diferentes-areas-de-mobilidade-e-transporte-ferroviario-a-siemens-mobility-tem-orgulho-em-contribuir-para-o-desenvolvim\/","og_site_name":"Mais Magazine","article_published_time":"2023-12-22T07:00:00+00:00","og_image":[{"width":2560,"height":1707,"url":"https:\/\/maismagazine.pt\/wp-content\/uploads\/2023\/12\/Luis-Candeias-CEO-Siemens-Mobility-scaled.jpg","type":"image\/jpeg"}],"author":"Tatiana Martins","twitter_card":"summary_large_image","twitter_misc":{"Escrito por":false,"Tempo estimado de leitura":"12 minutos"},"schema":{"@context":"https:\/\/schema.org","@graph":[{"@type":"Article","@id":"https:\/\/maismagazine.pt\/index.php\/2023\/12\/22\/com-um-vasto-portfolio-de-trabalhos-realizados-em-portugal-abrangendo-diferentes-areas-de-mobilidade-e-transporte-ferroviario-a-siemens-mobility-tem-orgulho-em-contribuir-para-o-desenvolvim\/#article","isPartOf":{"@id":"https:\/\/maismagazine.pt\/index.php\/2023\/12\/22\/com-um-vasto-portfolio-de-trabalhos-realizados-em-portugal-abrangendo-diferentes-areas-de-mobilidade-e-transporte-ferroviario-a-siemens-mobility-tem-orgulho-em-contribuir-para-o-desenvolvim\/"},"author":{"name":"Tatiana Martins","@id":"https:\/\/maismagazine.pt\/#\/schema\/person\/7426e2caeb8df32a1b56aa48dae778c9"},"headline":"\u201cCom um vasto portf\u00f3lio de trabalhos realizados em Portugal, abrangendo diferentes \u00e1reas de mobilidade e transporte ferrovi\u00e1rio, a Siemens Mobility tem orgulho em contribuir para o desenvolvimento do pa\u00eds\u201d","datePublished":"2023-12-22T07:00:00+00:00","mainEntityOfPage":{"@id":"https:\/\/maismagazine.pt\/index.php\/2023\/12\/22\/com-um-vasto-portfolio-de-trabalhos-realizados-em-portugal-abrangendo-diferentes-areas-de-mobilidade-e-transporte-ferroviario-a-siemens-mobility-tem-orgulho-em-contribuir-para-o-desenvolvim\/"},"wordCount":2156,"publisher":{"@id":"https:\/\/maismagazine.pt\/#organization"},"image":{"@id":"https:\/\/maismagazine.pt\/index.php\/2023\/12\/22\/com-um-vasto-portfolio-de-trabalhos-realizados-em-portugal-abrangendo-diferentes-areas-de-mobilidade-e-transporte-ferroviario-a-siemens-mobility-tem-orgulho-em-contribuir-para-o-desenvolvim\/#primaryimage"},"thumbnailUrl":"http:\/\/maismagazine.pt\/wp-content\/uploads\/2023\/12\/Luis-Candeias-CEO-Siemens-Mobility-scaled.jpg","keywords":["mobilidade","Siemens Mobility","Transporte Ferroiv\u00e1rio"],"articleSection":["Destaques","Mundo Empresarial"],"inLanguage":"pt-PT"},{"@type":"WebPage","@id":"https:\/\/maismagazine.pt\/index.php\/2023\/12\/22\/com-um-vasto-portfolio-de-trabalhos-realizados-em-portugal-abrangendo-diferentes-areas-de-mobilidade-e-transporte-ferroviario-a-siemens-mobility-tem-orgulho-em-contribuir-para-o-desenvolvim\/","url":"https:\/\/maismagazine.pt\/index.php\/2023\/12\/22\/com-um-vasto-portfolio-de-trabalhos-realizados-em-portugal-abrangendo-diferentes-areas-de-mobilidade-e-transporte-ferroviario-a-siemens-mobility-tem-orgulho-em-contribuir-para-o-desenvolvim\/","name":"\u201cCom um vasto portf\u00f3lio de trabalhos realizados em Portugal, abrangendo diferentes \u00e1reas de mobilidade e transporte ferrovi\u00e1rio, a Siemens Mobility tem orgulho em contribuir para o desenvolvimento do pa\u00eds\u201d - Mais Magazine","isPartOf":{"@id":"https:\/\/maismagazine.pt\/#website"},"primaryImageOfPage":{"@id":"https:\/\/maismagazine.pt\/index.php\/2023\/12\/22\/com-um-vasto-portfolio-de-trabalhos-realizados-em-portugal-abrangendo-diferentes-areas-de-mobilidade-e-transporte-ferroviario-a-siemens-mobility-tem-orgulho-em-contribuir-para-o-desenvolvim\/#primaryimage"},"image":{"@id":"https:\/\/maismagazine.pt\/index.php\/2023\/12\/22\/com-um-vasto-portfolio-de-trabalhos-realizados-em-portugal-abrangendo-diferentes-areas-de-mobilidade-e-transporte-ferroviario-a-siemens-mobility-tem-orgulho-em-contribuir-para-o-desenvolvim\/#primaryimage"},"thumbnailUrl":"http:\/\/maismagazine.pt\/wp-content\/uploads\/2023\/12\/Luis-Candeias-CEO-Siemens-Mobility-scaled.jpg","datePublished":"2023-12-22T07:00:00+00:00","breadcrumb":{"@id":"https:\/\/maismagazine.pt\/index.php\/2023\/12\/22\/com-um-vasto-portfolio-de-trabalhos-realizados-em-portugal-abrangendo-diferentes-areas-de-mobilidade-e-transporte-ferroviario-a-siemens-mobility-tem-orgulho-em-contribuir-para-o-desenvolvim\/#breadcrumb"},"inLanguage":"pt-PT","potentialAction":[{"@type":"ReadAction","target":["https:\/\/maismagazine.pt\/index.php\/2023\/12\/22\/com-um-vasto-portfolio-de-trabalhos-realizados-em-portugal-abrangendo-diferentes-areas-de-mobilidade-e-transporte-ferroviario-a-siemens-mobility-tem-orgulho-em-contribuir-para-o-desenvolvim\/"]}]},{"@type":"ImageObject","inLanguage":"pt-PT","@id":"https:\/\/maismagazine.pt\/index.php\/2023\/12\/22\/com-um-vasto-portfolio-de-trabalhos-realizados-em-portugal-abrangendo-diferentes-areas-de-mobilidade-e-transporte-ferroviario-a-siemens-mobility-tem-orgulho-em-contribuir-para-o-desenvolvim\/#primaryimage","url":"http:\/\/maismagazine.pt\/wp-content\/uploads\/2023\/12\/Luis-Candeias-CEO-Siemens-Mobility-scaled.jpg","contentUrl":"http:\/\/maismagazine.pt\/wp-content\/uploads\/2023\/12\/Luis-Candeias-CEO-Siemens-Mobility-scaled.jpg","width":2560,"height":1707},{"@type":"BreadcrumbList","@id":"https:\/\/maismagazine.pt\/index.php\/2023\/12\/22\/com-um-vasto-portfolio-de-trabalhos-realizados-em-portugal-abrangendo-diferentes-areas-de-mobilidade-e-transporte-ferroviario-a-siemens-mobility-tem-orgulho-em-contribuir-para-o-desenvolvim\/#breadcrumb","itemListElement":[{"@type":"ListItem","position":1,"name":"Home","item":"https:\/\/maismagazine.pt\/"},{"@type":"ListItem","position":2,"name":"\u201cCom um vasto portf\u00f3lio de trabalhos realizados em Portugal, abrangendo diferentes \u00e1reas de mobilidade e transporte ferrovi\u00e1rio, a Siemens Mobility tem orgulho em contribuir para o desenvolvimento do pa\u00eds\u201d"}]},{"@type":"WebSite","@id":"https:\/\/maismagazine.pt\/#website","url":"https:\/\/maismagazine.pt\/","name":"Mais Magazine","description":"","publisher":{"@id":"https:\/\/maismagazine.pt\/#organization"},"potentialAction":[{"@type":"SearchAction","target":{"@type":"EntryPoint","urlTemplate":"https:\/\/maismagazine.pt\/?s={search_term_string}"},"query-input":{"@type":"PropertyValueSpecification","valueRequired":true,"valueName":"search_term_string"}}],"inLanguage":"pt-PT"},{"@type":"Organization","@id":"https:\/\/maismagazine.pt\/#organization","name":"Mais Magazine","url":"https:\/\/maismagazine.pt\/","logo":{"@type":"ImageObject","inLanguage":"pt-PT","@id":"https:\/\/maismagazine.pt\/#\/schema\/logo\/image\/","url":"http:\/\/maismagazine.pt\/wp-content\/uploads\/2020\/04\/cropped-cropped-mais-magazine-site-logo-2.png","contentUrl":"http:\/\/maismagazine.pt\/wp-content\/uploads\/2020\/04\/cropped-cropped-mais-magazine-site-logo-2.png","width":581,"height":90,"caption":"Mais Magazine"},"image":{"@id":"https:\/\/maismagazine.pt\/#\/schema\/logo\/image\/"}},{"@type":"Person","@id":"https:\/\/maismagazine.pt\/#\/schema\/person\/7426e2caeb8df32a1b56aa48dae778c9","name":"Tatiana Martins","image":{"@type":"ImageObject","inLanguage":"pt-PT","@id":"https:\/\/maismagazine.pt\/#\/schema\/person\/image\/","url":"https:\/\/secure.gravatar.com\/avatar\/4b24a57f5d0425f2eb20981c4b53244e?s=96&d=mm&r=g","contentUrl":"https:\/\/secure.gravatar.com\/avatar\/4b24a57f5d0425f2eb20981c4b53244e?s=96&d=mm&r=g","caption":"Tatiana Martins"},"url":"http:\/\/maismagazine.pt\/index.php\/author\/tatiana\/"}]}},"author_meta":{"display_name":false,"author_link":"http:\/\/maismagazine.pt\/index.php\/author\/tatiana\/"},"featured_img":"http:\/\/maismagazine.pt\/wp-content\/uploads\/2023\/12\/Luis-Candeias-CEO-Siemens-Mobility-300x200.jpg","coauthors":[],"tax_additional":{"categories":{"linked":["<a href=\"http:\/\/maismagazine.pt\/index.php\/category\/destaques\/\" class=\"advgb-post-tax-term\">Destaques<\/a>","<a href=\"http:\/\/maismagazine.pt\/index.php\/category\/mundo-empresarial\/\" class=\"advgb-post-tax-term\">Mundo Empresarial<\/a>"],"unlinked":["<span class=\"advgb-post-tax-term\">Destaques<\/span>","<span class=\"advgb-post-tax-term\">Mundo Empresarial<\/span>"]},"tags":{"linked":["<a href=\"http:\/\/maismagazine.pt\/index.php\/category\/mundo-empresarial\/\" class=\"advgb-post-tax-term\">mobilidade<\/a>","<a href=\"http:\/\/maismagazine.pt\/index.php\/category\/mundo-empresarial\/\" class=\"advgb-post-tax-term\">Siemens Mobility<\/a>","<a href=\"http:\/\/maismagazine.pt\/index.php\/category\/mundo-empresarial\/\" class=\"advgb-post-tax-term\">Transporte Ferroiv\u00e1rio<\/a>"],"unlinked":["<span class=\"advgb-post-tax-term\">mobilidade<\/span>","<span class=\"advgb-post-tax-term\">Siemens Mobility<\/span>","<span class=\"advgb-post-tax-term\">Transporte Ferroiv\u00e1rio<\/span>"]}},"comment_count":"0","relative_dates":{"created":"Posted 2 anos ago","modified":"Updated 2 anos ago"},"absolute_dates":{"created":"Posted on 22 de Dezembro, 2023","modified":"Updated on 18 de Dezembro, 2023"},"absolute_dates_time":{"created":"Posted on 22 de Dezembro, 2023 7:00","modified":"Updated on 18 de Dezembro, 2023 16:30"},"featured_img_caption":"","series_order":"","_links":{"self":[{"href":"http:\/\/maismagazine.pt\/index.php\/wp-json\/wp\/v2\/posts\/8587","targetHints":{"allow":["GET"]}}],"collection":[{"href":"http:\/\/maismagazine.pt\/index.php\/wp-json\/wp\/v2\/posts"}],"about":[{"href":"http:\/\/maismagazine.pt\/index.php\/wp-json\/wp\/v2\/types\/post"}],"author":[{"embeddable":true,"href":"http:\/\/maismagazine.pt\/index.php\/wp-json\/wp\/v2\/users\/18"}],"replies":[{"embeddable":true,"href":"http:\/\/maismagazine.pt\/index.php\/wp-json\/wp\/v2\/comments?post=8587"}],"version-history":[{"count":1,"href":"http:\/\/maismagazine.pt\/index.php\/wp-json\/wp\/v2\/posts\/8587\/revisions"}],"predecessor-version":[{"id":8605,"href":"http:\/\/maismagazine.pt\/index.php\/wp-json\/wp\/v2\/posts\/8587\/revisions\/8605"}],"wp:featuredmedia":[{"embeddable":true,"href":"http:\/\/maismagazine.pt\/index.php\/wp-json\/wp\/v2\/media\/8589"}],"wp:attachment":[{"href":"http:\/\/maismagazine.pt\/index.php\/wp-json\/wp\/v2\/media?parent=8587"}],"wp:term":[{"taxonomy":"category","embeddable":true,"href":"http:\/\/maismagazine.pt\/index.php\/wp-json\/wp\/v2\/categories?post=8587"},{"taxonomy":"post_tag","embeddable":true,"href":"http:\/\/maismagazine.pt\/index.php\/wp-json\/wp\/v2\/tags?post=8587"}],"curies":[{"name":"wp","href":"https:\/\/api.w.org\/{rel}","templated":true}]}}