{"id":8581,"date":"2023-12-22T07:00:00","date_gmt":"2023-12-22T07:00:00","guid":{"rendered":"https:\/\/maismagazine.pt\/?p=8581"},"modified":"2023-12-18T15:47:32","modified_gmt":"2023-12-18T15:47:32","slug":"tecidos-que-contam-historias","status":"publish","type":"post","link":"http:\/\/maismagazine.pt\/index.php\/2023\/12\/22\/tecidos-que-contam-historias\/","title":{"rendered":"Tecidos que contam hist\u00f3rias"},"content":{"rendered":"\n<p><strong>Localizada em Guimar\u00e3es, o cora\u00e7\u00e3o da ind\u00fastria t\u00eaxtil em Portugal, a <a href=\"http:\/\/www.lemar.pt\">Lemar<\/a> \u00e9 uma empresa familiar portuguesa de refer\u00eancia na \u00e1rea dos tecidos, contando com mais de 8 d\u00e9cadas na \u00e1rea da ind\u00fastria t\u00eaxtil. Fique a conhecer mais sobre o trabalho desenvolvido pela Lemar e o seu fulcral contributo na introdu\u00e7\u00e3o das quest\u00f5es ambientais no setor.<\/strong><\/p>\n\n\n\n<p><\/p>\n\n\n\n<p><strong>Construindo um Futuro Sustent\u00e1vel<\/strong><\/p>\n\n\n\n<p>A sustentabilidade desempenha um papel crucial na ind\u00fastria t\u00eaxtil e tem ganho uma aten\u00e7\u00e3o significativa nos \u00faltimos anos. \u00c0 medida que os consumidores adquirem uma consci\u00eancia ambiental e social mais acentuada, a procura por tecidos com menor impacto ambiental continua a crescer. Por essa raz\u00e3o, tem-se observado um impulso significativo no desenvolvimento de novos produtos com o intuito de minimizar o desperd\u00edcio, reduzir o consumo de \u00e1gua e diminuir a pegada ambiental como um todo. \u201cA Lemar est\u00e1 comprometida em estar na vanguarda dessa mudan\u00e7a, reconhecendo que a responsabilidade ambiental n\u00e3o \u00e9 apenas uma necessidade, mas uma miss\u00e3o que contribui para um futuro mais sustent\u00e1vel\u201d afirma Manuela Ara\u00fajo, atual CEO e que representa a 3\u00aa gera\u00e7\u00e3o desta empresa familiar fundada em 1939. Nesse contexto, a procura cont\u00ednua por mat\u00e9rias-primas ecologicamente mais sustent\u00e1veis \u00e9 parte integrante do alinhamento estrat\u00e9gico da empresa, come\u00e7ando pela escolha das fibras que utilizam nos seus tecidos. <\/p>\n\n\n\n<p><\/p>\n\n\n\n<p><strong>Da Reciclagem \u00e0 Inova\u00e7\u00e3o<\/strong><\/p>\n\n\n\n<p>A sele\u00e7\u00e3o criteriosa das fibras \u00e9 de extrema import\u00e2ncia por diversos motivos. Em primeiro lugar, as tipologias dessas mat\u00e9rias-primas influenciam diretamente na qualidade final do tecido, sendo um diferencial estrat\u00e9gico nas cole\u00e7\u00f5es que s\u00e3o desenvolvidas para os seus clientes. \u201cDesde a funda\u00e7\u00e3o desta empresa que adotamos uma abordagem proativa na escolha dos melhores fios do mercado\u201d sublinha Manuela Ara\u00fajo, acrescentando que \u201co compromisso vai al\u00e9m da qualidade; reflete-se na responsabilidade ambiental, com a prioriza\u00e7\u00e3o de artigos reciclados e de menor impacto ambiental\u201d. Sumarizamos algumas dessas inovadoras fibras (entre v\u00e1rias que s\u00e3o utilizadas) e que podem ser encontrados nos tecidos produzidos na Lemar: <\/p>\n\n\n\n<p><\/p>\n\n\n\n<ul class=\"wp-block-list\">\n<li><strong>Q-CYCLE BY FULGAR\u2122<\/strong>: Na vanguarda da sustentabilidade, esta fibra revoluciona a ind\u00fastria t\u00eaxtil. A produ\u00e7\u00e3o de pneus gera toneladas de res\u00edduos que acabam em aterros e lixeiras, causando s\u00e9rios problemas am-bientais. A transforma\u00e7\u00e3o desses pneus em fibra a partir da tecnologia Mass Ba-lance n\u00e3o apenas evita o uso de mat\u00e9-rias-primas virgens, mas tamb\u00e9m reduz as emiss\u00f5es de CO2 em pelo menos 50%.Os nossos tecidos produzidos com esta base n\u00e3o s\u00f3 oferecem uma alternativa ecol\u00f3gica, mas tamb\u00e9m inspira uma mudan\u00e7a global em dire\u00e7\u00e3o a pr\u00e1ticas industriais mais respons\u00e1veis, mostrando que a inova\u00e7\u00e3o pode ser a chave para um futuro mais verde.<\/li>\n\n\n\n<li><strong>LENZING\u2122ECOVERO\u2122<\/strong>: A fibra de viscose obtida a partir de fontes de madeira renov\u00e1veis certifica-as, por meio de um processo de produ\u00e7\u00e3o respons\u00e1vel, \u00e9 reconhecida pela sua contribui\u00e7\u00e3o para um ambiente mais limpo. O processo de fabrico dessas fibras gera at\u00e9 50% menos de emiss\u00f5es de gases e impacto sobre a \u00e1gua se comparado \u00e0 viscose standard. A madeira utilizada na produ\u00e7\u00e3o prov\u00e9m de florestas certificadas pelo FSC\u00ae e PEFC\u2122, que s\u00e3o administradas de forma sustent\u00e1vel. Essas fibras s\u00e3o biodegrad\u00e1veis e compost\u00e1veis, o que significa que podem se decompor completamente na natureza sem causar danos ao meio ambiente. Utilizamos esta fibra maioritariamente nas nossas riscas. <\/li>\n\n\n\n<li><strong>SEAQUAL\u2122<\/strong>: Esta fibra \u00e9 produzida a partir de res\u00edduos pl\u00e1sticos recolhidos nos oceanos, costas e estu\u00e1rios. Esse processo requer menos recursos naturais do que a produ\u00e7\u00e3o de poli\u00e9ster virgem, com redu\u00e7\u00f5es substanciais nos consumos de \u00e1gua e energia e nas emiss\u00f5es de CO2.Al\u00e9m disso, o uso de tecidos Seaqual\u2122 n\u00e3o se limita \u00e0 reciclagem do lixo marinho PET. As iniciativas de limpeza dos oceanos tamb\u00e9m removem outros tipos de res\u00edduos, como pl\u00e1sticos, me-tais, vidro, borracha e res\u00edduos de materiais mistos. Estima-se que, para cada tonelada de lixo marinho PET reciclada, mais 6 a 10 toneladas de outros res\u00edduos tamb\u00e9m sejam removidos dos oceanos. <\/li>\n\n\n\n<li><strong>AMNI SOUL ECO\u2122<\/strong>: A tecnologia Amni Soul Eco\u00ae destaca-se por integrar uma nova gera\u00e7\u00e3o de fios com menor impacto ambiental, gra\u00e7as \u00e0 sua f\u00f3rmula que permite a decomposi\u00e7\u00e3o em aterros anaer\u00f3bicos em aproximadamente 5 anos, em contraste com outras fibras que levam d\u00e9cadas. www.lemar.ptMais de 50% das pe\u00e7as de vestu\u00e1rio normalmente acabam em aterros sanit\u00e1rios, mas as pe\u00e7as feitas com os nossos tecidos AMNI SOUL ECO\u00ae decomp\u00f5em-se 10 vezes mais rapidamente do que outras fibras sint\u00e9ticas nessas condi\u00e7\u00f5es. Ao serem depositadas nestes locais, essas fibras transformam-se em mat\u00e9ria org\u00e2nica (biomassa) e biog\u00e1s, podendo ser exploradas como novos recursos ambientais e para a gerar eletricidade.  <\/li>\n<\/ul>\n\n\n<div class=\"wp-block-image\">\n<figure class=\"aligncenter size-full is-resized\"><img loading=\"lazy\" decoding=\"async\" width=\"330\" height=\"429\" src=\"https:\/\/maismagazine.pt\/wp-content\/uploads\/2023\/12\/foto07.jpg\" alt=\"\" class=\"wp-image-8588\" style=\"aspect-ratio:0.7692307692307693;width:256px;height:auto\" srcset=\"http:\/\/maismagazine.pt\/wp-content\/uploads\/2023\/12\/foto07.jpg 330w, http:\/\/maismagazine.pt\/wp-content\/uploads\/2023\/12\/foto07-231x300.jpg 231w\" sizes=\"auto, (max-width: 330px) 100vw, 330px\" \/><\/figure><\/div>\n\n\n<p><\/p>\n\n\n\n<p><strong>Compromisso Ambiental<\/strong><\/p>\n\n\n\n<p>Atender \u00e0s expectativas dos consumidores em busca de op\u00e7\u00f5es mais respons\u00e1veis tem diferenciado a Lemar no mercado global, evidenciando um empenho claro com a sustentabilidade e a inova\u00e7\u00e3o! A utiliza\u00e7\u00e3o de fibras que re\u00fanem estas caracter\u00edsticas n\u00e3o s\u00f3 estimula a economia circular, promovendo a reutiliza\u00e7\u00e3o de materiais e prolongando o ciclo de vida dos produtos, mas tamb\u00e9m melhora a cadeia de abastecimento ao incentivar pr\u00e1ticas mais sustent\u00e1veis, desde a recolha de materiais at\u00e9 ao seu fabrico. \u201cEstas s\u00e3o a\u00e7\u00f5es que nos orgulhamos de promover. \u00c0 medida que mais empresas adotarem pr\u00e1ticas sustent\u00e1veis, podemos esperar um futuro mais radiante e saud\u00e1vel para o nosso ecossistema\u201d, reitera Manuela Ara\u00fajo. <\/p>\n\n\n<div class=\"wp-block-image\">\n<figure class=\"aligncenter size-full is-resized\"><img loading=\"lazy\" decoding=\"async\" width=\"833\" height=\"833\" src=\"https:\/\/maismagazine.pt\/wp-content\/uploads\/2023\/12\/logo-1.jpg\" alt=\"\" class=\"wp-image-8590\" style=\"aspect-ratio:1;width:227px;height:auto\" srcset=\"http:\/\/maismagazine.pt\/wp-content\/uploads\/2023\/12\/logo-1.jpg 833w, http:\/\/maismagazine.pt\/wp-content\/uploads\/2023\/12\/logo-1-300x300.jpg 300w, http:\/\/maismagazine.pt\/wp-content\/uploads\/2023\/12\/logo-1-150x150.jpg 150w, http:\/\/maismagazine.pt\/wp-content\/uploads\/2023\/12\/logo-1-768x768.jpg 768w\" sizes=\"auto, (max-width: 833px) 100vw, 833px\" \/><\/figure><\/div>","protected":false},"excerpt":{"rendered":"<p>Localizada em Guimar\u00e3es, o cora\u00e7\u00e3o da ind\u00fastria t\u00eaxtil em Portugal, a Lemar \u00e9 uma empresa familiar portuguesa de refer\u00eancia na \u00e1rea dos tecidos, contando com mais de 8 d\u00e9cadas na \u00e1rea da ind\u00fastria t\u00eaxtil. Fique a conhecer mais sobre o trabalho desenvolvido pela Lemar e o seu fulcral contributo na&hellip;<\/p>\n","protected":false},"author":17,"featured_media":8592,"comment_status":"closed","ping_status":"open","sticky":false,"template":"","format":"standard","meta":{"advgb_blocks_editor_width":"","advgb_blocks_columns_visual_guide":"","_monsterinsights_skip_tracking":false,"_monsterinsights_sitenote_active":false,"_monsterinsights_sitenote_note":"","_monsterinsights_sitenote_category":0,"footnotes":""},"categories":[6,54],"tags":[1099],"class_list":["post-8581","post","type-post","status-publish","format-standard","has-post-thumbnail","hentry","category-empreendedorismo","category-lifestyle","tag-lemar"],"yoast_head":"<!-- This site is optimized with the Yoast SEO plugin v24.4 - https:\/\/yoast.com\/wordpress\/plugins\/seo\/ -->\n<title>Tecidos que contam hist\u00f3rias - Mais Magazine<\/title>\n<meta name=\"description\" content=\"Localizada em Guimar\u00e3es, o cora\u00e7\u00e3o da ind\u00fastria t\u00eaxtil em Portugal, a Lemar \u00e9 uma empresa familiar portuguesa de refer\u00eancia na \u00e1rea dos tecidos, contando com mais de 8 d\u00e9cadas na \u00e1rea da ind\u00fastria t\u00eaxtil. Fique a conhecer mais sobre o trabalho desenvolvido pela Lemar e o seu fulcral contributo na introdu\u00e7\u00e3o das quest\u00f5es ambientais no setor.\" \/>\n<meta name=\"robots\" content=\"index, follow, max-snippet:-1, max-image-preview:large, max-video-preview:-1\" \/>\n<link rel=\"canonical\" href=\"http:\/\/maismagazine.pt\/index.php\/2023\/12\/22\/tecidos-que-contam-historias\/\" \/>\n<meta property=\"og:locale\" content=\"pt_PT\" \/>\n<meta property=\"og:type\" content=\"article\" \/>\n<meta property=\"og:title\" content=\"Tecidos que contam hist\u00f3rias - Mais Magazine\" \/>\n<meta property=\"og:description\" content=\"Localizada em Guimar\u00e3es, o cora\u00e7\u00e3o da ind\u00fastria t\u00eaxtil em Portugal, a Lemar \u00e9 uma empresa familiar portuguesa de refer\u00eancia na \u00e1rea dos tecidos, contando com mais de 8 d\u00e9cadas na \u00e1rea da ind\u00fastria t\u00eaxtil. Fique a conhecer mais sobre o trabalho desenvolvido pela Lemar e o seu fulcral contributo na introdu\u00e7\u00e3o das quest\u00f5es ambientais no setor.\" \/>\n<meta property=\"og:url\" content=\"http:\/\/maismagazine.pt\/index.php\/2023\/12\/22\/tecidos-que-contam-historias\/\" \/>\n<meta property=\"og:site_name\" content=\"Mais Magazine\" \/>\n<meta property=\"article:published_time\" content=\"2023-12-22T07:00:00+00:00\" \/>\n<meta property=\"og:image\" content=\"http:\/\/maismagazine.pt\/wp-content\/uploads\/2023\/12\/foto-entrada-Lemar.jpg\" \/>\n\t<meta property=\"og:image:width\" content=\"841\" \/>\n\t<meta property=\"og:image:height\" content=\"595\" \/>\n\t<meta property=\"og:image:type\" content=\"image\/jpeg\" \/>\n<meta name=\"author\" content=\"Tiago Costa\" \/>\n<meta name=\"twitter:card\" content=\"summary_large_image\" \/>\n<meta name=\"twitter:label1\" content=\"Escrito por\" \/>\n\t<meta name=\"twitter:data1\" content=\"\" \/>\n\t<meta name=\"twitter:label2\" content=\"Tempo estimado de leitura\" \/>\n\t<meta name=\"twitter:data2\" content=\"6 minutos\" \/>\n<script type=\"application\/ld+json\" class=\"yoast-schema-graph\">{\"@context\":\"https:\/\/schema.org\",\"@graph\":[{\"@type\":\"Article\",\"@id\":\"http:\/\/maismagazine.pt\/index.php\/2023\/12\/22\/tecidos-que-contam-historias\/#article\",\"isPartOf\":{\"@id\":\"http:\/\/maismagazine.pt\/index.php\/2023\/12\/22\/tecidos-que-contam-historias\/\"},\"author\":{\"name\":\"Tiago Costa\",\"@id\":\"http:\/\/maismagazine.pt\/#\/schema\/person\/c6c5bfccc886434cbd11c74e035f9646\"},\"headline\":\"Tecidos que contam hist\u00f3rias\",\"datePublished\":\"2023-12-22T07:00:00+00:00\",\"mainEntityOfPage\":{\"@id\":\"http:\/\/maismagazine.pt\/index.php\/2023\/12\/22\/tecidos-que-contam-historias\/\"},\"wordCount\":943,\"publisher\":{\"@id\":\"http:\/\/maismagazine.pt\/#organization\"},\"image\":{\"@id\":\"http:\/\/maismagazine.pt\/index.php\/2023\/12\/22\/tecidos-que-contam-historias\/#primaryimage\"},\"thumbnailUrl\":\"http:\/\/maismagazine.pt\/wp-content\/uploads\/2023\/12\/foto-entrada-Lemar.jpg\",\"keywords\":[\"Lemar\"],\"articleSection\":[\"Empreendedorismo\",\"LifeStyle\"],\"inLanguage\":\"pt-PT\"},{\"@type\":\"WebPage\",\"@id\":\"http:\/\/maismagazine.pt\/index.php\/2023\/12\/22\/tecidos-que-contam-historias\/\",\"url\":\"http:\/\/maismagazine.pt\/index.php\/2023\/12\/22\/tecidos-que-contam-historias\/\",\"name\":\"Tecidos que contam hist\u00f3rias - Mais Magazine\",\"isPartOf\":{\"@id\":\"http:\/\/maismagazine.pt\/#website\"},\"primaryImageOfPage\":{\"@id\":\"http:\/\/maismagazine.pt\/index.php\/2023\/12\/22\/tecidos-que-contam-historias\/#primaryimage\"},\"image\":{\"@id\":\"http:\/\/maismagazine.pt\/index.php\/2023\/12\/22\/tecidos-que-contam-historias\/#primaryimage\"},\"thumbnailUrl\":\"http:\/\/maismagazine.pt\/wp-content\/uploads\/2023\/12\/foto-entrada-Lemar.jpg\",\"datePublished\":\"2023-12-22T07:00:00+00:00\",\"description\":\"Localizada em Guimar\u00e3es, o cora\u00e7\u00e3o da ind\u00fastria t\u00eaxtil em Portugal, a Lemar \u00e9 uma empresa familiar portuguesa de refer\u00eancia na \u00e1rea dos tecidos, contando com mais de 8 d\u00e9cadas na \u00e1rea da ind\u00fastria t\u00eaxtil. Fique a conhecer mais sobre o trabalho desenvolvido pela Lemar e o seu fulcral contributo na introdu\u00e7\u00e3o das quest\u00f5es ambientais no setor.\",\"breadcrumb\":{\"@id\":\"http:\/\/maismagazine.pt\/index.php\/2023\/12\/22\/tecidos-que-contam-historias\/#breadcrumb\"},\"inLanguage\":\"pt-PT\",\"potentialAction\":[{\"@type\":\"ReadAction\",\"target\":[\"http:\/\/maismagazine.pt\/index.php\/2023\/12\/22\/tecidos-que-contam-historias\/\"]}]},{\"@type\":\"ImageObject\",\"inLanguage\":\"pt-PT\",\"@id\":\"http:\/\/maismagazine.pt\/index.php\/2023\/12\/22\/tecidos-que-contam-historias\/#primaryimage\",\"url\":\"http:\/\/maismagazine.pt\/wp-content\/uploads\/2023\/12\/foto-entrada-Lemar.jpg\",\"contentUrl\":\"http:\/\/maismagazine.pt\/wp-content\/uploads\/2023\/12\/foto-entrada-Lemar.jpg\",\"width\":841,\"height\":595},{\"@type\":\"BreadcrumbList\",\"@id\":\"http:\/\/maismagazine.pt\/index.php\/2023\/12\/22\/tecidos-que-contam-historias\/#breadcrumb\",\"itemListElement\":[{\"@type\":\"ListItem\",\"position\":1,\"name\":\"Home\",\"item\":\"http:\/\/maismagazine.pt\/\"},{\"@type\":\"ListItem\",\"position\":2,\"name\":\"Tecidos que contam hist\u00f3rias\"}]},{\"@type\":\"WebSite\",\"@id\":\"http:\/\/maismagazine.pt\/#website\",\"url\":\"http:\/\/maismagazine.pt\/\",\"name\":\"Mais Magazine\",\"description\":\"\",\"publisher\":{\"@id\":\"http:\/\/maismagazine.pt\/#organization\"},\"potentialAction\":[{\"@type\":\"SearchAction\",\"target\":{\"@type\":\"EntryPoint\",\"urlTemplate\":\"http:\/\/maismagazine.pt\/?s={search_term_string}\"},\"query-input\":{\"@type\":\"PropertyValueSpecification\",\"valueRequired\":true,\"valueName\":\"search_term_string\"}}],\"inLanguage\":\"pt-PT\"},{\"@type\":\"Organization\",\"@id\":\"http:\/\/maismagazine.pt\/#organization\",\"name\":\"Mais Magazine\",\"url\":\"http:\/\/maismagazine.pt\/\",\"logo\":{\"@type\":\"ImageObject\",\"inLanguage\":\"pt-PT\",\"@id\":\"http:\/\/maismagazine.pt\/#\/schema\/logo\/image\/\",\"url\":\"http:\/\/maismagazine.pt\/wp-content\/uploads\/2020\/04\/cropped-cropped-mais-magazine-site-logo-2.png\",\"contentUrl\":\"http:\/\/maismagazine.pt\/wp-content\/uploads\/2020\/04\/cropped-cropped-mais-magazine-site-logo-2.png\",\"width\":581,\"height\":90,\"caption\":\"Mais Magazine\"},\"image\":{\"@id\":\"http:\/\/maismagazine.pt\/#\/schema\/logo\/image\/\"}},{\"@type\":\"Person\",\"@id\":\"http:\/\/maismagazine.pt\/#\/schema\/person\/c6c5bfccc886434cbd11c74e035f9646\",\"name\":\"Tiago Costa\",\"image\":{\"@type\":\"ImageObject\",\"inLanguage\":\"pt-PT\",\"@id\":\"http:\/\/maismagazine.pt\/#\/schema\/person\/image\/\",\"url\":\"https:\/\/secure.gravatar.com\/avatar\/c599b2bce16c9870429198cbad5ee022?s=96&d=mm&r=g\",\"contentUrl\":\"https:\/\/secure.gravatar.com\/avatar\/c599b2bce16c9870429198cbad5ee022?s=96&d=mm&r=g\",\"caption\":\"Tiago Costa\"},\"url\":\"http:\/\/maismagazine.pt\/index.php\/author\/tiago\/\"}]}<\/script>\n<!-- \/ Yoast SEO plugin. -->","yoast_head_json":{"title":"Tecidos que contam hist\u00f3rias - Mais Magazine","description":"Localizada em Guimar\u00e3es, o cora\u00e7\u00e3o da ind\u00fastria t\u00eaxtil em Portugal, a Lemar \u00e9 uma empresa familiar portuguesa de refer\u00eancia na \u00e1rea dos tecidos, contando com mais de 8 d\u00e9cadas na \u00e1rea da ind\u00fastria t\u00eaxtil. Fique a conhecer mais sobre o trabalho desenvolvido pela Lemar e o seu fulcral contributo na introdu\u00e7\u00e3o das quest\u00f5es ambientais no setor.","robots":{"index":"index","follow":"follow","max-snippet":"max-snippet:-1","max-image-preview":"max-image-preview:large","max-video-preview":"max-video-preview:-1"},"canonical":"http:\/\/maismagazine.pt\/index.php\/2023\/12\/22\/tecidos-que-contam-historias\/","og_locale":"pt_PT","og_type":"article","og_title":"Tecidos que contam hist\u00f3rias - Mais Magazine","og_description":"Localizada em Guimar\u00e3es, o cora\u00e7\u00e3o da ind\u00fastria t\u00eaxtil em Portugal, a Lemar \u00e9 uma empresa familiar portuguesa de refer\u00eancia na \u00e1rea dos tecidos, contando com mais de 8 d\u00e9cadas na \u00e1rea da ind\u00fastria t\u00eaxtil. Fique a conhecer mais sobre o trabalho desenvolvido pela Lemar e o seu fulcral contributo na introdu\u00e7\u00e3o das quest\u00f5es ambientais no setor.","og_url":"http:\/\/maismagazine.pt\/index.php\/2023\/12\/22\/tecidos-que-contam-historias\/","og_site_name":"Mais Magazine","article_published_time":"2023-12-22T07:00:00+00:00","og_image":[{"width":841,"height":595,"url":"http:\/\/maismagazine.pt\/wp-content\/uploads\/2023\/12\/foto-entrada-Lemar.jpg","type":"image\/jpeg"}],"author":"Tiago Costa","twitter_card":"summary_large_image","twitter_misc":{"Escrito por":false,"Tempo estimado de leitura":"6 minutos"},"schema":{"@context":"https:\/\/schema.org","@graph":[{"@type":"Article","@id":"http:\/\/maismagazine.pt\/index.php\/2023\/12\/22\/tecidos-que-contam-historias\/#article","isPartOf":{"@id":"http:\/\/maismagazine.pt\/index.php\/2023\/12\/22\/tecidos-que-contam-historias\/"},"author":{"name":"Tiago Costa","@id":"http:\/\/maismagazine.pt\/#\/schema\/person\/c6c5bfccc886434cbd11c74e035f9646"},"headline":"Tecidos que contam hist\u00f3rias","datePublished":"2023-12-22T07:00:00+00:00","mainEntityOfPage":{"@id":"http:\/\/maismagazine.pt\/index.php\/2023\/12\/22\/tecidos-que-contam-historias\/"},"wordCount":943,"publisher":{"@id":"http:\/\/maismagazine.pt\/#organization"},"image":{"@id":"http:\/\/maismagazine.pt\/index.php\/2023\/12\/22\/tecidos-que-contam-historias\/#primaryimage"},"thumbnailUrl":"http:\/\/maismagazine.pt\/wp-content\/uploads\/2023\/12\/foto-entrada-Lemar.jpg","keywords":["Lemar"],"articleSection":["Empreendedorismo","LifeStyle"],"inLanguage":"pt-PT"},{"@type":"WebPage","@id":"http:\/\/maismagazine.pt\/index.php\/2023\/12\/22\/tecidos-que-contam-historias\/","url":"http:\/\/maismagazine.pt\/index.php\/2023\/12\/22\/tecidos-que-contam-historias\/","name":"Tecidos que contam hist\u00f3rias - Mais Magazine","isPartOf":{"@id":"http:\/\/maismagazine.pt\/#website"},"primaryImageOfPage":{"@id":"http:\/\/maismagazine.pt\/index.php\/2023\/12\/22\/tecidos-que-contam-historias\/#primaryimage"},"image":{"@id":"http:\/\/maismagazine.pt\/index.php\/2023\/12\/22\/tecidos-que-contam-historias\/#primaryimage"},"thumbnailUrl":"http:\/\/maismagazine.pt\/wp-content\/uploads\/2023\/12\/foto-entrada-Lemar.jpg","datePublished":"2023-12-22T07:00:00+00:00","description":"Localizada em Guimar\u00e3es, o cora\u00e7\u00e3o da ind\u00fastria t\u00eaxtil em Portugal, a Lemar \u00e9 uma empresa familiar portuguesa de refer\u00eancia na \u00e1rea dos tecidos, contando com mais de 8 d\u00e9cadas na \u00e1rea da ind\u00fastria t\u00eaxtil. Fique a conhecer mais sobre o trabalho desenvolvido pela Lemar e o seu fulcral contributo na introdu\u00e7\u00e3o das quest\u00f5es ambientais no setor.","breadcrumb":{"@id":"http:\/\/maismagazine.pt\/index.php\/2023\/12\/22\/tecidos-que-contam-historias\/#breadcrumb"},"inLanguage":"pt-PT","potentialAction":[{"@type":"ReadAction","target":["http:\/\/maismagazine.pt\/index.php\/2023\/12\/22\/tecidos-que-contam-historias\/"]}]},{"@type":"ImageObject","inLanguage":"pt-PT","@id":"http:\/\/maismagazine.pt\/index.php\/2023\/12\/22\/tecidos-que-contam-historias\/#primaryimage","url":"http:\/\/maismagazine.pt\/wp-content\/uploads\/2023\/12\/foto-entrada-Lemar.jpg","contentUrl":"http:\/\/maismagazine.pt\/wp-content\/uploads\/2023\/12\/foto-entrada-Lemar.jpg","width":841,"height":595},{"@type":"BreadcrumbList","@id":"http:\/\/maismagazine.pt\/index.php\/2023\/12\/22\/tecidos-que-contam-historias\/#breadcrumb","itemListElement":[{"@type":"ListItem","position":1,"name":"Home","item":"http:\/\/maismagazine.pt\/"},{"@type":"ListItem","position":2,"name":"Tecidos que contam hist\u00f3rias"}]},{"@type":"WebSite","@id":"http:\/\/maismagazine.pt\/#website","url":"http:\/\/maismagazine.pt\/","name":"Mais Magazine","description":"","publisher":{"@id":"http:\/\/maismagazine.pt\/#organization"},"potentialAction":[{"@type":"SearchAction","target":{"@type":"EntryPoint","urlTemplate":"http:\/\/maismagazine.pt\/?s={search_term_string}"},"query-input":{"@type":"PropertyValueSpecification","valueRequired":true,"valueName":"search_term_string"}}],"inLanguage":"pt-PT"},{"@type":"Organization","@id":"http:\/\/maismagazine.pt\/#organization","name":"Mais Magazine","url":"http:\/\/maismagazine.pt\/","logo":{"@type":"ImageObject","inLanguage":"pt-PT","@id":"http:\/\/maismagazine.pt\/#\/schema\/logo\/image\/","url":"http:\/\/maismagazine.pt\/wp-content\/uploads\/2020\/04\/cropped-cropped-mais-magazine-site-logo-2.png","contentUrl":"http:\/\/maismagazine.pt\/wp-content\/uploads\/2020\/04\/cropped-cropped-mais-magazine-site-logo-2.png","width":581,"height":90,"caption":"Mais Magazine"},"image":{"@id":"http:\/\/maismagazine.pt\/#\/schema\/logo\/image\/"}},{"@type":"Person","@id":"http:\/\/maismagazine.pt\/#\/schema\/person\/c6c5bfccc886434cbd11c74e035f9646","name":"Tiago Costa","image":{"@type":"ImageObject","inLanguage":"pt-PT","@id":"http:\/\/maismagazine.pt\/#\/schema\/person\/image\/","url":"https:\/\/secure.gravatar.com\/avatar\/c599b2bce16c9870429198cbad5ee022?s=96&d=mm&r=g","contentUrl":"https:\/\/secure.gravatar.com\/avatar\/c599b2bce16c9870429198cbad5ee022?s=96&d=mm&r=g","caption":"Tiago Costa"},"url":"http:\/\/maismagazine.pt\/index.php\/author\/tiago\/"}]}},"author_meta":{"display_name":false,"author_link":"http:\/\/maismagazine.pt\/index.php\/author\/tiago\/"},"featured_img":"http:\/\/maismagazine.pt\/wp-content\/uploads\/2023\/12\/foto-entrada-Lemar-300x212.jpg","coauthors":[],"tax_additional":{"categories":{"linked":["<a href=\"http:\/\/maismagazine.pt\/index.php\/category\/empreendedorismo\/\" class=\"advgb-post-tax-term\">Empreendedorismo<\/a>","<a href=\"http:\/\/maismagazine.pt\/index.php\/category\/lifestyle\/\" class=\"advgb-post-tax-term\">LifeStyle<\/a>"],"unlinked":["<span class=\"advgb-post-tax-term\">Empreendedorismo<\/span>","<span class=\"advgb-post-tax-term\">LifeStyle<\/span>"]},"tags":{"linked":["<a href=\"http:\/\/maismagazine.pt\/index.php\/category\/lifestyle\/\" class=\"advgb-post-tax-term\">Lemar<\/a>"],"unlinked":["<span class=\"advgb-post-tax-term\">Lemar<\/span>"]}},"comment_count":"0","relative_dates":{"created":"Posted 2 anos ago","modified":"Updated 2 anos ago"},"absolute_dates":{"created":"Posted on 22 de Dezembro, 2023","modified":"Updated on 18 de Dezembro, 2023"},"absolute_dates_time":{"created":"Posted on 22 de Dezembro, 2023 7:00","modified":"Updated on 18 de Dezembro, 2023 15:47"},"featured_img_caption":"","series_order":"","_links":{"self":[{"href":"http:\/\/maismagazine.pt\/index.php\/wp-json\/wp\/v2\/posts\/8581","targetHints":{"allow":["GET"]}}],"collection":[{"href":"http:\/\/maismagazine.pt\/index.php\/wp-json\/wp\/v2\/posts"}],"about":[{"href":"http:\/\/maismagazine.pt\/index.php\/wp-json\/wp\/v2\/types\/post"}],"author":[{"embeddable":true,"href":"http:\/\/maismagazine.pt\/index.php\/wp-json\/wp\/v2\/users\/17"}],"replies":[{"embeddable":true,"href":"http:\/\/maismagazine.pt\/index.php\/wp-json\/wp\/v2\/comments?post=8581"}],"version-history":[{"count":1,"href":"http:\/\/maismagazine.pt\/index.php\/wp-json\/wp\/v2\/posts\/8581\/revisions"}],"predecessor-version":[{"id":8593,"href":"http:\/\/maismagazine.pt\/index.php\/wp-json\/wp\/v2\/posts\/8581\/revisions\/8593"}],"wp:featuredmedia":[{"embeddable":true,"href":"http:\/\/maismagazine.pt\/index.php\/wp-json\/wp\/v2\/media\/8592"}],"wp:attachment":[{"href":"http:\/\/maismagazine.pt\/index.php\/wp-json\/wp\/v2\/media?parent=8581"}],"wp:term":[{"taxonomy":"category","embeddable":true,"href":"http:\/\/maismagazine.pt\/index.php\/wp-json\/wp\/v2\/categories?post=8581"},{"taxonomy":"post_tag","embeddable":true,"href":"http:\/\/maismagazine.pt\/index.php\/wp-json\/wp\/v2\/tags?post=8581"}],"curies":[{"name":"wp","href":"https:\/\/api.w.org\/{rel}","templated":true}]}}