{"id":8498,"date":"2023-12-22T07:00:00","date_gmt":"2023-12-22T07:00:00","guid":{"rendered":"https:\/\/maismagazine.pt\/?p=8498"},"modified":"2023-12-18T14:40:20","modified_gmt":"2023-12-18T14:40:20","slug":"artigo-de-opiniao-fernanda-ferreira-dias","status":"publish","type":"post","link":"http:\/\/maismagazine.pt\/index.php\/2023\/12\/22\/artigo-de-opiniao-fernanda-ferreira-dias\/","title":{"rendered":"Artigo de opini\u00e3o &#8211; Fernanda Ferreira Dias"},"content":{"rendered":"\n<p>A Dire\u00e7\u00e3o-Geral das Atividades Econ\u00f3micas (DGAE), do Minist\u00e9rio da Economia e do Mar, \u00e9 a autoridade p\u00fablica que concede a permiss\u00e3o administrativa para a atividade prestamista em Portugal. Esta consiste na atividade de m\u00fatuo garantido por penhor. O acesso e exerc\u00edcio desta atividade encontra-se sujeito a um pedido de autoriza\u00e7\u00e3o, de acordo com o regime jur\u00eddico do Decreto-Lei n.\u00ba 160\/2015, de 11 de agosto.<\/p>\n\n\n\n<p><\/p>\n\n\n\n<p>Com este regime procurou-se garantir o cumprimento de diversos elementos do neg\u00f3cio, com particular destaque para o limite na taxa de juro praticada, rigor na avalia\u00e7\u00e3o dos bens dados em penhor, clarifica\u00e7\u00e3o do processo de venda dos bens n\u00e3o reclamados e destino dos remanescentes.<\/p>\n\n\n\n<p><\/p>\n\n\n\n<p>A DGAE verifica previamente os requisitos de acesso \u00e0 atividade, ou seja, a idoneidade da empresa prestamista e a contratualiza\u00e7\u00e3o de um seguro obrigat\u00f3rio no valor de \u20ac 100.000,00, sem o qual o operador econ\u00f3mico n\u00e3o pode iniciar a atividade. Este seguro deve ser atualizado em cada ano civil e os prestamistas devem comprovar \u00e0 DGAE, anualmente, a renova\u00e7\u00e3o do mesmo.<\/p>\n\n\n\n<p><\/p>\n\n\n\n<p>A falta superveniente de idoneidade implica a caducidade do t\u00edtulo de autoriza\u00e7\u00e3o, tal como a n\u00e3o renova\u00e7\u00e3o do seguro. Este seguro de responsabilidade civil obrigat\u00f3rio destina-se a transferir a responsabilidade para uma empresa de seguros em caso de perda, extravio, furto, roubo ou inc\u00eandio dos bens dados em penhor. Estes podem ser resgatados, mediante o pagamento pr\u00e9vio do capital em d\u00edvida e dos juros vencidos. Em caso de mora por per\u00edodo superior a tr\u00eas meses, o bem dado em penhor pode ser vendido em leil\u00e3o ou por venda direta a entidades que, por determina\u00e7\u00e3o legal, tenham direito a adquirir determinados bens.<\/p>\n\n\n\n<p><\/p>\n\n\n\n<p>A taxa de juro remunerat\u00f3ria a cobrar na atividade prestamista n\u00e3o pode exceder, em cada ano civil, 85% do valor m\u00e1ximo da taxa anual de encargos efetiva global (TAEG), aplic\u00e1vel aos cart\u00f5es de cr\u00e9dito, destinada a vigorar no 1.\u00ba trimestre de cada ano civil, de acordo com a informa\u00e7\u00e3o divulgada pelo Banco de Portugal ao abrigo de legisla\u00e7\u00e3o pr\u00f3pria.<\/p>\n\n\n\n<p><\/p>\n\n\n\n<p>Encontram-se atualmente a operar no mercado 35 empresas prestamistas num total de 114 estabelecimentos distribu\u00eddos por todo o pa\u00eds. A fiscaliza\u00e7\u00e3o \u00e9 da compet\u00eancia da ASAE.<\/p>\n\n\n\n<p><\/p>\n\n\n\n<p>A atividade prestamista oferece, assim, de uma forma relativamente simples, r\u00e1pida e flex\u00edvel, o acesso a financiamento aos consumidores, podendo constituir uma alternativa \u00e0s formas tradicionais de acesso ao cr\u00e9dito, com a vantagem de o mutu\u00e1rio poder resgatar os bens dados em penhor e de a taxa de juro aplic\u00e1vel ser inferior \u00e0 taxa aplic\u00e1vel aos cart\u00f5es de cr\u00e9dito.<\/p>\n\n\n\n<p><\/p>\n\n\n\n<p class=\"has-text-align-right\">Fernanda Ferreira Dias, Diretora Geral da DGAE<\/p>\n\n\n\n<p><\/p>\n\n\n<div class=\"wp-block-image\">\n<figure class=\"aligncenter size-large is-resized\"><img loading=\"lazy\" decoding=\"async\" width=\"1024\" height=\"585\" src=\"https:\/\/maismagazine.pt\/wp-content\/uploads\/2023\/12\/dgae_logo_A5_cor_cmyk-1024x585.png\" alt=\"\" class=\"wp-image-8502\" style=\"aspect-ratio:1.7503526093088857;width:338px;height:auto\" srcset=\"http:\/\/maismagazine.pt\/wp-content\/uploads\/2023\/12\/dgae_logo_A5_cor_cmyk-1024x585.png 1024w, http:\/\/maismagazine.pt\/wp-content\/uploads\/2023\/12\/dgae_logo_A5_cor_cmyk-300x171.png 300w, http:\/\/maismagazine.pt\/wp-content\/uploads\/2023\/12\/dgae_logo_A5_cor_cmyk-768x439.png 768w, http:\/\/maismagazine.pt\/wp-content\/uploads\/2023\/12\/dgae_logo_A5_cor_cmyk-1536x878.png 1536w, http:\/\/maismagazine.pt\/wp-content\/uploads\/2023\/12\/dgae_logo_A5_cor_cmyk-2048x1170.png 2048w\" sizes=\"auto, (max-width: 1024px) 100vw, 1024px\" \/><\/figure><\/div>","protected":false},"excerpt":{"rendered":"<p>A Dire\u00e7\u00e3o-Geral das Atividades Econ\u00f3micas (DGAE), do Minist\u00e9rio da Economia e do Mar, \u00e9 a autoridade p\u00fablica que concede a permiss\u00e3o administrativa para a atividade prestamista em Portugal. Esta consiste na atividade de m\u00fatuo garantido por penhor. O acesso e exerc\u00edcio desta atividade encontra-se sujeito a um pedido de autoriza\u00e7\u00e3o,&hellip;<\/p>\n","protected":false},"author":18,"featured_media":8503,"comment_status":"closed","ping_status":"open","sticky":false,"template":"","format":"standard","meta":{"advgb_blocks_editor_width":"","advgb_blocks_columns_visual_guide":"","_monsterinsights_skip_tracking":false,"_monsterinsights_sitenote_active":false,"_monsterinsights_sitenote_note":"","_monsterinsights_sitenote_category":0,"footnotes":""},"categories":[52,51],"tags":[1792,1794],"class_list":["post-8498","post","type-post","status-publish","format-standard","has-post-thumbnail","hentry","category-destaque","category-opiniao","tag-atividade-prestamista","tag-dgae"],"yoast_head":"<!-- This site is optimized with the Yoast SEO plugin v24.4 - https:\/\/yoast.com\/wordpress\/plugins\/seo\/ -->\n<title>Artigo de opini\u00e3o - Fernanda Ferreira Dias - Mais Magazine<\/title>\n<meta name=\"robots\" content=\"index, follow, max-snippet:-1, max-image-preview:large, max-video-preview:-1\" \/>\n<link rel=\"canonical\" href=\"https:\/\/maismagazine.pt\/index.php\/2023\/12\/22\/artigo-de-opiniao-fernanda-ferreira-dias\/\" \/>\n<meta property=\"og:locale\" content=\"pt_PT\" \/>\n<meta property=\"og:type\" content=\"article\" \/>\n<meta property=\"og:title\" content=\"Artigo de opini\u00e3o - Fernanda Ferreira Dias - Mais Magazine\" \/>\n<meta property=\"og:description\" content=\"A Dire\u00e7\u00e3o-Geral das Atividades Econ\u00f3micas (DGAE), do Minist\u00e9rio da Economia e do Mar, \u00e9 a autoridade p\u00fablica que concede a permiss\u00e3o administrativa para a atividade prestamista em Portugal. Esta consiste na atividade de m\u00fatuo garantido por penhor. O acesso e exerc\u00edcio desta atividade encontra-se sujeito a um pedido de autoriza\u00e7\u00e3o,&hellip;\" \/>\n<meta property=\"og:url\" content=\"https:\/\/maismagazine.pt\/index.php\/2023\/12\/22\/artigo-de-opiniao-fernanda-ferreira-dias\/\" \/>\n<meta property=\"og:site_name\" content=\"Mais Magazine\" \/>\n<meta property=\"article:published_time\" content=\"2023-12-22T07:00:00+00:00\" \/>\n<meta property=\"og:image\" content=\"https:\/\/maismagazine.pt\/wp-content\/uploads\/2023\/12\/Fernanda-Ferreira-Dias-1-scaled.jpg\" \/>\n\t<meta property=\"og:image:width\" content=\"1696\" \/>\n\t<meta property=\"og:image:height\" content=\"2560\" \/>\n\t<meta property=\"og:image:type\" content=\"image\/jpeg\" \/>\n<meta name=\"author\" content=\"Tatiana Martins\" \/>\n<meta name=\"twitter:card\" content=\"summary_large_image\" \/>\n<meta name=\"twitter:label1\" content=\"Escrito por\" \/>\n\t<meta name=\"twitter:data1\" content=\"\" \/>\n\t<meta name=\"twitter:label2\" content=\"Tempo estimado de leitura\" \/>\n\t<meta name=\"twitter:data2\" content=\"3 minutos\" \/>\n<script type=\"application\/ld+json\" class=\"yoast-schema-graph\">{\"@context\":\"https:\/\/schema.org\",\"@graph\":[{\"@type\":\"Article\",\"@id\":\"https:\/\/maismagazine.pt\/index.php\/2023\/12\/22\/artigo-de-opiniao-fernanda-ferreira-dias\/#article\",\"isPartOf\":{\"@id\":\"https:\/\/maismagazine.pt\/index.php\/2023\/12\/22\/artigo-de-opiniao-fernanda-ferreira-dias\/\"},\"author\":{\"name\":\"Tatiana Martins\",\"@id\":\"https:\/\/maismagazine.pt\/#\/schema\/person\/7426e2caeb8df32a1b56aa48dae778c9\"},\"headline\":\"Artigo de opini\u00e3o &#8211; Fernanda Ferreira Dias\",\"datePublished\":\"2023-12-22T07:00:00+00:00\",\"mainEntityOfPage\":{\"@id\":\"https:\/\/maismagazine.pt\/index.php\/2023\/12\/22\/artigo-de-opiniao-fernanda-ferreira-dias\/\"},\"wordCount\":467,\"publisher\":{\"@id\":\"https:\/\/maismagazine.pt\/#organization\"},\"image\":{\"@id\":\"https:\/\/maismagazine.pt\/index.php\/2023\/12\/22\/artigo-de-opiniao-fernanda-ferreira-dias\/#primaryimage\"},\"thumbnailUrl\":\"http:\/\/maismagazine.pt\/wp-content\/uploads\/2023\/12\/Fernanda-Ferreira-Dias-1-scaled.jpg\",\"keywords\":[\"Atividade prestamista\",\"DGAE\"],\"articleSection\":[\"Destaque lateral\",\"Opini\u00e3o\"],\"inLanguage\":\"pt-PT\"},{\"@type\":\"WebPage\",\"@id\":\"https:\/\/maismagazine.pt\/index.php\/2023\/12\/22\/artigo-de-opiniao-fernanda-ferreira-dias\/\",\"url\":\"https:\/\/maismagazine.pt\/index.php\/2023\/12\/22\/artigo-de-opiniao-fernanda-ferreira-dias\/\",\"name\":\"Artigo de opini\u00e3o - Fernanda Ferreira Dias - Mais Magazine\",\"isPartOf\":{\"@id\":\"https:\/\/maismagazine.pt\/#website\"},\"primaryImageOfPage\":{\"@id\":\"https:\/\/maismagazine.pt\/index.php\/2023\/12\/22\/artigo-de-opiniao-fernanda-ferreira-dias\/#primaryimage\"},\"image\":{\"@id\":\"https:\/\/maismagazine.pt\/index.php\/2023\/12\/22\/artigo-de-opiniao-fernanda-ferreira-dias\/#primaryimage\"},\"thumbnailUrl\":\"http:\/\/maismagazine.pt\/wp-content\/uploads\/2023\/12\/Fernanda-Ferreira-Dias-1-scaled.jpg\",\"datePublished\":\"2023-12-22T07:00:00+00:00\",\"breadcrumb\":{\"@id\":\"https:\/\/maismagazine.pt\/index.php\/2023\/12\/22\/artigo-de-opiniao-fernanda-ferreira-dias\/#breadcrumb\"},\"inLanguage\":\"pt-PT\",\"potentialAction\":[{\"@type\":\"ReadAction\",\"target\":[\"https:\/\/maismagazine.pt\/index.php\/2023\/12\/22\/artigo-de-opiniao-fernanda-ferreira-dias\/\"]}]},{\"@type\":\"ImageObject\",\"inLanguage\":\"pt-PT\",\"@id\":\"https:\/\/maismagazine.pt\/index.php\/2023\/12\/22\/artigo-de-opiniao-fernanda-ferreira-dias\/#primaryimage\",\"url\":\"http:\/\/maismagazine.pt\/wp-content\/uploads\/2023\/12\/Fernanda-Ferreira-Dias-1-scaled.jpg\",\"contentUrl\":\"http:\/\/maismagazine.pt\/wp-content\/uploads\/2023\/12\/Fernanda-Ferreira-Dias-1-scaled.jpg\",\"width\":1696,\"height\":2560},{\"@type\":\"BreadcrumbList\",\"@id\":\"https:\/\/maismagazine.pt\/index.php\/2023\/12\/22\/artigo-de-opiniao-fernanda-ferreira-dias\/#breadcrumb\",\"itemListElement\":[{\"@type\":\"ListItem\",\"position\":1,\"name\":\"Home\",\"item\":\"https:\/\/maismagazine.pt\/\"},{\"@type\":\"ListItem\",\"position\":2,\"name\":\"Artigo de opini\u00e3o &#8211; Fernanda Ferreira Dias\"}]},{\"@type\":\"WebSite\",\"@id\":\"https:\/\/maismagazine.pt\/#website\",\"url\":\"https:\/\/maismagazine.pt\/\",\"name\":\"Mais Magazine\",\"description\":\"\",\"publisher\":{\"@id\":\"https:\/\/maismagazine.pt\/#organization\"},\"potentialAction\":[{\"@type\":\"SearchAction\",\"target\":{\"@type\":\"EntryPoint\",\"urlTemplate\":\"https:\/\/maismagazine.pt\/?s={search_term_string}\"},\"query-input\":{\"@type\":\"PropertyValueSpecification\",\"valueRequired\":true,\"valueName\":\"search_term_string\"}}],\"inLanguage\":\"pt-PT\"},{\"@type\":\"Organization\",\"@id\":\"https:\/\/maismagazine.pt\/#organization\",\"name\":\"Mais Magazine\",\"url\":\"https:\/\/maismagazine.pt\/\",\"logo\":{\"@type\":\"ImageObject\",\"inLanguage\":\"pt-PT\",\"@id\":\"https:\/\/maismagazine.pt\/#\/schema\/logo\/image\/\",\"url\":\"http:\/\/maismagazine.pt\/wp-content\/uploads\/2020\/04\/cropped-cropped-mais-magazine-site-logo-2.png\",\"contentUrl\":\"http:\/\/maismagazine.pt\/wp-content\/uploads\/2020\/04\/cropped-cropped-mais-magazine-site-logo-2.png\",\"width\":581,\"height\":90,\"caption\":\"Mais Magazine\"},\"image\":{\"@id\":\"https:\/\/maismagazine.pt\/#\/schema\/logo\/image\/\"}},{\"@type\":\"Person\",\"@id\":\"https:\/\/maismagazine.pt\/#\/schema\/person\/7426e2caeb8df32a1b56aa48dae778c9\",\"name\":\"Tatiana Martins\",\"image\":{\"@type\":\"ImageObject\",\"inLanguage\":\"pt-PT\",\"@id\":\"https:\/\/maismagazine.pt\/#\/schema\/person\/image\/\",\"url\":\"https:\/\/secure.gravatar.com\/avatar\/4b24a57f5d0425f2eb20981c4b53244e?s=96&d=mm&r=g\",\"contentUrl\":\"https:\/\/secure.gravatar.com\/avatar\/4b24a57f5d0425f2eb20981c4b53244e?s=96&d=mm&r=g\",\"caption\":\"Tatiana Martins\"},\"url\":\"http:\/\/maismagazine.pt\/index.php\/author\/tatiana\/\"}]}<\/script>\n<!-- \/ Yoast SEO plugin. -->","yoast_head_json":{"title":"Artigo de opini\u00e3o - Fernanda Ferreira Dias - Mais Magazine","robots":{"index":"index","follow":"follow","max-snippet":"max-snippet:-1","max-image-preview":"max-image-preview:large","max-video-preview":"max-video-preview:-1"},"canonical":"https:\/\/maismagazine.pt\/index.php\/2023\/12\/22\/artigo-de-opiniao-fernanda-ferreira-dias\/","og_locale":"pt_PT","og_type":"article","og_title":"Artigo de opini\u00e3o - Fernanda Ferreira Dias - Mais Magazine","og_description":"A Dire\u00e7\u00e3o-Geral das Atividades Econ\u00f3micas (DGAE), do Minist\u00e9rio da Economia e do Mar, \u00e9 a autoridade p\u00fablica que concede a permiss\u00e3o administrativa para a atividade prestamista em Portugal. Esta consiste na atividade de m\u00fatuo garantido por penhor. O acesso e exerc\u00edcio desta atividade encontra-se sujeito a um pedido de autoriza\u00e7\u00e3o,&hellip;","og_url":"https:\/\/maismagazine.pt\/index.php\/2023\/12\/22\/artigo-de-opiniao-fernanda-ferreira-dias\/","og_site_name":"Mais Magazine","article_published_time":"2023-12-22T07:00:00+00:00","og_image":[{"width":1696,"height":2560,"url":"https:\/\/maismagazine.pt\/wp-content\/uploads\/2023\/12\/Fernanda-Ferreira-Dias-1-scaled.jpg","type":"image\/jpeg"}],"author":"Tatiana Martins","twitter_card":"summary_large_image","twitter_misc":{"Escrito por":false,"Tempo estimado de leitura":"3 minutos"},"schema":{"@context":"https:\/\/schema.org","@graph":[{"@type":"Article","@id":"https:\/\/maismagazine.pt\/index.php\/2023\/12\/22\/artigo-de-opiniao-fernanda-ferreira-dias\/#article","isPartOf":{"@id":"https:\/\/maismagazine.pt\/index.php\/2023\/12\/22\/artigo-de-opiniao-fernanda-ferreira-dias\/"},"author":{"name":"Tatiana Martins","@id":"https:\/\/maismagazine.pt\/#\/schema\/person\/7426e2caeb8df32a1b56aa48dae778c9"},"headline":"Artigo de opini\u00e3o &#8211; Fernanda Ferreira Dias","datePublished":"2023-12-22T07:00:00+00:00","mainEntityOfPage":{"@id":"https:\/\/maismagazine.pt\/index.php\/2023\/12\/22\/artigo-de-opiniao-fernanda-ferreira-dias\/"},"wordCount":467,"publisher":{"@id":"https:\/\/maismagazine.pt\/#organization"},"image":{"@id":"https:\/\/maismagazine.pt\/index.php\/2023\/12\/22\/artigo-de-opiniao-fernanda-ferreira-dias\/#primaryimage"},"thumbnailUrl":"http:\/\/maismagazine.pt\/wp-content\/uploads\/2023\/12\/Fernanda-Ferreira-Dias-1-scaled.jpg","keywords":["Atividade prestamista","DGAE"],"articleSection":["Destaque lateral","Opini\u00e3o"],"inLanguage":"pt-PT"},{"@type":"WebPage","@id":"https:\/\/maismagazine.pt\/index.php\/2023\/12\/22\/artigo-de-opiniao-fernanda-ferreira-dias\/","url":"https:\/\/maismagazine.pt\/index.php\/2023\/12\/22\/artigo-de-opiniao-fernanda-ferreira-dias\/","name":"Artigo de opini\u00e3o - Fernanda Ferreira Dias - Mais Magazine","isPartOf":{"@id":"https:\/\/maismagazine.pt\/#website"},"primaryImageOfPage":{"@id":"https:\/\/maismagazine.pt\/index.php\/2023\/12\/22\/artigo-de-opiniao-fernanda-ferreira-dias\/#primaryimage"},"image":{"@id":"https:\/\/maismagazine.pt\/index.php\/2023\/12\/22\/artigo-de-opiniao-fernanda-ferreira-dias\/#primaryimage"},"thumbnailUrl":"http:\/\/maismagazine.pt\/wp-content\/uploads\/2023\/12\/Fernanda-Ferreira-Dias-1-scaled.jpg","datePublished":"2023-12-22T07:00:00+00:00","breadcrumb":{"@id":"https:\/\/maismagazine.pt\/index.php\/2023\/12\/22\/artigo-de-opiniao-fernanda-ferreira-dias\/#breadcrumb"},"inLanguage":"pt-PT","potentialAction":[{"@type":"ReadAction","target":["https:\/\/maismagazine.pt\/index.php\/2023\/12\/22\/artigo-de-opiniao-fernanda-ferreira-dias\/"]}]},{"@type":"ImageObject","inLanguage":"pt-PT","@id":"https:\/\/maismagazine.pt\/index.php\/2023\/12\/22\/artigo-de-opiniao-fernanda-ferreira-dias\/#primaryimage","url":"http:\/\/maismagazine.pt\/wp-content\/uploads\/2023\/12\/Fernanda-Ferreira-Dias-1-scaled.jpg","contentUrl":"http:\/\/maismagazine.pt\/wp-content\/uploads\/2023\/12\/Fernanda-Ferreira-Dias-1-scaled.jpg","width":1696,"height":2560},{"@type":"BreadcrumbList","@id":"https:\/\/maismagazine.pt\/index.php\/2023\/12\/22\/artigo-de-opiniao-fernanda-ferreira-dias\/#breadcrumb","itemListElement":[{"@type":"ListItem","position":1,"name":"Home","item":"https:\/\/maismagazine.pt\/"},{"@type":"ListItem","position":2,"name":"Artigo de opini\u00e3o &#8211; Fernanda Ferreira Dias"}]},{"@type":"WebSite","@id":"https:\/\/maismagazine.pt\/#website","url":"https:\/\/maismagazine.pt\/","name":"Mais Magazine","description":"","publisher":{"@id":"https:\/\/maismagazine.pt\/#organization"},"potentialAction":[{"@type":"SearchAction","target":{"@type":"EntryPoint","urlTemplate":"https:\/\/maismagazine.pt\/?s={search_term_string}"},"query-input":{"@type":"PropertyValueSpecification","valueRequired":true,"valueName":"search_term_string"}}],"inLanguage":"pt-PT"},{"@type":"Organization","@id":"https:\/\/maismagazine.pt\/#organization","name":"Mais Magazine","url":"https:\/\/maismagazine.pt\/","logo":{"@type":"ImageObject","inLanguage":"pt-PT","@id":"https:\/\/maismagazine.pt\/#\/schema\/logo\/image\/","url":"http:\/\/maismagazine.pt\/wp-content\/uploads\/2020\/04\/cropped-cropped-mais-magazine-site-logo-2.png","contentUrl":"http:\/\/maismagazine.pt\/wp-content\/uploads\/2020\/04\/cropped-cropped-mais-magazine-site-logo-2.png","width":581,"height":90,"caption":"Mais Magazine"},"image":{"@id":"https:\/\/maismagazine.pt\/#\/schema\/logo\/image\/"}},{"@type":"Person","@id":"https:\/\/maismagazine.pt\/#\/schema\/person\/7426e2caeb8df32a1b56aa48dae778c9","name":"Tatiana Martins","image":{"@type":"ImageObject","inLanguage":"pt-PT","@id":"https:\/\/maismagazine.pt\/#\/schema\/person\/image\/","url":"https:\/\/secure.gravatar.com\/avatar\/4b24a57f5d0425f2eb20981c4b53244e?s=96&d=mm&r=g","contentUrl":"https:\/\/secure.gravatar.com\/avatar\/4b24a57f5d0425f2eb20981c4b53244e?s=96&d=mm&r=g","caption":"Tatiana Martins"},"url":"http:\/\/maismagazine.pt\/index.php\/author\/tatiana\/"}]}},"author_meta":{"display_name":false,"author_link":"http:\/\/maismagazine.pt\/index.php\/author\/tatiana\/"},"featured_img":"http:\/\/maismagazine.pt\/wp-content\/uploads\/2023\/12\/Fernanda-Ferreira-Dias-1-199x300.jpg","coauthors":[],"tax_additional":{"categories":{"linked":["<a href=\"http:\/\/maismagazine.pt\/index.php\/category\/destaque\/\" class=\"advgb-post-tax-term\">Destaque lateral<\/a>","<a href=\"http:\/\/maismagazine.pt\/index.php\/category\/noticias\/opiniao\/\" class=\"advgb-post-tax-term\">Opini\u00e3o<\/a>"],"unlinked":["<span class=\"advgb-post-tax-term\">Destaque lateral<\/span>","<span class=\"advgb-post-tax-term\">Opini\u00e3o<\/span>"]},"tags":{"linked":["<a href=\"http:\/\/maismagazine.pt\/index.php\/category\/noticias\/opiniao\/\" class=\"advgb-post-tax-term\">Atividade prestamista<\/a>","<a href=\"http:\/\/maismagazine.pt\/index.php\/category\/noticias\/opiniao\/\" class=\"advgb-post-tax-term\">DGAE<\/a>"],"unlinked":["<span class=\"advgb-post-tax-term\">Atividade prestamista<\/span>","<span class=\"advgb-post-tax-term\">DGAE<\/span>"]}},"comment_count":"0","relative_dates":{"created":"Posted 2 anos ago","modified":"Updated 2 anos ago"},"absolute_dates":{"created":"Posted on 22 de Dezembro, 2023","modified":"Updated on 18 de Dezembro, 2023"},"absolute_dates_time":{"created":"Posted on 22 de Dezembro, 2023 7:00","modified":"Updated on 18 de Dezembro, 2023 14:40"},"featured_img_caption":"","series_order":"","_links":{"self":[{"href":"http:\/\/maismagazine.pt\/index.php\/wp-json\/wp\/v2\/posts\/8498","targetHints":{"allow":["GET"]}}],"collection":[{"href":"http:\/\/maismagazine.pt\/index.php\/wp-json\/wp\/v2\/posts"}],"about":[{"href":"http:\/\/maismagazine.pt\/index.php\/wp-json\/wp\/v2\/types\/post"}],"author":[{"embeddable":true,"href":"http:\/\/maismagazine.pt\/index.php\/wp-json\/wp\/v2\/users\/18"}],"replies":[{"embeddable":true,"href":"http:\/\/maismagazine.pt\/index.php\/wp-json\/wp\/v2\/comments?post=8498"}],"version-history":[{"count":1,"href":"http:\/\/maismagazine.pt\/index.php\/wp-json\/wp\/v2\/posts\/8498\/revisions"}],"predecessor-version":[{"id":8504,"href":"http:\/\/maismagazine.pt\/index.php\/wp-json\/wp\/v2\/posts\/8498\/revisions\/8504"}],"wp:featuredmedia":[{"embeddable":true,"href":"http:\/\/maismagazine.pt\/index.php\/wp-json\/wp\/v2\/media\/8503"}],"wp:attachment":[{"href":"http:\/\/maismagazine.pt\/index.php\/wp-json\/wp\/v2\/media?parent=8498"}],"wp:term":[{"taxonomy":"category","embeddable":true,"href":"http:\/\/maismagazine.pt\/index.php\/wp-json\/wp\/v2\/categories?post=8498"},{"taxonomy":"post_tag","embeddable":true,"href":"http:\/\/maismagazine.pt\/index.php\/wp-json\/wp\/v2\/tags?post=8498"}],"curies":[{"name":"wp","href":"https:\/\/api.w.org\/{rel}","templated":true}]}}