{"id":8409,"date":"2023-11-14T11:20:56","date_gmt":"2023-11-14T11:20:56","guid":{"rendered":"https:\/\/maismagazine.pt\/?p=8409"},"modified":"2023-11-14T11:20:57","modified_gmt":"2023-11-14T11:20:57","slug":"escola-do-porto-da-faculdade-de-direito-organiza-evento-de-empregabilidade","status":"publish","type":"post","link":"http:\/\/maismagazine.pt\/index.php\/2023\/11\/14\/escola-do-porto-da-faculdade-de-direito-organiza-evento-de-empregabilidade\/","title":{"rendered":"Escola do Porto da Faculdade de Direito organiza evento de empregabilidade"},"content":{"rendered":"\n<p><strong>Mais de 28 empresas e sociedades de advogados v\u00e3o marcar presen\u00e7a na edi\u00e7\u00e3o deste ano da feira de empregabilidade da Escola do Porto da Faculdade de Direito da Universidade Cat\u00f3lica Portuguesa, para partilhar as grandes tend\u00eancias no mundo do Direito. Um evento que se realiza j\u00e1 a 14 de novembro, no campus Porto da Universidade Cat\u00f3lica Portuguesa.<\/strong><\/p>\n\n\n\n<p><\/p>\n\n\n\n<p>\u201c<strong>O RUMO Especial Advocacia \u00e9 uma oportunidade de aproximar os nossos alunos e antigos alunos ao panorama atual de recrutamento na \u00e1rea jur\u00eddica<\/strong>,\u201d salienta Manuel Fontaine, diretor da Escola do Porto da Faculdade de Direito da Universidade Cat\u00f3lica Portuguesa.<\/p>\n\n\n\n<p><\/p>\n\n\n\n<p>Ao longo de todo o dia, no RUMO \u2013 especial Advocacia 2023 os alunos e antigos alunos v\u00e3o ter a oportunidade de conhecer o dia-a-dia da organiza\u00e7\u00e3o e perceber o seu funcionamento; explorar fun\u00e7\u00f5es e oportunidades de carreira; identificar oportunidades diferenciadoras (nacionais e internacionais); conhecer programas de est\u00e1gios existentes; e saber quais s\u00e3o os perfis profissionais procurados pelo mercado. Est\u00e1 confirmada a presen\u00e7a de Sociedades e Escrit\u00f3rios de Advogados que pretendem conhecer os estudantes e alumni, mas tamb\u00e9m partilhar conhecimento sobre as grandes tend\u00eancias no mundo do Direito, nomeadamente: Abreu &amp; Associados; AdC ADVOGADOS; Andreia Lima Carneiro &amp; Associados, Sociedade de Advogados; Antas da Cunha Ecija &amp; Associados; Cavaleiro &amp; Associados; CCR Legal; Cerejeira Namora, Marinho Falc\u00e3o; CMS Rui Pena &amp; Arnaut; Cuatrecasas, Gon\u00e7alves Pereira; Dower; Eversheds Sutherland FCB; Garrigues; Linklaters LLP; Miranda &amp; Associados; Morais Leit\u00e3o, Galv\u00e3o Teles, Soares da Silva; NFS Advogados; Pacheco de Amorim, Miranda Blom &amp; Associados; P\u00e9rez-Llorca; Pinto Ribeiro Advogados; PLMJ \u2013 Sociedade de Advogados; PRA &#8211; Raposo, S\u00e1 Miranda e Associados; RBMS &#8211; Rodrigues Bastos, Magalh\u00e3es e Silva &amp; Associados; SRS Legal &#8211; Sociedade Rebelo de Sousa &amp; Advogados Associados; TELLES; Ur\u00eda Men\u00e9ndez-Proen\u00e7a de Carvalho; Vieira de Almeida &amp; Associados; Vieira Rocha Advogados; Yolanda Busse, Oehen Mendes &amp; Associados. Durante o evento, os estudantes poder\u00e3o participar na \u201cHora do S\u00f3cio\u201d, o que lhes permitir\u00e1 contactar diretamente com quem os poder\u00e1 recrutar e liderar no dia a dia. <\/p>\n\n\n\n<p><\/p>\n\n\n\n<p>A 15 de novembro, a Universidade Cat\u00f3lica Portuguesa, no Porto, organiza o RUMO \u2013 evento de empregabilidade, que se realiza h\u00e1 13 anos, congregando empresas e estudantes das diferentes \u00e1reas de forma\u00e7\u00e3o da Universidade, no campus do Porto da Universidade Cat\u00f3lica Portuguesa. Este ano est\u00e1 confirmada a presen\u00e7a de mais de 55 empresas.<\/p>\n","protected":false},"excerpt":{"rendered":"<p>Mais de 28 empresas e sociedades de advogados v\u00e3o marcar presen\u00e7a na edi\u00e7\u00e3o deste ano da feira de empregabilidade da Escola do Porto da Faculdade de Direito da Universidade Cat\u00f3lica Portuguesa, para partilhar as grandes tend\u00eancias no mundo do Direito. Um evento que se realiza j\u00e1 a 14 de novembro,&hellip;<\/p>\n","protected":false},"author":18,"featured_media":8410,"comment_status":"closed","ping_status":"open","sticky":false,"template":"","format":"standard","meta":{"advgb_blocks_editor_width":"","advgb_blocks_columns_visual_guide":"","_monsterinsights_skip_tracking":false,"_monsterinsights_sitenote_active":false,"_monsterinsights_sitenote_note":"","_monsterinsights_sitenote_category":0,"footnotes":""},"categories":[7],"tags":[1777,1779,1778,1781,1780],"class_list":["post-8409","post","type-post","status-publish","format-standard","has-post-thumbnail","hentry","category-noticias","tag-empregabilidade","tag-escola-do-porto","tag-faculdade-de-direito","tag-rumo-especial-advocacia","tag-universidade-catolica-portuguesa"],"yoast_head":"<!-- This site is optimized with the Yoast SEO plugin v24.4 - https:\/\/yoast.com\/wordpress\/plugins\/seo\/ -->\n<title>Escola do Porto da Faculdade de Direito organiza evento de empregabilidade - Mais Magazine<\/title>\n<meta name=\"robots\" content=\"index, follow, max-snippet:-1, max-image-preview:large, max-video-preview:-1\" \/>\n<link rel=\"canonical\" href=\"http:\/\/maismagazine.pt\/index.php\/2023\/11\/14\/escola-do-porto-da-faculdade-de-direito-organiza-evento-de-empregabilidade\/\" \/>\n<meta property=\"og:locale\" content=\"pt_PT\" \/>\n<meta property=\"og:type\" content=\"article\" \/>\n<meta property=\"og:title\" content=\"Escola do Porto da Faculdade de Direito organiza evento de empregabilidade - Mais Magazine\" \/>\n<meta property=\"og:description\" content=\"Mais de 28 empresas e sociedades de advogados v\u00e3o marcar presen\u00e7a na edi\u00e7\u00e3o deste ano da feira de empregabilidade da Escola do Porto da Faculdade de Direito da Universidade Cat\u00f3lica Portuguesa, para partilhar as grandes tend\u00eancias no mundo do Direito. Um evento que se realiza j\u00e1 a 14 de novembro,&hellip;\" \/>\n<meta property=\"og:url\" content=\"http:\/\/maismagazine.pt\/index.php\/2023\/11\/14\/escola-do-porto-da-faculdade-de-direito-organiza-evento-de-empregabilidade\/\" \/>\n<meta property=\"og:site_name\" content=\"Mais Magazine\" \/>\n<meta property=\"article:published_time\" content=\"2023-11-14T11:20:56+00:00\" \/>\n<meta property=\"article:modified_time\" content=\"2023-11-14T11:20:57+00:00\" \/>\n<meta property=\"og:image\" content=\"http:\/\/maismagazine.pt\/wp-content\/uploads\/2023\/11\/RUMO-Advocacia.gif\" \/>\n\t<meta property=\"og:image:width\" content=\"763\" \/>\n\t<meta property=\"og:image:height\" content=\"430\" \/>\n\t<meta property=\"og:image:type\" content=\"image\/gif\" \/>\n<meta name=\"author\" content=\"Tatiana Martins\" \/>\n<meta name=\"twitter:card\" content=\"summary_large_image\" \/>\n<meta name=\"twitter:label1\" content=\"Escrito por\" \/>\n\t<meta name=\"twitter:data1\" content=\"\" \/>\n\t<meta name=\"twitter:label2\" content=\"Tempo estimado de leitura\" \/>\n\t<meta name=\"twitter:data2\" content=\"3 minutos\" \/>\n<script type=\"application\/ld+json\" class=\"yoast-schema-graph\">{\"@context\":\"https:\/\/schema.org\",\"@graph\":[{\"@type\":\"Article\",\"@id\":\"http:\/\/maismagazine.pt\/index.php\/2023\/11\/14\/escola-do-porto-da-faculdade-de-direito-organiza-evento-de-empregabilidade\/#article\",\"isPartOf\":{\"@id\":\"http:\/\/maismagazine.pt\/index.php\/2023\/11\/14\/escola-do-porto-da-faculdade-de-direito-organiza-evento-de-empregabilidade\/\"},\"author\":{\"name\":\"Tatiana Martins\",\"@id\":\"http:\/\/maismagazine.pt\/#\/schema\/person\/7426e2caeb8df32a1b56aa48dae778c9\"},\"headline\":\"Escola do Porto da Faculdade de Direito organiza evento de empregabilidade\",\"datePublished\":\"2023-11-14T11:20:56+00:00\",\"dateModified\":\"2023-11-14T11:20:57+00:00\",\"mainEntityOfPage\":{\"@id\":\"http:\/\/maismagazine.pt\/index.php\/2023\/11\/14\/escola-do-porto-da-faculdade-de-direito-organiza-evento-de-empregabilidade\/\"},\"wordCount\":415,\"publisher\":{\"@id\":\"http:\/\/maismagazine.pt\/#organization\"},\"image\":{\"@id\":\"http:\/\/maismagazine.pt\/index.php\/2023\/11\/14\/escola-do-porto-da-faculdade-de-direito-organiza-evento-de-empregabilidade\/#primaryimage\"},\"thumbnailUrl\":\"http:\/\/maismagazine.pt\/wp-content\/uploads\/2023\/11\/RUMO-Advocacia.gif\",\"keywords\":[\"Empregabilidade\",\"Escola do Porto\",\"Faculdade de Direito\",\"RUMO Especial Advocacia\",\"Universidade Cat\u00f3lica Portuguesa\"],\"articleSection\":[\"Not\u00edcias\"],\"inLanguage\":\"pt-PT\"},{\"@type\":\"WebPage\",\"@id\":\"http:\/\/maismagazine.pt\/index.php\/2023\/11\/14\/escola-do-porto-da-faculdade-de-direito-organiza-evento-de-empregabilidade\/\",\"url\":\"http:\/\/maismagazine.pt\/index.php\/2023\/11\/14\/escola-do-porto-da-faculdade-de-direito-organiza-evento-de-empregabilidade\/\",\"name\":\"Escola do Porto da Faculdade de Direito organiza evento de empregabilidade - Mais Magazine\",\"isPartOf\":{\"@id\":\"http:\/\/maismagazine.pt\/#website\"},\"primaryImageOfPage\":{\"@id\":\"http:\/\/maismagazine.pt\/index.php\/2023\/11\/14\/escola-do-porto-da-faculdade-de-direito-organiza-evento-de-empregabilidade\/#primaryimage\"},\"image\":{\"@id\":\"http:\/\/maismagazine.pt\/index.php\/2023\/11\/14\/escola-do-porto-da-faculdade-de-direito-organiza-evento-de-empregabilidade\/#primaryimage\"},\"thumbnailUrl\":\"http:\/\/maismagazine.pt\/wp-content\/uploads\/2023\/11\/RUMO-Advocacia.gif\",\"datePublished\":\"2023-11-14T11:20:56+00:00\",\"dateModified\":\"2023-11-14T11:20:57+00:00\",\"breadcrumb\":{\"@id\":\"http:\/\/maismagazine.pt\/index.php\/2023\/11\/14\/escola-do-porto-da-faculdade-de-direito-organiza-evento-de-empregabilidade\/#breadcrumb\"},\"inLanguage\":\"pt-PT\",\"potentialAction\":[{\"@type\":\"ReadAction\",\"target\":[\"http:\/\/maismagazine.pt\/index.php\/2023\/11\/14\/escola-do-porto-da-faculdade-de-direito-organiza-evento-de-empregabilidade\/\"]}]},{\"@type\":\"ImageObject\",\"inLanguage\":\"pt-PT\",\"@id\":\"http:\/\/maismagazine.pt\/index.php\/2023\/11\/14\/escola-do-porto-da-faculdade-de-direito-organiza-evento-de-empregabilidade\/#primaryimage\",\"url\":\"http:\/\/maismagazine.pt\/wp-content\/uploads\/2023\/11\/RUMO-Advocacia.gif\",\"contentUrl\":\"http:\/\/maismagazine.pt\/wp-content\/uploads\/2023\/11\/RUMO-Advocacia.gif\",\"width\":763,\"height\":430},{\"@type\":\"BreadcrumbList\",\"@id\":\"http:\/\/maismagazine.pt\/index.php\/2023\/11\/14\/escola-do-porto-da-faculdade-de-direito-organiza-evento-de-empregabilidade\/#breadcrumb\",\"itemListElement\":[{\"@type\":\"ListItem\",\"position\":1,\"name\":\"Home\",\"item\":\"http:\/\/maismagazine.pt\/\"},{\"@type\":\"ListItem\",\"position\":2,\"name\":\"Escola do Porto da Faculdade de Direito organiza evento de empregabilidade\"}]},{\"@type\":\"WebSite\",\"@id\":\"http:\/\/maismagazine.pt\/#website\",\"url\":\"http:\/\/maismagazine.pt\/\",\"name\":\"Mais Magazine\",\"description\":\"\",\"publisher\":{\"@id\":\"http:\/\/maismagazine.pt\/#organization\"},\"potentialAction\":[{\"@type\":\"SearchAction\",\"target\":{\"@type\":\"EntryPoint\",\"urlTemplate\":\"http:\/\/maismagazine.pt\/?s={search_term_string}\"},\"query-input\":{\"@type\":\"PropertyValueSpecification\",\"valueRequired\":true,\"valueName\":\"search_term_string\"}}],\"inLanguage\":\"pt-PT\"},{\"@type\":\"Organization\",\"@id\":\"http:\/\/maismagazine.pt\/#organization\",\"name\":\"Mais Magazine\",\"url\":\"http:\/\/maismagazine.pt\/\",\"logo\":{\"@type\":\"ImageObject\",\"inLanguage\":\"pt-PT\",\"@id\":\"http:\/\/maismagazine.pt\/#\/schema\/logo\/image\/\",\"url\":\"http:\/\/maismagazine.pt\/wp-content\/uploads\/2020\/04\/cropped-cropped-mais-magazine-site-logo-2.png\",\"contentUrl\":\"http:\/\/maismagazine.pt\/wp-content\/uploads\/2020\/04\/cropped-cropped-mais-magazine-site-logo-2.png\",\"width\":581,\"height\":90,\"caption\":\"Mais Magazine\"},\"image\":{\"@id\":\"http:\/\/maismagazine.pt\/#\/schema\/logo\/image\/\"}},{\"@type\":\"Person\",\"@id\":\"http:\/\/maismagazine.pt\/#\/schema\/person\/7426e2caeb8df32a1b56aa48dae778c9\",\"name\":\"Tatiana Martins\",\"image\":{\"@type\":\"ImageObject\",\"inLanguage\":\"pt-PT\",\"@id\":\"http:\/\/maismagazine.pt\/#\/schema\/person\/image\/\",\"url\":\"https:\/\/secure.gravatar.com\/avatar\/4b24a57f5d0425f2eb20981c4b53244e?s=96&d=mm&r=g\",\"contentUrl\":\"https:\/\/secure.gravatar.com\/avatar\/4b24a57f5d0425f2eb20981c4b53244e?s=96&d=mm&r=g\",\"caption\":\"Tatiana Martins\"},\"url\":\"http:\/\/maismagazine.pt\/index.php\/author\/tatiana\/\"}]}<\/script>\n<!-- \/ Yoast SEO plugin. -->","yoast_head_json":{"title":"Escola do Porto da Faculdade de Direito organiza evento de empregabilidade - Mais Magazine","robots":{"index":"index","follow":"follow","max-snippet":"max-snippet:-1","max-image-preview":"max-image-preview:large","max-video-preview":"max-video-preview:-1"},"canonical":"http:\/\/maismagazine.pt\/index.php\/2023\/11\/14\/escola-do-porto-da-faculdade-de-direito-organiza-evento-de-empregabilidade\/","og_locale":"pt_PT","og_type":"article","og_title":"Escola do Porto da Faculdade de Direito organiza evento de empregabilidade - Mais Magazine","og_description":"Mais de 28 empresas e sociedades de advogados v\u00e3o marcar presen\u00e7a na edi\u00e7\u00e3o deste ano da feira de empregabilidade da Escola do Porto da Faculdade de Direito da Universidade Cat\u00f3lica Portuguesa, para partilhar as grandes tend\u00eancias no mundo do Direito. Um evento que se realiza j\u00e1 a 14 de novembro,&hellip;","og_url":"http:\/\/maismagazine.pt\/index.php\/2023\/11\/14\/escola-do-porto-da-faculdade-de-direito-organiza-evento-de-empregabilidade\/","og_site_name":"Mais Magazine","article_published_time":"2023-11-14T11:20:56+00:00","article_modified_time":"2023-11-14T11:20:57+00:00","og_image":[{"width":763,"height":430,"url":"http:\/\/maismagazine.pt\/wp-content\/uploads\/2023\/11\/RUMO-Advocacia.gif","type":"image\/gif"}],"author":"Tatiana Martins","twitter_card":"summary_large_image","twitter_misc":{"Escrito por":false,"Tempo estimado de leitura":"3 minutos"},"schema":{"@context":"https:\/\/schema.org","@graph":[{"@type":"Article","@id":"http:\/\/maismagazine.pt\/index.php\/2023\/11\/14\/escola-do-porto-da-faculdade-de-direito-organiza-evento-de-empregabilidade\/#article","isPartOf":{"@id":"http:\/\/maismagazine.pt\/index.php\/2023\/11\/14\/escola-do-porto-da-faculdade-de-direito-organiza-evento-de-empregabilidade\/"},"author":{"name":"Tatiana Martins","@id":"http:\/\/maismagazine.pt\/#\/schema\/person\/7426e2caeb8df32a1b56aa48dae778c9"},"headline":"Escola do Porto da Faculdade de Direito organiza evento de empregabilidade","datePublished":"2023-11-14T11:20:56+00:00","dateModified":"2023-11-14T11:20:57+00:00","mainEntityOfPage":{"@id":"http:\/\/maismagazine.pt\/index.php\/2023\/11\/14\/escola-do-porto-da-faculdade-de-direito-organiza-evento-de-empregabilidade\/"},"wordCount":415,"publisher":{"@id":"http:\/\/maismagazine.pt\/#organization"},"image":{"@id":"http:\/\/maismagazine.pt\/index.php\/2023\/11\/14\/escola-do-porto-da-faculdade-de-direito-organiza-evento-de-empregabilidade\/#primaryimage"},"thumbnailUrl":"http:\/\/maismagazine.pt\/wp-content\/uploads\/2023\/11\/RUMO-Advocacia.gif","keywords":["Empregabilidade","Escola do Porto","Faculdade de Direito","RUMO Especial Advocacia","Universidade Cat\u00f3lica Portuguesa"],"articleSection":["Not\u00edcias"],"inLanguage":"pt-PT"},{"@type":"WebPage","@id":"http:\/\/maismagazine.pt\/index.php\/2023\/11\/14\/escola-do-porto-da-faculdade-de-direito-organiza-evento-de-empregabilidade\/","url":"http:\/\/maismagazine.pt\/index.php\/2023\/11\/14\/escola-do-porto-da-faculdade-de-direito-organiza-evento-de-empregabilidade\/","name":"Escola do Porto da Faculdade de Direito organiza evento de empregabilidade - Mais Magazine","isPartOf":{"@id":"http:\/\/maismagazine.pt\/#website"},"primaryImageOfPage":{"@id":"http:\/\/maismagazine.pt\/index.php\/2023\/11\/14\/escola-do-porto-da-faculdade-de-direito-organiza-evento-de-empregabilidade\/#primaryimage"},"image":{"@id":"http:\/\/maismagazine.pt\/index.php\/2023\/11\/14\/escola-do-porto-da-faculdade-de-direito-organiza-evento-de-empregabilidade\/#primaryimage"},"thumbnailUrl":"http:\/\/maismagazine.pt\/wp-content\/uploads\/2023\/11\/RUMO-Advocacia.gif","datePublished":"2023-11-14T11:20:56+00:00","dateModified":"2023-11-14T11:20:57+00:00","breadcrumb":{"@id":"http:\/\/maismagazine.pt\/index.php\/2023\/11\/14\/escola-do-porto-da-faculdade-de-direito-organiza-evento-de-empregabilidade\/#breadcrumb"},"inLanguage":"pt-PT","potentialAction":[{"@type":"ReadAction","target":["http:\/\/maismagazine.pt\/index.php\/2023\/11\/14\/escola-do-porto-da-faculdade-de-direito-organiza-evento-de-empregabilidade\/"]}]},{"@type":"ImageObject","inLanguage":"pt-PT","@id":"http:\/\/maismagazine.pt\/index.php\/2023\/11\/14\/escola-do-porto-da-faculdade-de-direito-organiza-evento-de-empregabilidade\/#primaryimage","url":"http:\/\/maismagazine.pt\/wp-content\/uploads\/2023\/11\/RUMO-Advocacia.gif","contentUrl":"http:\/\/maismagazine.pt\/wp-content\/uploads\/2023\/11\/RUMO-Advocacia.gif","width":763,"height":430},{"@type":"BreadcrumbList","@id":"http:\/\/maismagazine.pt\/index.php\/2023\/11\/14\/escola-do-porto-da-faculdade-de-direito-organiza-evento-de-empregabilidade\/#breadcrumb","itemListElement":[{"@type":"ListItem","position":1,"name":"Home","item":"http:\/\/maismagazine.pt\/"},{"@type":"ListItem","position":2,"name":"Escola do Porto da Faculdade de Direito organiza evento de empregabilidade"}]},{"@type":"WebSite","@id":"http:\/\/maismagazine.pt\/#website","url":"http:\/\/maismagazine.pt\/","name":"Mais Magazine","description":"","publisher":{"@id":"http:\/\/maismagazine.pt\/#organization"},"potentialAction":[{"@type":"SearchAction","target":{"@type":"EntryPoint","urlTemplate":"http:\/\/maismagazine.pt\/?s={search_term_string}"},"query-input":{"@type":"PropertyValueSpecification","valueRequired":true,"valueName":"search_term_string"}}],"inLanguage":"pt-PT"},{"@type":"Organization","@id":"http:\/\/maismagazine.pt\/#organization","name":"Mais Magazine","url":"http:\/\/maismagazine.pt\/","logo":{"@type":"ImageObject","inLanguage":"pt-PT","@id":"http:\/\/maismagazine.pt\/#\/schema\/logo\/image\/","url":"http:\/\/maismagazine.pt\/wp-content\/uploads\/2020\/04\/cropped-cropped-mais-magazine-site-logo-2.png","contentUrl":"http:\/\/maismagazine.pt\/wp-content\/uploads\/2020\/04\/cropped-cropped-mais-magazine-site-logo-2.png","width":581,"height":90,"caption":"Mais Magazine"},"image":{"@id":"http:\/\/maismagazine.pt\/#\/schema\/logo\/image\/"}},{"@type":"Person","@id":"http:\/\/maismagazine.pt\/#\/schema\/person\/7426e2caeb8df32a1b56aa48dae778c9","name":"Tatiana Martins","image":{"@type":"ImageObject","inLanguage":"pt-PT","@id":"http:\/\/maismagazine.pt\/#\/schema\/person\/image\/","url":"https:\/\/secure.gravatar.com\/avatar\/4b24a57f5d0425f2eb20981c4b53244e?s=96&d=mm&r=g","contentUrl":"https:\/\/secure.gravatar.com\/avatar\/4b24a57f5d0425f2eb20981c4b53244e?s=96&d=mm&r=g","caption":"Tatiana Martins"},"url":"http:\/\/maismagazine.pt\/index.php\/author\/tatiana\/"}]}},"author_meta":{"display_name":false,"author_link":"http:\/\/maismagazine.pt\/index.php\/author\/tatiana\/"},"featured_img":"http:\/\/maismagazine.pt\/wp-content\/uploads\/2023\/11\/RUMO-Advocacia-300x169.gif","coauthors":[],"tax_additional":{"categories":{"linked":["<a href=\"http:\/\/maismagazine.pt\/index.php\/category\/noticias\/\" class=\"advgb-post-tax-term\">Not\u00edcias<\/a>"],"unlinked":["<span class=\"advgb-post-tax-term\">Not\u00edcias<\/span>"]},"tags":{"linked":["<a href=\"http:\/\/maismagazine.pt\/index.php\/category\/noticias\/\" class=\"advgb-post-tax-term\">Empregabilidade<\/a>","<a href=\"http:\/\/maismagazine.pt\/index.php\/category\/noticias\/\" class=\"advgb-post-tax-term\">Escola do Porto<\/a>","<a href=\"http:\/\/maismagazine.pt\/index.php\/category\/noticias\/\" class=\"advgb-post-tax-term\">Faculdade de Direito<\/a>","<a href=\"http:\/\/maismagazine.pt\/index.php\/category\/noticias\/\" class=\"advgb-post-tax-term\">RUMO Especial Advocacia<\/a>","<a href=\"http:\/\/maismagazine.pt\/index.php\/category\/noticias\/\" class=\"advgb-post-tax-term\">Universidade Cat\u00f3lica Portuguesa<\/a>"],"unlinked":["<span class=\"advgb-post-tax-term\">Empregabilidade<\/span>","<span class=\"advgb-post-tax-term\">Escola do Porto<\/span>","<span class=\"advgb-post-tax-term\">Faculdade de Direito<\/span>","<span class=\"advgb-post-tax-term\">RUMO Especial Advocacia<\/span>","<span class=\"advgb-post-tax-term\">Universidade Cat\u00f3lica Portuguesa<\/span>"]}},"comment_count":"0","relative_dates":{"created":"Posted 2 anos ago","modified":"Updated 2 anos ago"},"absolute_dates":{"created":"Posted on 14 de Novembro, 2023","modified":"Updated on 14 de Novembro, 2023"},"absolute_dates_time":{"created":"Posted on 14 de Novembro, 2023 11:20","modified":"Updated on 14 de Novembro, 2023 11:20"},"featured_img_caption":"","series_order":"","_links":{"self":[{"href":"http:\/\/maismagazine.pt\/index.php\/wp-json\/wp\/v2\/posts\/8409","targetHints":{"allow":["GET"]}}],"collection":[{"href":"http:\/\/maismagazine.pt\/index.php\/wp-json\/wp\/v2\/posts"}],"about":[{"href":"http:\/\/maismagazine.pt\/index.php\/wp-json\/wp\/v2\/types\/post"}],"author":[{"embeddable":true,"href":"http:\/\/maismagazine.pt\/index.php\/wp-json\/wp\/v2\/users\/18"}],"replies":[{"embeddable":true,"href":"http:\/\/maismagazine.pt\/index.php\/wp-json\/wp\/v2\/comments?post=8409"}],"version-history":[{"count":1,"href":"http:\/\/maismagazine.pt\/index.php\/wp-json\/wp\/v2\/posts\/8409\/revisions"}],"predecessor-version":[{"id":8411,"href":"http:\/\/maismagazine.pt\/index.php\/wp-json\/wp\/v2\/posts\/8409\/revisions\/8411"}],"wp:featuredmedia":[{"embeddable":true,"href":"http:\/\/maismagazine.pt\/index.php\/wp-json\/wp\/v2\/media\/8410"}],"wp:attachment":[{"href":"http:\/\/maismagazine.pt\/index.php\/wp-json\/wp\/v2\/media?parent=8409"}],"wp:term":[{"taxonomy":"category","embeddable":true,"href":"http:\/\/maismagazine.pt\/index.php\/wp-json\/wp\/v2\/categories?post=8409"},{"taxonomy":"post_tag","embeddable":true,"href":"http:\/\/maismagazine.pt\/index.php\/wp-json\/wp\/v2\/tags?post=8409"}],"curies":[{"name":"wp","href":"https:\/\/api.w.org\/{rel}","templated":true}]}}