{"id":8268,"date":"2023-11-17T07:00:00","date_gmt":"2023-11-17T07:00:00","guid":{"rendered":"https:\/\/maismagazine.pt\/?p=8268"},"modified":"2023-11-13T11:22:37","modified_gmt":"2023-11-13T11:22:37","slug":"a-referencia-em-solucoes-para-aguas-esgotos-e-telecomunicacoes","status":"publish","type":"post","link":"http:\/\/maismagazine.pt\/index.php\/2023\/11\/17\/a-referencia-em-solucoes-para-aguas-esgotos-e-telecomunicacoes\/","title":{"rendered":"A refer\u00eancia em solu\u00e7\u00f5es para \u00e1guas, esgotos e telecomunica\u00e7\u00f5es"},"content":{"rendered":"\n<p><strong>Os 17 anos de atividade da <a href=\"http:\/\/boomlift.pt\">Boomlift<\/a> s\u00e3o a prova da resili\u00eancia e longevidade desta empresa, que se tem assumido, ao longo dos anos, como uma entidade de refer\u00eancia no setor da \u00e1gua. Manuel Duarte, fundador da Boomlift, falou \u00e0 Mais Magazine sobre o cat\u00e1logo de produtos e servi\u00e7os da sua empresa, desvendando algumas iniciativas que espera implementar no futuro da Boomlift.<\/strong><\/p>\n\n\n\n<p><\/p>\n\n\n\n<p><strong>Apresente-nos a Boomlift e explique como tem sido o percurso desta empresa ao longo dos seus 17 anos de atividade. <\/strong><\/p>\n\n\n\n<p>A Boomlift come\u00e7ou por ser uma empresa onde o seu principal objetivo era prestar assist\u00eancia t\u00e9cnica \u00e0s plataformas elevat\u00f3rias na enorme quantidade de centros comerciais que nasciam na \u00e9poca por todo o pa\u00eds. Essa orienta\u00e7\u00e3o para a assist\u00eancia p\u00f3s-venda permaneceu no nosso foco, mas decidimos mudar completamente a orienta\u00e7\u00e3o da empresa e voltar a nossa aten\u00e7\u00e3o para a \u00e1rea do saneamento e das \u00e1guas, porque nos sensibilizaram as declara\u00e7\u00f5es do presidente do Banco Mundial, Ismail Serageldin, que afirmou que \u201cas pr\u00f3ximas guerras ser\u00e3o travadas pela \u00e1gua\u201d. Ainda n\u00e3o estou a considerar uma guerra h\u00eddrica, mas a escassez de recursos h\u00eddricos e a deteriora\u00e7\u00e3o da sua qualidade s\u00e3o quest\u00f5es importantes que impactar\u00e3o popula\u00e7\u00f5es e neg\u00f3cios nos pr\u00f3ximos anos. Foi investigando profundamente este paradigma e as necessidades que as empresas foram apresentando, que investimos no desenvolvimento de equipamentos, quer de fabrico nosso, como de representa\u00e7\u00e3o de outros fabricantes internacionais, principalmente alem\u00e3es. Desta forma distribu\u00edmos os nossos produtos na BOOMLIFT em 4 setores, com uma equipa que varia entre 5 e doze pessoas, em fun\u00e7\u00e3o das necessidades que a empresa vai apresentando. Somos Top 5 melhores PME Portugal, em 2022 e em 2023.<\/p>\n\n\n\n<p><\/p>\n\n\n\n<p><strong>No que diz respeito aos produtos\/ servi\u00e7os, o que t\u00eam para oferecer aos clientes?<\/strong><\/p>\n\n\n\n<p>A empresa disp\u00f5e de 4 linhas de produtos interrelacionados: \u00e1guas e saneamento, onde possu\u00edmos trinta produtos para os trabalhos de manuten\u00e7\u00e3o e repara\u00e7\u00e3o em tubagens\/condutas das redes de saneamento, pluviais e distribui\u00e7\u00e3o de \u00e1guas (\u00e9 neste setor que temos 2 pr\u00e9mios de inova\u00e7\u00e3o em 2 produtos: os equipamentos para testes de fumos e as chaves magn\u00e9ticas para levantar as tampas met\u00e1licas de caixas de saneamento); ambiente e urbanismo, onde disponibiliz\u00e1mos m\u00e1quinas para limpeza das areias nas praias, como a m\u00e1quina el\u00e9trica para redu\u00e7\u00e3o da polui\u00e7\u00e3o ambiental que permite ser carregada durante o dia com o sol da praia e trabalhar na limpeza do areal ao final da tarde; equipamentos para a ind\u00fastria, o setor onde temos componentes como cabe\u00e7as de lavagem e bombas de transfega; e telecomunica\u00e7\u00f5es e energia, uma gama de produtos que no passado teve um peso superior no volume de neg\u00f3cios, mas continuamos a colocar uma linha de equipamentos da C.Scope na dete\u00e7\u00e3o de cabos, tapa valas e guinchos.<\/p>\n\n\n\n<p><\/p>\n\n\n\n<p><strong>Em que consiste a Academia Boom-Pipe &amp; Lift e quais s\u00e3o os seus principais objetivos?<\/strong><\/p>\n\n\n\n<p>Os objetivos da Academia BoomPipe &amp; Lift passam por abranger p\u00fablicos e mercados no panorama nacional e internacional, atrav\u00e9s de forma\u00e7\u00e3o presencial, podendo ser alargada para forma\u00e7\u00e3o \u201con-line\u201d; promover a acessibilidade da forma\u00e7\u00e3o em qualquer hora e em qualquer local; e constituir-se uma ferramenta de inova\u00e7\u00e3o na oferta formativa sobre os equipamentos que comercializamos para permitir a todas as entidades disporem de um conjunto de conhecimentos para dar respostas \u00e0s suas necessidades.<\/p>\n\n\n\n<p><\/p>\n\n\n\n<p><strong>Acredita que s\u00e3o fatores como o know-how e a experi\u00eancia adquirida ao longo dos anos pelos seus colaboradores que fazem com que Boomlift seja uma refer\u00eancia no mercando tanto a n\u00edvel nacional, como internacional? <\/strong><\/p>\n\n\n\n<p>Sem d\u00favida que \u00e9 a forma dedicada e de forma\u00e7\u00e3o exclusiva que temos no fornecimento dos equipamentos, garantindo-lhes sempre um servi\u00e7o de assist\u00eancia de excel\u00eancia e na forma\u00e7\u00e3o dos utilizadores, que nos coloca como refer\u00eancia no mercado.<\/p>\n\n\n\n<p><\/p>\n\n\n\n<p><strong>Quais s\u00e3o os projetos que tem em mente para o futuro da empresa?<\/strong> <\/p>\n\n\n\n<p>Estamos de momento a trabalhar num projeto de internacionaliza\u00e7\u00e3o com um dos nossos principais parceiros alem\u00e3es, a VETTER, no setor das tubagens para redes de saneamento e redes de pluviais. Para al\u00e9m da expans\u00e3o internacional, temos neste momento 4 prot\u00f3tipos para lan\u00e7ar novos equipamentos no mercado nacional, estando ainda em fase de testes. Temos ainda empresas irm\u00e3s que nasceram de dentro da BoomLift e que v\u00e3o expandir-se mais nos pr\u00f3ximos anos, como \u00e9 o caso da MAGNETICBOOM, Lda, uma start-up que exclusivamente se dedica aos produtos magn\u00e9ticos, comercializa todo o tipo de eletro\u00edmanes e solu\u00e7\u00f5es magn\u00e9ticas para o apoio a v\u00e1rias ind\u00fastrias, artesanato e muitos outros setores.<\/p>\n\n\n\n<p><\/p>\n\n\n<div class=\"wp-block-image\">\n<figure class=\"aligncenter size-large is-resized\"><img loading=\"lazy\" decoding=\"async\" width=\"1024\" height=\"582\" src=\"https:\/\/maismagazine.pt\/wp-content\/uploads\/2023\/11\/Logo_BoomLift-AguasSaneamento-1-1024x582.png\" alt=\"\" class=\"wp-image-8278\" style=\"aspect-ratio:1.7594501718213058;width:262px;height:auto\" srcset=\"http:\/\/maismagazine.pt\/wp-content\/uploads\/2023\/11\/Logo_BoomLift-AguasSaneamento-1-1024x582.png 1024w, http:\/\/maismagazine.pt\/wp-content\/uploads\/2023\/11\/Logo_BoomLift-AguasSaneamento-1-300x170.png 300w, http:\/\/maismagazine.pt\/wp-content\/uploads\/2023\/11\/Logo_BoomLift-AguasSaneamento-1-768x436.png 768w, http:\/\/maismagazine.pt\/wp-content\/uploads\/2023\/11\/Logo_BoomLift-AguasSaneamento-1.png 1299w\" sizes=\"auto, (max-width: 1024px) 100vw, 1024px\" \/><\/figure><\/div>","protected":false},"excerpt":{"rendered":"<p>Os 17 anos de atividade da Boomlift s\u00e3o a prova da resili\u00eancia e longevidade desta empresa, que se tem assumido, ao longo dos anos, como uma entidade de refer\u00eancia no setor da \u00e1gua. Manuel Duarte, fundador da Boomlift, falou \u00e0 Mais Magazine sobre o cat\u00e1logo de produtos e servi\u00e7os da&hellip;<\/p>\n","protected":false},"author":18,"featured_media":8276,"comment_status":"closed","ping_status":"open","sticky":false,"template":"","format":"standard","meta":{"advgb_blocks_editor_width":"","advgb_blocks_columns_visual_guide":"","_monsterinsights_skip_tracking":false,"_monsterinsights_sitenote_active":false,"_monsterinsights_sitenote_note":"","_monsterinsights_sitenote_category":0,"footnotes":""},"categories":[78],"tags":[107,1756],"class_list":["post-8268","post","type-post","status-publish","format-standard","has-post-thumbnail","hentry","category-ambiente-e-sustentabilidade","tag-agua","tag-boomlift"],"yoast_head":"<!-- This site is optimized with the Yoast SEO plugin v24.4 - https:\/\/yoast.com\/wordpress\/plugins\/seo\/ -->\n<title>A refer\u00eancia em solu\u00e7\u00f5es para \u00e1guas, esgotos e telecomunica\u00e7\u00f5es - Mais Magazine<\/title>\n<meta name=\"robots\" content=\"index, follow, max-snippet:-1, max-image-preview:large, max-video-preview:-1\" \/>\n<link rel=\"canonical\" href=\"https:\/\/maismagazine.pt\/index.php\/2023\/11\/17\/a-referencia-em-solucoes-para-aguas-esgotos-e-telecomunicacoes\/\" \/>\n<meta property=\"og:locale\" content=\"pt_PT\" \/>\n<meta property=\"og:type\" content=\"article\" \/>\n<meta property=\"og:title\" content=\"A refer\u00eancia em solu\u00e7\u00f5es para \u00e1guas, esgotos e telecomunica\u00e7\u00f5es - Mais Magazine\" \/>\n<meta property=\"og:description\" content=\"Os 17 anos de atividade da Boomlift s\u00e3o a prova da resili\u00eancia e longevidade desta empresa, que se tem assumido, ao longo dos anos, como uma entidade de refer\u00eancia no setor da \u00e1gua. Manuel Duarte, fundador da Boomlift, falou \u00e0 Mais Magazine sobre o cat\u00e1logo de produtos e servi\u00e7os da&hellip;\" \/>\n<meta property=\"og:url\" content=\"https:\/\/maismagazine.pt\/index.php\/2023\/11\/17\/a-referencia-em-solucoes-para-aguas-esgotos-e-telecomunicacoes\/\" \/>\n<meta property=\"og:site_name\" content=\"Mais Magazine\" \/>\n<meta property=\"article:published_time\" content=\"2023-11-17T07:00:00+00:00\" \/>\n<meta property=\"og:image\" content=\"https:\/\/maismagazine.pt\/wp-content\/uploads\/2023\/11\/01-1.jpg\" \/>\n\t<meta property=\"og:image:width\" content=\"280\" \/>\n\t<meta property=\"og:image:height\" content=\"420\" \/>\n\t<meta property=\"og:image:type\" content=\"image\/jpeg\" \/>\n<meta name=\"author\" content=\"Tatiana Martins\" \/>\n<meta name=\"twitter:card\" content=\"summary_large_image\" \/>\n<meta name=\"twitter:label1\" content=\"Escrito por\" \/>\n\t<meta name=\"twitter:data1\" content=\"\" \/>\n\t<meta name=\"twitter:label2\" content=\"Tempo estimado de leitura\" \/>\n\t<meta name=\"twitter:data2\" content=\"5 minutos\" \/>\n<script type=\"application\/ld+json\" class=\"yoast-schema-graph\">{\"@context\":\"https:\/\/schema.org\",\"@graph\":[{\"@type\":\"Article\",\"@id\":\"https:\/\/maismagazine.pt\/index.php\/2023\/11\/17\/a-referencia-em-solucoes-para-aguas-esgotos-e-telecomunicacoes\/#article\",\"isPartOf\":{\"@id\":\"https:\/\/maismagazine.pt\/index.php\/2023\/11\/17\/a-referencia-em-solucoes-para-aguas-esgotos-e-telecomunicacoes\/\"},\"author\":{\"name\":\"Tatiana Martins\",\"@id\":\"http:\/\/maismagazine.pt\/#\/schema\/person\/7426e2caeb8df32a1b56aa48dae778c9\"},\"headline\":\"A refer\u00eancia em solu\u00e7\u00f5es para \u00e1guas, esgotos e telecomunica\u00e7\u00f5es\",\"datePublished\":\"2023-11-17T07:00:00+00:00\",\"mainEntityOfPage\":{\"@id\":\"https:\/\/maismagazine.pt\/index.php\/2023\/11\/17\/a-referencia-em-solucoes-para-aguas-esgotos-e-telecomunicacoes\/\"},\"wordCount\":813,\"publisher\":{\"@id\":\"http:\/\/maismagazine.pt\/#organization\"},\"image\":{\"@id\":\"https:\/\/maismagazine.pt\/index.php\/2023\/11\/17\/a-referencia-em-solucoes-para-aguas-esgotos-e-telecomunicacoes\/#primaryimage\"},\"thumbnailUrl\":\"http:\/\/maismagazine.pt\/wp-content\/uploads\/2023\/11\/01-1.jpg\",\"keywords\":[\"\u00c1gua\",\"Boomlift\"],\"articleSection\":[\"Ambiente e Sustentabilidade\"],\"inLanguage\":\"pt-PT\"},{\"@type\":\"WebPage\",\"@id\":\"https:\/\/maismagazine.pt\/index.php\/2023\/11\/17\/a-referencia-em-solucoes-para-aguas-esgotos-e-telecomunicacoes\/\",\"url\":\"https:\/\/maismagazine.pt\/index.php\/2023\/11\/17\/a-referencia-em-solucoes-para-aguas-esgotos-e-telecomunicacoes\/\",\"name\":\"A refer\u00eancia em solu\u00e7\u00f5es para \u00e1guas, esgotos e telecomunica\u00e7\u00f5es - Mais Magazine\",\"isPartOf\":{\"@id\":\"http:\/\/maismagazine.pt\/#website\"},\"primaryImageOfPage\":{\"@id\":\"https:\/\/maismagazine.pt\/index.php\/2023\/11\/17\/a-referencia-em-solucoes-para-aguas-esgotos-e-telecomunicacoes\/#primaryimage\"},\"image\":{\"@id\":\"https:\/\/maismagazine.pt\/index.php\/2023\/11\/17\/a-referencia-em-solucoes-para-aguas-esgotos-e-telecomunicacoes\/#primaryimage\"},\"thumbnailUrl\":\"http:\/\/maismagazine.pt\/wp-content\/uploads\/2023\/11\/01-1.jpg\",\"datePublished\":\"2023-11-17T07:00:00+00:00\",\"breadcrumb\":{\"@id\":\"https:\/\/maismagazine.pt\/index.php\/2023\/11\/17\/a-referencia-em-solucoes-para-aguas-esgotos-e-telecomunicacoes\/#breadcrumb\"},\"inLanguage\":\"pt-PT\",\"potentialAction\":[{\"@type\":\"ReadAction\",\"target\":[\"https:\/\/maismagazine.pt\/index.php\/2023\/11\/17\/a-referencia-em-solucoes-para-aguas-esgotos-e-telecomunicacoes\/\"]}]},{\"@type\":\"ImageObject\",\"inLanguage\":\"pt-PT\",\"@id\":\"https:\/\/maismagazine.pt\/index.php\/2023\/11\/17\/a-referencia-em-solucoes-para-aguas-esgotos-e-telecomunicacoes\/#primaryimage\",\"url\":\"http:\/\/maismagazine.pt\/wp-content\/uploads\/2023\/11\/01-1.jpg\",\"contentUrl\":\"http:\/\/maismagazine.pt\/wp-content\/uploads\/2023\/11\/01-1.jpg\",\"width\":280,\"height\":420},{\"@type\":\"BreadcrumbList\",\"@id\":\"https:\/\/maismagazine.pt\/index.php\/2023\/11\/17\/a-referencia-em-solucoes-para-aguas-esgotos-e-telecomunicacoes\/#breadcrumb\",\"itemListElement\":[{\"@type\":\"ListItem\",\"position\":1,\"name\":\"Home\",\"item\":\"http:\/\/maismagazine.pt\/\"},{\"@type\":\"ListItem\",\"position\":2,\"name\":\"A refer\u00eancia em solu\u00e7\u00f5es para \u00e1guas, esgotos e telecomunica\u00e7\u00f5es\"}]},{\"@type\":\"WebSite\",\"@id\":\"http:\/\/maismagazine.pt\/#website\",\"url\":\"http:\/\/maismagazine.pt\/\",\"name\":\"Mais Magazine\",\"description\":\"\",\"publisher\":{\"@id\":\"http:\/\/maismagazine.pt\/#organization\"},\"potentialAction\":[{\"@type\":\"SearchAction\",\"target\":{\"@type\":\"EntryPoint\",\"urlTemplate\":\"http:\/\/maismagazine.pt\/?s={search_term_string}\"},\"query-input\":{\"@type\":\"PropertyValueSpecification\",\"valueRequired\":true,\"valueName\":\"search_term_string\"}}],\"inLanguage\":\"pt-PT\"},{\"@type\":\"Organization\",\"@id\":\"http:\/\/maismagazine.pt\/#organization\",\"name\":\"Mais Magazine\",\"url\":\"http:\/\/maismagazine.pt\/\",\"logo\":{\"@type\":\"ImageObject\",\"inLanguage\":\"pt-PT\",\"@id\":\"http:\/\/maismagazine.pt\/#\/schema\/logo\/image\/\",\"url\":\"http:\/\/maismagazine.pt\/wp-content\/uploads\/2020\/04\/cropped-cropped-mais-magazine-site-logo-2.png\",\"contentUrl\":\"http:\/\/maismagazine.pt\/wp-content\/uploads\/2020\/04\/cropped-cropped-mais-magazine-site-logo-2.png\",\"width\":581,\"height\":90,\"caption\":\"Mais Magazine\"},\"image\":{\"@id\":\"http:\/\/maismagazine.pt\/#\/schema\/logo\/image\/\"}},{\"@type\":\"Person\",\"@id\":\"http:\/\/maismagazine.pt\/#\/schema\/person\/7426e2caeb8df32a1b56aa48dae778c9\",\"name\":\"Tatiana Martins\",\"image\":{\"@type\":\"ImageObject\",\"inLanguage\":\"pt-PT\",\"@id\":\"http:\/\/maismagazine.pt\/#\/schema\/person\/image\/\",\"url\":\"https:\/\/secure.gravatar.com\/avatar\/4b24a57f5d0425f2eb20981c4b53244e?s=96&d=mm&r=g\",\"contentUrl\":\"https:\/\/secure.gravatar.com\/avatar\/4b24a57f5d0425f2eb20981c4b53244e?s=96&d=mm&r=g\",\"caption\":\"Tatiana Martins\"},\"url\":\"http:\/\/maismagazine.pt\/index.php\/author\/tatiana\/\"}]}<\/script>\n<!-- \/ Yoast SEO plugin. -->","yoast_head_json":{"title":"A refer\u00eancia em solu\u00e7\u00f5es para \u00e1guas, esgotos e telecomunica\u00e7\u00f5es - Mais Magazine","robots":{"index":"index","follow":"follow","max-snippet":"max-snippet:-1","max-image-preview":"max-image-preview:large","max-video-preview":"max-video-preview:-1"},"canonical":"https:\/\/maismagazine.pt\/index.php\/2023\/11\/17\/a-referencia-em-solucoes-para-aguas-esgotos-e-telecomunicacoes\/","og_locale":"pt_PT","og_type":"article","og_title":"A refer\u00eancia em solu\u00e7\u00f5es para \u00e1guas, esgotos e telecomunica\u00e7\u00f5es - Mais Magazine","og_description":"Os 17 anos de atividade da Boomlift s\u00e3o a prova da resili\u00eancia e longevidade desta empresa, que se tem assumido, ao longo dos anos, como uma entidade de refer\u00eancia no setor da \u00e1gua. Manuel Duarte, fundador da Boomlift, falou \u00e0 Mais Magazine sobre o cat\u00e1logo de produtos e servi\u00e7os da&hellip;","og_url":"https:\/\/maismagazine.pt\/index.php\/2023\/11\/17\/a-referencia-em-solucoes-para-aguas-esgotos-e-telecomunicacoes\/","og_site_name":"Mais Magazine","article_published_time":"2023-11-17T07:00:00+00:00","og_image":[{"width":280,"height":420,"url":"https:\/\/maismagazine.pt\/wp-content\/uploads\/2023\/11\/01-1.jpg","type":"image\/jpeg"}],"author":"Tatiana Martins","twitter_card":"summary_large_image","twitter_misc":{"Escrito por":false,"Tempo estimado de leitura":"5 minutos"},"schema":{"@context":"https:\/\/schema.org","@graph":[{"@type":"Article","@id":"https:\/\/maismagazine.pt\/index.php\/2023\/11\/17\/a-referencia-em-solucoes-para-aguas-esgotos-e-telecomunicacoes\/#article","isPartOf":{"@id":"https:\/\/maismagazine.pt\/index.php\/2023\/11\/17\/a-referencia-em-solucoes-para-aguas-esgotos-e-telecomunicacoes\/"},"author":{"name":"Tatiana Martins","@id":"http:\/\/maismagazine.pt\/#\/schema\/person\/7426e2caeb8df32a1b56aa48dae778c9"},"headline":"A refer\u00eancia em solu\u00e7\u00f5es para \u00e1guas, esgotos e telecomunica\u00e7\u00f5es","datePublished":"2023-11-17T07:00:00+00:00","mainEntityOfPage":{"@id":"https:\/\/maismagazine.pt\/index.php\/2023\/11\/17\/a-referencia-em-solucoes-para-aguas-esgotos-e-telecomunicacoes\/"},"wordCount":813,"publisher":{"@id":"http:\/\/maismagazine.pt\/#organization"},"image":{"@id":"https:\/\/maismagazine.pt\/index.php\/2023\/11\/17\/a-referencia-em-solucoes-para-aguas-esgotos-e-telecomunicacoes\/#primaryimage"},"thumbnailUrl":"http:\/\/maismagazine.pt\/wp-content\/uploads\/2023\/11\/01-1.jpg","keywords":["\u00c1gua","Boomlift"],"articleSection":["Ambiente e Sustentabilidade"],"inLanguage":"pt-PT"},{"@type":"WebPage","@id":"https:\/\/maismagazine.pt\/index.php\/2023\/11\/17\/a-referencia-em-solucoes-para-aguas-esgotos-e-telecomunicacoes\/","url":"https:\/\/maismagazine.pt\/index.php\/2023\/11\/17\/a-referencia-em-solucoes-para-aguas-esgotos-e-telecomunicacoes\/","name":"A refer\u00eancia em solu\u00e7\u00f5es para \u00e1guas, esgotos e telecomunica\u00e7\u00f5es - Mais Magazine","isPartOf":{"@id":"http:\/\/maismagazine.pt\/#website"},"primaryImageOfPage":{"@id":"https:\/\/maismagazine.pt\/index.php\/2023\/11\/17\/a-referencia-em-solucoes-para-aguas-esgotos-e-telecomunicacoes\/#primaryimage"},"image":{"@id":"https:\/\/maismagazine.pt\/index.php\/2023\/11\/17\/a-referencia-em-solucoes-para-aguas-esgotos-e-telecomunicacoes\/#primaryimage"},"thumbnailUrl":"http:\/\/maismagazine.pt\/wp-content\/uploads\/2023\/11\/01-1.jpg","datePublished":"2023-11-17T07:00:00+00:00","breadcrumb":{"@id":"https:\/\/maismagazine.pt\/index.php\/2023\/11\/17\/a-referencia-em-solucoes-para-aguas-esgotos-e-telecomunicacoes\/#breadcrumb"},"inLanguage":"pt-PT","potentialAction":[{"@type":"ReadAction","target":["https:\/\/maismagazine.pt\/index.php\/2023\/11\/17\/a-referencia-em-solucoes-para-aguas-esgotos-e-telecomunicacoes\/"]}]},{"@type":"ImageObject","inLanguage":"pt-PT","@id":"https:\/\/maismagazine.pt\/index.php\/2023\/11\/17\/a-referencia-em-solucoes-para-aguas-esgotos-e-telecomunicacoes\/#primaryimage","url":"http:\/\/maismagazine.pt\/wp-content\/uploads\/2023\/11\/01-1.jpg","contentUrl":"http:\/\/maismagazine.pt\/wp-content\/uploads\/2023\/11\/01-1.jpg","width":280,"height":420},{"@type":"BreadcrumbList","@id":"https:\/\/maismagazine.pt\/index.php\/2023\/11\/17\/a-referencia-em-solucoes-para-aguas-esgotos-e-telecomunicacoes\/#breadcrumb","itemListElement":[{"@type":"ListItem","position":1,"name":"Home","item":"http:\/\/maismagazine.pt\/"},{"@type":"ListItem","position":2,"name":"A refer\u00eancia em solu\u00e7\u00f5es para \u00e1guas, esgotos e telecomunica\u00e7\u00f5es"}]},{"@type":"WebSite","@id":"http:\/\/maismagazine.pt\/#website","url":"http:\/\/maismagazine.pt\/","name":"Mais Magazine","description":"","publisher":{"@id":"http:\/\/maismagazine.pt\/#organization"},"potentialAction":[{"@type":"SearchAction","target":{"@type":"EntryPoint","urlTemplate":"http:\/\/maismagazine.pt\/?s={search_term_string}"},"query-input":{"@type":"PropertyValueSpecification","valueRequired":true,"valueName":"search_term_string"}}],"inLanguage":"pt-PT"},{"@type":"Organization","@id":"http:\/\/maismagazine.pt\/#organization","name":"Mais Magazine","url":"http:\/\/maismagazine.pt\/","logo":{"@type":"ImageObject","inLanguage":"pt-PT","@id":"http:\/\/maismagazine.pt\/#\/schema\/logo\/image\/","url":"http:\/\/maismagazine.pt\/wp-content\/uploads\/2020\/04\/cropped-cropped-mais-magazine-site-logo-2.png","contentUrl":"http:\/\/maismagazine.pt\/wp-content\/uploads\/2020\/04\/cropped-cropped-mais-magazine-site-logo-2.png","width":581,"height":90,"caption":"Mais Magazine"},"image":{"@id":"http:\/\/maismagazine.pt\/#\/schema\/logo\/image\/"}},{"@type":"Person","@id":"http:\/\/maismagazine.pt\/#\/schema\/person\/7426e2caeb8df32a1b56aa48dae778c9","name":"Tatiana Martins","image":{"@type":"ImageObject","inLanguage":"pt-PT","@id":"http:\/\/maismagazine.pt\/#\/schema\/person\/image\/","url":"https:\/\/secure.gravatar.com\/avatar\/4b24a57f5d0425f2eb20981c4b53244e?s=96&d=mm&r=g","contentUrl":"https:\/\/secure.gravatar.com\/avatar\/4b24a57f5d0425f2eb20981c4b53244e?s=96&d=mm&r=g","caption":"Tatiana Martins"},"url":"http:\/\/maismagazine.pt\/index.php\/author\/tatiana\/"}]}},"author_meta":{"display_name":false,"author_link":"http:\/\/maismagazine.pt\/index.php\/author\/tatiana\/"},"featured_img":"http:\/\/maismagazine.pt\/wp-content\/uploads\/2023\/11\/01-1-200x300.jpg","coauthors":[],"tax_additional":{"categories":{"linked":["<a href=\"http:\/\/maismagazine.pt\/index.php\/category\/empreendedorismo\/ambiente-e-sustentabilidade\/\" class=\"advgb-post-tax-term\">Ambiente e Sustentabilidade<\/a>"],"unlinked":["<span class=\"advgb-post-tax-term\">Ambiente e Sustentabilidade<\/span>"]},"tags":{"linked":["<a href=\"http:\/\/maismagazine.pt\/index.php\/category\/empreendedorismo\/ambiente-e-sustentabilidade\/\" class=\"advgb-post-tax-term\">\u00c1gua<\/a>","<a href=\"http:\/\/maismagazine.pt\/index.php\/category\/empreendedorismo\/ambiente-e-sustentabilidade\/\" class=\"advgb-post-tax-term\">Boomlift<\/a>"],"unlinked":["<span class=\"advgb-post-tax-term\">\u00c1gua<\/span>","<span class=\"advgb-post-tax-term\">Boomlift<\/span>"]}},"comment_count":"0","relative_dates":{"created":"Posted 2 anos ago","modified":"Updated 2 anos ago"},"absolute_dates":{"created":"Posted on 17 de Novembro, 2023","modified":"Updated on 13 de Novembro, 2023"},"absolute_dates_time":{"created":"Posted on 17 de Novembro, 2023 7:00","modified":"Updated on 13 de Novembro, 2023 11:22"},"featured_img_caption":"","series_order":"","_links":{"self":[{"href":"http:\/\/maismagazine.pt\/index.php\/wp-json\/wp\/v2\/posts\/8268","targetHints":{"allow":["GET"]}}],"collection":[{"href":"http:\/\/maismagazine.pt\/index.php\/wp-json\/wp\/v2\/posts"}],"about":[{"href":"http:\/\/maismagazine.pt\/index.php\/wp-json\/wp\/v2\/types\/post"}],"author":[{"embeddable":true,"href":"http:\/\/maismagazine.pt\/index.php\/wp-json\/wp\/v2\/users\/18"}],"replies":[{"embeddable":true,"href":"http:\/\/maismagazine.pt\/index.php\/wp-json\/wp\/v2\/comments?post=8268"}],"version-history":[{"count":2,"href":"http:\/\/maismagazine.pt\/index.php\/wp-json\/wp\/v2\/posts\/8268\/revisions"}],"predecessor-version":[{"id":8280,"href":"http:\/\/maismagazine.pt\/index.php\/wp-json\/wp\/v2\/posts\/8268\/revisions\/8280"}],"wp:featuredmedia":[{"embeddable":true,"href":"http:\/\/maismagazine.pt\/index.php\/wp-json\/wp\/v2\/media\/8276"}],"wp:attachment":[{"href":"http:\/\/maismagazine.pt\/index.php\/wp-json\/wp\/v2\/media?parent=8268"}],"wp:term":[{"taxonomy":"category","embeddable":true,"href":"http:\/\/maismagazine.pt\/index.php\/wp-json\/wp\/v2\/categories?post=8268"},{"taxonomy":"post_tag","embeddable":true,"href":"http:\/\/maismagazine.pt\/index.php\/wp-json\/wp\/v2\/tags?post=8268"}],"curies":[{"name":"wp","href":"https:\/\/api.w.org\/{rel}","templated":true}]}}