{"id":8265,"date":"2023-11-17T07:00:00","date_gmt":"2023-11-17T07:00:00","guid":{"rendered":"https:\/\/maismagazine.pt\/?p=8265"},"modified":"2023-11-13T11:23:17","modified_gmt":"2023-11-13T11:23:17","slug":"almada-o-destino-apetecivel-todo-o-ano","status":"publish","type":"post","link":"http:\/\/maismagazine.pt\/index.php\/2023\/11\/17\/almada-o-destino-apetecivel-todo-o-ano\/","title":{"rendered":"Almada: O destino apetec\u00edvel todo o ano"},"content":{"rendered":"\n<p><strong>Famosa pelo incontorn\u00e1vel Santu\u00e1rio do Cristo Rei, pela maravilhosa e privilegiada vista para a cidade de Lisboa e pelas praias da Costa da Caparica, <a href=\"http:\/\/www.cm-almada.pt\">Almada<\/a> \u00e9 um dos concelhos portugueses de visita obrigat\u00f3ria. Os passeios pedestres em contexto de natureza pura, o patrim\u00f3nio, os in\u00fameros eventos culturais, e a oferta gastron\u00f3mica de excel\u00eancia, comp\u00f5em uma oferta tur\u00edstica diversificada e para todos os gostos, 365 dias por ano. <\/strong><\/p>\n\n\n\n<p><\/p>\n\n\n\n<p>Considerado por muitos a porta aberta para o sul de Portugal, o concelho de Almada destaca-se pela harmonia entre os prazeres da praia, o verde da natureza e o ambiente cosmopolita. A localiza\u00e7\u00e3o geogr\u00e1fica privilegiada de Almada, com uma vista soberba para o Rio Tejo e para a cidade de Lisboa, faz do concelho uma das paragens obrigat\u00f3rias para quem visita Portugal. Neste concelho, localizado mesmo em frente \u00e0 capital, pode-se vivenciar um leque de atividades, experi\u00eancias e tradi\u00e7\u00f5es que tornam Almada num destino tur\u00edstico bastante diversificado durante todos os dias do ano. Para al\u00e9m das famosas vistas e praias de areia fina e branca, o concelho emoldurado pelo estu\u00e1rio do Tejo e pelo Atl\u00e2ntico, distingue-se tamb\u00e9m pelo seu patrim\u00f3nio hist\u00f3rico, por uma oferta gastron\u00f3mica de excel\u00eancia, pelo tradicionalmente rico programa da sua agenda cultural, e por deter as condi\u00e7\u00f5es ideais para a pr\u00e1tica de um vasto leque de desportos mar\u00edtimos e de natureza, apostando na sustentabilidade e na vida ao ar livre. <\/p>\n\n\n\n<p><\/p>\n\n\n\n<p><strong>Aprecie o vasto e rico patrim\u00f3nio hist\u00f3rico e cultural presente em Almada<\/strong><\/p>\n\n\n\n<p>Fazer um roteiro tur\u00edstico pelos principais pontos de interesse em Almada n\u00e3o \u00e9 tarefa f\u00e1cil, n\u00e3o faltando locais emblem\u00e1ticos e paisagens magnificas emolduradas pelo horizonte. O Santu\u00e1rio do Cristo Rei \u00e9 o ex-l\u00edbris da cidade de Almada, este monumento, que se ergue a mais de 100 metros, com vistas de 360\u00ba sobre toda a regi\u00e3o de Lisboa, o rio e o oceano, \u00e9 um dos pontos tur\u00edsticos de maior aflu\u00eancia procurado por milhares de visitantes e peregrinos durante todo o ano. Descendo at\u00e9 ao Mar da Palha, uma grande bacia do estu\u00e1rio do Rio Tejo, \u00e9 nos poss\u00edvel chegar a Cacilhas, onde podemos encontrar o emblem\u00e1tico Farol de Cacilhas, o submarino Barracuda e a Fragata D. Fernando II e Gl\u00f3ria, que recria a vida a bordo em pleno s\u00e9culo XIX. Percorrendo as margens do Rio Tejo, podemos ainda avistar o Chafariz de Cacilhas, no cora\u00e7\u00e3o da localidade, mesmo ao lado do secular S\u00edtio Arqueol\u00f3gico da F\u00e1brica Romana de Salga de Peixe (s\u00e9culos I a III, d.C.) e da Igreja de Nossa Senhora do Bom Sucesso, com a imagem que ainda hoje sai em prociss\u00e3o, pelo milagre de salvar as gentes de Cacilhas no terramoto de 1755. <\/p>\n\n\n\n<figure class=\"wp-block-gallery has-nested-images columns-default is-cropped wp-block-gallery-1 is-layout-flex wp-block-gallery-is-layout-flex\">\n<figure class=\"wp-block-image size-large\"><img loading=\"lazy\" decoding=\"async\" width=\"564\" height=\"376\" data-id=\"8269\" src=\"https:\/\/maismagazine.pt\/wp-content\/uploads\/2023\/11\/Convento-dos-Capuchos.jpg\" alt=\"\" class=\"wp-image-8269\" srcset=\"http:\/\/maismagazine.pt\/wp-content\/uploads\/2023\/11\/Convento-dos-Capuchos.jpg 564w, http:\/\/maismagazine.pt\/wp-content\/uploads\/2023\/11\/Convento-dos-Capuchos-300x200.jpg 300w, http:\/\/maismagazine.pt\/wp-content\/uploads\/2023\/11\/Convento-dos-Capuchos-150x100.jpg 150w\" sizes=\"auto, (max-width: 564px) 100vw, 564px\" \/><\/figure>\n\n\n\n<figure class=\"wp-block-image size-large\"><img loading=\"lazy\" decoding=\"async\" width=\"448\" height=\"672\" data-id=\"8270\" src=\"https:\/\/maismagazine.pt\/wp-content\/uploads\/2023\/11\/Parque-da-Paz-ao-Cristo-Rei.jpg\" alt=\"\" class=\"wp-image-8270\" srcset=\"http:\/\/maismagazine.pt\/wp-content\/uploads\/2023\/11\/Parque-da-Paz-ao-Cristo-Rei.jpg 448w, http:\/\/maismagazine.pt\/wp-content\/uploads\/2023\/11\/Parque-da-Paz-ao-Cristo-Rei-200x300.jpg 200w\" sizes=\"auto, (max-width: 448px) 100vw, 448px\" \/><\/figure>\n<\/figure>\n\n\n\n<p><\/p>\n\n\n\n<p>Subindo ao centro de Almada, encontra-se grande parte do patrim\u00f3nio hist\u00f3rico do concelho, nomeadamente o centro hist\u00f3rico, mas tamb\u00e9m a moderna Igreja da Nossa Senhora da Assun\u00e7\u00e3o, o Jardim Dr. Alberto Ara\u00fajo, com o painel de cer\u00e2mica de Manuel Cargaleiro, o edif\u00edcio da antiga F\u00e1brica Nacional de Rel\u00f3gios Monumentais &#8211; \u201cBoa Construtora\u201d, prestigiada pelo fabrico de famosos rel\u00f3gios e maquinismos de carrilh\u00e3o para monumentos nacionais e estrangeiros, ou ainda o edif\u00edcio da Sociedade Filarm\u00f3nica Incr\u00edvel Almadense, a mais centen\u00e1ria das coletividades do concelho de Almada e a segunda mais antiga do pa\u00eds. Ainda no cora\u00e7\u00e3o da cidade encontra-se a Igreja da Miseric\u00f3rdia, a Igreja de Santiago, o Jardim do Castelo, o Museu de Almada &#8211; Covas de P\u00e3o, o S\u00edtio Arqueol\u00f3gico da Quinta do Almaraz e a Casa da Cerca que, al\u00e9m de ser o Centro de Arte Contempor\u00e2nea de Almada, conta no seu Jardim \u201cO Ch\u00e3o das Artes\u201d, que explora a liga\u00e7\u00e3o entre a natureza e as artes pl\u00e1sticas, com vistas magn\u00edficas sobre o rio Tejo e a capital portuguesa. De destacar ainda a descida pelo elevador Panor\u00e2mico da Boca do Vento at\u00e9 ao Jardim do Rio, localizado mesmo junto \u00e0s \u00e1guas do rio Tejo, um bel\u00edssimo espa\u00e7o de frui\u00e7\u00e3o que d\u00e1 o mote para o seguimento do percurso nas importantes zonas de constru\u00e7\u00e3o e repara\u00e7\u00e3o naval de Olho de Boi, Ginjal, Cacilhas e dos antigos estaleiros da Lisnave. Uma viagem at\u00e9 ao centro de Almada permite-nos ainda ficar a conhecer aquele \u00e9 considerado o \u201cpulm\u00e3o da cidade\u201d, gra\u00e7as aos 50 hectares ricos em fauna e flora que comp\u00f5e o Parque da Paz. Este \u00e9 um espa\u00e7o ideal para toda a fam\u00edlia e para os amantes de natureza e praticantes de desporto. Este vasto espa\u00e7o de lazer apela \u00e0 descoberta de uma natureza surpreendente, com cerca de sete quil\u00f3metros de caminhos pedonais e cicl\u00e1veis por entre clareiras com relvados amplos, bosque, souto e pinhal manso, e lagos. No extremo norte do parque uma ponte pedonal liga-nos ao Parque Urbano do Pragal. O percurso segue por esta localidade, at\u00e9 ao novo Museu da \u00c1gua, a caminho do Cristo-Rei, ou permite chegar ao centro da cidade. A Cova da Piedade, uma freguesia do concelho de Almada, est\u00e1 apetrechada com um tesouro que conta um pouco da origem das gentes de Almada. As zonas da Romeira e Caramujo revelam-nos a mem\u00f3ria de um passado industrial, onde outrora se afirmavam o n\u00facleo corticeiro, a antiga F\u00e1brica de Moagem e a nora de ferro, e os segundos silos de cereais mais antigos da europa. Ap\u00f3s anos de decad\u00eancia, esta zona ganha agora uma nova vida com a arte urbana que decora e pinta as suas paredes e muros. Neste sentido, o Museu de Almada \u00e9 um espa\u00e7o de grande import\u00e2ncia para quem quer saber mais sobre a hist\u00f3ria dos almadenses, um espa\u00e7o onde est\u00e1 materializada e preservada tr\u00eas mil anos de hist\u00f3ria da regi\u00e3o. A beleza e as experi\u00eancias \u00fanicas que se podem encontrar em Almada n\u00e3o se resumem apenas \u00e0 pr\u00f3pria cidade e \u00e0s margens banhadas pelo Rio Tejo. Uma s\u00e9rie de localidades pitorescas que circundam a cidade de Almada e a pr\u00f3pria autenticidade das suas gentes, contam a hist\u00f3ria das atividades ribeirinhas tradicionais que se realizavam nas localidades. Neste sentido, a Trafaria, o Porto Brand\u00e3o ou a Caparica desvendam um pouco mais da hist\u00f3ria dos almadenses. Por exemplo, na Caparica, o Convento dos Capuchos, com os seus jardins e miradouros, assume-se hoje como um centro cultural com programa\u00e7\u00e3o de excel\u00eancia, um patrim\u00f3nio arquitet\u00f3nico e hist\u00f3rico que ainda espelha a simplicidade, o isolamento e a contempla\u00e7\u00e3o do quotidiano dos frades franciscanos que aqui viveram. Na zona mais rural do concelho, a Sobreda destaca-se pela forte tradi\u00e7\u00e3o de arte equestre e pela sua antiga quinta agr\u00edcola do s\u00e9culo XVIII, o Solar dos Zagallos, hoje tamb\u00e9m centro cultural que, juntamente com os seus jardins rom\u00e2nticos e capelas, conserva um vasto esp\u00f3lio de azulejos portugueses e \u00e9 digno de visita. <\/p>\n\n\n\n<figure class=\"wp-block-gallery has-nested-images columns-default is-cropped wp-block-gallery-2 is-layout-flex wp-block-gallery-is-layout-flex\">\n<figure class=\"wp-block-image size-large\"><img loading=\"lazy\" decoding=\"async\" width=\"504\" height=\"336\" data-id=\"8272\" src=\"https:\/\/maismagazine.pt\/wp-content\/uploads\/2023\/11\/Jardim-da-Cova-da-Piedade.jpg\" alt=\"\" class=\"wp-image-8272\" srcset=\"http:\/\/maismagazine.pt\/wp-content\/uploads\/2023\/11\/Jardim-da-Cova-da-Piedade.jpg 504w, http:\/\/maismagazine.pt\/wp-content\/uploads\/2023\/11\/Jardim-da-Cova-da-Piedade-300x200.jpg 300w, http:\/\/maismagazine.pt\/wp-content\/uploads\/2023\/11\/Jardim-da-Cova-da-Piedade-150x100.jpg 150w\" sizes=\"auto, (max-width: 504px) 100vw, 504px\" \/><\/figure>\n\n\n\n<figure class=\"wp-block-image size-large\"><img loading=\"lazy\" decoding=\"async\" width=\"708\" height=\"472\" data-id=\"8271\" src=\"https:\/\/maismagazine.pt\/wp-content\/uploads\/2023\/11\/Elevador-Panoramico.jpg\" alt=\"\" class=\"wp-image-8271\" srcset=\"http:\/\/maismagazine.pt\/wp-content\/uploads\/2023\/11\/Elevador-Panoramico.jpg 708w, http:\/\/maismagazine.pt\/wp-content\/uploads\/2023\/11\/Elevador-Panoramico-300x200.jpg 300w, http:\/\/maismagazine.pt\/wp-content\/uploads\/2023\/11\/Elevador-Panoramico-150x100.jpg 150w\" sizes=\"auto, (max-width: 708px) 100vw, 708px\" \/><\/figure>\n<\/figure>\n\n\n\n<p><\/p>\n\n\n\n<p><strong>Almada \u00e9 reconhecida pela jun\u00e7\u00e3o do ambiente cosmopolita, paisagens verdejantes e areais de areia fina e branca<\/strong><\/p>\n\n\n\n<p>Aliado ao vasto e \u00fanico patrim\u00f3nio hist\u00f3rico e cultural aqui presente, Almada \u00e9 ainda o epicentro de um extenso patrim\u00f3nio natural para explorar. Ali\u00e1s, o concelho sempre teve uma forte liga\u00e7\u00e3o \u00e0 Natureza, algo que n\u00e3o \u00e9 de estranhar, uma vez que 24% do seu territ\u00f3rio \u00e9 ocupado por \u00e1rea florestal. Assim, a comunh\u00e3o entre os espa\u00e7os verdes e o ambiente citadino \u00e9 uma marca indel\u00e9vel de Almada. A Reserva Bot\u00e2nica da Mata Nacional dos Medos \u00e9 prova disso mesmo, sendo que percorrer os seus trilhos permite alcan\u00e7ar os miradouros sobranceiros \u00e0s praias, de visita obrigat\u00f3ria, e explorar a Arriba F\u00f3ssil da Costa da Caparica, \u00e1rea protegida de grande relev\u00e2ncia geol\u00f3gica e geomorfol\u00f3gica, vegeta\u00e7\u00e3o aut\u00f3ctone e esp\u00e9cies de fauna e flora raras. Por todo o concelho de Almada \u00e9 poss\u00edvel encontrar parques e espa\u00e7os verdes, gra\u00e7as \u00e0 forte aposta na Natureza e sustentabilidade com que o concelho sempre se comprometeu. S\u00e3o muitos os parques urbanos e jardins que proporcionam uma experi\u00eancia \u00fanica de contacto com a Natureza, fazendo com que Almada seja uma das dez cidades mais verdes de Portugal (com 0.27m2 de jardins e parques por cada 1000 habitantes). Destaque para o Parque Aventura da Charneca de Caparica, que oferece \u00e1reas de recreio infantil, arborismo e escalada, percursos pedonais e pista cicl\u00e1vel, e para o Jardim Urbano da Costa da Caparica, que conta com um corte de t\u00e9nis, v\u00e1rios percursos cicl\u00e1veis e espa\u00e7os de recreio infantis e juvenis. Como n\u00e3o poderia deixar de ser, as carater\u00edsticas \u00edmpares que os espa\u00e7os verdes de Almada apresentam, formam um grande aliciante aos amantes de desportos junto da Natureza. Por isso mesmo, a regi\u00e3o \u00e9 f\u00e9rtil para a pr\u00e1tica de trekking, com destaque para a Grande Rota Europeia do Caminho do Atl\u00e2ntico (GR11-E9) e tamb\u00e9m de desportos radicais. A pr\u00e1tica de parapente, passeios de bicicleta e cavalo e os piqueniques tamb\u00e9m s\u00e3o recomendados. No Monte de Caparica localiza-se a Faculdade de Ci\u00eancias e tecnologia da Universidade Nova de Lisboa, a\u00ed existe um campus universit\u00e1rio e tecnol\u00f3gico que alberga centros de investiga\u00e7\u00e3o de renome e tamb\u00e9m ninhos empresariais, atraindo a Almada n\u00e3o s\u00f3 popula\u00e7\u00e3o estudantil como investigadores e investidores. Aqui a natureza \u00e9 inspiradora da inova\u00e7\u00e3o, da tecnologia e da ci\u00eancia. <\/p>\n\n\n\n<p><\/p>\n\n\n\n<p><strong>\u00c0 areia fina e branca das praias de Almada, juntam-se as belas paisagens que emolduram o cen\u00e1rio balnear do concelho<\/strong><\/p>\n\n\n\n<p>Almada \u00e9 igualmente reconhecida e procurada pelos seus extensos areais, que nos brindam com uma \u00e1rea fina e branca de excel\u00eancia para a pr\u00e1tica balnear. \u00c0s tonalidades do azul das praias, junta-se a paisagem verde dada pela Arriba F\u00f3ssil, que circunda e d\u00e1 cor a cerca de 13km de areal. As praias dunares, que se iniciam logo ap\u00f3s o local de jun\u00e7\u00e3o do Tejo e do Atl\u00e2ntico, passando pela Frente Urbana de Praias da Costa da Caparica at\u00e9, mais a sul, percorrer as terras da Costa e chegar \u00e0 aldeia piscat\u00f3ria da Fonte da Telha, as paisagens e diferentes ambientes, tornam inconfund\u00edveis as praias da regi\u00e3o. Dadas as circunst\u00e2ncias, a frente atl\u00e2ntica de Almada atrai milhares de pessoas e oferece excelentes condi\u00e7\u00f5es para a pr\u00e1tica de desportos de onda e fascina pelos seus sunsets, sempre apetec\u00edveis e pela sua liga\u00e7\u00e3o \u00e0 pesca tradicional, em especial \u00e0 Arte X\u00e1vega, patrim\u00f3nio identit\u00e1rio da Costa da Caparica. A excel\u00eancia destas praias confere-lhes a todas a Distin\u00e7\u00e3o de Praia Qualidade Ouro, pela Quercus e a dez delas, a Distin\u00e7\u00e3o Bandeira Azul, pela FEE. <\/p>\n\n\n\n<figure class=\"wp-block-gallery has-nested-images columns-default is-cropped wp-block-gallery-3 is-layout-flex wp-block-gallery-is-layout-flex\">\n<figure class=\"wp-block-image size-large\"><img loading=\"lazy\" decoding=\"async\" width=\"504\" height=\"336\" data-id=\"8274\" src=\"https:\/\/maismagazine.pt\/wp-content\/uploads\/2023\/11\/Parque-da-Paz.jpg\" alt=\"\" class=\"wp-image-8274\" srcset=\"http:\/\/maismagazine.pt\/wp-content\/uploads\/2023\/11\/Parque-da-Paz.jpg 504w, http:\/\/maismagazine.pt\/wp-content\/uploads\/2023\/11\/Parque-da-Paz-300x200.jpg 300w, http:\/\/maismagazine.pt\/wp-content\/uploads\/2023\/11\/Parque-da-Paz-150x100.jpg 150w\" sizes=\"auto, (max-width: 504px) 100vw, 504px\" \/><\/figure>\n\n\n\n<figure class=\"wp-block-image size-large\"><img loading=\"lazy\" decoding=\"async\" width=\"243\" height=\"363\" data-id=\"8273\" src=\"https:\/\/maismagazine.pt\/wp-content\/uploads\/2023\/11\/Metro-de-Superficie.jpg\" alt=\"\" class=\"wp-image-8273\" srcset=\"http:\/\/maismagazine.pt\/wp-content\/uploads\/2023\/11\/Metro-de-Superficie.jpg 243w, http:\/\/maismagazine.pt\/wp-content\/uploads\/2023\/11\/Metro-de-Superficie-201x300.jpg 201w\" sizes=\"auto, (max-width: 243px) 100vw, 243px\" \/><\/figure>\n<\/figure>\n\n\n\n<p><\/p>\n\n\n\n<p><strong>A oferta gastron\u00f3mica de Almada deixa qualquer um de \u00e1gua na boca<\/strong><\/p>\n\n\n\n<p>Muitas das iguarias que fazem parte da cozinha tradicional portuguesa podem ser encontradas em Almada, sendo parte integrante da identidade do concelho. Assim, uma visita a Almada s\u00f3 fica completa se fizer uma pausa para saborear a apetitosa e generosa oferta gastron\u00f3mica do concelho, que reflete em cada prato a autenticidade tradicional, mas tamb\u00e9m a inova\u00e7\u00e3o cosmopolita que se sente nas cozinhas de autor que se podem provar. Naturalmente que o roteiro gastron\u00f3mico de Almada est\u00e1 fortemente ligado aos sabores extra\u00eddos do oceano, sendo exemplo os pratos de peixe fresco, marisco, cataplanas, caldeiradas, \u201cAmeijoas \u00e0 Bulh\u00e3o Pato\u201d e carvoadas que se podem encontrar pelos restaurantes almadenses. Para ado\u00e7ar a boca, a do\u00e7aria t\u00edpica de Almada, a regi\u00e3o convida a provar os t\u00edpicos Past\u00e9is Al-Madan, os Cl\u00e1udinos, os Past\u00e9is de Santo Ant\u00f3nio, entre muitas outras p\u00e9rolas da pastelaria e confeitaria. Estes sabores locais expressam-se por meio de v\u00e1rios eventos gastron\u00f3micos, que se unem a tantos outros, numa agenda cultural din\u00e2mica e bem recheada de atividades de grande notoriedade (em \u00e1reas como a m\u00fasica, o teatro ou o desporto), ao longo de todo o ano. Cada vez mais, a vida cultural almadense atrai n\u00e3o s\u00f3 os locais como os visitantes nacionais e estrangeiros, potenciando um territ\u00f3rio f\u00e9rtil em criatividade, modernismo e empreendedorismo. Assim, n\u00e3o faltam raz\u00f5es para fazer uma visita a Almada e ficar a conhecer as singularidades deste territ\u00f3rio e deixar-se levar pelas in\u00fameras experi\u00eancias que aqui pode encontrar. Sempre com o Tejo no horizonte, o vasto leque de oferta tur\u00edstica garante que qualquer dia \u00e9 um bom dia para conhecer Almada. <\/p>\n\n\n<div class=\"wp-block-image\">\n<figure class=\"aligncenter size-full is-resized\"><img loading=\"lazy\" decoding=\"async\" width=\"285\" height=\"199\" src=\"https:\/\/maismagazine.pt\/wp-content\/uploads\/2023\/11\/Logo-horizontal_.png\" alt=\"\" class=\"wp-image-8275\" style=\"aspect-ratio:1.4321608040201006;width:245px;height:auto\"\/><\/figure><\/div>","protected":false},"excerpt":{"rendered":"<p>Famosa pelo incontorn\u00e1vel Santu\u00e1rio do Cristo Rei, pela maravilhosa e privilegiada vista para a cidade de Lisboa e pelas praias da Costa da Caparica, Almada \u00e9 um dos concelhos portugueses de visita obrigat\u00f3ria. Os passeios pedestres em contexto de natureza pura, o patrim\u00f3nio, os in\u00fameros eventos culturais, e a oferta&hellip;<\/p>\n","protected":false},"author":17,"featured_media":8279,"comment_status":"closed","ping_status":"open","sticky":false,"template":"","format":"standard","meta":{"advgb_blocks_editor_width":"","advgb_blocks_columns_visual_guide":"","_monsterinsights_skip_tracking":false,"_monsterinsights_sitenote_active":false,"_monsterinsights_sitenote_note":"","_monsterinsights_sitenote_category":0,"footnotes":""},"categories":[50],"tags":[440],"class_list":["post-8265","post","type-post","status-publish","format-standard","has-post-thumbnail","hentry","category-destaques","tag-almada"],"yoast_head":"<!-- This site is optimized with the Yoast SEO plugin v24.4 - https:\/\/yoast.com\/wordpress\/plugins\/seo\/ -->\n<title>Almada: O destino apetec\u00edvel todo o ano - Mais Magazine<\/title>\n<meta name=\"description\" content=\"Famosa pelo incontorn\u00e1vel Santu\u00e1rio do Cristo Rei, pela maravilhosa e privilegiada vista para a cidade de Lisboa e pelas praias da Costa da Caparica, Almada \u00e9 um dos concelhos portugueses de visita obrigat\u00f3ria. Os passeios pedestres em contexto de natureza pura, o patrim\u00f3nio, os in\u00fameros eventos culturais, e a oferta gastron\u00f3mica de excel\u00eancia, comp\u00f5em uma oferta tur\u00edstica diversificada e para todos os gostos, 365 dias por ano.\" \/>\n<meta name=\"robots\" content=\"index, follow, max-snippet:-1, max-image-preview:large, max-video-preview:-1\" \/>\n<link rel=\"canonical\" href=\"http:\/\/maismagazine.pt\/index.php\/2023\/11\/17\/almada-o-destino-apetecivel-todo-o-ano\/\" \/>\n<meta property=\"og:locale\" content=\"pt_PT\" \/>\n<meta property=\"og:type\" content=\"article\" \/>\n<meta property=\"og:title\" content=\"Almada: O destino apetec\u00edvel todo o ano - Mais Magazine\" \/>\n<meta property=\"og:description\" content=\"Famosa pelo incontorn\u00e1vel Santu\u00e1rio do Cristo Rei, pela maravilhosa e privilegiada vista para a cidade de Lisboa e pelas praias da Costa da Caparica, Almada \u00e9 um dos concelhos portugueses de visita obrigat\u00f3ria. Os passeios pedestres em contexto de natureza pura, o patrim\u00f3nio, os in\u00fameros eventos culturais, e a oferta gastron\u00f3mica de excel\u00eancia, comp\u00f5em uma oferta tur\u00edstica diversificada e para todos os gostos, 365 dias por ano.\" \/>\n<meta property=\"og:url\" content=\"http:\/\/maismagazine.pt\/index.php\/2023\/11\/17\/almada-o-destino-apetecivel-todo-o-ano\/\" \/>\n<meta property=\"og:site_name\" content=\"Mais Magazine\" \/>\n<meta property=\"article:published_time\" content=\"2023-11-17T07:00:00+00:00\" \/>\n<meta property=\"og:image\" content=\"http:\/\/maismagazine.pt\/wp-content\/uploads\/2023\/11\/Miradouro-do-Cristo-Rei-vista-Lisboa.jpg\" \/>\n\t<meta property=\"og:image:width\" content=\"840\" \/>\n\t<meta property=\"og:image:height\" content=\"560\" \/>\n\t<meta property=\"og:image:type\" content=\"image\/jpeg\" \/>\n<meta name=\"author\" content=\"Tiago Costa\" \/>\n<meta name=\"twitter:card\" content=\"summary_large_image\" \/>\n<meta name=\"twitter:label1\" content=\"Escrito por\" \/>\n\t<meta name=\"twitter:data1\" content=\"\" \/>\n\t<meta name=\"twitter:label2\" content=\"Tempo estimado de leitura\" \/>\n\t<meta name=\"twitter:data2\" content=\"13 minutos\" \/>\n<script type=\"application\/ld+json\" class=\"yoast-schema-graph\">{\"@context\":\"https:\/\/schema.org\",\"@graph\":[{\"@type\":\"Article\",\"@id\":\"http:\/\/maismagazine.pt\/index.php\/2023\/11\/17\/almada-o-destino-apetecivel-todo-o-ano\/#article\",\"isPartOf\":{\"@id\":\"http:\/\/maismagazine.pt\/index.php\/2023\/11\/17\/almada-o-destino-apetecivel-todo-o-ano\/\"},\"author\":{\"name\":\"Tiago Costa\",\"@id\":\"http:\/\/maismagazine.pt\/#\/schema\/person\/c6c5bfccc886434cbd11c74e035f9646\"},\"headline\":\"Almada: O destino apetec\u00edvel todo o ano\",\"datePublished\":\"2023-11-17T07:00:00+00:00\",\"mainEntityOfPage\":{\"@id\":\"http:\/\/maismagazine.pt\/index.php\/2023\/11\/17\/almada-o-destino-apetecivel-todo-o-ano\/\"},\"wordCount\":2147,\"publisher\":{\"@id\":\"http:\/\/maismagazine.pt\/#organization\"},\"image\":{\"@id\":\"http:\/\/maismagazine.pt\/index.php\/2023\/11\/17\/almada-o-destino-apetecivel-todo-o-ano\/#primaryimage\"},\"thumbnailUrl\":\"http:\/\/maismagazine.pt\/wp-content\/uploads\/2023\/11\/Miradouro-do-Cristo-Rei-vista-Lisboa.jpg\",\"keywords\":[\"Almada\"],\"articleSection\":[\"Destaques\"],\"inLanguage\":\"pt-PT\"},{\"@type\":\"WebPage\",\"@id\":\"http:\/\/maismagazine.pt\/index.php\/2023\/11\/17\/almada-o-destino-apetecivel-todo-o-ano\/\",\"url\":\"http:\/\/maismagazine.pt\/index.php\/2023\/11\/17\/almada-o-destino-apetecivel-todo-o-ano\/\",\"name\":\"Almada: O destino apetec\u00edvel todo o ano - Mais Magazine\",\"isPartOf\":{\"@id\":\"http:\/\/maismagazine.pt\/#website\"},\"primaryImageOfPage\":{\"@id\":\"http:\/\/maismagazine.pt\/index.php\/2023\/11\/17\/almada-o-destino-apetecivel-todo-o-ano\/#primaryimage\"},\"image\":{\"@id\":\"http:\/\/maismagazine.pt\/index.php\/2023\/11\/17\/almada-o-destino-apetecivel-todo-o-ano\/#primaryimage\"},\"thumbnailUrl\":\"http:\/\/maismagazine.pt\/wp-content\/uploads\/2023\/11\/Miradouro-do-Cristo-Rei-vista-Lisboa.jpg\",\"datePublished\":\"2023-11-17T07:00:00+00:00\",\"description\":\"Famosa pelo incontorn\u00e1vel Santu\u00e1rio do Cristo Rei, pela maravilhosa e privilegiada vista para a cidade de Lisboa e pelas praias da Costa da Caparica, Almada \u00e9 um dos concelhos portugueses de visita obrigat\u00f3ria. Os passeios pedestres em contexto de natureza pura, o patrim\u00f3nio, os in\u00fameros eventos culturais, e a oferta gastron\u00f3mica de excel\u00eancia, comp\u00f5em uma oferta tur\u00edstica diversificada e para todos os gostos, 365 dias por ano.\",\"breadcrumb\":{\"@id\":\"http:\/\/maismagazine.pt\/index.php\/2023\/11\/17\/almada-o-destino-apetecivel-todo-o-ano\/#breadcrumb\"},\"inLanguage\":\"pt-PT\",\"potentialAction\":[{\"@type\":\"ReadAction\",\"target\":[\"http:\/\/maismagazine.pt\/index.php\/2023\/11\/17\/almada-o-destino-apetecivel-todo-o-ano\/\"]}]},{\"@type\":\"ImageObject\",\"inLanguage\":\"pt-PT\",\"@id\":\"http:\/\/maismagazine.pt\/index.php\/2023\/11\/17\/almada-o-destino-apetecivel-todo-o-ano\/#primaryimage\",\"url\":\"http:\/\/maismagazine.pt\/wp-content\/uploads\/2023\/11\/Miradouro-do-Cristo-Rei-vista-Lisboa.jpg\",\"contentUrl\":\"http:\/\/maismagazine.pt\/wp-content\/uploads\/2023\/11\/Miradouro-do-Cristo-Rei-vista-Lisboa.jpg\",\"width\":840,\"height\":560,\"caption\":\"turismo almada portugal\"},{\"@type\":\"BreadcrumbList\",\"@id\":\"http:\/\/maismagazine.pt\/index.php\/2023\/11\/17\/almada-o-destino-apetecivel-todo-o-ano\/#breadcrumb\",\"itemListElement\":[{\"@type\":\"ListItem\",\"position\":1,\"name\":\"Home\",\"item\":\"http:\/\/maismagazine.pt\/\"},{\"@type\":\"ListItem\",\"position\":2,\"name\":\"Almada: O destino apetec\u00edvel todo o ano\"}]},{\"@type\":\"WebSite\",\"@id\":\"http:\/\/maismagazine.pt\/#website\",\"url\":\"http:\/\/maismagazine.pt\/\",\"name\":\"Mais Magazine\",\"description\":\"\",\"publisher\":{\"@id\":\"http:\/\/maismagazine.pt\/#organization\"},\"potentialAction\":[{\"@type\":\"SearchAction\",\"target\":{\"@type\":\"EntryPoint\",\"urlTemplate\":\"http:\/\/maismagazine.pt\/?s={search_term_string}\"},\"query-input\":{\"@type\":\"PropertyValueSpecification\",\"valueRequired\":true,\"valueName\":\"search_term_string\"}}],\"inLanguage\":\"pt-PT\"},{\"@type\":\"Organization\",\"@id\":\"http:\/\/maismagazine.pt\/#organization\",\"name\":\"Mais Magazine\",\"url\":\"http:\/\/maismagazine.pt\/\",\"logo\":{\"@type\":\"ImageObject\",\"inLanguage\":\"pt-PT\",\"@id\":\"http:\/\/maismagazine.pt\/#\/schema\/logo\/image\/\",\"url\":\"http:\/\/maismagazine.pt\/wp-content\/uploads\/2020\/04\/cropped-cropped-mais-magazine-site-logo-2.png\",\"contentUrl\":\"http:\/\/maismagazine.pt\/wp-content\/uploads\/2020\/04\/cropped-cropped-mais-magazine-site-logo-2.png\",\"width\":581,\"height\":90,\"caption\":\"Mais Magazine\"},\"image\":{\"@id\":\"http:\/\/maismagazine.pt\/#\/schema\/logo\/image\/\"}},{\"@type\":\"Person\",\"@id\":\"http:\/\/maismagazine.pt\/#\/schema\/person\/c6c5bfccc886434cbd11c74e035f9646\",\"name\":\"Tiago Costa\",\"image\":{\"@type\":\"ImageObject\",\"inLanguage\":\"pt-PT\",\"@id\":\"http:\/\/maismagazine.pt\/#\/schema\/person\/image\/\",\"url\":\"https:\/\/secure.gravatar.com\/avatar\/c599b2bce16c9870429198cbad5ee022?s=96&d=mm&r=g\",\"contentUrl\":\"https:\/\/secure.gravatar.com\/avatar\/c599b2bce16c9870429198cbad5ee022?s=96&d=mm&r=g\",\"caption\":\"Tiago Costa\"},\"url\":\"http:\/\/maismagazine.pt\/index.php\/author\/tiago\/\"}]}<\/script>\n<!-- \/ Yoast SEO plugin. -->","yoast_head_json":{"title":"Almada: O destino apetec\u00edvel todo o ano - Mais Magazine","description":"Famosa pelo incontorn\u00e1vel Santu\u00e1rio do Cristo Rei, pela maravilhosa e privilegiada vista para a cidade de Lisboa e pelas praias da Costa da Caparica, Almada \u00e9 um dos concelhos portugueses de visita obrigat\u00f3ria. Os passeios pedestres em contexto de natureza pura, o patrim\u00f3nio, os in\u00fameros eventos culturais, e a oferta gastron\u00f3mica de excel\u00eancia, comp\u00f5em uma oferta tur\u00edstica diversificada e para todos os gostos, 365 dias por ano.","robots":{"index":"index","follow":"follow","max-snippet":"max-snippet:-1","max-image-preview":"max-image-preview:large","max-video-preview":"max-video-preview:-1"},"canonical":"http:\/\/maismagazine.pt\/index.php\/2023\/11\/17\/almada-o-destino-apetecivel-todo-o-ano\/","og_locale":"pt_PT","og_type":"article","og_title":"Almada: O destino apetec\u00edvel todo o ano - Mais Magazine","og_description":"Famosa pelo incontorn\u00e1vel Santu\u00e1rio do Cristo Rei, pela maravilhosa e privilegiada vista para a cidade de Lisboa e pelas praias da Costa da Caparica, Almada \u00e9 um dos concelhos portugueses de visita obrigat\u00f3ria. Os passeios pedestres em contexto de natureza pura, o patrim\u00f3nio, os in\u00fameros eventos culturais, e a oferta gastron\u00f3mica de excel\u00eancia, comp\u00f5em uma oferta tur\u00edstica diversificada e para todos os gostos, 365 dias por ano.","og_url":"http:\/\/maismagazine.pt\/index.php\/2023\/11\/17\/almada-o-destino-apetecivel-todo-o-ano\/","og_site_name":"Mais Magazine","article_published_time":"2023-11-17T07:00:00+00:00","og_image":[{"width":840,"height":560,"url":"http:\/\/maismagazine.pt\/wp-content\/uploads\/2023\/11\/Miradouro-do-Cristo-Rei-vista-Lisboa.jpg","type":"image\/jpeg"}],"author":"Tiago Costa","twitter_card":"summary_large_image","twitter_misc":{"Escrito por":false,"Tempo estimado de leitura":"13 minutos"},"schema":{"@context":"https:\/\/schema.org","@graph":[{"@type":"Article","@id":"http:\/\/maismagazine.pt\/index.php\/2023\/11\/17\/almada-o-destino-apetecivel-todo-o-ano\/#article","isPartOf":{"@id":"http:\/\/maismagazine.pt\/index.php\/2023\/11\/17\/almada-o-destino-apetecivel-todo-o-ano\/"},"author":{"name":"Tiago Costa","@id":"http:\/\/maismagazine.pt\/#\/schema\/person\/c6c5bfccc886434cbd11c74e035f9646"},"headline":"Almada: O destino apetec\u00edvel todo o ano","datePublished":"2023-11-17T07:00:00+00:00","mainEntityOfPage":{"@id":"http:\/\/maismagazine.pt\/index.php\/2023\/11\/17\/almada-o-destino-apetecivel-todo-o-ano\/"},"wordCount":2147,"publisher":{"@id":"http:\/\/maismagazine.pt\/#organization"},"image":{"@id":"http:\/\/maismagazine.pt\/index.php\/2023\/11\/17\/almada-o-destino-apetecivel-todo-o-ano\/#primaryimage"},"thumbnailUrl":"http:\/\/maismagazine.pt\/wp-content\/uploads\/2023\/11\/Miradouro-do-Cristo-Rei-vista-Lisboa.jpg","keywords":["Almada"],"articleSection":["Destaques"],"inLanguage":"pt-PT"},{"@type":"WebPage","@id":"http:\/\/maismagazine.pt\/index.php\/2023\/11\/17\/almada-o-destino-apetecivel-todo-o-ano\/","url":"http:\/\/maismagazine.pt\/index.php\/2023\/11\/17\/almada-o-destino-apetecivel-todo-o-ano\/","name":"Almada: O destino apetec\u00edvel todo o ano - Mais Magazine","isPartOf":{"@id":"http:\/\/maismagazine.pt\/#website"},"primaryImageOfPage":{"@id":"http:\/\/maismagazine.pt\/index.php\/2023\/11\/17\/almada-o-destino-apetecivel-todo-o-ano\/#primaryimage"},"image":{"@id":"http:\/\/maismagazine.pt\/index.php\/2023\/11\/17\/almada-o-destino-apetecivel-todo-o-ano\/#primaryimage"},"thumbnailUrl":"http:\/\/maismagazine.pt\/wp-content\/uploads\/2023\/11\/Miradouro-do-Cristo-Rei-vista-Lisboa.jpg","datePublished":"2023-11-17T07:00:00+00:00","description":"Famosa pelo incontorn\u00e1vel Santu\u00e1rio do Cristo Rei, pela maravilhosa e privilegiada vista para a cidade de Lisboa e pelas praias da Costa da Caparica, Almada \u00e9 um dos concelhos portugueses de visita obrigat\u00f3ria. Os passeios pedestres em contexto de natureza pura, o patrim\u00f3nio, os in\u00fameros eventos culturais, e a oferta gastron\u00f3mica de excel\u00eancia, comp\u00f5em uma oferta tur\u00edstica diversificada e para todos os gostos, 365 dias por ano.","breadcrumb":{"@id":"http:\/\/maismagazine.pt\/index.php\/2023\/11\/17\/almada-o-destino-apetecivel-todo-o-ano\/#breadcrumb"},"inLanguage":"pt-PT","potentialAction":[{"@type":"ReadAction","target":["http:\/\/maismagazine.pt\/index.php\/2023\/11\/17\/almada-o-destino-apetecivel-todo-o-ano\/"]}]},{"@type":"ImageObject","inLanguage":"pt-PT","@id":"http:\/\/maismagazine.pt\/index.php\/2023\/11\/17\/almada-o-destino-apetecivel-todo-o-ano\/#primaryimage","url":"http:\/\/maismagazine.pt\/wp-content\/uploads\/2023\/11\/Miradouro-do-Cristo-Rei-vista-Lisboa.jpg","contentUrl":"http:\/\/maismagazine.pt\/wp-content\/uploads\/2023\/11\/Miradouro-do-Cristo-Rei-vista-Lisboa.jpg","width":840,"height":560,"caption":"turismo almada portugal"},{"@type":"BreadcrumbList","@id":"http:\/\/maismagazine.pt\/index.php\/2023\/11\/17\/almada-o-destino-apetecivel-todo-o-ano\/#breadcrumb","itemListElement":[{"@type":"ListItem","position":1,"name":"Home","item":"http:\/\/maismagazine.pt\/"},{"@type":"ListItem","position":2,"name":"Almada: O destino apetec\u00edvel todo o ano"}]},{"@type":"WebSite","@id":"http:\/\/maismagazine.pt\/#website","url":"http:\/\/maismagazine.pt\/","name":"Mais Magazine","description":"","publisher":{"@id":"http:\/\/maismagazine.pt\/#organization"},"potentialAction":[{"@type":"SearchAction","target":{"@type":"EntryPoint","urlTemplate":"http:\/\/maismagazine.pt\/?s={search_term_string}"},"query-input":{"@type":"PropertyValueSpecification","valueRequired":true,"valueName":"search_term_string"}}],"inLanguage":"pt-PT"},{"@type":"Organization","@id":"http:\/\/maismagazine.pt\/#organization","name":"Mais Magazine","url":"http:\/\/maismagazine.pt\/","logo":{"@type":"ImageObject","inLanguage":"pt-PT","@id":"http:\/\/maismagazine.pt\/#\/schema\/logo\/image\/","url":"http:\/\/maismagazine.pt\/wp-content\/uploads\/2020\/04\/cropped-cropped-mais-magazine-site-logo-2.png","contentUrl":"http:\/\/maismagazine.pt\/wp-content\/uploads\/2020\/04\/cropped-cropped-mais-magazine-site-logo-2.png","width":581,"height":90,"caption":"Mais Magazine"},"image":{"@id":"http:\/\/maismagazine.pt\/#\/schema\/logo\/image\/"}},{"@type":"Person","@id":"http:\/\/maismagazine.pt\/#\/schema\/person\/c6c5bfccc886434cbd11c74e035f9646","name":"Tiago Costa","image":{"@type":"ImageObject","inLanguage":"pt-PT","@id":"http:\/\/maismagazine.pt\/#\/schema\/person\/image\/","url":"https:\/\/secure.gravatar.com\/avatar\/c599b2bce16c9870429198cbad5ee022?s=96&d=mm&r=g","contentUrl":"https:\/\/secure.gravatar.com\/avatar\/c599b2bce16c9870429198cbad5ee022?s=96&d=mm&r=g","caption":"Tiago Costa"},"url":"http:\/\/maismagazine.pt\/index.php\/author\/tiago\/"}]}},"author_meta":{"display_name":false,"author_link":"http:\/\/maismagazine.pt\/index.php\/author\/tiago\/"},"featured_img":"http:\/\/maismagazine.pt\/wp-content\/uploads\/2023\/11\/Miradouro-do-Cristo-Rei-vista-Lisboa-300x200.jpg","coauthors":[],"tax_additional":{"categories":{"linked":["<a href=\"http:\/\/maismagazine.pt\/index.php\/category\/destaques\/\" class=\"advgb-post-tax-term\">Destaques<\/a>"],"unlinked":["<span class=\"advgb-post-tax-term\">Destaques<\/span>"]},"tags":{"linked":["<a href=\"http:\/\/maismagazine.pt\/index.php\/category\/destaques\/\" class=\"advgb-post-tax-term\">Almada<\/a>"],"unlinked":["<span class=\"advgb-post-tax-term\">Almada<\/span>"]}},"comment_count":"0","relative_dates":{"created":"Posted 2 anos ago","modified":"Updated 2 anos ago"},"absolute_dates":{"created":"Posted on 17 de Novembro, 2023","modified":"Updated on 13 de Novembro, 2023"},"absolute_dates_time":{"created":"Posted on 17 de Novembro, 2023 7:00","modified":"Updated on 13 de Novembro, 2023 11:23"},"featured_img_caption":"turismo almada portugal","series_order":"","_links":{"self":[{"href":"http:\/\/maismagazine.pt\/index.php\/wp-json\/wp\/v2\/posts\/8265","targetHints":{"allow":["GET"]}}],"collection":[{"href":"http:\/\/maismagazine.pt\/index.php\/wp-json\/wp\/v2\/posts"}],"about":[{"href":"http:\/\/maismagazine.pt\/index.php\/wp-json\/wp\/v2\/types\/post"}],"author":[{"embeddable":true,"href":"http:\/\/maismagazine.pt\/index.php\/wp-json\/wp\/v2\/users\/17"}],"replies":[{"embeddable":true,"href":"http:\/\/maismagazine.pt\/index.php\/wp-json\/wp\/v2\/comments?post=8265"}],"version-history":[{"count":1,"href":"http:\/\/maismagazine.pt\/index.php\/wp-json\/wp\/v2\/posts\/8265\/revisions"}],"predecessor-version":[{"id":8281,"href":"http:\/\/maismagazine.pt\/index.php\/wp-json\/wp\/v2\/posts\/8265\/revisions\/8281"}],"wp:featuredmedia":[{"embeddable":true,"href":"http:\/\/maismagazine.pt\/index.php\/wp-json\/wp\/v2\/media\/8279"}],"wp:attachment":[{"href":"http:\/\/maismagazine.pt\/index.php\/wp-json\/wp\/v2\/media?parent=8265"}],"wp:term":[{"taxonomy":"category","embeddable":true,"href":"http:\/\/maismagazine.pt\/index.php\/wp-json\/wp\/v2\/categories?post=8265"},{"taxonomy":"post_tag","embeddable":true,"href":"http:\/\/maismagazine.pt\/index.php\/wp-json\/wp\/v2\/tags?post=8265"}],"curies":[{"name":"wp","href":"https:\/\/api.w.org\/{rel}","templated":true}]}}