{"id":8256,"date":"2023-11-17T07:00:00","date_gmt":"2023-11-17T07:00:00","guid":{"rendered":"https:\/\/maismagazine.pt\/?p=8256"},"modified":"2023-11-13T11:23:13","modified_gmt":"2023-11-13T11:23:13","slug":"ha-mais-de-20-anos-na-vanguarda-da-gestao-das-aguas","status":"publish","type":"post","link":"http:\/\/maismagazine.pt\/index.php\/2023\/11\/17\/ha-mais-de-20-anos-na-vanguarda-da-gestao-das-aguas\/","title":{"rendered":"H\u00e1 mais de 20 anos na vanguarda da gest\u00e3o das \u00e1guas"},"content":{"rendered":"\n<p><strong>Somos uma empresa de engenharia de comunica\u00e7\u00f5es, com mais de 20 anos de experi\u00eancia em solu\u00e7\u00f5es-chave na m\u00e3o, que aposta na inova\u00e7\u00e3o e na cria\u00e7\u00e3o de solu\u00e7\u00f5es pr\u00f3prias e diferenciadas, que respondam \u00e0s necessidades dos nossos clientes.<\/strong><\/p>\n\n\n\n<p><\/p>\n\n\n\n<p>Ao longo dos anos, temos vindo a desenvolver solu\u00e7\u00f5es que auxiliam os processos de digitaliza\u00e7\u00e3o das cidades nas mais diversas aplica\u00e7\u00f5es. Temos desenvolvido solu\u00e7\u00f5es que permitem a cria\u00e7\u00e3o de Smart Cities, em \u00e1reas como a Mobilidade, \u00c1guas, Contagem de pessoas\/ve\u00edculos entre outros.<\/p>\n\n\n\n<p><\/p>\n\n\n\n<p>Apresentamos solu\u00e7\u00f5es de conectividade que visam permitir a recolha de dados das mais diversas aplica\u00e7\u00f5es de forma segura e resiliente, e que, por sua vez, permitem entregar a um ecossistema de an\u00e1lise e atua\u00e7\u00e3o central. As nossas solu\u00e7\u00f5es baseiam-se em solu\u00e7\u00f5es tecnol\u00f3gicas (Hardware e Software) que recolhem, tratam, armazenam e enviam via APIs para diversos ecossistemas onde os decisores comodamente podem analisar e tomar decis\u00f5es<\/p>\n\n\n\n<p><\/p>\n\n\n\n<p>Importa salientar que o sistema de conectividade \u00e9 produzido e desenvolvido pela <a href=\"http:\/\/www.wavecom.pt\">Wavecom<\/a> atrav\u00e9s de uma equipa de engenharia especializada que permite a entrega da solu\u00e7\u00e3o end to end.<\/p>\n\n\n\n<p><\/p>\n\n\n\n<p>No setor da \u00e1gua, temos milhares de contadores conectados aos nossos sistemas em diversas cidades do pa\u00eds. Esta solu\u00e7\u00e3o permite a comunica\u00e7\u00e3o com m\u00faltiplos contadores de \u00e1gua instalados nos edif\u00edcios p\u00fablicos e privados de forma a permitir a recolha de informa\u00e7\u00e3o das contagens, obtendo assim um hist\u00f3rico de consumo individual por edif\u00edcio.<\/p>\n\n\n\n<p><\/p>\n\n\n\n<p>Estas solu\u00e7\u00f5es permitem \u00e0s entidades gestoras de \u00e1guas e\/ou aos munic\u00edpios, melhorarem:<\/p>\n\n\n\n<p>\u2022 Efici\u00eancia &#8211; monitoriza\u00e7\u00e3o atrav\u00e9s de obten\u00e7\u00e3o de registo com hist\u00f3rico de consumos e caudais ao longo do tempo e com resolu\u00e7\u00e3o vari\u00e1vel<\/p>\n\n\n\n<p>\u2022 Rapidez na dete\u00e7\u00e3o de perdas \u2013 com envio de alertas<\/p>\n\n\n\n<p>\u2022 Transpar\u00eancia para o consumidor<\/p>\n\n\n\n<p>\u2013 Envio autom\u00e1tico de contagens, sem qualquer interven\u00e7\u00e3o humana<\/p>\n\n\n\n<p>\u2013 Consulta de hist\u00f3ricos <\/p>\n\n\n\n<p><\/p>\n\n\n\n<p>Continuando a estrat\u00e9gia na aposta e na melhoria nesta \u00e1rea, as regas s\u00e3o tamb\u00e9m uma aplica\u00e7\u00e3o que tem vindo a ser abordada. As solu\u00e7\u00f5es das regas desenvolvidas permitem: <\/p>\n\n\n\n<p>Ganhos de efici\u00eancia<\/p>\n\n\n\n<p>\u2022 Cria\u00e7\u00e3o de controlos de rega remoto com regras de acordo com previs\u00e3o de chuva e humidades dos diferentes solos<\/p>\n\n\n\n<p>\u2013 Obten\u00e7\u00e3o de consumos de \u00e1gua <\/p>\n\n\n\n<p>Dete\u00e7\u00e3o de perdas<\/p>\n\n\n\n<p>\u2022 Cria\u00e7\u00e3o de alarm\u00edstica global e filtrada por tipo de jardim, \u00e1rea. Cada jardim \u00e9 \u00fanico com as suas especificidades de flores.<\/p>\n\n\n\n<p><\/p>\n\n\n\n<p>Nas \u00e1guas, claramente, verificamos a possibilidade de melhorarmos a efici\u00eancia do setor atrav\u00e9s de uma solu\u00e7\u00e3o capaz de recolher, informar e armazenar todos os dados de contagem com um retorno de investimento r\u00e1pido para as entidades do setor.<\/p>\n\n\n\n<p><\/p>\n\n\n\n<p>Com a aposta neste setor, temos desenvolvido de forma continuada o portf\u00f3lio com cria\u00e7\u00e3o de solu\u00e7\u00f5es inovadoras, que visam melhorar a efici\u00eancia e a capacidade de resposta dos munic\u00edpios e\/ou entidades gestoras de \u00e1guas.<\/p>\n\n\n\n<p><\/p>\n\n\n\n<p>A introdu\u00e7\u00e3o da telecontagem, motivada por necessidades como: leituras, redu\u00e7\u00e3o de perdas, an\u00e1lise de perfil de consumos, chamou a aten\u00e7\u00e3o das entidades reguladoras para uma nova e importante necessidade: a comunica\u00e7\u00e3o dos dados recolhidos pelos contadores.<\/p>\n\n\n\n<p><\/p>\n\n\n\n<p>Neste novo panorama, o conhecimento de uma empresa como a Wavecom, que conta com uma vasta experi\u00eancia em cen\u00e1rios exigentes (os parques e\u00f3licos s\u00e3o um exemplo), s\u00e3o de extrema import\u00e2ncia para o sucesso da implementa\u00e7\u00e3o da telemetria residencial, cujo n\u00famero de contadores que comunicam para a rede podem passar de dezenas\/centenas para milhares de dispositivos. <\/p>\n\n\n\n<p><\/p>\n\n\n\n<p>Ainda como fabricante de equipamentos de comunica\u00e7\u00e3o LoRaWAN a Wavecom torna-se numa mais-valia nos cen\u00e1rios em que \u00e9 pretendida a comunica\u00e7\u00e3o por este protocolo. A nossa aposta em solu\u00e7\u00f5es multiprotocolo, abertas (muito importante porque s\u00e3o agn\u00f3sticas a marcas e modelos), procura a otimiza\u00e7\u00e3o da comunica\u00e7\u00e3o em cada cen\u00e1rio. \u00c9 nesta linha que se inserem os projetos em NB-IoT e WM-BUS nomeadamente, mas sem deixar de olhar para outras solu\u00e7\u00f5es de comunica\u00e7\u00e3o que podem ser aplicadas em determinados cen\u00e1rios e sem descurar para projetos de I&amp;D com as universidades e os polit\u00e9cnicos nacionais.<\/p>\n\n\n\n<p><\/p>\n\n\n\n<p>Nos pr\u00f3ximos anos, continuaremos a estrat\u00e9gia na aposta das cidades, nas \u00e1reas ligadas \u00e0 melhoria de consumos, um dos pontos mais cr\u00edticos. Nesse sentido, a nossa estrat\u00e9gia passa por continuar a apostar no setor das \u00e1guas, onde verificamos a possibilidade de melhorar a efici\u00eancia do setor atrav\u00e9s de uma solu\u00e7\u00e3o capaz de recolher, informar e armazenar todos os dados de contagem com um retorno de investimento r\u00e1pido para as entidades.<\/p>\n\n\n\n<p><\/p>\n\n\n<div class=\"wp-block-image\">\n<figure class=\"aligncenter size-large is-resized\"><img loading=\"lazy\" decoding=\"async\" width=\"1024\" height=\"220\" src=\"https:\/\/maismagazine.pt\/wp-content\/uploads\/2023\/11\/d-1024x220.jpg\" alt=\"\" class=\"wp-image-8282\" style=\"aspect-ratio:4.654545454545454;width:354px;height:auto\" srcset=\"http:\/\/maismagazine.pt\/wp-content\/uploads\/2023\/11\/d-1024x220.jpg 1024w, http:\/\/maismagazine.pt\/wp-content\/uploads\/2023\/11\/d-300x64.jpg 300w, http:\/\/maismagazine.pt\/wp-content\/uploads\/2023\/11\/d-768x165.jpg 768w, http:\/\/maismagazine.pt\/wp-content\/uploads\/2023\/11\/d-1536x329.jpg 1536w, http:\/\/maismagazine.pt\/wp-content\/uploads\/2023\/11\/d.jpg 2048w\" sizes=\"auto, (max-width: 1024px) 100vw, 1024px\" \/><\/figure><\/div>","protected":false},"excerpt":{"rendered":"<p>Somos uma empresa de engenharia de comunica\u00e7\u00f5es, com mais de 20 anos de experi\u00eancia em solu\u00e7\u00f5es-chave na m\u00e3o, que aposta na inova\u00e7\u00e3o e na cria\u00e7\u00e3o de solu\u00e7\u00f5es pr\u00f3prias e diferenciadas, que respondam \u00e0s necessidades dos nossos clientes. Ao longo dos anos, temos vindo a desenvolver solu\u00e7\u00f5es que auxiliam os processos&hellip;<\/p>\n","protected":false},"author":18,"featured_media":8266,"comment_status":"closed","ping_status":"open","sticky":false,"template":"","format":"standard","meta":{"advgb_blocks_editor_width":"","advgb_blocks_columns_visual_guide":"","_monsterinsights_skip_tracking":false,"_monsterinsights_sitenote_active":false,"_monsterinsights_sitenote_note":"","_monsterinsights_sitenote_category":0,"footnotes":""},"categories":[78],"tags":[107,244,102,1755],"class_list":["post-8256","post","type-post","status-publish","format-standard","has-post-thumbnail","hentry","category-ambiente-e-sustentabilidade","tag-agua","tag-engenharia","tag-inovacao","tag-wavecom"],"yoast_head":"<!-- This site is optimized with the Yoast SEO plugin v24.4 - https:\/\/yoast.com\/wordpress\/plugins\/seo\/ -->\n<title>H\u00e1 mais de 20 anos na vanguarda da gest\u00e3o das \u00e1guas - Mais Magazine<\/title>\n<meta name=\"robots\" content=\"index, follow, max-snippet:-1, max-image-preview:large, max-video-preview:-1\" \/>\n<link rel=\"canonical\" href=\"https:\/\/maismagazine.pt\/index.php\/2023\/11\/17\/ha-mais-de-20-anos-na-vanguarda-da-gestao-das-aguas\/\" \/>\n<meta property=\"og:locale\" content=\"pt_PT\" \/>\n<meta property=\"og:type\" content=\"article\" \/>\n<meta property=\"og:title\" content=\"H\u00e1 mais de 20 anos na vanguarda da gest\u00e3o das \u00e1guas - Mais Magazine\" \/>\n<meta property=\"og:description\" content=\"Somos uma empresa de engenharia de comunica\u00e7\u00f5es, com mais de 20 anos de experi\u00eancia em solu\u00e7\u00f5es-chave na m\u00e3o, que aposta na inova\u00e7\u00e3o e na cria\u00e7\u00e3o de solu\u00e7\u00f5es pr\u00f3prias e diferenciadas, que respondam \u00e0s necessidades dos nossos clientes. Ao longo dos anos, temos vindo a desenvolver solu\u00e7\u00f5es que auxiliam os processos&hellip;\" \/>\n<meta property=\"og:url\" content=\"https:\/\/maismagazine.pt\/index.php\/2023\/11\/17\/ha-mais-de-20-anos-na-vanguarda-da-gestao-das-aguas\/\" \/>\n<meta property=\"og:site_name\" content=\"Mais Magazine\" \/>\n<meta property=\"article:published_time\" content=\"2023-11-17T07:00:00+00:00\" \/>\n<meta property=\"og:image\" content=\"https:\/\/maismagazine.pt\/wp-content\/uploads\/2023\/11\/Smart-Water_Flyer-scaled.jpg\" \/>\n\t<meta property=\"og:image:width\" content=\"2560\" \/>\n\t<meta property=\"og:image:height\" content=\"1548\" \/>\n\t<meta property=\"og:image:type\" content=\"image\/jpeg\" \/>\n<meta name=\"author\" content=\"Tatiana Martins\" \/>\n<meta name=\"twitter:card\" content=\"summary_large_image\" \/>\n<meta name=\"twitter:label1\" content=\"Escrito por\" \/>\n\t<meta name=\"twitter:data1\" content=\"\" \/>\n\t<meta name=\"twitter:label2\" content=\"Tempo estimado de leitura\" \/>\n\t<meta name=\"twitter:data2\" content=\"5 minutos\" \/>\n<script type=\"application\/ld+json\" class=\"yoast-schema-graph\">{\"@context\":\"https:\/\/schema.org\",\"@graph\":[{\"@type\":\"Article\",\"@id\":\"https:\/\/maismagazine.pt\/index.php\/2023\/11\/17\/ha-mais-de-20-anos-na-vanguarda-da-gestao-das-aguas\/#article\",\"isPartOf\":{\"@id\":\"https:\/\/maismagazine.pt\/index.php\/2023\/11\/17\/ha-mais-de-20-anos-na-vanguarda-da-gestao-das-aguas\/\"},\"author\":{\"name\":\"Tatiana Martins\",\"@id\":\"http:\/\/maismagazine.pt\/#\/schema\/person\/7426e2caeb8df32a1b56aa48dae778c9\"},\"headline\":\"H\u00e1 mais de 20 anos na vanguarda da gest\u00e3o das \u00e1guas\",\"datePublished\":\"2023-11-17T07:00:00+00:00\",\"mainEntityOfPage\":{\"@id\":\"https:\/\/maismagazine.pt\/index.php\/2023\/11\/17\/ha-mais-de-20-anos-na-vanguarda-da-gestao-das-aguas\/\"},\"wordCount\":800,\"publisher\":{\"@id\":\"http:\/\/maismagazine.pt\/#organization\"},\"image\":{\"@id\":\"https:\/\/maismagazine.pt\/index.php\/2023\/11\/17\/ha-mais-de-20-anos-na-vanguarda-da-gestao-das-aguas\/#primaryimage\"},\"thumbnailUrl\":\"http:\/\/maismagazine.pt\/wp-content\/uploads\/2023\/11\/Smart-Water_Flyer-scaled.jpg\",\"keywords\":[\"\u00c1gua\",\"Engenharia\",\"inova\u00e7\u00e3o\",\"Wavecom\"],\"articleSection\":[\"Ambiente e Sustentabilidade\"],\"inLanguage\":\"pt-PT\"},{\"@type\":\"WebPage\",\"@id\":\"https:\/\/maismagazine.pt\/index.php\/2023\/11\/17\/ha-mais-de-20-anos-na-vanguarda-da-gestao-das-aguas\/\",\"url\":\"https:\/\/maismagazine.pt\/index.php\/2023\/11\/17\/ha-mais-de-20-anos-na-vanguarda-da-gestao-das-aguas\/\",\"name\":\"H\u00e1 mais de 20 anos na vanguarda da gest\u00e3o das \u00e1guas - Mais Magazine\",\"isPartOf\":{\"@id\":\"http:\/\/maismagazine.pt\/#website\"},\"primaryImageOfPage\":{\"@id\":\"https:\/\/maismagazine.pt\/index.php\/2023\/11\/17\/ha-mais-de-20-anos-na-vanguarda-da-gestao-das-aguas\/#primaryimage\"},\"image\":{\"@id\":\"https:\/\/maismagazine.pt\/index.php\/2023\/11\/17\/ha-mais-de-20-anos-na-vanguarda-da-gestao-das-aguas\/#primaryimage\"},\"thumbnailUrl\":\"http:\/\/maismagazine.pt\/wp-content\/uploads\/2023\/11\/Smart-Water_Flyer-scaled.jpg\",\"datePublished\":\"2023-11-17T07:00:00+00:00\",\"breadcrumb\":{\"@id\":\"https:\/\/maismagazine.pt\/index.php\/2023\/11\/17\/ha-mais-de-20-anos-na-vanguarda-da-gestao-das-aguas\/#breadcrumb\"},\"inLanguage\":\"pt-PT\",\"potentialAction\":[{\"@type\":\"ReadAction\",\"target\":[\"https:\/\/maismagazine.pt\/index.php\/2023\/11\/17\/ha-mais-de-20-anos-na-vanguarda-da-gestao-das-aguas\/\"]}]},{\"@type\":\"ImageObject\",\"inLanguage\":\"pt-PT\",\"@id\":\"https:\/\/maismagazine.pt\/index.php\/2023\/11\/17\/ha-mais-de-20-anos-na-vanguarda-da-gestao-das-aguas\/#primaryimage\",\"url\":\"http:\/\/maismagazine.pt\/wp-content\/uploads\/2023\/11\/Smart-Water_Flyer-scaled.jpg\",\"contentUrl\":\"http:\/\/maismagazine.pt\/wp-content\/uploads\/2023\/11\/Smart-Water_Flyer-scaled.jpg\",\"width\":2560,\"height\":1548},{\"@type\":\"BreadcrumbList\",\"@id\":\"https:\/\/maismagazine.pt\/index.php\/2023\/11\/17\/ha-mais-de-20-anos-na-vanguarda-da-gestao-das-aguas\/#breadcrumb\",\"itemListElement\":[{\"@type\":\"ListItem\",\"position\":1,\"name\":\"Home\",\"item\":\"http:\/\/maismagazine.pt\/\"},{\"@type\":\"ListItem\",\"position\":2,\"name\":\"H\u00e1 mais de 20 anos na vanguarda da gest\u00e3o das \u00e1guas\"}]},{\"@type\":\"WebSite\",\"@id\":\"http:\/\/maismagazine.pt\/#website\",\"url\":\"http:\/\/maismagazine.pt\/\",\"name\":\"Mais Magazine\",\"description\":\"\",\"publisher\":{\"@id\":\"http:\/\/maismagazine.pt\/#organization\"},\"potentialAction\":[{\"@type\":\"SearchAction\",\"target\":{\"@type\":\"EntryPoint\",\"urlTemplate\":\"http:\/\/maismagazine.pt\/?s={search_term_string}\"},\"query-input\":{\"@type\":\"PropertyValueSpecification\",\"valueRequired\":true,\"valueName\":\"search_term_string\"}}],\"inLanguage\":\"pt-PT\"},{\"@type\":\"Organization\",\"@id\":\"http:\/\/maismagazine.pt\/#organization\",\"name\":\"Mais Magazine\",\"url\":\"http:\/\/maismagazine.pt\/\",\"logo\":{\"@type\":\"ImageObject\",\"inLanguage\":\"pt-PT\",\"@id\":\"http:\/\/maismagazine.pt\/#\/schema\/logo\/image\/\",\"url\":\"http:\/\/maismagazine.pt\/wp-content\/uploads\/2020\/04\/cropped-cropped-mais-magazine-site-logo-2.png\",\"contentUrl\":\"http:\/\/maismagazine.pt\/wp-content\/uploads\/2020\/04\/cropped-cropped-mais-magazine-site-logo-2.png\",\"width\":581,\"height\":90,\"caption\":\"Mais Magazine\"},\"image\":{\"@id\":\"http:\/\/maismagazine.pt\/#\/schema\/logo\/image\/\"}},{\"@type\":\"Person\",\"@id\":\"http:\/\/maismagazine.pt\/#\/schema\/person\/7426e2caeb8df32a1b56aa48dae778c9\",\"name\":\"Tatiana Martins\",\"image\":{\"@type\":\"ImageObject\",\"inLanguage\":\"pt-PT\",\"@id\":\"http:\/\/maismagazine.pt\/#\/schema\/person\/image\/\",\"url\":\"https:\/\/secure.gravatar.com\/avatar\/4b24a57f5d0425f2eb20981c4b53244e?s=96&d=mm&r=g\",\"contentUrl\":\"https:\/\/secure.gravatar.com\/avatar\/4b24a57f5d0425f2eb20981c4b53244e?s=96&d=mm&r=g\",\"caption\":\"Tatiana Martins\"},\"url\":\"http:\/\/maismagazine.pt\/index.php\/author\/tatiana\/\"}]}<\/script>\n<!-- \/ Yoast SEO plugin. -->","yoast_head_json":{"title":"H\u00e1 mais de 20 anos na vanguarda da gest\u00e3o das \u00e1guas - Mais Magazine","robots":{"index":"index","follow":"follow","max-snippet":"max-snippet:-1","max-image-preview":"max-image-preview:large","max-video-preview":"max-video-preview:-1"},"canonical":"https:\/\/maismagazine.pt\/index.php\/2023\/11\/17\/ha-mais-de-20-anos-na-vanguarda-da-gestao-das-aguas\/","og_locale":"pt_PT","og_type":"article","og_title":"H\u00e1 mais de 20 anos na vanguarda da gest\u00e3o das \u00e1guas - Mais Magazine","og_description":"Somos uma empresa de engenharia de comunica\u00e7\u00f5es, com mais de 20 anos de experi\u00eancia em solu\u00e7\u00f5es-chave na m\u00e3o, que aposta na inova\u00e7\u00e3o e na cria\u00e7\u00e3o de solu\u00e7\u00f5es pr\u00f3prias e diferenciadas, que respondam \u00e0s necessidades dos nossos clientes. Ao longo dos anos, temos vindo a desenvolver solu\u00e7\u00f5es que auxiliam os processos&hellip;","og_url":"https:\/\/maismagazine.pt\/index.php\/2023\/11\/17\/ha-mais-de-20-anos-na-vanguarda-da-gestao-das-aguas\/","og_site_name":"Mais Magazine","article_published_time":"2023-11-17T07:00:00+00:00","og_image":[{"width":2560,"height":1548,"url":"https:\/\/maismagazine.pt\/wp-content\/uploads\/2023\/11\/Smart-Water_Flyer-scaled.jpg","type":"image\/jpeg"}],"author":"Tatiana Martins","twitter_card":"summary_large_image","twitter_misc":{"Escrito por":false,"Tempo estimado de leitura":"5 minutos"},"schema":{"@context":"https:\/\/schema.org","@graph":[{"@type":"Article","@id":"https:\/\/maismagazine.pt\/index.php\/2023\/11\/17\/ha-mais-de-20-anos-na-vanguarda-da-gestao-das-aguas\/#article","isPartOf":{"@id":"https:\/\/maismagazine.pt\/index.php\/2023\/11\/17\/ha-mais-de-20-anos-na-vanguarda-da-gestao-das-aguas\/"},"author":{"name":"Tatiana Martins","@id":"http:\/\/maismagazine.pt\/#\/schema\/person\/7426e2caeb8df32a1b56aa48dae778c9"},"headline":"H\u00e1 mais de 20 anos na vanguarda da gest\u00e3o das \u00e1guas","datePublished":"2023-11-17T07:00:00+00:00","mainEntityOfPage":{"@id":"https:\/\/maismagazine.pt\/index.php\/2023\/11\/17\/ha-mais-de-20-anos-na-vanguarda-da-gestao-das-aguas\/"},"wordCount":800,"publisher":{"@id":"http:\/\/maismagazine.pt\/#organization"},"image":{"@id":"https:\/\/maismagazine.pt\/index.php\/2023\/11\/17\/ha-mais-de-20-anos-na-vanguarda-da-gestao-das-aguas\/#primaryimage"},"thumbnailUrl":"http:\/\/maismagazine.pt\/wp-content\/uploads\/2023\/11\/Smart-Water_Flyer-scaled.jpg","keywords":["\u00c1gua","Engenharia","inova\u00e7\u00e3o","Wavecom"],"articleSection":["Ambiente e Sustentabilidade"],"inLanguage":"pt-PT"},{"@type":"WebPage","@id":"https:\/\/maismagazine.pt\/index.php\/2023\/11\/17\/ha-mais-de-20-anos-na-vanguarda-da-gestao-das-aguas\/","url":"https:\/\/maismagazine.pt\/index.php\/2023\/11\/17\/ha-mais-de-20-anos-na-vanguarda-da-gestao-das-aguas\/","name":"H\u00e1 mais de 20 anos na vanguarda da gest\u00e3o das \u00e1guas - Mais Magazine","isPartOf":{"@id":"http:\/\/maismagazine.pt\/#website"},"primaryImageOfPage":{"@id":"https:\/\/maismagazine.pt\/index.php\/2023\/11\/17\/ha-mais-de-20-anos-na-vanguarda-da-gestao-das-aguas\/#primaryimage"},"image":{"@id":"https:\/\/maismagazine.pt\/index.php\/2023\/11\/17\/ha-mais-de-20-anos-na-vanguarda-da-gestao-das-aguas\/#primaryimage"},"thumbnailUrl":"http:\/\/maismagazine.pt\/wp-content\/uploads\/2023\/11\/Smart-Water_Flyer-scaled.jpg","datePublished":"2023-11-17T07:00:00+00:00","breadcrumb":{"@id":"https:\/\/maismagazine.pt\/index.php\/2023\/11\/17\/ha-mais-de-20-anos-na-vanguarda-da-gestao-das-aguas\/#breadcrumb"},"inLanguage":"pt-PT","potentialAction":[{"@type":"ReadAction","target":["https:\/\/maismagazine.pt\/index.php\/2023\/11\/17\/ha-mais-de-20-anos-na-vanguarda-da-gestao-das-aguas\/"]}]},{"@type":"ImageObject","inLanguage":"pt-PT","@id":"https:\/\/maismagazine.pt\/index.php\/2023\/11\/17\/ha-mais-de-20-anos-na-vanguarda-da-gestao-das-aguas\/#primaryimage","url":"http:\/\/maismagazine.pt\/wp-content\/uploads\/2023\/11\/Smart-Water_Flyer-scaled.jpg","contentUrl":"http:\/\/maismagazine.pt\/wp-content\/uploads\/2023\/11\/Smart-Water_Flyer-scaled.jpg","width":2560,"height":1548},{"@type":"BreadcrumbList","@id":"https:\/\/maismagazine.pt\/index.php\/2023\/11\/17\/ha-mais-de-20-anos-na-vanguarda-da-gestao-das-aguas\/#breadcrumb","itemListElement":[{"@type":"ListItem","position":1,"name":"Home","item":"http:\/\/maismagazine.pt\/"},{"@type":"ListItem","position":2,"name":"H\u00e1 mais de 20 anos na vanguarda da gest\u00e3o das \u00e1guas"}]},{"@type":"WebSite","@id":"http:\/\/maismagazine.pt\/#website","url":"http:\/\/maismagazine.pt\/","name":"Mais Magazine","description":"","publisher":{"@id":"http:\/\/maismagazine.pt\/#organization"},"potentialAction":[{"@type":"SearchAction","target":{"@type":"EntryPoint","urlTemplate":"http:\/\/maismagazine.pt\/?s={search_term_string}"},"query-input":{"@type":"PropertyValueSpecification","valueRequired":true,"valueName":"search_term_string"}}],"inLanguage":"pt-PT"},{"@type":"Organization","@id":"http:\/\/maismagazine.pt\/#organization","name":"Mais Magazine","url":"http:\/\/maismagazine.pt\/","logo":{"@type":"ImageObject","inLanguage":"pt-PT","@id":"http:\/\/maismagazine.pt\/#\/schema\/logo\/image\/","url":"http:\/\/maismagazine.pt\/wp-content\/uploads\/2020\/04\/cropped-cropped-mais-magazine-site-logo-2.png","contentUrl":"http:\/\/maismagazine.pt\/wp-content\/uploads\/2020\/04\/cropped-cropped-mais-magazine-site-logo-2.png","width":581,"height":90,"caption":"Mais Magazine"},"image":{"@id":"http:\/\/maismagazine.pt\/#\/schema\/logo\/image\/"}},{"@type":"Person","@id":"http:\/\/maismagazine.pt\/#\/schema\/person\/7426e2caeb8df32a1b56aa48dae778c9","name":"Tatiana Martins","image":{"@type":"ImageObject","inLanguage":"pt-PT","@id":"http:\/\/maismagazine.pt\/#\/schema\/person\/image\/","url":"https:\/\/secure.gravatar.com\/avatar\/4b24a57f5d0425f2eb20981c4b53244e?s=96&d=mm&r=g","contentUrl":"https:\/\/secure.gravatar.com\/avatar\/4b24a57f5d0425f2eb20981c4b53244e?s=96&d=mm&r=g","caption":"Tatiana Martins"},"url":"http:\/\/maismagazine.pt\/index.php\/author\/tatiana\/"}]}},"author_meta":{"display_name":false,"author_link":"http:\/\/maismagazine.pt\/index.php\/author\/tatiana\/"},"featured_img":"http:\/\/maismagazine.pt\/wp-content\/uploads\/2023\/11\/Smart-Water_Flyer-300x181.jpg","coauthors":[],"tax_additional":{"categories":{"linked":["<a href=\"http:\/\/maismagazine.pt\/index.php\/category\/empreendedorismo\/ambiente-e-sustentabilidade\/\" class=\"advgb-post-tax-term\">Ambiente e Sustentabilidade<\/a>"],"unlinked":["<span class=\"advgb-post-tax-term\">Ambiente e Sustentabilidade<\/span>"]},"tags":{"linked":["<a href=\"http:\/\/maismagazine.pt\/index.php\/category\/empreendedorismo\/ambiente-e-sustentabilidade\/\" class=\"advgb-post-tax-term\">\u00c1gua<\/a>","<a href=\"http:\/\/maismagazine.pt\/index.php\/category\/empreendedorismo\/ambiente-e-sustentabilidade\/\" class=\"advgb-post-tax-term\">Engenharia<\/a>","<a href=\"http:\/\/maismagazine.pt\/index.php\/category\/empreendedorismo\/ambiente-e-sustentabilidade\/\" class=\"advgb-post-tax-term\">inova\u00e7\u00e3o<\/a>","<a href=\"http:\/\/maismagazine.pt\/index.php\/category\/empreendedorismo\/ambiente-e-sustentabilidade\/\" class=\"advgb-post-tax-term\">Wavecom<\/a>"],"unlinked":["<span class=\"advgb-post-tax-term\">\u00c1gua<\/span>","<span class=\"advgb-post-tax-term\">Engenharia<\/span>","<span class=\"advgb-post-tax-term\">inova\u00e7\u00e3o<\/span>","<span class=\"advgb-post-tax-term\">Wavecom<\/span>"]}},"comment_count":"0","relative_dates":{"created":"Posted 2 anos ago","modified":"Updated 2 anos ago"},"absolute_dates":{"created":"Posted on 17 de Novembro, 2023","modified":"Updated on 13 de Novembro, 2023"},"absolute_dates_time":{"created":"Posted on 17 de Novembro, 2023 7:00","modified":"Updated on 13 de Novembro, 2023 11:23"},"featured_img_caption":"","series_order":"","_links":{"self":[{"href":"http:\/\/maismagazine.pt\/index.php\/wp-json\/wp\/v2\/posts\/8256","targetHints":{"allow":["GET"]}}],"collection":[{"href":"http:\/\/maismagazine.pt\/index.php\/wp-json\/wp\/v2\/posts"}],"about":[{"href":"http:\/\/maismagazine.pt\/index.php\/wp-json\/wp\/v2\/types\/post"}],"author":[{"embeddable":true,"href":"http:\/\/maismagazine.pt\/index.php\/wp-json\/wp\/v2\/users\/18"}],"replies":[{"embeddable":true,"href":"http:\/\/maismagazine.pt\/index.php\/wp-json\/wp\/v2\/comments?post=8256"}],"version-history":[{"count":2,"href":"http:\/\/maismagazine.pt\/index.php\/wp-json\/wp\/v2\/posts\/8256\/revisions"}],"predecessor-version":[{"id":8283,"href":"http:\/\/maismagazine.pt\/index.php\/wp-json\/wp\/v2\/posts\/8256\/revisions\/8283"}],"wp:featuredmedia":[{"embeddable":true,"href":"http:\/\/maismagazine.pt\/index.php\/wp-json\/wp\/v2\/media\/8266"}],"wp:attachment":[{"href":"http:\/\/maismagazine.pt\/index.php\/wp-json\/wp\/v2\/media?parent=8256"}],"wp:term":[{"taxonomy":"category","embeddable":true,"href":"http:\/\/maismagazine.pt\/index.php\/wp-json\/wp\/v2\/categories?post=8256"},{"taxonomy":"post_tag","embeddable":true,"href":"http:\/\/maismagazine.pt\/index.php\/wp-json\/wp\/v2\/tags?post=8256"}],"curies":[{"name":"wp","href":"https:\/\/api.w.org\/{rel}","templated":true}]}}