{"id":8077,"date":"2023-10-20T07:00:00","date_gmt":"2023-10-20T06:00:00","guid":{"rendered":"https:\/\/maismagazine.pt\/?p=8077"},"modified":"2023-10-17T15:22:11","modified_gmt":"2023-10-17T14:22:11","slug":"visitar-a-chamusca-e-sentir-o-coracao-do-ribatejo-terra-de-encantos-e-tradicoes-que-num-so-territorio-reune-charneca-campina-e-leziria-do-tejo","status":"publish","type":"post","link":"http:\/\/maismagazine.pt\/index.php\/2023\/10\/20\/visitar-a-chamusca-e-sentir-o-coracao-do-ribatejo-terra-de-encantos-e-tradicoes-que-num-so-territorio-reune-charneca-campina-e-leziria-do-tejo\/","title":{"rendered":"&#8220;Visitar a Chamusca \u00e9 sentir o Cora\u00e7\u00e3o do Ribatejo, terra de encantos e tradi\u00e7\u00f5es que num s\u00f3 territ\u00f3rio, re\u00fane Charneca, Campina e Lez\u00edria do Tejo&#8221;"},"content":{"rendered":"\n<p><strong>Se ainda n\u00e3o visitou o munic\u00edpio da <a href=\"http:\/\/visitchamusca.\">Chamusca<\/a>, ent\u00e3o fique a saber que s\u00e3o in\u00fameras as raz\u00f5es que tornam este munic\u00edpio um importante centro tur\u00edstico e cultural na regi\u00e3o do Ribatejo. Em conversa com a Mais Magazine, Paulo Queimado, Presidente da C\u00e2mara Municipal da Chamusca, d\u00e1-nos a conhecer os principais pontos tur\u00edsticos na Chamusca, bem como a agenda cultural do munic\u00edpio. <\/strong><\/p>\n\n\n\n<p><\/p>\n\n\n\n<p><strong>A Chamusca \u00e9 um concelho mui-to rico em cultura e tradi\u00e7\u00e3o. Quais s\u00e3o os principais pontos de interes-se tur\u00edstico que o territ\u00f3rio chamus-quense tem para oferecer a quem o visita?<\/strong><\/p>\n\n\n\n<p> O Concelho da Chamusca oferece raz\u00f5es de sobra para o visitar. Visitar a Chamusca \u00e9 sentir o Cora\u00e7\u00e3o do Ribatejo, terra de encantos e tradi\u00e7\u00f5es que num s\u00f3 territ\u00f3rio, re\u00fane Charneca, Campina e Lez\u00edria do Tejo. A diversidade de paisagens com grande valor natural, aliado a um rico patrim\u00f3nio edificado e \u00e0s tradi\u00e7\u00f5es, constituem a identidade cultural da nossa regi\u00e3o que vale a pena visitar. As nossas igrejas, que s\u00f3 na Chamusca s\u00e3o sete, datadas do s\u00e9culo XVII e XVIII s\u00e3o aut\u00eanticas joias arquitet\u00f3nicas, que contam hist\u00f3rias de \u00e9pocas passadas, enriquecem o patrim\u00f3nio cultural e contribuem para a beleza \u00fanica do nosso concelho. O clima ameno, marcado pelo cheiro do campo, da floresta e do montado de sobro, assim como pelos sons das aves com os arrozais a perder de vista, e o estilo de vida tranquilo cercado pela natureza s\u00e3o tamb\u00e9m um cart\u00e3o de visita do nosso territ\u00f3rio. <\/p>\n\n\n\n<p><\/p>\n\n\n\n<p><strong>Qual \u00e9 a melhor altura do ano para se visitar a Chamusca?<\/strong><\/p>\n\n\n\n<p>Chamusca convida a uma visita durante todo o ano. Cada uma das nossas freguesias tem o seu pr\u00f3prio evento tem\u00e1tico, para valorizar os recursos end\u00f3genos do territ\u00f3rio chamusquense. Em Ulme, por exemplo temos o \u201cO Festival do Arroz\u201d (setembro), na Parreira \u201cO Festival do Cogumelo\u201d e em Vale de Cavalos \u201cO Festival das Sopas Ribatejanas\u201d, estes \u00faltimos em mar\u00e7o. Al\u00e9m disso, temos tamb\u00e9m a centen\u00e1ria \u201cFeira de S\u00e3o Pedro e do Chocalho\u201d ( junho) no Chouto, as Festas do Arripiado, com a tradicional e emocionante prociss\u00e3o no dia 15 de agosto e o Eh! Toiro (outubro), um evento que enaltece a tradi\u00e7\u00e3o e a cultura taurom\u00e1quica do territ\u00f3rio chamusquense, onde a afici\u00f3n, o toiro, o cavalo e a festa brava ocupam um lugar de destaque. O nosso concelho tem tamb\u00e9m uma agenda cultural vibrante, que inclui ao longo de todo o ano grandes espet\u00e1culos de teatro e m\u00fasica, com artistas de renome nacionais. No que diz respeito \u00e0 gastronomia a mesa \u00e9 farta e deliciosa. A gastronomia local \u00e9 imperd\u00edvel, exemplo disso s\u00e3o os nossos pratos tradicionais, dos quais se destacam a couve a soco com bacalhau assado, a carne \u00e0 pin\u00e9u, o ensopado de enguias, a a\u00e7orda de s\u00e1vel, o cabrito assado \u00e0 moda do Ribatejo e a feijoada \u00e0 lavrador. Na do\u00e7aria destaque para as deliciosas trouxas de ovos, lampreia de ovos, queijinhos do c\u00e9u, peixe doce, fios de ovos, broas ou a sopa dourada. Quem nos visita pode desfrutar de passeios de barco ao p\u00f4r do sol, safaris pela Charneca, stand-up paddle no rio Tejo e de caminhadas pelos nossos percursos e circuitos tur\u00edsticos (circuito da Charneca Ribatejana, da Lez\u00edria ao Cora\u00e7\u00e3o da Charneca, Circuito Borda D\u2019\u00c1gua, pelas margens do rio Tejo e o Circuito Pedonal Terra Branca), que s\u00e3o uma agrad\u00e1vel forma de conhecer o que de melhor a Chamusca tem para oferecer. <\/p>\n\n\n<div class=\"wp-block-image\">\n<figure class=\"aligncenter size-large is-resized\"><img loading=\"lazy\" decoding=\"async\" src=\"https:\/\/maismagazine.pt\/wp-content\/uploads\/2023\/10\/Paulo-Queimado-Presiente-da-Camara-Municipal-da-Chamusca-1-1024x768.jpg\" alt=\"\" class=\"wp-image-8079\" width=\"353\" height=\"265\" srcset=\"http:\/\/maismagazine.pt\/wp-content\/uploads\/2023\/10\/Paulo-Queimado-Presiente-da-Camara-Municipal-da-Chamusca-1-1024x768.jpg 1024w, http:\/\/maismagazine.pt\/wp-content\/uploads\/2023\/10\/Paulo-Queimado-Presiente-da-Camara-Municipal-da-Chamusca-1-300x225.jpg 300w, http:\/\/maismagazine.pt\/wp-content\/uploads\/2023\/10\/Paulo-Queimado-Presiente-da-Camara-Municipal-da-Chamusca-1-768x576.jpg 768w, http:\/\/maismagazine.pt\/wp-content\/uploads\/2023\/10\/Paulo-Queimado-Presiente-da-Camara-Municipal-da-Chamusca-1-1536x1152.jpg 1536w, http:\/\/maismagazine.pt\/wp-content\/uploads\/2023\/10\/Paulo-Queimado-Presiente-da-Camara-Municipal-da-Chamusca-1-2048x1536.jpg 2048w\" sizes=\"auto, (max-width: 353px) 100vw, 353px\" \/><figcaption class=\"wp-element-caption\">Paulo Queimado, Presidente da C\u00e2mara Municipal da Chamusca<\/figcaption><\/figure><\/div>\n\n\n<p><\/p>\n\n\n\n<p><strong>A Semana da Ascens\u00e3o \u00e9 um dos eventos mais importantes da agenda cultural do concelho da Chamusca?<\/strong><\/p>\n\n\n\n<p>A Feira da Ascens\u00e3o na Chamusca \u00e9 o maior evento cultural do nosso concelho, que tem o seu expoente m\u00e1ximo em Quinta-Feira da Ascens\u00e3o com a tradicional Entrada de Toiros. Neste dia a vila da Chamusca recebe milhares de aficionados, que v\u00eam em busca da emo\u00e7\u00e3o de ver passar os toiros e vivenciar um espet\u00e1culo verdadeiramente m\u00e1gico e \u00fanico, numa onda de entusiasmo e de emo\u00e7\u00e3o. A feira da Ascens\u00e3o \u00e9 um evento crucial para a valoriza\u00e7\u00e3o do patrim\u00f3nio e do ADN da regi\u00e3o enquanto Ribatejo, que atrai milhares de visitantes para desfrutar do territ\u00f3rio, quer a n\u00edvel paisag\u00edstico, gastron\u00f3mico, desportivo ou cultural. Durante esta semana, enaltecemos o melhor que o nosso concelho tem para oferecer, incluindo o com\u00e9rcio, a ind\u00fastria e os servi\u00e7os locais e regionais. Tamb\u00e9m apostamos em atividades culturais, como pe\u00e7as de teatro e concertos, principalmente com artistas locais. Somos o \u201cCora\u00e7\u00e3o do Ribatejo\u201d e queremos transmitir aos visitantes as emo\u00e7\u00f5es e sensa\u00e7\u00f5es \u00fanicas de estar na Chamusca. <\/p>\n\n\n\n<p><\/p>\n\n\n\n<p><strong>O Parque dos Sonhos de Natal afirma-se atualmente como o maior parque tem\u00e1tico de Natal do Ribatejo?<\/strong><\/p>\n\n\n\n<p>O \u201cParque dos Sonhos de Natal\u201d \u00e9 o maior parque tem\u00e1tico de Natal do Ribatejo, um espa\u00e7o de partilha e que re\u00fane a fam\u00edlia e os amigos, num ambiente maravilhoso e repleto de magia, onde a presen\u00e7a do Pai Natal e dos seus duendes, assim como do Pres\u00e9pio Vivo \u00e9 obrigat\u00f3ria. O Parque dos Sonhos realiza-se em dezembro, este ano de 07 a 23, num dos jardins mais bonitos do ribatejo. <\/p>\n\n\n<div class=\"wp-block-image\">\n<figure class=\"aligncenter size-large is-resized\"><img loading=\"lazy\" decoding=\"async\" src=\"https:\/\/maismagazine.pt\/wp-content\/uploads\/2023\/10\/Aldeia-do-Arripiado_Escadas-768x1024.jpg\" alt=\"\" class=\"wp-image-8080\" width=\"170\" height=\"226\" srcset=\"http:\/\/maismagazine.pt\/wp-content\/uploads\/2023\/10\/Aldeia-do-Arripiado_Escadas-768x1024.jpg 768w, http:\/\/maismagazine.pt\/wp-content\/uploads\/2023\/10\/Aldeia-do-Arripiado_Escadas-225x300.jpg 225w, http:\/\/maismagazine.pt\/wp-content\/uploads\/2023\/10\/Aldeia-do-Arripiado_Escadas.jpg 909w\" sizes=\"auto, (max-width: 170px) 100vw, 170px\" \/><\/figure><\/div>","protected":false},"excerpt":{"rendered":"<p>Se ainda n\u00e3o visitou o munic\u00edpio da Chamusca, ent\u00e3o fique a saber que s\u00e3o in\u00fameras as raz\u00f5es que tornam este munic\u00edpio um importante centro tur\u00edstico e cultural na regi\u00e3o do Ribatejo. Em conversa com a Mais Magazine, Paulo Queimado, Presidente da C\u00e2mara Municipal da Chamusca, d\u00e1-nos a conhecer os principais&hellip;<\/p>\n","protected":false},"author":17,"featured_media":8081,"comment_status":"closed","ping_status":"open","sticky":false,"template":"","format":"standard","meta":{"advgb_blocks_editor_width":"","advgb_blocks_columns_visual_guide":"","_monsterinsights_skip_tracking":false,"_monsterinsights_sitenote_active":false,"_monsterinsights_sitenote_note":"","_monsterinsights_sitenote_category":0,"footnotes":""},"categories":[53],"tags":[1718,919],"class_list":["post-8077","post","type-post","status-publish","format-standard","has-post-thumbnail","hentry","category-turismo-restaurantes","tag-chamusca","tag-ribatejo"],"yoast_head":"<!-- This site is optimized with the Yoast SEO plugin v24.4 - https:\/\/yoast.com\/wordpress\/plugins\/seo\/ -->\n<title>&quot;Visitar a Chamusca \u00e9 sentir o Cora\u00e7\u00e3o do Ribatejo, terra de encantos e tradi\u00e7\u00f5es que num s\u00f3 territ\u00f3rio, re\u00fane Charneca, Campina e Lez\u00edria do Tejo&quot; - Mais Magazine<\/title>\n<meta name=\"description\" content=\"Se ainda n\u00e3o visitou o munic\u00edpio da Chamusca, ent\u00e3o fique a saber que s\u00e3o in\u00fameras as raz\u00f5es que tornam este munic\u00edpio um importante centro tur\u00edstico e cultural na regi\u00e3o do Ribatejo. Em conversa com a Mais Magazine, Paulo Queimado, Presidente da C\u00e2mara Municipal da Chamusca, d\u00e1-nos a conhecer os principais pontos tur\u00edsticos na Chamusca, bem como a agenda cultural do munic\u00edpio.\" \/>\n<meta name=\"robots\" content=\"index, follow, max-snippet:-1, max-image-preview:large, max-video-preview:-1\" \/>\n<link rel=\"canonical\" href=\"https:\/\/maismagazine.pt\/index.php\/2023\/10\/20\/visitar-a-chamusca-e-sentir-o-coracao-do-ribatejo-terra-de-encantos-e-tradicoes-que-num-so-territorio-reune-charneca-campina-e-leziria-do-tejo\/\" \/>\n<meta property=\"og:locale\" content=\"pt_PT\" \/>\n<meta property=\"og:type\" content=\"article\" \/>\n<meta property=\"og:title\" content=\"&quot;Visitar a Chamusca \u00e9 sentir o Cora\u00e7\u00e3o do Ribatejo, terra de encantos e tradi\u00e7\u00f5es que num s\u00f3 territ\u00f3rio, re\u00fane Charneca, Campina e Lez\u00edria do Tejo&quot; - Mais Magazine\" \/>\n<meta property=\"og:description\" content=\"Se ainda n\u00e3o visitou o munic\u00edpio da Chamusca, ent\u00e3o fique a saber que s\u00e3o in\u00fameras as raz\u00f5es que tornam este munic\u00edpio um importante centro tur\u00edstico e cultural na regi\u00e3o do Ribatejo. Em conversa com a Mais Magazine, Paulo Queimado, Presidente da C\u00e2mara Municipal da Chamusca, d\u00e1-nos a conhecer os principais pontos tur\u00edsticos na Chamusca, bem como a agenda cultural do munic\u00edpio.\" \/>\n<meta property=\"og:url\" content=\"https:\/\/maismagazine.pt\/index.php\/2023\/10\/20\/visitar-a-chamusca-e-sentir-o-coracao-do-ribatejo-terra-de-encantos-e-tradicoes-que-num-so-territorio-reune-charneca-campina-e-leziria-do-tejo\/\" \/>\n<meta property=\"og:site_name\" content=\"Mais Magazine\" \/>\n<meta property=\"article:published_time\" content=\"2023-10-20T06:00:00+00:00\" \/>\n<meta property=\"og:image\" content=\"https:\/\/maismagazine.pt\/wp-content\/uploads\/2023\/10\/Chamusca_Aldeia-do-Arripiado_a-noite.jpg\" \/>\n\t<meta property=\"og:image:width\" content=\"884\" \/>\n\t<meta property=\"og:image:height\" content=\"590\" \/>\n\t<meta property=\"og:image:type\" content=\"image\/jpeg\" \/>\n<meta name=\"author\" content=\"Tiago Costa\" \/>\n<meta name=\"twitter:card\" content=\"summary_large_image\" \/>\n<meta name=\"twitter:label1\" content=\"Escrito por\" \/>\n\t<meta name=\"twitter:data1\" content=\"\" \/>\n\t<meta name=\"twitter:label2\" content=\"Tempo estimado de leitura\" \/>\n\t<meta name=\"twitter:data2\" content=\"5 minutos\" \/>\n<script type=\"application\/ld+json\" class=\"yoast-schema-graph\">{\"@context\":\"https:\/\/schema.org\",\"@graph\":[{\"@type\":\"Article\",\"@id\":\"https:\/\/maismagazine.pt\/index.php\/2023\/10\/20\/visitar-a-chamusca-e-sentir-o-coracao-do-ribatejo-terra-de-encantos-e-tradicoes-que-num-so-territorio-reune-charneca-campina-e-leziria-do-tejo\/#article\",\"isPartOf\":{\"@id\":\"https:\/\/maismagazine.pt\/index.php\/2023\/10\/20\/visitar-a-chamusca-e-sentir-o-coracao-do-ribatejo-terra-de-encantos-e-tradicoes-que-num-so-territorio-reune-charneca-campina-e-leziria-do-tejo\/\"},\"author\":{\"name\":\"Tiago Costa\",\"@id\":\"http:\/\/maismagazine.pt\/#\/schema\/person\/c6c5bfccc886434cbd11c74e035f9646\"},\"headline\":\"&#8220;Visitar a Chamusca \u00e9 sentir o Cora\u00e7\u00e3o do Ribatejo, terra de encantos e tradi\u00e7\u00f5es que num s\u00f3 territ\u00f3rio, re\u00fane Charneca, Campina e Lez\u00edria do Tejo&#8221;\",\"datePublished\":\"2023-10-20T06:00:00+00:00\",\"mainEntityOfPage\":{\"@id\":\"https:\/\/maismagazine.pt\/index.php\/2023\/10\/20\/visitar-a-chamusca-e-sentir-o-coracao-do-ribatejo-terra-de-encantos-e-tradicoes-que-num-so-territorio-reune-charneca-campina-e-leziria-do-tejo\/\"},\"wordCount\":946,\"publisher\":{\"@id\":\"http:\/\/maismagazine.pt\/#organization\"},\"image\":{\"@id\":\"https:\/\/maismagazine.pt\/index.php\/2023\/10\/20\/visitar-a-chamusca-e-sentir-o-coracao-do-ribatejo-terra-de-encantos-e-tradicoes-que-num-so-territorio-reune-charneca-campina-e-leziria-do-tejo\/#primaryimage\"},\"thumbnailUrl\":\"http:\/\/maismagazine.pt\/wp-content\/uploads\/2023\/10\/Chamusca_Aldeia-do-Arripiado_a-noite.jpg\",\"keywords\":[\"Chamusca\",\"Ribatejo\"],\"articleSection\":[\"Turismo | Vinhos | Gastronomia\"],\"inLanguage\":\"pt-PT\"},{\"@type\":\"WebPage\",\"@id\":\"https:\/\/maismagazine.pt\/index.php\/2023\/10\/20\/visitar-a-chamusca-e-sentir-o-coracao-do-ribatejo-terra-de-encantos-e-tradicoes-que-num-so-territorio-reune-charneca-campina-e-leziria-do-tejo\/\",\"url\":\"https:\/\/maismagazine.pt\/index.php\/2023\/10\/20\/visitar-a-chamusca-e-sentir-o-coracao-do-ribatejo-terra-de-encantos-e-tradicoes-que-num-so-territorio-reune-charneca-campina-e-leziria-do-tejo\/\",\"name\":\"\\\"Visitar a Chamusca \u00e9 sentir o Cora\u00e7\u00e3o do Ribatejo, terra de encantos e tradi\u00e7\u00f5es que num s\u00f3 territ\u00f3rio, re\u00fane Charneca, Campina e Lez\u00edria do Tejo\\\" - Mais Magazine\",\"isPartOf\":{\"@id\":\"http:\/\/maismagazine.pt\/#website\"},\"primaryImageOfPage\":{\"@id\":\"https:\/\/maismagazine.pt\/index.php\/2023\/10\/20\/visitar-a-chamusca-e-sentir-o-coracao-do-ribatejo-terra-de-encantos-e-tradicoes-que-num-so-territorio-reune-charneca-campina-e-leziria-do-tejo\/#primaryimage\"},\"image\":{\"@id\":\"https:\/\/maismagazine.pt\/index.php\/2023\/10\/20\/visitar-a-chamusca-e-sentir-o-coracao-do-ribatejo-terra-de-encantos-e-tradicoes-que-num-so-territorio-reune-charneca-campina-e-leziria-do-tejo\/#primaryimage\"},\"thumbnailUrl\":\"http:\/\/maismagazine.pt\/wp-content\/uploads\/2023\/10\/Chamusca_Aldeia-do-Arripiado_a-noite.jpg\",\"datePublished\":\"2023-10-20T06:00:00+00:00\",\"description\":\"Se ainda n\u00e3o visitou o munic\u00edpio da Chamusca, ent\u00e3o fique a saber que s\u00e3o in\u00fameras as raz\u00f5es que tornam este munic\u00edpio um importante centro tur\u00edstico e cultural na regi\u00e3o do Ribatejo. Em conversa com a Mais Magazine, Paulo Queimado, Presidente da C\u00e2mara Municipal da Chamusca, d\u00e1-nos a conhecer os principais pontos tur\u00edsticos na Chamusca, bem como a agenda cultural do munic\u00edpio.\",\"breadcrumb\":{\"@id\":\"https:\/\/maismagazine.pt\/index.php\/2023\/10\/20\/visitar-a-chamusca-e-sentir-o-coracao-do-ribatejo-terra-de-encantos-e-tradicoes-que-num-so-territorio-reune-charneca-campina-e-leziria-do-tejo\/#breadcrumb\"},\"inLanguage\":\"pt-PT\",\"potentialAction\":[{\"@type\":\"ReadAction\",\"target\":[\"https:\/\/maismagazine.pt\/index.php\/2023\/10\/20\/visitar-a-chamusca-e-sentir-o-coracao-do-ribatejo-terra-de-encantos-e-tradicoes-que-num-so-territorio-reune-charneca-campina-e-leziria-do-tejo\/\"]}]},{\"@type\":\"ImageObject\",\"inLanguage\":\"pt-PT\",\"@id\":\"https:\/\/maismagazine.pt\/index.php\/2023\/10\/20\/visitar-a-chamusca-e-sentir-o-coracao-do-ribatejo-terra-de-encantos-e-tradicoes-que-num-so-territorio-reune-charneca-campina-e-leziria-do-tejo\/#primaryimage\",\"url\":\"http:\/\/maismagazine.pt\/wp-content\/uploads\/2023\/10\/Chamusca_Aldeia-do-Arripiado_a-noite.jpg\",\"contentUrl\":\"http:\/\/maismagazine.pt\/wp-content\/uploads\/2023\/10\/Chamusca_Aldeia-do-Arripiado_a-noite.jpg\",\"width\":884,\"height\":590},{\"@type\":\"BreadcrumbList\",\"@id\":\"https:\/\/maismagazine.pt\/index.php\/2023\/10\/20\/visitar-a-chamusca-e-sentir-o-coracao-do-ribatejo-terra-de-encantos-e-tradicoes-que-num-so-territorio-reune-charneca-campina-e-leziria-do-tejo\/#breadcrumb\",\"itemListElement\":[{\"@type\":\"ListItem\",\"position\":1,\"name\":\"Home\",\"item\":\"http:\/\/maismagazine.pt\/\"},{\"@type\":\"ListItem\",\"position\":2,\"name\":\"&#8220;Visitar a Chamusca \u00e9 sentir o Cora\u00e7\u00e3o do Ribatejo, terra de encantos e tradi\u00e7\u00f5es que num s\u00f3 territ\u00f3rio, re\u00fane Charneca, Campina e Lez\u00edria do Tejo&#8221;\"}]},{\"@type\":\"WebSite\",\"@id\":\"http:\/\/maismagazine.pt\/#website\",\"url\":\"http:\/\/maismagazine.pt\/\",\"name\":\"Mais Magazine\",\"description\":\"\",\"publisher\":{\"@id\":\"http:\/\/maismagazine.pt\/#organization\"},\"potentialAction\":[{\"@type\":\"SearchAction\",\"target\":{\"@type\":\"EntryPoint\",\"urlTemplate\":\"http:\/\/maismagazine.pt\/?s={search_term_string}\"},\"query-input\":{\"@type\":\"PropertyValueSpecification\",\"valueRequired\":true,\"valueName\":\"search_term_string\"}}],\"inLanguage\":\"pt-PT\"},{\"@type\":\"Organization\",\"@id\":\"http:\/\/maismagazine.pt\/#organization\",\"name\":\"Mais Magazine\",\"url\":\"http:\/\/maismagazine.pt\/\",\"logo\":{\"@type\":\"ImageObject\",\"inLanguage\":\"pt-PT\",\"@id\":\"http:\/\/maismagazine.pt\/#\/schema\/logo\/image\/\",\"url\":\"http:\/\/maismagazine.pt\/wp-content\/uploads\/2020\/04\/cropped-cropped-mais-magazine-site-logo-2.png\",\"contentUrl\":\"http:\/\/maismagazine.pt\/wp-content\/uploads\/2020\/04\/cropped-cropped-mais-magazine-site-logo-2.png\",\"width\":581,\"height\":90,\"caption\":\"Mais Magazine\"},\"image\":{\"@id\":\"http:\/\/maismagazine.pt\/#\/schema\/logo\/image\/\"}},{\"@type\":\"Person\",\"@id\":\"http:\/\/maismagazine.pt\/#\/schema\/person\/c6c5bfccc886434cbd11c74e035f9646\",\"name\":\"Tiago Costa\",\"image\":{\"@type\":\"ImageObject\",\"inLanguage\":\"pt-PT\",\"@id\":\"http:\/\/maismagazine.pt\/#\/schema\/person\/image\/\",\"url\":\"https:\/\/secure.gravatar.com\/avatar\/c599b2bce16c9870429198cbad5ee022?s=96&d=mm&r=g\",\"contentUrl\":\"https:\/\/secure.gravatar.com\/avatar\/c599b2bce16c9870429198cbad5ee022?s=96&d=mm&r=g\",\"caption\":\"Tiago Costa\"},\"url\":\"http:\/\/maismagazine.pt\/index.php\/author\/tiago\/\"}]}<\/script>\n<!-- \/ Yoast SEO plugin. -->","yoast_head_json":{"title":"\"Visitar a Chamusca \u00e9 sentir o Cora\u00e7\u00e3o do Ribatejo, terra de encantos e tradi\u00e7\u00f5es que num s\u00f3 territ\u00f3rio, re\u00fane Charneca, Campina e Lez\u00edria do Tejo\" - Mais Magazine","description":"Se ainda n\u00e3o visitou o munic\u00edpio da Chamusca, ent\u00e3o fique a saber que s\u00e3o in\u00fameras as raz\u00f5es que tornam este munic\u00edpio um importante centro tur\u00edstico e cultural na regi\u00e3o do Ribatejo. Em conversa com a Mais Magazine, Paulo Queimado, Presidente da C\u00e2mara Municipal da Chamusca, d\u00e1-nos a conhecer os principais pontos tur\u00edsticos na Chamusca, bem como a agenda cultural do munic\u00edpio.","robots":{"index":"index","follow":"follow","max-snippet":"max-snippet:-1","max-image-preview":"max-image-preview:large","max-video-preview":"max-video-preview:-1"},"canonical":"https:\/\/maismagazine.pt\/index.php\/2023\/10\/20\/visitar-a-chamusca-e-sentir-o-coracao-do-ribatejo-terra-de-encantos-e-tradicoes-que-num-so-territorio-reune-charneca-campina-e-leziria-do-tejo\/","og_locale":"pt_PT","og_type":"article","og_title":"\"Visitar a Chamusca \u00e9 sentir o Cora\u00e7\u00e3o do Ribatejo, terra de encantos e tradi\u00e7\u00f5es que num s\u00f3 territ\u00f3rio, re\u00fane Charneca, Campina e Lez\u00edria do Tejo\" - Mais Magazine","og_description":"Se ainda n\u00e3o visitou o munic\u00edpio da Chamusca, ent\u00e3o fique a saber que s\u00e3o in\u00fameras as raz\u00f5es que tornam este munic\u00edpio um importante centro tur\u00edstico e cultural na regi\u00e3o do Ribatejo. Em conversa com a Mais Magazine, Paulo Queimado, Presidente da C\u00e2mara Municipal da Chamusca, d\u00e1-nos a conhecer os principais pontos tur\u00edsticos na Chamusca, bem como a agenda cultural do munic\u00edpio.","og_url":"https:\/\/maismagazine.pt\/index.php\/2023\/10\/20\/visitar-a-chamusca-e-sentir-o-coracao-do-ribatejo-terra-de-encantos-e-tradicoes-que-num-so-territorio-reune-charneca-campina-e-leziria-do-tejo\/","og_site_name":"Mais Magazine","article_published_time":"2023-10-20T06:00:00+00:00","og_image":[{"width":884,"height":590,"url":"https:\/\/maismagazine.pt\/wp-content\/uploads\/2023\/10\/Chamusca_Aldeia-do-Arripiado_a-noite.jpg","type":"image\/jpeg"}],"author":"Tiago Costa","twitter_card":"summary_large_image","twitter_misc":{"Escrito por":false,"Tempo estimado de leitura":"5 minutos"},"schema":{"@context":"https:\/\/schema.org","@graph":[{"@type":"Article","@id":"https:\/\/maismagazine.pt\/index.php\/2023\/10\/20\/visitar-a-chamusca-e-sentir-o-coracao-do-ribatejo-terra-de-encantos-e-tradicoes-que-num-so-territorio-reune-charneca-campina-e-leziria-do-tejo\/#article","isPartOf":{"@id":"https:\/\/maismagazine.pt\/index.php\/2023\/10\/20\/visitar-a-chamusca-e-sentir-o-coracao-do-ribatejo-terra-de-encantos-e-tradicoes-que-num-so-territorio-reune-charneca-campina-e-leziria-do-tejo\/"},"author":{"name":"Tiago Costa","@id":"http:\/\/maismagazine.pt\/#\/schema\/person\/c6c5bfccc886434cbd11c74e035f9646"},"headline":"&#8220;Visitar a Chamusca \u00e9 sentir o Cora\u00e7\u00e3o do Ribatejo, terra de encantos e tradi\u00e7\u00f5es que num s\u00f3 territ\u00f3rio, re\u00fane Charneca, Campina e Lez\u00edria do Tejo&#8221;","datePublished":"2023-10-20T06:00:00+00:00","mainEntityOfPage":{"@id":"https:\/\/maismagazine.pt\/index.php\/2023\/10\/20\/visitar-a-chamusca-e-sentir-o-coracao-do-ribatejo-terra-de-encantos-e-tradicoes-que-num-so-territorio-reune-charneca-campina-e-leziria-do-tejo\/"},"wordCount":946,"publisher":{"@id":"http:\/\/maismagazine.pt\/#organization"},"image":{"@id":"https:\/\/maismagazine.pt\/index.php\/2023\/10\/20\/visitar-a-chamusca-e-sentir-o-coracao-do-ribatejo-terra-de-encantos-e-tradicoes-que-num-so-territorio-reune-charneca-campina-e-leziria-do-tejo\/#primaryimage"},"thumbnailUrl":"http:\/\/maismagazine.pt\/wp-content\/uploads\/2023\/10\/Chamusca_Aldeia-do-Arripiado_a-noite.jpg","keywords":["Chamusca","Ribatejo"],"articleSection":["Turismo | Vinhos | Gastronomia"],"inLanguage":"pt-PT"},{"@type":"WebPage","@id":"https:\/\/maismagazine.pt\/index.php\/2023\/10\/20\/visitar-a-chamusca-e-sentir-o-coracao-do-ribatejo-terra-de-encantos-e-tradicoes-que-num-so-territorio-reune-charneca-campina-e-leziria-do-tejo\/","url":"https:\/\/maismagazine.pt\/index.php\/2023\/10\/20\/visitar-a-chamusca-e-sentir-o-coracao-do-ribatejo-terra-de-encantos-e-tradicoes-que-num-so-territorio-reune-charneca-campina-e-leziria-do-tejo\/","name":"\"Visitar a Chamusca \u00e9 sentir o Cora\u00e7\u00e3o do Ribatejo, terra de encantos e tradi\u00e7\u00f5es que num s\u00f3 territ\u00f3rio, re\u00fane Charneca, Campina e Lez\u00edria do Tejo\" - Mais Magazine","isPartOf":{"@id":"http:\/\/maismagazine.pt\/#website"},"primaryImageOfPage":{"@id":"https:\/\/maismagazine.pt\/index.php\/2023\/10\/20\/visitar-a-chamusca-e-sentir-o-coracao-do-ribatejo-terra-de-encantos-e-tradicoes-que-num-so-territorio-reune-charneca-campina-e-leziria-do-tejo\/#primaryimage"},"image":{"@id":"https:\/\/maismagazine.pt\/index.php\/2023\/10\/20\/visitar-a-chamusca-e-sentir-o-coracao-do-ribatejo-terra-de-encantos-e-tradicoes-que-num-so-territorio-reune-charneca-campina-e-leziria-do-tejo\/#primaryimage"},"thumbnailUrl":"http:\/\/maismagazine.pt\/wp-content\/uploads\/2023\/10\/Chamusca_Aldeia-do-Arripiado_a-noite.jpg","datePublished":"2023-10-20T06:00:00+00:00","description":"Se ainda n\u00e3o visitou o munic\u00edpio da Chamusca, ent\u00e3o fique a saber que s\u00e3o in\u00fameras as raz\u00f5es que tornam este munic\u00edpio um importante centro tur\u00edstico e cultural na regi\u00e3o do Ribatejo. Em conversa com a Mais Magazine, Paulo Queimado, Presidente da C\u00e2mara Municipal da Chamusca, d\u00e1-nos a conhecer os principais pontos tur\u00edsticos na Chamusca, bem como a agenda cultural do munic\u00edpio.","breadcrumb":{"@id":"https:\/\/maismagazine.pt\/index.php\/2023\/10\/20\/visitar-a-chamusca-e-sentir-o-coracao-do-ribatejo-terra-de-encantos-e-tradicoes-que-num-so-territorio-reune-charneca-campina-e-leziria-do-tejo\/#breadcrumb"},"inLanguage":"pt-PT","potentialAction":[{"@type":"ReadAction","target":["https:\/\/maismagazine.pt\/index.php\/2023\/10\/20\/visitar-a-chamusca-e-sentir-o-coracao-do-ribatejo-terra-de-encantos-e-tradicoes-que-num-so-territorio-reune-charneca-campina-e-leziria-do-tejo\/"]}]},{"@type":"ImageObject","inLanguage":"pt-PT","@id":"https:\/\/maismagazine.pt\/index.php\/2023\/10\/20\/visitar-a-chamusca-e-sentir-o-coracao-do-ribatejo-terra-de-encantos-e-tradicoes-que-num-so-territorio-reune-charneca-campina-e-leziria-do-tejo\/#primaryimage","url":"http:\/\/maismagazine.pt\/wp-content\/uploads\/2023\/10\/Chamusca_Aldeia-do-Arripiado_a-noite.jpg","contentUrl":"http:\/\/maismagazine.pt\/wp-content\/uploads\/2023\/10\/Chamusca_Aldeia-do-Arripiado_a-noite.jpg","width":884,"height":590},{"@type":"BreadcrumbList","@id":"https:\/\/maismagazine.pt\/index.php\/2023\/10\/20\/visitar-a-chamusca-e-sentir-o-coracao-do-ribatejo-terra-de-encantos-e-tradicoes-que-num-so-territorio-reune-charneca-campina-e-leziria-do-tejo\/#breadcrumb","itemListElement":[{"@type":"ListItem","position":1,"name":"Home","item":"http:\/\/maismagazine.pt\/"},{"@type":"ListItem","position":2,"name":"&#8220;Visitar a Chamusca \u00e9 sentir o Cora\u00e7\u00e3o do Ribatejo, terra de encantos e tradi\u00e7\u00f5es que num s\u00f3 territ\u00f3rio, re\u00fane Charneca, Campina e Lez\u00edria do Tejo&#8221;"}]},{"@type":"WebSite","@id":"http:\/\/maismagazine.pt\/#website","url":"http:\/\/maismagazine.pt\/","name":"Mais Magazine","description":"","publisher":{"@id":"http:\/\/maismagazine.pt\/#organization"},"potentialAction":[{"@type":"SearchAction","target":{"@type":"EntryPoint","urlTemplate":"http:\/\/maismagazine.pt\/?s={search_term_string}"},"query-input":{"@type":"PropertyValueSpecification","valueRequired":true,"valueName":"search_term_string"}}],"inLanguage":"pt-PT"},{"@type":"Organization","@id":"http:\/\/maismagazine.pt\/#organization","name":"Mais Magazine","url":"http:\/\/maismagazine.pt\/","logo":{"@type":"ImageObject","inLanguage":"pt-PT","@id":"http:\/\/maismagazine.pt\/#\/schema\/logo\/image\/","url":"http:\/\/maismagazine.pt\/wp-content\/uploads\/2020\/04\/cropped-cropped-mais-magazine-site-logo-2.png","contentUrl":"http:\/\/maismagazine.pt\/wp-content\/uploads\/2020\/04\/cropped-cropped-mais-magazine-site-logo-2.png","width":581,"height":90,"caption":"Mais Magazine"},"image":{"@id":"http:\/\/maismagazine.pt\/#\/schema\/logo\/image\/"}},{"@type":"Person","@id":"http:\/\/maismagazine.pt\/#\/schema\/person\/c6c5bfccc886434cbd11c74e035f9646","name":"Tiago Costa","image":{"@type":"ImageObject","inLanguage":"pt-PT","@id":"http:\/\/maismagazine.pt\/#\/schema\/person\/image\/","url":"https:\/\/secure.gravatar.com\/avatar\/c599b2bce16c9870429198cbad5ee022?s=96&d=mm&r=g","contentUrl":"https:\/\/secure.gravatar.com\/avatar\/c599b2bce16c9870429198cbad5ee022?s=96&d=mm&r=g","caption":"Tiago Costa"},"url":"http:\/\/maismagazine.pt\/index.php\/author\/tiago\/"}]}},"author_meta":{"display_name":false,"author_link":"http:\/\/maismagazine.pt\/index.php\/author\/tiago\/"},"featured_img":"http:\/\/maismagazine.pt\/wp-content\/uploads\/2023\/10\/Chamusca_Aldeia-do-Arripiado_a-noite-300x200.jpg","coauthors":[],"tax_additional":{"categories":{"linked":["<a href=\"http:\/\/maismagazine.pt\/index.php\/category\/turismo-restaurantes\/\" class=\"advgb-post-tax-term\">Turismo | Vinhos | Gastronomia<\/a>"],"unlinked":["<span class=\"advgb-post-tax-term\">Turismo | Vinhos | Gastronomia<\/span>"]},"tags":{"linked":["<a href=\"http:\/\/maismagazine.pt\/index.php\/category\/turismo-restaurantes\/\" class=\"advgb-post-tax-term\">Chamusca<\/a>","<a href=\"http:\/\/maismagazine.pt\/index.php\/category\/turismo-restaurantes\/\" class=\"advgb-post-tax-term\">Ribatejo<\/a>"],"unlinked":["<span class=\"advgb-post-tax-term\">Chamusca<\/span>","<span class=\"advgb-post-tax-term\">Ribatejo<\/span>"]}},"comment_count":"0","relative_dates":{"created":"Posted 3 anos ago","modified":"Updated 3 anos ago"},"absolute_dates":{"created":"Posted on 20 de Outubro, 2023","modified":"Updated on 17 de Outubro, 2023"},"absolute_dates_time":{"created":"Posted on 20 de Outubro, 2023 7:00","modified":"Updated on 17 de Outubro, 2023 15:22"},"featured_img_caption":"","series_order":"","_links":{"self":[{"href":"http:\/\/maismagazine.pt\/index.php\/wp-json\/wp\/v2\/posts\/8077","targetHints":{"allow":["GET"]}}],"collection":[{"href":"http:\/\/maismagazine.pt\/index.php\/wp-json\/wp\/v2\/posts"}],"about":[{"href":"http:\/\/maismagazine.pt\/index.php\/wp-json\/wp\/v2\/types\/post"}],"author":[{"embeddable":true,"href":"http:\/\/maismagazine.pt\/index.php\/wp-json\/wp\/v2\/users\/17"}],"replies":[{"embeddable":true,"href":"http:\/\/maismagazine.pt\/index.php\/wp-json\/wp\/v2\/comments?post=8077"}],"version-history":[{"count":2,"href":"http:\/\/maismagazine.pt\/index.php\/wp-json\/wp\/v2\/posts\/8077\/revisions"}],"predecessor-version":[{"id":8083,"href":"http:\/\/maismagazine.pt\/index.php\/wp-json\/wp\/v2\/posts\/8077\/revisions\/8083"}],"wp:featuredmedia":[{"embeddable":true,"href":"http:\/\/maismagazine.pt\/index.php\/wp-json\/wp\/v2\/media\/8081"}],"wp:attachment":[{"href":"http:\/\/maismagazine.pt\/index.php\/wp-json\/wp\/v2\/media?parent=8077"}],"wp:term":[{"taxonomy":"category","embeddable":true,"href":"http:\/\/maismagazine.pt\/index.php\/wp-json\/wp\/v2\/categories?post=8077"},{"taxonomy":"post_tag","embeddable":true,"href":"http:\/\/maismagazine.pt\/index.php\/wp-json\/wp\/v2\/tags?post=8077"}],"curies":[{"name":"wp","href":"https:\/\/api.w.org\/{rel}","templated":true}]}}