{"id":7960,"date":"2023-10-20T07:00:00","date_gmt":"2023-10-20T06:00:00","guid":{"rendered":"https:\/\/maismagazine.pt\/?p=7960"},"modified":"2023-10-17T10:00:16","modified_gmt":"2023-10-17T09:00:16","slug":"o-futuro-passa-pela-alteracao-da-carreira-de-enfermagem","status":"publish","type":"post","link":"http:\/\/maismagazine.pt\/index.php\/2023\/10\/20\/o-futuro-passa-pela-alteracao-da-carreira-de-enfermagem\/","title":{"rendered":"\u201cO futuro passa pela altera\u00e7\u00e3o da Carreira de Enfermagem\u201d"},"content":{"rendered":"\n<p><strong>Jos\u00e9 Carlos Martins, Presidente do <a href=\"http:\/\/sep.org.pt\">Sindicato dos Enfermeiros Portugueses (SEP)<\/a>, prop\u00f5e algumas solu\u00e7\u00f5es para os desafios que os enfermeiros enfrentam atualmente.<\/strong><\/p>\n\n\n\n<p><\/p>\n\n\n\n<p>Em novembro pr\u00f3ximo s\u00e3o eleitos os novos Corpos Gerentes para o mandato 2023-2027. Este, que termina foi, tamb\u00e9m, um desafio. A pandemia da COVID-19 obrigou-nos a encontrar outras formas de mantermos a proximidade aos enfermeiros e continuar a intervir para resolver novos e velhos problemas. Destes, destacamos a conquista da atribui\u00e7\u00e3o de pontos aos enfermeiros, para progress\u00e3o na sua carreira, independentemente do v\u00ednculo contratual. Desde 2002, e somos os \u00fanicos no quadro da Administra\u00e7\u00e3o P\u00fablica, que defendemos que os enfermeiros contratados com \u201cv\u00ednculo privado\u201d (CIT) s\u00e3o na realidade \u201cfuncion\u00e1rios p\u00fablicos\u201d.<\/p>\n\n\n\n<p><\/p>\n\n\n\n<p>O futuro passa obrigatoriamente por alterar a Carreira de Enfermagem j\u00e1 que, a operacionaliza\u00e7\u00e3o da atual DL 71\/19 colocou a nu problemas para os quais, ainda que os enfermeiros tenham sido atempadamente alertados, s\u00f3 agora est\u00e3o a experienciar. \u00c9 exemplo disso a n\u00e3o abertura de concursos com vagas suficientes para todos os que adquirem o t\u00edtulo de Especialista ou Gestor, a coincid\u00eancia das posi\u00e7\u00f5es remunerat\u00f3rias nas categorias de Enfermeiro e Enfermeiro Especialista impossibilitando ganhos salariais, imposi\u00e7\u00e3o de altera\u00e7\u00e3o do v\u00ednculo quando, por concurso, ocorre mudan\u00e7a de institui\u00e7\u00e3o, progress\u00f5es dependentes de um sistema de Avalia\u00e7\u00e3o (SIADAP) que, impondo que 75% dos trabalhadores e tamb\u00e9m dos enfermeiros n\u00e3o sejam merecedores de m\u00e9rito, \u00e9 um verdadeiro trav\u00e3o.<\/p>\n\n\n\n<p><\/p>\n\n\n\n<p>A atual Carreira de Enfermagem desvalorizou a Enfermagem e os Enfermeiros quando diminuiu o valor do trabalho dos Enfermeiros Especialistas de 2 950\u20ac para os 1 407\u20ac.<\/p>\n\n\n\n<p><\/p>\n\n\n\n<p>Voltar a, solidamente, construir com os enfermeiros solu\u00e7\u00f5es para os problemas \u00e9 o nosso compromisso e por isso propomo-nos:<\/p>\n\n\n\n<p>Continuar a construir propostas s\u00f3lidas e de futuro que potenciem a afirma\u00e7\u00e3o e o desenvolvimento da Enfermagem e o consequente aumento do valor econ\u00f3mico e social do trabalho dos enfermeiros.<\/p>\n\n\n\n<p><\/p>\n\n\n\n<p><strong>Reivindicar, intervir, organizar, mobilizar e lutar por: <\/strong><\/p>\n\n\n\n<p>\u2022 Altera\u00e7\u00e3o pontual da carreira de Enfermagem<\/p>\n\n\n\n<p>\u2022 Compensa\u00e7\u00e3o do risco e penosidade, nomeadamente atrav\u00e9s da aposenta\u00e7\u00e3o mais cedo e da valoriza\u00e7\u00e3o do trabalho por turnos<\/p>\n\n\n\n<p>\u2022 35 horas semanais e melhoria dos direitos e outras condi\u00e7\u00f5es laborais nos setores privado e social<\/p>\n\n\n\n<p>\u2022 Admiss\u00e3o de mais enfermeiros com v\u00ednculos definitivos, de forma a garantir ajustadas respostas de qualidade \u00e0s necessidades dos cidad\u00e3os e exerc\u00edcio de direitos<\/p>\n\n\n\n<p>\u2022 Continuar a melhorar a resposta e a interven\u00e7\u00e3o face aos problemas individuais e institucionais, incluindo a exig\u00eancia do cumprimento da legisla\u00e7\u00e3o sobre organiza\u00e7\u00e3o do tempo de trabalho<\/p>\n\n\n\n<p>\u2022 Intervir na defesa e no refor\u00e7o do Servi\u00e7o Nacional de Sa\u00fade, p\u00fablico, universal e gratuito, cuja nova Lei de Bases da Sa\u00fade voltou a consagrar como pilar estruturante do Sistema de Sa\u00fade Portugu\u00eas e remeteu os restantes setores (privado e social) para o papel de complementaridade, continuando a exigir medidas que potenciem melhorias no acesso, na integra\u00e7\u00e3o de interven\u00e7\u00f5es complementares, na articula\u00e7\u00e3o entre n\u00edveis de resposta e na organiza\u00e7\u00e3o, no funcionamento e na gest\u00e3o das institui\u00e7\u00f5es<\/p>\n\n\n\n<p>\u2022 Prosseguir com a articula\u00e7\u00e3o de reivindica\u00e7\u00f5es, processos e lutas com as estruturas do Movimento Sindical Unit\u00e1rio que integramos, desde logo pelo aumento dos sal\u00e1rios que permita fazer face ao agravamento do custo de vida e \u00e0 perda do poder de compra (Frente Comum e CGTP-IN), com o Sindicato dos Enfermeiros da Regi\u00e3o Aut\u00f3noma da Madeira e outras Organiza\u00e7\u00f5es Profissionais da \u00e1rea da Sa\u00fade, bem como com estruturas internacionais. <\/p>\n\n\n\n<p><\/p>\n\n\n<div class=\"wp-block-image\">\n<figure class=\"aligncenter size-large is-resized\"><img loading=\"lazy\" decoding=\"async\" src=\"https:\/\/maismagazine.pt\/wp-content\/uploads\/2023\/10\/SEP_deitado-SEM-legenda-Cor-transparente-1-1024x437.gif\" alt=\"\" class=\"wp-image-7962\" width=\"361\" height=\"154\" srcset=\"http:\/\/maismagazine.pt\/wp-content\/uploads\/2023\/10\/SEP_deitado-SEM-legenda-Cor-transparente-1-1024x437.gif 1024w, http:\/\/maismagazine.pt\/wp-content\/uploads\/2023\/10\/SEP_deitado-SEM-legenda-Cor-transparente-1-300x128.gif 300w, http:\/\/maismagazine.pt\/wp-content\/uploads\/2023\/10\/SEP_deitado-SEM-legenda-Cor-transparente-1-768x328.gif 768w, http:\/\/maismagazine.pt\/wp-content\/uploads\/2023\/10\/SEP_deitado-SEM-legenda-Cor-transparente-1-1536x656.gif 1536w\" sizes=\"auto, (max-width: 361px) 100vw, 361px\" \/><\/figure><\/div>\n\n\n<p><canvas width=\"1245\" height=\"1755\"><\/canvas><\/p>\n","protected":false},"excerpt":{"rendered":"<p>Jos\u00e9 Carlos Martins, Presidente do Sindicato dos Enfermeiros Portugueses (SEP), prop\u00f5e algumas solu\u00e7\u00f5es para os desafios que os enfermeiros enfrentam atualmente. Em novembro pr\u00f3ximo s\u00e3o eleitos os novos Corpos Gerentes para o mandato 2023-2027. Este, que termina foi, tamb\u00e9m, um desafio. A pandemia da COVID-19 obrigou-nos a encontrar outras formas&hellip;<\/p>\n","protected":false},"author":18,"featured_media":7961,"comment_status":"closed","ping_status":"open","sticky":false,"template":"","format":"standard","meta":{"advgb_blocks_editor_width":"","advgb_blocks_columns_visual_guide":"","_monsterinsights_skip_tracking":false,"_monsterinsights_sitenote_active":false,"_monsterinsights_sitenote_note":"","_monsterinsights_sitenote_category":0,"footnotes":""},"categories":[313],"tags":[867,1699,1698],"class_list":["post-7960","post","type-post","status-publish","format-standard","has-post-thumbnail","hentry","category-saude","tag-enfermagem","tag-sep","tag-sindicatos"],"yoast_head":"<!-- This site is optimized with the Yoast SEO plugin v24.4 - https:\/\/yoast.com\/wordpress\/plugins\/seo\/ -->\n<title>\u201cO futuro passa pela altera\u00e7\u00e3o da Carreira de Enfermagem\u201d - Mais Magazine<\/title>\n<meta name=\"robots\" content=\"index, follow, max-snippet:-1, max-image-preview:large, max-video-preview:-1\" \/>\n<link rel=\"canonical\" href=\"https:\/\/maismagazine.pt\/index.php\/2023\/10\/20\/o-futuro-passa-pela-alteracao-da-carreira-de-enfermagem\/\" \/>\n<meta property=\"og:locale\" content=\"pt_PT\" \/>\n<meta property=\"og:type\" content=\"article\" \/>\n<meta property=\"og:title\" content=\"\u201cO futuro passa pela altera\u00e7\u00e3o da Carreira de Enfermagem\u201d - Mais Magazine\" \/>\n<meta property=\"og:description\" content=\"Jos\u00e9 Carlos Martins, Presidente do Sindicato dos Enfermeiros Portugueses (SEP), prop\u00f5e algumas solu\u00e7\u00f5es para os desafios que os enfermeiros enfrentam atualmente. Em novembro pr\u00f3ximo s\u00e3o eleitos os novos Corpos Gerentes para o mandato 2023-2027. Este, que termina foi, tamb\u00e9m, um desafio. A pandemia da COVID-19 obrigou-nos a encontrar outras formas&hellip;\" \/>\n<meta property=\"og:url\" content=\"https:\/\/maismagazine.pt\/index.php\/2023\/10\/20\/o-futuro-passa-pela-alteracao-da-carreira-de-enfermagem\/\" \/>\n<meta property=\"og:site_name\" content=\"Mais Magazine\" \/>\n<meta property=\"article:published_time\" content=\"2023-10-20T06:00:00+00:00\" \/>\n<meta property=\"og:image\" content=\"https:\/\/maismagazine.pt\/wp-content\/uploads\/2023\/10\/JOSE-CARLOS-MARTINS-SEP-1-scaled.jpg\" \/>\n\t<meta property=\"og:image:width\" content=\"2560\" \/>\n\t<meta property=\"og:image:height\" content=\"1707\" \/>\n\t<meta property=\"og:image:type\" content=\"image\/jpeg\" \/>\n<meta name=\"author\" content=\"Tatiana Martins\" \/>\n<meta name=\"twitter:card\" content=\"summary_large_image\" \/>\n<meta name=\"twitter:label1\" content=\"Escrito por\" \/>\n\t<meta name=\"twitter:data1\" content=\"\" \/>\n\t<meta name=\"twitter:label2\" content=\"Tempo estimado de leitura\" \/>\n\t<meta name=\"twitter:data2\" content=\"3 minutos\" \/>\n<script type=\"application\/ld+json\" class=\"yoast-schema-graph\">{\"@context\":\"https:\/\/schema.org\",\"@graph\":[{\"@type\":\"Article\",\"@id\":\"https:\/\/maismagazine.pt\/index.php\/2023\/10\/20\/o-futuro-passa-pela-alteracao-da-carreira-de-enfermagem\/#article\",\"isPartOf\":{\"@id\":\"https:\/\/maismagazine.pt\/index.php\/2023\/10\/20\/o-futuro-passa-pela-alteracao-da-carreira-de-enfermagem\/\"},\"author\":{\"name\":\"Tatiana Martins\",\"@id\":\"http:\/\/maismagazine.pt\/#\/schema\/person\/7426e2caeb8df32a1b56aa48dae778c9\"},\"headline\":\"\u201cO futuro passa pela altera\u00e7\u00e3o da Carreira de Enfermagem\u201d\",\"datePublished\":\"2023-10-20T06:00:00+00:00\",\"mainEntityOfPage\":{\"@id\":\"https:\/\/maismagazine.pt\/index.php\/2023\/10\/20\/o-futuro-passa-pela-alteracao-da-carreira-de-enfermagem\/\"},\"wordCount\":612,\"publisher\":{\"@id\":\"http:\/\/maismagazine.pt\/#organization\"},\"image\":{\"@id\":\"https:\/\/maismagazine.pt\/index.php\/2023\/10\/20\/o-futuro-passa-pela-alteracao-da-carreira-de-enfermagem\/#primaryimage\"},\"thumbnailUrl\":\"http:\/\/maismagazine.pt\/wp-content\/uploads\/2023\/10\/JOSE-CARLOS-MARTINS-SEP-1-scaled.jpg\",\"keywords\":[\"enfermagem\",\"SEP\",\"Sindicatos\"],\"articleSection\":[\"Sa\u00fade\"],\"inLanguage\":\"pt-PT\"},{\"@type\":\"WebPage\",\"@id\":\"https:\/\/maismagazine.pt\/index.php\/2023\/10\/20\/o-futuro-passa-pela-alteracao-da-carreira-de-enfermagem\/\",\"url\":\"https:\/\/maismagazine.pt\/index.php\/2023\/10\/20\/o-futuro-passa-pela-alteracao-da-carreira-de-enfermagem\/\",\"name\":\"\u201cO futuro passa pela altera\u00e7\u00e3o da Carreira de Enfermagem\u201d - Mais Magazine\",\"isPartOf\":{\"@id\":\"http:\/\/maismagazine.pt\/#website\"},\"primaryImageOfPage\":{\"@id\":\"https:\/\/maismagazine.pt\/index.php\/2023\/10\/20\/o-futuro-passa-pela-alteracao-da-carreira-de-enfermagem\/#primaryimage\"},\"image\":{\"@id\":\"https:\/\/maismagazine.pt\/index.php\/2023\/10\/20\/o-futuro-passa-pela-alteracao-da-carreira-de-enfermagem\/#primaryimage\"},\"thumbnailUrl\":\"http:\/\/maismagazine.pt\/wp-content\/uploads\/2023\/10\/JOSE-CARLOS-MARTINS-SEP-1-scaled.jpg\",\"datePublished\":\"2023-10-20T06:00:00+00:00\",\"breadcrumb\":{\"@id\":\"https:\/\/maismagazine.pt\/index.php\/2023\/10\/20\/o-futuro-passa-pela-alteracao-da-carreira-de-enfermagem\/#breadcrumb\"},\"inLanguage\":\"pt-PT\",\"potentialAction\":[{\"@type\":\"ReadAction\",\"target\":[\"https:\/\/maismagazine.pt\/index.php\/2023\/10\/20\/o-futuro-passa-pela-alteracao-da-carreira-de-enfermagem\/\"]}]},{\"@type\":\"ImageObject\",\"inLanguage\":\"pt-PT\",\"@id\":\"https:\/\/maismagazine.pt\/index.php\/2023\/10\/20\/o-futuro-passa-pela-alteracao-da-carreira-de-enfermagem\/#primaryimage\",\"url\":\"http:\/\/maismagazine.pt\/wp-content\/uploads\/2023\/10\/JOSE-CARLOS-MARTINS-SEP-1-scaled.jpg\",\"contentUrl\":\"http:\/\/maismagazine.pt\/wp-content\/uploads\/2023\/10\/JOSE-CARLOS-MARTINS-SEP-1-scaled.jpg\",\"width\":2560,\"height\":1707,\"caption\":\"Jos\u00e9 Carlos Martins, Presidente do SEP\"},{\"@type\":\"BreadcrumbList\",\"@id\":\"https:\/\/maismagazine.pt\/index.php\/2023\/10\/20\/o-futuro-passa-pela-alteracao-da-carreira-de-enfermagem\/#breadcrumb\",\"itemListElement\":[{\"@type\":\"ListItem\",\"position\":1,\"name\":\"Home\",\"item\":\"http:\/\/maismagazine.pt\/\"},{\"@type\":\"ListItem\",\"position\":2,\"name\":\"\u201cO futuro passa pela altera\u00e7\u00e3o da Carreira de Enfermagem\u201d\"}]},{\"@type\":\"WebSite\",\"@id\":\"http:\/\/maismagazine.pt\/#website\",\"url\":\"http:\/\/maismagazine.pt\/\",\"name\":\"Mais Magazine\",\"description\":\"\",\"publisher\":{\"@id\":\"http:\/\/maismagazine.pt\/#organization\"},\"potentialAction\":[{\"@type\":\"SearchAction\",\"target\":{\"@type\":\"EntryPoint\",\"urlTemplate\":\"http:\/\/maismagazine.pt\/?s={search_term_string}\"},\"query-input\":{\"@type\":\"PropertyValueSpecification\",\"valueRequired\":true,\"valueName\":\"search_term_string\"}}],\"inLanguage\":\"pt-PT\"},{\"@type\":\"Organization\",\"@id\":\"http:\/\/maismagazine.pt\/#organization\",\"name\":\"Mais Magazine\",\"url\":\"http:\/\/maismagazine.pt\/\",\"logo\":{\"@type\":\"ImageObject\",\"inLanguage\":\"pt-PT\",\"@id\":\"http:\/\/maismagazine.pt\/#\/schema\/logo\/image\/\",\"url\":\"http:\/\/maismagazine.pt\/wp-content\/uploads\/2020\/04\/cropped-cropped-mais-magazine-site-logo-2.png\",\"contentUrl\":\"http:\/\/maismagazine.pt\/wp-content\/uploads\/2020\/04\/cropped-cropped-mais-magazine-site-logo-2.png\",\"width\":581,\"height\":90,\"caption\":\"Mais Magazine\"},\"image\":{\"@id\":\"http:\/\/maismagazine.pt\/#\/schema\/logo\/image\/\"}},{\"@type\":\"Person\",\"@id\":\"http:\/\/maismagazine.pt\/#\/schema\/person\/7426e2caeb8df32a1b56aa48dae778c9\",\"name\":\"Tatiana Martins\",\"image\":{\"@type\":\"ImageObject\",\"inLanguage\":\"pt-PT\",\"@id\":\"http:\/\/maismagazine.pt\/#\/schema\/person\/image\/\",\"url\":\"https:\/\/secure.gravatar.com\/avatar\/4b24a57f5d0425f2eb20981c4b53244e?s=96&d=mm&r=g\",\"contentUrl\":\"https:\/\/secure.gravatar.com\/avatar\/4b24a57f5d0425f2eb20981c4b53244e?s=96&d=mm&r=g\",\"caption\":\"Tatiana Martins\"},\"url\":\"http:\/\/maismagazine.pt\/index.php\/author\/tatiana\/\"}]}<\/script>\n<!-- \/ Yoast SEO plugin. -->","yoast_head_json":{"title":"\u201cO futuro passa pela altera\u00e7\u00e3o da Carreira de Enfermagem\u201d - Mais Magazine","robots":{"index":"index","follow":"follow","max-snippet":"max-snippet:-1","max-image-preview":"max-image-preview:large","max-video-preview":"max-video-preview:-1"},"canonical":"https:\/\/maismagazine.pt\/index.php\/2023\/10\/20\/o-futuro-passa-pela-alteracao-da-carreira-de-enfermagem\/","og_locale":"pt_PT","og_type":"article","og_title":"\u201cO futuro passa pela altera\u00e7\u00e3o da Carreira de Enfermagem\u201d - Mais Magazine","og_description":"Jos\u00e9 Carlos Martins, Presidente do Sindicato dos Enfermeiros Portugueses (SEP), prop\u00f5e algumas solu\u00e7\u00f5es para os desafios que os enfermeiros enfrentam atualmente. Em novembro pr\u00f3ximo s\u00e3o eleitos os novos Corpos Gerentes para o mandato 2023-2027. Este, que termina foi, tamb\u00e9m, um desafio. A pandemia da COVID-19 obrigou-nos a encontrar outras formas&hellip;","og_url":"https:\/\/maismagazine.pt\/index.php\/2023\/10\/20\/o-futuro-passa-pela-alteracao-da-carreira-de-enfermagem\/","og_site_name":"Mais Magazine","article_published_time":"2023-10-20T06:00:00+00:00","og_image":[{"width":2560,"height":1707,"url":"https:\/\/maismagazine.pt\/wp-content\/uploads\/2023\/10\/JOSE-CARLOS-MARTINS-SEP-1-scaled.jpg","type":"image\/jpeg"}],"author":"Tatiana Martins","twitter_card":"summary_large_image","twitter_misc":{"Escrito por":false,"Tempo estimado de leitura":"3 minutos"},"schema":{"@context":"https:\/\/schema.org","@graph":[{"@type":"Article","@id":"https:\/\/maismagazine.pt\/index.php\/2023\/10\/20\/o-futuro-passa-pela-alteracao-da-carreira-de-enfermagem\/#article","isPartOf":{"@id":"https:\/\/maismagazine.pt\/index.php\/2023\/10\/20\/o-futuro-passa-pela-alteracao-da-carreira-de-enfermagem\/"},"author":{"name":"Tatiana Martins","@id":"http:\/\/maismagazine.pt\/#\/schema\/person\/7426e2caeb8df32a1b56aa48dae778c9"},"headline":"\u201cO futuro passa pela altera\u00e7\u00e3o da Carreira de Enfermagem\u201d","datePublished":"2023-10-20T06:00:00+00:00","mainEntityOfPage":{"@id":"https:\/\/maismagazine.pt\/index.php\/2023\/10\/20\/o-futuro-passa-pela-alteracao-da-carreira-de-enfermagem\/"},"wordCount":612,"publisher":{"@id":"http:\/\/maismagazine.pt\/#organization"},"image":{"@id":"https:\/\/maismagazine.pt\/index.php\/2023\/10\/20\/o-futuro-passa-pela-alteracao-da-carreira-de-enfermagem\/#primaryimage"},"thumbnailUrl":"http:\/\/maismagazine.pt\/wp-content\/uploads\/2023\/10\/JOSE-CARLOS-MARTINS-SEP-1-scaled.jpg","keywords":["enfermagem","SEP","Sindicatos"],"articleSection":["Sa\u00fade"],"inLanguage":"pt-PT"},{"@type":"WebPage","@id":"https:\/\/maismagazine.pt\/index.php\/2023\/10\/20\/o-futuro-passa-pela-alteracao-da-carreira-de-enfermagem\/","url":"https:\/\/maismagazine.pt\/index.php\/2023\/10\/20\/o-futuro-passa-pela-alteracao-da-carreira-de-enfermagem\/","name":"\u201cO futuro passa pela altera\u00e7\u00e3o da Carreira de Enfermagem\u201d - Mais Magazine","isPartOf":{"@id":"http:\/\/maismagazine.pt\/#website"},"primaryImageOfPage":{"@id":"https:\/\/maismagazine.pt\/index.php\/2023\/10\/20\/o-futuro-passa-pela-alteracao-da-carreira-de-enfermagem\/#primaryimage"},"image":{"@id":"https:\/\/maismagazine.pt\/index.php\/2023\/10\/20\/o-futuro-passa-pela-alteracao-da-carreira-de-enfermagem\/#primaryimage"},"thumbnailUrl":"http:\/\/maismagazine.pt\/wp-content\/uploads\/2023\/10\/JOSE-CARLOS-MARTINS-SEP-1-scaled.jpg","datePublished":"2023-10-20T06:00:00+00:00","breadcrumb":{"@id":"https:\/\/maismagazine.pt\/index.php\/2023\/10\/20\/o-futuro-passa-pela-alteracao-da-carreira-de-enfermagem\/#breadcrumb"},"inLanguage":"pt-PT","potentialAction":[{"@type":"ReadAction","target":["https:\/\/maismagazine.pt\/index.php\/2023\/10\/20\/o-futuro-passa-pela-alteracao-da-carreira-de-enfermagem\/"]}]},{"@type":"ImageObject","inLanguage":"pt-PT","@id":"https:\/\/maismagazine.pt\/index.php\/2023\/10\/20\/o-futuro-passa-pela-alteracao-da-carreira-de-enfermagem\/#primaryimage","url":"http:\/\/maismagazine.pt\/wp-content\/uploads\/2023\/10\/JOSE-CARLOS-MARTINS-SEP-1-scaled.jpg","contentUrl":"http:\/\/maismagazine.pt\/wp-content\/uploads\/2023\/10\/JOSE-CARLOS-MARTINS-SEP-1-scaled.jpg","width":2560,"height":1707,"caption":"Jos\u00e9 Carlos Martins, Presidente do SEP"},{"@type":"BreadcrumbList","@id":"https:\/\/maismagazine.pt\/index.php\/2023\/10\/20\/o-futuro-passa-pela-alteracao-da-carreira-de-enfermagem\/#breadcrumb","itemListElement":[{"@type":"ListItem","position":1,"name":"Home","item":"http:\/\/maismagazine.pt\/"},{"@type":"ListItem","position":2,"name":"\u201cO futuro passa pela altera\u00e7\u00e3o da Carreira de Enfermagem\u201d"}]},{"@type":"WebSite","@id":"http:\/\/maismagazine.pt\/#website","url":"http:\/\/maismagazine.pt\/","name":"Mais Magazine","description":"","publisher":{"@id":"http:\/\/maismagazine.pt\/#organization"},"potentialAction":[{"@type":"SearchAction","target":{"@type":"EntryPoint","urlTemplate":"http:\/\/maismagazine.pt\/?s={search_term_string}"},"query-input":{"@type":"PropertyValueSpecification","valueRequired":true,"valueName":"search_term_string"}}],"inLanguage":"pt-PT"},{"@type":"Organization","@id":"http:\/\/maismagazine.pt\/#organization","name":"Mais Magazine","url":"http:\/\/maismagazine.pt\/","logo":{"@type":"ImageObject","inLanguage":"pt-PT","@id":"http:\/\/maismagazine.pt\/#\/schema\/logo\/image\/","url":"http:\/\/maismagazine.pt\/wp-content\/uploads\/2020\/04\/cropped-cropped-mais-magazine-site-logo-2.png","contentUrl":"http:\/\/maismagazine.pt\/wp-content\/uploads\/2020\/04\/cropped-cropped-mais-magazine-site-logo-2.png","width":581,"height":90,"caption":"Mais Magazine"},"image":{"@id":"http:\/\/maismagazine.pt\/#\/schema\/logo\/image\/"}},{"@type":"Person","@id":"http:\/\/maismagazine.pt\/#\/schema\/person\/7426e2caeb8df32a1b56aa48dae778c9","name":"Tatiana Martins","image":{"@type":"ImageObject","inLanguage":"pt-PT","@id":"http:\/\/maismagazine.pt\/#\/schema\/person\/image\/","url":"https:\/\/secure.gravatar.com\/avatar\/4b24a57f5d0425f2eb20981c4b53244e?s=96&d=mm&r=g","contentUrl":"https:\/\/secure.gravatar.com\/avatar\/4b24a57f5d0425f2eb20981c4b53244e?s=96&d=mm&r=g","caption":"Tatiana Martins"},"url":"http:\/\/maismagazine.pt\/index.php\/author\/tatiana\/"}]}},"author_meta":{"display_name":false,"author_link":"http:\/\/maismagazine.pt\/index.php\/author\/tatiana\/"},"featured_img":"http:\/\/maismagazine.pt\/wp-content\/uploads\/2023\/10\/JOSE-CARLOS-MARTINS-SEP-1-300x200.jpg","coauthors":[],"tax_additional":{"categories":{"linked":["<a href=\"http:\/\/maismagazine.pt\/index.php\/category\/mundo-empresarial\/saude\/\" class=\"advgb-post-tax-term\">Sa\u00fade<\/a>"],"unlinked":["<span class=\"advgb-post-tax-term\">Sa\u00fade<\/span>"]},"tags":{"linked":["<a href=\"http:\/\/maismagazine.pt\/index.php\/category\/mundo-empresarial\/saude\/\" class=\"advgb-post-tax-term\">enfermagem<\/a>","<a href=\"http:\/\/maismagazine.pt\/index.php\/category\/mundo-empresarial\/saude\/\" class=\"advgb-post-tax-term\">SEP<\/a>","<a href=\"http:\/\/maismagazine.pt\/index.php\/category\/mundo-empresarial\/saude\/\" class=\"advgb-post-tax-term\">Sindicatos<\/a>"],"unlinked":["<span class=\"advgb-post-tax-term\">enfermagem<\/span>","<span class=\"advgb-post-tax-term\">SEP<\/span>","<span class=\"advgb-post-tax-term\">Sindicatos<\/span>"]}},"comment_count":"0","relative_dates":{"created":"Posted 3 anos ago","modified":"Updated 3 anos ago"},"absolute_dates":{"created":"Posted on 20 de Outubro, 2023","modified":"Updated on 17 de Outubro, 2023"},"absolute_dates_time":{"created":"Posted on 20 de Outubro, 2023 7:00","modified":"Updated on 17 de Outubro, 2023 10:00"},"featured_img_caption":"Jos\u00e9 Carlos Martins, Presidente do SEP","series_order":"","_links":{"self":[{"href":"http:\/\/maismagazine.pt\/index.php\/wp-json\/wp\/v2\/posts\/7960","targetHints":{"allow":["GET"]}}],"collection":[{"href":"http:\/\/maismagazine.pt\/index.php\/wp-json\/wp\/v2\/posts"}],"about":[{"href":"http:\/\/maismagazine.pt\/index.php\/wp-json\/wp\/v2\/types\/post"}],"author":[{"embeddable":true,"href":"http:\/\/maismagazine.pt\/index.php\/wp-json\/wp\/v2\/users\/18"}],"replies":[{"embeddable":true,"href":"http:\/\/maismagazine.pt\/index.php\/wp-json\/wp\/v2\/comments?post=7960"}],"version-history":[{"count":1,"href":"http:\/\/maismagazine.pt\/index.php\/wp-json\/wp\/v2\/posts\/7960\/revisions"}],"predecessor-version":[{"id":7963,"href":"http:\/\/maismagazine.pt\/index.php\/wp-json\/wp\/v2\/posts\/7960\/revisions\/7963"}],"wp:featuredmedia":[{"embeddable":true,"href":"http:\/\/maismagazine.pt\/index.php\/wp-json\/wp\/v2\/media\/7961"}],"wp:attachment":[{"href":"http:\/\/maismagazine.pt\/index.php\/wp-json\/wp\/v2\/media?parent=7960"}],"wp:term":[{"taxonomy":"category","embeddable":true,"href":"http:\/\/maismagazine.pt\/index.php\/wp-json\/wp\/v2\/categories?post=7960"},{"taxonomy":"post_tag","embeddable":true,"href":"http:\/\/maismagazine.pt\/index.php\/wp-json\/wp\/v2\/tags?post=7960"}],"curies":[{"name":"wp","href":"https:\/\/api.w.org\/{rel}","templated":true}]}}