{"id":7957,"date":"2023-10-20T07:00:00","date_gmt":"2023-10-20T06:00:00","guid":{"rendered":"https:\/\/maismagazine.pt\/?p=7957"},"modified":"2023-10-17T09:47:56","modified_gmt":"2023-10-17T08:47:56","slug":"stfpsne-e-a-forca-do-trabalho","status":"publish","type":"post","link":"http:\/\/maismagazine.pt\/index.php\/2023\/10\/20\/stfpsne-e-a-forca-do-trabalho\/","title":{"rendered":"STFPSNE E A FOR\u00c7A DO TRABALHO"},"content":{"rendered":"\n<p><strong>O <a href=\"https:\/\/www.stfpsn.pt\/\">STFPSN \u2013 Sindicato dos Trabalhadores em Fun\u00e7\u00f5es P\u00fablicas e Sociais do Norte<\/a> foi constitu\u00eddo em 26 de junho de 1976, emergindo com uma sociedade democr\u00e1tica, vinda do 25 de abril de 1974, imperando a necessidade de organizar os trabalhadores na defesa dos seus direitos laborais e de os libertar da opress\u00e3o dos seus empregadores e de regular as rela\u00e7\u00f5es de trabalho.<\/strong><\/p>\n\n\n\n<p><\/p>\n\n\n\n<p>Fruto da Revolu\u00e7\u00e3o dos Cravos que imp\u00f4s uma mudan\u00e7a de paradigma da sociedade portuguesa e da governa\u00e7\u00e3o do pa\u00eds, o contexto pol\u00edtico de ent\u00e3o ditou e impulsionou o nascimento do STFPSN. De l\u00e1 para c\u00e1, ombreando com os trabalhadores, o STFPSN j\u00e1 vivenciou muitas lutas dos trabalhadores, j\u00e1 experienciou diversos modelos de governa\u00e7\u00e3o do pa\u00eds, assistiu a sucessivas altera\u00e7\u00f5es e remodela\u00e7\u00f5es na Administra\u00e7\u00e3o P\u00fablica. \u00c0 semelhan\u00e7a do que \u00e9 exigido \u00e0 popula\u00e7\u00e3o em geral, a for\u00e7a de trabalho tem vindo a transformar-se e adaptar-se aos novos contextos socioecon\u00f3micos, entre momentos estruturais e conjunturais com menor ou maior dificuldade, como dita o momento atual. O STFPSN n\u00e3o se cr\u00ea na exce\u00e7\u00e3o! Tamb\u00e9m se reinventou e modernizou ao longo dos tempos e, s\u00f3 assim, no seu palco pol\u00edtico-sindical v\u00ea viabilizada a sua nobre miss\u00e3o de defender os interesses e direitos econ\u00f3micos, laborais e sociais dos trabalhadores.<\/p>\n\n\n\n<p><\/p>\n\n\n\n<p>O STFPSN tem provas dadas junto dos trabalhadores que acompanha, sejam estes operacionais ou quadros superiores, de carreira geral, especial ou subsistente, abrangendo centenas de servi\u00e7os dos Minist\u00e9rios existentes e tamb\u00e9m do nosso honroso Setor Social. Destaca-se da interven\u00e7\u00e3o do STFPSN a negocia\u00e7\u00e3o de Instrumentos de Regulamenta\u00e7\u00e3o Coletiva do Trabalho, que abrangem milhares de trabalhadores nossos associados, bem como a participa\u00e7\u00e3o na negocia\u00e7\u00e3o de carreiras, sendo que o objetivo maior \u00e9 sempre, e sempre ser\u00e1, garantir melhores condi\u00e7\u00f5es profissionais e de vida para os trabalhadores seus filiados e, bem assim, permitir tamb\u00e9m a regula\u00e7\u00e3o das rela\u00e7\u00f5es laborais e potenciar o crescimento econ\u00f3mico e o desenvolvimento social.<\/p>\n\n\n\n<p><\/p>\n\n\n\n<p>Atualmente, o STFPSN tem a sua sede no Porto e conta com uma delega\u00e7\u00e3o em cada capital de distrito da regi\u00e3o Norte. \u00c9 uma associa\u00e7\u00e3o sindical dirigida por trabalhadores de diferentes \u00e1reas de atividade, vocacionada para os trabalhadores \u2013 a for\u00e7a do trabalho \u2013 dos setores p\u00fablico e privado, com entendimento plural.<\/p>\n\n\n\n<p><\/p>\n\n\n\n<p>Para rematar, se d\u00favidas houver, aos trabalhadores sindicalizados \u00e9 permitida a representa\u00e7\u00e3o e a voz necess\u00e1ria e combativa da melhoria das condi\u00e7\u00f5es de cada um, num coletivo organizado e com assento nas mesas negociais. Aos nossos trabalhadores sindicalizados garantimos, ainda, informa\u00e7\u00e3o sindical, presen\u00e7a nos locais de trabalho, atendimento individual ou coletivo, apoio jur\u00eddico, representa\u00e7\u00e3o negocial e jur\u00eddica, forma\u00e7\u00e3o e usufruto de protocolos diversos em seu benef\u00edcio.<\/p>\n\n\n\n<p><\/p>\n\n\n\n<p><strong>No STFPSN prosseguimos o nosso lema:<\/strong><\/p>\n\n\n\n<p>UNIDOS SOMOS MAIS FORTES<\/p>\n\n\n\n<p><canvas width=\"1245\" height=\"1755\"><\/canvas><\/p>\n\n\n\n<p><canvas width=\"1245\" height=\"1755\"><\/canvas><\/p>\n","protected":false},"excerpt":{"rendered":"<p>O STFPSN \u2013 Sindicato dos Trabalhadores em Fun\u00e7\u00f5es P\u00fablicas e Sociais do Norte foi constitu\u00eddo em 26 de junho de 1976, emergindo com uma sociedade democr\u00e1tica, vinda do 25 de abril de 1974, imperando a necessidade de organizar os trabalhadores na defesa dos seus direitos laborais e de os libertar&hellip;<\/p>\n","protected":false},"author":18,"featured_media":7958,"comment_status":"closed","ping_status":"open","sticky":false,"template":"","format":"standard","meta":{"advgb_blocks_editor_width":"","advgb_blocks_columns_visual_guide":"","_monsterinsights_skip_tracking":false,"_monsterinsights_sitenote_active":false,"_monsterinsights_sitenote_note":"","_monsterinsights_sitenote_category":0,"footnotes":""},"categories":[161],"tags":[1698,1697],"class_list":["post-7957","post","type-post","status-publish","format-standard","has-post-thumbnail","hentry","category-mundo-empresarial","tag-sindicatos","tag-stfpsn"],"yoast_head":"<!-- This site is optimized with the Yoast SEO plugin v24.4 - https:\/\/yoast.com\/wordpress\/plugins\/seo\/ -->\n<title>STFPSNE E A FOR\u00c7A DO TRABALHO - Mais Magazine<\/title>\n<meta name=\"robots\" content=\"index, follow, max-snippet:-1, max-image-preview:large, max-video-preview:-1\" \/>\n<link rel=\"canonical\" href=\"http:\/\/maismagazine.pt\/index.php\/2023\/10\/20\/stfpsne-e-a-forca-do-trabalho\/\" \/>\n<meta property=\"og:locale\" content=\"pt_PT\" \/>\n<meta property=\"og:type\" content=\"article\" \/>\n<meta property=\"og:title\" content=\"STFPSNE E A FOR\u00c7A DO TRABALHO - Mais Magazine\" \/>\n<meta property=\"og:description\" content=\"O STFPSN \u2013 Sindicato dos Trabalhadores em Fun\u00e7\u00f5es P\u00fablicas e Sociais do Norte foi constitu\u00eddo em 26 de junho de 1976, emergindo com uma sociedade democr\u00e1tica, vinda do 25 de abril de 1974, imperando a necessidade de organizar os trabalhadores na defesa dos seus direitos laborais e de os libertar&hellip;\" \/>\n<meta property=\"og:url\" content=\"http:\/\/maismagazine.pt\/index.php\/2023\/10\/20\/stfpsne-e-a-forca-do-trabalho\/\" \/>\n<meta property=\"og:site_name\" content=\"Mais Magazine\" \/>\n<meta property=\"article:published_time\" content=\"2023-10-20T06:00:00+00:00\" \/>\n<meta property=\"og:image\" content=\"http:\/\/maismagazine.pt\/wp-content\/uploads\/2023\/10\/Logo-STFPSN.jpg\" \/>\n\t<meta property=\"og:image:width\" content=\"200\" \/>\n\t<meta property=\"og:image:height\" content=\"200\" \/>\n\t<meta property=\"og:image:type\" content=\"image\/jpeg\" \/>\n<meta name=\"author\" content=\"Tatiana Martins\" \/>\n<meta name=\"twitter:card\" content=\"summary_large_image\" \/>\n<meta name=\"twitter:label1\" content=\"Escrito por\" \/>\n\t<meta name=\"twitter:data1\" content=\"\" \/>\n\t<meta name=\"twitter:label2\" content=\"Tempo estimado de leitura\" \/>\n\t<meta name=\"twitter:data2\" content=\"2 minutos\" \/>\n<script type=\"application\/ld+json\" class=\"yoast-schema-graph\">{\"@context\":\"https:\/\/schema.org\",\"@graph\":[{\"@type\":\"Article\",\"@id\":\"http:\/\/maismagazine.pt\/index.php\/2023\/10\/20\/stfpsne-e-a-forca-do-trabalho\/#article\",\"isPartOf\":{\"@id\":\"http:\/\/maismagazine.pt\/index.php\/2023\/10\/20\/stfpsne-e-a-forca-do-trabalho\/\"},\"author\":{\"name\":\"Tatiana Martins\",\"@id\":\"https:\/\/maismagazine.pt\/#\/schema\/person\/7426e2caeb8df32a1b56aa48dae778c9\"},\"headline\":\"STFPSNE E A FOR\u00c7A DO TRABALHO\",\"datePublished\":\"2023-10-20T06:00:00+00:00\",\"mainEntityOfPage\":{\"@id\":\"http:\/\/maismagazine.pt\/index.php\/2023\/10\/20\/stfpsne-e-a-forca-do-trabalho\/\"},\"wordCount\":492,\"publisher\":{\"@id\":\"https:\/\/maismagazine.pt\/#organization\"},\"image\":{\"@id\":\"http:\/\/maismagazine.pt\/index.php\/2023\/10\/20\/stfpsne-e-a-forca-do-trabalho\/#primaryimage\"},\"thumbnailUrl\":\"http:\/\/maismagazine.pt\/wp-content\/uploads\/2023\/10\/Logo-STFPSN.jpg\",\"keywords\":[\"Sindicatos\",\"STFPSN\"],\"articleSection\":[\"Mundo Empresarial\"],\"inLanguage\":\"pt-PT\"},{\"@type\":\"WebPage\",\"@id\":\"http:\/\/maismagazine.pt\/index.php\/2023\/10\/20\/stfpsne-e-a-forca-do-trabalho\/\",\"url\":\"http:\/\/maismagazine.pt\/index.php\/2023\/10\/20\/stfpsne-e-a-forca-do-trabalho\/\",\"name\":\"STFPSNE E A FOR\u00c7A DO TRABALHO - Mais Magazine\",\"isPartOf\":{\"@id\":\"https:\/\/maismagazine.pt\/#website\"},\"primaryImageOfPage\":{\"@id\":\"http:\/\/maismagazine.pt\/index.php\/2023\/10\/20\/stfpsne-e-a-forca-do-trabalho\/#primaryimage\"},\"image\":{\"@id\":\"http:\/\/maismagazine.pt\/index.php\/2023\/10\/20\/stfpsne-e-a-forca-do-trabalho\/#primaryimage\"},\"thumbnailUrl\":\"http:\/\/maismagazine.pt\/wp-content\/uploads\/2023\/10\/Logo-STFPSN.jpg\",\"datePublished\":\"2023-10-20T06:00:00+00:00\",\"breadcrumb\":{\"@id\":\"http:\/\/maismagazine.pt\/index.php\/2023\/10\/20\/stfpsne-e-a-forca-do-trabalho\/#breadcrumb\"},\"inLanguage\":\"pt-PT\",\"potentialAction\":[{\"@type\":\"ReadAction\",\"target\":[\"http:\/\/maismagazine.pt\/index.php\/2023\/10\/20\/stfpsne-e-a-forca-do-trabalho\/\"]}]},{\"@type\":\"ImageObject\",\"inLanguage\":\"pt-PT\",\"@id\":\"http:\/\/maismagazine.pt\/index.php\/2023\/10\/20\/stfpsne-e-a-forca-do-trabalho\/#primaryimage\",\"url\":\"http:\/\/maismagazine.pt\/wp-content\/uploads\/2023\/10\/Logo-STFPSN.jpg\",\"contentUrl\":\"http:\/\/maismagazine.pt\/wp-content\/uploads\/2023\/10\/Logo-STFPSN.jpg\",\"width\":200,\"height\":200},{\"@type\":\"BreadcrumbList\",\"@id\":\"http:\/\/maismagazine.pt\/index.php\/2023\/10\/20\/stfpsne-e-a-forca-do-trabalho\/#breadcrumb\",\"itemListElement\":[{\"@type\":\"ListItem\",\"position\":1,\"name\":\"Home\",\"item\":\"https:\/\/maismagazine.pt\/\"},{\"@type\":\"ListItem\",\"position\":2,\"name\":\"STFPSNE E A FOR\u00c7A DO TRABALHO\"}]},{\"@type\":\"WebSite\",\"@id\":\"https:\/\/maismagazine.pt\/#website\",\"url\":\"https:\/\/maismagazine.pt\/\",\"name\":\"Mais Magazine\",\"description\":\"\",\"publisher\":{\"@id\":\"https:\/\/maismagazine.pt\/#organization\"},\"potentialAction\":[{\"@type\":\"SearchAction\",\"target\":{\"@type\":\"EntryPoint\",\"urlTemplate\":\"https:\/\/maismagazine.pt\/?s={search_term_string}\"},\"query-input\":{\"@type\":\"PropertyValueSpecification\",\"valueRequired\":true,\"valueName\":\"search_term_string\"}}],\"inLanguage\":\"pt-PT\"},{\"@type\":\"Organization\",\"@id\":\"https:\/\/maismagazine.pt\/#organization\",\"name\":\"Mais Magazine\",\"url\":\"https:\/\/maismagazine.pt\/\",\"logo\":{\"@type\":\"ImageObject\",\"inLanguage\":\"pt-PT\",\"@id\":\"https:\/\/maismagazine.pt\/#\/schema\/logo\/image\/\",\"url\":\"http:\/\/maismagazine.pt\/wp-content\/uploads\/2020\/04\/cropped-cropped-mais-magazine-site-logo-2.png\",\"contentUrl\":\"http:\/\/maismagazine.pt\/wp-content\/uploads\/2020\/04\/cropped-cropped-mais-magazine-site-logo-2.png\",\"width\":581,\"height\":90,\"caption\":\"Mais Magazine\"},\"image\":{\"@id\":\"https:\/\/maismagazine.pt\/#\/schema\/logo\/image\/\"}},{\"@type\":\"Person\",\"@id\":\"https:\/\/maismagazine.pt\/#\/schema\/person\/7426e2caeb8df32a1b56aa48dae778c9\",\"name\":\"Tatiana Martins\",\"image\":{\"@type\":\"ImageObject\",\"inLanguage\":\"pt-PT\",\"@id\":\"https:\/\/maismagazine.pt\/#\/schema\/person\/image\/\",\"url\":\"https:\/\/secure.gravatar.com\/avatar\/4b24a57f5d0425f2eb20981c4b53244e?s=96&d=mm&r=g\",\"contentUrl\":\"https:\/\/secure.gravatar.com\/avatar\/4b24a57f5d0425f2eb20981c4b53244e?s=96&d=mm&r=g\",\"caption\":\"Tatiana Martins\"},\"url\":\"http:\/\/maismagazine.pt\/index.php\/author\/tatiana\/\"}]}<\/script>\n<!-- \/ Yoast SEO plugin. -->","yoast_head_json":{"title":"STFPSNE E A FOR\u00c7A DO TRABALHO - Mais Magazine","robots":{"index":"index","follow":"follow","max-snippet":"max-snippet:-1","max-image-preview":"max-image-preview:large","max-video-preview":"max-video-preview:-1"},"canonical":"http:\/\/maismagazine.pt\/index.php\/2023\/10\/20\/stfpsne-e-a-forca-do-trabalho\/","og_locale":"pt_PT","og_type":"article","og_title":"STFPSNE E A FOR\u00c7A DO TRABALHO - Mais Magazine","og_description":"O STFPSN \u2013 Sindicato dos Trabalhadores em Fun\u00e7\u00f5es P\u00fablicas e Sociais do Norte foi constitu\u00eddo em 26 de junho de 1976, emergindo com uma sociedade democr\u00e1tica, vinda do 25 de abril de 1974, imperando a necessidade de organizar os trabalhadores na defesa dos seus direitos laborais e de os libertar&hellip;","og_url":"http:\/\/maismagazine.pt\/index.php\/2023\/10\/20\/stfpsne-e-a-forca-do-trabalho\/","og_site_name":"Mais Magazine","article_published_time":"2023-10-20T06:00:00+00:00","og_image":[{"width":200,"height":200,"url":"http:\/\/maismagazine.pt\/wp-content\/uploads\/2023\/10\/Logo-STFPSN.jpg","type":"image\/jpeg"}],"author":"Tatiana Martins","twitter_card":"summary_large_image","twitter_misc":{"Escrito por":false,"Tempo estimado de leitura":"2 minutos"},"schema":{"@context":"https:\/\/schema.org","@graph":[{"@type":"Article","@id":"http:\/\/maismagazine.pt\/index.php\/2023\/10\/20\/stfpsne-e-a-forca-do-trabalho\/#article","isPartOf":{"@id":"http:\/\/maismagazine.pt\/index.php\/2023\/10\/20\/stfpsne-e-a-forca-do-trabalho\/"},"author":{"name":"Tatiana Martins","@id":"https:\/\/maismagazine.pt\/#\/schema\/person\/7426e2caeb8df32a1b56aa48dae778c9"},"headline":"STFPSNE E A FOR\u00c7A DO TRABALHO","datePublished":"2023-10-20T06:00:00+00:00","mainEntityOfPage":{"@id":"http:\/\/maismagazine.pt\/index.php\/2023\/10\/20\/stfpsne-e-a-forca-do-trabalho\/"},"wordCount":492,"publisher":{"@id":"https:\/\/maismagazine.pt\/#organization"},"image":{"@id":"http:\/\/maismagazine.pt\/index.php\/2023\/10\/20\/stfpsne-e-a-forca-do-trabalho\/#primaryimage"},"thumbnailUrl":"http:\/\/maismagazine.pt\/wp-content\/uploads\/2023\/10\/Logo-STFPSN.jpg","keywords":["Sindicatos","STFPSN"],"articleSection":["Mundo Empresarial"],"inLanguage":"pt-PT"},{"@type":"WebPage","@id":"http:\/\/maismagazine.pt\/index.php\/2023\/10\/20\/stfpsne-e-a-forca-do-trabalho\/","url":"http:\/\/maismagazine.pt\/index.php\/2023\/10\/20\/stfpsne-e-a-forca-do-trabalho\/","name":"STFPSNE E A FOR\u00c7A DO TRABALHO - Mais Magazine","isPartOf":{"@id":"https:\/\/maismagazine.pt\/#website"},"primaryImageOfPage":{"@id":"http:\/\/maismagazine.pt\/index.php\/2023\/10\/20\/stfpsne-e-a-forca-do-trabalho\/#primaryimage"},"image":{"@id":"http:\/\/maismagazine.pt\/index.php\/2023\/10\/20\/stfpsne-e-a-forca-do-trabalho\/#primaryimage"},"thumbnailUrl":"http:\/\/maismagazine.pt\/wp-content\/uploads\/2023\/10\/Logo-STFPSN.jpg","datePublished":"2023-10-20T06:00:00+00:00","breadcrumb":{"@id":"http:\/\/maismagazine.pt\/index.php\/2023\/10\/20\/stfpsne-e-a-forca-do-trabalho\/#breadcrumb"},"inLanguage":"pt-PT","potentialAction":[{"@type":"ReadAction","target":["http:\/\/maismagazine.pt\/index.php\/2023\/10\/20\/stfpsne-e-a-forca-do-trabalho\/"]}]},{"@type":"ImageObject","inLanguage":"pt-PT","@id":"http:\/\/maismagazine.pt\/index.php\/2023\/10\/20\/stfpsne-e-a-forca-do-trabalho\/#primaryimage","url":"http:\/\/maismagazine.pt\/wp-content\/uploads\/2023\/10\/Logo-STFPSN.jpg","contentUrl":"http:\/\/maismagazine.pt\/wp-content\/uploads\/2023\/10\/Logo-STFPSN.jpg","width":200,"height":200},{"@type":"BreadcrumbList","@id":"http:\/\/maismagazine.pt\/index.php\/2023\/10\/20\/stfpsne-e-a-forca-do-trabalho\/#breadcrumb","itemListElement":[{"@type":"ListItem","position":1,"name":"Home","item":"https:\/\/maismagazine.pt\/"},{"@type":"ListItem","position":2,"name":"STFPSNE E A FOR\u00c7A DO TRABALHO"}]},{"@type":"WebSite","@id":"https:\/\/maismagazine.pt\/#website","url":"https:\/\/maismagazine.pt\/","name":"Mais Magazine","description":"","publisher":{"@id":"https:\/\/maismagazine.pt\/#organization"},"potentialAction":[{"@type":"SearchAction","target":{"@type":"EntryPoint","urlTemplate":"https:\/\/maismagazine.pt\/?s={search_term_string}"},"query-input":{"@type":"PropertyValueSpecification","valueRequired":true,"valueName":"search_term_string"}}],"inLanguage":"pt-PT"},{"@type":"Organization","@id":"https:\/\/maismagazine.pt\/#organization","name":"Mais Magazine","url":"https:\/\/maismagazine.pt\/","logo":{"@type":"ImageObject","inLanguage":"pt-PT","@id":"https:\/\/maismagazine.pt\/#\/schema\/logo\/image\/","url":"http:\/\/maismagazine.pt\/wp-content\/uploads\/2020\/04\/cropped-cropped-mais-magazine-site-logo-2.png","contentUrl":"http:\/\/maismagazine.pt\/wp-content\/uploads\/2020\/04\/cropped-cropped-mais-magazine-site-logo-2.png","width":581,"height":90,"caption":"Mais Magazine"},"image":{"@id":"https:\/\/maismagazine.pt\/#\/schema\/logo\/image\/"}},{"@type":"Person","@id":"https:\/\/maismagazine.pt\/#\/schema\/person\/7426e2caeb8df32a1b56aa48dae778c9","name":"Tatiana Martins","image":{"@type":"ImageObject","inLanguage":"pt-PT","@id":"https:\/\/maismagazine.pt\/#\/schema\/person\/image\/","url":"https:\/\/secure.gravatar.com\/avatar\/4b24a57f5d0425f2eb20981c4b53244e?s=96&d=mm&r=g","contentUrl":"https:\/\/secure.gravatar.com\/avatar\/4b24a57f5d0425f2eb20981c4b53244e?s=96&d=mm&r=g","caption":"Tatiana Martins"},"url":"http:\/\/maismagazine.pt\/index.php\/author\/tatiana\/"}]}},"author_meta":{"display_name":false,"author_link":"http:\/\/maismagazine.pt\/index.php\/author\/tatiana\/"},"featured_img":"http:\/\/maismagazine.pt\/wp-content\/uploads\/2023\/10\/Logo-STFPSN.jpg","coauthors":[],"tax_additional":{"categories":{"linked":["<a href=\"http:\/\/maismagazine.pt\/index.php\/category\/mundo-empresarial\/\" class=\"advgb-post-tax-term\">Mundo Empresarial<\/a>"],"unlinked":["<span class=\"advgb-post-tax-term\">Mundo Empresarial<\/span>"]},"tags":{"linked":["<a href=\"http:\/\/maismagazine.pt\/index.php\/category\/mundo-empresarial\/\" class=\"advgb-post-tax-term\">Sindicatos<\/a>","<a href=\"http:\/\/maismagazine.pt\/index.php\/category\/mundo-empresarial\/\" class=\"advgb-post-tax-term\">STFPSN<\/a>"],"unlinked":["<span class=\"advgb-post-tax-term\">Sindicatos<\/span>","<span class=\"advgb-post-tax-term\">STFPSN<\/span>"]}},"comment_count":"0","relative_dates":{"created":"Posted 3 anos ago","modified":"Updated 3 anos ago"},"absolute_dates":{"created":"Posted on 20 de Outubro, 2023","modified":"Updated on 17 de Outubro, 2023"},"absolute_dates_time":{"created":"Posted on 20 de Outubro, 2023 7:00","modified":"Updated on 17 de Outubro, 2023 9:47"},"featured_img_caption":"","series_order":"","_links":{"self":[{"href":"http:\/\/maismagazine.pt\/index.php\/wp-json\/wp\/v2\/posts\/7957","targetHints":{"allow":["GET"]}}],"collection":[{"href":"http:\/\/maismagazine.pt\/index.php\/wp-json\/wp\/v2\/posts"}],"about":[{"href":"http:\/\/maismagazine.pt\/index.php\/wp-json\/wp\/v2\/types\/post"}],"author":[{"embeddable":true,"href":"http:\/\/maismagazine.pt\/index.php\/wp-json\/wp\/v2\/users\/18"}],"replies":[{"embeddable":true,"href":"http:\/\/maismagazine.pt\/index.php\/wp-json\/wp\/v2\/comments?post=7957"}],"version-history":[{"count":1,"href":"http:\/\/maismagazine.pt\/index.php\/wp-json\/wp\/v2\/posts\/7957\/revisions"}],"predecessor-version":[{"id":7959,"href":"http:\/\/maismagazine.pt\/index.php\/wp-json\/wp\/v2\/posts\/7957\/revisions\/7959"}],"wp:featuredmedia":[{"embeddable":true,"href":"http:\/\/maismagazine.pt\/index.php\/wp-json\/wp\/v2\/media\/7958"}],"wp:attachment":[{"href":"http:\/\/maismagazine.pt\/index.php\/wp-json\/wp\/v2\/media?parent=7957"}],"wp:term":[{"taxonomy":"category","embeddable":true,"href":"http:\/\/maismagazine.pt\/index.php\/wp-json\/wp\/v2\/categories?post=7957"},{"taxonomy":"post_tag","embeddable":true,"href":"http:\/\/maismagazine.pt\/index.php\/wp-json\/wp\/v2\/tags?post=7957"}],"curies":[{"name":"wp","href":"https:\/\/api.w.org\/{rel}","templated":true}]}}