{"id":7932,"date":"2023-10-02T14:34:33","date_gmt":"2023-10-02T13:34:33","guid":{"rendered":"https:\/\/maismagazine.pt\/?p=7932"},"modified":"2023-10-02T14:34:34","modified_gmt":"2023-10-02T13:34:34","slug":"o-ipbeja-abre-2a-fase-de-candidaturas-a-pos-graduacao-em-gestao-sustentavel-do-setor-olivicola","status":"publish","type":"post","link":"http:\/\/maismagazine.pt\/index.php\/2023\/10\/02\/o-ipbeja-abre-2a-fase-de-candidaturas-a-pos-graduacao-em-gestao-sustentavel-do-setor-olivicola\/","title":{"rendered":"O IPBeja abre 2\u00aa fase de candidaturas \u00e0 P\u00f3s-Gradua\u00e7\u00e3o em \u201cGest\u00e3o Sustent\u00e1vel do Setor Oliv\u00edcola\u201d"},"content":{"rendered":"\n<p>O Instituto Polit\u00e9cnico de Beja tem abertas, entre 2 e 27 de outubro, a 2\u00aa fase de candidaturas para a p\u00f3s-gradua\u00e7\u00e3o em Gest\u00e3o Sustent\u00e1vel do Setor Oliv\u00edcola.<\/p>\n\n\n\n<p>Criada em parceria com a Associa\u00e7\u00e3o de Olivicultores do Sul \u2013 OLIVUM, a Empresa de Desenvolvimento e Infra Estruturas do Alqueva S.A. (EDIA) e a ML &#8211; Consultoria Agr\u00edcola, Unipessoal, Lda, tem como objetivo principal, a melhor qualifica\u00e7\u00e3o dos recursos humanos do Alentejo, que seja capaz de responder aos novos desafios e oportunidades do setor econ\u00f3mico regional.<\/p>\n\n\n\n<p><\/p>\n\n\n\n<p>Sendo uma a\u00e7\u00e3o de forma\u00e7\u00e3o num setor cada vez mais importante (econ\u00f3mica e socialmente) na regi\u00e3o Alentejo, e tamb\u00e9m a n\u00edvel da Pen\u00ednsula Ib\u00e9rica, pretende-se que a p\u00f3s-gradua\u00e7\u00e3o possa contribuir para a atualiza\u00e7\u00e3o dos conhecimentos e aquisi\u00e7\u00e3o de novas compet\u00eancias, tendo como destinat\u00e1rios empres\u00e1rios e respons\u00e1veis por organiza\u00e7\u00f5es ligadas \u00e0 produ\u00e7\u00e3o, transforma\u00e7\u00e3o e comercializa\u00e7\u00e3o de azeitona ou azeite e, t\u00e9cnicos do setor p\u00fablico, de associa\u00e7\u00f5es interprofissionais e da banca, que tenham por \u00e2mbito o setor oliv\u00edcola.<\/p>\n","protected":false},"excerpt":{"rendered":"<p>O Instituto Polit\u00e9cnico de Beja tem abertas, entre 2 e 27 de outubro, a 2\u00aa fase de candidaturas para a p\u00f3s-gradua\u00e7\u00e3o em Gest\u00e3o Sustent\u00e1vel do Setor Oliv\u00edcola. Criada em parceria com a Associa\u00e7\u00e3o de Olivicultores do Sul \u2013 OLIVUM, a Empresa de Desenvolvimento e Infra Estruturas do Alqueva S.A. (EDIA)&hellip;<\/p>\n","protected":false},"author":18,"featured_media":7933,"comment_status":"closed","ping_status":"open","sticky":false,"template":"","format":"standard","meta":{"advgb_blocks_editor_width":"","advgb_blocks_columns_visual_guide":"","_monsterinsights_skip_tracking":false,"_monsterinsights_sitenote_active":false,"_monsterinsights_sitenote_note":"","_monsterinsights_sitenote_category":0,"footnotes":""},"categories":[7],"tags":[616,1693],"class_list":["post-7932","post","type-post","status-publish","format-standard","has-post-thumbnail","hentry","category-noticias","tag-ensino-superior","tag-instituto-politecnico-de-beja"],"yoast_head":"<!-- This site is optimized with the Yoast SEO plugin v24.4 - https:\/\/yoast.com\/wordpress\/plugins\/seo\/ -->\n<title>O IPBeja abre 2\u00aa fase de candidaturas \u00e0 P\u00f3s-Gradua\u00e7\u00e3o em \u201cGest\u00e3o Sustent\u00e1vel do Setor Oliv\u00edcola\u201d - Mais Magazine<\/title>\n<meta name=\"robots\" content=\"index, follow, max-snippet:-1, max-image-preview:large, max-video-preview:-1\" \/>\n<link rel=\"canonical\" href=\"http:\/\/maismagazine.pt\/index.php\/2023\/10\/02\/o-ipbeja-abre-2a-fase-de-candidaturas-a-pos-graduacao-em-gestao-sustentavel-do-setor-olivicola\/\" \/>\n<meta property=\"og:locale\" content=\"pt_PT\" \/>\n<meta property=\"og:type\" content=\"article\" \/>\n<meta property=\"og:title\" content=\"O IPBeja abre 2\u00aa fase de candidaturas \u00e0 P\u00f3s-Gradua\u00e7\u00e3o em \u201cGest\u00e3o Sustent\u00e1vel do Setor Oliv\u00edcola\u201d - Mais Magazine\" \/>\n<meta property=\"og:description\" content=\"O Instituto Polit\u00e9cnico de Beja tem abertas, entre 2 e 27 de outubro, a 2\u00aa fase de candidaturas para a p\u00f3s-gradua\u00e7\u00e3o em Gest\u00e3o Sustent\u00e1vel do Setor Oliv\u00edcola. Criada em parceria com a Associa\u00e7\u00e3o de Olivicultores do Sul \u2013 OLIVUM, a Empresa de Desenvolvimento e Infra Estruturas do Alqueva S.A. (EDIA)&hellip;\" \/>\n<meta property=\"og:url\" content=\"http:\/\/maismagazine.pt\/index.php\/2023\/10\/02\/o-ipbeja-abre-2a-fase-de-candidaturas-a-pos-graduacao-em-gestao-sustentavel-do-setor-olivicola\/\" \/>\n<meta property=\"og:site_name\" content=\"Mais Magazine\" \/>\n<meta property=\"article:published_time\" content=\"2023-10-02T13:34:33+00:00\" \/>\n<meta property=\"article:modified_time\" content=\"2023-10-02T13:34:34+00:00\" \/>\n<meta property=\"og:image\" content=\"http:\/\/maismagazine.pt\/wp-content\/uploads\/2023\/10\/Imagem1.png\" \/>\n\t<meta property=\"og:image:width\" content=\"512\" \/>\n\t<meta property=\"og:image:height\" content=\"512\" \/>\n\t<meta property=\"og:image:type\" content=\"image\/png\" \/>\n<meta name=\"author\" content=\"Tatiana Martins\" \/>\n<meta name=\"twitter:card\" content=\"summary_large_image\" \/>\n<meta name=\"twitter:label1\" content=\"Escrito por\" \/>\n\t<meta name=\"twitter:data1\" content=\"\" \/>\n\t<meta name=\"twitter:label2\" content=\"Tempo estimado de leitura\" \/>\n\t<meta name=\"twitter:data2\" content=\"1 minuto\" \/>\n<script type=\"application\/ld+json\" class=\"yoast-schema-graph\">{\"@context\":\"https:\/\/schema.org\",\"@graph\":[{\"@type\":\"Article\",\"@id\":\"http:\/\/maismagazine.pt\/index.php\/2023\/10\/02\/o-ipbeja-abre-2a-fase-de-candidaturas-a-pos-graduacao-em-gestao-sustentavel-do-setor-olivicola\/#article\",\"isPartOf\":{\"@id\":\"http:\/\/maismagazine.pt\/index.php\/2023\/10\/02\/o-ipbeja-abre-2a-fase-de-candidaturas-a-pos-graduacao-em-gestao-sustentavel-do-setor-olivicola\/\"},\"author\":{\"name\":\"Tatiana Martins\",\"@id\":\"http:\/\/maismagazine.pt\/#\/schema\/person\/7426e2caeb8df32a1b56aa48dae778c9\"},\"headline\":\"O IPBeja abre 2\u00aa fase de candidaturas \u00e0 P\u00f3s-Gradua\u00e7\u00e3o em \u201cGest\u00e3o Sustent\u00e1vel do Setor Oliv\u00edcola\u201d\",\"datePublished\":\"2023-10-02T13:34:33+00:00\",\"dateModified\":\"2023-10-02T13:34:34+00:00\",\"mainEntityOfPage\":{\"@id\":\"http:\/\/maismagazine.pt\/index.php\/2023\/10\/02\/o-ipbeja-abre-2a-fase-de-candidaturas-a-pos-graduacao-em-gestao-sustentavel-do-setor-olivicola\/\"},\"wordCount\":208,\"publisher\":{\"@id\":\"http:\/\/maismagazine.pt\/#organization\"},\"image\":{\"@id\":\"http:\/\/maismagazine.pt\/index.php\/2023\/10\/02\/o-ipbeja-abre-2a-fase-de-candidaturas-a-pos-graduacao-em-gestao-sustentavel-do-setor-olivicola\/#primaryimage\"},\"thumbnailUrl\":\"http:\/\/maismagazine.pt\/wp-content\/uploads\/2023\/10\/Imagem1.png\",\"keywords\":[\"ensino superior\",\"Instituto Polit\u00e9cnico de Beja\"],\"articleSection\":[\"Not\u00edcias\"],\"inLanguage\":\"pt-PT\"},{\"@type\":\"WebPage\",\"@id\":\"http:\/\/maismagazine.pt\/index.php\/2023\/10\/02\/o-ipbeja-abre-2a-fase-de-candidaturas-a-pos-graduacao-em-gestao-sustentavel-do-setor-olivicola\/\",\"url\":\"http:\/\/maismagazine.pt\/index.php\/2023\/10\/02\/o-ipbeja-abre-2a-fase-de-candidaturas-a-pos-graduacao-em-gestao-sustentavel-do-setor-olivicola\/\",\"name\":\"O IPBeja abre 2\u00aa fase de candidaturas \u00e0 P\u00f3s-Gradua\u00e7\u00e3o em \u201cGest\u00e3o Sustent\u00e1vel do Setor Oliv\u00edcola\u201d - Mais Magazine\",\"isPartOf\":{\"@id\":\"http:\/\/maismagazine.pt\/#website\"},\"primaryImageOfPage\":{\"@id\":\"http:\/\/maismagazine.pt\/index.php\/2023\/10\/02\/o-ipbeja-abre-2a-fase-de-candidaturas-a-pos-graduacao-em-gestao-sustentavel-do-setor-olivicola\/#primaryimage\"},\"image\":{\"@id\":\"http:\/\/maismagazine.pt\/index.php\/2023\/10\/02\/o-ipbeja-abre-2a-fase-de-candidaturas-a-pos-graduacao-em-gestao-sustentavel-do-setor-olivicola\/#primaryimage\"},\"thumbnailUrl\":\"http:\/\/maismagazine.pt\/wp-content\/uploads\/2023\/10\/Imagem1.png\",\"datePublished\":\"2023-10-02T13:34:33+00:00\",\"dateModified\":\"2023-10-02T13:34:34+00:00\",\"breadcrumb\":{\"@id\":\"http:\/\/maismagazine.pt\/index.php\/2023\/10\/02\/o-ipbeja-abre-2a-fase-de-candidaturas-a-pos-graduacao-em-gestao-sustentavel-do-setor-olivicola\/#breadcrumb\"},\"inLanguage\":\"pt-PT\",\"potentialAction\":[{\"@type\":\"ReadAction\",\"target\":[\"http:\/\/maismagazine.pt\/index.php\/2023\/10\/02\/o-ipbeja-abre-2a-fase-de-candidaturas-a-pos-graduacao-em-gestao-sustentavel-do-setor-olivicola\/\"]}]},{\"@type\":\"ImageObject\",\"inLanguage\":\"pt-PT\",\"@id\":\"http:\/\/maismagazine.pt\/index.php\/2023\/10\/02\/o-ipbeja-abre-2a-fase-de-candidaturas-a-pos-graduacao-em-gestao-sustentavel-do-setor-olivicola\/#primaryimage\",\"url\":\"http:\/\/maismagazine.pt\/wp-content\/uploads\/2023\/10\/Imagem1.png\",\"contentUrl\":\"http:\/\/maismagazine.pt\/wp-content\/uploads\/2023\/10\/Imagem1.png\",\"width\":512,\"height\":512},{\"@type\":\"BreadcrumbList\",\"@id\":\"http:\/\/maismagazine.pt\/index.php\/2023\/10\/02\/o-ipbeja-abre-2a-fase-de-candidaturas-a-pos-graduacao-em-gestao-sustentavel-do-setor-olivicola\/#breadcrumb\",\"itemListElement\":[{\"@type\":\"ListItem\",\"position\":1,\"name\":\"Home\",\"item\":\"http:\/\/maismagazine.pt\/\"},{\"@type\":\"ListItem\",\"position\":2,\"name\":\"O IPBeja abre 2\u00aa fase de candidaturas \u00e0 P\u00f3s-Gradua\u00e7\u00e3o em \u201cGest\u00e3o Sustent\u00e1vel do Setor Oliv\u00edcola\u201d\"}]},{\"@type\":\"WebSite\",\"@id\":\"http:\/\/maismagazine.pt\/#website\",\"url\":\"http:\/\/maismagazine.pt\/\",\"name\":\"Mais Magazine\",\"description\":\"\",\"publisher\":{\"@id\":\"http:\/\/maismagazine.pt\/#organization\"},\"potentialAction\":[{\"@type\":\"SearchAction\",\"target\":{\"@type\":\"EntryPoint\",\"urlTemplate\":\"http:\/\/maismagazine.pt\/?s={search_term_string}\"},\"query-input\":{\"@type\":\"PropertyValueSpecification\",\"valueRequired\":true,\"valueName\":\"search_term_string\"}}],\"inLanguage\":\"pt-PT\"},{\"@type\":\"Organization\",\"@id\":\"http:\/\/maismagazine.pt\/#organization\",\"name\":\"Mais Magazine\",\"url\":\"http:\/\/maismagazine.pt\/\",\"logo\":{\"@type\":\"ImageObject\",\"inLanguage\":\"pt-PT\",\"@id\":\"http:\/\/maismagazine.pt\/#\/schema\/logo\/image\/\",\"url\":\"http:\/\/maismagazine.pt\/wp-content\/uploads\/2020\/04\/cropped-cropped-mais-magazine-site-logo-2.png\",\"contentUrl\":\"http:\/\/maismagazine.pt\/wp-content\/uploads\/2020\/04\/cropped-cropped-mais-magazine-site-logo-2.png\",\"width\":581,\"height\":90,\"caption\":\"Mais Magazine\"},\"image\":{\"@id\":\"http:\/\/maismagazine.pt\/#\/schema\/logo\/image\/\"}},{\"@type\":\"Person\",\"@id\":\"http:\/\/maismagazine.pt\/#\/schema\/person\/7426e2caeb8df32a1b56aa48dae778c9\",\"name\":\"Tatiana Martins\",\"image\":{\"@type\":\"ImageObject\",\"inLanguage\":\"pt-PT\",\"@id\":\"http:\/\/maismagazine.pt\/#\/schema\/person\/image\/\",\"url\":\"https:\/\/secure.gravatar.com\/avatar\/4b24a57f5d0425f2eb20981c4b53244e?s=96&d=mm&r=g\",\"contentUrl\":\"https:\/\/secure.gravatar.com\/avatar\/4b24a57f5d0425f2eb20981c4b53244e?s=96&d=mm&r=g\",\"caption\":\"Tatiana Martins\"},\"url\":\"http:\/\/maismagazine.pt\/index.php\/author\/tatiana\/\"}]}<\/script>\n<!-- \/ Yoast SEO plugin. -->","yoast_head_json":{"title":"O IPBeja abre 2\u00aa fase de candidaturas \u00e0 P\u00f3s-Gradua\u00e7\u00e3o em \u201cGest\u00e3o Sustent\u00e1vel do Setor Oliv\u00edcola\u201d - Mais Magazine","robots":{"index":"index","follow":"follow","max-snippet":"max-snippet:-1","max-image-preview":"max-image-preview:large","max-video-preview":"max-video-preview:-1"},"canonical":"http:\/\/maismagazine.pt\/index.php\/2023\/10\/02\/o-ipbeja-abre-2a-fase-de-candidaturas-a-pos-graduacao-em-gestao-sustentavel-do-setor-olivicola\/","og_locale":"pt_PT","og_type":"article","og_title":"O IPBeja abre 2\u00aa fase de candidaturas \u00e0 P\u00f3s-Gradua\u00e7\u00e3o em \u201cGest\u00e3o Sustent\u00e1vel do Setor Oliv\u00edcola\u201d - Mais Magazine","og_description":"O Instituto Polit\u00e9cnico de Beja tem abertas, entre 2 e 27 de outubro, a 2\u00aa fase de candidaturas para a p\u00f3s-gradua\u00e7\u00e3o em Gest\u00e3o Sustent\u00e1vel do Setor Oliv\u00edcola. Criada em parceria com a Associa\u00e7\u00e3o de Olivicultores do Sul \u2013 OLIVUM, a Empresa de Desenvolvimento e Infra Estruturas do Alqueva S.A. (EDIA)&hellip;","og_url":"http:\/\/maismagazine.pt\/index.php\/2023\/10\/02\/o-ipbeja-abre-2a-fase-de-candidaturas-a-pos-graduacao-em-gestao-sustentavel-do-setor-olivicola\/","og_site_name":"Mais Magazine","article_published_time":"2023-10-02T13:34:33+00:00","article_modified_time":"2023-10-02T13:34:34+00:00","og_image":[{"width":512,"height":512,"url":"http:\/\/maismagazine.pt\/wp-content\/uploads\/2023\/10\/Imagem1.png","type":"image\/png"}],"author":"Tatiana Martins","twitter_card":"summary_large_image","twitter_misc":{"Escrito por":false,"Tempo estimado de leitura":"1 minuto"},"schema":{"@context":"https:\/\/schema.org","@graph":[{"@type":"Article","@id":"http:\/\/maismagazine.pt\/index.php\/2023\/10\/02\/o-ipbeja-abre-2a-fase-de-candidaturas-a-pos-graduacao-em-gestao-sustentavel-do-setor-olivicola\/#article","isPartOf":{"@id":"http:\/\/maismagazine.pt\/index.php\/2023\/10\/02\/o-ipbeja-abre-2a-fase-de-candidaturas-a-pos-graduacao-em-gestao-sustentavel-do-setor-olivicola\/"},"author":{"name":"Tatiana Martins","@id":"http:\/\/maismagazine.pt\/#\/schema\/person\/7426e2caeb8df32a1b56aa48dae778c9"},"headline":"O IPBeja abre 2\u00aa fase de candidaturas \u00e0 P\u00f3s-Gradua\u00e7\u00e3o em \u201cGest\u00e3o Sustent\u00e1vel do Setor Oliv\u00edcola\u201d","datePublished":"2023-10-02T13:34:33+00:00","dateModified":"2023-10-02T13:34:34+00:00","mainEntityOfPage":{"@id":"http:\/\/maismagazine.pt\/index.php\/2023\/10\/02\/o-ipbeja-abre-2a-fase-de-candidaturas-a-pos-graduacao-em-gestao-sustentavel-do-setor-olivicola\/"},"wordCount":208,"publisher":{"@id":"http:\/\/maismagazine.pt\/#organization"},"image":{"@id":"http:\/\/maismagazine.pt\/index.php\/2023\/10\/02\/o-ipbeja-abre-2a-fase-de-candidaturas-a-pos-graduacao-em-gestao-sustentavel-do-setor-olivicola\/#primaryimage"},"thumbnailUrl":"http:\/\/maismagazine.pt\/wp-content\/uploads\/2023\/10\/Imagem1.png","keywords":["ensino superior","Instituto Polit\u00e9cnico de Beja"],"articleSection":["Not\u00edcias"],"inLanguage":"pt-PT"},{"@type":"WebPage","@id":"http:\/\/maismagazine.pt\/index.php\/2023\/10\/02\/o-ipbeja-abre-2a-fase-de-candidaturas-a-pos-graduacao-em-gestao-sustentavel-do-setor-olivicola\/","url":"http:\/\/maismagazine.pt\/index.php\/2023\/10\/02\/o-ipbeja-abre-2a-fase-de-candidaturas-a-pos-graduacao-em-gestao-sustentavel-do-setor-olivicola\/","name":"O IPBeja abre 2\u00aa fase de candidaturas \u00e0 P\u00f3s-Gradua\u00e7\u00e3o em \u201cGest\u00e3o Sustent\u00e1vel do Setor Oliv\u00edcola\u201d - Mais Magazine","isPartOf":{"@id":"http:\/\/maismagazine.pt\/#website"},"primaryImageOfPage":{"@id":"http:\/\/maismagazine.pt\/index.php\/2023\/10\/02\/o-ipbeja-abre-2a-fase-de-candidaturas-a-pos-graduacao-em-gestao-sustentavel-do-setor-olivicola\/#primaryimage"},"image":{"@id":"http:\/\/maismagazine.pt\/index.php\/2023\/10\/02\/o-ipbeja-abre-2a-fase-de-candidaturas-a-pos-graduacao-em-gestao-sustentavel-do-setor-olivicola\/#primaryimage"},"thumbnailUrl":"http:\/\/maismagazine.pt\/wp-content\/uploads\/2023\/10\/Imagem1.png","datePublished":"2023-10-02T13:34:33+00:00","dateModified":"2023-10-02T13:34:34+00:00","breadcrumb":{"@id":"http:\/\/maismagazine.pt\/index.php\/2023\/10\/02\/o-ipbeja-abre-2a-fase-de-candidaturas-a-pos-graduacao-em-gestao-sustentavel-do-setor-olivicola\/#breadcrumb"},"inLanguage":"pt-PT","potentialAction":[{"@type":"ReadAction","target":["http:\/\/maismagazine.pt\/index.php\/2023\/10\/02\/o-ipbeja-abre-2a-fase-de-candidaturas-a-pos-graduacao-em-gestao-sustentavel-do-setor-olivicola\/"]}]},{"@type":"ImageObject","inLanguage":"pt-PT","@id":"http:\/\/maismagazine.pt\/index.php\/2023\/10\/02\/o-ipbeja-abre-2a-fase-de-candidaturas-a-pos-graduacao-em-gestao-sustentavel-do-setor-olivicola\/#primaryimage","url":"http:\/\/maismagazine.pt\/wp-content\/uploads\/2023\/10\/Imagem1.png","contentUrl":"http:\/\/maismagazine.pt\/wp-content\/uploads\/2023\/10\/Imagem1.png","width":512,"height":512},{"@type":"BreadcrumbList","@id":"http:\/\/maismagazine.pt\/index.php\/2023\/10\/02\/o-ipbeja-abre-2a-fase-de-candidaturas-a-pos-graduacao-em-gestao-sustentavel-do-setor-olivicola\/#breadcrumb","itemListElement":[{"@type":"ListItem","position":1,"name":"Home","item":"http:\/\/maismagazine.pt\/"},{"@type":"ListItem","position":2,"name":"O IPBeja abre 2\u00aa fase de candidaturas \u00e0 P\u00f3s-Gradua\u00e7\u00e3o em \u201cGest\u00e3o Sustent\u00e1vel do Setor Oliv\u00edcola\u201d"}]},{"@type":"WebSite","@id":"http:\/\/maismagazine.pt\/#website","url":"http:\/\/maismagazine.pt\/","name":"Mais Magazine","description":"","publisher":{"@id":"http:\/\/maismagazine.pt\/#organization"},"potentialAction":[{"@type":"SearchAction","target":{"@type":"EntryPoint","urlTemplate":"http:\/\/maismagazine.pt\/?s={search_term_string}"},"query-input":{"@type":"PropertyValueSpecification","valueRequired":true,"valueName":"search_term_string"}}],"inLanguage":"pt-PT"},{"@type":"Organization","@id":"http:\/\/maismagazine.pt\/#organization","name":"Mais Magazine","url":"http:\/\/maismagazine.pt\/","logo":{"@type":"ImageObject","inLanguage":"pt-PT","@id":"http:\/\/maismagazine.pt\/#\/schema\/logo\/image\/","url":"http:\/\/maismagazine.pt\/wp-content\/uploads\/2020\/04\/cropped-cropped-mais-magazine-site-logo-2.png","contentUrl":"http:\/\/maismagazine.pt\/wp-content\/uploads\/2020\/04\/cropped-cropped-mais-magazine-site-logo-2.png","width":581,"height":90,"caption":"Mais Magazine"},"image":{"@id":"http:\/\/maismagazine.pt\/#\/schema\/logo\/image\/"}},{"@type":"Person","@id":"http:\/\/maismagazine.pt\/#\/schema\/person\/7426e2caeb8df32a1b56aa48dae778c9","name":"Tatiana Martins","image":{"@type":"ImageObject","inLanguage":"pt-PT","@id":"http:\/\/maismagazine.pt\/#\/schema\/person\/image\/","url":"https:\/\/secure.gravatar.com\/avatar\/4b24a57f5d0425f2eb20981c4b53244e?s=96&d=mm&r=g","contentUrl":"https:\/\/secure.gravatar.com\/avatar\/4b24a57f5d0425f2eb20981c4b53244e?s=96&d=mm&r=g","caption":"Tatiana Martins"},"url":"http:\/\/maismagazine.pt\/index.php\/author\/tatiana\/"}]}},"author_meta":{"display_name":false,"author_link":"http:\/\/maismagazine.pt\/index.php\/author\/tatiana\/"},"featured_img":"http:\/\/maismagazine.pt\/wp-content\/uploads\/2023\/10\/Imagem1-300x300.png","coauthors":[],"tax_additional":{"categories":{"linked":["<a href=\"http:\/\/maismagazine.pt\/index.php\/category\/noticias\/\" class=\"advgb-post-tax-term\">Not\u00edcias<\/a>"],"unlinked":["<span class=\"advgb-post-tax-term\">Not\u00edcias<\/span>"]},"tags":{"linked":["<a href=\"http:\/\/maismagazine.pt\/index.php\/category\/noticias\/\" class=\"advgb-post-tax-term\">ensino superior<\/a>","<a href=\"http:\/\/maismagazine.pt\/index.php\/category\/noticias\/\" class=\"advgb-post-tax-term\">Instituto Polit\u00e9cnico de Beja<\/a>"],"unlinked":["<span class=\"advgb-post-tax-term\">ensino superior<\/span>","<span class=\"advgb-post-tax-term\">Instituto Polit\u00e9cnico de Beja<\/span>"]}},"comment_count":"0","relative_dates":{"created":"Posted 3 anos ago","modified":"Updated 3 anos ago"},"absolute_dates":{"created":"Posted on 2 de Outubro, 2023","modified":"Updated on 2 de Outubro, 2023"},"absolute_dates_time":{"created":"Posted on 2 de Outubro, 2023 14:34","modified":"Updated on 2 de Outubro, 2023 14:34"},"featured_img_caption":"","series_order":"","_links":{"self":[{"href":"http:\/\/maismagazine.pt\/index.php\/wp-json\/wp\/v2\/posts\/7932","targetHints":{"allow":["GET"]}}],"collection":[{"href":"http:\/\/maismagazine.pt\/index.php\/wp-json\/wp\/v2\/posts"}],"about":[{"href":"http:\/\/maismagazine.pt\/index.php\/wp-json\/wp\/v2\/types\/post"}],"author":[{"embeddable":true,"href":"http:\/\/maismagazine.pt\/index.php\/wp-json\/wp\/v2\/users\/18"}],"replies":[{"embeddable":true,"href":"http:\/\/maismagazine.pt\/index.php\/wp-json\/wp\/v2\/comments?post=7932"}],"version-history":[{"count":1,"href":"http:\/\/maismagazine.pt\/index.php\/wp-json\/wp\/v2\/posts\/7932\/revisions"}],"predecessor-version":[{"id":7934,"href":"http:\/\/maismagazine.pt\/index.php\/wp-json\/wp\/v2\/posts\/7932\/revisions\/7934"}],"wp:featuredmedia":[{"embeddable":true,"href":"http:\/\/maismagazine.pt\/index.php\/wp-json\/wp\/v2\/media\/7933"}],"wp:attachment":[{"href":"http:\/\/maismagazine.pt\/index.php\/wp-json\/wp\/v2\/media?parent=7932"}],"wp:term":[{"taxonomy":"category","embeddable":true,"href":"http:\/\/maismagazine.pt\/index.php\/wp-json\/wp\/v2\/categories?post=7932"},{"taxonomy":"post_tag","embeddable":true,"href":"http:\/\/maismagazine.pt\/index.php\/wp-json\/wp\/v2\/tags?post=7932"}],"curies":[{"name":"wp","href":"https:\/\/api.w.org\/{rel}","templated":true}]}}