{"id":7836,"date":"2023-09-15T07:00:00","date_gmt":"2023-09-15T06:00:00","guid":{"rendered":"https:\/\/maismagazine.pt\/?p=7836"},"modified":"2023-09-11T14:34:13","modified_gmt":"2023-09-11T13:34:13","slug":"a-evasao-mais-que-perfeita","status":"publish","type":"post","link":"http:\/\/maismagazine.pt\/index.php\/2023\/09\/15\/a-evasao-mais-que-perfeita\/","title":{"rendered":"A EVAS\u00c3O MAIS QUE PERFEITA"},"content":{"rendered":"\n<p>Com uns magn\u00edficos 18 anos completados em junho, o <a href=\"https:\/\/www.conventodoespinheiro.com\/\">Convento do Espinheiro, Historic Hotel &amp; Spa<\/a>, \u00e9 uma refer\u00eancia na hotelaria de luxo situado a dois passos de uma das mais bonitas cidades do pa\u00eds e Patrim\u00f3nio Mundial, \u00c9vora.<\/p>\n\n\n\n<p><\/p>\n\n\n\n<p>Possui caracter\u00edsticas raras: o valor da hist\u00f3ria secular aliado ao encanto do campo alentejano e ao servi\u00e7o de excel\u00eancia, numa fus\u00e3o harmoniosa entre o antigo e o novo.<\/p>\n\n\n\n<p><\/p>\n\n\n\n<p>Inserido num cen\u00e1rio id\u00edlico, numa \u00e1rea de 8 hectares em plena paisagem Alentejana, espa\u00e7o, natureza, ar livre, recato e tranquilidade s\u00e3o alguns dos trunfos naturais do hotel, a par das val\u00eancias de qual o Convento do Espinheiro se dotou e lhe deram merecida notoriedade: 92 quartos com o conforto e requinte que um hotel de luxo exige; a gastronomia, com dois restaurantes, um de fine dining e um italiano informal, al\u00e9m do Pool bar com refei\u00e7\u00f5es ligeiras; duas piscinas, uma no jardim e a interior, aquecida; campos de t\u00e9nis e padel, bem como as in\u00fameras atividades que se podem fazer dentro do hotel e nas redondezas. <\/p>\n\n\n\n<p><\/p>\n\n\n\n<p>Seja para casais rom\u00e2nticos, fam\u00edlias com filhos ou pessoas sozinhas, pode aproveitar-se o Convento do Espinheiro para descontrair durante um fim-de-semana, bem como numa esta-dia mais prolongada.<\/p>\n\n\n\n<p><\/p>\n\n\n\n<p>Neste resort os seus melhores amigos tamb\u00e9m s\u00e3o bem-vindos. Temos todas as condi\u00e7\u00f5es para que o seu amigo de 4 patas venha passar f\u00e9rias consigo e consequentemente desfrutar de uma estadia perfeita na sua companhia.<\/p>\n","protected":false},"excerpt":{"rendered":"<p>Com uns magn\u00edficos 18 anos completados em junho, o Convento do Espinheiro, Historic Hotel &amp; Spa, \u00e9 uma refer\u00eancia na hotelaria de luxo situado a dois passos de uma das mais bonitas cidades do pa\u00eds e Patrim\u00f3nio Mundial, \u00c9vora. Possui caracter\u00edsticas raras: o valor da hist\u00f3ria secular aliado ao encanto&hellip;<\/p>\n","protected":false},"author":18,"featured_media":7839,"comment_status":"closed","ping_status":"open","sticky":false,"template":"","format":"standard","meta":{"advgb_blocks_editor_width":"","advgb_blocks_columns_visual_guide":"","_monsterinsights_skip_tracking":false,"_monsterinsights_sitenote_active":false,"_monsterinsights_sitenote_note":"","_monsterinsights_sitenote_category":0,"footnotes":""},"categories":[1460],"tags":[1680,680,1681],"class_list":["post-7836","post","type-post","status-publish","format-standard","has-post-thumbnail","hentry","category-publicidade","tag-convento-do-espinheiro","tag-evora","tag-turismo-alentejano"],"yoast_head":"<!-- This site is optimized with the Yoast SEO plugin v24.4 - https:\/\/yoast.com\/wordpress\/plugins\/seo\/ -->\n<title>A EVAS\u00c3O MAIS QUE PERFEITA - Mais Magazine<\/title>\n<meta name=\"robots\" content=\"index, follow, max-snippet:-1, max-image-preview:large, max-video-preview:-1\" \/>\n<link rel=\"canonical\" href=\"http:\/\/maismagazine.pt\/index.php\/2023\/09\/15\/a-evasao-mais-que-perfeita\/\" \/>\n<meta property=\"og:locale\" content=\"pt_PT\" \/>\n<meta property=\"og:type\" content=\"article\" \/>\n<meta property=\"og:title\" content=\"A EVAS\u00c3O MAIS QUE PERFEITA - Mais Magazine\" \/>\n<meta property=\"og:description\" content=\"Com uns magn\u00edficos 18 anos completados em junho, o Convento do Espinheiro, Historic Hotel &amp; Spa, \u00e9 uma refer\u00eancia na hotelaria de luxo situado a dois passos de uma das mais bonitas cidades do pa\u00eds e Patrim\u00f3nio Mundial, \u00c9vora. Possui caracter\u00edsticas raras: o valor da hist\u00f3ria secular aliado ao encanto&hellip;\" \/>\n<meta property=\"og:url\" content=\"http:\/\/maismagazine.pt\/index.php\/2023\/09\/15\/a-evasao-mais-que-perfeita\/\" \/>\n<meta property=\"og:site_name\" content=\"Mais Magazine\" \/>\n<meta property=\"article:published_time\" content=\"2023-09-15T06:00:00+00:00\" \/>\n<meta property=\"og:image\" content=\"http:\/\/maismagazine.pt\/wp-content\/uploads\/2023\/09\/1-hotel-convento-do-espinheiro-2-scaled-1.jpg\" \/>\n\t<meta property=\"og:image:width\" content=\"2560\" \/>\n\t<meta property=\"og:image:height\" content=\"1707\" \/>\n\t<meta property=\"og:image:type\" content=\"image\/jpeg\" \/>\n<meta name=\"author\" content=\"Tatiana Martins\" \/>\n<meta name=\"twitter:card\" content=\"summary_large_image\" \/>\n<meta name=\"twitter:label1\" content=\"Escrito por\" \/>\n\t<meta name=\"twitter:data1\" content=\"\" \/>\n\t<meta name=\"twitter:label2\" content=\"Tempo estimado de leitura\" \/>\n\t<meta name=\"twitter:data2\" content=\"1 minuto\" \/>\n<script type=\"application\/ld+json\" class=\"yoast-schema-graph\">{\"@context\":\"https:\/\/schema.org\",\"@graph\":[{\"@type\":\"Article\",\"@id\":\"http:\/\/maismagazine.pt\/index.php\/2023\/09\/15\/a-evasao-mais-que-perfeita\/#article\",\"isPartOf\":{\"@id\":\"http:\/\/maismagazine.pt\/index.php\/2023\/09\/15\/a-evasao-mais-que-perfeita\/\"},\"author\":{\"name\":\"Tatiana Martins\",\"@id\":\"https:\/\/maismagazine.pt\/#\/schema\/person\/7426e2caeb8df32a1b56aa48dae778c9\"},\"headline\":\"A EVAS\u00c3O MAIS QUE PERFEITA\",\"datePublished\":\"2023-09-15T06:00:00+00:00\",\"mainEntityOfPage\":{\"@id\":\"http:\/\/maismagazine.pt\/index.php\/2023\/09\/15\/a-evasao-mais-que-perfeita\/\"},\"wordCount\":260,\"publisher\":{\"@id\":\"https:\/\/maismagazine.pt\/#organization\"},\"image\":{\"@id\":\"http:\/\/maismagazine.pt\/index.php\/2023\/09\/15\/a-evasao-mais-que-perfeita\/#primaryimage\"},\"thumbnailUrl\":\"http:\/\/maismagazine.pt\/wp-content\/uploads\/2023\/09\/1-hotel-convento-do-espinheiro-2-scaled-1.jpg\",\"keywords\":[\"Convento do Espinheiro\",\"\u00c9vora\",\"Turismo Alentejano\"],\"articleSection\":[\"publicidade\"],\"inLanguage\":\"pt-PT\"},{\"@type\":\"WebPage\",\"@id\":\"http:\/\/maismagazine.pt\/index.php\/2023\/09\/15\/a-evasao-mais-que-perfeita\/\",\"url\":\"http:\/\/maismagazine.pt\/index.php\/2023\/09\/15\/a-evasao-mais-que-perfeita\/\",\"name\":\"A EVAS\u00c3O MAIS QUE PERFEITA - Mais Magazine\",\"isPartOf\":{\"@id\":\"https:\/\/maismagazine.pt\/#website\"},\"primaryImageOfPage\":{\"@id\":\"http:\/\/maismagazine.pt\/index.php\/2023\/09\/15\/a-evasao-mais-que-perfeita\/#primaryimage\"},\"image\":{\"@id\":\"http:\/\/maismagazine.pt\/index.php\/2023\/09\/15\/a-evasao-mais-que-perfeita\/#primaryimage\"},\"thumbnailUrl\":\"http:\/\/maismagazine.pt\/wp-content\/uploads\/2023\/09\/1-hotel-convento-do-espinheiro-2-scaled-1.jpg\",\"datePublished\":\"2023-09-15T06:00:00+00:00\",\"breadcrumb\":{\"@id\":\"http:\/\/maismagazine.pt\/index.php\/2023\/09\/15\/a-evasao-mais-que-perfeita\/#breadcrumb\"},\"inLanguage\":\"pt-PT\",\"potentialAction\":[{\"@type\":\"ReadAction\",\"target\":[\"http:\/\/maismagazine.pt\/index.php\/2023\/09\/15\/a-evasao-mais-que-perfeita\/\"]}]},{\"@type\":\"ImageObject\",\"inLanguage\":\"pt-PT\",\"@id\":\"http:\/\/maismagazine.pt\/index.php\/2023\/09\/15\/a-evasao-mais-que-perfeita\/#primaryimage\",\"url\":\"http:\/\/maismagazine.pt\/wp-content\/uploads\/2023\/09\/1-hotel-convento-do-espinheiro-2-scaled-1.jpg\",\"contentUrl\":\"http:\/\/maismagazine.pt\/wp-content\/uploads\/2023\/09\/1-hotel-convento-do-espinheiro-2-scaled-1.jpg\",\"width\":2560,\"height\":1707},{\"@type\":\"BreadcrumbList\",\"@id\":\"http:\/\/maismagazine.pt\/index.php\/2023\/09\/15\/a-evasao-mais-que-perfeita\/#breadcrumb\",\"itemListElement\":[{\"@type\":\"ListItem\",\"position\":1,\"name\":\"Home\",\"item\":\"https:\/\/maismagazine.pt\/\"},{\"@type\":\"ListItem\",\"position\":2,\"name\":\"A EVAS\u00c3O MAIS QUE PERFEITA\"}]},{\"@type\":\"WebSite\",\"@id\":\"https:\/\/maismagazine.pt\/#website\",\"url\":\"https:\/\/maismagazine.pt\/\",\"name\":\"Mais Magazine\",\"description\":\"\",\"publisher\":{\"@id\":\"https:\/\/maismagazine.pt\/#organization\"},\"potentialAction\":[{\"@type\":\"SearchAction\",\"target\":{\"@type\":\"EntryPoint\",\"urlTemplate\":\"https:\/\/maismagazine.pt\/?s={search_term_string}\"},\"query-input\":{\"@type\":\"PropertyValueSpecification\",\"valueRequired\":true,\"valueName\":\"search_term_string\"}}],\"inLanguage\":\"pt-PT\"},{\"@type\":\"Organization\",\"@id\":\"https:\/\/maismagazine.pt\/#organization\",\"name\":\"Mais Magazine\",\"url\":\"https:\/\/maismagazine.pt\/\",\"logo\":{\"@type\":\"ImageObject\",\"inLanguage\":\"pt-PT\",\"@id\":\"https:\/\/maismagazine.pt\/#\/schema\/logo\/image\/\",\"url\":\"http:\/\/maismagazine.pt\/wp-content\/uploads\/2020\/04\/cropped-cropped-mais-magazine-site-logo-2.png\",\"contentUrl\":\"http:\/\/maismagazine.pt\/wp-content\/uploads\/2020\/04\/cropped-cropped-mais-magazine-site-logo-2.png\",\"width\":581,\"height\":90,\"caption\":\"Mais Magazine\"},\"image\":{\"@id\":\"https:\/\/maismagazine.pt\/#\/schema\/logo\/image\/\"}},{\"@type\":\"Person\",\"@id\":\"https:\/\/maismagazine.pt\/#\/schema\/person\/7426e2caeb8df32a1b56aa48dae778c9\",\"name\":\"Tatiana Martins\",\"image\":{\"@type\":\"ImageObject\",\"inLanguage\":\"pt-PT\",\"@id\":\"https:\/\/maismagazine.pt\/#\/schema\/person\/image\/\",\"url\":\"https:\/\/secure.gravatar.com\/avatar\/4b24a57f5d0425f2eb20981c4b53244e?s=96&d=mm&r=g\",\"contentUrl\":\"https:\/\/secure.gravatar.com\/avatar\/4b24a57f5d0425f2eb20981c4b53244e?s=96&d=mm&r=g\",\"caption\":\"Tatiana Martins\"},\"url\":\"http:\/\/maismagazine.pt\/index.php\/author\/tatiana\/\"}]}<\/script>\n<!-- \/ Yoast SEO plugin. -->","yoast_head_json":{"title":"A EVAS\u00c3O MAIS QUE PERFEITA - Mais Magazine","robots":{"index":"index","follow":"follow","max-snippet":"max-snippet:-1","max-image-preview":"max-image-preview:large","max-video-preview":"max-video-preview:-1"},"canonical":"http:\/\/maismagazine.pt\/index.php\/2023\/09\/15\/a-evasao-mais-que-perfeita\/","og_locale":"pt_PT","og_type":"article","og_title":"A EVAS\u00c3O MAIS QUE PERFEITA - Mais Magazine","og_description":"Com uns magn\u00edficos 18 anos completados em junho, o Convento do Espinheiro, Historic Hotel &amp; Spa, \u00e9 uma refer\u00eancia na hotelaria de luxo situado a dois passos de uma das mais bonitas cidades do pa\u00eds e Patrim\u00f3nio Mundial, \u00c9vora. Possui caracter\u00edsticas raras: o valor da hist\u00f3ria secular aliado ao encanto&hellip;","og_url":"http:\/\/maismagazine.pt\/index.php\/2023\/09\/15\/a-evasao-mais-que-perfeita\/","og_site_name":"Mais Magazine","article_published_time":"2023-09-15T06:00:00+00:00","og_image":[{"width":2560,"height":1707,"url":"http:\/\/maismagazine.pt\/wp-content\/uploads\/2023\/09\/1-hotel-convento-do-espinheiro-2-scaled-1.jpg","type":"image\/jpeg"}],"author":"Tatiana Martins","twitter_card":"summary_large_image","twitter_misc":{"Escrito por":false,"Tempo estimado de leitura":"1 minuto"},"schema":{"@context":"https:\/\/schema.org","@graph":[{"@type":"Article","@id":"http:\/\/maismagazine.pt\/index.php\/2023\/09\/15\/a-evasao-mais-que-perfeita\/#article","isPartOf":{"@id":"http:\/\/maismagazine.pt\/index.php\/2023\/09\/15\/a-evasao-mais-que-perfeita\/"},"author":{"name":"Tatiana Martins","@id":"https:\/\/maismagazine.pt\/#\/schema\/person\/7426e2caeb8df32a1b56aa48dae778c9"},"headline":"A EVAS\u00c3O MAIS QUE PERFEITA","datePublished":"2023-09-15T06:00:00+00:00","mainEntityOfPage":{"@id":"http:\/\/maismagazine.pt\/index.php\/2023\/09\/15\/a-evasao-mais-que-perfeita\/"},"wordCount":260,"publisher":{"@id":"https:\/\/maismagazine.pt\/#organization"},"image":{"@id":"http:\/\/maismagazine.pt\/index.php\/2023\/09\/15\/a-evasao-mais-que-perfeita\/#primaryimage"},"thumbnailUrl":"http:\/\/maismagazine.pt\/wp-content\/uploads\/2023\/09\/1-hotel-convento-do-espinheiro-2-scaled-1.jpg","keywords":["Convento do Espinheiro","\u00c9vora","Turismo Alentejano"],"articleSection":["publicidade"],"inLanguage":"pt-PT"},{"@type":"WebPage","@id":"http:\/\/maismagazine.pt\/index.php\/2023\/09\/15\/a-evasao-mais-que-perfeita\/","url":"http:\/\/maismagazine.pt\/index.php\/2023\/09\/15\/a-evasao-mais-que-perfeita\/","name":"A EVAS\u00c3O MAIS QUE PERFEITA - Mais Magazine","isPartOf":{"@id":"https:\/\/maismagazine.pt\/#website"},"primaryImageOfPage":{"@id":"http:\/\/maismagazine.pt\/index.php\/2023\/09\/15\/a-evasao-mais-que-perfeita\/#primaryimage"},"image":{"@id":"http:\/\/maismagazine.pt\/index.php\/2023\/09\/15\/a-evasao-mais-que-perfeita\/#primaryimage"},"thumbnailUrl":"http:\/\/maismagazine.pt\/wp-content\/uploads\/2023\/09\/1-hotel-convento-do-espinheiro-2-scaled-1.jpg","datePublished":"2023-09-15T06:00:00+00:00","breadcrumb":{"@id":"http:\/\/maismagazine.pt\/index.php\/2023\/09\/15\/a-evasao-mais-que-perfeita\/#breadcrumb"},"inLanguage":"pt-PT","potentialAction":[{"@type":"ReadAction","target":["http:\/\/maismagazine.pt\/index.php\/2023\/09\/15\/a-evasao-mais-que-perfeita\/"]}]},{"@type":"ImageObject","inLanguage":"pt-PT","@id":"http:\/\/maismagazine.pt\/index.php\/2023\/09\/15\/a-evasao-mais-que-perfeita\/#primaryimage","url":"http:\/\/maismagazine.pt\/wp-content\/uploads\/2023\/09\/1-hotel-convento-do-espinheiro-2-scaled-1.jpg","contentUrl":"http:\/\/maismagazine.pt\/wp-content\/uploads\/2023\/09\/1-hotel-convento-do-espinheiro-2-scaled-1.jpg","width":2560,"height":1707},{"@type":"BreadcrumbList","@id":"http:\/\/maismagazine.pt\/index.php\/2023\/09\/15\/a-evasao-mais-que-perfeita\/#breadcrumb","itemListElement":[{"@type":"ListItem","position":1,"name":"Home","item":"https:\/\/maismagazine.pt\/"},{"@type":"ListItem","position":2,"name":"A EVAS\u00c3O MAIS QUE PERFEITA"}]},{"@type":"WebSite","@id":"https:\/\/maismagazine.pt\/#website","url":"https:\/\/maismagazine.pt\/","name":"Mais Magazine","description":"","publisher":{"@id":"https:\/\/maismagazine.pt\/#organization"},"potentialAction":[{"@type":"SearchAction","target":{"@type":"EntryPoint","urlTemplate":"https:\/\/maismagazine.pt\/?s={search_term_string}"},"query-input":{"@type":"PropertyValueSpecification","valueRequired":true,"valueName":"search_term_string"}}],"inLanguage":"pt-PT"},{"@type":"Organization","@id":"https:\/\/maismagazine.pt\/#organization","name":"Mais Magazine","url":"https:\/\/maismagazine.pt\/","logo":{"@type":"ImageObject","inLanguage":"pt-PT","@id":"https:\/\/maismagazine.pt\/#\/schema\/logo\/image\/","url":"http:\/\/maismagazine.pt\/wp-content\/uploads\/2020\/04\/cropped-cropped-mais-magazine-site-logo-2.png","contentUrl":"http:\/\/maismagazine.pt\/wp-content\/uploads\/2020\/04\/cropped-cropped-mais-magazine-site-logo-2.png","width":581,"height":90,"caption":"Mais Magazine"},"image":{"@id":"https:\/\/maismagazine.pt\/#\/schema\/logo\/image\/"}},{"@type":"Person","@id":"https:\/\/maismagazine.pt\/#\/schema\/person\/7426e2caeb8df32a1b56aa48dae778c9","name":"Tatiana Martins","image":{"@type":"ImageObject","inLanguage":"pt-PT","@id":"https:\/\/maismagazine.pt\/#\/schema\/person\/image\/","url":"https:\/\/secure.gravatar.com\/avatar\/4b24a57f5d0425f2eb20981c4b53244e?s=96&d=mm&r=g","contentUrl":"https:\/\/secure.gravatar.com\/avatar\/4b24a57f5d0425f2eb20981c4b53244e?s=96&d=mm&r=g","caption":"Tatiana Martins"},"url":"http:\/\/maismagazine.pt\/index.php\/author\/tatiana\/"}]}},"author_meta":{"display_name":false,"author_link":"http:\/\/maismagazine.pt\/index.php\/author\/tatiana\/"},"featured_img":"http:\/\/maismagazine.pt\/wp-content\/uploads\/2023\/09\/1-hotel-convento-do-espinheiro-2-scaled-1-300x200.jpg","coauthors":[],"tax_additional":{"categories":{"linked":["<a href=\"http:\/\/maismagazine.pt\/index.php\/category\/publicidade\/\" class=\"advgb-post-tax-term\">publicidade<\/a>"],"unlinked":["<span class=\"advgb-post-tax-term\">publicidade<\/span>"]},"tags":{"linked":["<a href=\"http:\/\/maismagazine.pt\/index.php\/category\/publicidade\/\" class=\"advgb-post-tax-term\">Convento do Espinheiro<\/a>","<a href=\"http:\/\/maismagazine.pt\/index.php\/category\/publicidade\/\" class=\"advgb-post-tax-term\">\u00c9vora<\/a>","<a href=\"http:\/\/maismagazine.pt\/index.php\/category\/publicidade\/\" class=\"advgb-post-tax-term\">Turismo Alentejano<\/a>"],"unlinked":["<span class=\"advgb-post-tax-term\">Convento do Espinheiro<\/span>","<span class=\"advgb-post-tax-term\">\u00c9vora<\/span>","<span class=\"advgb-post-tax-term\">Turismo Alentejano<\/span>"]}},"comment_count":"0","relative_dates":{"created":"Posted 3 anos ago","modified":"Updated 3 anos ago"},"absolute_dates":{"created":"Posted on 15 de Setembro, 2023","modified":"Updated on 11 de Setembro, 2023"},"absolute_dates_time":{"created":"Posted on 15 de Setembro, 2023 7:00","modified":"Updated on 11 de Setembro, 2023 14:34"},"featured_img_caption":"","series_order":"","_links":{"self":[{"href":"http:\/\/maismagazine.pt\/index.php\/wp-json\/wp\/v2\/posts\/7836","targetHints":{"allow":["GET"]}}],"collection":[{"href":"http:\/\/maismagazine.pt\/index.php\/wp-json\/wp\/v2\/posts"}],"about":[{"href":"http:\/\/maismagazine.pt\/index.php\/wp-json\/wp\/v2\/types\/post"}],"author":[{"embeddable":true,"href":"http:\/\/maismagazine.pt\/index.php\/wp-json\/wp\/v2\/users\/18"}],"replies":[{"embeddable":true,"href":"http:\/\/maismagazine.pt\/index.php\/wp-json\/wp\/v2\/comments?post=7836"}],"version-history":[{"count":1,"href":"http:\/\/maismagazine.pt\/index.php\/wp-json\/wp\/v2\/posts\/7836\/revisions"}],"predecessor-version":[{"id":7845,"href":"http:\/\/maismagazine.pt\/index.php\/wp-json\/wp\/v2\/posts\/7836\/revisions\/7845"}],"wp:featuredmedia":[{"embeddable":true,"href":"http:\/\/maismagazine.pt\/index.php\/wp-json\/wp\/v2\/media\/7839"}],"wp:attachment":[{"href":"http:\/\/maismagazine.pt\/index.php\/wp-json\/wp\/v2\/media?parent=7836"}],"wp:term":[{"taxonomy":"category","embeddable":true,"href":"http:\/\/maismagazine.pt\/index.php\/wp-json\/wp\/v2\/categories?post=7836"},{"taxonomy":"post_tag","embeddable":true,"href":"http:\/\/maismagazine.pt\/index.php\/wp-json\/wp\/v2\/tags?post=7836"}],"curies":[{"name":"wp","href":"https:\/\/api.w.org\/{rel}","templated":true}]}}