{"id":7754,"date":"2023-09-15T07:00:00","date_gmt":"2023-09-15T06:00:00","guid":{"rendered":"https:\/\/maismagazine.pt\/?p=7754"},"modified":"2023-09-18T17:14:56","modified_gmt":"2023-09-18T16:14:56","slug":"ubi-aposta-na-integracao-dosestudantes-e-no-sucesso-academico","status":"publish","type":"post","link":"http:\/\/maismagazine.pt\/index.php\/2023\/09\/15\/ubi-aposta-na-integracao-dosestudantes-e-no-sucesso-academico\/","title":{"rendered":"UBI aposta na integra\u00e7\u00e3o dos estudantes e no sucesso acad\u00e9mico"},"content":{"rendered":"\n<p><strong>Num ano em que a <a href=\"http:\/\/www.ubi.pt\">Universidade da Beira Interior (UBI) <\/a>voltar\u00e1 a ter cerca de 1.500 novos alunos em cursos de Licenciatura ou Mestrado Integrado, a academia refor\u00e7a a aposta na inova\u00e7\u00e3o em \u00e1reas de grande influ\u00eancia para a boa experi\u00eancia dos estudantes no Ensino Superior: a integra\u00e7\u00e3o em novas realidades e o sucesso escolar.<\/strong><\/p>\n\n\n\n<p><\/p>\n\n\n\n<p>Designados de \u201cResid\u00eancias Art\u00edsticas UBIanas \u2013 Integra\u00e7\u00e3o pelas Artes\u201d e de \u201cUBI-Learning HUB\u201d, os projetos deram os primeiros passos no ano letivo 2022\/2023 e fazem parte da estrat\u00e9gia da Universidade de promover a melhor viv\u00eancia universit\u00e1ria, de forma transversal. Fazem ambos parte da identidade que a UBI construiu ao longo da sua hist\u00f3ria, e continuar\u00e1 no futuro, de ser uma academia coesa e marcada pela proximidade saud\u00e1vel e de entreajuda entre os seus elementos.<\/p>\n\n\n\n<p><\/p>\n\n\n\n<p>Literatura, Cinema, M\u00fasica ou Dan\u00e7a e Artes Performativas. S\u00e3o estas as propostas da UBI para que os estudantes que acabaram de chegar conhe\u00e7am os novos colegas e um conjunto de institui\u00e7\u00f5es de relevo na cidade da Covilh\u00e3, ao mesmo tempo que desenvolvem compet\u00eancias como a criatividade e as express\u00f5es art\u00edsticas e culturais, entre outras. Para este efeito, a UBI mobiliza algumas \u00e1reas em que se tem especializado \u2013 como o Cinema, da Faculdade de Artes e Letras, ou a escrita criativa \u2013 e dois parceiros institucionais, cujo trabalho tem alcan\u00e7ado proje\u00e7\u00e3o nacional e at\u00e9 internacional: a Associa\u00e7\u00e3o Cultural da Beira Interior, na M\u00fasica, e a companhia Kayzer Ballet, na Dan\u00e7a\/Artes Performativas.<\/p>\n\n\n\n<p><\/p>\n\n\n\n<p>O projeto \u201cResid\u00eancias Art\u00edsticas UBIanas\u201d, a ter in\u00edcio no final de setembro, apesar de aberto a toda a comunidade acad\u00e9mica, dirige-se em especial aos alunos que iniciam agora os seus estudos, os quais enfrentam o desafio da adapta\u00e7\u00e3o a novas realidades de aprendizagem e de contexto social.<\/p>\n\n\n\n<p><\/p>\n\n\n\n<p>Se a integra\u00e7\u00e3o \u00e9 um dos aspetos fundamentais no in\u00edcio da vida universit\u00e1ria, a import\u00e2ncia do sucesso acad\u00e9mico est\u00e1 presente ao longo de todo o percurso. Na UBI, esta \u00e9 outra preocupa\u00e7\u00e3o constante, porque a qualidade de ensino \u00e9 decisiva para o sucesso profissional dos diplomados. \u00c9 neste contexto que surgiu o \u201cUBI-Learning HUB\u201d, que prop\u00f5e um conjunto de ferramentas, baseadas em suportes digitais e tutorias de docentes, que visam combater as dificuldades na transi\u00e7\u00e3o do Ensino Secund\u00e1rio para o Superior e contribuir para bons resultados em mat\u00e9rias identificadas como sendo as mais problem\u00e1ticas.<\/p>\n\n\n\n<p><\/p>\n\n\n\n<p>Estar\u00e3o novamente em destaque a disponibiliza\u00e7\u00e3o de conte\u00fados digitais e interativos que sirvam de apoio \u00e0 melhoria dos conhecimentos de mat\u00e9rias identificadas como mais cr\u00edticas \u2013 Matem\u00e1tica, F\u00edsica e Qu\u00edmica. Al\u00e9m disso, haver\u00e1 conte\u00fados para melhorar compet\u00eancias transversais onde se notam lacunas, de que s\u00e3o exemplo a escrita de trabalhos acad\u00e9micos, desenvolvimento de pensamento cr\u00edtico, trabalho em grupo, apresenta\u00e7\u00f5es orais ou prepara\u00e7\u00e3o da realiza\u00e7\u00e3o de exames. A prepara\u00e7\u00e3o dos docentes na inova\u00e7\u00e3o pedag\u00f3gica e educa\u00e7\u00e3o inclusiva e, ainda, a avalia\u00e7\u00e3o dos resultados, fazem tamb\u00e9m parte do \u201cUBI-Learning HUB\u201d.<\/p>\n\n\n\n<p><\/p>\n\n\n\n<p>Com um n\u00famero de alunos acima dos 9.000 em todos os ciclos de estudos, a UBI tem mais de uma centena de cursos de Licenciatura, Mestrado e Doutoramento. As suas cinco faculdades abrangem as principais \u00e1reas de conhecimento e a academia \u201cubiana\u201d continuar\u00e1 a ser a escolha certa para quem procura ensino e investiga\u00e7\u00e3o de padr\u00f5es internacionais, numa cidade com excelente qualidade de vida e custos de vida acess\u00edveis.<\/p>\n\n\n<div class=\"wp-block-image\">\n<figure class=\"aligncenter size-full is-resized\"><img loading=\"lazy\" decoding=\"async\" src=\"https:\/\/maismagazine.pt\/wp-content\/uploads\/2023\/09\/logo_ubi_vprincipal.jpg\" alt=\"\" class=\"wp-image-7762\" width=\"155\" height=\"159\" srcset=\"http:\/\/maismagazine.pt\/wp-content\/uploads\/2023\/09\/logo_ubi_vprincipal.jpg 975w, http:\/\/maismagazine.pt\/wp-content\/uploads\/2023\/09\/logo_ubi_vprincipal-293x300.jpg 293w, http:\/\/maismagazine.pt\/wp-content\/uploads\/2023\/09\/logo_ubi_vprincipal-768x788.jpg 768w\" sizes=\"auto, (max-width: 155px) 100vw, 155px\" \/><\/figure><\/div>\n\n\n<p><\/p>\n","protected":false},"excerpt":{"rendered":"<p>Num ano em que a Universidade da Beira Interior (UBI) voltar\u00e1 a ter cerca de 1.500 novos alunos em cursos de Licenciatura ou Mestrado Integrado, a academia refor\u00e7a a aposta na inova\u00e7\u00e3o em \u00e1reas de grande influ\u00eancia para a boa experi\u00eancia dos estudantes no Ensino Superior: a integra\u00e7\u00e3o em novas&hellip;<\/p>\n","protected":false},"author":18,"featured_media":7761,"comment_status":"closed","ping_status":"open","sticky":false,"template":"","format":"standard","meta":{"advgb_blocks_editor_width":"","advgb_blocks_columns_visual_guide":"","_monsterinsights_skip_tracking":false,"_monsterinsights_sitenote_active":false,"_monsterinsights_sitenote_note":"","_monsterinsights_sitenote_category":0,"footnotes":""},"categories":[149],"tags":[616,783],"class_list":["post-7754","post","type-post","status-publish","format-standard","has-post-thumbnail","hentry","category-educacao","tag-ensino-superior","tag-universidade-da-beira-interior"],"yoast_head":"<!-- This site is optimized with the Yoast SEO plugin v24.4 - https:\/\/yoast.com\/wordpress\/plugins\/seo\/ -->\n<title>UBI aposta na integra\u00e7\u00e3o dos estudantes e no sucesso acad\u00e9mico - Mais Magazine<\/title>\n<meta name=\"robots\" content=\"index, follow, max-snippet:-1, max-image-preview:large, max-video-preview:-1\" \/>\n<link rel=\"canonical\" href=\"http:\/\/maismagazine.pt\/index.php\/2023\/09\/15\/ubi-aposta-na-integracao-dosestudantes-e-no-sucesso-academico\/\" \/>\n<meta property=\"og:locale\" content=\"pt_PT\" \/>\n<meta property=\"og:type\" content=\"article\" \/>\n<meta property=\"og:title\" content=\"UBI aposta na integra\u00e7\u00e3o dos estudantes e no sucesso acad\u00e9mico - Mais Magazine\" \/>\n<meta property=\"og:description\" content=\"Num ano em que a Universidade da Beira Interior (UBI) voltar\u00e1 a ter cerca de 1.500 novos alunos em cursos de Licenciatura ou Mestrado Integrado, a academia refor\u00e7a a aposta na inova\u00e7\u00e3o em \u00e1reas de grande influ\u00eancia para a boa experi\u00eancia dos estudantes no Ensino Superior: a integra\u00e7\u00e3o em novas&hellip;\" \/>\n<meta property=\"og:url\" content=\"http:\/\/maismagazine.pt\/index.php\/2023\/09\/15\/ubi-aposta-na-integracao-dosestudantes-e-no-sucesso-academico\/\" \/>\n<meta property=\"og:site_name\" content=\"Mais Magazine\" \/>\n<meta property=\"article:published_time\" content=\"2023-09-15T06:00:00+00:00\" \/>\n<meta property=\"article:modified_time\" content=\"2023-09-18T16:14:56+00:00\" \/>\n<meta property=\"og:image\" content=\"http:\/\/maismagazine.pt\/wp-content\/uploads\/2023\/09\/UBI2.jpg\" \/>\n\t<meta property=\"og:image:width\" content=\"750\" \/>\n\t<meta property=\"og:image:height\" content=\"422\" \/>\n\t<meta property=\"og:image:type\" content=\"image\/jpeg\" \/>\n<meta name=\"author\" content=\"Tatiana Martins\" \/>\n<meta name=\"twitter:card\" content=\"summary_large_image\" \/>\n<meta name=\"twitter:label1\" content=\"Escrito por\" \/>\n\t<meta name=\"twitter:data1\" content=\"\" \/>\n\t<meta name=\"twitter:label2\" content=\"Tempo estimado de leitura\" \/>\n\t<meta name=\"twitter:data2\" content=\"3 minutos\" \/>\n<script type=\"application\/ld+json\" class=\"yoast-schema-graph\">{\"@context\":\"https:\/\/schema.org\",\"@graph\":[{\"@type\":\"Article\",\"@id\":\"http:\/\/maismagazine.pt\/index.php\/2023\/09\/15\/ubi-aposta-na-integracao-dosestudantes-e-no-sucesso-academico\/#article\",\"isPartOf\":{\"@id\":\"http:\/\/maismagazine.pt\/index.php\/2023\/09\/15\/ubi-aposta-na-integracao-dosestudantes-e-no-sucesso-academico\/\"},\"author\":{\"name\":\"Tatiana Martins\",\"@id\":\"http:\/\/maismagazine.pt\/#\/schema\/person\/7426e2caeb8df32a1b56aa48dae778c9\"},\"headline\":\"UBI aposta na integra\u00e7\u00e3o dos estudantes e no sucesso acad\u00e9mico\",\"datePublished\":\"2023-09-15T06:00:00+00:00\",\"dateModified\":\"2023-09-18T16:14:56+00:00\",\"mainEntityOfPage\":{\"@id\":\"http:\/\/maismagazine.pt\/index.php\/2023\/09\/15\/ubi-aposta-na-integracao-dosestudantes-e-no-sucesso-academico\/\"},\"wordCount\":608,\"publisher\":{\"@id\":\"http:\/\/maismagazine.pt\/#organization\"},\"image\":{\"@id\":\"http:\/\/maismagazine.pt\/index.php\/2023\/09\/15\/ubi-aposta-na-integracao-dosestudantes-e-no-sucesso-academico\/#primaryimage\"},\"thumbnailUrl\":\"http:\/\/maismagazine.pt\/wp-content\/uploads\/2023\/09\/UBI2.jpg\",\"keywords\":[\"ensino superior\",\"Universidade da Beira Interior\"],\"articleSection\":[\"Educa\u00e7\u00e3o\"],\"inLanguage\":\"pt-PT\"},{\"@type\":\"WebPage\",\"@id\":\"http:\/\/maismagazine.pt\/index.php\/2023\/09\/15\/ubi-aposta-na-integracao-dosestudantes-e-no-sucesso-academico\/\",\"url\":\"http:\/\/maismagazine.pt\/index.php\/2023\/09\/15\/ubi-aposta-na-integracao-dosestudantes-e-no-sucesso-academico\/\",\"name\":\"UBI aposta na integra\u00e7\u00e3o dos estudantes e no sucesso acad\u00e9mico - Mais Magazine\",\"isPartOf\":{\"@id\":\"http:\/\/maismagazine.pt\/#website\"},\"primaryImageOfPage\":{\"@id\":\"http:\/\/maismagazine.pt\/index.php\/2023\/09\/15\/ubi-aposta-na-integracao-dosestudantes-e-no-sucesso-academico\/#primaryimage\"},\"image\":{\"@id\":\"http:\/\/maismagazine.pt\/index.php\/2023\/09\/15\/ubi-aposta-na-integracao-dosestudantes-e-no-sucesso-academico\/#primaryimage\"},\"thumbnailUrl\":\"http:\/\/maismagazine.pt\/wp-content\/uploads\/2023\/09\/UBI2.jpg\",\"datePublished\":\"2023-09-15T06:00:00+00:00\",\"dateModified\":\"2023-09-18T16:14:56+00:00\",\"breadcrumb\":{\"@id\":\"http:\/\/maismagazine.pt\/index.php\/2023\/09\/15\/ubi-aposta-na-integracao-dosestudantes-e-no-sucesso-academico\/#breadcrumb\"},\"inLanguage\":\"pt-PT\",\"potentialAction\":[{\"@type\":\"ReadAction\",\"target\":[\"http:\/\/maismagazine.pt\/index.php\/2023\/09\/15\/ubi-aposta-na-integracao-dosestudantes-e-no-sucesso-academico\/\"]}]},{\"@type\":\"ImageObject\",\"inLanguage\":\"pt-PT\",\"@id\":\"http:\/\/maismagazine.pt\/index.php\/2023\/09\/15\/ubi-aposta-na-integracao-dosestudantes-e-no-sucesso-academico\/#primaryimage\",\"url\":\"http:\/\/maismagazine.pt\/wp-content\/uploads\/2023\/09\/UBI2.jpg\",\"contentUrl\":\"http:\/\/maismagazine.pt\/wp-content\/uploads\/2023\/09\/UBI2.jpg\",\"width\":750,\"height\":422,\"caption\":\"default\"},{\"@type\":\"BreadcrumbList\",\"@id\":\"http:\/\/maismagazine.pt\/index.php\/2023\/09\/15\/ubi-aposta-na-integracao-dosestudantes-e-no-sucesso-academico\/#breadcrumb\",\"itemListElement\":[{\"@type\":\"ListItem\",\"position\":1,\"name\":\"Home\",\"item\":\"http:\/\/maismagazine.pt\/\"},{\"@type\":\"ListItem\",\"position\":2,\"name\":\"UBI aposta na integra\u00e7\u00e3o dos estudantes e no sucesso acad\u00e9mico\"}]},{\"@type\":\"WebSite\",\"@id\":\"http:\/\/maismagazine.pt\/#website\",\"url\":\"http:\/\/maismagazine.pt\/\",\"name\":\"Mais Magazine\",\"description\":\"\",\"publisher\":{\"@id\":\"http:\/\/maismagazine.pt\/#organization\"},\"potentialAction\":[{\"@type\":\"SearchAction\",\"target\":{\"@type\":\"EntryPoint\",\"urlTemplate\":\"http:\/\/maismagazine.pt\/?s={search_term_string}\"},\"query-input\":{\"@type\":\"PropertyValueSpecification\",\"valueRequired\":true,\"valueName\":\"search_term_string\"}}],\"inLanguage\":\"pt-PT\"},{\"@type\":\"Organization\",\"@id\":\"http:\/\/maismagazine.pt\/#organization\",\"name\":\"Mais Magazine\",\"url\":\"http:\/\/maismagazine.pt\/\",\"logo\":{\"@type\":\"ImageObject\",\"inLanguage\":\"pt-PT\",\"@id\":\"http:\/\/maismagazine.pt\/#\/schema\/logo\/image\/\",\"url\":\"http:\/\/maismagazine.pt\/wp-content\/uploads\/2020\/04\/cropped-cropped-mais-magazine-site-logo-2.png\",\"contentUrl\":\"http:\/\/maismagazine.pt\/wp-content\/uploads\/2020\/04\/cropped-cropped-mais-magazine-site-logo-2.png\",\"width\":581,\"height\":90,\"caption\":\"Mais Magazine\"},\"image\":{\"@id\":\"http:\/\/maismagazine.pt\/#\/schema\/logo\/image\/\"}},{\"@type\":\"Person\",\"@id\":\"http:\/\/maismagazine.pt\/#\/schema\/person\/7426e2caeb8df32a1b56aa48dae778c9\",\"name\":\"Tatiana Martins\",\"image\":{\"@type\":\"ImageObject\",\"inLanguage\":\"pt-PT\",\"@id\":\"http:\/\/maismagazine.pt\/#\/schema\/person\/image\/\",\"url\":\"https:\/\/secure.gravatar.com\/avatar\/4b24a57f5d0425f2eb20981c4b53244e?s=96&d=mm&r=g\",\"contentUrl\":\"https:\/\/secure.gravatar.com\/avatar\/4b24a57f5d0425f2eb20981c4b53244e?s=96&d=mm&r=g\",\"caption\":\"Tatiana Martins\"},\"url\":\"http:\/\/maismagazine.pt\/index.php\/author\/tatiana\/\"}]}<\/script>\n<!-- \/ Yoast SEO plugin. -->","yoast_head_json":{"title":"UBI aposta na integra\u00e7\u00e3o dos estudantes e no sucesso acad\u00e9mico - Mais Magazine","robots":{"index":"index","follow":"follow","max-snippet":"max-snippet:-1","max-image-preview":"max-image-preview:large","max-video-preview":"max-video-preview:-1"},"canonical":"http:\/\/maismagazine.pt\/index.php\/2023\/09\/15\/ubi-aposta-na-integracao-dosestudantes-e-no-sucesso-academico\/","og_locale":"pt_PT","og_type":"article","og_title":"UBI aposta na integra\u00e7\u00e3o dos estudantes e no sucesso acad\u00e9mico - Mais Magazine","og_description":"Num ano em que a Universidade da Beira Interior (UBI) voltar\u00e1 a ter cerca de 1.500 novos alunos em cursos de Licenciatura ou Mestrado Integrado, a academia refor\u00e7a a aposta na inova\u00e7\u00e3o em \u00e1reas de grande influ\u00eancia para a boa experi\u00eancia dos estudantes no Ensino Superior: a integra\u00e7\u00e3o em novas&hellip;","og_url":"http:\/\/maismagazine.pt\/index.php\/2023\/09\/15\/ubi-aposta-na-integracao-dosestudantes-e-no-sucesso-academico\/","og_site_name":"Mais Magazine","article_published_time":"2023-09-15T06:00:00+00:00","article_modified_time":"2023-09-18T16:14:56+00:00","og_image":[{"width":750,"height":422,"url":"http:\/\/maismagazine.pt\/wp-content\/uploads\/2023\/09\/UBI2.jpg","type":"image\/jpeg"}],"author":"Tatiana Martins","twitter_card":"summary_large_image","twitter_misc":{"Escrito por":false,"Tempo estimado de leitura":"3 minutos"},"schema":{"@context":"https:\/\/schema.org","@graph":[{"@type":"Article","@id":"http:\/\/maismagazine.pt\/index.php\/2023\/09\/15\/ubi-aposta-na-integracao-dosestudantes-e-no-sucesso-academico\/#article","isPartOf":{"@id":"http:\/\/maismagazine.pt\/index.php\/2023\/09\/15\/ubi-aposta-na-integracao-dosestudantes-e-no-sucesso-academico\/"},"author":{"name":"Tatiana Martins","@id":"http:\/\/maismagazine.pt\/#\/schema\/person\/7426e2caeb8df32a1b56aa48dae778c9"},"headline":"UBI aposta na integra\u00e7\u00e3o dos estudantes e no sucesso acad\u00e9mico","datePublished":"2023-09-15T06:00:00+00:00","dateModified":"2023-09-18T16:14:56+00:00","mainEntityOfPage":{"@id":"http:\/\/maismagazine.pt\/index.php\/2023\/09\/15\/ubi-aposta-na-integracao-dosestudantes-e-no-sucesso-academico\/"},"wordCount":608,"publisher":{"@id":"http:\/\/maismagazine.pt\/#organization"},"image":{"@id":"http:\/\/maismagazine.pt\/index.php\/2023\/09\/15\/ubi-aposta-na-integracao-dosestudantes-e-no-sucesso-academico\/#primaryimage"},"thumbnailUrl":"http:\/\/maismagazine.pt\/wp-content\/uploads\/2023\/09\/UBI2.jpg","keywords":["ensino superior","Universidade da Beira Interior"],"articleSection":["Educa\u00e7\u00e3o"],"inLanguage":"pt-PT"},{"@type":"WebPage","@id":"http:\/\/maismagazine.pt\/index.php\/2023\/09\/15\/ubi-aposta-na-integracao-dosestudantes-e-no-sucesso-academico\/","url":"http:\/\/maismagazine.pt\/index.php\/2023\/09\/15\/ubi-aposta-na-integracao-dosestudantes-e-no-sucesso-academico\/","name":"UBI aposta na integra\u00e7\u00e3o dos estudantes e no sucesso acad\u00e9mico - Mais Magazine","isPartOf":{"@id":"http:\/\/maismagazine.pt\/#website"},"primaryImageOfPage":{"@id":"http:\/\/maismagazine.pt\/index.php\/2023\/09\/15\/ubi-aposta-na-integracao-dosestudantes-e-no-sucesso-academico\/#primaryimage"},"image":{"@id":"http:\/\/maismagazine.pt\/index.php\/2023\/09\/15\/ubi-aposta-na-integracao-dosestudantes-e-no-sucesso-academico\/#primaryimage"},"thumbnailUrl":"http:\/\/maismagazine.pt\/wp-content\/uploads\/2023\/09\/UBI2.jpg","datePublished":"2023-09-15T06:00:00+00:00","dateModified":"2023-09-18T16:14:56+00:00","breadcrumb":{"@id":"http:\/\/maismagazine.pt\/index.php\/2023\/09\/15\/ubi-aposta-na-integracao-dosestudantes-e-no-sucesso-academico\/#breadcrumb"},"inLanguage":"pt-PT","potentialAction":[{"@type":"ReadAction","target":["http:\/\/maismagazine.pt\/index.php\/2023\/09\/15\/ubi-aposta-na-integracao-dosestudantes-e-no-sucesso-academico\/"]}]},{"@type":"ImageObject","inLanguage":"pt-PT","@id":"http:\/\/maismagazine.pt\/index.php\/2023\/09\/15\/ubi-aposta-na-integracao-dosestudantes-e-no-sucesso-academico\/#primaryimage","url":"http:\/\/maismagazine.pt\/wp-content\/uploads\/2023\/09\/UBI2.jpg","contentUrl":"http:\/\/maismagazine.pt\/wp-content\/uploads\/2023\/09\/UBI2.jpg","width":750,"height":422,"caption":"default"},{"@type":"BreadcrumbList","@id":"http:\/\/maismagazine.pt\/index.php\/2023\/09\/15\/ubi-aposta-na-integracao-dosestudantes-e-no-sucesso-academico\/#breadcrumb","itemListElement":[{"@type":"ListItem","position":1,"name":"Home","item":"http:\/\/maismagazine.pt\/"},{"@type":"ListItem","position":2,"name":"UBI aposta na integra\u00e7\u00e3o dos estudantes e no sucesso acad\u00e9mico"}]},{"@type":"WebSite","@id":"http:\/\/maismagazine.pt\/#website","url":"http:\/\/maismagazine.pt\/","name":"Mais Magazine","description":"","publisher":{"@id":"http:\/\/maismagazine.pt\/#organization"},"potentialAction":[{"@type":"SearchAction","target":{"@type":"EntryPoint","urlTemplate":"http:\/\/maismagazine.pt\/?s={search_term_string}"},"query-input":{"@type":"PropertyValueSpecification","valueRequired":true,"valueName":"search_term_string"}}],"inLanguage":"pt-PT"},{"@type":"Organization","@id":"http:\/\/maismagazine.pt\/#organization","name":"Mais Magazine","url":"http:\/\/maismagazine.pt\/","logo":{"@type":"ImageObject","inLanguage":"pt-PT","@id":"http:\/\/maismagazine.pt\/#\/schema\/logo\/image\/","url":"http:\/\/maismagazine.pt\/wp-content\/uploads\/2020\/04\/cropped-cropped-mais-magazine-site-logo-2.png","contentUrl":"http:\/\/maismagazine.pt\/wp-content\/uploads\/2020\/04\/cropped-cropped-mais-magazine-site-logo-2.png","width":581,"height":90,"caption":"Mais Magazine"},"image":{"@id":"http:\/\/maismagazine.pt\/#\/schema\/logo\/image\/"}},{"@type":"Person","@id":"http:\/\/maismagazine.pt\/#\/schema\/person\/7426e2caeb8df32a1b56aa48dae778c9","name":"Tatiana Martins","image":{"@type":"ImageObject","inLanguage":"pt-PT","@id":"http:\/\/maismagazine.pt\/#\/schema\/person\/image\/","url":"https:\/\/secure.gravatar.com\/avatar\/4b24a57f5d0425f2eb20981c4b53244e?s=96&d=mm&r=g","contentUrl":"https:\/\/secure.gravatar.com\/avatar\/4b24a57f5d0425f2eb20981c4b53244e?s=96&d=mm&r=g","caption":"Tatiana Martins"},"url":"http:\/\/maismagazine.pt\/index.php\/author\/tatiana\/"}]}},"author_meta":{"display_name":false,"author_link":"http:\/\/maismagazine.pt\/index.php\/author\/tatiana\/"},"featured_img":"http:\/\/maismagazine.pt\/wp-content\/uploads\/2023\/09\/UBI2-300x169.jpg","coauthors":[],"tax_additional":{"categories":{"linked":["<a href=\"http:\/\/maismagazine.pt\/index.php\/category\/educacao\/\" class=\"advgb-post-tax-term\">Educa\u00e7\u00e3o<\/a>"],"unlinked":["<span class=\"advgb-post-tax-term\">Educa\u00e7\u00e3o<\/span>"]},"tags":{"linked":["<a href=\"http:\/\/maismagazine.pt\/index.php\/category\/educacao\/\" class=\"advgb-post-tax-term\">ensino superior<\/a>","<a href=\"http:\/\/maismagazine.pt\/index.php\/category\/educacao\/\" class=\"advgb-post-tax-term\">Universidade da Beira Interior<\/a>"],"unlinked":["<span class=\"advgb-post-tax-term\">ensino superior<\/span>","<span class=\"advgb-post-tax-term\">Universidade da Beira Interior<\/span>"]}},"comment_count":"0","relative_dates":{"created":"Posted 3 anos ago","modified":"Updated 3 anos ago"},"absolute_dates":{"created":"Posted on 15 de Setembro, 2023","modified":"Updated on 18 de Setembro, 2023"},"absolute_dates_time":{"created":"Posted on 15 de Setembro, 2023 7:00","modified":"Updated on 18 de Setembro, 2023 17:14"},"featured_img_caption":"default","series_order":"","_links":{"self":[{"href":"http:\/\/maismagazine.pt\/index.php\/wp-json\/wp\/v2\/posts\/7754","targetHints":{"allow":["GET"]}}],"collection":[{"href":"http:\/\/maismagazine.pt\/index.php\/wp-json\/wp\/v2\/posts"}],"about":[{"href":"http:\/\/maismagazine.pt\/index.php\/wp-json\/wp\/v2\/types\/post"}],"author":[{"embeddable":true,"href":"http:\/\/maismagazine.pt\/index.php\/wp-json\/wp\/v2\/users\/18"}],"replies":[{"embeddable":true,"href":"http:\/\/maismagazine.pt\/index.php\/wp-json\/wp\/v2\/comments?post=7754"}],"version-history":[{"count":2,"href":"http:\/\/maismagazine.pt\/index.php\/wp-json\/wp\/v2\/posts\/7754\/revisions"}],"predecessor-version":[{"id":7910,"href":"http:\/\/maismagazine.pt\/index.php\/wp-json\/wp\/v2\/posts\/7754\/revisions\/7910"}],"wp:featuredmedia":[{"embeddable":true,"href":"http:\/\/maismagazine.pt\/index.php\/wp-json\/wp\/v2\/media\/7761"}],"wp:attachment":[{"href":"http:\/\/maismagazine.pt\/index.php\/wp-json\/wp\/v2\/media?parent=7754"}],"wp:term":[{"taxonomy":"category","embeddable":true,"href":"http:\/\/maismagazine.pt\/index.php\/wp-json\/wp\/v2\/categories?post=7754"},{"taxonomy":"post_tag","embeddable":true,"href":"http:\/\/maismagazine.pt\/index.php\/wp-json\/wp\/v2\/tags?post=7754"}],"curies":[{"name":"wp","href":"https:\/\/api.w.org\/{rel}","templated":true}]}}