{"id":7739,"date":"2023-09-15T07:00:00","date_gmt":"2023-09-15T06:00:00","guid":{"rendered":"https:\/\/maismagazine.pt\/?p=7739"},"modified":"2023-09-27T17:10:00","modified_gmt":"2023-09-27T16:10:00","slug":"universidade-aberta-uma-referencia-no-dominio-do-elearning-e-da-aprendizagem-online","status":"publish","type":"post","link":"http:\/\/maismagazine.pt\/index.php\/2023\/09\/15\/universidade-aberta-uma-referencia-no-dominio-do-elearning-e-da-aprendizagem-online\/","title":{"rendered":"UNIVERSIDADE ABERTA: Uma refer\u00eancia no dom\u00ednio do elearning e da aprendizagem online"},"content":{"rendered":"\n<p><strong>Em conversa, Carla Padrel de Oliveira, Reitora da <a href=\"http:\/\/uab.pt\">Universidade Aberta<\/a>, revela a sua vis\u00e3o para o futuro desta institui\u00e7\u00e3o, cujo m\u00e9todo de ensino utilizado tem sido um verdadeiro sucesso, sobretudo, entre a popula\u00e7\u00e3o adulta.<\/strong><\/p>\n\n\n<div class=\"wp-block-image\">\n<figure class=\"aligncenter size-large is-resized\"><img loading=\"lazy\" decoding=\"async\" src=\"https:\/\/maismagazine.pt\/wp-content\/uploads\/2023\/09\/MG_0601-copy_web_usm-1-1024x766.jpg\" alt=\"\" class=\"wp-image-7747\" width=\"278\" height=\"208\" srcset=\"http:\/\/maismagazine.pt\/wp-content\/uploads\/2023\/09\/MG_0601-copy_web_usm-1-1024x766.jpg 1024w, http:\/\/maismagazine.pt\/wp-content\/uploads\/2023\/09\/MG_0601-copy_web_usm-1-300x224.jpg 300w, http:\/\/maismagazine.pt\/wp-content\/uploads\/2023\/09\/MG_0601-copy_web_usm-1-768x574.jpg 768w, http:\/\/maismagazine.pt\/wp-content\/uploads\/2023\/09\/MG_0601-copy_web_usm-1.jpg 1500w\" sizes=\"auto, (max-width: 278px) 100vw, 278px\" \/><\/figure><\/div>\n\n\n<p><strong>Fundada em 1988, a Universidade Aberta (UAb) \u00e9 a \u00fanica institui\u00e7\u00e3o de ensino superior p\u00fablico a dist\u00e2n-cia em Portugal. Considera que esta \u00e9 uma das caracter\u00edsticas que fazem desta institui\u00e7\u00e3o uma refer\u00eancia a n\u00edvel nacional?<\/strong><\/p>\n\n\n\n<p>A Universidade Aberta foi e continua a ser a \u00fanica universidade p\u00fablica portuguesa de ensino a dist\u00e2ncia. A sua afirma\u00e7\u00e3o como universidade digital e institui\u00e7\u00e3o europeia de refer\u00eancia, no dom\u00ednio avan\u00e7ado do elearning e da aprendizagem online, resulta do reconhecimento do seu Modelo Pedag\u00f3gico Virtual. Este modelo, essencialmente ass\u00edncrono, aposta na flexibilidade de ofertas formativas de qualidade, formais e n\u00e3o formais, permitindo formar, capacitar e abrir as portas do conhecimento a popula\u00e7\u00f5es adultas geograficamente dispersas, sem constrangimentos de espa\u00e7o e de tempo. Hoje, como depois da crise pand\u00e9mica, continua a ser a \u00fanica universidade portuguesa totalmente preparada para enfrentar os desafios do ensino, da aprendizagem e da avalia\u00e7\u00e3o online. A UAb tornou&#8211;se a primeira universidade nacional a ser distinguida por boas pr\u00e1ticas nas \u00e1reas da inova\u00e7\u00e3o e da sustentabilidade no ensino superior. Com uma popula\u00e7\u00e3o estudantil cuja m\u00e9dia de idades se situa nos 40 anos, formou mais de 40.000 estudantes da chamada popula\u00e7\u00e3o adulta. Definiu, tamb\u00e9m, um espa\u00e7o pr\u00f3prio na forma\u00e7\u00e3o ao Longo da Vida, apostando no desenvolvimento de compet\u00eancias de estudantes fora da idade de refer\u00eancia. S\u00e3o estas as principais caracter\u00edsticas que fazem da UAb uma universidade de refer\u00eancia no dom\u00ednio do elearning e da aprendizagem online. <\/p>\n\n\n\n<p><\/p>\n\n\n\n<p><strong>No que concerne \u00e0 oferta pedag\u00f3gica, que cursos disponibilizam aos vossos alunos?<\/strong><\/p>\n\n\n\n<p>Para responder aos novos desafios de sociedades cada vez mais din\u00e2micas, a oferta pedag\u00f3gica da UAb inclui 11 cursos de licenciatura, 21 mestrados e 11 doutoramentos, em diferentes \u00e1reas cient\u00edficas bem como, forma\u00e7\u00f5es n\u00e3o conferentes de grau. No \u00e2mbito do Programa Impulso Adultos 2025, financiado pelo PRR, est\u00e3o em oferta microcredenciais nas \u00e1reas de: Aprendizagem a Dist\u00e2ncia e Digital, Transi\u00e7\u00e3o e Transforma\u00e7\u00e3o Digital, Objetivos de Desenvolvimento Sustent\u00e1vel e L\u00ednguas e Comunica\u00e7\u00e3o, desenvolvidas em colabora\u00e7\u00e3o com empresas e associa\u00e7\u00f5es profissionais, promovendo o upskilling ou reskilling em contexto laboral.<\/p>\n\n\n\n<p><\/p>\n\n\n\n<p><strong>Em termos futuros, o que podemos esperar desta institui\u00e7\u00e3o? Pretendem refor\u00e7ar a vossa aposta na inova\u00e7\u00e3o?<\/strong><\/p>\n\n\n\n<p>A Universidade Aberta, referente nacional do ensino a dist\u00e2ncia, \u00e9 pioneira na transforma\u00e7\u00e3o digital e digitaliza\u00e7\u00e3o dos processos de suporte e respetivas \u00e1reas de miss\u00e3o. Sendo uma porta aberta para p\u00fablicos n\u00e3o tradicionais com enfoque na aprendizagem ao logo da vida, a procura de novos caminhos pedag\u00f3gicos \u00e9 um des\u00edgnio e um dever. Na Universidade Aberta a inova\u00e7\u00e3o ultrapassa o digital, assumindo-se como um eixo fundamental e transversal a todas as atividades.<\/p>\n\n\n\n<p><\/p>\n\n\n\n<p>Somos uma Universidade que procura inovar nas ofertas formativas, nos caminhos pedag\u00f3gicos, nos processos e procedimentos e tamb\u00e9m na forma como investigamos e transferimos o conhecimento.<\/p>\n\n\n<div class=\"wp-block-image\">\n<figure class=\"aligncenter size-full is-resized\"><img loading=\"lazy\" decoding=\"async\" src=\"https:\/\/maismagazine.pt\/wp-content\/uploads\/2023\/09\/IG_AssinaturaEletronica_sobre_fundo_branco.jpg\" alt=\"\" class=\"wp-image-7748\" width=\"309\" height=\"84\" srcset=\"http:\/\/maismagazine.pt\/wp-content\/uploads\/2023\/09\/IG_AssinaturaEletronica_sobre_fundo_branco.jpg 544w, http:\/\/maismagazine.pt\/wp-content\/uploads\/2023\/09\/IG_AssinaturaEletronica_sobre_fundo_branco-300x82.jpg 300w\" sizes=\"auto, (max-width: 309px) 100vw, 309px\" \/><\/figure><\/div>","protected":false},"excerpt":{"rendered":"<p>Em conversa, Carla Padrel de Oliveira, Reitora da Universidade Aberta, revela a sua vis\u00e3o para o futuro desta institui\u00e7\u00e3o, cujo m\u00e9todo de ensino utilizado tem sido um verdadeiro sucesso, sobretudo, entre a popula\u00e7\u00e3o adulta. Fundada em 1988, a Universidade Aberta (UAb) \u00e9 a \u00fanica institui\u00e7\u00e3o de ensino superior p\u00fablico a&hellip;<\/p>\n","protected":false},"author":18,"featured_media":7746,"comment_status":"closed","ping_status":"open","sticky":false,"template":"","format":"standard","meta":{"advgb_blocks_editor_width":"","advgb_blocks_columns_visual_guide":"","_monsterinsights_skip_tracking":false,"_monsterinsights_sitenote_active":false,"_monsterinsights_sitenote_note":"","_monsterinsights_sitenote_category":0,"footnotes":""},"categories":[149],"tags":[1669,616,1668],"class_list":["post-7739","post","type-post","status-publish","format-standard","has-post-thumbnail","hentry","category-educacao","tag-elearning","tag-ensino-superior","tag-universidade-aberta"],"yoast_head":"<!-- This site is optimized with the Yoast SEO plugin v24.4 - https:\/\/yoast.com\/wordpress\/plugins\/seo\/ -->\n<title>UNIVERSIDADE ABERTA: Uma refer\u00eancia no dom\u00ednio do elearning e da aprendizagem online - Mais Magazine<\/title>\n<meta name=\"robots\" content=\"index, follow, max-snippet:-1, max-image-preview:large, max-video-preview:-1\" \/>\n<link rel=\"canonical\" href=\"http:\/\/maismagazine.pt\/index.php\/2023\/09\/15\/universidade-aberta-uma-referencia-no-dominio-do-elearning-e-da-aprendizagem-online\/\" \/>\n<meta property=\"og:locale\" content=\"pt_PT\" \/>\n<meta property=\"og:type\" content=\"article\" \/>\n<meta property=\"og:title\" content=\"UNIVERSIDADE ABERTA: Uma refer\u00eancia no dom\u00ednio do elearning e da aprendizagem online - Mais Magazine\" \/>\n<meta property=\"og:description\" content=\"Em conversa, Carla Padrel de Oliveira, Reitora da Universidade Aberta, revela a sua vis\u00e3o para o futuro desta institui\u00e7\u00e3o, cujo m\u00e9todo de ensino utilizado tem sido um verdadeiro sucesso, sobretudo, entre a popula\u00e7\u00e3o adulta. Fundada em 1988, a Universidade Aberta (UAb) \u00e9 a \u00fanica institui\u00e7\u00e3o de ensino superior p\u00fablico a&hellip;\" \/>\n<meta property=\"og:url\" content=\"http:\/\/maismagazine.pt\/index.php\/2023\/09\/15\/universidade-aberta-uma-referencia-no-dominio-do-elearning-e-da-aprendizagem-online\/\" \/>\n<meta property=\"og:site_name\" content=\"Mais Magazine\" \/>\n<meta property=\"article:published_time\" content=\"2023-09-15T06:00:00+00:00\" \/>\n<meta property=\"article:modified_time\" content=\"2023-09-27T16:10:00+00:00\" \/>\n<meta property=\"og:image\" content=\"http:\/\/maismagazine.pt\/wp-content\/uploads\/2023\/09\/DSCF0160-1-scaled.jpg\" \/>\n\t<meta property=\"og:image:width\" content=\"2560\" \/>\n\t<meta property=\"og:image:height\" content=\"1707\" \/>\n\t<meta property=\"og:image:type\" content=\"image\/jpeg\" \/>\n<meta name=\"author\" content=\"Tatiana Martins\" \/>\n<meta name=\"twitter:card\" content=\"summary_large_image\" \/>\n<meta name=\"twitter:label1\" content=\"Escrito por\" \/>\n\t<meta name=\"twitter:data1\" content=\"\" \/>\n\t<meta name=\"twitter:label2\" content=\"Tempo estimado de leitura\" \/>\n\t<meta name=\"twitter:data2\" content=\"3 minutos\" \/>\n<script type=\"application\/ld+json\" class=\"yoast-schema-graph\">{\"@context\":\"https:\/\/schema.org\",\"@graph\":[{\"@type\":\"Article\",\"@id\":\"http:\/\/maismagazine.pt\/index.php\/2023\/09\/15\/universidade-aberta-uma-referencia-no-dominio-do-elearning-e-da-aprendizagem-online\/#article\",\"isPartOf\":{\"@id\":\"http:\/\/maismagazine.pt\/index.php\/2023\/09\/15\/universidade-aberta-uma-referencia-no-dominio-do-elearning-e-da-aprendizagem-online\/\"},\"author\":{\"name\":\"Tatiana Martins\",\"@id\":\"http:\/\/maismagazine.pt\/#\/schema\/person\/7426e2caeb8df32a1b56aa48dae778c9\"},\"headline\":\"UNIVERSIDADE ABERTA: Uma refer\u00eancia no dom\u00ednio do elearning e da aprendizagem online\",\"datePublished\":\"2023-09-15T06:00:00+00:00\",\"dateModified\":\"2023-09-27T16:10:00+00:00\",\"mainEntityOfPage\":{\"@id\":\"http:\/\/maismagazine.pt\/index.php\/2023\/09\/15\/universidade-aberta-uma-referencia-no-dominio-do-elearning-e-da-aprendizagem-online\/\"},\"wordCount\":551,\"publisher\":{\"@id\":\"http:\/\/maismagazine.pt\/#organization\"},\"image\":{\"@id\":\"http:\/\/maismagazine.pt\/index.php\/2023\/09\/15\/universidade-aberta-uma-referencia-no-dominio-do-elearning-e-da-aprendizagem-online\/#primaryimage\"},\"thumbnailUrl\":\"http:\/\/maismagazine.pt\/wp-content\/uploads\/2023\/09\/DSCF0160-1-scaled.jpg\",\"keywords\":[\"Elearning\",\"ensino superior\",\"Universidade Aberta\"],\"articleSection\":[\"Educa\u00e7\u00e3o\"],\"inLanguage\":\"pt-PT\"},{\"@type\":\"WebPage\",\"@id\":\"http:\/\/maismagazine.pt\/index.php\/2023\/09\/15\/universidade-aberta-uma-referencia-no-dominio-do-elearning-e-da-aprendizagem-online\/\",\"url\":\"http:\/\/maismagazine.pt\/index.php\/2023\/09\/15\/universidade-aberta-uma-referencia-no-dominio-do-elearning-e-da-aprendizagem-online\/\",\"name\":\"UNIVERSIDADE ABERTA: Uma refer\u00eancia no dom\u00ednio do elearning e da aprendizagem online - Mais Magazine\",\"isPartOf\":{\"@id\":\"http:\/\/maismagazine.pt\/#website\"},\"primaryImageOfPage\":{\"@id\":\"http:\/\/maismagazine.pt\/index.php\/2023\/09\/15\/universidade-aberta-uma-referencia-no-dominio-do-elearning-e-da-aprendizagem-online\/#primaryimage\"},\"image\":{\"@id\":\"http:\/\/maismagazine.pt\/index.php\/2023\/09\/15\/universidade-aberta-uma-referencia-no-dominio-do-elearning-e-da-aprendizagem-online\/#primaryimage\"},\"thumbnailUrl\":\"http:\/\/maismagazine.pt\/wp-content\/uploads\/2023\/09\/DSCF0160-1-scaled.jpg\",\"datePublished\":\"2023-09-15T06:00:00+00:00\",\"dateModified\":\"2023-09-27T16:10:00+00:00\",\"breadcrumb\":{\"@id\":\"http:\/\/maismagazine.pt\/index.php\/2023\/09\/15\/universidade-aberta-uma-referencia-no-dominio-do-elearning-e-da-aprendizagem-online\/#breadcrumb\"},\"inLanguage\":\"pt-PT\",\"potentialAction\":[{\"@type\":\"ReadAction\",\"target\":[\"http:\/\/maismagazine.pt\/index.php\/2023\/09\/15\/universidade-aberta-uma-referencia-no-dominio-do-elearning-e-da-aprendizagem-online\/\"]}]},{\"@type\":\"ImageObject\",\"inLanguage\":\"pt-PT\",\"@id\":\"http:\/\/maismagazine.pt\/index.php\/2023\/09\/15\/universidade-aberta-uma-referencia-no-dominio-do-elearning-e-da-aprendizagem-online\/#primaryimage\",\"url\":\"http:\/\/maismagazine.pt\/wp-content\/uploads\/2023\/09\/DSCF0160-1-scaled.jpg\",\"contentUrl\":\"http:\/\/maismagazine.pt\/wp-content\/uploads\/2023\/09\/DSCF0160-1-scaled.jpg\",\"width\":2560,\"height\":1707,\"caption\":\"Carla Padrel de Oliveira, Reitora da Universidade Aberta\"},{\"@type\":\"BreadcrumbList\",\"@id\":\"http:\/\/maismagazine.pt\/index.php\/2023\/09\/15\/universidade-aberta-uma-referencia-no-dominio-do-elearning-e-da-aprendizagem-online\/#breadcrumb\",\"itemListElement\":[{\"@type\":\"ListItem\",\"position\":1,\"name\":\"Home\",\"item\":\"http:\/\/maismagazine.pt\/\"},{\"@type\":\"ListItem\",\"position\":2,\"name\":\"UNIVERSIDADE ABERTA: Uma refer\u00eancia no dom\u00ednio do elearning e da aprendizagem online\"}]},{\"@type\":\"WebSite\",\"@id\":\"http:\/\/maismagazine.pt\/#website\",\"url\":\"http:\/\/maismagazine.pt\/\",\"name\":\"Mais Magazine\",\"description\":\"\",\"publisher\":{\"@id\":\"http:\/\/maismagazine.pt\/#organization\"},\"potentialAction\":[{\"@type\":\"SearchAction\",\"target\":{\"@type\":\"EntryPoint\",\"urlTemplate\":\"http:\/\/maismagazine.pt\/?s={search_term_string}\"},\"query-input\":{\"@type\":\"PropertyValueSpecification\",\"valueRequired\":true,\"valueName\":\"search_term_string\"}}],\"inLanguage\":\"pt-PT\"},{\"@type\":\"Organization\",\"@id\":\"http:\/\/maismagazine.pt\/#organization\",\"name\":\"Mais Magazine\",\"url\":\"http:\/\/maismagazine.pt\/\",\"logo\":{\"@type\":\"ImageObject\",\"inLanguage\":\"pt-PT\",\"@id\":\"http:\/\/maismagazine.pt\/#\/schema\/logo\/image\/\",\"url\":\"http:\/\/maismagazine.pt\/wp-content\/uploads\/2020\/04\/cropped-cropped-mais-magazine-site-logo-2.png\",\"contentUrl\":\"http:\/\/maismagazine.pt\/wp-content\/uploads\/2020\/04\/cropped-cropped-mais-magazine-site-logo-2.png\",\"width\":581,\"height\":90,\"caption\":\"Mais Magazine\"},\"image\":{\"@id\":\"http:\/\/maismagazine.pt\/#\/schema\/logo\/image\/\"}},{\"@type\":\"Person\",\"@id\":\"http:\/\/maismagazine.pt\/#\/schema\/person\/7426e2caeb8df32a1b56aa48dae778c9\",\"name\":\"Tatiana Martins\",\"image\":{\"@type\":\"ImageObject\",\"inLanguage\":\"pt-PT\",\"@id\":\"http:\/\/maismagazine.pt\/#\/schema\/person\/image\/\",\"url\":\"https:\/\/secure.gravatar.com\/avatar\/4b24a57f5d0425f2eb20981c4b53244e?s=96&d=mm&r=g\",\"contentUrl\":\"https:\/\/secure.gravatar.com\/avatar\/4b24a57f5d0425f2eb20981c4b53244e?s=96&d=mm&r=g\",\"caption\":\"Tatiana Martins\"},\"url\":\"http:\/\/maismagazine.pt\/index.php\/author\/tatiana\/\"}]}<\/script>\n<!-- \/ Yoast SEO plugin. -->","yoast_head_json":{"title":"UNIVERSIDADE ABERTA: Uma refer\u00eancia no dom\u00ednio do elearning e da aprendizagem online - Mais Magazine","robots":{"index":"index","follow":"follow","max-snippet":"max-snippet:-1","max-image-preview":"max-image-preview:large","max-video-preview":"max-video-preview:-1"},"canonical":"http:\/\/maismagazine.pt\/index.php\/2023\/09\/15\/universidade-aberta-uma-referencia-no-dominio-do-elearning-e-da-aprendizagem-online\/","og_locale":"pt_PT","og_type":"article","og_title":"UNIVERSIDADE ABERTA: Uma refer\u00eancia no dom\u00ednio do elearning e da aprendizagem online - Mais Magazine","og_description":"Em conversa, Carla Padrel de Oliveira, Reitora da Universidade Aberta, revela a sua vis\u00e3o para o futuro desta institui\u00e7\u00e3o, cujo m\u00e9todo de ensino utilizado tem sido um verdadeiro sucesso, sobretudo, entre a popula\u00e7\u00e3o adulta. Fundada em 1988, a Universidade Aberta (UAb) \u00e9 a \u00fanica institui\u00e7\u00e3o de ensino superior p\u00fablico a&hellip;","og_url":"http:\/\/maismagazine.pt\/index.php\/2023\/09\/15\/universidade-aberta-uma-referencia-no-dominio-do-elearning-e-da-aprendizagem-online\/","og_site_name":"Mais Magazine","article_published_time":"2023-09-15T06:00:00+00:00","article_modified_time":"2023-09-27T16:10:00+00:00","og_image":[{"width":2560,"height":1707,"url":"http:\/\/maismagazine.pt\/wp-content\/uploads\/2023\/09\/DSCF0160-1-scaled.jpg","type":"image\/jpeg"}],"author":"Tatiana Martins","twitter_card":"summary_large_image","twitter_misc":{"Escrito por":false,"Tempo estimado de leitura":"3 minutos"},"schema":{"@context":"https:\/\/schema.org","@graph":[{"@type":"Article","@id":"http:\/\/maismagazine.pt\/index.php\/2023\/09\/15\/universidade-aberta-uma-referencia-no-dominio-do-elearning-e-da-aprendizagem-online\/#article","isPartOf":{"@id":"http:\/\/maismagazine.pt\/index.php\/2023\/09\/15\/universidade-aberta-uma-referencia-no-dominio-do-elearning-e-da-aprendizagem-online\/"},"author":{"name":"Tatiana Martins","@id":"http:\/\/maismagazine.pt\/#\/schema\/person\/7426e2caeb8df32a1b56aa48dae778c9"},"headline":"UNIVERSIDADE ABERTA: Uma refer\u00eancia no dom\u00ednio do elearning e da aprendizagem online","datePublished":"2023-09-15T06:00:00+00:00","dateModified":"2023-09-27T16:10:00+00:00","mainEntityOfPage":{"@id":"http:\/\/maismagazine.pt\/index.php\/2023\/09\/15\/universidade-aberta-uma-referencia-no-dominio-do-elearning-e-da-aprendizagem-online\/"},"wordCount":551,"publisher":{"@id":"http:\/\/maismagazine.pt\/#organization"},"image":{"@id":"http:\/\/maismagazine.pt\/index.php\/2023\/09\/15\/universidade-aberta-uma-referencia-no-dominio-do-elearning-e-da-aprendizagem-online\/#primaryimage"},"thumbnailUrl":"http:\/\/maismagazine.pt\/wp-content\/uploads\/2023\/09\/DSCF0160-1-scaled.jpg","keywords":["Elearning","ensino superior","Universidade Aberta"],"articleSection":["Educa\u00e7\u00e3o"],"inLanguage":"pt-PT"},{"@type":"WebPage","@id":"http:\/\/maismagazine.pt\/index.php\/2023\/09\/15\/universidade-aberta-uma-referencia-no-dominio-do-elearning-e-da-aprendizagem-online\/","url":"http:\/\/maismagazine.pt\/index.php\/2023\/09\/15\/universidade-aberta-uma-referencia-no-dominio-do-elearning-e-da-aprendizagem-online\/","name":"UNIVERSIDADE ABERTA: Uma refer\u00eancia no dom\u00ednio do elearning e da aprendizagem online - Mais Magazine","isPartOf":{"@id":"http:\/\/maismagazine.pt\/#website"},"primaryImageOfPage":{"@id":"http:\/\/maismagazine.pt\/index.php\/2023\/09\/15\/universidade-aberta-uma-referencia-no-dominio-do-elearning-e-da-aprendizagem-online\/#primaryimage"},"image":{"@id":"http:\/\/maismagazine.pt\/index.php\/2023\/09\/15\/universidade-aberta-uma-referencia-no-dominio-do-elearning-e-da-aprendizagem-online\/#primaryimage"},"thumbnailUrl":"http:\/\/maismagazine.pt\/wp-content\/uploads\/2023\/09\/DSCF0160-1-scaled.jpg","datePublished":"2023-09-15T06:00:00+00:00","dateModified":"2023-09-27T16:10:00+00:00","breadcrumb":{"@id":"http:\/\/maismagazine.pt\/index.php\/2023\/09\/15\/universidade-aberta-uma-referencia-no-dominio-do-elearning-e-da-aprendizagem-online\/#breadcrumb"},"inLanguage":"pt-PT","potentialAction":[{"@type":"ReadAction","target":["http:\/\/maismagazine.pt\/index.php\/2023\/09\/15\/universidade-aberta-uma-referencia-no-dominio-do-elearning-e-da-aprendizagem-online\/"]}]},{"@type":"ImageObject","inLanguage":"pt-PT","@id":"http:\/\/maismagazine.pt\/index.php\/2023\/09\/15\/universidade-aberta-uma-referencia-no-dominio-do-elearning-e-da-aprendizagem-online\/#primaryimage","url":"http:\/\/maismagazine.pt\/wp-content\/uploads\/2023\/09\/DSCF0160-1-scaled.jpg","contentUrl":"http:\/\/maismagazine.pt\/wp-content\/uploads\/2023\/09\/DSCF0160-1-scaled.jpg","width":2560,"height":1707,"caption":"Carla Padrel de Oliveira, Reitora da Universidade Aberta"},{"@type":"BreadcrumbList","@id":"http:\/\/maismagazine.pt\/index.php\/2023\/09\/15\/universidade-aberta-uma-referencia-no-dominio-do-elearning-e-da-aprendizagem-online\/#breadcrumb","itemListElement":[{"@type":"ListItem","position":1,"name":"Home","item":"http:\/\/maismagazine.pt\/"},{"@type":"ListItem","position":2,"name":"UNIVERSIDADE ABERTA: Uma refer\u00eancia no dom\u00ednio do elearning e da aprendizagem online"}]},{"@type":"WebSite","@id":"http:\/\/maismagazine.pt\/#website","url":"http:\/\/maismagazine.pt\/","name":"Mais Magazine","description":"","publisher":{"@id":"http:\/\/maismagazine.pt\/#organization"},"potentialAction":[{"@type":"SearchAction","target":{"@type":"EntryPoint","urlTemplate":"http:\/\/maismagazine.pt\/?s={search_term_string}"},"query-input":{"@type":"PropertyValueSpecification","valueRequired":true,"valueName":"search_term_string"}}],"inLanguage":"pt-PT"},{"@type":"Organization","@id":"http:\/\/maismagazine.pt\/#organization","name":"Mais Magazine","url":"http:\/\/maismagazine.pt\/","logo":{"@type":"ImageObject","inLanguage":"pt-PT","@id":"http:\/\/maismagazine.pt\/#\/schema\/logo\/image\/","url":"http:\/\/maismagazine.pt\/wp-content\/uploads\/2020\/04\/cropped-cropped-mais-magazine-site-logo-2.png","contentUrl":"http:\/\/maismagazine.pt\/wp-content\/uploads\/2020\/04\/cropped-cropped-mais-magazine-site-logo-2.png","width":581,"height":90,"caption":"Mais Magazine"},"image":{"@id":"http:\/\/maismagazine.pt\/#\/schema\/logo\/image\/"}},{"@type":"Person","@id":"http:\/\/maismagazine.pt\/#\/schema\/person\/7426e2caeb8df32a1b56aa48dae778c9","name":"Tatiana Martins","image":{"@type":"ImageObject","inLanguage":"pt-PT","@id":"http:\/\/maismagazine.pt\/#\/schema\/person\/image\/","url":"https:\/\/secure.gravatar.com\/avatar\/4b24a57f5d0425f2eb20981c4b53244e?s=96&d=mm&r=g","contentUrl":"https:\/\/secure.gravatar.com\/avatar\/4b24a57f5d0425f2eb20981c4b53244e?s=96&d=mm&r=g","caption":"Tatiana Martins"},"url":"http:\/\/maismagazine.pt\/index.php\/author\/tatiana\/"}]}},"author_meta":{"display_name":false,"author_link":"http:\/\/maismagazine.pt\/index.php\/author\/tatiana\/"},"featured_img":"http:\/\/maismagazine.pt\/wp-content\/uploads\/2023\/09\/DSCF0160-1-300x200.jpg","coauthors":[],"tax_additional":{"categories":{"linked":["<a href=\"http:\/\/maismagazine.pt\/index.php\/category\/educacao\/\" class=\"advgb-post-tax-term\">Educa\u00e7\u00e3o<\/a>"],"unlinked":["<span class=\"advgb-post-tax-term\">Educa\u00e7\u00e3o<\/span>"]},"tags":{"linked":["<a href=\"http:\/\/maismagazine.pt\/index.php\/category\/educacao\/\" class=\"advgb-post-tax-term\">Elearning<\/a>","<a href=\"http:\/\/maismagazine.pt\/index.php\/category\/educacao\/\" class=\"advgb-post-tax-term\">ensino superior<\/a>","<a href=\"http:\/\/maismagazine.pt\/index.php\/category\/educacao\/\" class=\"advgb-post-tax-term\">Universidade Aberta<\/a>"],"unlinked":["<span class=\"advgb-post-tax-term\">Elearning<\/span>","<span class=\"advgb-post-tax-term\">ensino superior<\/span>","<span class=\"advgb-post-tax-term\">Universidade Aberta<\/span>"]}},"comment_count":"0","relative_dates":{"created":"Posted 3 anos ago","modified":"Updated 3 anos ago"},"absolute_dates":{"created":"Posted on 15 de Setembro, 2023","modified":"Updated on 27 de Setembro, 2023"},"absolute_dates_time":{"created":"Posted on 15 de Setembro, 2023 7:00","modified":"Updated on 27 de Setembro, 2023 17:10"},"featured_img_caption":"Carla Padrel de Oliveira, Reitora da Universidade Aberta  ","series_order":"","_links":{"self":[{"href":"http:\/\/maismagazine.pt\/index.php\/wp-json\/wp\/v2\/posts\/7739","targetHints":{"allow":["GET"]}}],"collection":[{"href":"http:\/\/maismagazine.pt\/index.php\/wp-json\/wp\/v2\/posts"}],"about":[{"href":"http:\/\/maismagazine.pt\/index.php\/wp-json\/wp\/v2\/types\/post"}],"author":[{"embeddable":true,"href":"http:\/\/maismagazine.pt\/index.php\/wp-json\/wp\/v2\/users\/18"}],"replies":[{"embeddable":true,"href":"http:\/\/maismagazine.pt\/index.php\/wp-json\/wp\/v2\/comments?post=7739"}],"version-history":[{"count":2,"href":"http:\/\/maismagazine.pt\/index.php\/wp-json\/wp\/v2\/posts\/7739\/revisions"}],"predecessor-version":[{"id":7923,"href":"http:\/\/maismagazine.pt\/index.php\/wp-json\/wp\/v2\/posts\/7739\/revisions\/7923"}],"wp:featuredmedia":[{"embeddable":true,"href":"http:\/\/maismagazine.pt\/index.php\/wp-json\/wp\/v2\/media\/7746"}],"wp:attachment":[{"href":"http:\/\/maismagazine.pt\/index.php\/wp-json\/wp\/v2\/media?parent=7739"}],"wp:term":[{"taxonomy":"category","embeddable":true,"href":"http:\/\/maismagazine.pt\/index.php\/wp-json\/wp\/v2\/categories?post=7739"},{"taxonomy":"post_tag","embeddable":true,"href":"http:\/\/maismagazine.pt\/index.php\/wp-json\/wp\/v2\/tags?post=7739"}],"curies":[{"name":"wp","href":"https:\/\/api.w.org\/{rel}","templated":true}]}}