{"id":7641,"date":"2023-09-15T07:00:00","date_gmt":"2023-09-15T06:00:00","guid":{"rendered":"https:\/\/maismagazine.pt\/?p=7641"},"modified":"2023-09-11T10:21:15","modified_gmt":"2023-09-11T09:21:15","slug":"alentejo-e-turismo","status":"publish","type":"post","link":"http:\/\/maismagazine.pt\/index.php\/2023\/09\/15\/alentejo-e-turismo\/","title":{"rendered":"Alentejo e Turismo"},"content":{"rendered":"\n<p>S\u00e3o conhecidos e reconhecidos os elementos diferenciadores da Regi\u00e3o (materiais e imateriais) (o cante Alentejano; a arte chocalheira; os bonecos de Estremoz; o centro hist\u00f3rico de \u00c9vora; as fortifica\u00e7\u00f5es de Elvas; o DarkSky Alqueva; o Observat\u00f3rio do Turismo Sustent\u00e1vel do Alentejo, aprovado pela Organiza\u00e7\u00e3o Mundial de Turismo), entre outros. O portef\u00f3lio de ativos da Regi\u00e3o expressa bem a riqueza existente para combinat\u00f3rias de recursos, de cultura e patrim\u00f3nio, de tradi\u00e7\u00e3o e modernidade, passando pela excel\u00eancia ambiental, pela observa\u00e7\u00e3o astron\u00f3mica e frui\u00e7\u00e3o dos espelhos de \u00e1gua, pela gastronomia e pelas economias do vinho e do azeite, ligando a produ\u00e7\u00e3o \u00e0 prova, o turismo e o lazer. O trabalho desenvolvido pela Entidade Regional do Turismo do Alentejo e Ribatejo contribuiu para posicionar a Regi\u00e3o com um conjunto de produtos, servi\u00e7os e destinos, certificados e sustentados, que t\u00eam beneficiado de uma imagem de comunica\u00e7\u00e3o que incorpora a diversidade dos recursos tur\u00edsticos regionais, numa din\u00e2mica territorial que abrange a Lez\u00edria do Tejo. Como resultado do reconhecimento do potencial de atratividade que os recursos do Alentejo t\u00eam sobre o mercado tur\u00edstico, a regi\u00e3o regista din\u00e2mica positiva de investimento, com refor\u00e7o e qualifica\u00e7\u00e3o da oferta. Investimentos a que o Programa Regional Alentejo 2030 procurar\u00e1 dar resposta atrav\u00e9s de apoios financeiros dos Fundos Estruturais. De 2013 a 2022, as dormidas mais do que duplicaram, em 2022 superaram os valores antes da pandemia e o alojamento tur\u00edstico registou mais de 3 milh\u00f5es de dormidas (1,4 milh\u00f5es em 2013; 2,9 milh\u00f5es em 2019). As Linhas de Orienta\u00e7\u00e3o Estrat\u00e9gica do Turismo do Alentejo e Ribatejo para 2021-2027 antecipam \u201ca possibilidade de um salto qualitativo competitivo\u201d o qual exige \u201cmudan\u00e7as estruturais significativas na qualifica\u00e7\u00e3o e atratividade dos recursos, produtos e experi\u00eancias tur\u00edsticas\u201d e \u201cna compatibiliza\u00e7\u00e3o e equil\u00edbrio entre o desenvolvimento do turismo, o desenvolvimento dos territ\u00f3rios e das cidades e a melhoria da qualidade de vida da popula\u00e7\u00e3o\u201d. A aposta continuada no turismo tem contribu\u00eddo para valorizar o patrim\u00f3nio hist\u00f3rico e cultural, estimular a regenera\u00e7\u00e3o urbana, reanimar as \u00e1reas rurais, valorizar as \u00e1reas naturais, a produ\u00e7\u00e3o cultural e as ind\u00fastrias criativas e diversificar a economia do mar. Ao potenciar as caracter\u00edsticas \u00fanicas da regi\u00e3o (a autenticidade, a qualidade, o clima, a diversidade e a seguran\u00e7a&#8230;), o Alentejo passou a ser identificado como territ\u00f3rio de produtos de nicho, em que se destaca o touring cultural e paisag\u00edstico, complementado pelo turismo de natureza, o walking, o cycling, o birdwatching, o surfing, o turismo n\u00e1utico. Transversal e complementar a todos estes produtos est\u00e1 a gastronomia, os excelentes vinhos e a paisagem .E a articula\u00e7\u00e3o com outros setores, permitindo aproveitar as m\u00faltiplas raz\u00f5es para explorar o Alentejo e associar o turismo a novas e diferenciadas experi\u00eancias, relacionadas com a prepara\u00e7\u00e3o e degusta\u00e7\u00e3o dos produtos, a viv\u00eancia hist\u00f3rica do territ\u00f3rio, o aproveitamento dos espelhos de \u00e1gua, a observa\u00e7\u00e3o do c\u00e9u, entre outros. Nesta regi\u00e3o, naturalmente marcante, onde o tempo \u00e9 tudo e o vagar uma marca de exist\u00eancia, de saber ser e viver, estas atividades est\u00e3o cada vez mais dispersas e revestem a condi\u00e7\u00e3o de fator de atratividade, de sustentabilidade e de desenvolvimento socioecon\u00f3mico. <\/p>\n\n\n\n<p class=\"has-text-align-right\"><em>Ant\u00f3nio Ceia da Silva, <\/em><\/p>\n\n\n\n<p class=\"has-text-align-right\"><em>Presidente da CCDR \u2013 Alentejo e Ribatejo<\/em><\/p>\n\n\n<div class=\"wp-block-image\">\n<figure class=\"aligncenter size-full is-resized\"><img loading=\"lazy\" decoding=\"async\" src=\"https:\/\/maismagazine.pt\/wp-content\/uploads\/2023\/09\/logo.jpg\" alt=\"\" class=\"wp-image-7644\" width=\"178\" height=\"148\" srcset=\"http:\/\/maismagazine.pt\/wp-content\/uploads\/2023\/09\/logo.jpg 840w, http:\/\/maismagazine.pt\/wp-content\/uploads\/2023\/09\/logo-300x250.jpg 300w, http:\/\/maismagazine.pt\/wp-content\/uploads\/2023\/09\/logo-768x640.jpg 768w\" sizes=\"auto, (max-width: 178px) 100vw, 178px\" \/><\/figure><\/div>","protected":false},"excerpt":{"rendered":"<p>S\u00e3o conhecidos e reconhecidos os elementos diferenciadores da Regi\u00e3o (materiais e imateriais) (o cante Alentejano; a arte chocalheira; os bonecos de Estremoz; o centro hist\u00f3rico de \u00c9vora; as fortifica\u00e7\u00f5es de Elvas; o DarkSky Alqueva; o Observat\u00f3rio do Turismo Sustent\u00e1vel do Alentejo, aprovado pela Organiza\u00e7\u00e3o Mundial de Turismo), entre outros. O&hellip;<\/p>\n","protected":false},"author":17,"featured_media":7646,"comment_status":"closed","ping_status":"open","sticky":false,"template":"","format":"standard","meta":{"advgb_blocks_editor_width":"","advgb_blocks_columns_visual_guide":"","_monsterinsights_skip_tracking":false,"_monsterinsights_sitenote_active":false,"_monsterinsights_sitenote_note":"","_monsterinsights_sitenote_category":0,"footnotes":""},"categories":[52,51],"tags":[310,1654],"class_list":["post-7641","post","type-post","status-publish","format-standard","has-post-thumbnail","hentry","category-destaque","category-opiniao","tag-alentejo","tag-ccdr"],"yoast_head":"<!-- This site is optimized with the Yoast SEO plugin v24.4 - https:\/\/yoast.com\/wordpress\/plugins\/seo\/ -->\n<title>Alentejo e Turismo - Mais Magazine<\/title>\n<meta name=\"description\" content=\"S\u00e3o conhecidos e reconhecidos os elementos diferenciadores da Regi\u00e3o (materiais e imateriais) (o cante Alentejano; a arte chocalheira; os bonecos de Estremoz; o centro hist\u00f3rico de \u00c9vora; as fortifica\u00e7\u00f5es de Elvas; o DarkSky Alqueva; o Observat\u00f3rio do Turismo Sustent\u00e1vel do Alentejo, aprovado pela Organiza\u00e7\u00e3o Mundial de Turismo), entre outros.\" \/>\n<meta name=\"robots\" content=\"index, follow, max-snippet:-1, max-image-preview:large, max-video-preview:-1\" \/>\n<link rel=\"canonical\" href=\"http:\/\/maismagazine.pt\/index.php\/2023\/09\/15\/alentejo-e-turismo\/\" \/>\n<meta property=\"og:locale\" content=\"pt_PT\" \/>\n<meta property=\"og:type\" content=\"article\" \/>\n<meta property=\"og:title\" content=\"Alentejo e Turismo - Mais Magazine\" \/>\n<meta property=\"og:description\" content=\"S\u00e3o conhecidos e reconhecidos os elementos diferenciadores da Regi\u00e3o (materiais e imateriais) (o cante Alentejano; a arte chocalheira; os bonecos de Estremoz; o centro hist\u00f3rico de \u00c9vora; as fortifica\u00e7\u00f5es de Elvas; o DarkSky Alqueva; o Observat\u00f3rio do Turismo Sustent\u00e1vel do Alentejo, aprovado pela Organiza\u00e7\u00e3o Mundial de Turismo), entre outros.\" \/>\n<meta property=\"og:url\" content=\"http:\/\/maismagazine.pt\/index.php\/2023\/09\/15\/alentejo-e-turismo\/\" \/>\n<meta property=\"og:site_name\" content=\"Mais Magazine\" \/>\n<meta property=\"article:published_time\" content=\"2023-09-15T06:00:00+00:00\" \/>\n<meta property=\"og:image\" content=\"http:\/\/maismagazine.pt\/wp-content\/uploads\/2023\/09\/Antonio-Ceia-da-Silva-Presidente-da-CCDR-Alentejo-e-Ribatejo-1.jpg\" \/>\n\t<meta property=\"og:image:width\" content=\"425\" \/>\n\t<meta property=\"og:image:height\" content=\"639\" \/>\n\t<meta property=\"og:image:type\" content=\"image\/jpeg\" \/>\n<meta name=\"author\" content=\"Tiago Costa\" \/>\n<meta name=\"twitter:card\" content=\"summary_large_image\" \/>\n<meta name=\"twitter:label1\" content=\"Escrito por\" \/>\n\t<meta name=\"twitter:data1\" content=\"\" \/>\n\t<meta name=\"twitter:label2\" content=\"Tempo estimado de leitura\" \/>\n\t<meta name=\"twitter:data2\" content=\"3 minutos\" \/>\n<script type=\"application\/ld+json\" class=\"yoast-schema-graph\">{\"@context\":\"https:\/\/schema.org\",\"@graph\":[{\"@type\":\"Article\",\"@id\":\"http:\/\/maismagazine.pt\/index.php\/2023\/09\/15\/alentejo-e-turismo\/#article\",\"isPartOf\":{\"@id\":\"http:\/\/maismagazine.pt\/index.php\/2023\/09\/15\/alentejo-e-turismo\/\"},\"author\":{\"name\":\"Tiago Costa\",\"@id\":\"https:\/\/maismagazine.pt\/#\/schema\/person\/c6c5bfccc886434cbd11c74e035f9646\"},\"headline\":\"Alentejo e Turismo\",\"datePublished\":\"2023-09-15T06:00:00+00:00\",\"mainEntityOfPage\":{\"@id\":\"http:\/\/maismagazine.pt\/index.php\/2023\/09\/15\/alentejo-e-turismo\/\"},\"wordCount\":584,\"publisher\":{\"@id\":\"https:\/\/maismagazine.pt\/#organization\"},\"image\":{\"@id\":\"http:\/\/maismagazine.pt\/index.php\/2023\/09\/15\/alentejo-e-turismo\/#primaryimage\"},\"thumbnailUrl\":\"http:\/\/maismagazine.pt\/wp-content\/uploads\/2023\/09\/Antonio-Ceia-da-Silva-Presidente-da-CCDR-Alentejo-e-Ribatejo-1.jpg\",\"keywords\":[\"Alentejo\",\"CCDR\"],\"articleSection\":[\"Destaque lateral\",\"Opini\u00e3o\"],\"inLanguage\":\"pt-PT\"},{\"@type\":\"WebPage\",\"@id\":\"http:\/\/maismagazine.pt\/index.php\/2023\/09\/15\/alentejo-e-turismo\/\",\"url\":\"http:\/\/maismagazine.pt\/index.php\/2023\/09\/15\/alentejo-e-turismo\/\",\"name\":\"Alentejo e Turismo - Mais Magazine\",\"isPartOf\":{\"@id\":\"https:\/\/maismagazine.pt\/#website\"},\"primaryImageOfPage\":{\"@id\":\"http:\/\/maismagazine.pt\/index.php\/2023\/09\/15\/alentejo-e-turismo\/#primaryimage\"},\"image\":{\"@id\":\"http:\/\/maismagazine.pt\/index.php\/2023\/09\/15\/alentejo-e-turismo\/#primaryimage\"},\"thumbnailUrl\":\"http:\/\/maismagazine.pt\/wp-content\/uploads\/2023\/09\/Antonio-Ceia-da-Silva-Presidente-da-CCDR-Alentejo-e-Ribatejo-1.jpg\",\"datePublished\":\"2023-09-15T06:00:00+00:00\",\"description\":\"S\u00e3o conhecidos e reconhecidos os elementos diferenciadores da Regi\u00e3o (materiais e imateriais) (o cante Alentejano; a arte chocalheira; os bonecos de Estremoz; o centro hist\u00f3rico de \u00c9vora; as fortifica\u00e7\u00f5es de Elvas; o DarkSky Alqueva; o Observat\u00f3rio do Turismo Sustent\u00e1vel do Alentejo, aprovado pela Organiza\u00e7\u00e3o Mundial de Turismo), entre outros.\",\"breadcrumb\":{\"@id\":\"http:\/\/maismagazine.pt\/index.php\/2023\/09\/15\/alentejo-e-turismo\/#breadcrumb\"},\"inLanguage\":\"pt-PT\",\"potentialAction\":[{\"@type\":\"ReadAction\",\"target\":[\"http:\/\/maismagazine.pt\/index.php\/2023\/09\/15\/alentejo-e-turismo\/\"]}]},{\"@type\":\"ImageObject\",\"inLanguage\":\"pt-PT\",\"@id\":\"http:\/\/maismagazine.pt\/index.php\/2023\/09\/15\/alentejo-e-turismo\/#primaryimage\",\"url\":\"http:\/\/maismagazine.pt\/wp-content\/uploads\/2023\/09\/Antonio-Ceia-da-Silva-Presidente-da-CCDR-Alentejo-e-Ribatejo-1.jpg\",\"contentUrl\":\"http:\/\/maismagazine.pt\/wp-content\/uploads\/2023\/09\/Antonio-Ceia-da-Silva-Presidente-da-CCDR-Alentejo-e-Ribatejo-1.jpg\",\"width\":425,\"height\":639,\"caption\":\"Dr. Ant\u00f3nio Ceia da Silva - Presidente da Entidade Regional de Turismo do Alentejo e Ribatejo\"},{\"@type\":\"BreadcrumbList\",\"@id\":\"http:\/\/maismagazine.pt\/index.php\/2023\/09\/15\/alentejo-e-turismo\/#breadcrumb\",\"itemListElement\":[{\"@type\":\"ListItem\",\"position\":1,\"name\":\"Home\",\"item\":\"https:\/\/maismagazine.pt\/\"},{\"@type\":\"ListItem\",\"position\":2,\"name\":\"Alentejo e Turismo\"}]},{\"@type\":\"WebSite\",\"@id\":\"https:\/\/maismagazine.pt\/#website\",\"url\":\"https:\/\/maismagazine.pt\/\",\"name\":\"Mais Magazine\",\"description\":\"\",\"publisher\":{\"@id\":\"https:\/\/maismagazine.pt\/#organization\"},\"potentialAction\":[{\"@type\":\"SearchAction\",\"target\":{\"@type\":\"EntryPoint\",\"urlTemplate\":\"https:\/\/maismagazine.pt\/?s={search_term_string}\"},\"query-input\":{\"@type\":\"PropertyValueSpecification\",\"valueRequired\":true,\"valueName\":\"search_term_string\"}}],\"inLanguage\":\"pt-PT\"},{\"@type\":\"Organization\",\"@id\":\"https:\/\/maismagazine.pt\/#organization\",\"name\":\"Mais Magazine\",\"url\":\"https:\/\/maismagazine.pt\/\",\"logo\":{\"@type\":\"ImageObject\",\"inLanguage\":\"pt-PT\",\"@id\":\"https:\/\/maismagazine.pt\/#\/schema\/logo\/image\/\",\"url\":\"http:\/\/maismagazine.pt\/wp-content\/uploads\/2020\/04\/cropped-cropped-mais-magazine-site-logo-2.png\",\"contentUrl\":\"http:\/\/maismagazine.pt\/wp-content\/uploads\/2020\/04\/cropped-cropped-mais-magazine-site-logo-2.png\",\"width\":581,\"height\":90,\"caption\":\"Mais Magazine\"},\"image\":{\"@id\":\"https:\/\/maismagazine.pt\/#\/schema\/logo\/image\/\"}},{\"@type\":\"Person\",\"@id\":\"https:\/\/maismagazine.pt\/#\/schema\/person\/c6c5bfccc886434cbd11c74e035f9646\",\"name\":\"Tiago Costa\",\"image\":{\"@type\":\"ImageObject\",\"inLanguage\":\"pt-PT\",\"@id\":\"https:\/\/maismagazine.pt\/#\/schema\/person\/image\/\",\"url\":\"https:\/\/secure.gravatar.com\/avatar\/c599b2bce16c9870429198cbad5ee022?s=96&d=mm&r=g\",\"contentUrl\":\"https:\/\/secure.gravatar.com\/avatar\/c599b2bce16c9870429198cbad5ee022?s=96&d=mm&r=g\",\"caption\":\"Tiago Costa\"},\"url\":\"http:\/\/maismagazine.pt\/index.php\/author\/tiago\/\"}]}<\/script>\n<!-- \/ Yoast SEO plugin. -->","yoast_head_json":{"title":"Alentejo e Turismo - Mais Magazine","description":"S\u00e3o conhecidos e reconhecidos os elementos diferenciadores da Regi\u00e3o (materiais e imateriais) (o cante Alentejano; a arte chocalheira; os bonecos de Estremoz; o centro hist\u00f3rico de \u00c9vora; as fortifica\u00e7\u00f5es de Elvas; o DarkSky Alqueva; o Observat\u00f3rio do Turismo Sustent\u00e1vel do Alentejo, aprovado pela Organiza\u00e7\u00e3o Mundial de Turismo), entre outros.","robots":{"index":"index","follow":"follow","max-snippet":"max-snippet:-1","max-image-preview":"max-image-preview:large","max-video-preview":"max-video-preview:-1"},"canonical":"http:\/\/maismagazine.pt\/index.php\/2023\/09\/15\/alentejo-e-turismo\/","og_locale":"pt_PT","og_type":"article","og_title":"Alentejo e Turismo - Mais Magazine","og_description":"S\u00e3o conhecidos e reconhecidos os elementos diferenciadores da Regi\u00e3o (materiais e imateriais) (o cante Alentejano; a arte chocalheira; os bonecos de Estremoz; o centro hist\u00f3rico de \u00c9vora; as fortifica\u00e7\u00f5es de Elvas; o DarkSky Alqueva; o Observat\u00f3rio do Turismo Sustent\u00e1vel do Alentejo, aprovado pela Organiza\u00e7\u00e3o Mundial de Turismo), entre outros.","og_url":"http:\/\/maismagazine.pt\/index.php\/2023\/09\/15\/alentejo-e-turismo\/","og_site_name":"Mais Magazine","article_published_time":"2023-09-15T06:00:00+00:00","og_image":[{"width":425,"height":639,"url":"http:\/\/maismagazine.pt\/wp-content\/uploads\/2023\/09\/Antonio-Ceia-da-Silva-Presidente-da-CCDR-Alentejo-e-Ribatejo-1.jpg","type":"image\/jpeg"}],"author":"Tiago Costa","twitter_card":"summary_large_image","twitter_misc":{"Escrito por":false,"Tempo estimado de leitura":"3 minutos"},"schema":{"@context":"https:\/\/schema.org","@graph":[{"@type":"Article","@id":"http:\/\/maismagazine.pt\/index.php\/2023\/09\/15\/alentejo-e-turismo\/#article","isPartOf":{"@id":"http:\/\/maismagazine.pt\/index.php\/2023\/09\/15\/alentejo-e-turismo\/"},"author":{"name":"Tiago Costa","@id":"https:\/\/maismagazine.pt\/#\/schema\/person\/c6c5bfccc886434cbd11c74e035f9646"},"headline":"Alentejo e Turismo","datePublished":"2023-09-15T06:00:00+00:00","mainEntityOfPage":{"@id":"http:\/\/maismagazine.pt\/index.php\/2023\/09\/15\/alentejo-e-turismo\/"},"wordCount":584,"publisher":{"@id":"https:\/\/maismagazine.pt\/#organization"},"image":{"@id":"http:\/\/maismagazine.pt\/index.php\/2023\/09\/15\/alentejo-e-turismo\/#primaryimage"},"thumbnailUrl":"http:\/\/maismagazine.pt\/wp-content\/uploads\/2023\/09\/Antonio-Ceia-da-Silva-Presidente-da-CCDR-Alentejo-e-Ribatejo-1.jpg","keywords":["Alentejo","CCDR"],"articleSection":["Destaque lateral","Opini\u00e3o"],"inLanguage":"pt-PT"},{"@type":"WebPage","@id":"http:\/\/maismagazine.pt\/index.php\/2023\/09\/15\/alentejo-e-turismo\/","url":"http:\/\/maismagazine.pt\/index.php\/2023\/09\/15\/alentejo-e-turismo\/","name":"Alentejo e Turismo - Mais Magazine","isPartOf":{"@id":"https:\/\/maismagazine.pt\/#website"},"primaryImageOfPage":{"@id":"http:\/\/maismagazine.pt\/index.php\/2023\/09\/15\/alentejo-e-turismo\/#primaryimage"},"image":{"@id":"http:\/\/maismagazine.pt\/index.php\/2023\/09\/15\/alentejo-e-turismo\/#primaryimage"},"thumbnailUrl":"http:\/\/maismagazine.pt\/wp-content\/uploads\/2023\/09\/Antonio-Ceia-da-Silva-Presidente-da-CCDR-Alentejo-e-Ribatejo-1.jpg","datePublished":"2023-09-15T06:00:00+00:00","description":"S\u00e3o conhecidos e reconhecidos os elementos diferenciadores da Regi\u00e3o (materiais e imateriais) (o cante Alentejano; a arte chocalheira; os bonecos de Estremoz; o centro hist\u00f3rico de \u00c9vora; as fortifica\u00e7\u00f5es de Elvas; o DarkSky Alqueva; o Observat\u00f3rio do Turismo Sustent\u00e1vel do Alentejo, aprovado pela Organiza\u00e7\u00e3o Mundial de Turismo), entre outros.","breadcrumb":{"@id":"http:\/\/maismagazine.pt\/index.php\/2023\/09\/15\/alentejo-e-turismo\/#breadcrumb"},"inLanguage":"pt-PT","potentialAction":[{"@type":"ReadAction","target":["http:\/\/maismagazine.pt\/index.php\/2023\/09\/15\/alentejo-e-turismo\/"]}]},{"@type":"ImageObject","inLanguage":"pt-PT","@id":"http:\/\/maismagazine.pt\/index.php\/2023\/09\/15\/alentejo-e-turismo\/#primaryimage","url":"http:\/\/maismagazine.pt\/wp-content\/uploads\/2023\/09\/Antonio-Ceia-da-Silva-Presidente-da-CCDR-Alentejo-e-Ribatejo-1.jpg","contentUrl":"http:\/\/maismagazine.pt\/wp-content\/uploads\/2023\/09\/Antonio-Ceia-da-Silva-Presidente-da-CCDR-Alentejo-e-Ribatejo-1.jpg","width":425,"height":639,"caption":"Dr. Ant\u00f3nio Ceia da Silva - Presidente da Entidade Regional de Turismo do Alentejo e Ribatejo"},{"@type":"BreadcrumbList","@id":"http:\/\/maismagazine.pt\/index.php\/2023\/09\/15\/alentejo-e-turismo\/#breadcrumb","itemListElement":[{"@type":"ListItem","position":1,"name":"Home","item":"https:\/\/maismagazine.pt\/"},{"@type":"ListItem","position":2,"name":"Alentejo e Turismo"}]},{"@type":"WebSite","@id":"https:\/\/maismagazine.pt\/#website","url":"https:\/\/maismagazine.pt\/","name":"Mais Magazine","description":"","publisher":{"@id":"https:\/\/maismagazine.pt\/#organization"},"potentialAction":[{"@type":"SearchAction","target":{"@type":"EntryPoint","urlTemplate":"https:\/\/maismagazine.pt\/?s={search_term_string}"},"query-input":{"@type":"PropertyValueSpecification","valueRequired":true,"valueName":"search_term_string"}}],"inLanguage":"pt-PT"},{"@type":"Organization","@id":"https:\/\/maismagazine.pt\/#organization","name":"Mais Magazine","url":"https:\/\/maismagazine.pt\/","logo":{"@type":"ImageObject","inLanguage":"pt-PT","@id":"https:\/\/maismagazine.pt\/#\/schema\/logo\/image\/","url":"http:\/\/maismagazine.pt\/wp-content\/uploads\/2020\/04\/cropped-cropped-mais-magazine-site-logo-2.png","contentUrl":"http:\/\/maismagazine.pt\/wp-content\/uploads\/2020\/04\/cropped-cropped-mais-magazine-site-logo-2.png","width":581,"height":90,"caption":"Mais Magazine"},"image":{"@id":"https:\/\/maismagazine.pt\/#\/schema\/logo\/image\/"}},{"@type":"Person","@id":"https:\/\/maismagazine.pt\/#\/schema\/person\/c6c5bfccc886434cbd11c74e035f9646","name":"Tiago Costa","image":{"@type":"ImageObject","inLanguage":"pt-PT","@id":"https:\/\/maismagazine.pt\/#\/schema\/person\/image\/","url":"https:\/\/secure.gravatar.com\/avatar\/c599b2bce16c9870429198cbad5ee022?s=96&d=mm&r=g","contentUrl":"https:\/\/secure.gravatar.com\/avatar\/c599b2bce16c9870429198cbad5ee022?s=96&d=mm&r=g","caption":"Tiago Costa"},"url":"http:\/\/maismagazine.pt\/index.php\/author\/tiago\/"}]}},"author_meta":{"display_name":false,"author_link":"http:\/\/maismagazine.pt\/index.php\/author\/tiago\/"},"featured_img":"http:\/\/maismagazine.pt\/wp-content\/uploads\/2023\/09\/Antonio-Ceia-da-Silva-Presidente-da-CCDR-Alentejo-e-Ribatejo-1-200x300.jpg","coauthors":[],"tax_additional":{"categories":{"linked":["<a href=\"http:\/\/maismagazine.pt\/index.php\/category\/destaque\/\" class=\"advgb-post-tax-term\">Destaque lateral<\/a>","<a href=\"http:\/\/maismagazine.pt\/index.php\/category\/noticias\/opiniao\/\" class=\"advgb-post-tax-term\">Opini\u00e3o<\/a>"],"unlinked":["<span class=\"advgb-post-tax-term\">Destaque lateral<\/span>","<span class=\"advgb-post-tax-term\">Opini\u00e3o<\/span>"]},"tags":{"linked":["<a href=\"http:\/\/maismagazine.pt\/index.php\/category\/noticias\/opiniao\/\" class=\"advgb-post-tax-term\">Alentejo<\/a>","<a href=\"http:\/\/maismagazine.pt\/index.php\/category\/noticias\/opiniao\/\" class=\"advgb-post-tax-term\">CCDR<\/a>"],"unlinked":["<span class=\"advgb-post-tax-term\">Alentejo<\/span>","<span class=\"advgb-post-tax-term\">CCDR<\/span>"]}},"comment_count":"0","relative_dates":{"created":"Posted 3 anos ago","modified":"Updated 3 anos ago"},"absolute_dates":{"created":"Posted on 15 de Setembro, 2023","modified":"Updated on 11 de Setembro, 2023"},"absolute_dates_time":{"created":"Posted on 15 de Setembro, 2023 7:00","modified":"Updated on 11 de Setembro, 2023 10:21"},"featured_img_caption":"Dr. Ant\u00f3nio Ceia da Silva - Presidente da Entidade Regional de Turismo do Alentejo e Ribatejo","series_order":"","_links":{"self":[{"href":"http:\/\/maismagazine.pt\/index.php\/wp-json\/wp\/v2\/posts\/7641","targetHints":{"allow":["GET"]}}],"collection":[{"href":"http:\/\/maismagazine.pt\/index.php\/wp-json\/wp\/v2\/posts"}],"about":[{"href":"http:\/\/maismagazine.pt\/index.php\/wp-json\/wp\/v2\/types\/post"}],"author":[{"embeddable":true,"href":"http:\/\/maismagazine.pt\/index.php\/wp-json\/wp\/v2\/users\/17"}],"replies":[{"embeddable":true,"href":"http:\/\/maismagazine.pt\/index.php\/wp-json\/wp\/v2\/comments?post=7641"}],"version-history":[{"count":1,"href":"http:\/\/maismagazine.pt\/index.php\/wp-json\/wp\/v2\/posts\/7641\/revisions"}],"predecessor-version":[{"id":7645,"href":"http:\/\/maismagazine.pt\/index.php\/wp-json\/wp\/v2\/posts\/7641\/revisions\/7645"}],"wp:featuredmedia":[{"embeddable":true,"href":"http:\/\/maismagazine.pt\/index.php\/wp-json\/wp\/v2\/media\/7646"}],"wp:attachment":[{"href":"http:\/\/maismagazine.pt\/index.php\/wp-json\/wp\/v2\/media?parent=7641"}],"wp:term":[{"taxonomy":"category","embeddable":true,"href":"http:\/\/maismagazine.pt\/index.php\/wp-json\/wp\/v2\/categories?post=7641"},{"taxonomy":"post_tag","embeddable":true,"href":"http:\/\/maismagazine.pt\/index.php\/wp-json\/wp\/v2\/tags?post=7641"}],"curies":[{"name":"wp","href":"https:\/\/api.w.org\/{rel}","templated":true}]}}