{"id":7629,"date":"2023-08-04T10:52:35","date_gmt":"2023-08-04T09:52:35","guid":{"rendered":"https:\/\/maismagazine.pt\/?p=7629"},"modified":"2023-08-04T10:52:36","modified_gmt":"2023-08-04T09:52:36","slug":"esec-aposta-em-novas-pos-graduacoes","status":"publish","type":"post","link":"http:\/\/maismagazine.pt\/index.php\/2023\/08\/04\/esec-aposta-em-novas-pos-graduacoes\/","title":{"rendered":"ESEC aposta em novas P\u00f3s-Gradua\u00e7\u00f5es"},"content":{"rendered":"\n<p>A Escola Superior de Educa\u00e7\u00e3o do Polit\u00e9cnico de Coimbra tem vindo a refor\u00e7ar a sua oferta formativa de P\u00f3s-gradua\u00e7\u00f5es, acompanhando as necessidades do mercado de trabalho e dos seus diplomados de 1\u00ba ciclo.<\/p>\n\n\n\n<p><\/p>\n\n\n\n<p>No \u00e2mbito do Regulamento de Apoios e Bolsas ao Abrigo do Projeto Impulsionar as Pessoas e o Territ\u00f3rio do Polit\u00e9cnico de Coimbra, j\u00e1 entraram em funcionamento, no decorrer do ano letivo 2022\/2023, as P\u00f3s-Gradua\u00e7\u00f5es em \u201c<strong>Comunica\u00e7\u00e3o Estrat\u00e9gica para as Autarquias<\/strong>\u201d, \u201c<strong>Design e Usabilidade para a Web<\/strong>\u201d e \u201c<strong>Ensino a Dist\u00e2ncia no Ensino Superior<\/strong>\u201d que se encontram com candidaturas abertas para o pr\u00f3ximo ano letivo. Ainda ao abrigo do mesmo Projeto, a ESEC prev\u00ea a entrada em funcionamento de mais seis P\u00f3s-gradua\u00e7\u00f5es: \u201c<strong>Gest\u00e3o de Servi\u00e7os de Desporto Aut\u00e1rquico<\/strong>\u201d, \u201c<strong>Ilustra\u00e7\u00e3o Aplicada ao Design<\/strong>\u201d, \u201c<strong>Interven\u00e7\u00e3o Gerontol\u00f3gica<\/strong>\u201d, \u201c<strong>Comunica\u00e7\u00e3o Digital<\/strong>\u201d, \u201c<strong>Teatro e Participa\u00e7\u00e3o Art\u00edstic<\/strong>a\u201d e &#8220;<strong>Administra\u00e7\u00e3o e Organiza\u00e7\u00e3o Escolar&#8221;<\/strong>, esta \u00faltima a funcionar tamb\u00e9m como Forma\u00e7\u00e3o Especializada.\u00a0<\/p>\n\n\n\n<p><\/p>\n\n\n\n<p>A complementar esta oferta formativa ir\u00e1 ainda iniciar a P\u00f3s-Gradua\u00e7\u00e3o em \u201c<strong>Comportamento e Comunica\u00e7\u00e3o em Organiza\u00e7\u00f5es do Setor Socia<\/strong>l\u201d dirigida a profissionais que desenvolvam a sua atividade profissional em organiza\u00e7\u00f5es do terceiro setor e que pretendam enriquecer os seus conhecimentos te\u00f3ricos e pr\u00e1ticos, atualizando e ampliando a sua capacidade de atua\u00e7\u00e3o e interven\u00e7\u00e3o no \u00e2mbito das organiza\u00e7\u00f5es sociais.<\/p>\n\n\n\n<p><\/p>\n\n\n\n<p>De referir que algumas destas forma\u00e7\u00f5es funcionam em modalidade de b-learning, combinando a <em>forma\u00e7\u00e3o<\/em> a dist\u00e2ncia e a <em>forma\u00e7\u00e3o<\/em> presencial.<\/p>\n\n\n\n<p><\/p>\n\n\n\n<p>Al\u00e9m destas dez P\u00f3s-Gradua\u00e7\u00f5es, a ESEC alargou tamb\u00e9m a sua oferta formativa com dois Cursos T\u00e9cnicos e Superiores Profissionais (CTeSP), o CTeSP em Luz e Som para Artes Performativas e o CTeSP em Design Textil, este \u00faltimo em parceria com o CEARTE (Centro de Forma\u00e7\u00e3o Profissional para o Artesanato e Patrim\u00f3nio).<\/p>\n","protected":false},"excerpt":{"rendered":"<p>A Escola Superior de Educa\u00e7\u00e3o do Polit\u00e9cnico de Coimbra tem vindo a refor\u00e7ar a sua oferta formativa de P\u00f3s-gradua\u00e7\u00f5es, acompanhando as necessidades do mercado de trabalho e dos seus diplomados de 1\u00ba ciclo. No \u00e2mbito do Regulamento de Apoios e Bolsas ao Abrigo do Projeto Impulsionar as Pessoas e o&hellip;<\/p>\n","protected":false},"author":18,"featured_media":7630,"comment_status":"closed","ping_status":"open","sticky":false,"template":"","format":"standard","meta":{"advgb_blocks_editor_width":"","advgb_blocks_columns_visual_guide":"","_monsterinsights_skip_tracking":false,"_monsterinsights_sitenote_active":false,"_monsterinsights_sitenote_note":"","_monsterinsights_sitenote_category":0,"footnotes":""},"categories":[7],"tags":[767,525,1649],"class_list":["post-7629","post","type-post","status-publish","format-standard","has-post-thumbnail","hentry","category-noticias","tag-coimbra","tag-educacao","tag-esec"],"yoast_head":"<!-- This site is optimized with the Yoast SEO plugin v24.4 - https:\/\/yoast.com\/wordpress\/plugins\/seo\/ -->\n<title>ESEC aposta em novas P\u00f3s-Gradua\u00e7\u00f5es - Mais Magazine<\/title>\n<meta name=\"robots\" content=\"index, follow, max-snippet:-1, max-image-preview:large, max-video-preview:-1\" \/>\n<link rel=\"canonical\" href=\"https:\/\/maismagazine.pt\/index.php\/2023\/08\/04\/esec-aposta-em-novas-pos-graduacoes\/\" \/>\n<meta property=\"og:locale\" content=\"pt_PT\" \/>\n<meta property=\"og:type\" content=\"article\" \/>\n<meta property=\"og:title\" content=\"ESEC aposta em novas P\u00f3s-Gradua\u00e7\u00f5es - Mais Magazine\" \/>\n<meta property=\"og:description\" content=\"A Escola Superior de Educa\u00e7\u00e3o do Polit\u00e9cnico de Coimbra tem vindo a refor\u00e7ar a sua oferta formativa de P\u00f3s-gradua\u00e7\u00f5es, acompanhando as necessidades do mercado de trabalho e dos seus diplomados de 1\u00ba ciclo. No \u00e2mbito do Regulamento de Apoios e Bolsas ao Abrigo do Projeto Impulsionar as Pessoas e o&hellip;\" \/>\n<meta property=\"og:url\" content=\"https:\/\/maismagazine.pt\/index.php\/2023\/08\/04\/esec-aposta-em-novas-pos-graduacoes\/\" \/>\n<meta property=\"og:site_name\" content=\"Mais Magazine\" \/>\n<meta property=\"article:published_time\" content=\"2023-08-04T09:52:35+00:00\" \/>\n<meta property=\"article:modified_time\" content=\"2023-08-04T09:52:36+00:00\" \/>\n<meta property=\"og:image\" content=\"https:\/\/maismagazine.pt\/wp-content\/uploads\/2023\/08\/esee.jpg\" \/>\n\t<meta property=\"og:image:width\" content=\"1000\" \/>\n\t<meta property=\"og:image:height\" content=\"563\" \/>\n\t<meta property=\"og:image:type\" content=\"image\/jpeg\" \/>\n<meta name=\"author\" content=\"Tatiana Martins\" \/>\n<meta name=\"twitter:card\" content=\"summary_large_image\" \/>\n<meta name=\"twitter:label1\" content=\"Escrito por\" \/>\n\t<meta name=\"twitter:data1\" content=\"\" \/>\n\t<meta name=\"twitter:label2\" content=\"Tempo estimado de leitura\" \/>\n\t<meta name=\"twitter:data2\" content=\"2 minutos\" \/>\n<script type=\"application\/ld+json\" class=\"yoast-schema-graph\">{\"@context\":\"https:\/\/schema.org\",\"@graph\":[{\"@type\":\"Article\",\"@id\":\"https:\/\/maismagazine.pt\/index.php\/2023\/08\/04\/esec-aposta-em-novas-pos-graduacoes\/#article\",\"isPartOf\":{\"@id\":\"https:\/\/maismagazine.pt\/index.php\/2023\/08\/04\/esec-aposta-em-novas-pos-graduacoes\/\"},\"author\":{\"name\":\"Tatiana Martins\",\"@id\":\"http:\/\/maismagazine.pt\/#\/schema\/person\/7426e2caeb8df32a1b56aa48dae778c9\"},\"headline\":\"ESEC aposta em novas P\u00f3s-Gradua\u00e7\u00f5es\",\"datePublished\":\"2023-08-04T09:52:35+00:00\",\"dateModified\":\"2023-08-04T09:52:36+00:00\",\"mainEntityOfPage\":{\"@id\":\"https:\/\/maismagazine.pt\/index.php\/2023\/08\/04\/esec-aposta-em-novas-pos-graduacoes\/\"},\"wordCount\":328,\"publisher\":{\"@id\":\"http:\/\/maismagazine.pt\/#organization\"},\"image\":{\"@id\":\"https:\/\/maismagazine.pt\/index.php\/2023\/08\/04\/esec-aposta-em-novas-pos-graduacoes\/#primaryimage\"},\"thumbnailUrl\":\"http:\/\/maismagazine.pt\/wp-content\/uploads\/2023\/08\/esee.jpg\",\"keywords\":[\"Coimbra\",\"Educa\u00e7\u00e3o\",\"ESEC\"],\"articleSection\":[\"Not\u00edcias\"],\"inLanguage\":\"pt-PT\"},{\"@type\":\"WebPage\",\"@id\":\"https:\/\/maismagazine.pt\/index.php\/2023\/08\/04\/esec-aposta-em-novas-pos-graduacoes\/\",\"url\":\"https:\/\/maismagazine.pt\/index.php\/2023\/08\/04\/esec-aposta-em-novas-pos-graduacoes\/\",\"name\":\"ESEC aposta em novas P\u00f3s-Gradua\u00e7\u00f5es - Mais Magazine\",\"isPartOf\":{\"@id\":\"http:\/\/maismagazine.pt\/#website\"},\"primaryImageOfPage\":{\"@id\":\"https:\/\/maismagazine.pt\/index.php\/2023\/08\/04\/esec-aposta-em-novas-pos-graduacoes\/#primaryimage\"},\"image\":{\"@id\":\"https:\/\/maismagazine.pt\/index.php\/2023\/08\/04\/esec-aposta-em-novas-pos-graduacoes\/#primaryimage\"},\"thumbnailUrl\":\"http:\/\/maismagazine.pt\/wp-content\/uploads\/2023\/08\/esee.jpg\",\"datePublished\":\"2023-08-04T09:52:35+00:00\",\"dateModified\":\"2023-08-04T09:52:36+00:00\",\"breadcrumb\":{\"@id\":\"https:\/\/maismagazine.pt\/index.php\/2023\/08\/04\/esec-aposta-em-novas-pos-graduacoes\/#breadcrumb\"},\"inLanguage\":\"pt-PT\",\"potentialAction\":[{\"@type\":\"ReadAction\",\"target\":[\"https:\/\/maismagazine.pt\/index.php\/2023\/08\/04\/esec-aposta-em-novas-pos-graduacoes\/\"]}]},{\"@type\":\"ImageObject\",\"inLanguage\":\"pt-PT\",\"@id\":\"https:\/\/maismagazine.pt\/index.php\/2023\/08\/04\/esec-aposta-em-novas-pos-graduacoes\/#primaryimage\",\"url\":\"http:\/\/maismagazine.pt\/wp-content\/uploads\/2023\/08\/esee.jpg\",\"contentUrl\":\"http:\/\/maismagazine.pt\/wp-content\/uploads\/2023\/08\/esee.jpg\",\"width\":1000,\"height\":563},{\"@type\":\"BreadcrumbList\",\"@id\":\"https:\/\/maismagazine.pt\/index.php\/2023\/08\/04\/esec-aposta-em-novas-pos-graduacoes\/#breadcrumb\",\"itemListElement\":[{\"@type\":\"ListItem\",\"position\":1,\"name\":\"Home\",\"item\":\"http:\/\/maismagazine.pt\/\"},{\"@type\":\"ListItem\",\"position\":2,\"name\":\"ESEC aposta em novas P\u00f3s-Gradua\u00e7\u00f5es\"}]},{\"@type\":\"WebSite\",\"@id\":\"http:\/\/maismagazine.pt\/#website\",\"url\":\"http:\/\/maismagazine.pt\/\",\"name\":\"Mais Magazine\",\"description\":\"\",\"publisher\":{\"@id\":\"http:\/\/maismagazine.pt\/#organization\"},\"potentialAction\":[{\"@type\":\"SearchAction\",\"target\":{\"@type\":\"EntryPoint\",\"urlTemplate\":\"http:\/\/maismagazine.pt\/?s={search_term_string}\"},\"query-input\":{\"@type\":\"PropertyValueSpecification\",\"valueRequired\":true,\"valueName\":\"search_term_string\"}}],\"inLanguage\":\"pt-PT\"},{\"@type\":\"Organization\",\"@id\":\"http:\/\/maismagazine.pt\/#organization\",\"name\":\"Mais Magazine\",\"url\":\"http:\/\/maismagazine.pt\/\",\"logo\":{\"@type\":\"ImageObject\",\"inLanguage\":\"pt-PT\",\"@id\":\"http:\/\/maismagazine.pt\/#\/schema\/logo\/image\/\",\"url\":\"http:\/\/maismagazine.pt\/wp-content\/uploads\/2020\/04\/cropped-cropped-mais-magazine-site-logo-2.png\",\"contentUrl\":\"http:\/\/maismagazine.pt\/wp-content\/uploads\/2020\/04\/cropped-cropped-mais-magazine-site-logo-2.png\",\"width\":581,\"height\":90,\"caption\":\"Mais Magazine\"},\"image\":{\"@id\":\"http:\/\/maismagazine.pt\/#\/schema\/logo\/image\/\"}},{\"@type\":\"Person\",\"@id\":\"http:\/\/maismagazine.pt\/#\/schema\/person\/7426e2caeb8df32a1b56aa48dae778c9\",\"name\":\"Tatiana Martins\",\"image\":{\"@type\":\"ImageObject\",\"inLanguage\":\"pt-PT\",\"@id\":\"http:\/\/maismagazine.pt\/#\/schema\/person\/image\/\",\"url\":\"https:\/\/secure.gravatar.com\/avatar\/4b24a57f5d0425f2eb20981c4b53244e?s=96&d=mm&r=g\",\"contentUrl\":\"https:\/\/secure.gravatar.com\/avatar\/4b24a57f5d0425f2eb20981c4b53244e?s=96&d=mm&r=g\",\"caption\":\"Tatiana Martins\"},\"url\":\"http:\/\/maismagazine.pt\/index.php\/author\/tatiana\/\"}]}<\/script>\n<!-- \/ Yoast SEO plugin. -->","yoast_head_json":{"title":"ESEC aposta em novas P\u00f3s-Gradua\u00e7\u00f5es - Mais Magazine","robots":{"index":"index","follow":"follow","max-snippet":"max-snippet:-1","max-image-preview":"max-image-preview:large","max-video-preview":"max-video-preview:-1"},"canonical":"https:\/\/maismagazine.pt\/index.php\/2023\/08\/04\/esec-aposta-em-novas-pos-graduacoes\/","og_locale":"pt_PT","og_type":"article","og_title":"ESEC aposta em novas P\u00f3s-Gradua\u00e7\u00f5es - Mais Magazine","og_description":"A Escola Superior de Educa\u00e7\u00e3o do Polit\u00e9cnico de Coimbra tem vindo a refor\u00e7ar a sua oferta formativa de P\u00f3s-gradua\u00e7\u00f5es, acompanhando as necessidades do mercado de trabalho e dos seus diplomados de 1\u00ba ciclo. No \u00e2mbito do Regulamento de Apoios e Bolsas ao Abrigo do Projeto Impulsionar as Pessoas e o&hellip;","og_url":"https:\/\/maismagazine.pt\/index.php\/2023\/08\/04\/esec-aposta-em-novas-pos-graduacoes\/","og_site_name":"Mais Magazine","article_published_time":"2023-08-04T09:52:35+00:00","article_modified_time":"2023-08-04T09:52:36+00:00","og_image":[{"width":1000,"height":563,"url":"https:\/\/maismagazine.pt\/wp-content\/uploads\/2023\/08\/esee.jpg","type":"image\/jpeg"}],"author":"Tatiana Martins","twitter_card":"summary_large_image","twitter_misc":{"Escrito por":false,"Tempo estimado de leitura":"2 minutos"},"schema":{"@context":"https:\/\/schema.org","@graph":[{"@type":"Article","@id":"https:\/\/maismagazine.pt\/index.php\/2023\/08\/04\/esec-aposta-em-novas-pos-graduacoes\/#article","isPartOf":{"@id":"https:\/\/maismagazine.pt\/index.php\/2023\/08\/04\/esec-aposta-em-novas-pos-graduacoes\/"},"author":{"name":"Tatiana Martins","@id":"http:\/\/maismagazine.pt\/#\/schema\/person\/7426e2caeb8df32a1b56aa48dae778c9"},"headline":"ESEC aposta em novas P\u00f3s-Gradua\u00e7\u00f5es","datePublished":"2023-08-04T09:52:35+00:00","dateModified":"2023-08-04T09:52:36+00:00","mainEntityOfPage":{"@id":"https:\/\/maismagazine.pt\/index.php\/2023\/08\/04\/esec-aposta-em-novas-pos-graduacoes\/"},"wordCount":328,"publisher":{"@id":"http:\/\/maismagazine.pt\/#organization"},"image":{"@id":"https:\/\/maismagazine.pt\/index.php\/2023\/08\/04\/esec-aposta-em-novas-pos-graduacoes\/#primaryimage"},"thumbnailUrl":"http:\/\/maismagazine.pt\/wp-content\/uploads\/2023\/08\/esee.jpg","keywords":["Coimbra","Educa\u00e7\u00e3o","ESEC"],"articleSection":["Not\u00edcias"],"inLanguage":"pt-PT"},{"@type":"WebPage","@id":"https:\/\/maismagazine.pt\/index.php\/2023\/08\/04\/esec-aposta-em-novas-pos-graduacoes\/","url":"https:\/\/maismagazine.pt\/index.php\/2023\/08\/04\/esec-aposta-em-novas-pos-graduacoes\/","name":"ESEC aposta em novas P\u00f3s-Gradua\u00e7\u00f5es - Mais Magazine","isPartOf":{"@id":"http:\/\/maismagazine.pt\/#website"},"primaryImageOfPage":{"@id":"https:\/\/maismagazine.pt\/index.php\/2023\/08\/04\/esec-aposta-em-novas-pos-graduacoes\/#primaryimage"},"image":{"@id":"https:\/\/maismagazine.pt\/index.php\/2023\/08\/04\/esec-aposta-em-novas-pos-graduacoes\/#primaryimage"},"thumbnailUrl":"http:\/\/maismagazine.pt\/wp-content\/uploads\/2023\/08\/esee.jpg","datePublished":"2023-08-04T09:52:35+00:00","dateModified":"2023-08-04T09:52:36+00:00","breadcrumb":{"@id":"https:\/\/maismagazine.pt\/index.php\/2023\/08\/04\/esec-aposta-em-novas-pos-graduacoes\/#breadcrumb"},"inLanguage":"pt-PT","potentialAction":[{"@type":"ReadAction","target":["https:\/\/maismagazine.pt\/index.php\/2023\/08\/04\/esec-aposta-em-novas-pos-graduacoes\/"]}]},{"@type":"ImageObject","inLanguage":"pt-PT","@id":"https:\/\/maismagazine.pt\/index.php\/2023\/08\/04\/esec-aposta-em-novas-pos-graduacoes\/#primaryimage","url":"http:\/\/maismagazine.pt\/wp-content\/uploads\/2023\/08\/esee.jpg","contentUrl":"http:\/\/maismagazine.pt\/wp-content\/uploads\/2023\/08\/esee.jpg","width":1000,"height":563},{"@type":"BreadcrumbList","@id":"https:\/\/maismagazine.pt\/index.php\/2023\/08\/04\/esec-aposta-em-novas-pos-graduacoes\/#breadcrumb","itemListElement":[{"@type":"ListItem","position":1,"name":"Home","item":"http:\/\/maismagazine.pt\/"},{"@type":"ListItem","position":2,"name":"ESEC aposta em novas P\u00f3s-Gradua\u00e7\u00f5es"}]},{"@type":"WebSite","@id":"http:\/\/maismagazine.pt\/#website","url":"http:\/\/maismagazine.pt\/","name":"Mais Magazine","description":"","publisher":{"@id":"http:\/\/maismagazine.pt\/#organization"},"potentialAction":[{"@type":"SearchAction","target":{"@type":"EntryPoint","urlTemplate":"http:\/\/maismagazine.pt\/?s={search_term_string}"},"query-input":{"@type":"PropertyValueSpecification","valueRequired":true,"valueName":"search_term_string"}}],"inLanguage":"pt-PT"},{"@type":"Organization","@id":"http:\/\/maismagazine.pt\/#organization","name":"Mais Magazine","url":"http:\/\/maismagazine.pt\/","logo":{"@type":"ImageObject","inLanguage":"pt-PT","@id":"http:\/\/maismagazine.pt\/#\/schema\/logo\/image\/","url":"http:\/\/maismagazine.pt\/wp-content\/uploads\/2020\/04\/cropped-cropped-mais-magazine-site-logo-2.png","contentUrl":"http:\/\/maismagazine.pt\/wp-content\/uploads\/2020\/04\/cropped-cropped-mais-magazine-site-logo-2.png","width":581,"height":90,"caption":"Mais Magazine"},"image":{"@id":"http:\/\/maismagazine.pt\/#\/schema\/logo\/image\/"}},{"@type":"Person","@id":"http:\/\/maismagazine.pt\/#\/schema\/person\/7426e2caeb8df32a1b56aa48dae778c9","name":"Tatiana Martins","image":{"@type":"ImageObject","inLanguage":"pt-PT","@id":"http:\/\/maismagazine.pt\/#\/schema\/person\/image\/","url":"https:\/\/secure.gravatar.com\/avatar\/4b24a57f5d0425f2eb20981c4b53244e?s=96&d=mm&r=g","contentUrl":"https:\/\/secure.gravatar.com\/avatar\/4b24a57f5d0425f2eb20981c4b53244e?s=96&d=mm&r=g","caption":"Tatiana Martins"},"url":"http:\/\/maismagazine.pt\/index.php\/author\/tatiana\/"}]}},"author_meta":{"display_name":false,"author_link":"http:\/\/maismagazine.pt\/index.php\/author\/tatiana\/"},"featured_img":"http:\/\/maismagazine.pt\/wp-content\/uploads\/2023\/08\/esee-300x169.jpg","coauthors":[],"tax_additional":{"categories":{"linked":["<a href=\"http:\/\/maismagazine.pt\/index.php\/category\/noticias\/\" class=\"advgb-post-tax-term\">Not\u00edcias<\/a>"],"unlinked":["<span class=\"advgb-post-tax-term\">Not\u00edcias<\/span>"]},"tags":{"linked":["<a href=\"http:\/\/maismagazine.pt\/index.php\/category\/noticias\/\" class=\"advgb-post-tax-term\">Coimbra<\/a>","<a href=\"http:\/\/maismagazine.pt\/index.php\/category\/noticias\/\" class=\"advgb-post-tax-term\">Educa\u00e7\u00e3o<\/a>","<a href=\"http:\/\/maismagazine.pt\/index.php\/category\/noticias\/\" class=\"advgb-post-tax-term\">ESEC<\/a>"],"unlinked":["<span class=\"advgb-post-tax-term\">Coimbra<\/span>","<span class=\"advgb-post-tax-term\">Educa\u00e7\u00e3o<\/span>","<span class=\"advgb-post-tax-term\">ESEC<\/span>"]}},"comment_count":"0","relative_dates":{"created":"Posted 3 anos ago","modified":"Updated 3 anos ago"},"absolute_dates":{"created":"Posted on 4 de Agosto, 2023","modified":"Updated on 4 de Agosto, 2023"},"absolute_dates_time":{"created":"Posted on 4 de Agosto, 2023 10:52","modified":"Updated on 4 de Agosto, 2023 10:52"},"featured_img_caption":"","series_order":"","_links":{"self":[{"href":"http:\/\/maismagazine.pt\/index.php\/wp-json\/wp\/v2\/posts\/7629","targetHints":{"allow":["GET"]}}],"collection":[{"href":"http:\/\/maismagazine.pt\/index.php\/wp-json\/wp\/v2\/posts"}],"about":[{"href":"http:\/\/maismagazine.pt\/index.php\/wp-json\/wp\/v2\/types\/post"}],"author":[{"embeddable":true,"href":"http:\/\/maismagazine.pt\/index.php\/wp-json\/wp\/v2\/users\/18"}],"replies":[{"embeddable":true,"href":"http:\/\/maismagazine.pt\/index.php\/wp-json\/wp\/v2\/comments?post=7629"}],"version-history":[{"count":1,"href":"http:\/\/maismagazine.pt\/index.php\/wp-json\/wp\/v2\/posts\/7629\/revisions"}],"predecessor-version":[{"id":7631,"href":"http:\/\/maismagazine.pt\/index.php\/wp-json\/wp\/v2\/posts\/7629\/revisions\/7631"}],"wp:featuredmedia":[{"embeddable":true,"href":"http:\/\/maismagazine.pt\/index.php\/wp-json\/wp\/v2\/media\/7630"}],"wp:attachment":[{"href":"http:\/\/maismagazine.pt\/index.php\/wp-json\/wp\/v2\/media?parent=7629"}],"wp:term":[{"taxonomy":"category","embeddable":true,"href":"http:\/\/maismagazine.pt\/index.php\/wp-json\/wp\/v2\/categories?post=7629"},{"taxonomy":"post_tag","embeddable":true,"href":"http:\/\/maismagazine.pt\/index.php\/wp-json\/wp\/v2\/tags?post=7629"}],"curies":[{"name":"wp","href":"https:\/\/api.w.org\/{rel}","templated":true}]}}