{"id":7626,"date":"2023-08-04T10:49:26","date_gmt":"2023-08-04T09:49:26","guid":{"rendered":"https:\/\/maismagazine.pt\/?p=7626"},"modified":"2023-08-04T10:49:26","modified_gmt":"2023-08-04T09:49:26","slug":"esec-abre-candidaturas-para-cursos-livres-de-linguas","status":"publish","type":"post","link":"http:\/\/maismagazine.pt\/index.php\/2023\/08\/04\/esec-abre-candidaturas-para-cursos-livres-de-linguas\/","title":{"rendered":"ESEC abre candidaturas para Cursos Livres de L\u00ednguas"},"content":{"rendered":"\n<p>Aprender uma l\u00edngua envolve diferentes campos de aprendizagem, fomenta um maior desenvolvimento cognitivo em \u00e1reas como a flexibilidade mental ou a criatividade.\u00a0 Portanto, estudar uma l\u00edngua estrangeira melhora a nossa capacidade de aprender,\u00a0 de obter melhores resultados acad\u00e9micos e profissionais, abre novas oportunidades de trabalho.<\/p>\n\n\n\n<p><\/p>\n\n\n\n<p>Al\u00e9m dos benef\u00edcios cognitivos, a aprendizagem de uma l\u00edngua estrangeira conduz-nos \u00e0 aquisi\u00e7\u00e3o de outras aptid\u00f5es de grande relevo. Aprender l\u00ednguas implica tamb\u00e9m lidar com as respetivas culturas num mundo em r\u00e1pida e constante mudan\u00e7a muta\u00e7\u00e3o e cada vez mais global.<\/p>\n\n\n\n<p><\/p>\n\n\n\n<p>O encontro com diferentes culturas gera uma maior toler\u00e2ncia para com os diversos estilos de vida, h\u00e1bitos sociais e costumes,\u00a0 melhorando significativamente as capacidades de comunica\u00e7\u00e3o e de intercompreens\u00e3o.<\/p>\n\n\n\n<p><\/p>\n\n\n\n<p>\u00c9 com esse objetivo maior que a Knowledge Factory \u2013 Language School abriu as suas portas, n\u00e3o apenas a pensar\u00a0 na valoriza\u00e7\u00e3o dos estudantes da Escola Superior de Educa\u00e7\u00e3o de Coimbra mas, ainda, em toda a restante comunidade.<\/p>\n\n\n\n<p><\/p>\n\n\n\n<p>A Knowledge Factory \u2013 Language School da Escola Superior de Educa\u00e7\u00e3o do Polit\u00e9cnico de Coimbra tem abertas as candidaturas at\u00e9 <strong>1 de setembro de 2023<\/strong>, para a frequ\u00eancia de<strong> Cursos Livres de L\u00ednguas <\/strong>no 1\u00ba semestre 2023\/2024.<\/p>\n\n\n\n<p><\/p>\n\n\n\n<p>Encontram-se a decorrer candidaturas aos aos v\u00e1rios n\u00edveis dos cursos livres de <strong>Alem\u00e3o<\/strong>, <strong>Espanhol<\/strong>, <strong>Franc\u00eas<\/strong>, <strong>L\u00edngua Gestual Portuguesa<\/strong>, <strong>Ingl\u00eas<\/strong>, <strong>Italiano<\/strong> e ainda <strong>Portugu\u00eas para estrangeiros<\/strong>.<\/p>\n\n\n\n<p><\/p>\n\n\n\n<p>Com in\u00edcio previsto para setembro de 2023, os cursos livres de l\u00ednguas funcionar\u00e3o em regime <strong>E-Learning<\/strong>, num total de <strong>60 horas<\/strong>, com uma <strong>carga hor\u00e1ria semanal de 4 horas<\/strong> (2 aulas de 2 horas, por semana) em <strong>hor\u00e1rio p\u00f3s-laboral<\/strong> (ap\u00f3s as 18h30 durante a semana e\/ou aos s\u00e1bados), com a exce\u00e7\u00e3o dos cursos de Alem\u00e3o A1.1 e A1.2 que iniciam as aulas \u00e0s 16h00. Os cursos t\u00eam um custo total de 180\u20ac para o p\u00fablico em geral e de 135\u20ac para a Comunidade do Polit\u00e9cnico de Coimbra de acordo com o estabelecido na tabela de emolumentos. Este valor inclui a taxa de candidatura de 25\u20ac, a taxa de inscri\u00e7\u00e3o de 25\u20ac, a propina no valor de 115\u20ac para o p\u00fablico geral e de 70\u20ac para atuais alunos do Polit\u00e9cnico de Coimbra (IPC), funcion\u00e1rios docentes e n\u00e3o docentes do IPC e respetivos agregados familiares diretos; diplomados pela ESEC (c\u00f4njuge e descendentes); Cooperantes (c\u00f4njuge e descendentes) e o certificado de conclus\u00e3o do curso no valor de 15\u20ac.<\/p>\n\n\n\n<p><\/p>\n\n\n\n<p>Os Cursos Livres de L\u00ednguas da ESEC ser\u00e3o lecionados exclusivamente \u00e0 dist\u00e2ncia, com recurso a tecnologia multim\u00e9dia, metodologias interativas, materiais de refer\u00eancia e apoio online.<\/p>\n\n\n\n<p><\/p>\n\n\n\n<p>Todos os cursos livres de l\u00ednguas da ESEC est\u00e3o estruturados de acordo com o Quadro Europeu Comum de Refer\u00eancia para as L\u00ednguas. O quadro de refer\u00eancia \u00e9 a base comum de aprendizagem de l\u00ednguas estrangeiras na Europa, o qual abrange as compet\u00eancias lingu\u00edsticas em diferentes \u00e1reas.<\/p>\n\n\n\n<p>Mais informa\u00e7\u00f5es sobre os cursos e candidaturas, em <a href=\"https:\/\/www.esec.pt\/knowledge-factory\/cursos-de-linguas\/\">CURSOS de L\u00cdNGUAS<\/a><\/p>\n","protected":false},"excerpt":{"rendered":"<p>Aprender uma l\u00edngua envolve diferentes campos de aprendizagem, fomenta um maior desenvolvimento cognitivo em \u00e1reas como a flexibilidade mental ou a criatividade.\u00a0 Portanto, estudar uma l\u00edngua estrangeira melhora a nossa capacidade de aprender,\u00a0 de obter melhores resultados acad\u00e9micos e profissionais, abre novas oportunidades de trabalho. Al\u00e9m dos benef\u00edcios cognitivos, a&hellip;<\/p>\n","protected":false},"author":18,"featured_media":7627,"comment_status":"closed","ping_status":"open","sticky":false,"template":"","format":"standard","meta":{"advgb_blocks_editor_width":"","advgb_blocks_columns_visual_guide":"","_monsterinsights_skip_tracking":false,"_monsterinsights_sitenote_active":false,"_monsterinsights_sitenote_note":"","_monsterinsights_sitenote_category":0,"footnotes":""},"categories":[7],"tags":[525,1649],"class_list":["post-7626","post","type-post","status-publish","format-standard","has-post-thumbnail","hentry","category-noticias","tag-educacao","tag-esec"],"yoast_head":"<!-- This site is optimized with the Yoast SEO plugin v24.4 - https:\/\/yoast.com\/wordpress\/plugins\/seo\/ -->\n<title>ESEC abre candidaturas para Cursos Livres de L\u00ednguas - Mais Magazine<\/title>\n<meta name=\"robots\" content=\"index, follow, max-snippet:-1, max-image-preview:large, max-video-preview:-1\" \/>\n<link rel=\"canonical\" href=\"http:\/\/maismagazine.pt\/index.php\/2023\/08\/04\/esec-abre-candidaturas-para-cursos-livres-de-linguas\/\" \/>\n<meta property=\"og:locale\" content=\"pt_PT\" \/>\n<meta property=\"og:type\" content=\"article\" \/>\n<meta property=\"og:title\" content=\"ESEC abre candidaturas para Cursos Livres de L\u00ednguas - Mais Magazine\" \/>\n<meta property=\"og:description\" content=\"Aprender uma l\u00edngua envolve diferentes campos de aprendizagem, fomenta um maior desenvolvimento cognitivo em \u00e1reas como a flexibilidade mental ou a criatividade.\u00a0 Portanto, estudar uma l\u00edngua estrangeira melhora a nossa capacidade de aprender,\u00a0 de obter melhores resultados acad\u00e9micos e profissionais, abre novas oportunidades de trabalho. Al\u00e9m dos benef\u00edcios cognitivos, a&hellip;\" \/>\n<meta property=\"og:url\" content=\"http:\/\/maismagazine.pt\/index.php\/2023\/08\/04\/esec-abre-candidaturas-para-cursos-livres-de-linguas\/\" \/>\n<meta property=\"og:site_name\" content=\"Mais Magazine\" \/>\n<meta property=\"article:published_time\" content=\"2023-08-04T09:49:26+00:00\" \/>\n<meta property=\"og:image\" content=\"http:\/\/maismagazine.pt\/wp-content\/uploads\/2023\/08\/DSC_6324.jpg\" \/>\n\t<meta property=\"og:image:width\" content=\"1500\" \/>\n\t<meta property=\"og:image:height\" content=\"1000\" \/>\n\t<meta property=\"og:image:type\" content=\"image\/jpeg\" \/>\n<meta name=\"author\" content=\"Tatiana Martins\" \/>\n<meta name=\"twitter:card\" content=\"summary_large_image\" \/>\n<meta name=\"twitter:label1\" content=\"Escrito por\" \/>\n\t<meta name=\"twitter:data1\" content=\"\" \/>\n\t<meta name=\"twitter:label2\" content=\"Tempo estimado de leitura\" \/>\n\t<meta name=\"twitter:data2\" content=\"3 minutos\" \/>\n<script type=\"application\/ld+json\" class=\"yoast-schema-graph\">{\"@context\":\"https:\/\/schema.org\",\"@graph\":[{\"@type\":\"Article\",\"@id\":\"http:\/\/maismagazine.pt\/index.php\/2023\/08\/04\/esec-abre-candidaturas-para-cursos-livres-de-linguas\/#article\",\"isPartOf\":{\"@id\":\"http:\/\/maismagazine.pt\/index.php\/2023\/08\/04\/esec-abre-candidaturas-para-cursos-livres-de-linguas\/\"},\"author\":{\"name\":\"Tatiana Martins\",\"@id\":\"http:\/\/maismagazine.pt\/#\/schema\/person\/7426e2caeb8df32a1b56aa48dae778c9\"},\"headline\":\"ESEC abre candidaturas para Cursos Livres de L\u00ednguas\",\"datePublished\":\"2023-08-04T09:49:26+00:00\",\"mainEntityOfPage\":{\"@id\":\"http:\/\/maismagazine.pt\/index.php\/2023\/08\/04\/esec-abre-candidaturas-para-cursos-livres-de-linguas\/\"},\"wordCount\":517,\"publisher\":{\"@id\":\"http:\/\/maismagazine.pt\/#organization\"},\"image\":{\"@id\":\"http:\/\/maismagazine.pt\/index.php\/2023\/08\/04\/esec-abre-candidaturas-para-cursos-livres-de-linguas\/#primaryimage\"},\"thumbnailUrl\":\"http:\/\/maismagazine.pt\/wp-content\/uploads\/2023\/08\/DSC_6324.jpg\",\"keywords\":[\"Educa\u00e7\u00e3o\",\"ESEC\"],\"articleSection\":[\"Not\u00edcias\"],\"inLanguage\":\"pt-PT\"},{\"@type\":\"WebPage\",\"@id\":\"http:\/\/maismagazine.pt\/index.php\/2023\/08\/04\/esec-abre-candidaturas-para-cursos-livres-de-linguas\/\",\"url\":\"http:\/\/maismagazine.pt\/index.php\/2023\/08\/04\/esec-abre-candidaturas-para-cursos-livres-de-linguas\/\",\"name\":\"ESEC abre candidaturas para Cursos Livres de L\u00ednguas - Mais Magazine\",\"isPartOf\":{\"@id\":\"http:\/\/maismagazine.pt\/#website\"},\"primaryImageOfPage\":{\"@id\":\"http:\/\/maismagazine.pt\/index.php\/2023\/08\/04\/esec-abre-candidaturas-para-cursos-livres-de-linguas\/#primaryimage\"},\"image\":{\"@id\":\"http:\/\/maismagazine.pt\/index.php\/2023\/08\/04\/esec-abre-candidaturas-para-cursos-livres-de-linguas\/#primaryimage\"},\"thumbnailUrl\":\"http:\/\/maismagazine.pt\/wp-content\/uploads\/2023\/08\/DSC_6324.jpg\",\"datePublished\":\"2023-08-04T09:49:26+00:00\",\"breadcrumb\":{\"@id\":\"http:\/\/maismagazine.pt\/index.php\/2023\/08\/04\/esec-abre-candidaturas-para-cursos-livres-de-linguas\/#breadcrumb\"},\"inLanguage\":\"pt-PT\",\"potentialAction\":[{\"@type\":\"ReadAction\",\"target\":[\"http:\/\/maismagazine.pt\/index.php\/2023\/08\/04\/esec-abre-candidaturas-para-cursos-livres-de-linguas\/\"]}]},{\"@type\":\"ImageObject\",\"inLanguage\":\"pt-PT\",\"@id\":\"http:\/\/maismagazine.pt\/index.php\/2023\/08\/04\/esec-abre-candidaturas-para-cursos-livres-de-linguas\/#primaryimage\",\"url\":\"http:\/\/maismagazine.pt\/wp-content\/uploads\/2023\/08\/DSC_6324.jpg\",\"contentUrl\":\"http:\/\/maismagazine.pt\/wp-content\/uploads\/2023\/08\/DSC_6324.jpg\",\"width\":1500,\"height\":1000},{\"@type\":\"BreadcrumbList\",\"@id\":\"http:\/\/maismagazine.pt\/index.php\/2023\/08\/04\/esec-abre-candidaturas-para-cursos-livres-de-linguas\/#breadcrumb\",\"itemListElement\":[{\"@type\":\"ListItem\",\"position\":1,\"name\":\"Home\",\"item\":\"http:\/\/maismagazine.pt\/\"},{\"@type\":\"ListItem\",\"position\":2,\"name\":\"ESEC abre candidaturas para Cursos Livres de L\u00ednguas\"}]},{\"@type\":\"WebSite\",\"@id\":\"http:\/\/maismagazine.pt\/#website\",\"url\":\"http:\/\/maismagazine.pt\/\",\"name\":\"Mais Magazine\",\"description\":\"\",\"publisher\":{\"@id\":\"http:\/\/maismagazine.pt\/#organization\"},\"potentialAction\":[{\"@type\":\"SearchAction\",\"target\":{\"@type\":\"EntryPoint\",\"urlTemplate\":\"http:\/\/maismagazine.pt\/?s={search_term_string}\"},\"query-input\":{\"@type\":\"PropertyValueSpecification\",\"valueRequired\":true,\"valueName\":\"search_term_string\"}}],\"inLanguage\":\"pt-PT\"},{\"@type\":\"Organization\",\"@id\":\"http:\/\/maismagazine.pt\/#organization\",\"name\":\"Mais Magazine\",\"url\":\"http:\/\/maismagazine.pt\/\",\"logo\":{\"@type\":\"ImageObject\",\"inLanguage\":\"pt-PT\",\"@id\":\"http:\/\/maismagazine.pt\/#\/schema\/logo\/image\/\",\"url\":\"http:\/\/maismagazine.pt\/wp-content\/uploads\/2020\/04\/cropped-cropped-mais-magazine-site-logo-2.png\",\"contentUrl\":\"http:\/\/maismagazine.pt\/wp-content\/uploads\/2020\/04\/cropped-cropped-mais-magazine-site-logo-2.png\",\"width\":581,\"height\":90,\"caption\":\"Mais Magazine\"},\"image\":{\"@id\":\"http:\/\/maismagazine.pt\/#\/schema\/logo\/image\/\"}},{\"@type\":\"Person\",\"@id\":\"http:\/\/maismagazine.pt\/#\/schema\/person\/7426e2caeb8df32a1b56aa48dae778c9\",\"name\":\"Tatiana Martins\",\"image\":{\"@type\":\"ImageObject\",\"inLanguage\":\"pt-PT\",\"@id\":\"http:\/\/maismagazine.pt\/#\/schema\/person\/image\/\",\"url\":\"https:\/\/secure.gravatar.com\/avatar\/4b24a57f5d0425f2eb20981c4b53244e?s=96&d=mm&r=g\",\"contentUrl\":\"https:\/\/secure.gravatar.com\/avatar\/4b24a57f5d0425f2eb20981c4b53244e?s=96&d=mm&r=g\",\"caption\":\"Tatiana Martins\"},\"url\":\"http:\/\/maismagazine.pt\/index.php\/author\/tatiana\/\"}]}<\/script>\n<!-- \/ Yoast SEO plugin. -->","yoast_head_json":{"title":"ESEC abre candidaturas para Cursos Livres de L\u00ednguas - Mais Magazine","robots":{"index":"index","follow":"follow","max-snippet":"max-snippet:-1","max-image-preview":"max-image-preview:large","max-video-preview":"max-video-preview:-1"},"canonical":"http:\/\/maismagazine.pt\/index.php\/2023\/08\/04\/esec-abre-candidaturas-para-cursos-livres-de-linguas\/","og_locale":"pt_PT","og_type":"article","og_title":"ESEC abre candidaturas para Cursos Livres de L\u00ednguas - Mais Magazine","og_description":"Aprender uma l\u00edngua envolve diferentes campos de aprendizagem, fomenta um maior desenvolvimento cognitivo em \u00e1reas como a flexibilidade mental ou a criatividade.\u00a0 Portanto, estudar uma l\u00edngua estrangeira melhora a nossa capacidade de aprender,\u00a0 de obter melhores resultados acad\u00e9micos e profissionais, abre novas oportunidades de trabalho. Al\u00e9m dos benef\u00edcios cognitivos, a&hellip;","og_url":"http:\/\/maismagazine.pt\/index.php\/2023\/08\/04\/esec-abre-candidaturas-para-cursos-livres-de-linguas\/","og_site_name":"Mais Magazine","article_published_time":"2023-08-04T09:49:26+00:00","og_image":[{"width":1500,"height":1000,"url":"http:\/\/maismagazine.pt\/wp-content\/uploads\/2023\/08\/DSC_6324.jpg","type":"image\/jpeg"}],"author":"Tatiana Martins","twitter_card":"summary_large_image","twitter_misc":{"Escrito por":false,"Tempo estimado de leitura":"3 minutos"},"schema":{"@context":"https:\/\/schema.org","@graph":[{"@type":"Article","@id":"http:\/\/maismagazine.pt\/index.php\/2023\/08\/04\/esec-abre-candidaturas-para-cursos-livres-de-linguas\/#article","isPartOf":{"@id":"http:\/\/maismagazine.pt\/index.php\/2023\/08\/04\/esec-abre-candidaturas-para-cursos-livres-de-linguas\/"},"author":{"name":"Tatiana Martins","@id":"http:\/\/maismagazine.pt\/#\/schema\/person\/7426e2caeb8df32a1b56aa48dae778c9"},"headline":"ESEC abre candidaturas para Cursos Livres de L\u00ednguas","datePublished":"2023-08-04T09:49:26+00:00","mainEntityOfPage":{"@id":"http:\/\/maismagazine.pt\/index.php\/2023\/08\/04\/esec-abre-candidaturas-para-cursos-livres-de-linguas\/"},"wordCount":517,"publisher":{"@id":"http:\/\/maismagazine.pt\/#organization"},"image":{"@id":"http:\/\/maismagazine.pt\/index.php\/2023\/08\/04\/esec-abre-candidaturas-para-cursos-livres-de-linguas\/#primaryimage"},"thumbnailUrl":"http:\/\/maismagazine.pt\/wp-content\/uploads\/2023\/08\/DSC_6324.jpg","keywords":["Educa\u00e7\u00e3o","ESEC"],"articleSection":["Not\u00edcias"],"inLanguage":"pt-PT"},{"@type":"WebPage","@id":"http:\/\/maismagazine.pt\/index.php\/2023\/08\/04\/esec-abre-candidaturas-para-cursos-livres-de-linguas\/","url":"http:\/\/maismagazine.pt\/index.php\/2023\/08\/04\/esec-abre-candidaturas-para-cursos-livres-de-linguas\/","name":"ESEC abre candidaturas para Cursos Livres de L\u00ednguas - Mais Magazine","isPartOf":{"@id":"http:\/\/maismagazine.pt\/#website"},"primaryImageOfPage":{"@id":"http:\/\/maismagazine.pt\/index.php\/2023\/08\/04\/esec-abre-candidaturas-para-cursos-livres-de-linguas\/#primaryimage"},"image":{"@id":"http:\/\/maismagazine.pt\/index.php\/2023\/08\/04\/esec-abre-candidaturas-para-cursos-livres-de-linguas\/#primaryimage"},"thumbnailUrl":"http:\/\/maismagazine.pt\/wp-content\/uploads\/2023\/08\/DSC_6324.jpg","datePublished":"2023-08-04T09:49:26+00:00","breadcrumb":{"@id":"http:\/\/maismagazine.pt\/index.php\/2023\/08\/04\/esec-abre-candidaturas-para-cursos-livres-de-linguas\/#breadcrumb"},"inLanguage":"pt-PT","potentialAction":[{"@type":"ReadAction","target":["http:\/\/maismagazine.pt\/index.php\/2023\/08\/04\/esec-abre-candidaturas-para-cursos-livres-de-linguas\/"]}]},{"@type":"ImageObject","inLanguage":"pt-PT","@id":"http:\/\/maismagazine.pt\/index.php\/2023\/08\/04\/esec-abre-candidaturas-para-cursos-livres-de-linguas\/#primaryimage","url":"http:\/\/maismagazine.pt\/wp-content\/uploads\/2023\/08\/DSC_6324.jpg","contentUrl":"http:\/\/maismagazine.pt\/wp-content\/uploads\/2023\/08\/DSC_6324.jpg","width":1500,"height":1000},{"@type":"BreadcrumbList","@id":"http:\/\/maismagazine.pt\/index.php\/2023\/08\/04\/esec-abre-candidaturas-para-cursos-livres-de-linguas\/#breadcrumb","itemListElement":[{"@type":"ListItem","position":1,"name":"Home","item":"http:\/\/maismagazine.pt\/"},{"@type":"ListItem","position":2,"name":"ESEC abre candidaturas para Cursos Livres de L\u00ednguas"}]},{"@type":"WebSite","@id":"http:\/\/maismagazine.pt\/#website","url":"http:\/\/maismagazine.pt\/","name":"Mais Magazine","description":"","publisher":{"@id":"http:\/\/maismagazine.pt\/#organization"},"potentialAction":[{"@type":"SearchAction","target":{"@type":"EntryPoint","urlTemplate":"http:\/\/maismagazine.pt\/?s={search_term_string}"},"query-input":{"@type":"PropertyValueSpecification","valueRequired":true,"valueName":"search_term_string"}}],"inLanguage":"pt-PT"},{"@type":"Organization","@id":"http:\/\/maismagazine.pt\/#organization","name":"Mais Magazine","url":"http:\/\/maismagazine.pt\/","logo":{"@type":"ImageObject","inLanguage":"pt-PT","@id":"http:\/\/maismagazine.pt\/#\/schema\/logo\/image\/","url":"http:\/\/maismagazine.pt\/wp-content\/uploads\/2020\/04\/cropped-cropped-mais-magazine-site-logo-2.png","contentUrl":"http:\/\/maismagazine.pt\/wp-content\/uploads\/2020\/04\/cropped-cropped-mais-magazine-site-logo-2.png","width":581,"height":90,"caption":"Mais Magazine"},"image":{"@id":"http:\/\/maismagazine.pt\/#\/schema\/logo\/image\/"}},{"@type":"Person","@id":"http:\/\/maismagazine.pt\/#\/schema\/person\/7426e2caeb8df32a1b56aa48dae778c9","name":"Tatiana Martins","image":{"@type":"ImageObject","inLanguage":"pt-PT","@id":"http:\/\/maismagazine.pt\/#\/schema\/person\/image\/","url":"https:\/\/secure.gravatar.com\/avatar\/4b24a57f5d0425f2eb20981c4b53244e?s=96&d=mm&r=g","contentUrl":"https:\/\/secure.gravatar.com\/avatar\/4b24a57f5d0425f2eb20981c4b53244e?s=96&d=mm&r=g","caption":"Tatiana Martins"},"url":"http:\/\/maismagazine.pt\/index.php\/author\/tatiana\/"}]}},"author_meta":{"display_name":false,"author_link":"http:\/\/maismagazine.pt\/index.php\/author\/tatiana\/"},"featured_img":"http:\/\/maismagazine.pt\/wp-content\/uploads\/2023\/08\/DSC_6324-300x200.jpg","coauthors":[],"tax_additional":{"categories":{"linked":["<a href=\"http:\/\/maismagazine.pt\/index.php\/category\/noticias\/\" class=\"advgb-post-tax-term\">Not\u00edcias<\/a>"],"unlinked":["<span class=\"advgb-post-tax-term\">Not\u00edcias<\/span>"]},"tags":{"linked":["<a href=\"http:\/\/maismagazine.pt\/index.php\/category\/noticias\/\" class=\"advgb-post-tax-term\">Educa\u00e7\u00e3o<\/a>","<a href=\"http:\/\/maismagazine.pt\/index.php\/category\/noticias\/\" class=\"advgb-post-tax-term\">ESEC<\/a>"],"unlinked":["<span class=\"advgb-post-tax-term\">Educa\u00e7\u00e3o<\/span>","<span class=\"advgb-post-tax-term\">ESEC<\/span>"]}},"comment_count":"0","relative_dates":{"created":"Posted 3 anos ago","modified":"Updated 3 anos ago"},"absolute_dates":{"created":"Posted on 4 de Agosto, 2023","modified":"Updated on 4 de Agosto, 2023"},"absolute_dates_time":{"created":"Posted on 4 de Agosto, 2023 10:49","modified":"Updated on 4 de Agosto, 2023 10:49"},"featured_img_caption":"","series_order":"","_links":{"self":[{"href":"http:\/\/maismagazine.pt\/index.php\/wp-json\/wp\/v2\/posts\/7626","targetHints":{"allow":["GET"]}}],"collection":[{"href":"http:\/\/maismagazine.pt\/index.php\/wp-json\/wp\/v2\/posts"}],"about":[{"href":"http:\/\/maismagazine.pt\/index.php\/wp-json\/wp\/v2\/types\/post"}],"author":[{"embeddable":true,"href":"http:\/\/maismagazine.pt\/index.php\/wp-json\/wp\/v2\/users\/18"}],"replies":[{"embeddable":true,"href":"http:\/\/maismagazine.pt\/index.php\/wp-json\/wp\/v2\/comments?post=7626"}],"version-history":[{"count":1,"href":"http:\/\/maismagazine.pt\/index.php\/wp-json\/wp\/v2\/posts\/7626\/revisions"}],"predecessor-version":[{"id":7628,"href":"http:\/\/maismagazine.pt\/index.php\/wp-json\/wp\/v2\/posts\/7626\/revisions\/7628"}],"wp:featuredmedia":[{"embeddable":true,"href":"http:\/\/maismagazine.pt\/index.php\/wp-json\/wp\/v2\/media\/7627"}],"wp:attachment":[{"href":"http:\/\/maismagazine.pt\/index.php\/wp-json\/wp\/v2\/media?parent=7626"}],"wp:term":[{"taxonomy":"category","embeddable":true,"href":"http:\/\/maismagazine.pt\/index.php\/wp-json\/wp\/v2\/categories?post=7626"},{"taxonomy":"post_tag","embeddable":true,"href":"http:\/\/maismagazine.pt\/index.php\/wp-json\/wp\/v2\/tags?post=7626"}],"curies":[{"name":"wp","href":"https:\/\/api.w.org\/{rel}","templated":true}]}}