{"id":7502,"date":"2023-07-28T07:00:00","date_gmt":"2023-07-28T06:00:00","guid":{"rendered":"https:\/\/maismagazine.pt\/?p=7502"},"modified":"2023-07-20T12:20:06","modified_gmt":"2023-07-20T11:20:06","slug":"o-privado-tem-estado-sempre-na-frente-e-assim-queremos-continuar","status":"publish","type":"post","link":"http:\/\/maismagazine.pt\/index.php\/2023\/07\/28\/o-privado-tem-estado-sempre-na-frente-e-assim-queremos-continuar\/","title":{"rendered":"\u201cO privado tem estado sempre na frente e assim queremos continuar\u201d"},"content":{"rendered":"\n<p><strong>A Associa\u00e7\u00e3o dos Estabelecimentos de Ensino Particular e Cooperativo (AEEP) \u00e9 a institui\u00e7\u00e3o mais representativa do setor de educa\u00e7\u00e3o n\u00e3o superior n\u00e3o estatal, representando atualmente cerca de 400 estabelecimentos, o que corresponde a 20% do setor da educa\u00e7\u00e3o em Portugal, do Pr\u00e9-Escolar ao Ensino Secund\u00e1rio. Lu\u00eds Virtuoso, Presidente da AEEP, deu a conhecer \u00e0 Mais Magazine o trabalho realizado pela associa\u00e7\u00e3o no desenvolvimento e alavancagem do ensino particular e cooperativo n\u00e3o superior. <\/strong><\/p>\n\n\n\n<p><\/p>\n\n\n\n<p>A AEEP nasce, em 1974, com o Portugal democr\u00e1tico e tem na autonomia e nas liberdades \u2013 de aprender, de ensinar e de escolha da escola \u2013 os seus princ\u00edpios fundacionais. Apesar de se reger por um estatuto pr\u00f3prio e representar o setor privado de educa\u00e7\u00e3o, a miss\u00e3o educativa que a AEEP presta ao pa\u00eds \u00e9 de incontorn\u00e1vel interesse p\u00fablico, como afirma Lu\u00eds Virtuoso: \u201cO setor privado de ensino contribui anualmente para a educa\u00e7\u00e3o e forma\u00e7\u00e3o de milhares de crian\u00e7as e jovens e \u00e9 um setor que presta um servi\u00e7o de elevad\u00edssimo valor acrescentado ao pa\u00eds.\u201d A perce\u00e7\u00e3o generalizada de que os estabelecimentos privados de ensino prestam um servi\u00e7o educativo de enorme qualidade tem correspond\u00eancia e ades\u00e3o \u00e0 realidade, sendo que dados recentes demonstram que o setor de educa\u00e7\u00e3o n\u00e3o estatal \u00e9 cada vez mais procurado pelas fam\u00edlias portuguesas, sendo que muitas escolas privadas j\u00e1 esgotaram as suas pr\u00e9-inscri\u00e7\u00f5es para o pr\u00f3ximo ano letivo. \u201cAs fam\u00edlias que t\u00eam liberdade para escolher a escola dos seus filhos, ou seja, que t\u00eam capacidade financeira, optam pelo setor privado de educa\u00e7\u00e3o e pela qualidade que lhe est\u00e1 associada. Que qualidade \u00e9 essa? No fundo, \u00e9 a qualidade que deriva de resultados, de aprendizagens, de ambiente escolar, de percurso educativo, de proposta pedag\u00f3gica\u201d, esclarece Lu\u00eds Virtuoso .Escolas privadas lideram uma vez mais o ranking nacional. Uma vez mais, e \u00e0 semelhan\u00e7a de anos anteriores, os estabelecimentos de ensino privado continuam a liderar o ranking das escolas portuguesas do secund\u00e1rio e ensino b\u00e1sico, divulgado pelo Minist\u00e9rio da Educa\u00e7\u00e3o. Lu\u00eds Virtuoso encontra no \u201ctrabalho consistente de fidelidade a um projeto educativo, com pr\u00e1ticas pedag\u00f3gicas consolidadas e capazes de alcan\u00e7ar resultados\u201d alguns dos fatores que t\u00eam contribu\u00eddo para que as institui\u00e7\u00f5es de ensino n\u00e3o estatais continuem a ocupar, ano ap\u00f3s ano, os lugares cimeiros. \u201cA procura e a busca de qualidade n\u00e3o \u00e9 fruto do acaso. As escolas privadas t\u00eam lideran\u00e7as que impulsionam a escola a inovar, corpos docentes est\u00e1veis, tranquilidade e paz laboral, avalia\u00e7\u00f5es constantes aos servi\u00e7os prestados, acompanhamento pr\u00f3ximo aos alunos, envolvimento dos pais nas atividades da escola&#8230; s\u00e3o muitos os fatores. O privado tem estado sempre na frente e assim queremos continuar.\u201d <\/p>\n\n\n<div class=\"wp-block-image\">\n<figure class=\"aligncenter size-large is-resized\"><img loading=\"lazy\" decoding=\"async\" src=\"https:\/\/maismagazine.pt\/wp-content\/uploads\/2023\/07\/fb_aeep-1024x538.png\" alt=\"\" class=\"wp-image-7505\" width=\"283\" height=\"149\" srcset=\"http:\/\/maismagazine.pt\/wp-content\/uploads\/2023\/07\/fb_aeep-1024x538.png 1024w, http:\/\/maismagazine.pt\/wp-content\/uploads\/2023\/07\/fb_aeep-300x158.png 300w, http:\/\/maismagazine.pt\/wp-content\/uploads\/2023\/07\/fb_aeep-768x403.png 768w, http:\/\/maismagazine.pt\/wp-content\/uploads\/2023\/07\/fb_aeep.png 1200w\" sizes=\"auto, (max-width: 283px) 100vw, 283px\" \/><\/figure><\/div>","protected":false},"excerpt":{"rendered":"<p>A Associa\u00e7\u00e3o dos Estabelecimentos de Ensino Particular e Cooperativo (AEEP) \u00e9 a institui\u00e7\u00e3o mais representativa do setor de educa\u00e7\u00e3o n\u00e3o superior n\u00e3o estatal, representando atualmente cerca de 400 estabelecimentos, o que corresponde a 20% do setor da educa\u00e7\u00e3o em Portugal, do Pr\u00e9-Escolar ao Ensino Secund\u00e1rio. Lu\u00eds Virtuoso, Presidente da AEEP,&hellip;<\/p>\n","protected":false},"author":17,"featured_media":7506,"comment_status":"closed","ping_status":"open","sticky":false,"template":"","format":"standard","meta":{"advgb_blocks_editor_width":"","advgb_blocks_columns_visual_guide":"","_monsterinsights_skip_tracking":false,"_monsterinsights_sitenote_active":false,"_monsterinsights_sitenote_note":"","_monsterinsights_sitenote_category":0,"footnotes":""},"categories":[52,149,51],"tags":[524,521],"class_list":["post-7502","post","type-post","status-publish","format-standard","has-post-thumbnail","hentry","category-destaque","category-educacao","category-opiniao","tag-aeep","tag-ensino"],"yoast_head":"<!-- This site is optimized with the Yoast SEO plugin v24.4 - https:\/\/yoast.com\/wordpress\/plugins\/seo\/ -->\n<title>\u201cO privado tem estado sempre na frente e assim queremos continuar\u201d - Mais Magazine<\/title>\n<meta name=\"description\" content=\"A Associa\u00e7\u00e3o dos Estabelecimentos de Ensino Particular e Cooperativo (AEEP) \u00e9 a institui\u00e7\u00e3o mais representativa do setor de educa\u00e7\u00e3o n\u00e3o superior n\u00e3o estatal, representando atualmente cerca de 400 estabelecimentos, o que corresponde a 20% do setor da educa\u00e7\u00e3o em Portugal, do Pr\u00e9-Escolar ao Ensino Secund\u00e1rio. Lu\u00eds Virtuoso, Presidente da AEEP, deu a conhecer \u00e0 Mais Magazine o trabalho realizado pela associa\u00e7\u00e3o no desenvolvimento e alavancagem do ensino particular e cooperativo n\u00e3o superior.\" \/>\n<meta name=\"robots\" content=\"index, follow, max-snippet:-1, max-image-preview:large, max-video-preview:-1\" \/>\n<link rel=\"canonical\" href=\"https:\/\/maismagazine.pt\/index.php\/2023\/07\/28\/o-privado-tem-estado-sempre-na-frente-e-assim-queremos-continuar\/\" \/>\n<meta property=\"og:locale\" content=\"pt_PT\" \/>\n<meta property=\"og:type\" content=\"article\" \/>\n<meta property=\"og:title\" content=\"\u201cO privado tem estado sempre na frente e assim queremos continuar\u201d - Mais Magazine\" \/>\n<meta property=\"og:description\" content=\"A Associa\u00e7\u00e3o dos Estabelecimentos de Ensino Particular e Cooperativo (AEEP) \u00e9 a institui\u00e7\u00e3o mais representativa do setor de educa\u00e7\u00e3o n\u00e3o superior n\u00e3o estatal, representando atualmente cerca de 400 estabelecimentos, o que corresponde a 20% do setor da educa\u00e7\u00e3o em Portugal, do Pr\u00e9-Escolar ao Ensino Secund\u00e1rio. Lu\u00eds Virtuoso, Presidente da AEEP, deu a conhecer \u00e0 Mais Magazine o trabalho realizado pela associa\u00e7\u00e3o no desenvolvimento e alavancagem do ensino particular e cooperativo n\u00e3o superior.\" \/>\n<meta property=\"og:url\" content=\"https:\/\/maismagazine.pt\/index.php\/2023\/07\/28\/o-privado-tem-estado-sempre-na-frente-e-assim-queremos-continuar\/\" \/>\n<meta property=\"og:site_name\" content=\"Mais Magazine\" \/>\n<meta property=\"article:published_time\" content=\"2023-07-28T06:00:00+00:00\" \/>\n<meta property=\"og:image\" content=\"https:\/\/maismagazine.pt\/wp-content\/uploads\/2023\/07\/Luis-Virtuoso-Copia.jpg\" \/>\n\t<meta property=\"og:image:width\" content=\"1555\" \/>\n\t<meta property=\"og:image:height\" content=\"2102\" \/>\n\t<meta property=\"og:image:type\" content=\"image\/jpeg\" \/>\n<meta name=\"author\" content=\"Tiago Costa\" \/>\n<meta name=\"twitter:card\" content=\"summary_large_image\" \/>\n<meta name=\"twitter:label1\" content=\"Escrito por\" \/>\n\t<meta name=\"twitter:data1\" content=\"\" \/>\n\t<meta name=\"twitter:label2\" content=\"Tempo estimado de leitura\" \/>\n\t<meta name=\"twitter:data2\" content=\"2 minutos\" \/>\n<script type=\"application\/ld+json\" class=\"yoast-schema-graph\">{\"@context\":\"https:\/\/schema.org\",\"@graph\":[{\"@type\":\"Article\",\"@id\":\"https:\/\/maismagazine.pt\/index.php\/2023\/07\/28\/o-privado-tem-estado-sempre-na-frente-e-assim-queremos-continuar\/#article\",\"isPartOf\":{\"@id\":\"https:\/\/maismagazine.pt\/index.php\/2023\/07\/28\/o-privado-tem-estado-sempre-na-frente-e-assim-queremos-continuar\/\"},\"author\":{\"name\":\"Tiago Costa\",\"@id\":\"http:\/\/maismagazine.pt\/#\/schema\/person\/c6c5bfccc886434cbd11c74e035f9646\"},\"headline\":\"\u201cO privado tem estado sempre na frente e assim queremos continuar\u201d\",\"datePublished\":\"2023-07-28T06:00:00+00:00\",\"mainEntityOfPage\":{\"@id\":\"https:\/\/maismagazine.pt\/index.php\/2023\/07\/28\/o-privado-tem-estado-sempre-na-frente-e-assim-queremos-continuar\/\"},\"wordCount\":490,\"publisher\":{\"@id\":\"http:\/\/maismagazine.pt\/#organization\"},\"image\":{\"@id\":\"https:\/\/maismagazine.pt\/index.php\/2023\/07\/28\/o-privado-tem-estado-sempre-na-frente-e-assim-queremos-continuar\/#primaryimage\"},\"thumbnailUrl\":\"http:\/\/maismagazine.pt\/wp-content\/uploads\/2023\/07\/Luis-Virtuoso-Copia.jpg\",\"keywords\":[\"AEEP\",\"Ensino\"],\"articleSection\":[\"Destaque lateral\",\"Educa\u00e7\u00e3o\",\"Opini\u00e3o\"],\"inLanguage\":\"pt-PT\"},{\"@type\":\"WebPage\",\"@id\":\"https:\/\/maismagazine.pt\/index.php\/2023\/07\/28\/o-privado-tem-estado-sempre-na-frente-e-assim-queremos-continuar\/\",\"url\":\"https:\/\/maismagazine.pt\/index.php\/2023\/07\/28\/o-privado-tem-estado-sempre-na-frente-e-assim-queremos-continuar\/\",\"name\":\"\u201cO privado tem estado sempre na frente e assim queremos continuar\u201d - Mais Magazine\",\"isPartOf\":{\"@id\":\"http:\/\/maismagazine.pt\/#website\"},\"primaryImageOfPage\":{\"@id\":\"https:\/\/maismagazine.pt\/index.php\/2023\/07\/28\/o-privado-tem-estado-sempre-na-frente-e-assim-queremos-continuar\/#primaryimage\"},\"image\":{\"@id\":\"https:\/\/maismagazine.pt\/index.php\/2023\/07\/28\/o-privado-tem-estado-sempre-na-frente-e-assim-queremos-continuar\/#primaryimage\"},\"thumbnailUrl\":\"http:\/\/maismagazine.pt\/wp-content\/uploads\/2023\/07\/Luis-Virtuoso-Copia.jpg\",\"datePublished\":\"2023-07-28T06:00:00+00:00\",\"description\":\"A Associa\u00e7\u00e3o dos Estabelecimentos de Ensino Particular e Cooperativo (AEEP) \u00e9 a institui\u00e7\u00e3o mais representativa do setor de educa\u00e7\u00e3o n\u00e3o superior n\u00e3o estatal, representando atualmente cerca de 400 estabelecimentos, o que corresponde a 20% do setor da educa\u00e7\u00e3o em Portugal, do Pr\u00e9-Escolar ao Ensino Secund\u00e1rio. Lu\u00eds Virtuoso, Presidente da AEEP, deu a conhecer \u00e0 Mais Magazine o trabalho realizado pela associa\u00e7\u00e3o no desenvolvimento e alavancagem do ensino particular e cooperativo n\u00e3o superior.\",\"breadcrumb\":{\"@id\":\"https:\/\/maismagazine.pt\/index.php\/2023\/07\/28\/o-privado-tem-estado-sempre-na-frente-e-assim-queremos-continuar\/#breadcrumb\"},\"inLanguage\":\"pt-PT\",\"potentialAction\":[{\"@type\":\"ReadAction\",\"target\":[\"https:\/\/maismagazine.pt\/index.php\/2023\/07\/28\/o-privado-tem-estado-sempre-na-frente-e-assim-queremos-continuar\/\"]}]},{\"@type\":\"ImageObject\",\"inLanguage\":\"pt-PT\",\"@id\":\"https:\/\/maismagazine.pt\/index.php\/2023\/07\/28\/o-privado-tem-estado-sempre-na-frente-e-assim-queremos-continuar\/#primaryimage\",\"url\":\"http:\/\/maismagazine.pt\/wp-content\/uploads\/2023\/07\/Luis-Virtuoso-Copia.jpg\",\"contentUrl\":\"http:\/\/maismagazine.pt\/wp-content\/uploads\/2023\/07\/Luis-Virtuoso-Copia.jpg\",\"width\":1555,\"height\":2102},{\"@type\":\"BreadcrumbList\",\"@id\":\"https:\/\/maismagazine.pt\/index.php\/2023\/07\/28\/o-privado-tem-estado-sempre-na-frente-e-assim-queremos-continuar\/#breadcrumb\",\"itemListElement\":[{\"@type\":\"ListItem\",\"position\":1,\"name\":\"Home\",\"item\":\"http:\/\/maismagazine.pt\/\"},{\"@type\":\"ListItem\",\"position\":2,\"name\":\"\u201cO privado tem estado sempre na frente e assim queremos continuar\u201d\"}]},{\"@type\":\"WebSite\",\"@id\":\"http:\/\/maismagazine.pt\/#website\",\"url\":\"http:\/\/maismagazine.pt\/\",\"name\":\"Mais Magazine\",\"description\":\"\",\"publisher\":{\"@id\":\"http:\/\/maismagazine.pt\/#organization\"},\"potentialAction\":[{\"@type\":\"SearchAction\",\"target\":{\"@type\":\"EntryPoint\",\"urlTemplate\":\"http:\/\/maismagazine.pt\/?s={search_term_string}\"},\"query-input\":{\"@type\":\"PropertyValueSpecification\",\"valueRequired\":true,\"valueName\":\"search_term_string\"}}],\"inLanguage\":\"pt-PT\"},{\"@type\":\"Organization\",\"@id\":\"http:\/\/maismagazine.pt\/#organization\",\"name\":\"Mais Magazine\",\"url\":\"http:\/\/maismagazine.pt\/\",\"logo\":{\"@type\":\"ImageObject\",\"inLanguage\":\"pt-PT\",\"@id\":\"http:\/\/maismagazine.pt\/#\/schema\/logo\/image\/\",\"url\":\"http:\/\/maismagazine.pt\/wp-content\/uploads\/2020\/04\/cropped-cropped-mais-magazine-site-logo-2.png\",\"contentUrl\":\"http:\/\/maismagazine.pt\/wp-content\/uploads\/2020\/04\/cropped-cropped-mais-magazine-site-logo-2.png\",\"width\":581,\"height\":90,\"caption\":\"Mais Magazine\"},\"image\":{\"@id\":\"http:\/\/maismagazine.pt\/#\/schema\/logo\/image\/\"}},{\"@type\":\"Person\",\"@id\":\"http:\/\/maismagazine.pt\/#\/schema\/person\/c6c5bfccc886434cbd11c74e035f9646\",\"name\":\"Tiago Costa\",\"image\":{\"@type\":\"ImageObject\",\"inLanguage\":\"pt-PT\",\"@id\":\"http:\/\/maismagazine.pt\/#\/schema\/person\/image\/\",\"url\":\"https:\/\/secure.gravatar.com\/avatar\/c599b2bce16c9870429198cbad5ee022?s=96&d=mm&r=g\",\"contentUrl\":\"https:\/\/secure.gravatar.com\/avatar\/c599b2bce16c9870429198cbad5ee022?s=96&d=mm&r=g\",\"caption\":\"Tiago Costa\"},\"url\":\"http:\/\/maismagazine.pt\/index.php\/author\/tiago\/\"}]}<\/script>\n<!-- \/ Yoast SEO plugin. -->","yoast_head_json":{"title":"\u201cO privado tem estado sempre na frente e assim queremos continuar\u201d - Mais Magazine","description":"A Associa\u00e7\u00e3o dos Estabelecimentos de Ensino Particular e Cooperativo (AEEP) \u00e9 a institui\u00e7\u00e3o mais representativa do setor de educa\u00e7\u00e3o n\u00e3o superior n\u00e3o estatal, representando atualmente cerca de 400 estabelecimentos, o que corresponde a 20% do setor da educa\u00e7\u00e3o em Portugal, do Pr\u00e9-Escolar ao Ensino Secund\u00e1rio. Lu\u00eds Virtuoso, Presidente da AEEP, deu a conhecer \u00e0 Mais Magazine o trabalho realizado pela associa\u00e7\u00e3o no desenvolvimento e alavancagem do ensino particular e cooperativo n\u00e3o superior.","robots":{"index":"index","follow":"follow","max-snippet":"max-snippet:-1","max-image-preview":"max-image-preview:large","max-video-preview":"max-video-preview:-1"},"canonical":"https:\/\/maismagazine.pt\/index.php\/2023\/07\/28\/o-privado-tem-estado-sempre-na-frente-e-assim-queremos-continuar\/","og_locale":"pt_PT","og_type":"article","og_title":"\u201cO privado tem estado sempre na frente e assim queremos continuar\u201d - Mais Magazine","og_description":"A Associa\u00e7\u00e3o dos Estabelecimentos de Ensino Particular e Cooperativo (AEEP) \u00e9 a institui\u00e7\u00e3o mais representativa do setor de educa\u00e7\u00e3o n\u00e3o superior n\u00e3o estatal, representando atualmente cerca de 400 estabelecimentos, o que corresponde a 20% do setor da educa\u00e7\u00e3o em Portugal, do Pr\u00e9-Escolar ao Ensino Secund\u00e1rio. Lu\u00eds Virtuoso, Presidente da AEEP, deu a conhecer \u00e0 Mais Magazine o trabalho realizado pela associa\u00e7\u00e3o no desenvolvimento e alavancagem do ensino particular e cooperativo n\u00e3o superior.","og_url":"https:\/\/maismagazine.pt\/index.php\/2023\/07\/28\/o-privado-tem-estado-sempre-na-frente-e-assim-queremos-continuar\/","og_site_name":"Mais Magazine","article_published_time":"2023-07-28T06:00:00+00:00","og_image":[{"width":1555,"height":2102,"url":"https:\/\/maismagazine.pt\/wp-content\/uploads\/2023\/07\/Luis-Virtuoso-Copia.jpg","type":"image\/jpeg"}],"author":"Tiago Costa","twitter_card":"summary_large_image","twitter_misc":{"Escrito por":false,"Tempo estimado de leitura":"2 minutos"},"schema":{"@context":"https:\/\/schema.org","@graph":[{"@type":"Article","@id":"https:\/\/maismagazine.pt\/index.php\/2023\/07\/28\/o-privado-tem-estado-sempre-na-frente-e-assim-queremos-continuar\/#article","isPartOf":{"@id":"https:\/\/maismagazine.pt\/index.php\/2023\/07\/28\/o-privado-tem-estado-sempre-na-frente-e-assim-queremos-continuar\/"},"author":{"name":"Tiago Costa","@id":"http:\/\/maismagazine.pt\/#\/schema\/person\/c6c5bfccc886434cbd11c74e035f9646"},"headline":"\u201cO privado tem estado sempre na frente e assim queremos continuar\u201d","datePublished":"2023-07-28T06:00:00+00:00","mainEntityOfPage":{"@id":"https:\/\/maismagazine.pt\/index.php\/2023\/07\/28\/o-privado-tem-estado-sempre-na-frente-e-assim-queremos-continuar\/"},"wordCount":490,"publisher":{"@id":"http:\/\/maismagazine.pt\/#organization"},"image":{"@id":"https:\/\/maismagazine.pt\/index.php\/2023\/07\/28\/o-privado-tem-estado-sempre-na-frente-e-assim-queremos-continuar\/#primaryimage"},"thumbnailUrl":"http:\/\/maismagazine.pt\/wp-content\/uploads\/2023\/07\/Luis-Virtuoso-Copia.jpg","keywords":["AEEP","Ensino"],"articleSection":["Destaque lateral","Educa\u00e7\u00e3o","Opini\u00e3o"],"inLanguage":"pt-PT"},{"@type":"WebPage","@id":"https:\/\/maismagazine.pt\/index.php\/2023\/07\/28\/o-privado-tem-estado-sempre-na-frente-e-assim-queremos-continuar\/","url":"https:\/\/maismagazine.pt\/index.php\/2023\/07\/28\/o-privado-tem-estado-sempre-na-frente-e-assim-queremos-continuar\/","name":"\u201cO privado tem estado sempre na frente e assim queremos continuar\u201d - Mais Magazine","isPartOf":{"@id":"http:\/\/maismagazine.pt\/#website"},"primaryImageOfPage":{"@id":"https:\/\/maismagazine.pt\/index.php\/2023\/07\/28\/o-privado-tem-estado-sempre-na-frente-e-assim-queremos-continuar\/#primaryimage"},"image":{"@id":"https:\/\/maismagazine.pt\/index.php\/2023\/07\/28\/o-privado-tem-estado-sempre-na-frente-e-assim-queremos-continuar\/#primaryimage"},"thumbnailUrl":"http:\/\/maismagazine.pt\/wp-content\/uploads\/2023\/07\/Luis-Virtuoso-Copia.jpg","datePublished":"2023-07-28T06:00:00+00:00","description":"A Associa\u00e7\u00e3o dos Estabelecimentos de Ensino Particular e Cooperativo (AEEP) \u00e9 a institui\u00e7\u00e3o mais representativa do setor de educa\u00e7\u00e3o n\u00e3o superior n\u00e3o estatal, representando atualmente cerca de 400 estabelecimentos, o que corresponde a 20% do setor da educa\u00e7\u00e3o em Portugal, do Pr\u00e9-Escolar ao Ensino Secund\u00e1rio. Lu\u00eds Virtuoso, Presidente da AEEP, deu a conhecer \u00e0 Mais Magazine o trabalho realizado pela associa\u00e7\u00e3o no desenvolvimento e alavancagem do ensino particular e cooperativo n\u00e3o superior.","breadcrumb":{"@id":"https:\/\/maismagazine.pt\/index.php\/2023\/07\/28\/o-privado-tem-estado-sempre-na-frente-e-assim-queremos-continuar\/#breadcrumb"},"inLanguage":"pt-PT","potentialAction":[{"@type":"ReadAction","target":["https:\/\/maismagazine.pt\/index.php\/2023\/07\/28\/o-privado-tem-estado-sempre-na-frente-e-assim-queremos-continuar\/"]}]},{"@type":"ImageObject","inLanguage":"pt-PT","@id":"https:\/\/maismagazine.pt\/index.php\/2023\/07\/28\/o-privado-tem-estado-sempre-na-frente-e-assim-queremos-continuar\/#primaryimage","url":"http:\/\/maismagazine.pt\/wp-content\/uploads\/2023\/07\/Luis-Virtuoso-Copia.jpg","contentUrl":"http:\/\/maismagazine.pt\/wp-content\/uploads\/2023\/07\/Luis-Virtuoso-Copia.jpg","width":1555,"height":2102},{"@type":"BreadcrumbList","@id":"https:\/\/maismagazine.pt\/index.php\/2023\/07\/28\/o-privado-tem-estado-sempre-na-frente-e-assim-queremos-continuar\/#breadcrumb","itemListElement":[{"@type":"ListItem","position":1,"name":"Home","item":"http:\/\/maismagazine.pt\/"},{"@type":"ListItem","position":2,"name":"\u201cO privado tem estado sempre na frente e assim queremos continuar\u201d"}]},{"@type":"WebSite","@id":"http:\/\/maismagazine.pt\/#website","url":"http:\/\/maismagazine.pt\/","name":"Mais Magazine","description":"","publisher":{"@id":"http:\/\/maismagazine.pt\/#organization"},"potentialAction":[{"@type":"SearchAction","target":{"@type":"EntryPoint","urlTemplate":"http:\/\/maismagazine.pt\/?s={search_term_string}"},"query-input":{"@type":"PropertyValueSpecification","valueRequired":true,"valueName":"search_term_string"}}],"inLanguage":"pt-PT"},{"@type":"Organization","@id":"http:\/\/maismagazine.pt\/#organization","name":"Mais Magazine","url":"http:\/\/maismagazine.pt\/","logo":{"@type":"ImageObject","inLanguage":"pt-PT","@id":"http:\/\/maismagazine.pt\/#\/schema\/logo\/image\/","url":"http:\/\/maismagazine.pt\/wp-content\/uploads\/2020\/04\/cropped-cropped-mais-magazine-site-logo-2.png","contentUrl":"http:\/\/maismagazine.pt\/wp-content\/uploads\/2020\/04\/cropped-cropped-mais-magazine-site-logo-2.png","width":581,"height":90,"caption":"Mais Magazine"},"image":{"@id":"http:\/\/maismagazine.pt\/#\/schema\/logo\/image\/"}},{"@type":"Person","@id":"http:\/\/maismagazine.pt\/#\/schema\/person\/c6c5bfccc886434cbd11c74e035f9646","name":"Tiago Costa","image":{"@type":"ImageObject","inLanguage":"pt-PT","@id":"http:\/\/maismagazine.pt\/#\/schema\/person\/image\/","url":"https:\/\/secure.gravatar.com\/avatar\/c599b2bce16c9870429198cbad5ee022?s=96&d=mm&r=g","contentUrl":"https:\/\/secure.gravatar.com\/avatar\/c599b2bce16c9870429198cbad5ee022?s=96&d=mm&r=g","caption":"Tiago Costa"},"url":"http:\/\/maismagazine.pt\/index.php\/author\/tiago\/"}]}},"author_meta":{"display_name":false,"author_link":"http:\/\/maismagazine.pt\/index.php\/author\/tiago\/"},"featured_img":"http:\/\/maismagazine.pt\/wp-content\/uploads\/2023\/07\/Luis-Virtuoso-Copia-222x300.jpg","coauthors":[],"tax_additional":{"categories":{"linked":["<a href=\"http:\/\/maismagazine.pt\/index.php\/category\/destaque\/\" class=\"advgb-post-tax-term\">Destaque lateral<\/a>","<a href=\"http:\/\/maismagazine.pt\/index.php\/category\/educacao\/\" class=\"advgb-post-tax-term\">Educa\u00e7\u00e3o<\/a>","<a href=\"http:\/\/maismagazine.pt\/index.php\/category\/noticias\/opiniao\/\" class=\"advgb-post-tax-term\">Opini\u00e3o<\/a>"],"unlinked":["<span class=\"advgb-post-tax-term\">Destaque lateral<\/span>","<span class=\"advgb-post-tax-term\">Educa\u00e7\u00e3o<\/span>","<span class=\"advgb-post-tax-term\">Opini\u00e3o<\/span>"]},"tags":{"linked":["<a href=\"http:\/\/maismagazine.pt\/index.php\/category\/noticias\/opiniao\/\" class=\"advgb-post-tax-term\">AEEP<\/a>","<a href=\"http:\/\/maismagazine.pt\/index.php\/category\/noticias\/opiniao\/\" class=\"advgb-post-tax-term\">Ensino<\/a>"],"unlinked":["<span class=\"advgb-post-tax-term\">AEEP<\/span>","<span class=\"advgb-post-tax-term\">Ensino<\/span>"]}},"comment_count":"0","relative_dates":{"created":"Posted 3 anos ago","modified":"Updated 3 anos ago"},"absolute_dates":{"created":"Posted on 28 de Julho, 2023","modified":"Updated on 20 de Julho, 2023"},"absolute_dates_time":{"created":"Posted on 28 de Julho, 2023 7:00","modified":"Updated on 20 de Julho, 2023 12:20"},"featured_img_caption":"","series_order":"","_links":{"self":[{"href":"http:\/\/maismagazine.pt\/index.php\/wp-json\/wp\/v2\/posts\/7502","targetHints":{"allow":["GET"]}}],"collection":[{"href":"http:\/\/maismagazine.pt\/index.php\/wp-json\/wp\/v2\/posts"}],"about":[{"href":"http:\/\/maismagazine.pt\/index.php\/wp-json\/wp\/v2\/types\/post"}],"author":[{"embeddable":true,"href":"http:\/\/maismagazine.pt\/index.php\/wp-json\/wp\/v2\/users\/17"}],"replies":[{"embeddable":true,"href":"http:\/\/maismagazine.pt\/index.php\/wp-json\/wp\/v2\/comments?post=7502"}],"version-history":[{"count":1,"href":"http:\/\/maismagazine.pt\/index.php\/wp-json\/wp\/v2\/posts\/7502\/revisions"}],"predecessor-version":[{"id":7507,"href":"http:\/\/maismagazine.pt\/index.php\/wp-json\/wp\/v2\/posts\/7502\/revisions\/7507"}],"wp:featuredmedia":[{"embeddable":true,"href":"http:\/\/maismagazine.pt\/index.php\/wp-json\/wp\/v2\/media\/7506"}],"wp:attachment":[{"href":"http:\/\/maismagazine.pt\/index.php\/wp-json\/wp\/v2\/media?parent=7502"}],"wp:term":[{"taxonomy":"category","embeddable":true,"href":"http:\/\/maismagazine.pt\/index.php\/wp-json\/wp\/v2\/categories?post=7502"},{"taxonomy":"post_tag","embeddable":true,"href":"http:\/\/maismagazine.pt\/index.php\/wp-json\/wp\/v2\/tags?post=7502"}],"curies":[{"name":"wp","href":"https:\/\/api.w.org\/{rel}","templated":true}]}}