{"id":7451,"date":"2023-07-28T07:00:00","date_gmt":"2023-07-28T06:00:00","guid":{"rendered":"https:\/\/maismagazine.pt\/?p=7451"},"modified":"2023-07-20T11:42:19","modified_gmt":"2023-07-20T10:42:19","slug":"somos-hoje-uma-maia-magnetica-um-ecossistema-humano-social-e-economico-vibrante-e-dinamico-num-territorio-bom-para-viver-trabalhar-empreender-e-investir","status":"publish","type":"post","link":"http:\/\/maismagazine.pt\/index.php\/2023\/07\/28\/somos-hoje-uma-maia-magnetica-um-ecossistema-humano-social-e-economico-vibrante-e-dinamico-num-territorio-bom-para-viver-trabalhar-empreender-e-investir\/","title":{"rendered":"\u201cSomos hoje uma Maia magn\u00e9tica, um ecossistema humano, social e econ\u00f3mico vibrante e din\u00e2mico, num territ\u00f3rio bom para viver, trabalhar, empreender e investir\u201d"},"content":{"rendered":"\n<p><strong>O munic\u00edpio da <a href=\"http:\/\/www.cm-maia.pt\">Maia<\/a> \u00e9, pelos dias de hoje, uma refer\u00eancia aut\u00e1rquica pela sua capacidade de implementa\u00e7\u00e3o de uma s\u00e9rie de projetos nas mais variadas \u00e1reas da sociedade, colocando a Maia num patamar de excel\u00eancia. A especial preocupa\u00e7\u00e3o pelas \u00e1reas da sustentabilidade ambiental, reabilita\u00e7\u00e3o urbana, cria\u00e7\u00e3o de infraestruturas para a pr\u00e1tica de desporto e mobilidade sustent\u00e1vel s\u00e3o as grandes linhas orientadoras da a\u00e7\u00e3o da autarquia maiata, o que tem permitido manter um desenvolvimento transversal a todo o concelho e criar melhores condi\u00e7\u00f5es de vida e trabalho a todos os maiatos. \u00c0 conversa com a Mais Magazine, Ant\u00f3nio Silva Tiago, Presidente da C\u00e2mara Municipal da Maia, abordou os principais projetos que a autarquia tem em marcha com vista \u00e0 promo\u00e7\u00e3o do territ\u00f3rio, o trabalho que tem vindo a executar desde a sua chegada \u00e0 presid\u00eancia e uma vis\u00e3o sobre a boa qualidade de vida proporcionada aos maiatos. <\/strong><\/p>\n\n\n\n<p><\/p>\n\n\n\n<p><strong>Desde h\u00e1 alguns anos para c\u00e1 que o concelho de Maia \u00e9 bastante reconhecida pela sua forte aposta na mobilidade sustent\u00e1vel, sendo que a C\u00e2mara Municipal da Maia tem conduzido uma s\u00e9rie de projetos no \u00e2mbito da mobilidade sustent\u00e1vel, como \u00e9 exemplo o Ecocaminho da Maia. Fale-nos um pouco sobre os principais programas desenvolvidos no que concerne \u00e0 mobilidade sustent\u00e1vel, da import\u00e2ncia dos mesmos para todo o meio envolvente e, principalmente, para os maiatos. <\/strong><\/p>\n\n\n\n<p>O Munic\u00edpio da Maia possui um Plano de Mobilidade Sustent\u00e1vel, datado de 2013, revisto em 2021, e que estabelece a estrat\u00e9gia global de interven\u00e7\u00e3o em mat\u00e9ria de organiza\u00e7\u00e3o das acessibilidades e gest\u00e3o da mobilidade, definindo um conjunto de propostas que contribuam para a implementa\u00e7\u00e3o e promo\u00e7\u00e3o de um modelo de mobilidade mais sustent\u00e1vel. Pretende ser um catalisador de uma maior coes\u00e3o social, compat\u00edvel com o desenvolvimento econ\u00f3mico e orientado para a prote\u00e7\u00e3o do ambiente e efici\u00eancia energ\u00e9tica. Com a implementa\u00e7\u00e3o deste plano, o Munic\u00edpio pretende a recupera\u00e7\u00e3o da fun\u00e7\u00e3o de rua e da identidade local; a recupera\u00e7\u00e3o da sociabilidade urbana; a valoriza\u00e7\u00e3o da mobilidade suave no espa\u00e7o&#8211;canal; a valoriza\u00e7\u00e3o do conceito de unidades de vizinhan\u00e7a; a ado\u00e7\u00e3o de medidas de acalmia de tr\u00e1fego e a ado\u00e7\u00e3o de Z30 (zonas 30km) e Zonas de Coexist\u00eancia Multimodal. Estamos, sem sombra de d\u00favida, a fazer todo um caminho rumo a uma mobilidade inclusiva, mais segura e sustent\u00e1vel. <\/p>\n\n\n\n<p><\/p>\n\n\n\n<p><strong>De facto, a execu\u00e7\u00e3o de v\u00e1rios projetos municipais e intermunicipais \u00e9 uma realidade maiata de v\u00e1rios anos. Quais as principais raz\u00f5es que explicam que o conceito de mobilidade sustentabilidade esteja muito presente nas a\u00e7\u00f5es da C\u00e2mara Municipal maiata?<\/strong><\/p>\n\n\n\n<p>A ambi\u00e7\u00e3o passa por concretizar as reformas necess\u00e1rias para tornar a Maia mais preparada e competitiva perante os desafios do futuro, em dom\u00ednios diversos como a digitaliza\u00e7\u00e3o e descarboniza\u00e7\u00e3o do territ\u00f3rio, a mobilidade sustent\u00e1vel, inclusiva, segura, justa e respeitadora do ambiente, a adapta\u00e7\u00e3o e mitiga\u00e7\u00e3o dos impactos das altera\u00e7\u00f5es clim\u00e1ticas e da demografia. Na C\u00e2mara Municipal trabalhamos com o prop\u00f3sito de promover, cada vez mais, a viv\u00eancia do territ\u00f3rio, proporcionando o contacto com a natureza e a pr\u00e1tica de exerc\u00edcio f\u00edsico e desporto ao ar livre, raz\u00e3o pela qual, mantemos o nosso foco numa aposta firme e determinada nos modos suaves de mobilidade.<\/p>\n\n\n\n<p><\/p>\n\n\n\n<p><strong>O conceito de sustentabilidade n\u00e3o est\u00e1 apenas presente no dom\u00ednio da mobilidade, mas tamb\u00e9m nas quest\u00f5es ambientais. Por exemplo, \u00e9 no concelho da Maia que se localizam a Lipor e a Maiambiente, duas grandes empresas respons\u00e1veis pela preserva\u00e7\u00e3o do meio ambiente, atrav\u00e9s da recolha e tratamento dos res\u00edduos do munic\u00edpio. Qual a import\u00e2ncia destas duas entidades para a constru\u00e7\u00e3o de um concelho amigo do ambiente e limpa? Ainda neste sentido, o munic\u00edpio dinamiza iniciativas que promovam os bons h\u00e1bitos ambientais entre os maiatos, nomeadamente entre as camadas mais jovens? <\/strong><\/p>\n\n\n\n<p>A Maia tem vindo a fazer, nas \u00faltimas tr\u00eas d\u00e9cadas, um caminho muito consistente rumo \u00e0 sustentabilidade ambiental. A nossa aposta na recolha seletiva porta a porta, tratamento e valoriza\u00e7\u00e3o dos res\u00edduos s\u00f3lidos urbanos, a par da rede de saneamento b\u00e1sico que cobre hoje a totalidade do territ\u00f3rio e da expans\u00e3o dos espa\u00e7os verdes, jardins e parques municipais, teve como resultado colocar a Maia na vanguarda dos indicadores de desempenho e efici\u00eancia ambiental, facto que, mais uma vez, nos tem dado diversas distin\u00e7\u00f5es, consecutivas, que nos s\u00e3o atribu\u00eddas por entidades independentes. Podemos afirmar, com toda a seguran\u00e7a, que alguns dos indicadores que a Maia pode hoje orgulhar-se de apresentar s\u00f3 ser\u00e3o alcan\u00e7ados pela esmagadora maioria dos munic\u00edpios portugueses daqui a muitos anos, alguns deles, porventura, s\u00f3 depois de algumas d\u00e9cadas de investimento. \u00c9 necess\u00e1rio sublinhar que este caminho que estamos a trilhar desde 1990 s\u00f3 foi poss\u00edvel porque a nova gera\u00e7\u00e3o de pol\u00edticas de educa\u00e7\u00e3o e sensibiliza\u00e7\u00e3o ambiental encontrou um excelente acolhimento nas escolas, nas fam\u00edlias e na comunidade em geral, que compreenderam a import\u00e2ncia de alterar comportamentos, adotar atitudes e h\u00e1bitos de vida que reduziram o impacto das suas intera\u00e7\u00f5es no meio ambiente. Hoje, a Maia \u00e9 uma comunidade ambientalmente respons\u00e1vel e cada vez mais perto do des\u00edgnio coletivo da sustentabilidade integral, que inclui a sustentabilidade ambiental, a sustentabilidade demogr\u00e1fica e social e, n\u00e3o menos importante, a sustentabilidade econ\u00f3mica. <\/p>\n\n\n<div class=\"wp-block-image\">\n<figure class=\"aligncenter size-large is-resized\"><img loading=\"lazy\" decoding=\"async\" src=\"https:\/\/maismagazine.pt\/wp-content\/uploads\/2023\/07\/Antonio-Silva-Tiago-Presidente-da-Camara-Municipal-da-Maia-1-1-683x1024.jpg\" alt=\"\" class=\"wp-image-7475\" width=\"241\" height=\"362\" srcset=\"http:\/\/maismagazine.pt\/wp-content\/uploads\/2023\/07\/Antonio-Silva-Tiago-Presidente-da-Camara-Municipal-da-Maia-1-1-683x1024.jpg 683w, http:\/\/maismagazine.pt\/wp-content\/uploads\/2023\/07\/Antonio-Silva-Tiago-Presidente-da-Camara-Municipal-da-Maia-1-1-200x300.jpg 200w, http:\/\/maismagazine.pt\/wp-content\/uploads\/2023\/07\/Antonio-Silva-Tiago-Presidente-da-Camara-Municipal-da-Maia-1-1-768x1152.jpg 768w, http:\/\/maismagazine.pt\/wp-content\/uploads\/2023\/07\/Antonio-Silva-Tiago-Presidente-da-Camara-Municipal-da-Maia-1-1-1024x1536.jpg 1024w, http:\/\/maismagazine.pt\/wp-content\/uploads\/2023\/07\/Antonio-Silva-Tiago-Presidente-da-Camara-Municipal-da-Maia-1-1-1365x2048.jpg 1365w, http:\/\/maismagazine.pt\/wp-content\/uploads\/2023\/07\/Antonio-Silva-Tiago-Presidente-da-Camara-Municipal-da-Maia-1-1-scaled.jpg 1707w\" sizes=\"auto, (max-width: 241px) 100vw, 241px\" \/><figcaption class=\"wp-element-caption\">Ant\u00f3nio Silva Tiago, Presidente da C\u00e2mara Municipal da Maia<\/figcaption><\/figure><\/div>\n\n\n<p><\/p>\n\n\n\n<p><strong>Desde que assumiu o cargo da presid\u00eancia do munic\u00edpio a reabilita\u00e7\u00e3o urbana tem-se tornado igualmente uma mat\u00e9ria que tem merecido especial aten\u00e7\u00e3o pela autarquia, onde se destaca a requalifica\u00e7\u00e3o do antigo \u201cBairro do Sobreiro\u201d, agora denominado \u201cJardins do Sobreiro\u201d. A aposta nesta vertente por parte da C\u00e2mara \u00e9 uma forma de simultaneamente fornecer melhores condi\u00e7\u00f5es habitacionais aos maiatos e tornar o concelho mais harmonioso urbanisticamente e mais \u201capelativo\u201d visualmente? <\/strong><\/p>\n\n\n\n<p>A Maia tem vindo a implementar um ambicioso plano de regenera\u00e7\u00e3o e reabilita\u00e7\u00e3o urbana em todo o territ\u00f3rio concelhio. O PEDU \u2013 Plano Estrat\u00e9gico de Desenvolvimento Urbano &#8211; prev\u00ea uma s\u00e9rie de interven\u00e7\u00f5es de fundo alinhadas nas diversas ARU \u2013 \u00c1reas de Reabilita\u00e7\u00e3o Urbana &#8211; que v\u00e3o permitir a regenera\u00e7\u00e3o e reabilita\u00e7\u00e3o de algumas das mais importantes \u00e1reas urbanas do Concelho. A primeira ARU a ser projetada e executada foi a do Centro da Cidade da Maia, que teve como destinat\u00e1rios os privados, mas tamb\u00e9m alguns empreendimentos municipais, nomeadamente os empreendimentos de habita\u00e7\u00e3o social do Sobreiro, assim como os designados Maia 1 e Maia 2. No que se refere \u00e0 interven\u00e7\u00e3o de reabilita\u00e7\u00e3o do Empreendimento do Sobreiro, promovemos uma verdadeira revolu\u00e7\u00e3o de regenera\u00e7\u00e3o da paisagem urbana, rasgando novas art\u00e9rias e abrindo as existentes a uma mobilidade suave que compagina a circula\u00e7\u00e3o autom\u00f3vel com percursos pedonais e cicl\u00e1veis, numa coexist\u00eancia pac\u00edfica e inclusiva. A par dessa mobilidade mais sustent\u00e1vel que introduzimos neste empreendimento, criamos e ampliamos as zonas verdes, hoje bem mais generosas, n\u00e3o apenas para promover uma frui\u00e7\u00e3o gratificante desses espa\u00e7os de Natureza, mas tamb\u00e9m para incrementar o gosto pela perten\u00e7a a uma identidade de lugar que hoje, gra\u00e7as \u00e0s melhorias que essa ARU trouxe, \u00e9 um espa\u00e7o urbano cont\u00edguo \u00e0 cidade, expurgando-o dos estigmas que antes pairavam sobre esse empreendimento de habita\u00e7\u00e3o social, que agora denomino como JARDINS DO SOBREIRO. Acresce a essa nova imagem da paisagem urbana, a melhoria efetiva das condi\u00e7\u00f5es de habitabilidade, em resultado da impermeabiliza\u00e7\u00e3o dos edif\u00edcios e do seu tratamento com revestimentos que melhoraram enormemente a sua efici\u00eancia energ\u00e9tica, t\u00e9rmica e ac\u00fastica .Depois da ARU do Centro da Cidade da Maia, os projetos mais desafiantes que temos em desenvolvimento s\u00e3o a ARU de \u00c1guas Santas\/Pedrou\u00e7os, ARU N\u00facleo Urbano de Moreira\/Vila Nova da Telha, ARU da Vila do Cast\u00ealo da Maia, ARU Ardeg\u00e3es, ARU Monte de Santa Cruz, ARU Expans\u00e3o da Cidade, ARU Nogueira, ARU Vila Nova da Telha, ARU Milheir\u00f3s, ARU Central de Folgosa e S. Pedro Fins ARU S. Pedro Fins. Como facilmente se pode compreender, este ambicioso conjunto de \u00e1reas de reabilita\u00e7\u00e3o urbana \u00e9, na verdade, um plano cuja execu\u00e7\u00e3o ter\u00e1 inevitavelmente um forte impacto na paisagem urbana em, praticamente, todo o territ\u00f3rio concelhio, com efeitos positivos na melhoria da qualidade de vida e na recupera\u00e7\u00e3o de um modus vivendi que privilegia a mobilidade sustent\u00e1vel, suave e inclusiva, a viv\u00eancia do lugar e o incremento das boas rela\u00e7\u00f5es de vizinhan\u00e7a, o que necessariamente ter\u00e1 tamb\u00e9m um impacto positivo na qualidade ambiental e nas intera\u00e7\u00f5es humanas com a natureza nos espa\u00e7os verdes envolventes de todas estas \u00e1reas. Estamos tamb\u00e9m a trabalhar no planeamento de uma nova ARU que tem como prop\u00f3sito essencial, promover a reabilita\u00e7\u00e3o de algumas casas de lavoura ou edif\u00edcios enquadrados no espa\u00e7o rural que felizmente ainda se encontram no nosso concelho, sobretudo em freguesias com essa tradi\u00e7\u00e3o. Soubemos preservar a nossa heran\u00e7a cultural da ruralidade e compagin\u00e1-la de forma harmoniosa com urbanidade, porque tivemos sempre bem presente que s\u00e3o as nossas ra\u00edzes que nos d\u00e3o firmeza para evoluir e rumar ao desenvolvimento e \u00e0 modernidade. Essa ARU, quando estiver delineada e aprovada, vai permitir aos propriet\u00e1rios das casas ou conjuntos de edificado que \u00e9 uma marca da nossa heran\u00e7a rural, beneficiarem tamb\u00e9m dos incentivos fiscais e outros que lhes possibilitar\u00e3o reabilitar o seu patrim\u00f3nio e preservar essa mem\u00f3ria cultural. \u00c9 claro que o Munic\u00edpio, al\u00e9m desses benef\u00edcios fiscais, tem sabido tamb\u00e9m intervir no espa\u00e7o p\u00fablico para que os privados entendam que olhamos para o territ\u00f3rio de forma integrada e harmoniosa, cuidando de promover as melhorias necess\u00e1rias no entorno p\u00fablico que envolve a reabilita\u00e7\u00e3o nos lugares de menor densidade urbana, tal como fazemos nos centros de maior densidade.     <\/p>\n\n\n\n<p><\/p>\n\n\n\n<p><strong>Quais s\u00e3o hoje as principais prioridades da C\u00e2mara Municipal no que toca \u00e0 atra\u00e7\u00e3o de investimento? O que tem vindo a ser feito, e qual o feedback que t\u00eam sentido por parte dos investidores? <\/strong><\/p>\n\n\n\n<p>A nossa principal prioridade na atra\u00e7\u00e3o de investimento \u00e9 que o investimento feito na Maia, acrescente valor ao pr\u00f3prio territ\u00f3rio. E se for investimento no imobili\u00e1rio, ent\u00e3o, que seja de qualidade superior, a todos os n\u00edveis, quer do ponto de vista das condi\u00e7\u00f5es proporcionadas ao uso dos empreendimentos, seja ao n\u00edvel da conce\u00e7\u00e3o est\u00e9tica numa perspetiva da sua integra\u00e7\u00e3o na paisagem urbana pr\u00e9-existente, seja no que respeita \u00e0 dimens\u00e3o das assoalhadas e dos espa\u00e7os comuns. Costumo dizer, como forma de inspirar as equipas, que na Maia s\u00f3 nos permitimos aprovar ou construir habita\u00e7\u00e3o em que eu pr\u00f3prio pudesse viver, seja ela de iniciativa privada ou municipal para fam\u00edlias de poucos recursos. H\u00e1 uma dignidade intr\u00ednseca \u00e0 casa de habita\u00e7\u00e3o que \u00e9 para n\u00f3s essencial garantir. No que alude ao investimento por via de empreendedorismo empresarial temos uma estrat\u00e9gia seletiva que privilegia fundamentalmente os projetos empresariais de baixo ou nulo impacto ambiental, geradores de emprego qualificado, duradouro e o melhor remunerado poss\u00edvel e que, naturalmente, gerem riqueza para o territ\u00f3rio. Temos vindo a desenvolver uma estrat\u00e9gia de promo\u00e7\u00e3o da nossa marca territorial em v\u00e1rias frentes e o feedback tem sido claramente positivo. <\/p>\n\n\n\n<p><\/p>\n\n\n\n<p><strong>Na sua \u00f3tica, quais as raz\u00f5es que fazem da Maia um concelho ideal para se viver? Quais as grandes vantagens que o concelho tem para as fam\u00edlias maiatas, tanto para os mais jovens, como para os mais velhos?<\/strong><\/p>\n\n\n\n<p>somos hoje uma Maia magn\u00e9tica, um ecossistema humano, social e econ\u00f3mico vibrante e din\u00e2mico, num territ\u00f3rio bom para viver, trabalhar, empreender e investir. <\/p>\n\n\n\n<p><\/p>\n\n\n\n<p><\/p>\n\n\n\n<p><\/p>\n\n\n\n<p class=\"has-text-align-center\"><strong><mark style=\"background-color:rgba(0, 0, 0, 0)\" class=\"has-inline-color has-black-color\">Desporto | Maia Uma cidade onde se vive e sente o desporto<\/mark><\/strong><\/p>\n\n\n\n<p>Afirmar a Maia como uma refer\u00eancia nacional de pol\u00edtica desportiva \u00e9 um princ\u00edpio e um compromisso que a C\u00e2mara Municipal da Maia assume e que se materializa ao adequar as atividades e iniciativas \u00e0s novas din\u00e2micas sociais, respondendo \u00e0s necessidades e desejos das pessoas, ao mesmo tempo que se estimulam as din\u00e2micas associativas, empresariais e da sociedade civil para a cocria\u00e7\u00e3o de valor na oferta desportiva do munic\u00edpio. <\/p>\n\n\n\n<p>A pol\u00edtica desportiva da Maia assenta em seis pilares fundamentais que sustentam a a\u00e7\u00e3o do munic\u00edpio: a Atividade F\u00edsica, levando o Desporto a todas as pessoas, independentemente da idade, sexo, condi\u00e7\u00e3o f\u00edsica e motora ou qualquer outra limita\u00e7\u00e3o; a Sa\u00fade e Bem-estar, promovendo h\u00e1bitos de vida saud\u00e1vel e, consequentemente, de qualidade de vida f\u00edsica e emocional; a Competi\u00e7\u00e3o, potenciando a performance para continuar a alcan\u00e7ar os resultados que nos enchem de orgulho; a \u00c9tica e Fair Play, valores que elevam o envolvimento desportivo enquanto praticante, dirigente ou adepto acima da vit\u00f3ria e da derrota; a Educa\u00e7\u00e3o e Forma\u00e7\u00e3o, fatores de evolu\u00e7\u00e3o na \u00e1rea do conhecimento cient\u00edfico ligado ao desporto para melhoria cont\u00ednua dos programas disponbilizados; e a Comunidade, com quem nos assumimos como facilitadores da pr\u00e1tica desportiva enquanto mecanismo de promo\u00e7\u00e3o de conv\u00edvio social .Em suma, a autarquia continua profundamente empenhada e comprometida em fazer da Maia uma cidade onde se vive e sente o desporto, perseguindo o des\u00edgnio de bem-estar, felicidade e realiza\u00e7\u00e3o de todas as pessoas. Na Maia, aproximadamente 85% das pessoas vivem a menos de 15 minutos a p\u00e9 de um polidesportivo e 90% de um gin\u00e1sio ou sala de fitness e muscula\u00e7\u00e3o. 100% da popula\u00e7\u00e3o vive a menos de 15 minutos de bicicleta de uma piscina. Os espa\u00e7os desportivos especiais da Maia est\u00e3o a menos de 30 minutos de carro acess\u00edveis a aproximadamente 1.900 pessoas, incluindo as geografias circundantes. Esta estrat\u00e9gia de distribui\u00e7\u00e3o de equipamentos desportivos responde ao objetivo de uma cidade equilibrada, oferecendo assim um elevado n\u00edvel de acessibilidade a toda a popula\u00e7\u00e3o, gerando novas centralidades e pontos de atra\u00e7\u00e3o de atividade fora do centro urbano.  <\/p>\n\n\n\n<p><\/p>\n\n\n\n<p><strong>A maia tem uma oferta altamente diferenciadora pela diversidade, de instala\u00e7\u00f5es municipais e modalidades dispon\u00edveis para a pr\u00e1tica desportiva: <\/strong><\/p>\n\n\n\n<ul class=\"wp-block-list\">\n<li>48 espa\u00e7os polidesportivos<\/li>\n<\/ul>\n\n\n\n<ul class=\"wp-block-list\">\n<li>23 pavilh\u00f5es desportivos<\/li>\n\n\n\n<li>16 espa\u00e7os especiais, com destaque para: Aer\u00f3dromo Municipal, Complexo Municipal de Gin\u00e1stica, Complexo Municipal de T\u00e9nis, Hip\u00f3dromo Municipal, Skate Parque<\/li>\n\n\n\n<li>46 gin\u00e1sios e salas de fitness e muscula\u00e7\u00e3o<\/li>\n\n\n\n<li>10 piscinas<\/li>\n\n\n\n<li>18 grandes campos de jogo<\/li>\n\n\n\n<li>14 pistas e circuitos<\/li>\n\n\n\n<li>76 parques infantis<\/li>\n\n\n\n<li>20 gin\u00e1sios ao ar livre<\/li>\n\n\n\n<li>136kms de trilhos de caminhada<\/li>\n\n\n\n<li>52kms de ciclovias<\/li>\n\n\n\n<li>+ de 40 diferentes modalidades e especialidades<\/li>\n<\/ul>\n\n\n\n<p><\/p>\n\n\n<div class=\"wp-block-image\">\n<figure class=\"aligncenter size-large is-resized\"><img loading=\"lazy\" decoding=\"async\" src=\"https:\/\/maismagazine.pt\/wp-content\/uploads\/2023\/07\/Final-Four-Taca-Portugal-Hoquei-em-Patins-Feminino-1024x683.jpg\" alt=\"\" class=\"wp-image-7461\" width=\"423\" height=\"282\" srcset=\"http:\/\/maismagazine.pt\/wp-content\/uploads\/2023\/07\/Final-Four-Taca-Portugal-Hoquei-em-Patins-Feminino-1024x683.jpg 1024w, http:\/\/maismagazine.pt\/wp-content\/uploads\/2023\/07\/Final-Four-Taca-Portugal-Hoquei-em-Patins-Feminino-300x200.jpg 300w, http:\/\/maismagazine.pt\/wp-content\/uploads\/2023\/07\/Final-Four-Taca-Portugal-Hoquei-em-Patins-Feminino-768x512.jpg 768w, http:\/\/maismagazine.pt\/wp-content\/uploads\/2023\/07\/Final-Four-Taca-Portugal-Hoquei-em-Patins-Feminino-1536x1024.jpg 1536w, http:\/\/maismagazine.pt\/wp-content\/uploads\/2023\/07\/Final-Four-Taca-Portugal-Hoquei-em-Patins-Feminino-150x100.jpg 150w, http:\/\/maismagazine.pt\/wp-content\/uploads\/2023\/07\/Final-Four-Taca-Portugal-Hoquei-em-Patins-Feminino.jpg 2048w\" sizes=\"auto, (max-width: 423px) 100vw, 423px\" \/><\/figure><\/div>\n\n\n<p><\/p>\n\n\n\n<p>Estamos novamente numa \u00e9poca em que vemos as competi\u00e7\u00f5es e os eventos a voltarem a acontecer, as coletividades e as associa\u00e7\u00f5es em toda a for\u00e7a da sua atividade, as fam\u00edlias e os amigos novamente juntos, as ideias e os projetos a concretizarem-se, enfim, o mundo a ser como era. Este tempo de regresso tem a virtude de nos renovar a confian\u00e7a e de nos fazer acreditar que somos capazes de vencer qualquer adversidade que nos surpreenda e que condicione o nosso modo de ser e de estar. Apesar da guerra na Europa, da infla\u00e7\u00e3o, das taxas de juros e de outros reveses que vivemos e que continuar\u00e3o a assolar-nos no futuro pr\u00f3ximo, importa encarar o amanh\u00e3 com coragem e determina\u00e7\u00e3o. Se j\u00e1 ultrapassamos tempos piores, seguramente que seremos capazes de olhar para a frente com renovada esperan\u00e7a, acreditando na pessoa humana, nas suas energias, na sua intelig\u00eancia, nos seus valores e na sua capacidade em fazer com que no futuro tudo seja muito melhor. Anualmente decorrem na Maia aproximadamente 200 programas e eventos desportivos, com mais de 50.000 participantes, dos quais: <\/p>\n\n\n\n<ul class=\"wp-block-list\">\n<li>35 de \u00e2mbito internacional; 60 de \u00e2mbito nacional, 55 de \u00e2mbito distrital e 50 de \u00e2mbito municipal;<\/li>\n\n\n\n<li>Clube Maia S\u00e9nior, para mais de 60 anos, com 25 anos de exist\u00eancia, cerca de 2.000 participantes, com 10 modalidades;<\/li>\n\n\n\n<li>Liga de Futsal da Maia, com 17 anos de exist\u00eancia, o maior programa a n\u00edvel nacional de car\u00e1ter municipal da modalidade, com quadro competitivo de 36 equipas e mais de 800 participantes<\/li>\n<\/ul>\n\n\n\n<p><\/p>\n\n\n\n<p>Temos definidos para o Desporto na Maia at\u00e9 2025 os objetivos de concretizar, levando a efeito uma ampla moderniza\u00e7\u00e3o dos espa\u00e7os desportivos bem como uma agenda ambiciosa de grandes eventos; de cuidar, proporcionando uma oferta alargada para a pr\u00e1tica de desporto informal, uma aposta forte no desporto feminino e na inclus\u00e3o atrav\u00e9s do desporto adaptado; de valorizar, melhorando a intera\u00e7\u00e3o com os utilizadores das instala\u00e7\u00f5es e espa\u00e7os desportivos do munic\u00edpio.<\/p>\n\n\n\n<p><\/p>\n\n\n\n<p><strong>A recupera\u00e7\u00e3o p\u00f3s-pandemia tem j\u00e1 n\u00fameros positivos face a 2019 para o movimento associativo na Maia:<\/strong><\/p>\n\n\n\n<ul class=\"wp-block-list\">\n<li>75 clubes existentes, dos quais 60% tem mais de 25 anos de exist\u00eancia<\/li>\n\n\n\n<li>270 equipas desportivas, + de 7.000 atletas<\/li>\n\n\n\n<li>24% tem Estatuto de Utilidade P\u00fablica<\/li>\n\n\n\n<li>1 em cada 10 maiatos \u00e9 s\u00f3cio de um clube<\/li>\n\n\n\n<li>62 clubes s\u00e3o de \u00e2mbito federado, dos quais 38apresentam praticantes de ambos os g\u00e9neros<\/li>\n\n\n\n<li>70% dos clubes obtiveram algum tipo de t\u00edtulo desportivo nas \u00faltimas 3 \u00e9pocas desportivas<\/li>\n\n\n\n<li>34% afirma ter atletas apurados para grandes eventos internacionais e 38% t\u00eam atletas que representam as sele\u00e7\u00f5es nacionais<\/li>\n<\/ul>\n\n\n\n<p><\/p>\n\n\n<div class=\"wp-block-image\">\n<figure class=\"aligncenter size-large is-resized\"><img loading=\"lazy\" decoding=\"async\" src=\"https:\/\/maismagazine.pt\/wp-content\/uploads\/2023\/07\/Taca-Davis-01-1024x683.jpg\" alt=\"\" class=\"wp-image-7462\" width=\"375\" height=\"250\" srcset=\"http:\/\/maismagazine.pt\/wp-content\/uploads\/2023\/07\/Taca-Davis-01-1024x683.jpg 1024w, http:\/\/maismagazine.pt\/wp-content\/uploads\/2023\/07\/Taca-Davis-01-300x200.jpg 300w, http:\/\/maismagazine.pt\/wp-content\/uploads\/2023\/07\/Taca-Davis-01-768x512.jpg 768w, http:\/\/maismagazine.pt\/wp-content\/uploads\/2023\/07\/Taca-Davis-01-1536x1024.jpg 1536w, http:\/\/maismagazine.pt\/wp-content\/uploads\/2023\/07\/Taca-Davis-01-150x100.jpg 150w, http:\/\/maismagazine.pt\/wp-content\/uploads\/2023\/07\/Taca-Davis-01.jpg 2048w\" sizes=\"auto, (max-width: 375px) 100vw, 375px\" \/><\/figure><\/div>\n\n\n<p><\/p>\n\n\n\n<p><strong>Aposta firme na mulher<\/strong><\/p>\n\n\n\n<p>O feminino \u00e9 um dos principais focos da autarquia da Maia no seu projeto de desenvolvimento desportivo. A ideia \u00e9 aproximar o n\u00famero de atletas federados femininos do masculino. A autarquia tem como objetivo captar eventos de desporto feminino e aumentar o n\u00famero de mulheres em todas as modalidades, desenvolvendo pol\u00edticas de descrimina\u00e7\u00e3o positiva. Nesse sentido, j\u00e1 foram estabelecidas tr\u00eas medidas: <\/p>\n\n\n\n<ul class=\"wp-block-list\">\n<li>Majorar do ponto de vista de subs\u00eddios financeiros os projetos femininos;<\/li>\n\n\n\n<li>Priorizar a ced\u00eancia de instala\u00e7\u00f5es desportivas municipais a projetos femininos;<\/li>\n\n\n\n<li>Captar grandes eventos de desporto feminino para o concelho<\/li>\n<\/ul>\n\n\n\n<p><\/p>\n\n\n\n<p><strong>Provas realizadas em 2023:<\/strong><\/p>\n\n\n\n<ul class=\"wp-block-list\">\n<li>Final Four- Ta\u00e7a da Federa\u00e7\u00e3o Andebol &#8211; s\u00e9nior feminino;<\/li>\n<\/ul>\n\n\n\n<ul class=\"wp-block-list\">\n<li>Final Four &#8211; Ta\u00e7a de Basquetebol &#8211; s\u00e9nior feminino;<\/li>\n<\/ul>\n\n\n\n<ul class=\"wp-block-list\">\n<li>Final Four &#8211; Ta\u00e7a de H\u00f3quei em Patins &#8211; s\u00e9nior feminino;<\/li>\n<\/ul>\n\n\n\n<ul class=\"wp-block-list\">\n<li>5\u00aa Ta\u00e7a de Portugal Estrada feminino;<\/li>\n<\/ul>\n\n\n\n<ul class=\"wp-block-list\">\n<li>Fase de Apuramento para a Final Campeonato Nacional de Andebol \u2013 sub-21;<\/li>\n<\/ul>\n\n\n\n<ul class=\"wp-block-list\">\n<li>Fase Final Campeonato Nacional de Andebol \u2013 sub-21<\/li>\n<\/ul>\n\n\n\n<p><\/p>\n\n\n\n<p><strong>Desporto, Sa\u00fade e Bem-estar, bem praticado por todos<\/strong><\/p>\n\n\n\n<p>Na Maia, o desporto assume h\u00e1 v\u00e1rias d\u00e9cadas um papel de inclus\u00e3o e integra\u00e7\u00e3o social. Ao promover a sa\u00fade f\u00edsica e o bem-estar mental e emocional, fortalece tamb\u00e9m os la\u00e7os sociais e a supera\u00e7\u00e3o dos limites individuais. Ao incentivar a pr\u00e1tica desportiva para todos &#8211; independentemente da idade, g\u00e9nero, condi\u00e7\u00e3o f\u00edsica ou econ\u00f3mico-social &#8211; de forma consciente, apoiada e bem aconselhada, estamos a p\u00f4r em pr\u00e1tica uma ferramenta poderosa na constru\u00e7\u00e3o de uma comunidade mais saud\u00e1vel, igualit\u00e1ria e equilibrada. Temos como objetivos a promo\u00e7\u00e3o de h\u00e1bitos saud\u00e1veis para toda a popula\u00e7\u00e3o, melhorar psicof\u00edsica e intera\u00e7\u00e3o social de todos os cidad\u00e3os e aumentar os n\u00edveis de atividade f\u00edsica, fator determinante na felicidade e realiza\u00e7\u00e3o pessoal. Para tal, vamos levar a efeito:<\/p>\n\n\n\n<ul class=\"wp-block-list\">\n<li>Orienta\u00e7\u00e3o desportiva, um servi\u00e7o de aconselhamento, orienta\u00e7\u00e3o e acompanhamento necess\u00e1rio \u00e0 realiza\u00e7\u00e3o da pr\u00e1tica desportiva;<\/li>\n\n\n\n<li>Meeting Place Information, uma instala\u00e7\u00e3o de informa\u00e7\u00e3o sobre as diferentes possibilidades para a realiza\u00e7\u00e3o da atividade f\u00edsica;<\/li>\n\n\n\n<li>Ampliar a rede de equipamentos in-formais no espa\u00e7o p\u00fablico e melhorar os existentes, tornando-os mais sustent\u00e1veis e acess\u00edveis<\/li>\n<\/ul>\n\n\n<div class=\"wp-block-image\">\n<figure class=\"aligncenter size-large is-resized\"><img loading=\"lazy\" decoding=\"async\" src=\"https:\/\/maismagazine.pt\/wp-content\/uploads\/2023\/07\/Taca-Mundo-Ginastica-Acrobatica-1024x683.jpg\" alt=\"\" class=\"wp-image-7467\" width=\"342\" height=\"228\" srcset=\"http:\/\/maismagazine.pt\/wp-content\/uploads\/2023\/07\/Taca-Mundo-Ginastica-Acrobatica-1024x683.jpg 1024w, http:\/\/maismagazine.pt\/wp-content\/uploads\/2023\/07\/Taca-Mundo-Ginastica-Acrobatica-300x200.jpg 300w, http:\/\/maismagazine.pt\/wp-content\/uploads\/2023\/07\/Taca-Mundo-Ginastica-Acrobatica-768x512.jpg 768w, http:\/\/maismagazine.pt\/wp-content\/uploads\/2023\/07\/Taca-Mundo-Ginastica-Acrobatica-1536x1024.jpg 1536w, http:\/\/maismagazine.pt\/wp-content\/uploads\/2023\/07\/Taca-Mundo-Ginastica-Acrobatica-150x100.jpg 150w, http:\/\/maismagazine.pt\/wp-content\/uploads\/2023\/07\/Taca-Mundo-Ginastica-Acrobatica.jpg 2048w\" sizes=\"auto, (max-width: 342px) 100vw, 342px\" \/><\/figure><\/div>\n\n\n<p><\/p>\n\n\n\n<p><strong>Maia desporto adaptado<\/strong><\/p>\n\n\n\n<p>A possibilidade da pr\u00e1tica desportiva para pessoas com defici\u00eancia \u00e9 de extrema import\u00e2ncia para a propo\u00e7\u00e3o da sua qualidade de vida. O desporto, tem a capacidade de dar visibilidade \u00e0s capacidades dos indiv\u00edduos, e n\u00e3o \u00e0s suas dificuldades, pois, ao praticar uma determinada modalidade a pessoa ter\u00e1 a oportunidade de colocar em evid\u00eancia as suas aptid\u00f5es. Sendo o desporto adaptado um importante meio na reabilita\u00e7\u00e3o f\u00edsica, psicol\u00f3gica e social para as pessoas com defici\u00eancia, o Munic\u00edpio da Maia ao criar o (MDA) Maia Desporto Adaptado, deseja fomentar a aprendizagem e o desenvolvimento de compet\u00eancias das pessoas com defici\u00eancia, permitindo assim uma maior autonomia atrav\u00e9s do desenvolvimento da condi\u00e7\u00e3o f\u00edsica e do desenvolvimento cognitivo, contribuindo desta forma para a sua integra\u00e7\u00e3o social e para a consequente melhoria da qualidade de vida. Pretende-se que o MDA se dirija a todas as pessoas com defici\u00eancia e que desejam que o desporto seja parte integrante da sua vida. \u00c9 desejo do Munic\u00edpio, que o MDA compreenda as diversas faixas et\u00e1rias desde a idade escolar at\u00e9 adultos, quer estejam institucionalizados ou n\u00e3o. <\/p>\n\n\n\n<p><strong>Objetivos Gerais:<\/strong><\/p>\n\n\n\n<ul class=\"wp-block-list\">\n<li>Promover a integra\u00e7\u00e3o das institui\u00e7\u00f5es, estabelecimentos de ensino e mun\u00edcipes portadores de defici\u00eancia na din\u00e2mica desportiva municipal;<\/li>\n\n\n\n<li>Implementar juntamente com todos os intervenientes, modalidades que promovam a pr\u00e1tica desportiva regular;<\/li>\n\n\n\n<li>Potenciar e promover a utiliza\u00e7\u00e3o das infraestruturas desportivas municipais;<\/li>\n\n\n\n<li>Promover a sociabiliza\u00e7\u00e3o das pessoas com defici\u00eancia atrav\u00e9s de a\u00e7\u00f5es junto da popula\u00e7\u00e3o<\/li>\n<\/ul>\n\n\n\n<p><\/p>\n\n\n\n<p><strong>Objetivos espec\u00edficos:<\/strong><\/p>\n\n\n\n<ul class=\"wp-block-list\">\n<li>Promover a pr\u00e1tica desportiva regular;<\/li>\n\n\n\n<li>Envolver os alunos\/utentes dos estabelecimentos de ensino das institui\u00e7\u00f5es e mun\u00edcipes portadores de defici\u00eancia, em eventos e atividades de car\u00e1cter desportivo, recreativo e l\u00fadico;<\/li>\n\n\n\n<li>Promover forma\u00e7\u00e3o espec\u00edfica aos profissionais ligados ao MDA;<\/li>\n\n\n\n<li>Dinamizar iniciativas que mobilizem a participa\u00e7\u00e3o familiar;<\/li>\n\n\n\n<li>Sensibilizar as coletividades para a cria\u00e7\u00e3o de sec\u00e7\u00f5es de desporto adaptado<\/li>\n<\/ul>\n\n\n<div class=\"wp-block-image\">\n<figure class=\"aligncenter size-full is-resized\"><img loading=\"lazy\" decoding=\"async\" src=\"https:\/\/maismagazine.pt\/wp-content\/uploads\/2023\/07\/image-8.png\" alt=\"\" class=\"wp-image-7472\" width=\"343\" height=\"131\"\/><\/figure><\/div>","protected":false},"excerpt":{"rendered":"<p>O munic\u00edpio da Maia \u00e9, pelos dias de hoje, uma refer\u00eancia aut\u00e1rquica pela sua capacidade de implementa\u00e7\u00e3o de uma s\u00e9rie de projetos nas mais variadas \u00e1reas da sociedade, colocando a Maia num patamar de excel\u00eancia. A especial preocupa\u00e7\u00e3o pelas \u00e1reas da sustentabilidade ambiental, reabilita\u00e7\u00e3o urbana, cria\u00e7\u00e3o de infraestruturas para a&hellip;<\/p>\n","protected":false},"author":17,"featured_media":7474,"comment_status":"closed","ping_status":"open","sticky":false,"template":"","format":"standard","meta":{"advgb_blocks_editor_width":"","advgb_blocks_columns_visual_guide":"","_monsterinsights_skip_tracking":false,"_monsterinsights_sitenote_active":false,"_monsterinsights_sitenote_note":"","_monsterinsights_sitenote_category":0,"footnotes":""},"categories":[50],"tags":[977],"class_list":["post-7451","post","type-post","status-publish","format-standard","has-post-thumbnail","hentry","category-destaques","tag-maia"],"yoast_head":"<!-- This site is optimized with the Yoast SEO plugin v24.4 - https:\/\/yoast.com\/wordpress\/plugins\/seo\/ -->\n<title>\u201cSomos hoje uma Maia magn\u00e9tica, um ecossistema humano, social e econ\u00f3mico vibrante e din\u00e2mico, num territ\u00f3rio bom para viver, trabalhar, empreender e investir\u201d - Mais Magazine<\/title>\n<meta name=\"description\" content=\"O munic\u00edpio da Maia \u00e9, pelos dias de hoje, uma refer\u00eancia aut\u00e1rquica pela sua capacidade de implementa\u00e7\u00e3o de uma s\u00e9-rie de projetos nas mais variadas \u00e1reas da sociedade, colocando a Maia num pata-mar de excel\u00eancia. A especial preocupa-\u00e7\u00e3o pelas \u00e1reas da sustentabilidade am-biental, reabilita\u00e7\u00e3o urbana, cria\u00e7\u00e3o de infraestruturas para a pr\u00e1tica de despor-to e mobilidade sustent\u00e1vel s\u00e3o as gran-des linhas orientadoras da a\u00e7\u00e3o da autar-quia maiata, o que tem permitido manter um desenvolvimento transversal a todo o concelho e criar melhores condi\u00e7\u00f5es de vida e trabalho a todos os maiatos. \u00c0 conversa com a Mais Magazine, Ant\u00f3nio Silva Tiago, Presidente da C\u00e2mara Muni-cipal da Maia, abordou os principais pro-jetos que a autarquia tem em marcha com vista \u00e0 promo\u00e7\u00e3o do territ\u00f3rio, o trabalho que tem vindo a executar desde a sua che-gada \u00e0 presid\u00eancia e uma vis\u00e3o sobre a boa qualidade de vida proporcionada aos maiatos\" \/>\n<meta name=\"robots\" content=\"index, follow, max-snippet:-1, max-image-preview:large, max-video-preview:-1\" \/>\n<link rel=\"canonical\" href=\"http:\/\/maismagazine.pt\/index.php\/2023\/07\/28\/somos-hoje-uma-maia-magnetica-um-ecossistema-humano-social-e-economico-vibrante-e-dinamico-num-territorio-bom-para-viver-trabalhar-empreender-e-investir\/\" \/>\n<meta property=\"og:locale\" content=\"pt_PT\" \/>\n<meta property=\"og:type\" content=\"article\" \/>\n<meta property=\"og:title\" content=\"\u201cSomos hoje uma Maia magn\u00e9tica, um ecossistema humano, social e econ\u00f3mico vibrante e din\u00e2mico, num territ\u00f3rio bom para viver, trabalhar, empreender e investir\u201d - Mais Magazine\" \/>\n<meta property=\"og:description\" content=\"O munic\u00edpio da Maia \u00e9, pelos dias de hoje, uma refer\u00eancia aut\u00e1rquica pela sua capacidade de implementa\u00e7\u00e3o de uma s\u00e9-rie de projetos nas mais variadas \u00e1reas da sociedade, colocando a Maia num pata-mar de excel\u00eancia. A especial preocupa-\u00e7\u00e3o pelas \u00e1reas da sustentabilidade am-biental, reabilita\u00e7\u00e3o urbana, cria\u00e7\u00e3o de infraestruturas para a pr\u00e1tica de despor-to e mobilidade sustent\u00e1vel s\u00e3o as gran-des linhas orientadoras da a\u00e7\u00e3o da autar-quia maiata, o que tem permitido manter um desenvolvimento transversal a todo o concelho e criar melhores condi\u00e7\u00f5es de vida e trabalho a todos os maiatos. \u00c0 conversa com a Mais Magazine, Ant\u00f3nio Silva Tiago, Presidente da C\u00e2mara Muni-cipal da Maia, abordou os principais pro-jetos que a autarquia tem em marcha com vista \u00e0 promo\u00e7\u00e3o do territ\u00f3rio, o trabalho que tem vindo a executar desde a sua che-gada \u00e0 presid\u00eancia e uma vis\u00e3o sobre a boa qualidade de vida proporcionada aos maiatos\" \/>\n<meta property=\"og:url\" content=\"http:\/\/maismagazine.pt\/index.php\/2023\/07\/28\/somos-hoje-uma-maia-magnetica-um-ecossistema-humano-social-e-economico-vibrante-e-dinamico-num-territorio-bom-para-viver-trabalhar-empreender-e-investir\/\" \/>\n<meta property=\"og:site_name\" content=\"Mais Magazine\" \/>\n<meta property=\"article:published_time\" content=\"2023-07-28T06:00:00+00:00\" \/>\n<meta property=\"og:image\" content=\"http:\/\/maismagazine.pt\/wp-content\/uploads\/2023\/07\/Antonio-Silva-Tiago-Presidente-da-Camara-Municipal-da-Maia-2.jpg\" \/>\n\t<meta property=\"og:image:width\" content=\"705\" \/>\n\t<meta property=\"og:image:height\" content=\"470\" \/>\n\t<meta property=\"og:image:type\" content=\"image\/jpeg\" \/>\n<meta name=\"author\" content=\"Tiago Costa\" \/>\n<meta name=\"twitter:card\" content=\"summary_large_image\" \/>\n<meta name=\"twitter:label1\" content=\"Escrito por\" \/>\n\t<meta name=\"twitter:data1\" content=\"\" \/>\n\t<meta name=\"twitter:label2\" content=\"Tempo estimado de leitura\" \/>\n\t<meta name=\"twitter:data2\" content=\"18 minutos\" \/>\n<script type=\"application\/ld+json\" class=\"yoast-schema-graph\">{\"@context\":\"https:\/\/schema.org\",\"@graph\":[{\"@type\":\"Article\",\"@id\":\"http:\/\/maismagazine.pt\/index.php\/2023\/07\/28\/somos-hoje-uma-maia-magnetica-um-ecossistema-humano-social-e-economico-vibrante-e-dinamico-num-territorio-bom-para-viver-trabalhar-empreender-e-investir\/#article\",\"isPartOf\":{\"@id\":\"http:\/\/maismagazine.pt\/index.php\/2023\/07\/28\/somos-hoje-uma-maia-magnetica-um-ecossistema-humano-social-e-economico-vibrante-e-dinamico-num-territorio-bom-para-viver-trabalhar-empreender-e-investir\/\"},\"author\":{\"name\":\"Tiago Costa\",\"@id\":\"https:\/\/maismagazine.pt\/#\/schema\/person\/c6c5bfccc886434cbd11c74e035f9646\"},\"headline\":\"\u201cSomos hoje uma Maia magn\u00e9tica, um ecossistema humano, social e econ\u00f3mico vibrante e din\u00e2mico, num territ\u00f3rio bom para viver, trabalhar, empreender e investir\u201d\",\"datePublished\":\"2023-07-28T06:00:00+00:00\",\"mainEntityOfPage\":{\"@id\":\"http:\/\/maismagazine.pt\/index.php\/2023\/07\/28\/somos-hoje-uma-maia-magnetica-um-ecossistema-humano-social-e-economico-vibrante-e-dinamico-num-territorio-bom-para-viver-trabalhar-empreender-e-investir\/\"},\"wordCount\":3692,\"publisher\":{\"@id\":\"https:\/\/maismagazine.pt\/#organization\"},\"image\":{\"@id\":\"http:\/\/maismagazine.pt\/index.php\/2023\/07\/28\/somos-hoje-uma-maia-magnetica-um-ecossistema-humano-social-e-economico-vibrante-e-dinamico-num-territorio-bom-para-viver-trabalhar-empreender-e-investir\/#primaryimage\"},\"thumbnailUrl\":\"http:\/\/maismagazine.pt\/wp-content\/uploads\/2023\/07\/Antonio-Silva-Tiago-Presidente-da-Camara-Municipal-da-Maia-2.jpg\",\"keywords\":[\"Maia\"],\"articleSection\":[\"Destaques\"],\"inLanguage\":\"pt-PT\"},{\"@type\":\"WebPage\",\"@id\":\"http:\/\/maismagazine.pt\/index.php\/2023\/07\/28\/somos-hoje-uma-maia-magnetica-um-ecossistema-humano-social-e-economico-vibrante-e-dinamico-num-territorio-bom-para-viver-trabalhar-empreender-e-investir\/\",\"url\":\"http:\/\/maismagazine.pt\/index.php\/2023\/07\/28\/somos-hoje-uma-maia-magnetica-um-ecossistema-humano-social-e-economico-vibrante-e-dinamico-num-territorio-bom-para-viver-trabalhar-empreender-e-investir\/\",\"name\":\"\u201cSomos hoje uma Maia magn\u00e9tica, um ecossistema humano, social e econ\u00f3mico vibrante e din\u00e2mico, num territ\u00f3rio bom para viver, trabalhar, empreender e investir\u201d - Mais Magazine\",\"isPartOf\":{\"@id\":\"https:\/\/maismagazine.pt\/#website\"},\"primaryImageOfPage\":{\"@id\":\"http:\/\/maismagazine.pt\/index.php\/2023\/07\/28\/somos-hoje-uma-maia-magnetica-um-ecossistema-humano-social-e-economico-vibrante-e-dinamico-num-territorio-bom-para-viver-trabalhar-empreender-e-investir\/#primaryimage\"},\"image\":{\"@id\":\"http:\/\/maismagazine.pt\/index.php\/2023\/07\/28\/somos-hoje-uma-maia-magnetica-um-ecossistema-humano-social-e-economico-vibrante-e-dinamico-num-territorio-bom-para-viver-trabalhar-empreender-e-investir\/#primaryimage\"},\"thumbnailUrl\":\"http:\/\/maismagazine.pt\/wp-content\/uploads\/2023\/07\/Antonio-Silva-Tiago-Presidente-da-Camara-Municipal-da-Maia-2.jpg\",\"datePublished\":\"2023-07-28T06:00:00+00:00\",\"description\":\"O munic\u00edpio da Maia \u00e9, pelos dias de hoje, uma refer\u00eancia aut\u00e1rquica pela sua capacidade de implementa\u00e7\u00e3o de uma s\u00e9-rie de projetos nas mais variadas \u00e1reas da sociedade, colocando a Maia num pata-mar de excel\u00eancia. A especial preocupa-\u00e7\u00e3o pelas \u00e1reas da sustentabilidade am-biental, reabilita\u00e7\u00e3o urbana, cria\u00e7\u00e3o de infraestruturas para a pr\u00e1tica de despor-to e mobilidade sustent\u00e1vel s\u00e3o as gran-des linhas orientadoras da a\u00e7\u00e3o da autar-quia maiata, o que tem permitido manter um desenvolvimento transversal a todo o concelho e criar melhores condi\u00e7\u00f5es de vida e trabalho a todos os maiatos. \u00c0 conversa com a Mais Magazine, Ant\u00f3nio Silva Tiago, Presidente da C\u00e2mara Muni-cipal da Maia, abordou os principais pro-jetos que a autarquia tem em marcha com vista \u00e0 promo\u00e7\u00e3o do territ\u00f3rio, o trabalho que tem vindo a executar desde a sua che-gada \u00e0 presid\u00eancia e uma vis\u00e3o sobre a boa qualidade de vida proporcionada aos maiatos\",\"breadcrumb\":{\"@id\":\"http:\/\/maismagazine.pt\/index.php\/2023\/07\/28\/somos-hoje-uma-maia-magnetica-um-ecossistema-humano-social-e-economico-vibrante-e-dinamico-num-territorio-bom-para-viver-trabalhar-empreender-e-investir\/#breadcrumb\"},\"inLanguage\":\"pt-PT\",\"potentialAction\":[{\"@type\":\"ReadAction\",\"target\":[\"http:\/\/maismagazine.pt\/index.php\/2023\/07\/28\/somos-hoje-uma-maia-magnetica-um-ecossistema-humano-social-e-economico-vibrante-e-dinamico-num-territorio-bom-para-viver-trabalhar-empreender-e-investir\/\"]}]},{\"@type\":\"ImageObject\",\"inLanguage\":\"pt-PT\",\"@id\":\"http:\/\/maismagazine.pt\/index.php\/2023\/07\/28\/somos-hoje-uma-maia-magnetica-um-ecossistema-humano-social-e-economico-vibrante-e-dinamico-num-territorio-bom-para-viver-trabalhar-empreender-e-investir\/#primaryimage\",\"url\":\"http:\/\/maismagazine.pt\/wp-content\/uploads\/2023\/07\/Antonio-Silva-Tiago-Presidente-da-Camara-Municipal-da-Maia-2.jpg\",\"contentUrl\":\"http:\/\/maismagazine.pt\/wp-content\/uploads\/2023\/07\/Antonio-Silva-Tiago-Presidente-da-Camara-Municipal-da-Maia-2.jpg\",\"width\":705,\"height\":470},{\"@type\":\"BreadcrumbList\",\"@id\":\"http:\/\/maismagazine.pt\/index.php\/2023\/07\/28\/somos-hoje-uma-maia-magnetica-um-ecossistema-humano-social-e-economico-vibrante-e-dinamico-num-territorio-bom-para-viver-trabalhar-empreender-e-investir\/#breadcrumb\",\"itemListElement\":[{\"@type\":\"ListItem\",\"position\":1,\"name\":\"Home\",\"item\":\"https:\/\/maismagazine.pt\/\"},{\"@type\":\"ListItem\",\"position\":2,\"name\":\"\u201cSomos hoje uma Maia magn\u00e9tica, um ecossistema humano, social e econ\u00f3mico vibrante e din\u00e2mico, num territ\u00f3rio bom para viver, trabalhar, empreender e investir\u201d\"}]},{\"@type\":\"WebSite\",\"@id\":\"https:\/\/maismagazine.pt\/#website\",\"url\":\"https:\/\/maismagazine.pt\/\",\"name\":\"Mais Magazine\",\"description\":\"\",\"publisher\":{\"@id\":\"https:\/\/maismagazine.pt\/#organization\"},\"potentialAction\":[{\"@type\":\"SearchAction\",\"target\":{\"@type\":\"EntryPoint\",\"urlTemplate\":\"https:\/\/maismagazine.pt\/?s={search_term_string}\"},\"query-input\":{\"@type\":\"PropertyValueSpecification\",\"valueRequired\":true,\"valueName\":\"search_term_string\"}}],\"inLanguage\":\"pt-PT\"},{\"@type\":\"Organization\",\"@id\":\"https:\/\/maismagazine.pt\/#organization\",\"name\":\"Mais Magazine\",\"url\":\"https:\/\/maismagazine.pt\/\",\"logo\":{\"@type\":\"ImageObject\",\"inLanguage\":\"pt-PT\",\"@id\":\"https:\/\/maismagazine.pt\/#\/schema\/logo\/image\/\",\"url\":\"http:\/\/maismagazine.pt\/wp-content\/uploads\/2020\/04\/cropped-cropped-mais-magazine-site-logo-2.png\",\"contentUrl\":\"http:\/\/maismagazine.pt\/wp-content\/uploads\/2020\/04\/cropped-cropped-mais-magazine-site-logo-2.png\",\"width\":581,\"height\":90,\"caption\":\"Mais Magazine\"},\"image\":{\"@id\":\"https:\/\/maismagazine.pt\/#\/schema\/logo\/image\/\"}},{\"@type\":\"Person\",\"@id\":\"https:\/\/maismagazine.pt\/#\/schema\/person\/c6c5bfccc886434cbd11c74e035f9646\",\"name\":\"Tiago Costa\",\"image\":{\"@type\":\"ImageObject\",\"inLanguage\":\"pt-PT\",\"@id\":\"https:\/\/maismagazine.pt\/#\/schema\/person\/image\/\",\"url\":\"https:\/\/secure.gravatar.com\/avatar\/c599b2bce16c9870429198cbad5ee022?s=96&d=mm&r=g\",\"contentUrl\":\"https:\/\/secure.gravatar.com\/avatar\/c599b2bce16c9870429198cbad5ee022?s=96&d=mm&r=g\",\"caption\":\"Tiago Costa\"},\"url\":\"http:\/\/maismagazine.pt\/index.php\/author\/tiago\/\"}]}<\/script>\n<!-- \/ Yoast SEO plugin. -->","yoast_head_json":{"title":"\u201cSomos hoje uma Maia magn\u00e9tica, um ecossistema humano, social e econ\u00f3mico vibrante e din\u00e2mico, num territ\u00f3rio bom para viver, trabalhar, empreender e investir\u201d - Mais Magazine","description":"O munic\u00edpio da Maia \u00e9, pelos dias de hoje, uma refer\u00eancia aut\u00e1rquica pela sua capacidade de implementa\u00e7\u00e3o de uma s\u00e9-rie de projetos nas mais variadas \u00e1reas da sociedade, colocando a Maia num pata-mar de excel\u00eancia. A especial preocupa-\u00e7\u00e3o pelas \u00e1reas da sustentabilidade am-biental, reabilita\u00e7\u00e3o urbana, cria\u00e7\u00e3o de infraestruturas para a pr\u00e1tica de despor-to e mobilidade sustent\u00e1vel s\u00e3o as gran-des linhas orientadoras da a\u00e7\u00e3o da autar-quia maiata, o que tem permitido manter um desenvolvimento transversal a todo o concelho e criar melhores condi\u00e7\u00f5es de vida e trabalho a todos os maiatos. \u00c0 conversa com a Mais Magazine, Ant\u00f3nio Silva Tiago, Presidente da C\u00e2mara Muni-cipal da Maia, abordou os principais pro-jetos que a autarquia tem em marcha com vista \u00e0 promo\u00e7\u00e3o do territ\u00f3rio, o trabalho que tem vindo a executar desde a sua che-gada \u00e0 presid\u00eancia e uma vis\u00e3o sobre a boa qualidade de vida proporcionada aos maiatos","robots":{"index":"index","follow":"follow","max-snippet":"max-snippet:-1","max-image-preview":"max-image-preview:large","max-video-preview":"max-video-preview:-1"},"canonical":"http:\/\/maismagazine.pt\/index.php\/2023\/07\/28\/somos-hoje-uma-maia-magnetica-um-ecossistema-humano-social-e-economico-vibrante-e-dinamico-num-territorio-bom-para-viver-trabalhar-empreender-e-investir\/","og_locale":"pt_PT","og_type":"article","og_title":"\u201cSomos hoje uma Maia magn\u00e9tica, um ecossistema humano, social e econ\u00f3mico vibrante e din\u00e2mico, num territ\u00f3rio bom para viver, trabalhar, empreender e investir\u201d - Mais Magazine","og_description":"O munic\u00edpio da Maia \u00e9, pelos dias de hoje, uma refer\u00eancia aut\u00e1rquica pela sua capacidade de implementa\u00e7\u00e3o de uma s\u00e9-rie de projetos nas mais variadas \u00e1reas da sociedade, colocando a Maia num pata-mar de excel\u00eancia. A especial preocupa-\u00e7\u00e3o pelas \u00e1reas da sustentabilidade am-biental, reabilita\u00e7\u00e3o urbana, cria\u00e7\u00e3o de infraestruturas para a pr\u00e1tica de despor-to e mobilidade sustent\u00e1vel s\u00e3o as gran-des linhas orientadoras da a\u00e7\u00e3o da autar-quia maiata, o que tem permitido manter um desenvolvimento transversal a todo o concelho e criar melhores condi\u00e7\u00f5es de vida e trabalho a todos os maiatos. \u00c0 conversa com a Mais Magazine, Ant\u00f3nio Silva Tiago, Presidente da C\u00e2mara Muni-cipal da Maia, abordou os principais pro-jetos que a autarquia tem em marcha com vista \u00e0 promo\u00e7\u00e3o do territ\u00f3rio, o trabalho que tem vindo a executar desde a sua che-gada \u00e0 presid\u00eancia e uma vis\u00e3o sobre a boa qualidade de vida proporcionada aos maiatos","og_url":"http:\/\/maismagazine.pt\/index.php\/2023\/07\/28\/somos-hoje-uma-maia-magnetica-um-ecossistema-humano-social-e-economico-vibrante-e-dinamico-num-territorio-bom-para-viver-trabalhar-empreender-e-investir\/","og_site_name":"Mais Magazine","article_published_time":"2023-07-28T06:00:00+00:00","og_image":[{"width":705,"height":470,"url":"http:\/\/maismagazine.pt\/wp-content\/uploads\/2023\/07\/Antonio-Silva-Tiago-Presidente-da-Camara-Municipal-da-Maia-2.jpg","type":"image\/jpeg"}],"author":"Tiago Costa","twitter_card":"summary_large_image","twitter_misc":{"Escrito por":false,"Tempo estimado de leitura":"18 minutos"},"schema":{"@context":"https:\/\/schema.org","@graph":[{"@type":"Article","@id":"http:\/\/maismagazine.pt\/index.php\/2023\/07\/28\/somos-hoje-uma-maia-magnetica-um-ecossistema-humano-social-e-economico-vibrante-e-dinamico-num-territorio-bom-para-viver-trabalhar-empreender-e-investir\/#article","isPartOf":{"@id":"http:\/\/maismagazine.pt\/index.php\/2023\/07\/28\/somos-hoje-uma-maia-magnetica-um-ecossistema-humano-social-e-economico-vibrante-e-dinamico-num-territorio-bom-para-viver-trabalhar-empreender-e-investir\/"},"author":{"name":"Tiago Costa","@id":"https:\/\/maismagazine.pt\/#\/schema\/person\/c6c5bfccc886434cbd11c74e035f9646"},"headline":"\u201cSomos hoje uma Maia magn\u00e9tica, um ecossistema humano, social e econ\u00f3mico vibrante e din\u00e2mico, num territ\u00f3rio bom para viver, trabalhar, empreender e investir\u201d","datePublished":"2023-07-28T06:00:00+00:00","mainEntityOfPage":{"@id":"http:\/\/maismagazine.pt\/index.php\/2023\/07\/28\/somos-hoje-uma-maia-magnetica-um-ecossistema-humano-social-e-economico-vibrante-e-dinamico-num-territorio-bom-para-viver-trabalhar-empreender-e-investir\/"},"wordCount":3692,"publisher":{"@id":"https:\/\/maismagazine.pt\/#organization"},"image":{"@id":"http:\/\/maismagazine.pt\/index.php\/2023\/07\/28\/somos-hoje-uma-maia-magnetica-um-ecossistema-humano-social-e-economico-vibrante-e-dinamico-num-territorio-bom-para-viver-trabalhar-empreender-e-investir\/#primaryimage"},"thumbnailUrl":"http:\/\/maismagazine.pt\/wp-content\/uploads\/2023\/07\/Antonio-Silva-Tiago-Presidente-da-Camara-Municipal-da-Maia-2.jpg","keywords":["Maia"],"articleSection":["Destaques"],"inLanguage":"pt-PT"},{"@type":"WebPage","@id":"http:\/\/maismagazine.pt\/index.php\/2023\/07\/28\/somos-hoje-uma-maia-magnetica-um-ecossistema-humano-social-e-economico-vibrante-e-dinamico-num-territorio-bom-para-viver-trabalhar-empreender-e-investir\/","url":"http:\/\/maismagazine.pt\/index.php\/2023\/07\/28\/somos-hoje-uma-maia-magnetica-um-ecossistema-humano-social-e-economico-vibrante-e-dinamico-num-territorio-bom-para-viver-trabalhar-empreender-e-investir\/","name":"\u201cSomos hoje uma Maia magn\u00e9tica, um ecossistema humano, social e econ\u00f3mico vibrante e din\u00e2mico, num territ\u00f3rio bom para viver, trabalhar, empreender e investir\u201d - Mais Magazine","isPartOf":{"@id":"https:\/\/maismagazine.pt\/#website"},"primaryImageOfPage":{"@id":"http:\/\/maismagazine.pt\/index.php\/2023\/07\/28\/somos-hoje-uma-maia-magnetica-um-ecossistema-humano-social-e-economico-vibrante-e-dinamico-num-territorio-bom-para-viver-trabalhar-empreender-e-investir\/#primaryimage"},"image":{"@id":"http:\/\/maismagazine.pt\/index.php\/2023\/07\/28\/somos-hoje-uma-maia-magnetica-um-ecossistema-humano-social-e-economico-vibrante-e-dinamico-num-territorio-bom-para-viver-trabalhar-empreender-e-investir\/#primaryimage"},"thumbnailUrl":"http:\/\/maismagazine.pt\/wp-content\/uploads\/2023\/07\/Antonio-Silva-Tiago-Presidente-da-Camara-Municipal-da-Maia-2.jpg","datePublished":"2023-07-28T06:00:00+00:00","description":"O munic\u00edpio da Maia \u00e9, pelos dias de hoje, uma refer\u00eancia aut\u00e1rquica pela sua capacidade de implementa\u00e7\u00e3o de uma s\u00e9-rie de projetos nas mais variadas \u00e1reas da sociedade, colocando a Maia num pata-mar de excel\u00eancia. A especial preocupa-\u00e7\u00e3o pelas \u00e1reas da sustentabilidade am-biental, reabilita\u00e7\u00e3o urbana, cria\u00e7\u00e3o de infraestruturas para a pr\u00e1tica de despor-to e mobilidade sustent\u00e1vel s\u00e3o as gran-des linhas orientadoras da a\u00e7\u00e3o da autar-quia maiata, o que tem permitido manter um desenvolvimento transversal a todo o concelho e criar melhores condi\u00e7\u00f5es de vida e trabalho a todos os maiatos. \u00c0 conversa com a Mais Magazine, Ant\u00f3nio Silva Tiago, Presidente da C\u00e2mara Muni-cipal da Maia, abordou os principais pro-jetos que a autarquia tem em marcha com vista \u00e0 promo\u00e7\u00e3o do territ\u00f3rio, o trabalho que tem vindo a executar desde a sua che-gada \u00e0 presid\u00eancia e uma vis\u00e3o sobre a boa qualidade de vida proporcionada aos maiatos","breadcrumb":{"@id":"http:\/\/maismagazine.pt\/index.php\/2023\/07\/28\/somos-hoje-uma-maia-magnetica-um-ecossistema-humano-social-e-economico-vibrante-e-dinamico-num-territorio-bom-para-viver-trabalhar-empreender-e-investir\/#breadcrumb"},"inLanguage":"pt-PT","potentialAction":[{"@type":"ReadAction","target":["http:\/\/maismagazine.pt\/index.php\/2023\/07\/28\/somos-hoje-uma-maia-magnetica-um-ecossistema-humano-social-e-economico-vibrante-e-dinamico-num-territorio-bom-para-viver-trabalhar-empreender-e-investir\/"]}]},{"@type":"ImageObject","inLanguage":"pt-PT","@id":"http:\/\/maismagazine.pt\/index.php\/2023\/07\/28\/somos-hoje-uma-maia-magnetica-um-ecossistema-humano-social-e-economico-vibrante-e-dinamico-num-territorio-bom-para-viver-trabalhar-empreender-e-investir\/#primaryimage","url":"http:\/\/maismagazine.pt\/wp-content\/uploads\/2023\/07\/Antonio-Silva-Tiago-Presidente-da-Camara-Municipal-da-Maia-2.jpg","contentUrl":"http:\/\/maismagazine.pt\/wp-content\/uploads\/2023\/07\/Antonio-Silva-Tiago-Presidente-da-Camara-Municipal-da-Maia-2.jpg","width":705,"height":470},{"@type":"BreadcrumbList","@id":"http:\/\/maismagazine.pt\/index.php\/2023\/07\/28\/somos-hoje-uma-maia-magnetica-um-ecossistema-humano-social-e-economico-vibrante-e-dinamico-num-territorio-bom-para-viver-trabalhar-empreender-e-investir\/#breadcrumb","itemListElement":[{"@type":"ListItem","position":1,"name":"Home","item":"https:\/\/maismagazine.pt\/"},{"@type":"ListItem","position":2,"name":"\u201cSomos hoje uma Maia magn\u00e9tica, um ecossistema humano, social e econ\u00f3mico vibrante e din\u00e2mico, num territ\u00f3rio bom para viver, trabalhar, empreender e investir\u201d"}]},{"@type":"WebSite","@id":"https:\/\/maismagazine.pt\/#website","url":"https:\/\/maismagazine.pt\/","name":"Mais Magazine","description":"","publisher":{"@id":"https:\/\/maismagazine.pt\/#organization"},"potentialAction":[{"@type":"SearchAction","target":{"@type":"EntryPoint","urlTemplate":"https:\/\/maismagazine.pt\/?s={search_term_string}"},"query-input":{"@type":"PropertyValueSpecification","valueRequired":true,"valueName":"search_term_string"}}],"inLanguage":"pt-PT"},{"@type":"Organization","@id":"https:\/\/maismagazine.pt\/#organization","name":"Mais Magazine","url":"https:\/\/maismagazine.pt\/","logo":{"@type":"ImageObject","inLanguage":"pt-PT","@id":"https:\/\/maismagazine.pt\/#\/schema\/logo\/image\/","url":"http:\/\/maismagazine.pt\/wp-content\/uploads\/2020\/04\/cropped-cropped-mais-magazine-site-logo-2.png","contentUrl":"http:\/\/maismagazine.pt\/wp-content\/uploads\/2020\/04\/cropped-cropped-mais-magazine-site-logo-2.png","width":581,"height":90,"caption":"Mais Magazine"},"image":{"@id":"https:\/\/maismagazine.pt\/#\/schema\/logo\/image\/"}},{"@type":"Person","@id":"https:\/\/maismagazine.pt\/#\/schema\/person\/c6c5bfccc886434cbd11c74e035f9646","name":"Tiago Costa","image":{"@type":"ImageObject","inLanguage":"pt-PT","@id":"https:\/\/maismagazine.pt\/#\/schema\/person\/image\/","url":"https:\/\/secure.gravatar.com\/avatar\/c599b2bce16c9870429198cbad5ee022?s=96&d=mm&r=g","contentUrl":"https:\/\/secure.gravatar.com\/avatar\/c599b2bce16c9870429198cbad5ee022?s=96&d=mm&r=g","caption":"Tiago Costa"},"url":"http:\/\/maismagazine.pt\/index.php\/author\/tiago\/"}]}},"author_meta":{"display_name":false,"author_link":"http:\/\/maismagazine.pt\/index.php\/author\/tiago\/"},"featured_img":"http:\/\/maismagazine.pt\/wp-content\/uploads\/2023\/07\/Antonio-Silva-Tiago-Presidente-da-Camara-Municipal-da-Maia-2-300x200.jpg","coauthors":[],"tax_additional":{"categories":{"linked":["<a href=\"http:\/\/maismagazine.pt\/index.php\/category\/destaques\/\" class=\"advgb-post-tax-term\">Destaques<\/a>"],"unlinked":["<span class=\"advgb-post-tax-term\">Destaques<\/span>"]},"tags":{"linked":["<a href=\"http:\/\/maismagazine.pt\/index.php\/category\/destaques\/\" class=\"advgb-post-tax-term\">Maia<\/a>"],"unlinked":["<span class=\"advgb-post-tax-term\">Maia<\/span>"]}},"comment_count":"0","relative_dates":{"created":"Posted 3 anos ago","modified":"Updated 3 anos ago"},"absolute_dates":{"created":"Posted on 28 de Julho, 2023","modified":"Updated on 20 de Julho, 2023"},"absolute_dates_time":{"created":"Posted on 28 de Julho, 2023 7:00","modified":"Updated on 20 de Julho, 2023 11:42"},"featured_img_caption":"","series_order":"","_links":{"self":[{"href":"http:\/\/maismagazine.pt\/index.php\/wp-json\/wp\/v2\/posts\/7451","targetHints":{"allow":["GET"]}}],"collection":[{"href":"http:\/\/maismagazine.pt\/index.php\/wp-json\/wp\/v2\/posts"}],"about":[{"href":"http:\/\/maismagazine.pt\/index.php\/wp-json\/wp\/v2\/types\/post"}],"author":[{"embeddable":true,"href":"http:\/\/maismagazine.pt\/index.php\/wp-json\/wp\/v2\/users\/17"}],"replies":[{"embeddable":true,"href":"http:\/\/maismagazine.pt\/index.php\/wp-json\/wp\/v2\/comments?post=7451"}],"version-history":[{"count":2,"href":"http:\/\/maismagazine.pt\/index.php\/wp-json\/wp\/v2\/posts\/7451\/revisions"}],"predecessor-version":[{"id":7477,"href":"http:\/\/maismagazine.pt\/index.php\/wp-json\/wp\/v2\/posts\/7451\/revisions\/7477"}],"wp:featuredmedia":[{"embeddable":true,"href":"http:\/\/maismagazine.pt\/index.php\/wp-json\/wp\/v2\/media\/7474"}],"wp:attachment":[{"href":"http:\/\/maismagazine.pt\/index.php\/wp-json\/wp\/v2\/media?parent=7451"}],"wp:term":[{"taxonomy":"category","embeddable":true,"href":"http:\/\/maismagazine.pt\/index.php\/wp-json\/wp\/v2\/categories?post=7451"},{"taxonomy":"post_tag","embeddable":true,"href":"http:\/\/maismagazine.pt\/index.php\/wp-json\/wp\/v2\/tags?post=7451"}],"curies":[{"name":"wp","href":"https:\/\/api.w.org\/{rel}","templated":true}]}}