{"id":7445,"date":"2023-07-28T07:00:00","date_gmt":"2023-07-28T06:00:00","guid":{"rendered":"https:\/\/maismagazine.pt\/?p=7445"},"modified":"2023-07-20T11:06:39","modified_gmt":"2023-07-20T10:06:39","slug":"175-anos-a-marcar-pela-qualidade-e-profissionalismo-2","status":"publish","type":"post","link":"http:\/\/maismagazine.pt\/index.php\/2023\/07\/28\/175-anos-a-marcar-pela-qualidade-e-profissionalismo-2\/","title":{"rendered":"175 anos a marcar pela qualidade e profissionalismo"},"content":{"rendered":"\n<p><strong>Sedidada na Maia, a Ag\u00eancia Funer\u00e1ria Secular Casa Moreira \u00e9 uma das mais antigas casas funer\u00e1rias em atividade em Portugal. Ao longo do tempo, a fam\u00edlia Moreira conseguiu aliar a tradi\u00e7\u00e3o \u00e0 inova\u00e7\u00e3o e fazer deste neg\u00f3cio centen\u00e1rio um distinto exemplo de sucesso. <\/strong><\/p>\n\n\n\n<p><\/p>\n\n\n\n<p>Para falar dos prim\u00f3rdios desta empresa \u00e9 necess\u00e1rio recuar a uma \u00e9poca anterior ao ano de 1847, altura em que surgem os primeiros registos de uma atividade ininterruptamente ligada \u00e0 fam\u00edlia Moreira, de Moreira da Maia. Foi pelas m\u00e3os de Domingos Jos\u00e9 Moreira que surgiu o projeto que hoje se designa por Ag\u00eancia Funer\u00e1ria Secular Casa Moreira. Empreendedor e carpinteiro de profiss\u00e3o, cedo deu provas de habilidade, intelig\u00eancia, iniciativa e ambi\u00e7\u00e3o. Fundou ent\u00e3o a casa de arma\u00e7\u00e3o \u201cCasa Moreira &#8211; Armador\u201d, que tinha como atividade principal a ornamenta\u00e7\u00e3o das igrejas, tanto para cerim\u00f3nias religiosas festivas, como lutuosas. Ap\u00f3s a sua partida, em 1896, a continuidade da atividade da casa foi assegurada por Jos\u00e9 Domingues Moreira, seu filho e, posteriormente, pelos seus netos Domingos Jos\u00e9 Moreira e Ant\u00f3nio Jos\u00e9 Moreira \u2013 o \u201cMestre Clara\u201d. Como falecimento precoce deste \u00faltimo, a continuidade do projeto foi assegurada por Terc\u00edlia Silva, sua esposa. Apoiada pelo prest\u00edgio alcan\u00e7ado, a Casa Moreira manteve as suas opera\u00e7\u00f5es, tendo sido gerida com compet\u00eancia durante 18 anos. Ap\u00f3s o seu falecimento, a dire\u00e7\u00e3o da Casa Moreira volta a ser assumida por um dos seus netos, Domingos Jos\u00e9 Moreira. Ter\u00e1 sido nesta altura que a Funer\u00e1ria Casa Moreira ter\u00e1 passado a ter um maior reconhecimento na freguesia de Lavra. Por\u00e9m, com o aparecimento e crescimento de novas casas funer\u00e1rias nas redondezas, assistiu-se a um decl\u00ednio da atividade da empresa. <\/p>\n\n\n\n<p>O renascimento do neg\u00f3cio surge em 1990, pelas m\u00e3os de Domingos Jos\u00e9 Dias Moreira. Ser\u00e1 porventura a sua obra a mais marcante na hist\u00f3ria da Casa Moreira. Foi o respons\u00e1vel pela sua expans\u00e3o, dotando-a de novas instala\u00e7\u00f5es nas freguesias de Gueif\u00e3es e de Nogueira, no Concelho da Maia. \u00c9 tamb\u00e9m no decorrer da sua gest\u00e3o que a Casa de Arma\u00e7\u00e3o assume a sua atual designa\u00e7\u00e3o de \u201cAg\u00eancia Funer\u00e1ria Secular Casa Moreira\u201d. Fruto dos seus valores humanos, as opera\u00e7\u00f5es da empresa s\u00e3o ampliadas e a sua atividade ultrapassa valores nunca antes atingidos em toda a sua hist\u00f3ria. A gest\u00e3o da empresa esteve a seu cargo durante quase 40 anos, at\u00e9 \u00e0 sua partida, em 2017.Hoje, ao leme do neg\u00f3cio est\u00e1 Jo\u00e3o Filipe Machado Moreira, com coger\u00eancia do irm\u00e3o g\u00e9meo Lu\u00eds Jos\u00e9 Machado Moreira, que seguem a mesma metodologia de trabalho e valores caracter\u00edsticos do seu pai, Domingos Moreira, e de toda a fam\u00edlia na hist\u00f3ria da Casa Moreira: respeito, empatia e dignidade. A entrada destes irm\u00e3os trouxe uma lufada de ar fresco ao projeto no que diz respeito \u00e0 inova\u00e7\u00e3o, aliando-a \u00e0 sua distinta e longa tradi\u00e7\u00e3o de 175 anos, acompanhando assim os atuais desafios do mercado. Neste contexto, e pela sua forma\u00e7\u00e3o na \u00e1rea, destaca-se a conce\u00e7\u00e3o e desenvolvimento de uma plataforma inform\u00e1tica, de tal forma abrangente, que integra todos os processos operacionais da Ag\u00eancia Funer\u00e1ria Secular Casa Moreira. Com esta plataforma foi assim poss\u00edvel escalar as suas opera\u00e7\u00f5es permitindo o cont\u00ednuo crescimento, n\u00e3o s\u00f3 da sua atividade, mas tamb\u00e9m do n\u00famero de colaboradores, passando a empresa a ser uma das maiores a n\u00edvel nacional. \u00c9 tamb\u00e9m de destacar a cria\u00e7\u00e3o de uma nova imagem corporativa, a reconstru\u00e7\u00e3o e amplia\u00e7\u00e3o da sede e armaz\u00e9ns da empresa, a aquisi\u00e7\u00e3o de viaturas especializadas e a implementa\u00e7\u00e3o de novas tecnologias para acompanhar as exig\u00eancias atuais.  <\/p>\n\n\n\n<p>Assim, falar do mercado funer\u00e1rio \u00e9 falar de uma das poucas ind\u00fastrias que sobrevive \u00e0 custa da morte, registando-se um crescimento do n\u00famero de operadores neste mercado em Portugal. Perante esta realidade e, por forma a obter vantagens competitivas, prestar um servi\u00e7o com a m\u00e1xima qualidade tem sido sempre divisa da Ag\u00eancia Funer\u00e1ria Secular Casa Moreira, que vem dando ex\u00edmia continuidade a uma tradi\u00e7\u00e3o secular, marcada pelo profissionalismo e compet\u00eancia, caracter\u00edsticos da fam\u00edlia Moreira. <\/p>\n\n\n<div class=\"wp-block-image\">\n<figure class=\"aligncenter size-large is-resized\"><img loading=\"lazy\" decoding=\"async\" src=\"https:\/\/maismagazine.pt\/wp-content\/uploads\/2023\/07\/AFS-CasaMoreira-Logotipo-2020-cores-solido-3509x2481px-1024x724.png\" alt=\"\" class=\"wp-image-7447\" width=\"343\" height=\"242\" srcset=\"http:\/\/maismagazine.pt\/wp-content\/uploads\/2023\/07\/AFS-CasaMoreira-Logotipo-2020-cores-solido-3509x2481px-1024x724.png 1024w, http:\/\/maismagazine.pt\/wp-content\/uploads\/2023\/07\/AFS-CasaMoreira-Logotipo-2020-cores-solido-3509x2481px-300x212.png 300w, http:\/\/maismagazine.pt\/wp-content\/uploads\/2023\/07\/AFS-CasaMoreira-Logotipo-2020-cores-solido-3509x2481px-768x543.png 768w, http:\/\/maismagazine.pt\/wp-content\/uploads\/2023\/07\/AFS-CasaMoreira-Logotipo-2020-cores-solido-3509x2481px-1536x1086.png 1536w, http:\/\/maismagazine.pt\/wp-content\/uploads\/2023\/07\/AFS-CasaMoreira-Logotipo-2020-cores-solido-3509x2481px-2048x1448.png 2048w\" sizes=\"auto, (max-width: 343px) 100vw, 343px\" \/><\/figure><\/div>","protected":false},"excerpt":{"rendered":"<p>Sedidada na Maia, a Ag\u00eancia Funer\u00e1ria Secular Casa Moreira \u00e9 uma das mais antigas casas funer\u00e1rias em atividade em Portugal. Ao longo do tempo, a fam\u00edlia Moreira conseguiu aliar a tradi\u00e7\u00e3o \u00e0 inova\u00e7\u00e3o e fazer deste neg\u00f3cio centen\u00e1rio um distinto exemplo de sucesso. Para falar dos prim\u00f3rdios desta empresa \u00e9&hellip;<\/p>\n","protected":false},"author":17,"featured_media":7448,"comment_status":"closed","ping_status":"open","sticky":false,"template":"","format":"standard","meta":{"advgb_blocks_editor_width":"","advgb_blocks_columns_visual_guide":"","_monsterinsights_skip_tracking":false,"_monsterinsights_sitenote_active":false,"_monsterinsights_sitenote_note":"","_monsterinsights_sitenote_category":0,"footnotes":""},"categories":[313],"tags":[1635,977],"class_list":["post-7445","post","type-post","status-publish","format-standard","has-post-thumbnail","hentry","category-saude","tag-casa-moreira","tag-maia"],"yoast_head":"<!-- This site is optimized with the Yoast SEO plugin v24.4 - https:\/\/yoast.com\/wordpress\/plugins\/seo\/ -->\n<title>175 anos a marcar pela qualidade e profissionalismo - Mais Magazine<\/title>\n<meta name=\"description\" content=\"Sedidada na Maia, a Ag\u00eancia Funer\u00e1ria Secular Casa Moreira \u00e9 uma das mais antigas casas funer\u00e1rias em atividade em Portugal. Ao longo do tempo, a fam\u00edlia Moreira conseguiu aliar a tradi\u00e7\u00e3o \u00e0 inova\u00e7\u00e3o e fazer deste neg\u00f3cio centen\u00e1rio um distinto exemplo de sucesso.\" \/>\n<meta name=\"robots\" content=\"index, follow, max-snippet:-1, max-image-preview:large, max-video-preview:-1\" \/>\n<link rel=\"canonical\" href=\"http:\/\/maismagazine.pt\/index.php\/2023\/07\/28\/175-anos-a-marcar-pela-qualidade-e-profissionalismo-2\/\" \/>\n<meta property=\"og:locale\" content=\"pt_PT\" \/>\n<meta property=\"og:type\" content=\"article\" \/>\n<meta property=\"og:title\" content=\"175 anos a marcar pela qualidade e profissionalismo - Mais Magazine\" \/>\n<meta property=\"og:description\" content=\"Sedidada na Maia, a Ag\u00eancia Funer\u00e1ria Secular Casa Moreira \u00e9 uma das mais antigas casas funer\u00e1rias em atividade em Portugal. Ao longo do tempo, a fam\u00edlia Moreira conseguiu aliar a tradi\u00e7\u00e3o \u00e0 inova\u00e7\u00e3o e fazer deste neg\u00f3cio centen\u00e1rio um distinto exemplo de sucesso.\" \/>\n<meta property=\"og:url\" content=\"http:\/\/maismagazine.pt\/index.php\/2023\/07\/28\/175-anos-a-marcar-pela-qualidade-e-profissionalismo-2\/\" \/>\n<meta property=\"og:site_name\" content=\"Mais Magazine\" \/>\n<meta property=\"article:published_time\" content=\"2023-07-28T06:00:00+00:00\" \/>\n<meta property=\"og:image\" content=\"http:\/\/maismagazine.pt\/wp-content\/uploads\/2023\/07\/IMG_9742-scaled.jpeg\" \/>\n\t<meta property=\"og:image:width\" content=\"2560\" \/>\n\t<meta property=\"og:image:height\" content=\"1440\" \/>\n\t<meta property=\"og:image:type\" content=\"image\/jpeg\" \/>\n<meta name=\"author\" content=\"Tiago Costa\" \/>\n<meta name=\"twitter:card\" content=\"summary_large_image\" \/>\n<meta name=\"twitter:label1\" content=\"Escrito por\" \/>\n\t<meta name=\"twitter:data1\" content=\"\" \/>\n\t<meta name=\"twitter:label2\" content=\"Tempo estimado de leitura\" \/>\n\t<meta name=\"twitter:data2\" content=\"4 minutos\" \/>\n<script type=\"application\/ld+json\" class=\"yoast-schema-graph\">{\"@context\":\"https:\/\/schema.org\",\"@graph\":[{\"@type\":\"Article\",\"@id\":\"http:\/\/maismagazine.pt\/index.php\/2023\/07\/28\/175-anos-a-marcar-pela-qualidade-e-profissionalismo-2\/#article\",\"isPartOf\":{\"@id\":\"http:\/\/maismagazine.pt\/index.php\/2023\/07\/28\/175-anos-a-marcar-pela-qualidade-e-profissionalismo-2\/\"},\"author\":{\"name\":\"Tiago Costa\",\"@id\":\"https:\/\/maismagazine.pt\/#\/schema\/person\/c6c5bfccc886434cbd11c74e035f9646\"},\"headline\":\"175 anos a marcar pela qualidade e profissionalismo\",\"datePublished\":\"2023-07-28T06:00:00+00:00\",\"mainEntityOfPage\":{\"@id\":\"http:\/\/maismagazine.pt\/index.php\/2023\/07\/28\/175-anos-a-marcar-pela-qualidade-e-profissionalismo-2\/\"},\"wordCount\":732,\"publisher\":{\"@id\":\"https:\/\/maismagazine.pt\/#organization\"},\"image\":{\"@id\":\"http:\/\/maismagazine.pt\/index.php\/2023\/07\/28\/175-anos-a-marcar-pela-qualidade-e-profissionalismo-2\/#primaryimage\"},\"thumbnailUrl\":\"http:\/\/maismagazine.pt\/wp-content\/uploads\/2023\/07\/IMG_9742-scaled.jpeg\",\"keywords\":[\"Casa Moreira\",\"Maia\"],\"articleSection\":[\"Sa\u00fade\"],\"inLanguage\":\"pt-PT\"},{\"@type\":\"WebPage\",\"@id\":\"http:\/\/maismagazine.pt\/index.php\/2023\/07\/28\/175-anos-a-marcar-pela-qualidade-e-profissionalismo-2\/\",\"url\":\"http:\/\/maismagazine.pt\/index.php\/2023\/07\/28\/175-anos-a-marcar-pela-qualidade-e-profissionalismo-2\/\",\"name\":\"175 anos a marcar pela qualidade e profissionalismo - Mais Magazine\",\"isPartOf\":{\"@id\":\"https:\/\/maismagazine.pt\/#website\"},\"primaryImageOfPage\":{\"@id\":\"http:\/\/maismagazine.pt\/index.php\/2023\/07\/28\/175-anos-a-marcar-pela-qualidade-e-profissionalismo-2\/#primaryimage\"},\"image\":{\"@id\":\"http:\/\/maismagazine.pt\/index.php\/2023\/07\/28\/175-anos-a-marcar-pela-qualidade-e-profissionalismo-2\/#primaryimage\"},\"thumbnailUrl\":\"http:\/\/maismagazine.pt\/wp-content\/uploads\/2023\/07\/IMG_9742-scaled.jpeg\",\"datePublished\":\"2023-07-28T06:00:00+00:00\",\"description\":\"Sedidada na Maia, a Ag\u00eancia Funer\u00e1ria Secular Casa Moreira \u00e9 uma das mais antigas casas funer\u00e1rias em atividade em Portugal. Ao longo do tempo, a fam\u00edlia Moreira conseguiu aliar a tradi\u00e7\u00e3o \u00e0 inova\u00e7\u00e3o e fazer deste neg\u00f3cio centen\u00e1rio um distinto exemplo de sucesso.\",\"breadcrumb\":{\"@id\":\"http:\/\/maismagazine.pt\/index.php\/2023\/07\/28\/175-anos-a-marcar-pela-qualidade-e-profissionalismo-2\/#breadcrumb\"},\"inLanguage\":\"pt-PT\",\"potentialAction\":[{\"@type\":\"ReadAction\",\"target\":[\"http:\/\/maismagazine.pt\/index.php\/2023\/07\/28\/175-anos-a-marcar-pela-qualidade-e-profissionalismo-2\/\"]}]},{\"@type\":\"ImageObject\",\"inLanguage\":\"pt-PT\",\"@id\":\"http:\/\/maismagazine.pt\/index.php\/2023\/07\/28\/175-anos-a-marcar-pela-qualidade-e-profissionalismo-2\/#primaryimage\",\"url\":\"http:\/\/maismagazine.pt\/wp-content\/uploads\/2023\/07\/IMG_9742-scaled.jpeg\",\"contentUrl\":\"http:\/\/maismagazine.pt\/wp-content\/uploads\/2023\/07\/IMG_9742-scaled.jpeg\",\"width\":2560,\"height\":1440},{\"@type\":\"BreadcrumbList\",\"@id\":\"http:\/\/maismagazine.pt\/index.php\/2023\/07\/28\/175-anos-a-marcar-pela-qualidade-e-profissionalismo-2\/#breadcrumb\",\"itemListElement\":[{\"@type\":\"ListItem\",\"position\":1,\"name\":\"Home\",\"item\":\"https:\/\/maismagazine.pt\/\"},{\"@type\":\"ListItem\",\"position\":2,\"name\":\"175 anos a marcar pela qualidade e profissionalismo\"}]},{\"@type\":\"WebSite\",\"@id\":\"https:\/\/maismagazine.pt\/#website\",\"url\":\"https:\/\/maismagazine.pt\/\",\"name\":\"Mais Magazine\",\"description\":\"\",\"publisher\":{\"@id\":\"https:\/\/maismagazine.pt\/#organization\"},\"potentialAction\":[{\"@type\":\"SearchAction\",\"target\":{\"@type\":\"EntryPoint\",\"urlTemplate\":\"https:\/\/maismagazine.pt\/?s={search_term_string}\"},\"query-input\":{\"@type\":\"PropertyValueSpecification\",\"valueRequired\":true,\"valueName\":\"search_term_string\"}}],\"inLanguage\":\"pt-PT\"},{\"@type\":\"Organization\",\"@id\":\"https:\/\/maismagazine.pt\/#organization\",\"name\":\"Mais Magazine\",\"url\":\"https:\/\/maismagazine.pt\/\",\"logo\":{\"@type\":\"ImageObject\",\"inLanguage\":\"pt-PT\",\"@id\":\"https:\/\/maismagazine.pt\/#\/schema\/logo\/image\/\",\"url\":\"http:\/\/maismagazine.pt\/wp-content\/uploads\/2020\/04\/cropped-cropped-mais-magazine-site-logo-2.png\",\"contentUrl\":\"http:\/\/maismagazine.pt\/wp-content\/uploads\/2020\/04\/cropped-cropped-mais-magazine-site-logo-2.png\",\"width\":581,\"height\":90,\"caption\":\"Mais Magazine\"},\"image\":{\"@id\":\"https:\/\/maismagazine.pt\/#\/schema\/logo\/image\/\"}},{\"@type\":\"Person\",\"@id\":\"https:\/\/maismagazine.pt\/#\/schema\/person\/c6c5bfccc886434cbd11c74e035f9646\",\"name\":\"Tiago Costa\",\"image\":{\"@type\":\"ImageObject\",\"inLanguage\":\"pt-PT\",\"@id\":\"https:\/\/maismagazine.pt\/#\/schema\/person\/image\/\",\"url\":\"https:\/\/secure.gravatar.com\/avatar\/c599b2bce16c9870429198cbad5ee022?s=96&d=mm&r=g\",\"contentUrl\":\"https:\/\/secure.gravatar.com\/avatar\/c599b2bce16c9870429198cbad5ee022?s=96&d=mm&r=g\",\"caption\":\"Tiago Costa\"},\"url\":\"http:\/\/maismagazine.pt\/index.php\/author\/tiago\/\"}]}<\/script>\n<!-- \/ Yoast SEO plugin. -->","yoast_head_json":{"title":"175 anos a marcar pela qualidade e profissionalismo - Mais Magazine","description":"Sedidada na Maia, a Ag\u00eancia Funer\u00e1ria Secular Casa Moreira \u00e9 uma das mais antigas casas funer\u00e1rias em atividade em Portugal. Ao longo do tempo, a fam\u00edlia Moreira conseguiu aliar a tradi\u00e7\u00e3o \u00e0 inova\u00e7\u00e3o e fazer deste neg\u00f3cio centen\u00e1rio um distinto exemplo de sucesso.","robots":{"index":"index","follow":"follow","max-snippet":"max-snippet:-1","max-image-preview":"max-image-preview:large","max-video-preview":"max-video-preview:-1"},"canonical":"http:\/\/maismagazine.pt\/index.php\/2023\/07\/28\/175-anos-a-marcar-pela-qualidade-e-profissionalismo-2\/","og_locale":"pt_PT","og_type":"article","og_title":"175 anos a marcar pela qualidade e profissionalismo - Mais Magazine","og_description":"Sedidada na Maia, a Ag\u00eancia Funer\u00e1ria Secular Casa Moreira \u00e9 uma das mais antigas casas funer\u00e1rias em atividade em Portugal. Ao longo do tempo, a fam\u00edlia Moreira conseguiu aliar a tradi\u00e7\u00e3o \u00e0 inova\u00e7\u00e3o e fazer deste neg\u00f3cio centen\u00e1rio um distinto exemplo de sucesso.","og_url":"http:\/\/maismagazine.pt\/index.php\/2023\/07\/28\/175-anos-a-marcar-pela-qualidade-e-profissionalismo-2\/","og_site_name":"Mais Magazine","article_published_time":"2023-07-28T06:00:00+00:00","og_image":[{"width":2560,"height":1440,"url":"http:\/\/maismagazine.pt\/wp-content\/uploads\/2023\/07\/IMG_9742-scaled.jpeg","type":"image\/jpeg"}],"author":"Tiago Costa","twitter_card":"summary_large_image","twitter_misc":{"Escrito por":false,"Tempo estimado de leitura":"4 minutos"},"schema":{"@context":"https:\/\/schema.org","@graph":[{"@type":"Article","@id":"http:\/\/maismagazine.pt\/index.php\/2023\/07\/28\/175-anos-a-marcar-pela-qualidade-e-profissionalismo-2\/#article","isPartOf":{"@id":"http:\/\/maismagazine.pt\/index.php\/2023\/07\/28\/175-anos-a-marcar-pela-qualidade-e-profissionalismo-2\/"},"author":{"name":"Tiago Costa","@id":"https:\/\/maismagazine.pt\/#\/schema\/person\/c6c5bfccc886434cbd11c74e035f9646"},"headline":"175 anos a marcar pela qualidade e profissionalismo","datePublished":"2023-07-28T06:00:00+00:00","mainEntityOfPage":{"@id":"http:\/\/maismagazine.pt\/index.php\/2023\/07\/28\/175-anos-a-marcar-pela-qualidade-e-profissionalismo-2\/"},"wordCount":732,"publisher":{"@id":"https:\/\/maismagazine.pt\/#organization"},"image":{"@id":"http:\/\/maismagazine.pt\/index.php\/2023\/07\/28\/175-anos-a-marcar-pela-qualidade-e-profissionalismo-2\/#primaryimage"},"thumbnailUrl":"http:\/\/maismagazine.pt\/wp-content\/uploads\/2023\/07\/IMG_9742-scaled.jpeg","keywords":["Casa Moreira","Maia"],"articleSection":["Sa\u00fade"],"inLanguage":"pt-PT"},{"@type":"WebPage","@id":"http:\/\/maismagazine.pt\/index.php\/2023\/07\/28\/175-anos-a-marcar-pela-qualidade-e-profissionalismo-2\/","url":"http:\/\/maismagazine.pt\/index.php\/2023\/07\/28\/175-anos-a-marcar-pela-qualidade-e-profissionalismo-2\/","name":"175 anos a marcar pela qualidade e profissionalismo - Mais Magazine","isPartOf":{"@id":"https:\/\/maismagazine.pt\/#website"},"primaryImageOfPage":{"@id":"http:\/\/maismagazine.pt\/index.php\/2023\/07\/28\/175-anos-a-marcar-pela-qualidade-e-profissionalismo-2\/#primaryimage"},"image":{"@id":"http:\/\/maismagazine.pt\/index.php\/2023\/07\/28\/175-anos-a-marcar-pela-qualidade-e-profissionalismo-2\/#primaryimage"},"thumbnailUrl":"http:\/\/maismagazine.pt\/wp-content\/uploads\/2023\/07\/IMG_9742-scaled.jpeg","datePublished":"2023-07-28T06:00:00+00:00","description":"Sedidada na Maia, a Ag\u00eancia Funer\u00e1ria Secular Casa Moreira \u00e9 uma das mais antigas casas funer\u00e1rias em atividade em Portugal. Ao longo do tempo, a fam\u00edlia Moreira conseguiu aliar a tradi\u00e7\u00e3o \u00e0 inova\u00e7\u00e3o e fazer deste neg\u00f3cio centen\u00e1rio um distinto exemplo de sucesso.","breadcrumb":{"@id":"http:\/\/maismagazine.pt\/index.php\/2023\/07\/28\/175-anos-a-marcar-pela-qualidade-e-profissionalismo-2\/#breadcrumb"},"inLanguage":"pt-PT","potentialAction":[{"@type":"ReadAction","target":["http:\/\/maismagazine.pt\/index.php\/2023\/07\/28\/175-anos-a-marcar-pela-qualidade-e-profissionalismo-2\/"]}]},{"@type":"ImageObject","inLanguage":"pt-PT","@id":"http:\/\/maismagazine.pt\/index.php\/2023\/07\/28\/175-anos-a-marcar-pela-qualidade-e-profissionalismo-2\/#primaryimage","url":"http:\/\/maismagazine.pt\/wp-content\/uploads\/2023\/07\/IMG_9742-scaled.jpeg","contentUrl":"http:\/\/maismagazine.pt\/wp-content\/uploads\/2023\/07\/IMG_9742-scaled.jpeg","width":2560,"height":1440},{"@type":"BreadcrumbList","@id":"http:\/\/maismagazine.pt\/index.php\/2023\/07\/28\/175-anos-a-marcar-pela-qualidade-e-profissionalismo-2\/#breadcrumb","itemListElement":[{"@type":"ListItem","position":1,"name":"Home","item":"https:\/\/maismagazine.pt\/"},{"@type":"ListItem","position":2,"name":"175 anos a marcar pela qualidade e profissionalismo"}]},{"@type":"WebSite","@id":"https:\/\/maismagazine.pt\/#website","url":"https:\/\/maismagazine.pt\/","name":"Mais Magazine","description":"","publisher":{"@id":"https:\/\/maismagazine.pt\/#organization"},"potentialAction":[{"@type":"SearchAction","target":{"@type":"EntryPoint","urlTemplate":"https:\/\/maismagazine.pt\/?s={search_term_string}"},"query-input":{"@type":"PropertyValueSpecification","valueRequired":true,"valueName":"search_term_string"}}],"inLanguage":"pt-PT"},{"@type":"Organization","@id":"https:\/\/maismagazine.pt\/#organization","name":"Mais Magazine","url":"https:\/\/maismagazine.pt\/","logo":{"@type":"ImageObject","inLanguage":"pt-PT","@id":"https:\/\/maismagazine.pt\/#\/schema\/logo\/image\/","url":"http:\/\/maismagazine.pt\/wp-content\/uploads\/2020\/04\/cropped-cropped-mais-magazine-site-logo-2.png","contentUrl":"http:\/\/maismagazine.pt\/wp-content\/uploads\/2020\/04\/cropped-cropped-mais-magazine-site-logo-2.png","width":581,"height":90,"caption":"Mais Magazine"},"image":{"@id":"https:\/\/maismagazine.pt\/#\/schema\/logo\/image\/"}},{"@type":"Person","@id":"https:\/\/maismagazine.pt\/#\/schema\/person\/c6c5bfccc886434cbd11c74e035f9646","name":"Tiago Costa","image":{"@type":"ImageObject","inLanguage":"pt-PT","@id":"https:\/\/maismagazine.pt\/#\/schema\/person\/image\/","url":"https:\/\/secure.gravatar.com\/avatar\/c599b2bce16c9870429198cbad5ee022?s=96&d=mm&r=g","contentUrl":"https:\/\/secure.gravatar.com\/avatar\/c599b2bce16c9870429198cbad5ee022?s=96&d=mm&r=g","caption":"Tiago Costa"},"url":"http:\/\/maismagazine.pt\/index.php\/author\/tiago\/"}]}},"author_meta":{"display_name":false,"author_link":"http:\/\/maismagazine.pt\/index.php\/author\/tiago\/"},"featured_img":"http:\/\/maismagazine.pt\/wp-content\/uploads\/2023\/07\/IMG_9742-300x169.jpeg","coauthors":[],"tax_additional":{"categories":{"linked":["<a href=\"http:\/\/maismagazine.pt\/index.php\/category\/mundo-empresarial\/saude\/\" class=\"advgb-post-tax-term\">Sa\u00fade<\/a>"],"unlinked":["<span class=\"advgb-post-tax-term\">Sa\u00fade<\/span>"]},"tags":{"linked":["<a href=\"http:\/\/maismagazine.pt\/index.php\/category\/mundo-empresarial\/saude\/\" class=\"advgb-post-tax-term\">Casa Moreira<\/a>","<a href=\"http:\/\/maismagazine.pt\/index.php\/category\/mundo-empresarial\/saude\/\" class=\"advgb-post-tax-term\">Maia<\/a>"],"unlinked":["<span class=\"advgb-post-tax-term\">Casa Moreira<\/span>","<span class=\"advgb-post-tax-term\">Maia<\/span>"]}},"comment_count":"0","relative_dates":{"created":"Posted 3 anos ago","modified":"Updated 3 anos ago"},"absolute_dates":{"created":"Posted on 28 de Julho, 2023","modified":"Updated on 20 de Julho, 2023"},"absolute_dates_time":{"created":"Posted on 28 de Julho, 2023 7:00","modified":"Updated on 20 de Julho, 2023 11:06"},"featured_img_caption":"","series_order":"","_links":{"self":[{"href":"http:\/\/maismagazine.pt\/index.php\/wp-json\/wp\/v2\/posts\/7445","targetHints":{"allow":["GET"]}}],"collection":[{"href":"http:\/\/maismagazine.pt\/index.php\/wp-json\/wp\/v2\/posts"}],"about":[{"href":"http:\/\/maismagazine.pt\/index.php\/wp-json\/wp\/v2\/types\/post"}],"author":[{"embeddable":true,"href":"http:\/\/maismagazine.pt\/index.php\/wp-json\/wp\/v2\/users\/17"}],"replies":[{"embeddable":true,"href":"http:\/\/maismagazine.pt\/index.php\/wp-json\/wp\/v2\/comments?post=7445"}],"version-history":[{"count":2,"href":"http:\/\/maismagazine.pt\/index.php\/wp-json\/wp\/v2\/posts\/7445\/revisions"}],"predecessor-version":[{"id":7450,"href":"http:\/\/maismagazine.pt\/index.php\/wp-json\/wp\/v2\/posts\/7445\/revisions\/7450"}],"wp:featuredmedia":[{"embeddable":true,"href":"http:\/\/maismagazine.pt\/index.php\/wp-json\/wp\/v2\/media\/7448"}],"wp:attachment":[{"href":"http:\/\/maismagazine.pt\/index.php\/wp-json\/wp\/v2\/media?parent=7445"}],"wp:term":[{"taxonomy":"category","embeddable":true,"href":"http:\/\/maismagazine.pt\/index.php\/wp-json\/wp\/v2\/categories?post=7445"},{"taxonomy":"post_tag","embeddable":true,"href":"http:\/\/maismagazine.pt\/index.php\/wp-json\/wp\/v2\/tags?post=7445"}],"curies":[{"name":"wp","href":"https:\/\/api.w.org\/{rel}","templated":true}]}}