{"id":7365,"date":"2023-07-28T07:00:59","date_gmt":"2023-07-28T06:00:59","guid":{"rendered":"https:\/\/maismagazine.pt\/?p=7365"},"modified":"2023-07-20T10:02:57","modified_gmt":"2023-07-20T09:02:57","slug":"algarve-onde-o-pais-se-encontra-com-o-mundo","status":"publish","type":"post","link":"http:\/\/maismagazine.pt\/index.php\/2023\/07\/28\/algarve-onde-o-pais-se-encontra-com-o-mundo\/","title":{"rendered":"ALGARVE, ONDE O PA\u00cdS SE ENCONTRA COM O MUNDO"},"content":{"rendered":"\n<p>O Algarve, localizado no sul de Portugal, \u00e9 uma regi\u00e3o de extrema import\u00e2ncia para o turismo no pa\u00eds. A sua marca, reconhecida internacionalmente, \u00e9 resultado do trabalho desenvolvido pelo Turismo do Algarve e da proximidade com todos os envolvidos nesse processo, das entidades oficiais aos empres\u00e1rios do setor do turismo, trade e residentes. No s\u00e9culo XXI, o turismo afirmou-se como uma das principais ind\u00fastrias do mundo, apresentando uma procura sem precedentes e superando outros setores econ\u00f3micos. Em Portugal, o turismo desempenha um papel fundamental na economia e o pa\u00eds \u00e9 considerado pelo World Economic Forum como um dos mais competitivos no setor. Ao longo dos \u00faltimos anos, Portugal tem conquistado pr\u00e9mios e reconhecimentos internacionais, como o de Melhor Destino Tur\u00edstico do Mundo nos World Travel Awards. A regi\u00e3o do Algarve tem sido uma das protagonistas nesse cen\u00e1rio tur\u00edstico. Mesmo diante de desafios como o Brexit, a fal\u00eancia de operadores tur\u00edsticos e companhias a\u00e9reas, fen\u00f3menos naturais extremos e a pandemia de Covid-19, o Algarve manteve-se resiliente. A sua capacidade de adapta\u00e7\u00e3o e inova\u00e7\u00e3o tem sido fundamental para superar esses obst\u00e1culos. A sustentabilidade \u00e9 uma tend\u00eancia crescente no turismo e o Algarve tem-se destacado nesse aspeto. Liderado pelo Turismo do Algarve, o setor tur\u00edstico da regi\u00e3o est\u00e1 empenhado em melhorar a efici\u00eancia h\u00eddrica, gest\u00e3o de res\u00edduos, efici\u00eancia energ\u00e9tica, promo\u00e7\u00e3o de uma economia circular, ado\u00e7\u00e3o de transportes sustent\u00e1veis e mitiga\u00e7\u00e3o dos efeitos das altera\u00e7\u00f5es clim\u00e1ticas. Essas a\u00e7\u00f5es visam responder \u00e0s exig\u00eancias dos turistas cada vez mais conscientes e contribuir para resolver os desafios ambientais e sociais atuais. \u00c9 importante valorizar o turismo como uma ind\u00fastria que pode contribuir para um mundo melhor. Al\u00e9m de gerar empregos e impulsionar a economia, o turismo promove a paz, a compreens\u00e3o e a solidariedade entre as pessoas e as na\u00e7\u00f5es. No caso do Algarve, o turismo tamb\u00e9m desempenha um papel fundamental na preserva\u00e7\u00e3o e promo\u00e7\u00e3o do patrim\u00f3nio natural e cultural .O Algarve est\u00e1 empenhado em tornar-se uma regi\u00e3o sustent\u00e1vel e inovadora. Projetos como o Algarve Smart Destination, que envolve parcerias com a Universidade e entidades locais, procuram a transi\u00e7\u00e3o digital e o uso de tecnologias inteligentes para melhorar a experi\u00eancia dos turistas. A acessibilidade, sustentabilidade, digitaliza\u00e7\u00e3o, valoriza\u00e7\u00e3o do patrim\u00f3nio, cultura e criatividade s\u00e3o eixos estruturais para tornar o Algarve um destino mais inteligente, competitivo e resiliente. Al\u00e9m disso, o Algarve oferece uma atmosfera de paz e tranquilidade. Com as suas belas praias \u2013 tamb\u00e9m elas distinguidas como as melhores do mundo nos \u00d3scares do Turismo \u2013, paisagens naturais deslumbrantes, gastronomia tradicional, oferta cultural diversificada e atividades ao ar livre, o Algarve \u00e9 o destino ideal para desacelerar e desfrutar de momentos de descanso e contempla\u00e7\u00e3o. Portanto, n\u00e3o \u00e9 necess\u00e1rio viajar para longe em busca de paz e sossego, pois o Algarve est\u00e1 aqui, de bra\u00e7os abertos, \u00e0 sua espera. Venha conhecer uma regi\u00e3o naturalmente marcante, onde o pa\u00eds se encontra com o mundo.<\/p>\n\n\n\n<p><\/p>\n\n\n\n<p>Jo\u00e3o Fernandes, Presidente do Turismo do Algarve<\/p>\n\n\n\n<p><\/p>\n\n\n<div class=\"wp-block-image\">\n<figure class=\"aligncenter size-full is-resized\"><img loading=\"lazy\" decoding=\"async\" src=\"https:\/\/maismagazine.pt\/wp-content\/uploads\/2023\/07\/Imagem1.jpg\" alt=\"\" class=\"wp-image-7367\" width=\"216\" height=\"76\" srcset=\"http:\/\/maismagazine.pt\/wp-content\/uploads\/2023\/07\/Imagem1.jpg 827w, http:\/\/maismagazine.pt\/wp-content\/uploads\/2023\/07\/Imagem1-300x106.jpg 300w, http:\/\/maismagazine.pt\/wp-content\/uploads\/2023\/07\/Imagem1-768x270.jpg 768w\" sizes=\"auto, (max-width: 216px) 100vw, 216px\" \/><\/figure><\/div>\n\n\n<p><canvas width=\"1245\" height=\"1755\"><\/canvas><\/p>\n","protected":false},"excerpt":{"rendered":"<p>O Algarve, localizado no sul de Portugal, \u00e9 uma regi\u00e3o de extrema import\u00e2ncia para o turismo no pa\u00eds. A sua marca, reconhecida internacionalmente, \u00e9 resultado do trabalho desenvolvido pelo Turismo do Algarve e da proximidade com todos os envolvidos nesse processo, das entidades oficiais aos empres\u00e1rios do setor do turismo,&hellip;<\/p>\n","protected":false},"author":18,"featured_media":7366,"comment_status":"closed","ping_status":"open","sticky":false,"template":"","format":"standard","meta":{"advgb_blocks_editor_width":"","advgb_blocks_columns_visual_guide":"","_monsterinsights_skip_tracking":false,"_monsterinsights_sitenote_active":false,"_monsterinsights_sitenote_note":"","_monsterinsights_sitenote_category":0,"footnotes":""},"categories":[52,51],"tags":[1367,1623],"class_list":["post-7365","post","type-post","status-publish","format-standard","has-post-thumbnail","hentry","category-destaque","category-opiniao","tag-algarve","tag-turismo-do-algarve"],"yoast_head":"<!-- This site is optimized with the Yoast SEO plugin v24.4 - https:\/\/yoast.com\/wordpress\/plugins\/seo\/ -->\n<title>ALGARVE, ONDE O PA\u00cdS SE ENCONTRA COM O MUNDO - Mais Magazine<\/title>\n<meta name=\"description\" content=\"O Algarve, localizado no sul de Portugal, \u00e9 uma regi\u00e3o de extrema import\u00e2ncia para o turismo no pa\u00eds. A sua marca, reconhecida internacionalmente, \u00e9 resultado do trabalho desenvolvido pelo Turismo do Algarve e da proximidade com todos os envolvidos nesse processo, das entidades oficiais aos empres\u00e1rios do setor do turismo, trade e residentes.\" \/>\n<meta name=\"robots\" content=\"index, follow, max-snippet:-1, max-image-preview:large, max-video-preview:-1\" \/>\n<link rel=\"canonical\" href=\"http:\/\/maismagazine.pt\/index.php\/2023\/07\/28\/algarve-onde-o-pais-se-encontra-com-o-mundo\/\" \/>\n<meta property=\"og:locale\" content=\"pt_PT\" \/>\n<meta property=\"og:type\" content=\"article\" \/>\n<meta property=\"og:title\" content=\"ALGARVE, ONDE O PA\u00cdS SE ENCONTRA COM O MUNDO - Mais Magazine\" \/>\n<meta property=\"og:description\" content=\"O Algarve, localizado no sul de Portugal, \u00e9 uma regi\u00e3o de extrema import\u00e2ncia para o turismo no pa\u00eds. A sua marca, reconhecida internacionalmente, \u00e9 resultado do trabalho desenvolvido pelo Turismo do Algarve e da proximidade com todos os envolvidos nesse processo, das entidades oficiais aos empres\u00e1rios do setor do turismo, trade e residentes.\" \/>\n<meta property=\"og:url\" content=\"http:\/\/maismagazine.pt\/index.php\/2023\/07\/28\/algarve-onde-o-pais-se-encontra-com-o-mundo\/\" \/>\n<meta property=\"og:site_name\" content=\"Mais Magazine\" \/>\n<meta property=\"article:published_time\" content=\"2023-07-28T06:00:59+00:00\" \/>\n<meta property=\"og:image\" content=\"http:\/\/maismagazine.pt\/wp-content\/uploads\/2023\/07\/Joao-Fernandes-Presidente-do-Turismo-do-Algarve-scaled.jpg\" \/>\n\t<meta property=\"og:image:width\" content=\"2560\" \/>\n\t<meta property=\"og:image:height\" content=\"1707\" \/>\n\t<meta property=\"og:image:type\" content=\"image\/jpeg\" \/>\n<meta name=\"author\" content=\"Tatiana Martins\" \/>\n<meta name=\"twitter:card\" content=\"summary_large_image\" \/>\n<meta name=\"twitter:label1\" content=\"Escrito por\" \/>\n\t<meta name=\"twitter:data1\" content=\"\" \/>\n\t<meta name=\"twitter:label2\" content=\"Tempo estimado de leitura\" \/>\n\t<meta name=\"twitter:data2\" content=\"3 minutos\" \/>\n<script type=\"application\/ld+json\" class=\"yoast-schema-graph\">{\"@context\":\"https:\/\/schema.org\",\"@graph\":[{\"@type\":\"Article\",\"@id\":\"http:\/\/maismagazine.pt\/index.php\/2023\/07\/28\/algarve-onde-o-pais-se-encontra-com-o-mundo\/#article\",\"isPartOf\":{\"@id\":\"http:\/\/maismagazine.pt\/index.php\/2023\/07\/28\/algarve-onde-o-pais-se-encontra-com-o-mundo\/\"},\"author\":{\"name\":\"Tatiana Martins\",\"@id\":\"https:\/\/maismagazine.pt\/#\/schema\/person\/7426e2caeb8df32a1b56aa48dae778c9\"},\"headline\":\"ALGARVE, ONDE O PA\u00cdS SE ENCONTRA COM O MUNDO\",\"datePublished\":\"2023-07-28T06:00:59+00:00\",\"mainEntityOfPage\":{\"@id\":\"http:\/\/maismagazine.pt\/index.php\/2023\/07\/28\/algarve-onde-o-pais-se-encontra-com-o-mundo\/\"},\"wordCount\":545,\"publisher\":{\"@id\":\"https:\/\/maismagazine.pt\/#organization\"},\"image\":{\"@id\":\"http:\/\/maismagazine.pt\/index.php\/2023\/07\/28\/algarve-onde-o-pais-se-encontra-com-o-mundo\/#primaryimage\"},\"thumbnailUrl\":\"http:\/\/maismagazine.pt\/wp-content\/uploads\/2023\/07\/Joao-Fernandes-Presidente-do-Turismo-do-Algarve-scaled.jpg\",\"keywords\":[\"Algarve\",\"Turismo do Algarve\"],\"articleSection\":[\"Destaque lateral\",\"Opini\u00e3o\"],\"inLanguage\":\"pt-PT\"},{\"@type\":\"WebPage\",\"@id\":\"http:\/\/maismagazine.pt\/index.php\/2023\/07\/28\/algarve-onde-o-pais-se-encontra-com-o-mundo\/\",\"url\":\"http:\/\/maismagazine.pt\/index.php\/2023\/07\/28\/algarve-onde-o-pais-se-encontra-com-o-mundo\/\",\"name\":\"ALGARVE, ONDE O PA\u00cdS SE ENCONTRA COM O MUNDO - Mais Magazine\",\"isPartOf\":{\"@id\":\"https:\/\/maismagazine.pt\/#website\"},\"primaryImageOfPage\":{\"@id\":\"http:\/\/maismagazine.pt\/index.php\/2023\/07\/28\/algarve-onde-o-pais-se-encontra-com-o-mundo\/#primaryimage\"},\"image\":{\"@id\":\"http:\/\/maismagazine.pt\/index.php\/2023\/07\/28\/algarve-onde-o-pais-se-encontra-com-o-mundo\/#primaryimage\"},\"thumbnailUrl\":\"http:\/\/maismagazine.pt\/wp-content\/uploads\/2023\/07\/Joao-Fernandes-Presidente-do-Turismo-do-Algarve-scaled.jpg\",\"datePublished\":\"2023-07-28T06:00:59+00:00\",\"description\":\"O Algarve, localizado no sul de Portugal, \u00e9 uma regi\u00e3o de extrema import\u00e2ncia para o turismo no pa\u00eds. A sua marca, reconhecida internacionalmente, \u00e9 resultado do trabalho desenvolvido pelo Turismo do Algarve e da proximidade com todos os envolvidos nesse processo, das entidades oficiais aos empres\u00e1rios do setor do turismo, trade e residentes.\",\"breadcrumb\":{\"@id\":\"http:\/\/maismagazine.pt\/index.php\/2023\/07\/28\/algarve-onde-o-pais-se-encontra-com-o-mundo\/#breadcrumb\"},\"inLanguage\":\"pt-PT\",\"potentialAction\":[{\"@type\":\"ReadAction\",\"target\":[\"http:\/\/maismagazine.pt\/index.php\/2023\/07\/28\/algarve-onde-o-pais-se-encontra-com-o-mundo\/\"]}]},{\"@type\":\"ImageObject\",\"inLanguage\":\"pt-PT\",\"@id\":\"http:\/\/maismagazine.pt\/index.php\/2023\/07\/28\/algarve-onde-o-pais-se-encontra-com-o-mundo\/#primaryimage\",\"url\":\"http:\/\/maismagazine.pt\/wp-content\/uploads\/2023\/07\/Joao-Fernandes-Presidente-do-Turismo-do-Algarve-scaled.jpg\",\"contentUrl\":\"http:\/\/maismagazine.pt\/wp-content\/uploads\/2023\/07\/Joao-Fernandes-Presidente-do-Turismo-do-Algarve-scaled.jpg\",\"width\":2560,\"height\":1707,\"caption\":\"Jo\u00e3o Fernandes, novo presidente do Turismo do Algarve. 23 Julho 2018. FOTO: VASCO C\u00c9LIO\/STILLS\"},{\"@type\":\"BreadcrumbList\",\"@id\":\"http:\/\/maismagazine.pt\/index.php\/2023\/07\/28\/algarve-onde-o-pais-se-encontra-com-o-mundo\/#breadcrumb\",\"itemListElement\":[{\"@type\":\"ListItem\",\"position\":1,\"name\":\"Home\",\"item\":\"https:\/\/maismagazine.pt\/\"},{\"@type\":\"ListItem\",\"position\":2,\"name\":\"ALGARVE, ONDE O PA\u00cdS SE ENCONTRA COM O MUNDO\"}]},{\"@type\":\"WebSite\",\"@id\":\"https:\/\/maismagazine.pt\/#website\",\"url\":\"https:\/\/maismagazine.pt\/\",\"name\":\"Mais Magazine\",\"description\":\"\",\"publisher\":{\"@id\":\"https:\/\/maismagazine.pt\/#organization\"},\"potentialAction\":[{\"@type\":\"SearchAction\",\"target\":{\"@type\":\"EntryPoint\",\"urlTemplate\":\"https:\/\/maismagazine.pt\/?s={search_term_string}\"},\"query-input\":{\"@type\":\"PropertyValueSpecification\",\"valueRequired\":true,\"valueName\":\"search_term_string\"}}],\"inLanguage\":\"pt-PT\"},{\"@type\":\"Organization\",\"@id\":\"https:\/\/maismagazine.pt\/#organization\",\"name\":\"Mais Magazine\",\"url\":\"https:\/\/maismagazine.pt\/\",\"logo\":{\"@type\":\"ImageObject\",\"inLanguage\":\"pt-PT\",\"@id\":\"https:\/\/maismagazine.pt\/#\/schema\/logo\/image\/\",\"url\":\"http:\/\/maismagazine.pt\/wp-content\/uploads\/2020\/04\/cropped-cropped-mais-magazine-site-logo-2.png\",\"contentUrl\":\"http:\/\/maismagazine.pt\/wp-content\/uploads\/2020\/04\/cropped-cropped-mais-magazine-site-logo-2.png\",\"width\":581,\"height\":90,\"caption\":\"Mais Magazine\"},\"image\":{\"@id\":\"https:\/\/maismagazine.pt\/#\/schema\/logo\/image\/\"}},{\"@type\":\"Person\",\"@id\":\"https:\/\/maismagazine.pt\/#\/schema\/person\/7426e2caeb8df32a1b56aa48dae778c9\",\"name\":\"Tatiana Martins\",\"image\":{\"@type\":\"ImageObject\",\"inLanguage\":\"pt-PT\",\"@id\":\"https:\/\/maismagazine.pt\/#\/schema\/person\/image\/\",\"url\":\"https:\/\/secure.gravatar.com\/avatar\/4b24a57f5d0425f2eb20981c4b53244e?s=96&d=mm&r=g\",\"contentUrl\":\"https:\/\/secure.gravatar.com\/avatar\/4b24a57f5d0425f2eb20981c4b53244e?s=96&d=mm&r=g\",\"caption\":\"Tatiana Martins\"},\"url\":\"http:\/\/maismagazine.pt\/index.php\/author\/tatiana\/\"}]}<\/script>\n<!-- \/ Yoast SEO plugin. -->","yoast_head_json":{"title":"ALGARVE, ONDE O PA\u00cdS SE ENCONTRA COM O MUNDO - Mais Magazine","description":"O Algarve, localizado no sul de Portugal, \u00e9 uma regi\u00e3o de extrema import\u00e2ncia para o turismo no pa\u00eds. A sua marca, reconhecida internacionalmente, \u00e9 resultado do trabalho desenvolvido pelo Turismo do Algarve e da proximidade com todos os envolvidos nesse processo, das entidades oficiais aos empres\u00e1rios do setor do turismo, trade e residentes.","robots":{"index":"index","follow":"follow","max-snippet":"max-snippet:-1","max-image-preview":"max-image-preview:large","max-video-preview":"max-video-preview:-1"},"canonical":"http:\/\/maismagazine.pt\/index.php\/2023\/07\/28\/algarve-onde-o-pais-se-encontra-com-o-mundo\/","og_locale":"pt_PT","og_type":"article","og_title":"ALGARVE, ONDE O PA\u00cdS SE ENCONTRA COM O MUNDO - Mais Magazine","og_description":"O Algarve, localizado no sul de Portugal, \u00e9 uma regi\u00e3o de extrema import\u00e2ncia para o turismo no pa\u00eds. A sua marca, reconhecida internacionalmente, \u00e9 resultado do trabalho desenvolvido pelo Turismo do Algarve e da proximidade com todos os envolvidos nesse processo, das entidades oficiais aos empres\u00e1rios do setor do turismo, trade e residentes.","og_url":"http:\/\/maismagazine.pt\/index.php\/2023\/07\/28\/algarve-onde-o-pais-se-encontra-com-o-mundo\/","og_site_name":"Mais Magazine","article_published_time":"2023-07-28T06:00:59+00:00","og_image":[{"width":2560,"height":1707,"url":"http:\/\/maismagazine.pt\/wp-content\/uploads\/2023\/07\/Joao-Fernandes-Presidente-do-Turismo-do-Algarve-scaled.jpg","type":"image\/jpeg"}],"author":"Tatiana Martins","twitter_card":"summary_large_image","twitter_misc":{"Escrito por":false,"Tempo estimado de leitura":"3 minutos"},"schema":{"@context":"https:\/\/schema.org","@graph":[{"@type":"Article","@id":"http:\/\/maismagazine.pt\/index.php\/2023\/07\/28\/algarve-onde-o-pais-se-encontra-com-o-mundo\/#article","isPartOf":{"@id":"http:\/\/maismagazine.pt\/index.php\/2023\/07\/28\/algarve-onde-o-pais-se-encontra-com-o-mundo\/"},"author":{"name":"Tatiana Martins","@id":"https:\/\/maismagazine.pt\/#\/schema\/person\/7426e2caeb8df32a1b56aa48dae778c9"},"headline":"ALGARVE, ONDE O PA\u00cdS SE ENCONTRA COM O MUNDO","datePublished":"2023-07-28T06:00:59+00:00","mainEntityOfPage":{"@id":"http:\/\/maismagazine.pt\/index.php\/2023\/07\/28\/algarve-onde-o-pais-se-encontra-com-o-mundo\/"},"wordCount":545,"publisher":{"@id":"https:\/\/maismagazine.pt\/#organization"},"image":{"@id":"http:\/\/maismagazine.pt\/index.php\/2023\/07\/28\/algarve-onde-o-pais-se-encontra-com-o-mundo\/#primaryimage"},"thumbnailUrl":"http:\/\/maismagazine.pt\/wp-content\/uploads\/2023\/07\/Joao-Fernandes-Presidente-do-Turismo-do-Algarve-scaled.jpg","keywords":["Algarve","Turismo do Algarve"],"articleSection":["Destaque lateral","Opini\u00e3o"],"inLanguage":"pt-PT"},{"@type":"WebPage","@id":"http:\/\/maismagazine.pt\/index.php\/2023\/07\/28\/algarve-onde-o-pais-se-encontra-com-o-mundo\/","url":"http:\/\/maismagazine.pt\/index.php\/2023\/07\/28\/algarve-onde-o-pais-se-encontra-com-o-mundo\/","name":"ALGARVE, ONDE O PA\u00cdS SE ENCONTRA COM O MUNDO - Mais Magazine","isPartOf":{"@id":"https:\/\/maismagazine.pt\/#website"},"primaryImageOfPage":{"@id":"http:\/\/maismagazine.pt\/index.php\/2023\/07\/28\/algarve-onde-o-pais-se-encontra-com-o-mundo\/#primaryimage"},"image":{"@id":"http:\/\/maismagazine.pt\/index.php\/2023\/07\/28\/algarve-onde-o-pais-se-encontra-com-o-mundo\/#primaryimage"},"thumbnailUrl":"http:\/\/maismagazine.pt\/wp-content\/uploads\/2023\/07\/Joao-Fernandes-Presidente-do-Turismo-do-Algarve-scaled.jpg","datePublished":"2023-07-28T06:00:59+00:00","description":"O Algarve, localizado no sul de Portugal, \u00e9 uma regi\u00e3o de extrema import\u00e2ncia para o turismo no pa\u00eds. A sua marca, reconhecida internacionalmente, \u00e9 resultado do trabalho desenvolvido pelo Turismo do Algarve e da proximidade com todos os envolvidos nesse processo, das entidades oficiais aos empres\u00e1rios do setor do turismo, trade e residentes.","breadcrumb":{"@id":"http:\/\/maismagazine.pt\/index.php\/2023\/07\/28\/algarve-onde-o-pais-se-encontra-com-o-mundo\/#breadcrumb"},"inLanguage":"pt-PT","potentialAction":[{"@type":"ReadAction","target":["http:\/\/maismagazine.pt\/index.php\/2023\/07\/28\/algarve-onde-o-pais-se-encontra-com-o-mundo\/"]}]},{"@type":"ImageObject","inLanguage":"pt-PT","@id":"http:\/\/maismagazine.pt\/index.php\/2023\/07\/28\/algarve-onde-o-pais-se-encontra-com-o-mundo\/#primaryimage","url":"http:\/\/maismagazine.pt\/wp-content\/uploads\/2023\/07\/Joao-Fernandes-Presidente-do-Turismo-do-Algarve-scaled.jpg","contentUrl":"http:\/\/maismagazine.pt\/wp-content\/uploads\/2023\/07\/Joao-Fernandes-Presidente-do-Turismo-do-Algarve-scaled.jpg","width":2560,"height":1707,"caption":"Jo\u00e3o Fernandes, novo presidente do Turismo do Algarve. 23 Julho 2018. FOTO: VASCO C\u00c9LIO\/STILLS"},{"@type":"BreadcrumbList","@id":"http:\/\/maismagazine.pt\/index.php\/2023\/07\/28\/algarve-onde-o-pais-se-encontra-com-o-mundo\/#breadcrumb","itemListElement":[{"@type":"ListItem","position":1,"name":"Home","item":"https:\/\/maismagazine.pt\/"},{"@type":"ListItem","position":2,"name":"ALGARVE, ONDE O PA\u00cdS SE ENCONTRA COM O MUNDO"}]},{"@type":"WebSite","@id":"https:\/\/maismagazine.pt\/#website","url":"https:\/\/maismagazine.pt\/","name":"Mais Magazine","description":"","publisher":{"@id":"https:\/\/maismagazine.pt\/#organization"},"potentialAction":[{"@type":"SearchAction","target":{"@type":"EntryPoint","urlTemplate":"https:\/\/maismagazine.pt\/?s={search_term_string}"},"query-input":{"@type":"PropertyValueSpecification","valueRequired":true,"valueName":"search_term_string"}}],"inLanguage":"pt-PT"},{"@type":"Organization","@id":"https:\/\/maismagazine.pt\/#organization","name":"Mais Magazine","url":"https:\/\/maismagazine.pt\/","logo":{"@type":"ImageObject","inLanguage":"pt-PT","@id":"https:\/\/maismagazine.pt\/#\/schema\/logo\/image\/","url":"http:\/\/maismagazine.pt\/wp-content\/uploads\/2020\/04\/cropped-cropped-mais-magazine-site-logo-2.png","contentUrl":"http:\/\/maismagazine.pt\/wp-content\/uploads\/2020\/04\/cropped-cropped-mais-magazine-site-logo-2.png","width":581,"height":90,"caption":"Mais Magazine"},"image":{"@id":"https:\/\/maismagazine.pt\/#\/schema\/logo\/image\/"}},{"@type":"Person","@id":"https:\/\/maismagazine.pt\/#\/schema\/person\/7426e2caeb8df32a1b56aa48dae778c9","name":"Tatiana Martins","image":{"@type":"ImageObject","inLanguage":"pt-PT","@id":"https:\/\/maismagazine.pt\/#\/schema\/person\/image\/","url":"https:\/\/secure.gravatar.com\/avatar\/4b24a57f5d0425f2eb20981c4b53244e?s=96&d=mm&r=g","contentUrl":"https:\/\/secure.gravatar.com\/avatar\/4b24a57f5d0425f2eb20981c4b53244e?s=96&d=mm&r=g","caption":"Tatiana Martins"},"url":"http:\/\/maismagazine.pt\/index.php\/author\/tatiana\/"}]}},"author_meta":{"display_name":false,"author_link":"http:\/\/maismagazine.pt\/index.php\/author\/tatiana\/"},"featured_img":"http:\/\/maismagazine.pt\/wp-content\/uploads\/2023\/07\/Joao-Fernandes-Presidente-do-Turismo-do-Algarve-300x200.jpg","coauthors":[],"tax_additional":{"categories":{"linked":["<a href=\"http:\/\/maismagazine.pt\/index.php\/category\/destaque\/\" class=\"advgb-post-tax-term\">Destaque lateral<\/a>","<a href=\"http:\/\/maismagazine.pt\/index.php\/category\/noticias\/opiniao\/\" class=\"advgb-post-tax-term\">Opini\u00e3o<\/a>"],"unlinked":["<span class=\"advgb-post-tax-term\">Destaque lateral<\/span>","<span class=\"advgb-post-tax-term\">Opini\u00e3o<\/span>"]},"tags":{"linked":["<a href=\"http:\/\/maismagazine.pt\/index.php\/category\/noticias\/opiniao\/\" class=\"advgb-post-tax-term\">Algarve<\/a>","<a href=\"http:\/\/maismagazine.pt\/index.php\/category\/noticias\/opiniao\/\" class=\"advgb-post-tax-term\">Turismo do Algarve<\/a>"],"unlinked":["<span class=\"advgb-post-tax-term\">Algarve<\/span>","<span class=\"advgb-post-tax-term\">Turismo do Algarve<\/span>"]}},"comment_count":"0","relative_dates":{"created":"Posted 3 anos ago","modified":"Updated 3 anos ago"},"absolute_dates":{"created":"Posted on 28 de Julho, 2023","modified":"Updated on 20 de Julho, 2023"},"absolute_dates_time":{"created":"Posted on 28 de Julho, 2023 7:00","modified":"Updated on 20 de Julho, 2023 10:02"},"featured_img_caption":"Jo\u00e3o Fernandes, novo presidente do Turismo do Algarve. 23 Julho 2018. FOTO: VASCO C\u00c9LIO\/STILLS","series_order":"","_links":{"self":[{"href":"http:\/\/maismagazine.pt\/index.php\/wp-json\/wp\/v2\/posts\/7365","targetHints":{"allow":["GET"]}}],"collection":[{"href":"http:\/\/maismagazine.pt\/index.php\/wp-json\/wp\/v2\/posts"}],"about":[{"href":"http:\/\/maismagazine.pt\/index.php\/wp-json\/wp\/v2\/types\/post"}],"author":[{"embeddable":true,"href":"http:\/\/maismagazine.pt\/index.php\/wp-json\/wp\/v2\/users\/18"}],"replies":[{"embeddable":true,"href":"http:\/\/maismagazine.pt\/index.php\/wp-json\/wp\/v2\/comments?post=7365"}],"version-history":[{"count":2,"href":"http:\/\/maismagazine.pt\/index.php\/wp-json\/wp\/v2\/posts\/7365\/revisions"}],"predecessor-version":[{"id":7369,"href":"http:\/\/maismagazine.pt\/index.php\/wp-json\/wp\/v2\/posts\/7365\/revisions\/7369"}],"wp:featuredmedia":[{"embeddable":true,"href":"http:\/\/maismagazine.pt\/index.php\/wp-json\/wp\/v2\/media\/7366"}],"wp:attachment":[{"href":"http:\/\/maismagazine.pt\/index.php\/wp-json\/wp\/v2\/media?parent=7365"}],"wp:term":[{"taxonomy":"category","embeddable":true,"href":"http:\/\/maismagazine.pt\/index.php\/wp-json\/wp\/v2\/categories?post=7365"},{"taxonomy":"post_tag","embeddable":true,"href":"http:\/\/maismagazine.pt\/index.php\/wp-json\/wp\/v2\/tags?post=7365"}],"curies":[{"name":"wp","href":"https:\/\/api.w.org\/{rel}","templated":true}]}}