{"id":7313,"date":"2023-07-03T15:14:52","date_gmt":"2023-07-03T14:14:52","guid":{"rendered":"https:\/\/maismagazine.pt\/?p=7313"},"modified":"2023-07-03T15:14:52","modified_gmt":"2023-07-03T14:14:52","slug":"cinema-nas-vinhas-quinta-da-aveleda","status":"publish","type":"post","link":"http:\/\/maismagazine.pt\/index.php\/2023\/07\/03\/cinema-nas-vinhas-quinta-da-aveleda\/","title":{"rendered":"Cinema nas Vinhas &#8211; Quinta da Aveleda"},"content":{"rendered":"\n<p>J\u00e1 teve a oportunidade de assistir a um filme num cen\u00e1rio pitoresco?<\/p>\n\n\n\n<p>No dia 29 de julho, convidamo-lo a vir \u00e0 <a href=\"http:\/\/: https:\/\/www.company.aveleda.com\/pt\">Quinta da Aveleda<\/a> assistir ao filme Alma Viva. Filme vencedor de 6 pr\u00e9mios Sophia em 2023, para al\u00e9m de melhor filme, destacou-se na categoria de melhor argumento original, melhor caracteriza\u00e7\u00e3o e efeitos especiais, a melhor dire\u00e7\u00e3o de fotografia e pelo desempenho no filme, Lua Michel venceu o pr\u00e9mio para a melhor atriz principal e Ana Padr\u00e3o foi distinguida como Melhor Atriz Secund\u00e1ria.<\/p>\n\n\n\n<p>Para al\u00e9m do filme, o bilhete inclui uma visita aos jardins da Quinta. As visitas come\u00e7am a partir das 19h30 e o filme ter\u00e1 in\u00edcio \u00e0s 21h. Um bilhete individual tem o custo de 12\u20ac, dois ou mais bilhetes t\u00eam o custo de 10\u20ac cada e o bilhete de crian\u00e7a tem um valor de 5\u20ac. A sess\u00e3o vai ser acompanhada por petiscos e vinhos.<\/p>\n\n\n\n<p>Para reservar a atividade na Quinta da Aveleda, por favor entre em contacto com a equipa de Enoturismo.<\/p>\n\n\n\n<p>Reservas atrav\u00e9s do website <a href=\"http:\/\/www.aveleda.com\/pt\">www.aveleda.com\/pt<\/a> , email enoturismo@aveleda.pt ou telefone +351 255 718 200.<\/p>\n\n\n\n<p><\/p>\n\n\n\n<p>A Aveleda \u2013 Onde os Sonhos se Cultivam foi fundada em 1870 por Manoel Pedro Guedes na Quinta da Aveleda, em Penafiel. Hoje nas m\u00e3os da quinta gera\u00e7\u00e3o, a Aveleda S.A. \u00e9 o maior produtor e exportador de Vinho Verde em Portugal, estando presente em mais de 70 pa\u00edses com a sua extensa gama de produtos. Produtor de marcas como Casal Garcia, Aveleda, Adega Velha, Quinta Vale D. Maria, Quinta d\u2019Aguieira,Villa Alvor e Mandriola de Lisboa. A Aveleda S.A. celebrou em 2020, 150 anos de uma hist\u00f3ria de fam\u00edlia e de inova\u00e7\u00e3o.\u00a0 Site Aveleda \u2013 Onde os Sonhos se Cultivam: <a href=\"https:\/\/www.company.aveleda.com\/pt\">https:\/\/www.company.aveleda.com\/pt<\/a><\/p>\n\n\n\n<p><strong>Para mais informa\u00e7\u00f5es, por favor contacte:<\/strong><\/p>\n\n\n\n<p><strong>Rela\u00e7\u00f5es P\u00fablicas Aveleda<\/strong> \/E-mail: <a href=\"mailto:rp@aveleda.pt\/\">rp@aveleda.pt<\/a><\/p>\n\n\n\n<p><strong>Maria Manuel Ferreira<\/strong> \/ E-mail: <a href=\"mailto:maria.ferreira@aveleda.pt\/\">maria.ferreira@aveleda.pt\/<\/a> Tlm.: 935863612<\/p>\n\n\n\n<p>Quinta da Aveleda, Rua da Aveleda, n\u00ba2<\/p>\n\n\n\n<p>4560-570 Penafiel &#8211; Portugal<\/p>\n\n\n<div class=\"wp-block-image\">\n<figure class=\"aligncenter size-large is-resized\"><img loading=\"lazy\" decoding=\"async\" src=\"https:\/\/maismagazine.pt\/wp-content\/uploads\/2023\/07\/c-1024x590.png\" alt=\"\" class=\"wp-image-7315\" width=\"307\" height=\"174\"\/><\/figure><\/div>","protected":false},"excerpt":{"rendered":"<p>J\u00e1 teve a oportunidade de assistir a um filme num cen\u00e1rio pitoresco? No dia 29 de julho, convidamo-lo a vir \u00e0 Quinta da Aveleda assistir ao filme Alma Viva. Filme vencedor de 6 pr\u00e9mios Sophia em 2023, para al\u00e9m de melhor filme, destacou-se na categoria de melhor argumento original, melhor&hellip;<\/p>\n","protected":false},"author":17,"featured_media":7314,"comment_status":"closed","ping_status":"open","sticky":false,"template":"","format":"standard","meta":{"advgb_blocks_editor_width":"","advgb_blocks_columns_visual_guide":"","_monsterinsights_skip_tracking":false,"_monsterinsights_sitenote_active":false,"_monsterinsights_sitenote_note":"","_monsterinsights_sitenote_category":0,"footnotes":""},"categories":[7,53],"tags":[1620],"class_list":["post-7313","post","type-post","status-publish","format-standard","has-post-thumbnail","hentry","category-noticias","category-turismo-restaurantes","tag-quinta-da-aveleda"],"yoast_head":"<!-- This site is optimized with the Yoast SEO plugin v24.4 - https:\/\/yoast.com\/wordpress\/plugins\/seo\/ -->\n<title>Cinema nas Vinhas - Quinta da Aveleda - Mais Magazine<\/title>\n<meta name=\"description\" content=\"J\u00e1 teve a oportunidade de assistir a um filme num cen\u00e1rio pitoresco? No dia 29 de julho, convidamo-lo a vir \u00e0 Quinta da Aveleda assistir ao filme Alma Viva. Filme vencedor de 6 pr\u00e9mios Sophia em 2023, para al\u00e9m de melhor filme, destacou-se na categoria de melhor argumento original, melhor caracteriza\u00e7\u00e3o e efeitos especiais, a melhor dire\u00e7\u00e3o de fotografia e pelo desempenho no filme, Lua Michel venceu o pr\u00e9mio para a melhor atriz principal e Ana Padr\u00e3o foi distinguida como Melhor Atriz Secund\u00e1ria.\" \/>\n<meta name=\"robots\" content=\"index, follow, max-snippet:-1, max-image-preview:large, max-video-preview:-1\" \/>\n<link rel=\"canonical\" href=\"http:\/\/maismagazine.pt\/index.php\/2023\/07\/03\/cinema-nas-vinhas-quinta-da-aveleda\/\" \/>\n<meta property=\"og:locale\" content=\"pt_PT\" \/>\n<meta property=\"og:type\" content=\"article\" \/>\n<meta property=\"og:title\" content=\"Cinema nas Vinhas - Quinta da Aveleda - Mais Magazine\" \/>\n<meta property=\"og:description\" content=\"J\u00e1 teve a oportunidade de assistir a um filme num cen\u00e1rio pitoresco? No dia 29 de julho, convidamo-lo a vir \u00e0 Quinta da Aveleda assistir ao filme Alma Viva. Filme vencedor de 6 pr\u00e9mios Sophia em 2023, para al\u00e9m de melhor filme, destacou-se na categoria de melhor argumento original, melhor caracteriza\u00e7\u00e3o e efeitos especiais, a melhor dire\u00e7\u00e3o de fotografia e pelo desempenho no filme, Lua Michel venceu o pr\u00e9mio para a melhor atriz principal e Ana Padr\u00e3o foi distinguida como Melhor Atriz Secund\u00e1ria.\" \/>\n<meta property=\"og:url\" content=\"http:\/\/maismagazine.pt\/index.php\/2023\/07\/03\/cinema-nas-vinhas-quinta-da-aveleda\/\" \/>\n<meta property=\"og:site_name\" content=\"Mais Magazine\" \/>\n<meta property=\"article:published_time\" content=\"2023-07-03T14:14:52+00:00\" \/>\n<meta property=\"og:image\" content=\"http:\/\/maismagazine.pt\/wp-content\/uploads\/2023\/07\/s.jpg\" \/>\n\t<meta property=\"og:image:width\" content=\"613\" \/>\n\t<meta property=\"og:image:height\" content=\"614\" \/>\n\t<meta property=\"og:image:type\" content=\"image\/jpeg\" \/>\n<meta name=\"author\" content=\"Tiago Costa\" \/>\n<meta name=\"twitter:card\" content=\"summary_large_image\" \/>\n<meta name=\"twitter:label1\" content=\"Escrito por\" \/>\n\t<meta name=\"twitter:data1\" content=\"\" \/>\n\t<meta name=\"twitter:label2\" content=\"Tempo estimado de leitura\" \/>\n\t<meta name=\"twitter:data2\" content=\"2 minutos\" \/>\n<script type=\"application\/ld+json\" class=\"yoast-schema-graph\">{\"@context\":\"https:\/\/schema.org\",\"@graph\":[{\"@type\":\"Article\",\"@id\":\"http:\/\/maismagazine.pt\/index.php\/2023\/07\/03\/cinema-nas-vinhas-quinta-da-aveleda\/#article\",\"isPartOf\":{\"@id\":\"http:\/\/maismagazine.pt\/index.php\/2023\/07\/03\/cinema-nas-vinhas-quinta-da-aveleda\/\"},\"author\":{\"name\":\"Tiago Costa\",\"@id\":\"http:\/\/maismagazine.pt\/#\/schema\/person\/c6c5bfccc886434cbd11c74e035f9646\"},\"headline\":\"Cinema nas Vinhas &#8211; Quinta da Aveleda\",\"datePublished\":\"2023-07-03T14:14:52+00:00\",\"mainEntityOfPage\":{\"@id\":\"http:\/\/maismagazine.pt\/index.php\/2023\/07\/03\/cinema-nas-vinhas-quinta-da-aveleda\/\"},\"wordCount\":339,\"publisher\":{\"@id\":\"http:\/\/maismagazine.pt\/#organization\"},\"image\":{\"@id\":\"http:\/\/maismagazine.pt\/index.php\/2023\/07\/03\/cinema-nas-vinhas-quinta-da-aveleda\/#primaryimage\"},\"thumbnailUrl\":\"http:\/\/maismagazine.pt\/wp-content\/uploads\/2023\/07\/s.jpg\",\"keywords\":[\"Quinta da Aveleda\"],\"articleSection\":[\"Not\u00edcias\",\"Turismo | Vinhos | Gastronomia\"],\"inLanguage\":\"pt-PT\"},{\"@type\":\"WebPage\",\"@id\":\"http:\/\/maismagazine.pt\/index.php\/2023\/07\/03\/cinema-nas-vinhas-quinta-da-aveleda\/\",\"url\":\"http:\/\/maismagazine.pt\/index.php\/2023\/07\/03\/cinema-nas-vinhas-quinta-da-aveleda\/\",\"name\":\"Cinema nas Vinhas - Quinta da Aveleda - Mais Magazine\",\"isPartOf\":{\"@id\":\"http:\/\/maismagazine.pt\/#website\"},\"primaryImageOfPage\":{\"@id\":\"http:\/\/maismagazine.pt\/index.php\/2023\/07\/03\/cinema-nas-vinhas-quinta-da-aveleda\/#primaryimage\"},\"image\":{\"@id\":\"http:\/\/maismagazine.pt\/index.php\/2023\/07\/03\/cinema-nas-vinhas-quinta-da-aveleda\/#primaryimage\"},\"thumbnailUrl\":\"http:\/\/maismagazine.pt\/wp-content\/uploads\/2023\/07\/s.jpg\",\"datePublished\":\"2023-07-03T14:14:52+00:00\",\"description\":\"J\u00e1 teve a oportunidade de assistir a um filme num cen\u00e1rio pitoresco? No dia 29 de julho, convidamo-lo a vir \u00e0 Quinta da Aveleda assistir ao filme Alma Viva. Filme vencedor de 6 pr\u00e9mios Sophia em 2023, para al\u00e9m de melhor filme, destacou-se na categoria de melhor argumento original, melhor caracteriza\u00e7\u00e3o e efeitos especiais, a melhor dire\u00e7\u00e3o de fotografia e pelo desempenho no filme, Lua Michel venceu o pr\u00e9mio para a melhor atriz principal e Ana Padr\u00e3o foi distinguida como Melhor Atriz Secund\u00e1ria.\",\"breadcrumb\":{\"@id\":\"http:\/\/maismagazine.pt\/index.php\/2023\/07\/03\/cinema-nas-vinhas-quinta-da-aveleda\/#breadcrumb\"},\"inLanguage\":\"pt-PT\",\"potentialAction\":[{\"@type\":\"ReadAction\",\"target\":[\"http:\/\/maismagazine.pt\/index.php\/2023\/07\/03\/cinema-nas-vinhas-quinta-da-aveleda\/\"]}]},{\"@type\":\"ImageObject\",\"inLanguage\":\"pt-PT\",\"@id\":\"http:\/\/maismagazine.pt\/index.php\/2023\/07\/03\/cinema-nas-vinhas-quinta-da-aveleda\/#primaryimage\",\"url\":\"http:\/\/maismagazine.pt\/wp-content\/uploads\/2023\/07\/s.jpg\",\"contentUrl\":\"http:\/\/maismagazine.pt\/wp-content\/uploads\/2023\/07\/s.jpg\",\"width\":613,\"height\":614},{\"@type\":\"BreadcrumbList\",\"@id\":\"http:\/\/maismagazine.pt\/index.php\/2023\/07\/03\/cinema-nas-vinhas-quinta-da-aveleda\/#breadcrumb\",\"itemListElement\":[{\"@type\":\"ListItem\",\"position\":1,\"name\":\"Home\",\"item\":\"http:\/\/maismagazine.pt\/\"},{\"@type\":\"ListItem\",\"position\":2,\"name\":\"Cinema nas Vinhas &#8211; Quinta da Aveleda\"}]},{\"@type\":\"WebSite\",\"@id\":\"http:\/\/maismagazine.pt\/#website\",\"url\":\"http:\/\/maismagazine.pt\/\",\"name\":\"Mais Magazine\",\"description\":\"\",\"publisher\":{\"@id\":\"http:\/\/maismagazine.pt\/#organization\"},\"potentialAction\":[{\"@type\":\"SearchAction\",\"target\":{\"@type\":\"EntryPoint\",\"urlTemplate\":\"http:\/\/maismagazine.pt\/?s={search_term_string}\"},\"query-input\":{\"@type\":\"PropertyValueSpecification\",\"valueRequired\":true,\"valueName\":\"search_term_string\"}}],\"inLanguage\":\"pt-PT\"},{\"@type\":\"Organization\",\"@id\":\"http:\/\/maismagazine.pt\/#organization\",\"name\":\"Mais Magazine\",\"url\":\"http:\/\/maismagazine.pt\/\",\"logo\":{\"@type\":\"ImageObject\",\"inLanguage\":\"pt-PT\",\"@id\":\"http:\/\/maismagazine.pt\/#\/schema\/logo\/image\/\",\"url\":\"http:\/\/maismagazine.pt\/wp-content\/uploads\/2020\/04\/cropped-cropped-mais-magazine-site-logo-2.png\",\"contentUrl\":\"http:\/\/maismagazine.pt\/wp-content\/uploads\/2020\/04\/cropped-cropped-mais-magazine-site-logo-2.png\",\"width\":581,\"height\":90,\"caption\":\"Mais Magazine\"},\"image\":{\"@id\":\"http:\/\/maismagazine.pt\/#\/schema\/logo\/image\/\"}},{\"@type\":\"Person\",\"@id\":\"http:\/\/maismagazine.pt\/#\/schema\/person\/c6c5bfccc886434cbd11c74e035f9646\",\"name\":\"Tiago Costa\",\"image\":{\"@type\":\"ImageObject\",\"inLanguage\":\"pt-PT\",\"@id\":\"http:\/\/maismagazine.pt\/#\/schema\/person\/image\/\",\"url\":\"https:\/\/secure.gravatar.com\/avatar\/c599b2bce16c9870429198cbad5ee022?s=96&d=mm&r=g\",\"contentUrl\":\"https:\/\/secure.gravatar.com\/avatar\/c599b2bce16c9870429198cbad5ee022?s=96&d=mm&r=g\",\"caption\":\"Tiago Costa\"},\"url\":\"http:\/\/maismagazine.pt\/index.php\/author\/tiago\/\"}]}<\/script>\n<!-- \/ Yoast SEO plugin. -->","yoast_head_json":{"title":"Cinema nas Vinhas - Quinta da Aveleda - Mais Magazine","description":"J\u00e1 teve a oportunidade de assistir a um filme num cen\u00e1rio pitoresco? No dia 29 de julho, convidamo-lo a vir \u00e0 Quinta da Aveleda assistir ao filme Alma Viva. Filme vencedor de 6 pr\u00e9mios Sophia em 2023, para al\u00e9m de melhor filme, destacou-se na categoria de melhor argumento original, melhor caracteriza\u00e7\u00e3o e efeitos especiais, a melhor dire\u00e7\u00e3o de fotografia e pelo desempenho no filme, Lua Michel venceu o pr\u00e9mio para a melhor atriz principal e Ana Padr\u00e3o foi distinguida como Melhor Atriz Secund\u00e1ria.","robots":{"index":"index","follow":"follow","max-snippet":"max-snippet:-1","max-image-preview":"max-image-preview:large","max-video-preview":"max-video-preview:-1"},"canonical":"http:\/\/maismagazine.pt\/index.php\/2023\/07\/03\/cinema-nas-vinhas-quinta-da-aveleda\/","og_locale":"pt_PT","og_type":"article","og_title":"Cinema nas Vinhas - Quinta da Aveleda - Mais Magazine","og_description":"J\u00e1 teve a oportunidade de assistir a um filme num cen\u00e1rio pitoresco? No dia 29 de julho, convidamo-lo a vir \u00e0 Quinta da Aveleda assistir ao filme Alma Viva. Filme vencedor de 6 pr\u00e9mios Sophia em 2023, para al\u00e9m de melhor filme, destacou-se na categoria de melhor argumento original, melhor caracteriza\u00e7\u00e3o e efeitos especiais, a melhor dire\u00e7\u00e3o de fotografia e pelo desempenho no filme, Lua Michel venceu o pr\u00e9mio para a melhor atriz principal e Ana Padr\u00e3o foi distinguida como Melhor Atriz Secund\u00e1ria.","og_url":"http:\/\/maismagazine.pt\/index.php\/2023\/07\/03\/cinema-nas-vinhas-quinta-da-aveleda\/","og_site_name":"Mais Magazine","article_published_time":"2023-07-03T14:14:52+00:00","og_image":[{"width":613,"height":614,"url":"http:\/\/maismagazine.pt\/wp-content\/uploads\/2023\/07\/s.jpg","type":"image\/jpeg"}],"author":"Tiago Costa","twitter_card":"summary_large_image","twitter_misc":{"Escrito por":false,"Tempo estimado de leitura":"2 minutos"},"schema":{"@context":"https:\/\/schema.org","@graph":[{"@type":"Article","@id":"http:\/\/maismagazine.pt\/index.php\/2023\/07\/03\/cinema-nas-vinhas-quinta-da-aveleda\/#article","isPartOf":{"@id":"http:\/\/maismagazine.pt\/index.php\/2023\/07\/03\/cinema-nas-vinhas-quinta-da-aveleda\/"},"author":{"name":"Tiago Costa","@id":"http:\/\/maismagazine.pt\/#\/schema\/person\/c6c5bfccc886434cbd11c74e035f9646"},"headline":"Cinema nas Vinhas &#8211; Quinta da Aveleda","datePublished":"2023-07-03T14:14:52+00:00","mainEntityOfPage":{"@id":"http:\/\/maismagazine.pt\/index.php\/2023\/07\/03\/cinema-nas-vinhas-quinta-da-aveleda\/"},"wordCount":339,"publisher":{"@id":"http:\/\/maismagazine.pt\/#organization"},"image":{"@id":"http:\/\/maismagazine.pt\/index.php\/2023\/07\/03\/cinema-nas-vinhas-quinta-da-aveleda\/#primaryimage"},"thumbnailUrl":"http:\/\/maismagazine.pt\/wp-content\/uploads\/2023\/07\/s.jpg","keywords":["Quinta da Aveleda"],"articleSection":["Not\u00edcias","Turismo | Vinhos | Gastronomia"],"inLanguage":"pt-PT"},{"@type":"WebPage","@id":"http:\/\/maismagazine.pt\/index.php\/2023\/07\/03\/cinema-nas-vinhas-quinta-da-aveleda\/","url":"http:\/\/maismagazine.pt\/index.php\/2023\/07\/03\/cinema-nas-vinhas-quinta-da-aveleda\/","name":"Cinema nas Vinhas - Quinta da Aveleda - Mais Magazine","isPartOf":{"@id":"http:\/\/maismagazine.pt\/#website"},"primaryImageOfPage":{"@id":"http:\/\/maismagazine.pt\/index.php\/2023\/07\/03\/cinema-nas-vinhas-quinta-da-aveleda\/#primaryimage"},"image":{"@id":"http:\/\/maismagazine.pt\/index.php\/2023\/07\/03\/cinema-nas-vinhas-quinta-da-aveleda\/#primaryimage"},"thumbnailUrl":"http:\/\/maismagazine.pt\/wp-content\/uploads\/2023\/07\/s.jpg","datePublished":"2023-07-03T14:14:52+00:00","description":"J\u00e1 teve a oportunidade de assistir a um filme num cen\u00e1rio pitoresco? No dia 29 de julho, convidamo-lo a vir \u00e0 Quinta da Aveleda assistir ao filme Alma Viva. Filme vencedor de 6 pr\u00e9mios Sophia em 2023, para al\u00e9m de melhor filme, destacou-se na categoria de melhor argumento original, melhor caracteriza\u00e7\u00e3o e efeitos especiais, a melhor dire\u00e7\u00e3o de fotografia e pelo desempenho no filme, Lua Michel venceu o pr\u00e9mio para a melhor atriz principal e Ana Padr\u00e3o foi distinguida como Melhor Atriz Secund\u00e1ria.","breadcrumb":{"@id":"http:\/\/maismagazine.pt\/index.php\/2023\/07\/03\/cinema-nas-vinhas-quinta-da-aveleda\/#breadcrumb"},"inLanguage":"pt-PT","potentialAction":[{"@type":"ReadAction","target":["http:\/\/maismagazine.pt\/index.php\/2023\/07\/03\/cinema-nas-vinhas-quinta-da-aveleda\/"]}]},{"@type":"ImageObject","inLanguage":"pt-PT","@id":"http:\/\/maismagazine.pt\/index.php\/2023\/07\/03\/cinema-nas-vinhas-quinta-da-aveleda\/#primaryimage","url":"http:\/\/maismagazine.pt\/wp-content\/uploads\/2023\/07\/s.jpg","contentUrl":"http:\/\/maismagazine.pt\/wp-content\/uploads\/2023\/07\/s.jpg","width":613,"height":614},{"@type":"BreadcrumbList","@id":"http:\/\/maismagazine.pt\/index.php\/2023\/07\/03\/cinema-nas-vinhas-quinta-da-aveleda\/#breadcrumb","itemListElement":[{"@type":"ListItem","position":1,"name":"Home","item":"http:\/\/maismagazine.pt\/"},{"@type":"ListItem","position":2,"name":"Cinema nas Vinhas &#8211; Quinta da Aveleda"}]},{"@type":"WebSite","@id":"http:\/\/maismagazine.pt\/#website","url":"http:\/\/maismagazine.pt\/","name":"Mais Magazine","description":"","publisher":{"@id":"http:\/\/maismagazine.pt\/#organization"},"potentialAction":[{"@type":"SearchAction","target":{"@type":"EntryPoint","urlTemplate":"http:\/\/maismagazine.pt\/?s={search_term_string}"},"query-input":{"@type":"PropertyValueSpecification","valueRequired":true,"valueName":"search_term_string"}}],"inLanguage":"pt-PT"},{"@type":"Organization","@id":"http:\/\/maismagazine.pt\/#organization","name":"Mais Magazine","url":"http:\/\/maismagazine.pt\/","logo":{"@type":"ImageObject","inLanguage":"pt-PT","@id":"http:\/\/maismagazine.pt\/#\/schema\/logo\/image\/","url":"http:\/\/maismagazine.pt\/wp-content\/uploads\/2020\/04\/cropped-cropped-mais-magazine-site-logo-2.png","contentUrl":"http:\/\/maismagazine.pt\/wp-content\/uploads\/2020\/04\/cropped-cropped-mais-magazine-site-logo-2.png","width":581,"height":90,"caption":"Mais Magazine"},"image":{"@id":"http:\/\/maismagazine.pt\/#\/schema\/logo\/image\/"}},{"@type":"Person","@id":"http:\/\/maismagazine.pt\/#\/schema\/person\/c6c5bfccc886434cbd11c74e035f9646","name":"Tiago Costa","image":{"@type":"ImageObject","inLanguage":"pt-PT","@id":"http:\/\/maismagazine.pt\/#\/schema\/person\/image\/","url":"https:\/\/secure.gravatar.com\/avatar\/c599b2bce16c9870429198cbad5ee022?s=96&d=mm&r=g","contentUrl":"https:\/\/secure.gravatar.com\/avatar\/c599b2bce16c9870429198cbad5ee022?s=96&d=mm&r=g","caption":"Tiago Costa"},"url":"http:\/\/maismagazine.pt\/index.php\/author\/tiago\/"}]}},"author_meta":{"display_name":false,"author_link":"http:\/\/maismagazine.pt\/index.php\/author\/tiago\/"},"featured_img":"http:\/\/maismagazine.pt\/wp-content\/uploads\/2023\/07\/s-300x300.jpg","coauthors":[],"tax_additional":{"categories":{"linked":["<a href=\"http:\/\/maismagazine.pt\/index.php\/category\/noticias\/\" class=\"advgb-post-tax-term\">Not\u00edcias<\/a>","<a href=\"http:\/\/maismagazine.pt\/index.php\/category\/turismo-restaurantes\/\" class=\"advgb-post-tax-term\">Turismo | Vinhos | Gastronomia<\/a>"],"unlinked":["<span class=\"advgb-post-tax-term\">Not\u00edcias<\/span>","<span class=\"advgb-post-tax-term\">Turismo | Vinhos | Gastronomia<\/span>"]},"tags":{"linked":["<a href=\"http:\/\/maismagazine.pt\/index.php\/category\/turismo-restaurantes\/\" class=\"advgb-post-tax-term\">Quinta da Aveleda<\/a>"],"unlinked":["<span class=\"advgb-post-tax-term\">Quinta da Aveleda<\/span>"]}},"comment_count":"0","relative_dates":{"created":"Posted 3 anos ago","modified":"Updated 3 anos ago"},"absolute_dates":{"created":"Posted on 3 de Julho, 2023","modified":"Updated on 3 de Julho, 2023"},"absolute_dates_time":{"created":"Posted on 3 de Julho, 2023 15:14","modified":"Updated on 3 de Julho, 2023 15:14"},"featured_img_caption":"","series_order":"","_links":{"self":[{"href":"http:\/\/maismagazine.pt\/index.php\/wp-json\/wp\/v2\/posts\/7313","targetHints":{"allow":["GET"]}}],"collection":[{"href":"http:\/\/maismagazine.pt\/index.php\/wp-json\/wp\/v2\/posts"}],"about":[{"href":"http:\/\/maismagazine.pt\/index.php\/wp-json\/wp\/v2\/types\/post"}],"author":[{"embeddable":true,"href":"http:\/\/maismagazine.pt\/index.php\/wp-json\/wp\/v2\/users\/17"}],"replies":[{"embeddable":true,"href":"http:\/\/maismagazine.pt\/index.php\/wp-json\/wp\/v2\/comments?post=7313"}],"version-history":[{"count":3,"href":"http:\/\/maismagazine.pt\/index.php\/wp-json\/wp\/v2\/posts\/7313\/revisions"}],"predecessor-version":[{"id":7318,"href":"http:\/\/maismagazine.pt\/index.php\/wp-json\/wp\/v2\/posts\/7313\/revisions\/7318"}],"wp:featuredmedia":[{"embeddable":true,"href":"http:\/\/maismagazine.pt\/index.php\/wp-json\/wp\/v2\/media\/7314"}],"wp:attachment":[{"href":"http:\/\/maismagazine.pt\/index.php\/wp-json\/wp\/v2\/media?parent=7313"}],"wp:term":[{"taxonomy":"category","embeddable":true,"href":"http:\/\/maismagazine.pt\/index.php\/wp-json\/wp\/v2\/categories?post=7313"},{"taxonomy":"post_tag","embeddable":true,"href":"http:\/\/maismagazine.pt\/index.php\/wp-json\/wp\/v2\/tags?post=7313"}],"curies":[{"name":"wp","href":"https:\/\/api.w.org\/{rel}","templated":true}]}}