{"id":7262,"date":"2023-06-27T09:40:32","date_gmt":"2023-06-27T08:40:32","guid":{"rendered":"http:\/\/maismagazine.pt\/?p=7262"},"modified":"2023-06-27T09:40:33","modified_gmt":"2023-06-27T08:40:33","slug":"universidade-do-porto-debate-implicacoes-do-chatgpt-no-ensino-superior","status":"publish","type":"post","link":"http:\/\/maismagazine.pt\/index.php\/2023\/06\/27\/universidade-do-porto-debate-implicacoes-do-chatgpt-no-ensino-superior\/","title":{"rendered":"Universidade do Porto debate implica\u00e7\u00f5es do ChatGPT no ensino superior"},"content":{"rendered":"\n<p>No pr\u00f3ximo dia 29 de junho, o&nbsp;ChatGPT&nbsp;ser\u00e1 o protagonista de um&nbsp;semin\u00e1rio que ir\u00e1 decorrer na Faculdade de Medicina da Universidade do Porto (FMUP).<\/p>\n\n\n\n<p>Nesta iniciativa, que ir\u00e1 reunir diversos acad\u00e9micos das diferentes unidades org\u00e2nicas da U.Porto, estar\u00e3o em debate poss\u00edveis respostas ou solu\u00e7\u00f5es para a pergunta \u201cChatGPT: que modelos de aprendizagem para o ensino superior?\u201d.<\/p>\n\n\n\n<p>Ap\u00f3s ter lan\u00e7ado a discuss\u00e3o sobre as implica\u00e7\u00f5es desta ferramenta de intelig\u00eancia artificial no \u00e2mbito acad\u00e9mico \u2013 num evento que decorreu no passado m\u00eas de maio \u2013, a FMUP, desta vez em associa\u00e7\u00e3o com a Comiss\u00e3o de \u00c9tica da U.Porto, retoma a discuss\u00e3o do tema com a participa\u00e7\u00e3o de professores e investigadores das Faculdades de Medicina (FMUP), Belas-Artes (FBAUP), Engenharia (FEUP), Letras (FLUP), Psicologia e Ci\u00eancias da Educa\u00e7\u00e3o (FPCEUP) e Ci\u00eancias (FCUP).<\/p>\n\n\n\n<p>A&nbsp;entrada<strong>&nbsp;<\/strong>\u00e9&nbsp;livre, mediante <a href=\"https:\/\/forms.gle\/bvWiLdHACvFdirrC9\" target=\"_blank\" rel=\"noreferrer noopener\">inscri\u00e7\u00e3o pr\u00e9via<\/a>.<\/p>\n","protected":false},"excerpt":{"rendered":"<p>No pr\u00f3ximo dia 29 de junho, o&nbsp;ChatGPT&nbsp;ser\u00e1 o protagonista de um&nbsp;semin\u00e1rio que ir\u00e1 decorrer na Faculdade de Medicina da Universidade do Porto (FMUP). Nesta iniciativa, que ir\u00e1 reunir diversos acad\u00e9micos das diferentes unidades org\u00e2nicas da U.Porto, estar\u00e3o em debate poss\u00edveis respostas ou solu\u00e7\u00f5es para a pergunta \u201cChatGPT: que modelos de&hellip;<\/p>\n","protected":false},"author":7,"featured_media":7264,"comment_status":"closed","ping_status":"open","sticky":false,"template":"","format":"standard","meta":{"advgb_blocks_editor_width":"","advgb_blocks_columns_visual_guide":"","_monsterinsights_skip_tracking":false,"_monsterinsights_sitenote_active":false,"_monsterinsights_sitenote_note":"","_monsterinsights_sitenote_category":0,"footnotes":""},"categories":[1,7],"tags":[1606,1607,616,1605],"class_list":["post-7262","post","type-post","status-publish","format-standard","has-post-thumbnail","hentry","category-atualidade","category-noticias","tag-chatgpt","tag-debate","tag-ensino-superior","tag-universidade-do-porto"],"yoast_head":"<!-- This site is optimized with the Yoast SEO plugin v24.4 - https:\/\/yoast.com\/wordpress\/plugins\/seo\/ -->\n<title>Universidade do Porto debate implica\u00e7\u00f5es do ChatGPT no ensino superior - Mais Magazine<\/title>\n<meta name=\"description\" content=\"No pr\u00f3ximo dia 29 de junho, o\u00a0ChatGPT\u00a0ser\u00e1 o protagonista de um\u00a0semin\u00e1rio que ir\u00e1 decorrer na Faculdade de Medicina da Universidade do Porto (FMUP).\" \/>\n<meta name=\"robots\" content=\"index, follow, max-snippet:-1, max-image-preview:large, max-video-preview:-1\" \/>\n<link rel=\"canonical\" href=\"http:\/\/maismagazine.pt\/index.php\/2023\/06\/27\/universidade-do-porto-debate-implicacoes-do-chatgpt-no-ensino-superior\/\" \/>\n<meta property=\"og:locale\" content=\"pt_PT\" \/>\n<meta property=\"og:type\" content=\"article\" \/>\n<meta property=\"og:title\" content=\"Universidade do Porto debate implica\u00e7\u00f5es do ChatGPT no ensino superior - Mais Magazine\" \/>\n<meta property=\"og:description\" content=\"No pr\u00f3ximo dia 29 de junho, o\u00a0ChatGPT\u00a0ser\u00e1 o protagonista de um\u00a0semin\u00e1rio que ir\u00e1 decorrer na Faculdade de Medicina da Universidade do Porto (FMUP).\" \/>\n<meta property=\"og:url\" content=\"http:\/\/maismagazine.pt\/index.php\/2023\/06\/27\/universidade-do-porto-debate-implicacoes-do-chatgpt-no-ensino-superior\/\" \/>\n<meta property=\"og:site_name\" content=\"Mais Magazine\" \/>\n<meta property=\"article:published_time\" content=\"2023-06-27T08:40:32+00:00\" \/>\n<meta property=\"article:modified_time\" content=\"2023-06-27T08:40:33+00:00\" \/>\n<meta property=\"og:image\" content=\"http:\/\/maismagazine.pt\/wp-content\/uploads\/2023\/06\/pexels-matheus-bertelli-16094043-scaled.jpg\" \/>\n\t<meta property=\"og:image:width\" content=\"2560\" \/>\n\t<meta property=\"og:image:height\" content=\"1707\" \/>\n\t<meta property=\"og:image:type\" content=\"image\/jpeg\" \/>\n<meta name=\"author\" content=\"Jo\u00e3o Malainho\" \/>\n<meta name=\"twitter:card\" content=\"summary_large_image\" \/>\n<meta name=\"twitter:label1\" content=\"Escrito por\" \/>\n\t<meta name=\"twitter:data1\" content=\"\" \/>\n\t<meta name=\"twitter:label2\" content=\"Tempo estimado de leitura\" \/>\n\t<meta name=\"twitter:data2\" content=\"1 minuto\" \/>\n<script type=\"application\/ld+json\" class=\"yoast-schema-graph\">{\"@context\":\"https:\/\/schema.org\",\"@graph\":[{\"@type\":\"Article\",\"@id\":\"http:\/\/maismagazine.pt\/index.php\/2023\/06\/27\/universidade-do-porto-debate-implicacoes-do-chatgpt-no-ensino-superior\/#article\",\"isPartOf\":{\"@id\":\"http:\/\/maismagazine.pt\/index.php\/2023\/06\/27\/universidade-do-porto-debate-implicacoes-do-chatgpt-no-ensino-superior\/\"},\"author\":{\"name\":\"Jo\u00e3o Malainho\",\"@id\":\"https:\/\/maismagazine.pt\/#\/schema\/person\/999bd426f894ff56d397ec12ebd21ebb\"},\"headline\":\"Universidade do Porto debate implica\u00e7\u00f5es do ChatGPT no ensino superior\",\"datePublished\":\"2023-06-27T08:40:32+00:00\",\"dateModified\":\"2023-06-27T08:40:33+00:00\",\"mainEntityOfPage\":{\"@id\":\"http:\/\/maismagazine.pt\/index.php\/2023\/06\/27\/universidade-do-porto-debate-implicacoes-do-chatgpt-no-ensino-superior\/\"},\"wordCount\":175,\"publisher\":{\"@id\":\"https:\/\/maismagazine.pt\/#organization\"},\"image\":{\"@id\":\"http:\/\/maismagazine.pt\/index.php\/2023\/06\/27\/universidade-do-porto-debate-implicacoes-do-chatgpt-no-ensino-superior\/#primaryimage\"},\"thumbnailUrl\":\"http:\/\/maismagazine.pt\/wp-content\/uploads\/2023\/06\/pexels-matheus-bertelli-16094043-scaled.jpg\",\"keywords\":[\"ChatGPT\",\"debate\",\"ensino superior\",\"Universidade do Porto\"],\"articleSection\":[\"Atualidade\",\"Not\u00edcias\"],\"inLanguage\":\"pt-PT\"},{\"@type\":\"WebPage\",\"@id\":\"http:\/\/maismagazine.pt\/index.php\/2023\/06\/27\/universidade-do-porto-debate-implicacoes-do-chatgpt-no-ensino-superior\/\",\"url\":\"http:\/\/maismagazine.pt\/index.php\/2023\/06\/27\/universidade-do-porto-debate-implicacoes-do-chatgpt-no-ensino-superior\/\",\"name\":\"Universidade do Porto debate implica\u00e7\u00f5es do ChatGPT no ensino superior - Mais Magazine\",\"isPartOf\":{\"@id\":\"https:\/\/maismagazine.pt\/#website\"},\"primaryImageOfPage\":{\"@id\":\"http:\/\/maismagazine.pt\/index.php\/2023\/06\/27\/universidade-do-porto-debate-implicacoes-do-chatgpt-no-ensino-superior\/#primaryimage\"},\"image\":{\"@id\":\"http:\/\/maismagazine.pt\/index.php\/2023\/06\/27\/universidade-do-porto-debate-implicacoes-do-chatgpt-no-ensino-superior\/#primaryimage\"},\"thumbnailUrl\":\"http:\/\/maismagazine.pt\/wp-content\/uploads\/2023\/06\/pexels-matheus-bertelli-16094043-scaled.jpg\",\"datePublished\":\"2023-06-27T08:40:32+00:00\",\"dateModified\":\"2023-06-27T08:40:33+00:00\",\"description\":\"No pr\u00f3ximo dia 29 de junho, o\u00a0ChatGPT\u00a0ser\u00e1 o protagonista de um\u00a0semin\u00e1rio que ir\u00e1 decorrer na Faculdade de Medicina da Universidade do Porto (FMUP).\",\"breadcrumb\":{\"@id\":\"http:\/\/maismagazine.pt\/index.php\/2023\/06\/27\/universidade-do-porto-debate-implicacoes-do-chatgpt-no-ensino-superior\/#breadcrumb\"},\"inLanguage\":\"pt-PT\",\"potentialAction\":[{\"@type\":\"ReadAction\",\"target\":[\"http:\/\/maismagazine.pt\/index.php\/2023\/06\/27\/universidade-do-porto-debate-implicacoes-do-chatgpt-no-ensino-superior\/\"]}]},{\"@type\":\"ImageObject\",\"inLanguage\":\"pt-PT\",\"@id\":\"http:\/\/maismagazine.pt\/index.php\/2023\/06\/27\/universidade-do-porto-debate-implicacoes-do-chatgpt-no-ensino-superior\/#primaryimage\",\"url\":\"http:\/\/maismagazine.pt\/wp-content\/uploads\/2023\/06\/pexels-matheus-bertelli-16094043-scaled.jpg\",\"contentUrl\":\"http:\/\/maismagazine.pt\/wp-content\/uploads\/2023\/06\/pexels-matheus-bertelli-16094043-scaled.jpg\",\"width\":2560,\"height\":1707},{\"@type\":\"BreadcrumbList\",\"@id\":\"http:\/\/maismagazine.pt\/index.php\/2023\/06\/27\/universidade-do-porto-debate-implicacoes-do-chatgpt-no-ensino-superior\/#breadcrumb\",\"itemListElement\":[{\"@type\":\"ListItem\",\"position\":1,\"name\":\"Home\",\"item\":\"https:\/\/maismagazine.pt\/\"},{\"@type\":\"ListItem\",\"position\":2,\"name\":\"Universidade do Porto debate implica\u00e7\u00f5es do ChatGPT no ensino superior\"}]},{\"@type\":\"WebSite\",\"@id\":\"https:\/\/maismagazine.pt\/#website\",\"url\":\"https:\/\/maismagazine.pt\/\",\"name\":\"Mais Magazine\",\"description\":\"\",\"publisher\":{\"@id\":\"https:\/\/maismagazine.pt\/#organization\"},\"potentialAction\":[{\"@type\":\"SearchAction\",\"target\":{\"@type\":\"EntryPoint\",\"urlTemplate\":\"https:\/\/maismagazine.pt\/?s={search_term_string}\"},\"query-input\":{\"@type\":\"PropertyValueSpecification\",\"valueRequired\":true,\"valueName\":\"search_term_string\"}}],\"inLanguage\":\"pt-PT\"},{\"@type\":\"Organization\",\"@id\":\"https:\/\/maismagazine.pt\/#organization\",\"name\":\"Mais Magazine\",\"url\":\"https:\/\/maismagazine.pt\/\",\"logo\":{\"@type\":\"ImageObject\",\"inLanguage\":\"pt-PT\",\"@id\":\"https:\/\/maismagazine.pt\/#\/schema\/logo\/image\/\",\"url\":\"http:\/\/maismagazine.pt\/wp-content\/uploads\/2020\/04\/cropped-cropped-mais-magazine-site-logo-2.png\",\"contentUrl\":\"http:\/\/maismagazine.pt\/wp-content\/uploads\/2020\/04\/cropped-cropped-mais-magazine-site-logo-2.png\",\"width\":581,\"height\":90,\"caption\":\"Mais Magazine\"},\"image\":{\"@id\":\"https:\/\/maismagazine.pt\/#\/schema\/logo\/image\/\"}},{\"@type\":\"Person\",\"@id\":\"https:\/\/maismagazine.pt\/#\/schema\/person\/999bd426f894ff56d397ec12ebd21ebb\",\"name\":\"Jo\u00e3o Malainho\",\"image\":{\"@type\":\"ImageObject\",\"inLanguage\":\"pt-PT\",\"@id\":\"https:\/\/maismagazine.pt\/#\/schema\/person\/image\/\",\"url\":\"https:\/\/secure.gravatar.com\/avatar\/ff03c2f38edf60b2a827aa4f74878491?s=96&d=mm&r=g\",\"contentUrl\":\"https:\/\/secure.gravatar.com\/avatar\/ff03c2f38edf60b2a827aa4f74878491?s=96&d=mm&r=g\",\"caption\":\"Jo\u00e3o Malainho\"},\"url\":\"http:\/\/maismagazine.pt\/index.php\/author\/maismagazine\/\"}]}<\/script>\n<!-- \/ Yoast SEO plugin. -->","yoast_head_json":{"title":"Universidade do Porto debate implica\u00e7\u00f5es do ChatGPT no ensino superior - Mais Magazine","description":"No pr\u00f3ximo dia 29 de junho, o\u00a0ChatGPT\u00a0ser\u00e1 o protagonista de um\u00a0semin\u00e1rio que ir\u00e1 decorrer na Faculdade de Medicina da Universidade do Porto (FMUP).","robots":{"index":"index","follow":"follow","max-snippet":"max-snippet:-1","max-image-preview":"max-image-preview:large","max-video-preview":"max-video-preview:-1"},"canonical":"http:\/\/maismagazine.pt\/index.php\/2023\/06\/27\/universidade-do-porto-debate-implicacoes-do-chatgpt-no-ensino-superior\/","og_locale":"pt_PT","og_type":"article","og_title":"Universidade do Porto debate implica\u00e7\u00f5es do ChatGPT no ensino superior - Mais Magazine","og_description":"No pr\u00f3ximo dia 29 de junho, o\u00a0ChatGPT\u00a0ser\u00e1 o protagonista de um\u00a0semin\u00e1rio que ir\u00e1 decorrer na Faculdade de Medicina da Universidade do Porto (FMUP).","og_url":"http:\/\/maismagazine.pt\/index.php\/2023\/06\/27\/universidade-do-porto-debate-implicacoes-do-chatgpt-no-ensino-superior\/","og_site_name":"Mais Magazine","article_published_time":"2023-06-27T08:40:32+00:00","article_modified_time":"2023-06-27T08:40:33+00:00","og_image":[{"width":2560,"height":1707,"url":"http:\/\/maismagazine.pt\/wp-content\/uploads\/2023\/06\/pexels-matheus-bertelli-16094043-scaled.jpg","type":"image\/jpeg"}],"author":"Jo\u00e3o Malainho","twitter_card":"summary_large_image","twitter_misc":{"Escrito por":false,"Tempo estimado de leitura":"1 minuto"},"schema":{"@context":"https:\/\/schema.org","@graph":[{"@type":"Article","@id":"http:\/\/maismagazine.pt\/index.php\/2023\/06\/27\/universidade-do-porto-debate-implicacoes-do-chatgpt-no-ensino-superior\/#article","isPartOf":{"@id":"http:\/\/maismagazine.pt\/index.php\/2023\/06\/27\/universidade-do-porto-debate-implicacoes-do-chatgpt-no-ensino-superior\/"},"author":{"name":"Jo\u00e3o Malainho","@id":"https:\/\/maismagazine.pt\/#\/schema\/person\/999bd426f894ff56d397ec12ebd21ebb"},"headline":"Universidade do Porto debate implica\u00e7\u00f5es do ChatGPT no ensino superior","datePublished":"2023-06-27T08:40:32+00:00","dateModified":"2023-06-27T08:40:33+00:00","mainEntityOfPage":{"@id":"http:\/\/maismagazine.pt\/index.php\/2023\/06\/27\/universidade-do-porto-debate-implicacoes-do-chatgpt-no-ensino-superior\/"},"wordCount":175,"publisher":{"@id":"https:\/\/maismagazine.pt\/#organization"},"image":{"@id":"http:\/\/maismagazine.pt\/index.php\/2023\/06\/27\/universidade-do-porto-debate-implicacoes-do-chatgpt-no-ensino-superior\/#primaryimage"},"thumbnailUrl":"http:\/\/maismagazine.pt\/wp-content\/uploads\/2023\/06\/pexels-matheus-bertelli-16094043-scaled.jpg","keywords":["ChatGPT","debate","ensino superior","Universidade do Porto"],"articleSection":["Atualidade","Not\u00edcias"],"inLanguage":"pt-PT"},{"@type":"WebPage","@id":"http:\/\/maismagazine.pt\/index.php\/2023\/06\/27\/universidade-do-porto-debate-implicacoes-do-chatgpt-no-ensino-superior\/","url":"http:\/\/maismagazine.pt\/index.php\/2023\/06\/27\/universidade-do-porto-debate-implicacoes-do-chatgpt-no-ensino-superior\/","name":"Universidade do Porto debate implica\u00e7\u00f5es do ChatGPT no ensino superior - Mais Magazine","isPartOf":{"@id":"https:\/\/maismagazine.pt\/#website"},"primaryImageOfPage":{"@id":"http:\/\/maismagazine.pt\/index.php\/2023\/06\/27\/universidade-do-porto-debate-implicacoes-do-chatgpt-no-ensino-superior\/#primaryimage"},"image":{"@id":"http:\/\/maismagazine.pt\/index.php\/2023\/06\/27\/universidade-do-porto-debate-implicacoes-do-chatgpt-no-ensino-superior\/#primaryimage"},"thumbnailUrl":"http:\/\/maismagazine.pt\/wp-content\/uploads\/2023\/06\/pexels-matheus-bertelli-16094043-scaled.jpg","datePublished":"2023-06-27T08:40:32+00:00","dateModified":"2023-06-27T08:40:33+00:00","description":"No pr\u00f3ximo dia 29 de junho, o\u00a0ChatGPT\u00a0ser\u00e1 o protagonista de um\u00a0semin\u00e1rio que ir\u00e1 decorrer na Faculdade de Medicina da Universidade do Porto (FMUP).","breadcrumb":{"@id":"http:\/\/maismagazine.pt\/index.php\/2023\/06\/27\/universidade-do-porto-debate-implicacoes-do-chatgpt-no-ensino-superior\/#breadcrumb"},"inLanguage":"pt-PT","potentialAction":[{"@type":"ReadAction","target":["http:\/\/maismagazine.pt\/index.php\/2023\/06\/27\/universidade-do-porto-debate-implicacoes-do-chatgpt-no-ensino-superior\/"]}]},{"@type":"ImageObject","inLanguage":"pt-PT","@id":"http:\/\/maismagazine.pt\/index.php\/2023\/06\/27\/universidade-do-porto-debate-implicacoes-do-chatgpt-no-ensino-superior\/#primaryimage","url":"http:\/\/maismagazine.pt\/wp-content\/uploads\/2023\/06\/pexels-matheus-bertelli-16094043-scaled.jpg","contentUrl":"http:\/\/maismagazine.pt\/wp-content\/uploads\/2023\/06\/pexels-matheus-bertelli-16094043-scaled.jpg","width":2560,"height":1707},{"@type":"BreadcrumbList","@id":"http:\/\/maismagazine.pt\/index.php\/2023\/06\/27\/universidade-do-porto-debate-implicacoes-do-chatgpt-no-ensino-superior\/#breadcrumb","itemListElement":[{"@type":"ListItem","position":1,"name":"Home","item":"https:\/\/maismagazine.pt\/"},{"@type":"ListItem","position":2,"name":"Universidade do Porto debate implica\u00e7\u00f5es do ChatGPT no ensino superior"}]},{"@type":"WebSite","@id":"https:\/\/maismagazine.pt\/#website","url":"https:\/\/maismagazine.pt\/","name":"Mais Magazine","description":"","publisher":{"@id":"https:\/\/maismagazine.pt\/#organization"},"potentialAction":[{"@type":"SearchAction","target":{"@type":"EntryPoint","urlTemplate":"https:\/\/maismagazine.pt\/?s={search_term_string}"},"query-input":{"@type":"PropertyValueSpecification","valueRequired":true,"valueName":"search_term_string"}}],"inLanguage":"pt-PT"},{"@type":"Organization","@id":"https:\/\/maismagazine.pt\/#organization","name":"Mais Magazine","url":"https:\/\/maismagazine.pt\/","logo":{"@type":"ImageObject","inLanguage":"pt-PT","@id":"https:\/\/maismagazine.pt\/#\/schema\/logo\/image\/","url":"http:\/\/maismagazine.pt\/wp-content\/uploads\/2020\/04\/cropped-cropped-mais-magazine-site-logo-2.png","contentUrl":"http:\/\/maismagazine.pt\/wp-content\/uploads\/2020\/04\/cropped-cropped-mais-magazine-site-logo-2.png","width":581,"height":90,"caption":"Mais Magazine"},"image":{"@id":"https:\/\/maismagazine.pt\/#\/schema\/logo\/image\/"}},{"@type":"Person","@id":"https:\/\/maismagazine.pt\/#\/schema\/person\/999bd426f894ff56d397ec12ebd21ebb","name":"Jo\u00e3o Malainho","image":{"@type":"ImageObject","inLanguage":"pt-PT","@id":"https:\/\/maismagazine.pt\/#\/schema\/person\/image\/","url":"https:\/\/secure.gravatar.com\/avatar\/ff03c2f38edf60b2a827aa4f74878491?s=96&d=mm&r=g","contentUrl":"https:\/\/secure.gravatar.com\/avatar\/ff03c2f38edf60b2a827aa4f74878491?s=96&d=mm&r=g","caption":"Jo\u00e3o Malainho"},"url":"http:\/\/maismagazine.pt\/index.php\/author\/maismagazine\/"}]}},"author_meta":{"display_name":false,"author_link":"http:\/\/maismagazine.pt\/index.php\/author\/maismagazine\/"},"featured_img":"http:\/\/maismagazine.pt\/wp-content\/uploads\/2023\/06\/pexels-matheus-bertelli-16094043-300x200.jpg","coauthors":[],"tax_additional":{"categories":{"linked":["<a href=\"http:\/\/maismagazine.pt\/index.php\/category\/atualidade\/\" class=\"advgb-post-tax-term\">Atualidade<\/a>","<a href=\"http:\/\/maismagazine.pt\/index.php\/category\/noticias\/\" class=\"advgb-post-tax-term\">Not\u00edcias<\/a>"],"unlinked":["<span class=\"advgb-post-tax-term\">Atualidade<\/span>","<span class=\"advgb-post-tax-term\">Not\u00edcias<\/span>"]},"tags":{"linked":["<a href=\"http:\/\/maismagazine.pt\/index.php\/category\/noticias\/\" class=\"advgb-post-tax-term\">ChatGPT<\/a>","<a href=\"http:\/\/maismagazine.pt\/index.php\/category\/noticias\/\" class=\"advgb-post-tax-term\">debate<\/a>","<a href=\"http:\/\/maismagazine.pt\/index.php\/category\/noticias\/\" class=\"advgb-post-tax-term\">ensino superior<\/a>","<a href=\"http:\/\/maismagazine.pt\/index.php\/category\/noticias\/\" class=\"advgb-post-tax-term\">Universidade do Porto<\/a>"],"unlinked":["<span class=\"advgb-post-tax-term\">ChatGPT<\/span>","<span class=\"advgb-post-tax-term\">debate<\/span>","<span class=\"advgb-post-tax-term\">ensino superior<\/span>","<span class=\"advgb-post-tax-term\">Universidade do Porto<\/span>"]}},"comment_count":"0","relative_dates":{"created":"Posted 3 anos ago","modified":"Updated 3 anos ago"},"absolute_dates":{"created":"Posted on 27 de Junho, 2023","modified":"Updated on 27 de Junho, 2023"},"absolute_dates_time":{"created":"Posted on 27 de Junho, 2023 9:40","modified":"Updated on 27 de Junho, 2023 9:40"},"featured_img_caption":"","series_order":"","_links":{"self":[{"href":"http:\/\/maismagazine.pt\/index.php\/wp-json\/wp\/v2\/posts\/7262","targetHints":{"allow":["GET"]}}],"collection":[{"href":"http:\/\/maismagazine.pt\/index.php\/wp-json\/wp\/v2\/posts"}],"about":[{"href":"http:\/\/maismagazine.pt\/index.php\/wp-json\/wp\/v2\/types\/post"}],"author":[{"embeddable":true,"href":"http:\/\/maismagazine.pt\/index.php\/wp-json\/wp\/v2\/users\/7"}],"replies":[{"embeddable":true,"href":"http:\/\/maismagazine.pt\/index.php\/wp-json\/wp\/v2\/comments?post=7262"}],"version-history":[{"count":3,"href":"http:\/\/maismagazine.pt\/index.php\/wp-json\/wp\/v2\/posts\/7262\/revisions"}],"predecessor-version":[{"id":7266,"href":"http:\/\/maismagazine.pt\/index.php\/wp-json\/wp\/v2\/posts\/7262\/revisions\/7266"}],"wp:featuredmedia":[{"embeddable":true,"href":"http:\/\/maismagazine.pt\/index.php\/wp-json\/wp\/v2\/media\/7264"}],"wp:attachment":[{"href":"http:\/\/maismagazine.pt\/index.php\/wp-json\/wp\/v2\/media?parent=7262"}],"wp:term":[{"taxonomy":"category","embeddable":true,"href":"http:\/\/maismagazine.pt\/index.php\/wp-json\/wp\/v2\/categories?post=7262"},{"taxonomy":"post_tag","embeddable":true,"href":"http:\/\/maismagazine.pt\/index.php\/wp-json\/wp\/v2\/tags?post=7262"}],"curies":[{"name":"wp","href":"https:\/\/api.w.org\/{rel}","templated":true}]}}