{"id":7233,"date":"2023-06-21T16:04:45","date_gmt":"2023-06-21T15:04:45","guid":{"rendered":"http:\/\/maismagazine.pt\/?p=7233"},"modified":"2023-06-21T16:04:45","modified_gmt":"2023-06-21T15:04:45","slug":"grupo-cvm-investe-3-milhoes-de-euros-em-nova-sede","status":"publish","type":"post","link":"http:\/\/maismagazine.pt\/index.php\/2023\/06\/21\/grupo-cvm-investe-3-milhoes-de-euros-em-nova-sede\/","title":{"rendered":"Grupo CVM investe 3 milh\u00f5es de euros em nova sede"},"content":{"rendered":"\n<p>O grupo CVM inaugurou uma nova sede&nbsp;no Empreendimento A32 na Zona Industrial de&nbsp;Vila Maior, Santa Maria da Feira, fruto de um investimento de cerca de tr\u00eas milh\u00f5es de euros, com vista a expandir o seu neg\u00f3cio e crescimento org\u00e2nico a acompanhar o crescimento da empresa.&nbsp;<\/p>\n\n\n\n<p>A nova sede, com uma \u00e1rea de mais de 3 mil metros quadrados, representa o compromisso do grupo de constru\u00e7\u00e3o em investir no futuro, tendo tamb\u00e9m, por isso, apostado num edif\u00edcio que pretende a curto prazo tornar autosustent\u00e1vel em termos energ\u00e9ticos, gra\u00e7as \u00e0 instala\u00e7\u00e3o de pain\u00e9is fotovoltaicos, o que refor\u00e7ara a consolida\u00e7\u00e3o da empresa como uma organiza\u00e7\u00e3o que valoriza a sustentabilidade e a efici\u00eancia energ\u00e9tica.<\/p>\n\n\n\n<p>Para Severino Ponte, CEO do grupo, a nova sede representa uma nova era, mas um passo de continuidade na constru\u00e7\u00e3o de um legado de excel\u00eancia, confian\u00e7a e sucesso. \u201cInvestir na nova sede do grupo CVM&nbsp;\u00e9&nbsp;um passo estrat\u00e9gico e significativo para o futuro da nossa empresa, pois estamos comprometidos em maximizar o potencial de futuro deste setor e ainda proporcionar um ambiente de trabalho moderno e inspirador para os nossos trabalhadores. \u00c9 um passo em dire\u00e7\u00e3o ao futuro, que permite reafirmar o nosso compromisso em ser uma empresa l\u00edder e inovadora no setor da constru\u00e7\u00e3o\u201d.<\/p>\n","protected":false},"excerpt":{"rendered":"<p>O grupo CVM inaugurou uma nova sede&nbsp;no Empreendimento A32 na Zona Industrial de&nbsp;Vila Maior, Santa Maria da Feira, fruto de um investimento de cerca de tr\u00eas milh\u00f5es de euros, com vista a expandir o seu neg\u00f3cio e crescimento org\u00e2nico a acompanhar o crescimento da empresa.&nbsp; A nova sede, com uma&hellip;<\/p>\n","protected":false},"author":7,"featured_media":7234,"comment_status":"closed","ping_status":"open","sticky":false,"template":"","format":"standard","meta":{"advgb_blocks_editor_width":"","advgb_blocks_columns_visual_guide":"","_monsterinsights_skip_tracking":false,"_monsterinsights_sitenote_active":false,"_monsterinsights_sitenote_note":"","_monsterinsights_sitenote_category":0,"footnotes":""},"categories":[7],"tags":[1595,236,1594,63,1596],"class_list":["post-7233","post","type-post","status-publish","format-standard","has-post-thumbnail","hentry","category-noticias","tag-3-milhoes","tag-construcao","tag-cvm","tag-investimento","tag-sede"],"yoast_head":"<!-- This site is optimized with the Yoast SEO plugin v24.4 - https:\/\/yoast.com\/wordpress\/plugins\/seo\/ -->\n<title>Grupo CVM investe 3 milh\u00f5es de euros em nova sede - Mais Magazine<\/title>\n<meta name=\"description\" content=\"O grupo CVM inaugurou uma nova sede\u00a0no Empreendimento A32 na Zona Industrial de\u00a0Vila Maior, Santa Maria da Feira, fruto de um investimento de cerca de tr\u00eas milh\u00f5es de euros, com vista a expandir o seu neg\u00f3cio e crescimento org\u00e2nico a acompanhar o crescimento da empresa.\u00a0\" \/>\n<meta name=\"robots\" content=\"index, follow, max-snippet:-1, max-image-preview:large, max-video-preview:-1\" \/>\n<link rel=\"canonical\" href=\"http:\/\/maismagazine.pt\/index.php\/2023\/06\/21\/grupo-cvm-investe-3-milhoes-de-euros-em-nova-sede\/\" \/>\n<meta property=\"og:locale\" content=\"pt_PT\" \/>\n<meta property=\"og:type\" content=\"article\" \/>\n<meta property=\"og:title\" content=\"Grupo CVM investe 3 milh\u00f5es de euros em nova sede - Mais Magazine\" \/>\n<meta property=\"og:description\" content=\"O grupo CVM inaugurou uma nova sede\u00a0no Empreendimento A32 na Zona Industrial de\u00a0Vila Maior, Santa Maria da Feira, fruto de um investimento de cerca de tr\u00eas milh\u00f5es de euros, com vista a expandir o seu neg\u00f3cio e crescimento org\u00e2nico a acompanhar o crescimento da empresa.\u00a0\" \/>\n<meta property=\"og:url\" content=\"http:\/\/maismagazine.pt\/index.php\/2023\/06\/21\/grupo-cvm-investe-3-milhoes-de-euros-em-nova-sede\/\" \/>\n<meta property=\"og:site_name\" content=\"Mais Magazine\" \/>\n<meta property=\"article:published_time\" content=\"2023-06-21T15:04:45+00:00\" \/>\n<meta property=\"og:image\" content=\"http:\/\/maismagazine.pt\/wp-content\/uploads\/2023\/06\/8a8895a9bed583747d7906b4b5e2a426d75ce990b89ef68193d8e493a499e1e4.jpg\" \/>\n\t<meta property=\"og:image:width\" content=\"2000\" \/>\n\t<meta property=\"og:image:height\" content=\"1500\" \/>\n\t<meta property=\"og:image:type\" content=\"image\/jpeg\" \/>\n<meta name=\"author\" content=\"Jo\u00e3o Malainho\" \/>\n<meta name=\"twitter:card\" content=\"summary_large_image\" \/>\n<meta name=\"twitter:label1\" content=\"Escrito por\" \/>\n\t<meta name=\"twitter:data1\" content=\"\" \/>\n\t<meta name=\"twitter:label2\" content=\"Tempo estimado de leitura\" \/>\n\t<meta name=\"twitter:data2\" content=\"1 minuto\" \/>\n<script type=\"application\/ld+json\" class=\"yoast-schema-graph\">{\"@context\":\"https:\/\/schema.org\",\"@graph\":[{\"@type\":\"Article\",\"@id\":\"http:\/\/maismagazine.pt\/index.php\/2023\/06\/21\/grupo-cvm-investe-3-milhoes-de-euros-em-nova-sede\/#article\",\"isPartOf\":{\"@id\":\"http:\/\/maismagazine.pt\/index.php\/2023\/06\/21\/grupo-cvm-investe-3-milhoes-de-euros-em-nova-sede\/\"},\"author\":{\"name\":\"Jo\u00e3o Malainho\",\"@id\":\"https:\/\/maismagazine.pt\/#\/schema\/person\/999bd426f894ff56d397ec12ebd21ebb\"},\"headline\":\"Grupo CVM investe 3 milh\u00f5es de euros em nova sede\",\"datePublished\":\"2023-06-21T15:04:45+00:00\",\"mainEntityOfPage\":{\"@id\":\"http:\/\/maismagazine.pt\/index.php\/2023\/06\/21\/grupo-cvm-investe-3-milhoes-de-euros-em-nova-sede\/\"},\"wordCount\":243,\"publisher\":{\"@id\":\"https:\/\/maismagazine.pt\/#organization\"},\"image\":{\"@id\":\"http:\/\/maismagazine.pt\/index.php\/2023\/06\/21\/grupo-cvm-investe-3-milhoes-de-euros-em-nova-sede\/#primaryimage\"},\"thumbnailUrl\":\"http:\/\/maismagazine.pt\/wp-content\/uploads\/2023\/06\/8a8895a9bed583747d7906b4b5e2a426d75ce990b89ef68193d8e493a499e1e4.jpg\",\"keywords\":[\"3 milh\u00f5es\",\"constru\u00e7\u00e3o\",\"CVM\",\"Investimento\",\"sede\"],\"articleSection\":[\"Not\u00edcias\"],\"inLanguage\":\"pt-PT\"},{\"@type\":\"WebPage\",\"@id\":\"http:\/\/maismagazine.pt\/index.php\/2023\/06\/21\/grupo-cvm-investe-3-milhoes-de-euros-em-nova-sede\/\",\"url\":\"http:\/\/maismagazine.pt\/index.php\/2023\/06\/21\/grupo-cvm-investe-3-milhoes-de-euros-em-nova-sede\/\",\"name\":\"Grupo CVM investe 3 milh\u00f5es de euros em nova sede - Mais Magazine\",\"isPartOf\":{\"@id\":\"https:\/\/maismagazine.pt\/#website\"},\"primaryImageOfPage\":{\"@id\":\"http:\/\/maismagazine.pt\/index.php\/2023\/06\/21\/grupo-cvm-investe-3-milhoes-de-euros-em-nova-sede\/#primaryimage\"},\"image\":{\"@id\":\"http:\/\/maismagazine.pt\/index.php\/2023\/06\/21\/grupo-cvm-investe-3-milhoes-de-euros-em-nova-sede\/#primaryimage\"},\"thumbnailUrl\":\"http:\/\/maismagazine.pt\/wp-content\/uploads\/2023\/06\/8a8895a9bed583747d7906b4b5e2a426d75ce990b89ef68193d8e493a499e1e4.jpg\",\"datePublished\":\"2023-06-21T15:04:45+00:00\",\"description\":\"O grupo CVM inaugurou uma nova sede\u00a0no Empreendimento A32 na Zona Industrial de\u00a0Vila Maior, Santa Maria da Feira, fruto de um investimento de cerca de tr\u00eas milh\u00f5es de euros, com vista a expandir o seu neg\u00f3cio e crescimento org\u00e2nico a acompanhar o crescimento da empresa.\u00a0\",\"breadcrumb\":{\"@id\":\"http:\/\/maismagazine.pt\/index.php\/2023\/06\/21\/grupo-cvm-investe-3-milhoes-de-euros-em-nova-sede\/#breadcrumb\"},\"inLanguage\":\"pt-PT\",\"potentialAction\":[{\"@type\":\"ReadAction\",\"target\":[\"http:\/\/maismagazine.pt\/index.php\/2023\/06\/21\/grupo-cvm-investe-3-milhoes-de-euros-em-nova-sede\/\"]}]},{\"@type\":\"ImageObject\",\"inLanguage\":\"pt-PT\",\"@id\":\"http:\/\/maismagazine.pt\/index.php\/2023\/06\/21\/grupo-cvm-investe-3-milhoes-de-euros-em-nova-sede\/#primaryimage\",\"url\":\"http:\/\/maismagazine.pt\/wp-content\/uploads\/2023\/06\/8a8895a9bed583747d7906b4b5e2a426d75ce990b89ef68193d8e493a499e1e4.jpg\",\"contentUrl\":\"http:\/\/maismagazine.pt\/wp-content\/uploads\/2023\/06\/8a8895a9bed583747d7906b4b5e2a426d75ce990b89ef68193d8e493a499e1e4.jpg\",\"width\":2000,\"height\":1500},{\"@type\":\"BreadcrumbList\",\"@id\":\"http:\/\/maismagazine.pt\/index.php\/2023\/06\/21\/grupo-cvm-investe-3-milhoes-de-euros-em-nova-sede\/#breadcrumb\",\"itemListElement\":[{\"@type\":\"ListItem\",\"position\":1,\"name\":\"Home\",\"item\":\"https:\/\/maismagazine.pt\/\"},{\"@type\":\"ListItem\",\"position\":2,\"name\":\"Grupo CVM investe 3 milh\u00f5es de euros em nova sede\"}]},{\"@type\":\"WebSite\",\"@id\":\"https:\/\/maismagazine.pt\/#website\",\"url\":\"https:\/\/maismagazine.pt\/\",\"name\":\"Mais Magazine\",\"description\":\"\",\"publisher\":{\"@id\":\"https:\/\/maismagazine.pt\/#organization\"},\"potentialAction\":[{\"@type\":\"SearchAction\",\"target\":{\"@type\":\"EntryPoint\",\"urlTemplate\":\"https:\/\/maismagazine.pt\/?s={search_term_string}\"},\"query-input\":{\"@type\":\"PropertyValueSpecification\",\"valueRequired\":true,\"valueName\":\"search_term_string\"}}],\"inLanguage\":\"pt-PT\"},{\"@type\":\"Organization\",\"@id\":\"https:\/\/maismagazine.pt\/#organization\",\"name\":\"Mais Magazine\",\"url\":\"https:\/\/maismagazine.pt\/\",\"logo\":{\"@type\":\"ImageObject\",\"inLanguage\":\"pt-PT\",\"@id\":\"https:\/\/maismagazine.pt\/#\/schema\/logo\/image\/\",\"url\":\"http:\/\/maismagazine.pt\/wp-content\/uploads\/2020\/04\/cropped-cropped-mais-magazine-site-logo-2.png\",\"contentUrl\":\"http:\/\/maismagazine.pt\/wp-content\/uploads\/2020\/04\/cropped-cropped-mais-magazine-site-logo-2.png\",\"width\":581,\"height\":90,\"caption\":\"Mais Magazine\"},\"image\":{\"@id\":\"https:\/\/maismagazine.pt\/#\/schema\/logo\/image\/\"}},{\"@type\":\"Person\",\"@id\":\"https:\/\/maismagazine.pt\/#\/schema\/person\/999bd426f894ff56d397ec12ebd21ebb\",\"name\":\"Jo\u00e3o Malainho\",\"image\":{\"@type\":\"ImageObject\",\"inLanguage\":\"pt-PT\",\"@id\":\"https:\/\/maismagazine.pt\/#\/schema\/person\/image\/\",\"url\":\"https:\/\/secure.gravatar.com\/avatar\/ff03c2f38edf60b2a827aa4f74878491?s=96&d=mm&r=g\",\"contentUrl\":\"https:\/\/secure.gravatar.com\/avatar\/ff03c2f38edf60b2a827aa4f74878491?s=96&d=mm&r=g\",\"caption\":\"Jo\u00e3o Malainho\"},\"url\":\"http:\/\/maismagazine.pt\/index.php\/author\/maismagazine\/\"}]}<\/script>\n<!-- \/ Yoast SEO plugin. -->","yoast_head_json":{"title":"Grupo CVM investe 3 milh\u00f5es de euros em nova sede - Mais Magazine","description":"O grupo CVM inaugurou uma nova sede\u00a0no Empreendimento A32 na Zona Industrial de\u00a0Vila Maior, Santa Maria da Feira, fruto de um investimento de cerca de tr\u00eas milh\u00f5es de euros, com vista a expandir o seu neg\u00f3cio e crescimento org\u00e2nico a acompanhar o crescimento da empresa.\u00a0","robots":{"index":"index","follow":"follow","max-snippet":"max-snippet:-1","max-image-preview":"max-image-preview:large","max-video-preview":"max-video-preview:-1"},"canonical":"http:\/\/maismagazine.pt\/index.php\/2023\/06\/21\/grupo-cvm-investe-3-milhoes-de-euros-em-nova-sede\/","og_locale":"pt_PT","og_type":"article","og_title":"Grupo CVM investe 3 milh\u00f5es de euros em nova sede - Mais Magazine","og_description":"O grupo CVM inaugurou uma nova sede\u00a0no Empreendimento A32 na Zona Industrial de\u00a0Vila Maior, Santa Maria da Feira, fruto de um investimento de cerca de tr\u00eas milh\u00f5es de euros, com vista a expandir o seu neg\u00f3cio e crescimento org\u00e2nico a acompanhar o crescimento da empresa.\u00a0","og_url":"http:\/\/maismagazine.pt\/index.php\/2023\/06\/21\/grupo-cvm-investe-3-milhoes-de-euros-em-nova-sede\/","og_site_name":"Mais Magazine","article_published_time":"2023-06-21T15:04:45+00:00","og_image":[{"width":2000,"height":1500,"url":"http:\/\/maismagazine.pt\/wp-content\/uploads\/2023\/06\/8a8895a9bed583747d7906b4b5e2a426d75ce990b89ef68193d8e493a499e1e4.jpg","type":"image\/jpeg"}],"author":"Jo\u00e3o Malainho","twitter_card":"summary_large_image","twitter_misc":{"Escrito por":false,"Tempo estimado de leitura":"1 minuto"},"schema":{"@context":"https:\/\/schema.org","@graph":[{"@type":"Article","@id":"http:\/\/maismagazine.pt\/index.php\/2023\/06\/21\/grupo-cvm-investe-3-milhoes-de-euros-em-nova-sede\/#article","isPartOf":{"@id":"http:\/\/maismagazine.pt\/index.php\/2023\/06\/21\/grupo-cvm-investe-3-milhoes-de-euros-em-nova-sede\/"},"author":{"name":"Jo\u00e3o Malainho","@id":"https:\/\/maismagazine.pt\/#\/schema\/person\/999bd426f894ff56d397ec12ebd21ebb"},"headline":"Grupo CVM investe 3 milh\u00f5es de euros em nova sede","datePublished":"2023-06-21T15:04:45+00:00","mainEntityOfPage":{"@id":"http:\/\/maismagazine.pt\/index.php\/2023\/06\/21\/grupo-cvm-investe-3-milhoes-de-euros-em-nova-sede\/"},"wordCount":243,"publisher":{"@id":"https:\/\/maismagazine.pt\/#organization"},"image":{"@id":"http:\/\/maismagazine.pt\/index.php\/2023\/06\/21\/grupo-cvm-investe-3-milhoes-de-euros-em-nova-sede\/#primaryimage"},"thumbnailUrl":"http:\/\/maismagazine.pt\/wp-content\/uploads\/2023\/06\/8a8895a9bed583747d7906b4b5e2a426d75ce990b89ef68193d8e493a499e1e4.jpg","keywords":["3 milh\u00f5es","constru\u00e7\u00e3o","CVM","Investimento","sede"],"articleSection":["Not\u00edcias"],"inLanguage":"pt-PT"},{"@type":"WebPage","@id":"http:\/\/maismagazine.pt\/index.php\/2023\/06\/21\/grupo-cvm-investe-3-milhoes-de-euros-em-nova-sede\/","url":"http:\/\/maismagazine.pt\/index.php\/2023\/06\/21\/grupo-cvm-investe-3-milhoes-de-euros-em-nova-sede\/","name":"Grupo CVM investe 3 milh\u00f5es de euros em nova sede - Mais Magazine","isPartOf":{"@id":"https:\/\/maismagazine.pt\/#website"},"primaryImageOfPage":{"@id":"http:\/\/maismagazine.pt\/index.php\/2023\/06\/21\/grupo-cvm-investe-3-milhoes-de-euros-em-nova-sede\/#primaryimage"},"image":{"@id":"http:\/\/maismagazine.pt\/index.php\/2023\/06\/21\/grupo-cvm-investe-3-milhoes-de-euros-em-nova-sede\/#primaryimage"},"thumbnailUrl":"http:\/\/maismagazine.pt\/wp-content\/uploads\/2023\/06\/8a8895a9bed583747d7906b4b5e2a426d75ce990b89ef68193d8e493a499e1e4.jpg","datePublished":"2023-06-21T15:04:45+00:00","description":"O grupo CVM inaugurou uma nova sede\u00a0no Empreendimento A32 na Zona Industrial de\u00a0Vila Maior, Santa Maria da Feira, fruto de um investimento de cerca de tr\u00eas milh\u00f5es de euros, com vista a expandir o seu neg\u00f3cio e crescimento org\u00e2nico a acompanhar o crescimento da empresa.\u00a0","breadcrumb":{"@id":"http:\/\/maismagazine.pt\/index.php\/2023\/06\/21\/grupo-cvm-investe-3-milhoes-de-euros-em-nova-sede\/#breadcrumb"},"inLanguage":"pt-PT","potentialAction":[{"@type":"ReadAction","target":["http:\/\/maismagazine.pt\/index.php\/2023\/06\/21\/grupo-cvm-investe-3-milhoes-de-euros-em-nova-sede\/"]}]},{"@type":"ImageObject","inLanguage":"pt-PT","@id":"http:\/\/maismagazine.pt\/index.php\/2023\/06\/21\/grupo-cvm-investe-3-milhoes-de-euros-em-nova-sede\/#primaryimage","url":"http:\/\/maismagazine.pt\/wp-content\/uploads\/2023\/06\/8a8895a9bed583747d7906b4b5e2a426d75ce990b89ef68193d8e493a499e1e4.jpg","contentUrl":"http:\/\/maismagazine.pt\/wp-content\/uploads\/2023\/06\/8a8895a9bed583747d7906b4b5e2a426d75ce990b89ef68193d8e493a499e1e4.jpg","width":2000,"height":1500},{"@type":"BreadcrumbList","@id":"http:\/\/maismagazine.pt\/index.php\/2023\/06\/21\/grupo-cvm-investe-3-milhoes-de-euros-em-nova-sede\/#breadcrumb","itemListElement":[{"@type":"ListItem","position":1,"name":"Home","item":"https:\/\/maismagazine.pt\/"},{"@type":"ListItem","position":2,"name":"Grupo CVM investe 3 milh\u00f5es de euros em nova sede"}]},{"@type":"WebSite","@id":"https:\/\/maismagazine.pt\/#website","url":"https:\/\/maismagazine.pt\/","name":"Mais Magazine","description":"","publisher":{"@id":"https:\/\/maismagazine.pt\/#organization"},"potentialAction":[{"@type":"SearchAction","target":{"@type":"EntryPoint","urlTemplate":"https:\/\/maismagazine.pt\/?s={search_term_string}"},"query-input":{"@type":"PropertyValueSpecification","valueRequired":true,"valueName":"search_term_string"}}],"inLanguage":"pt-PT"},{"@type":"Organization","@id":"https:\/\/maismagazine.pt\/#organization","name":"Mais Magazine","url":"https:\/\/maismagazine.pt\/","logo":{"@type":"ImageObject","inLanguage":"pt-PT","@id":"https:\/\/maismagazine.pt\/#\/schema\/logo\/image\/","url":"http:\/\/maismagazine.pt\/wp-content\/uploads\/2020\/04\/cropped-cropped-mais-magazine-site-logo-2.png","contentUrl":"http:\/\/maismagazine.pt\/wp-content\/uploads\/2020\/04\/cropped-cropped-mais-magazine-site-logo-2.png","width":581,"height":90,"caption":"Mais Magazine"},"image":{"@id":"https:\/\/maismagazine.pt\/#\/schema\/logo\/image\/"}},{"@type":"Person","@id":"https:\/\/maismagazine.pt\/#\/schema\/person\/999bd426f894ff56d397ec12ebd21ebb","name":"Jo\u00e3o Malainho","image":{"@type":"ImageObject","inLanguage":"pt-PT","@id":"https:\/\/maismagazine.pt\/#\/schema\/person\/image\/","url":"https:\/\/secure.gravatar.com\/avatar\/ff03c2f38edf60b2a827aa4f74878491?s=96&d=mm&r=g","contentUrl":"https:\/\/secure.gravatar.com\/avatar\/ff03c2f38edf60b2a827aa4f74878491?s=96&d=mm&r=g","caption":"Jo\u00e3o Malainho"},"url":"http:\/\/maismagazine.pt\/index.php\/author\/maismagazine\/"}]}},"author_meta":{"display_name":false,"author_link":"http:\/\/maismagazine.pt\/index.php\/author\/maismagazine\/"},"featured_img":"http:\/\/maismagazine.pt\/wp-content\/uploads\/2023\/06\/8a8895a9bed583747d7906b4b5e2a426d75ce990b89ef68193d8e493a499e1e4-300x225.jpg","coauthors":[],"tax_additional":{"categories":{"linked":["<a href=\"http:\/\/maismagazine.pt\/index.php\/category\/noticias\/\" class=\"advgb-post-tax-term\">Not\u00edcias<\/a>"],"unlinked":["<span class=\"advgb-post-tax-term\">Not\u00edcias<\/span>"]},"tags":{"linked":["<a href=\"http:\/\/maismagazine.pt\/index.php\/category\/noticias\/\" class=\"advgb-post-tax-term\">3 milh\u00f5es<\/a>","<a href=\"http:\/\/maismagazine.pt\/index.php\/category\/noticias\/\" class=\"advgb-post-tax-term\">constru\u00e7\u00e3o<\/a>","<a href=\"http:\/\/maismagazine.pt\/index.php\/category\/noticias\/\" class=\"advgb-post-tax-term\">CVM<\/a>","<a href=\"http:\/\/maismagazine.pt\/index.php\/category\/noticias\/\" class=\"advgb-post-tax-term\">Investimento<\/a>","<a href=\"http:\/\/maismagazine.pt\/index.php\/category\/noticias\/\" class=\"advgb-post-tax-term\">sede<\/a>"],"unlinked":["<span class=\"advgb-post-tax-term\">3 milh\u00f5es<\/span>","<span class=\"advgb-post-tax-term\">constru\u00e7\u00e3o<\/span>","<span class=\"advgb-post-tax-term\">CVM<\/span>","<span class=\"advgb-post-tax-term\">Investimento<\/span>","<span class=\"advgb-post-tax-term\">sede<\/span>"]}},"comment_count":"0","relative_dates":{"created":"Posted 3 anos ago","modified":"Updated 3 anos ago"},"absolute_dates":{"created":"Posted on 21 de Junho, 2023","modified":"Updated on 21 de Junho, 2023"},"absolute_dates_time":{"created":"Posted on 21 de Junho, 2023 16:04","modified":"Updated on 21 de Junho, 2023 16:04"},"featured_img_caption":"","series_order":"","_links":{"self":[{"href":"http:\/\/maismagazine.pt\/index.php\/wp-json\/wp\/v2\/posts\/7233","targetHints":{"allow":["GET"]}}],"collection":[{"href":"http:\/\/maismagazine.pt\/index.php\/wp-json\/wp\/v2\/posts"}],"about":[{"href":"http:\/\/maismagazine.pt\/index.php\/wp-json\/wp\/v2\/types\/post"}],"author":[{"embeddable":true,"href":"http:\/\/maismagazine.pt\/index.php\/wp-json\/wp\/v2\/users\/7"}],"replies":[{"embeddable":true,"href":"http:\/\/maismagazine.pt\/index.php\/wp-json\/wp\/v2\/comments?post=7233"}],"version-history":[{"count":1,"href":"http:\/\/maismagazine.pt\/index.php\/wp-json\/wp\/v2\/posts\/7233\/revisions"}],"predecessor-version":[{"id":7235,"href":"http:\/\/maismagazine.pt\/index.php\/wp-json\/wp\/v2\/posts\/7233\/revisions\/7235"}],"wp:featuredmedia":[{"embeddable":true,"href":"http:\/\/maismagazine.pt\/index.php\/wp-json\/wp\/v2\/media\/7234"}],"wp:attachment":[{"href":"http:\/\/maismagazine.pt\/index.php\/wp-json\/wp\/v2\/media?parent=7233"}],"wp:term":[{"taxonomy":"category","embeddable":true,"href":"http:\/\/maismagazine.pt\/index.php\/wp-json\/wp\/v2\/categories?post=7233"},{"taxonomy":"post_tag","embeddable":true,"href":"http:\/\/maismagazine.pt\/index.php\/wp-json\/wp\/v2\/tags?post=7233"}],"curies":[{"name":"wp","href":"https:\/\/api.w.org\/{rel}","templated":true}]}}