{"id":7225,"date":"2023-06-20T16:28:07","date_gmt":"2023-06-20T15:28:07","guid":{"rendered":"http:\/\/maismagazine.pt\/?p=7225"},"modified":"2023-06-20T16:28:07","modified_gmt":"2023-06-20T15:28:07","slug":"mes-industry-4-0-international-summit-traz-lideres-mundiais-da-industria-4-0-a-portugal","status":"publish","type":"post","link":"http:\/\/maismagazine.pt\/index.php\/2023\/06\/20\/mes-industry-4-0-international-summit-traz-lideres-mundiais-da-industria-4-0-a-portugal\/","title":{"rendered":"\u201cMES &amp; Industry 4.0 International Summit\u201d traz l\u00edderes mundiais da ind\u00fastria 4.0 a Portugal"},"content":{"rendered":"\n<p>O Centro de Congressos da Alf\u00e2ndega do Porto vai acolher, nos dias 7 e 8 de setembro de 2023, o \u201cMES &amp; Industry 4.0 International Summit\u201d, um evento internacional dedicado ao tema da transforma\u00e7\u00e3o digital nas ind\u00fastrias de produ\u00e7\u00e3o.<\/p>\n\n\n\n<p>Ao longo de dois dias, o MESI 4.0 Summit vai reunir os principais l\u00edderes mundiais da ind\u00fastria 4.0 e especialistas em implementa\u00e7\u00e3o de M\u00caS para ajudar todos os visitantes do evento a avan\u00e7ar com a sua vis\u00e3o\/projeto de transforma\u00e7\u00e3o digital.<\/p>\n\n\n\n<p>Com uma programa\u00e7\u00e3o que inclui confer\u00eancias, mesas redondas, demonstra\u00e7\u00f5es, sess\u00f5es interativas e estudos de caso, projetados para ajudar os profissionais da ind\u00fastria a navegar pelo caminho da transforma\u00e7\u00e3o digital, o evento espera receber aproximadamente cerca de 500 pessoas de todo o mundo.<\/p>\n","protected":false},"excerpt":{"rendered":"<p>O Centro de Congressos da Alf\u00e2ndega do Porto vai acolher, nos dias 7 e 8 de setembro de 2023, o \u201cMES &amp; Industry 4.0 International Summit\u201d, um evento internacional dedicado ao tema da transforma\u00e7\u00e3o digital nas ind\u00fastrias de produ\u00e7\u00e3o. Ao longo de dois dias, o MESI 4.0 Summit vai reunir&hellip;<\/p>\n","protected":false},"author":7,"featured_media":7227,"comment_status":"closed","ping_status":"open","sticky":false,"template":"","format":"standard","meta":{"advgb_blocks_editor_width":"","advgb_blocks_columns_visual_guide":"","_monsterinsights_skip_tracking":false,"_monsterinsights_sitenote_active":false,"_monsterinsights_sitenote_note":"","_monsterinsights_sitenote_category":0,"footnotes":""},"categories":[1,7],"tags":[198,1591,1590],"class_list":["post-7225","post","type-post","status-publish","format-standard","has-post-thumbnail","hentry","category-atualidade","category-noticias","tag-industria-4-0","tag-mesi-4-0-summit","tag-transformacao-digital"],"yoast_head":"<!-- This site is optimized with the Yoast SEO plugin v24.4 - https:\/\/yoast.com\/wordpress\/plugins\/seo\/ -->\n<title>\u201cMES &amp; Industry 4.0 International Summit\u201d traz l\u00edderes mundiais da ind\u00fastria 4.0 a Portugal - Mais Magazine<\/title>\n<meta name=\"description\" content=\"O Centro de Congressos da Alf\u00e2ndega do Porto vai acolher, nos dias 7 e 8 de setembro de 2023, o \u201cMES &amp; Industry 4.0 International Summit\u201d, um evento internacional dedicado ao tema da transforma\u00e7\u00e3o digital nas ind\u00fastrias de produ\u00e7\u00e3o.\" \/>\n<meta name=\"robots\" content=\"index, follow, max-snippet:-1, max-image-preview:large, max-video-preview:-1\" \/>\n<link rel=\"canonical\" href=\"http:\/\/maismagazine.pt\/index.php\/2023\/06\/20\/mes-industry-4-0-international-summit-traz-lideres-mundiais-da-industria-4-0-a-portugal\/\" \/>\n<meta property=\"og:locale\" content=\"pt_PT\" \/>\n<meta property=\"og:type\" content=\"article\" \/>\n<meta property=\"og:title\" content=\"\u201cMES &amp; Industry 4.0 International Summit\u201d traz l\u00edderes mundiais da ind\u00fastria 4.0 a Portugal - Mais Magazine\" \/>\n<meta property=\"og:description\" content=\"O Centro de Congressos da Alf\u00e2ndega do Porto vai acolher, nos dias 7 e 8 de setembro de 2023, o \u201cMES &amp; Industry 4.0 International Summit\u201d, um evento internacional dedicado ao tema da transforma\u00e7\u00e3o digital nas ind\u00fastrias de produ\u00e7\u00e3o.\" \/>\n<meta property=\"og:url\" content=\"http:\/\/maismagazine.pt\/index.php\/2023\/06\/20\/mes-industry-4-0-international-summit-traz-lideres-mundiais-da-industria-4-0-a-portugal\/\" \/>\n<meta property=\"og:site_name\" content=\"Mais Magazine\" \/>\n<meta property=\"article:published_time\" content=\"2023-06-20T15:28:07+00:00\" \/>\n<meta property=\"og:image\" content=\"http:\/\/maismagazine.pt\/wp-content\/uploads\/2023\/06\/conceito-de-rpa-com-tela-de-toque-de-mao-embacada.jpg\" \/>\n\t<meta property=\"og:image:width\" content=\"1975\" \/>\n\t<meta property=\"og:image:height\" content=\"1318\" \/>\n\t<meta property=\"og:image:type\" content=\"image\/jpeg\" \/>\n<meta name=\"author\" content=\"Jo\u00e3o Malainho\" \/>\n<meta name=\"twitter:card\" content=\"summary_large_image\" \/>\n<meta name=\"twitter:label1\" content=\"Escrito por\" \/>\n\t<meta name=\"twitter:data1\" content=\"\" \/>\n\t<meta name=\"twitter:label2\" content=\"Tempo estimado de leitura\" \/>\n\t<meta name=\"twitter:data2\" content=\"1 minuto\" \/>\n<script type=\"application\/ld+json\" class=\"yoast-schema-graph\">{\"@context\":\"https:\/\/schema.org\",\"@graph\":[{\"@type\":\"Article\",\"@id\":\"http:\/\/maismagazine.pt\/index.php\/2023\/06\/20\/mes-industry-4-0-international-summit-traz-lideres-mundiais-da-industria-4-0-a-portugal\/#article\",\"isPartOf\":{\"@id\":\"http:\/\/maismagazine.pt\/index.php\/2023\/06\/20\/mes-industry-4-0-international-summit-traz-lideres-mundiais-da-industria-4-0-a-portugal\/\"},\"author\":{\"name\":\"Jo\u00e3o Malainho\",\"@id\":\"https:\/\/maismagazine.pt\/#\/schema\/person\/999bd426f894ff56d397ec12ebd21ebb\"},\"headline\":\"\u201cMES &amp; Industry 4.0 International Summit\u201d traz l\u00edderes mundiais da ind\u00fastria 4.0 a Portugal\",\"datePublished\":\"2023-06-20T15:28:07+00:00\",\"mainEntityOfPage\":{\"@id\":\"http:\/\/maismagazine.pt\/index.php\/2023\/06\/20\/mes-industry-4-0-international-summit-traz-lideres-mundiais-da-industria-4-0-a-portugal\/\"},\"wordCount\":146,\"publisher\":{\"@id\":\"https:\/\/maismagazine.pt\/#organization\"},\"image\":{\"@id\":\"http:\/\/maismagazine.pt\/index.php\/2023\/06\/20\/mes-industry-4-0-international-summit-traz-lideres-mundiais-da-industria-4-0-a-portugal\/#primaryimage\"},\"thumbnailUrl\":\"http:\/\/maismagazine.pt\/wp-content\/uploads\/2023\/06\/conceito-de-rpa-com-tela-de-toque-de-mao-embacada.jpg\",\"keywords\":[\"Ind\u00fastria 4.0\",\"MESI 4.0 Summit\",\"transforma\u00e7\u00e3o digital\"],\"articleSection\":[\"Atualidade\",\"Not\u00edcias\"],\"inLanguage\":\"pt-PT\"},{\"@type\":\"WebPage\",\"@id\":\"http:\/\/maismagazine.pt\/index.php\/2023\/06\/20\/mes-industry-4-0-international-summit-traz-lideres-mundiais-da-industria-4-0-a-portugal\/\",\"url\":\"http:\/\/maismagazine.pt\/index.php\/2023\/06\/20\/mes-industry-4-0-international-summit-traz-lideres-mundiais-da-industria-4-0-a-portugal\/\",\"name\":\"\u201cMES &amp; Industry 4.0 International Summit\u201d traz l\u00edderes mundiais da ind\u00fastria 4.0 a Portugal - Mais Magazine\",\"isPartOf\":{\"@id\":\"https:\/\/maismagazine.pt\/#website\"},\"primaryImageOfPage\":{\"@id\":\"http:\/\/maismagazine.pt\/index.php\/2023\/06\/20\/mes-industry-4-0-international-summit-traz-lideres-mundiais-da-industria-4-0-a-portugal\/#primaryimage\"},\"image\":{\"@id\":\"http:\/\/maismagazine.pt\/index.php\/2023\/06\/20\/mes-industry-4-0-international-summit-traz-lideres-mundiais-da-industria-4-0-a-portugal\/#primaryimage\"},\"thumbnailUrl\":\"http:\/\/maismagazine.pt\/wp-content\/uploads\/2023\/06\/conceito-de-rpa-com-tela-de-toque-de-mao-embacada.jpg\",\"datePublished\":\"2023-06-20T15:28:07+00:00\",\"description\":\"O Centro de Congressos da Alf\u00e2ndega do Porto vai acolher, nos dias 7 e 8 de setembro de 2023, o \u201cMES & Industry 4.0 International Summit\u201d, um evento internacional dedicado ao tema da transforma\u00e7\u00e3o digital nas ind\u00fastrias de produ\u00e7\u00e3o.\",\"breadcrumb\":{\"@id\":\"http:\/\/maismagazine.pt\/index.php\/2023\/06\/20\/mes-industry-4-0-international-summit-traz-lideres-mundiais-da-industria-4-0-a-portugal\/#breadcrumb\"},\"inLanguage\":\"pt-PT\",\"potentialAction\":[{\"@type\":\"ReadAction\",\"target\":[\"http:\/\/maismagazine.pt\/index.php\/2023\/06\/20\/mes-industry-4-0-international-summit-traz-lideres-mundiais-da-industria-4-0-a-portugal\/\"]}]},{\"@type\":\"ImageObject\",\"inLanguage\":\"pt-PT\",\"@id\":\"http:\/\/maismagazine.pt\/index.php\/2023\/06\/20\/mes-industry-4-0-international-summit-traz-lideres-mundiais-da-industria-4-0-a-portugal\/#primaryimage\",\"url\":\"http:\/\/maismagazine.pt\/wp-content\/uploads\/2023\/06\/conceito-de-rpa-com-tela-de-toque-de-mao-embacada.jpg\",\"contentUrl\":\"http:\/\/maismagazine.pt\/wp-content\/uploads\/2023\/06\/conceito-de-rpa-com-tela-de-toque-de-mao-embacada.jpg\",\"width\":1975,\"height\":1318},{\"@type\":\"BreadcrumbList\",\"@id\":\"http:\/\/maismagazine.pt\/index.php\/2023\/06\/20\/mes-industry-4-0-international-summit-traz-lideres-mundiais-da-industria-4-0-a-portugal\/#breadcrumb\",\"itemListElement\":[{\"@type\":\"ListItem\",\"position\":1,\"name\":\"Home\",\"item\":\"https:\/\/maismagazine.pt\/\"},{\"@type\":\"ListItem\",\"position\":2,\"name\":\"\u201cMES &amp; Industry 4.0 International Summit\u201d traz l\u00edderes mundiais da ind\u00fastria 4.0 a Portugal\"}]},{\"@type\":\"WebSite\",\"@id\":\"https:\/\/maismagazine.pt\/#website\",\"url\":\"https:\/\/maismagazine.pt\/\",\"name\":\"Mais Magazine\",\"description\":\"\",\"publisher\":{\"@id\":\"https:\/\/maismagazine.pt\/#organization\"},\"potentialAction\":[{\"@type\":\"SearchAction\",\"target\":{\"@type\":\"EntryPoint\",\"urlTemplate\":\"https:\/\/maismagazine.pt\/?s={search_term_string}\"},\"query-input\":{\"@type\":\"PropertyValueSpecification\",\"valueRequired\":true,\"valueName\":\"search_term_string\"}}],\"inLanguage\":\"pt-PT\"},{\"@type\":\"Organization\",\"@id\":\"https:\/\/maismagazine.pt\/#organization\",\"name\":\"Mais Magazine\",\"url\":\"https:\/\/maismagazine.pt\/\",\"logo\":{\"@type\":\"ImageObject\",\"inLanguage\":\"pt-PT\",\"@id\":\"https:\/\/maismagazine.pt\/#\/schema\/logo\/image\/\",\"url\":\"http:\/\/maismagazine.pt\/wp-content\/uploads\/2020\/04\/cropped-cropped-mais-magazine-site-logo-2.png\",\"contentUrl\":\"http:\/\/maismagazine.pt\/wp-content\/uploads\/2020\/04\/cropped-cropped-mais-magazine-site-logo-2.png\",\"width\":581,\"height\":90,\"caption\":\"Mais Magazine\"},\"image\":{\"@id\":\"https:\/\/maismagazine.pt\/#\/schema\/logo\/image\/\"}},{\"@type\":\"Person\",\"@id\":\"https:\/\/maismagazine.pt\/#\/schema\/person\/999bd426f894ff56d397ec12ebd21ebb\",\"name\":\"Jo\u00e3o Malainho\",\"image\":{\"@type\":\"ImageObject\",\"inLanguage\":\"pt-PT\",\"@id\":\"https:\/\/maismagazine.pt\/#\/schema\/person\/image\/\",\"url\":\"https:\/\/secure.gravatar.com\/avatar\/ff03c2f38edf60b2a827aa4f74878491?s=96&d=mm&r=g\",\"contentUrl\":\"https:\/\/secure.gravatar.com\/avatar\/ff03c2f38edf60b2a827aa4f74878491?s=96&d=mm&r=g\",\"caption\":\"Jo\u00e3o Malainho\"},\"url\":\"http:\/\/maismagazine.pt\/index.php\/author\/maismagazine\/\"}]}<\/script>\n<!-- \/ Yoast SEO plugin. -->","yoast_head_json":{"title":"\u201cMES &amp; Industry 4.0 International Summit\u201d traz l\u00edderes mundiais da ind\u00fastria 4.0 a Portugal - Mais Magazine","description":"O Centro de Congressos da Alf\u00e2ndega do Porto vai acolher, nos dias 7 e 8 de setembro de 2023, o \u201cMES & Industry 4.0 International Summit\u201d, um evento internacional dedicado ao tema da transforma\u00e7\u00e3o digital nas ind\u00fastrias de produ\u00e7\u00e3o.","robots":{"index":"index","follow":"follow","max-snippet":"max-snippet:-1","max-image-preview":"max-image-preview:large","max-video-preview":"max-video-preview:-1"},"canonical":"http:\/\/maismagazine.pt\/index.php\/2023\/06\/20\/mes-industry-4-0-international-summit-traz-lideres-mundiais-da-industria-4-0-a-portugal\/","og_locale":"pt_PT","og_type":"article","og_title":"\u201cMES &amp; Industry 4.0 International Summit\u201d traz l\u00edderes mundiais da ind\u00fastria 4.0 a Portugal - Mais Magazine","og_description":"O Centro de Congressos da Alf\u00e2ndega do Porto vai acolher, nos dias 7 e 8 de setembro de 2023, o \u201cMES & Industry 4.0 International Summit\u201d, um evento internacional dedicado ao tema da transforma\u00e7\u00e3o digital nas ind\u00fastrias de produ\u00e7\u00e3o.","og_url":"http:\/\/maismagazine.pt\/index.php\/2023\/06\/20\/mes-industry-4-0-international-summit-traz-lideres-mundiais-da-industria-4-0-a-portugal\/","og_site_name":"Mais Magazine","article_published_time":"2023-06-20T15:28:07+00:00","og_image":[{"width":1975,"height":1318,"url":"http:\/\/maismagazine.pt\/wp-content\/uploads\/2023\/06\/conceito-de-rpa-com-tela-de-toque-de-mao-embacada.jpg","type":"image\/jpeg"}],"author":"Jo\u00e3o Malainho","twitter_card":"summary_large_image","twitter_misc":{"Escrito por":false,"Tempo estimado de leitura":"1 minuto"},"schema":{"@context":"https:\/\/schema.org","@graph":[{"@type":"Article","@id":"http:\/\/maismagazine.pt\/index.php\/2023\/06\/20\/mes-industry-4-0-international-summit-traz-lideres-mundiais-da-industria-4-0-a-portugal\/#article","isPartOf":{"@id":"http:\/\/maismagazine.pt\/index.php\/2023\/06\/20\/mes-industry-4-0-international-summit-traz-lideres-mundiais-da-industria-4-0-a-portugal\/"},"author":{"name":"Jo\u00e3o Malainho","@id":"https:\/\/maismagazine.pt\/#\/schema\/person\/999bd426f894ff56d397ec12ebd21ebb"},"headline":"\u201cMES &amp; Industry 4.0 International Summit\u201d traz l\u00edderes mundiais da ind\u00fastria 4.0 a Portugal","datePublished":"2023-06-20T15:28:07+00:00","mainEntityOfPage":{"@id":"http:\/\/maismagazine.pt\/index.php\/2023\/06\/20\/mes-industry-4-0-international-summit-traz-lideres-mundiais-da-industria-4-0-a-portugal\/"},"wordCount":146,"publisher":{"@id":"https:\/\/maismagazine.pt\/#organization"},"image":{"@id":"http:\/\/maismagazine.pt\/index.php\/2023\/06\/20\/mes-industry-4-0-international-summit-traz-lideres-mundiais-da-industria-4-0-a-portugal\/#primaryimage"},"thumbnailUrl":"http:\/\/maismagazine.pt\/wp-content\/uploads\/2023\/06\/conceito-de-rpa-com-tela-de-toque-de-mao-embacada.jpg","keywords":["Ind\u00fastria 4.0","MESI 4.0 Summit","transforma\u00e7\u00e3o digital"],"articleSection":["Atualidade","Not\u00edcias"],"inLanguage":"pt-PT"},{"@type":"WebPage","@id":"http:\/\/maismagazine.pt\/index.php\/2023\/06\/20\/mes-industry-4-0-international-summit-traz-lideres-mundiais-da-industria-4-0-a-portugal\/","url":"http:\/\/maismagazine.pt\/index.php\/2023\/06\/20\/mes-industry-4-0-international-summit-traz-lideres-mundiais-da-industria-4-0-a-portugal\/","name":"\u201cMES &amp; Industry 4.0 International Summit\u201d traz l\u00edderes mundiais da ind\u00fastria 4.0 a Portugal - Mais Magazine","isPartOf":{"@id":"https:\/\/maismagazine.pt\/#website"},"primaryImageOfPage":{"@id":"http:\/\/maismagazine.pt\/index.php\/2023\/06\/20\/mes-industry-4-0-international-summit-traz-lideres-mundiais-da-industria-4-0-a-portugal\/#primaryimage"},"image":{"@id":"http:\/\/maismagazine.pt\/index.php\/2023\/06\/20\/mes-industry-4-0-international-summit-traz-lideres-mundiais-da-industria-4-0-a-portugal\/#primaryimage"},"thumbnailUrl":"http:\/\/maismagazine.pt\/wp-content\/uploads\/2023\/06\/conceito-de-rpa-com-tela-de-toque-de-mao-embacada.jpg","datePublished":"2023-06-20T15:28:07+00:00","description":"O Centro de Congressos da Alf\u00e2ndega do Porto vai acolher, nos dias 7 e 8 de setembro de 2023, o \u201cMES & Industry 4.0 International Summit\u201d, um evento internacional dedicado ao tema da transforma\u00e7\u00e3o digital nas ind\u00fastrias de produ\u00e7\u00e3o.","breadcrumb":{"@id":"http:\/\/maismagazine.pt\/index.php\/2023\/06\/20\/mes-industry-4-0-international-summit-traz-lideres-mundiais-da-industria-4-0-a-portugal\/#breadcrumb"},"inLanguage":"pt-PT","potentialAction":[{"@type":"ReadAction","target":["http:\/\/maismagazine.pt\/index.php\/2023\/06\/20\/mes-industry-4-0-international-summit-traz-lideres-mundiais-da-industria-4-0-a-portugal\/"]}]},{"@type":"ImageObject","inLanguage":"pt-PT","@id":"http:\/\/maismagazine.pt\/index.php\/2023\/06\/20\/mes-industry-4-0-international-summit-traz-lideres-mundiais-da-industria-4-0-a-portugal\/#primaryimage","url":"http:\/\/maismagazine.pt\/wp-content\/uploads\/2023\/06\/conceito-de-rpa-com-tela-de-toque-de-mao-embacada.jpg","contentUrl":"http:\/\/maismagazine.pt\/wp-content\/uploads\/2023\/06\/conceito-de-rpa-com-tela-de-toque-de-mao-embacada.jpg","width":1975,"height":1318},{"@type":"BreadcrumbList","@id":"http:\/\/maismagazine.pt\/index.php\/2023\/06\/20\/mes-industry-4-0-international-summit-traz-lideres-mundiais-da-industria-4-0-a-portugal\/#breadcrumb","itemListElement":[{"@type":"ListItem","position":1,"name":"Home","item":"https:\/\/maismagazine.pt\/"},{"@type":"ListItem","position":2,"name":"\u201cMES &amp; Industry 4.0 International Summit\u201d traz l\u00edderes mundiais da ind\u00fastria 4.0 a Portugal"}]},{"@type":"WebSite","@id":"https:\/\/maismagazine.pt\/#website","url":"https:\/\/maismagazine.pt\/","name":"Mais Magazine","description":"","publisher":{"@id":"https:\/\/maismagazine.pt\/#organization"},"potentialAction":[{"@type":"SearchAction","target":{"@type":"EntryPoint","urlTemplate":"https:\/\/maismagazine.pt\/?s={search_term_string}"},"query-input":{"@type":"PropertyValueSpecification","valueRequired":true,"valueName":"search_term_string"}}],"inLanguage":"pt-PT"},{"@type":"Organization","@id":"https:\/\/maismagazine.pt\/#organization","name":"Mais Magazine","url":"https:\/\/maismagazine.pt\/","logo":{"@type":"ImageObject","inLanguage":"pt-PT","@id":"https:\/\/maismagazine.pt\/#\/schema\/logo\/image\/","url":"http:\/\/maismagazine.pt\/wp-content\/uploads\/2020\/04\/cropped-cropped-mais-magazine-site-logo-2.png","contentUrl":"http:\/\/maismagazine.pt\/wp-content\/uploads\/2020\/04\/cropped-cropped-mais-magazine-site-logo-2.png","width":581,"height":90,"caption":"Mais Magazine"},"image":{"@id":"https:\/\/maismagazine.pt\/#\/schema\/logo\/image\/"}},{"@type":"Person","@id":"https:\/\/maismagazine.pt\/#\/schema\/person\/999bd426f894ff56d397ec12ebd21ebb","name":"Jo\u00e3o Malainho","image":{"@type":"ImageObject","inLanguage":"pt-PT","@id":"https:\/\/maismagazine.pt\/#\/schema\/person\/image\/","url":"https:\/\/secure.gravatar.com\/avatar\/ff03c2f38edf60b2a827aa4f74878491?s=96&d=mm&r=g","contentUrl":"https:\/\/secure.gravatar.com\/avatar\/ff03c2f38edf60b2a827aa4f74878491?s=96&d=mm&r=g","caption":"Jo\u00e3o Malainho"},"url":"http:\/\/maismagazine.pt\/index.php\/author\/maismagazine\/"}]}},"author_meta":{"display_name":false,"author_link":"http:\/\/maismagazine.pt\/index.php\/author\/maismagazine\/"},"featured_img":"http:\/\/maismagazine.pt\/wp-content\/uploads\/2023\/06\/conceito-de-rpa-com-tela-de-toque-de-mao-embacada-300x200.jpg","coauthors":[],"tax_additional":{"categories":{"linked":["<a href=\"http:\/\/maismagazine.pt\/index.php\/category\/atualidade\/\" class=\"advgb-post-tax-term\">Atualidade<\/a>","<a href=\"http:\/\/maismagazine.pt\/index.php\/category\/noticias\/\" class=\"advgb-post-tax-term\">Not\u00edcias<\/a>"],"unlinked":["<span class=\"advgb-post-tax-term\">Atualidade<\/span>","<span class=\"advgb-post-tax-term\">Not\u00edcias<\/span>"]},"tags":{"linked":["<a href=\"http:\/\/maismagazine.pt\/index.php\/category\/noticias\/\" class=\"advgb-post-tax-term\">Ind\u00fastria 4.0<\/a>","<a href=\"http:\/\/maismagazine.pt\/index.php\/category\/noticias\/\" class=\"advgb-post-tax-term\">MESI 4.0 Summit<\/a>","<a href=\"http:\/\/maismagazine.pt\/index.php\/category\/noticias\/\" class=\"advgb-post-tax-term\">transforma\u00e7\u00e3o digital<\/a>"],"unlinked":["<span class=\"advgb-post-tax-term\">Ind\u00fastria 4.0<\/span>","<span class=\"advgb-post-tax-term\">MESI 4.0 Summit<\/span>","<span class=\"advgb-post-tax-term\">transforma\u00e7\u00e3o digital<\/span>"]}},"comment_count":"0","relative_dates":{"created":"Posted 3 anos ago","modified":"Updated 3 anos ago"},"absolute_dates":{"created":"Posted on 20 de Junho, 2023","modified":"Updated on 20 de Junho, 2023"},"absolute_dates_time":{"created":"Posted on 20 de Junho, 2023 16:28","modified":"Updated on 20 de Junho, 2023 16:28"},"featured_img_caption":"","series_order":"","_links":{"self":[{"href":"http:\/\/maismagazine.pt\/index.php\/wp-json\/wp\/v2\/posts\/7225","targetHints":{"allow":["GET"]}}],"collection":[{"href":"http:\/\/maismagazine.pt\/index.php\/wp-json\/wp\/v2\/posts"}],"about":[{"href":"http:\/\/maismagazine.pt\/index.php\/wp-json\/wp\/v2\/types\/post"}],"author":[{"embeddable":true,"href":"http:\/\/maismagazine.pt\/index.php\/wp-json\/wp\/v2\/users\/7"}],"replies":[{"embeddable":true,"href":"http:\/\/maismagazine.pt\/index.php\/wp-json\/wp\/v2\/comments?post=7225"}],"version-history":[{"count":1,"href":"http:\/\/maismagazine.pt\/index.php\/wp-json\/wp\/v2\/posts\/7225\/revisions"}],"predecessor-version":[{"id":7226,"href":"http:\/\/maismagazine.pt\/index.php\/wp-json\/wp\/v2\/posts\/7225\/revisions\/7226"}],"wp:featuredmedia":[{"embeddable":true,"href":"http:\/\/maismagazine.pt\/index.php\/wp-json\/wp\/v2\/media\/7227"}],"wp:attachment":[{"href":"http:\/\/maismagazine.pt\/index.php\/wp-json\/wp\/v2\/media?parent=7225"}],"wp:term":[{"taxonomy":"category","embeddable":true,"href":"http:\/\/maismagazine.pt\/index.php\/wp-json\/wp\/v2\/categories?post=7225"},{"taxonomy":"post_tag","embeddable":true,"href":"http:\/\/maismagazine.pt\/index.php\/wp-json\/wp\/v2\/tags?post=7225"}],"curies":[{"name":"wp","href":"https:\/\/api.w.org\/{rel}","templated":true}]}}