{"id":7150,"date":"2023-06-23T07:00:00","date_gmt":"2023-06-23T06:00:00","guid":{"rendered":"https:\/\/maismagazine.pt\/?p=7150"},"modified":"2023-06-14T17:40:41","modified_gmt":"2023-06-14T16:40:41","slug":"faculdade-de-economia-da-universidade-de-coimbra","status":"publish","type":"post","link":"http:\/\/maismagazine.pt\/index.php\/2023\/06\/23\/faculdade-de-economia-da-universidade-de-coimbra\/","title":{"rendered":"Faculdade de Economia da Universidade de Coimbra"},"content":{"rendered":"\n<p>A\u00a0<a href=\"https:\/\/www.uc.pt\/\">Faculdade de Economia\u00a0(FEUC)<\/a>, criada em 1972, \u00e9 uma das oito faculdades que integram a\u00a0Universidade de Coimbra cuja funda\u00e7\u00e3o data de 1290. A licenciatura em\u00a0Economia\u00a0entrou em funcionamento no ano letivo de 1973\/74, tendo-se-lhe seguido as restantes tr\u00eas do elenco atualmente oferecido pela FEUC:\u00a0Sociologia, Gest\u00e3o e Rela\u00e7\u00f5es Internacionais. Grande parte da oferta formativa da FEUC concentra-se atualmente em cursos de forma\u00e7\u00e3o p\u00f3sgraduada.<br>As instala\u00e7\u00f5es da FEUC localizam-se na zona dos Olivais e comportam amplos edif\u00edcios para atividades escolares, zonas abertas de conv\u00edvio e uma consider\u00e1vel \u00e1rea ajardinada.<\/p>\n\n\n<div class=\"wp-block-image\">\n<figure class=\"aligncenter size-full is-resized\"><img loading=\"lazy\" decoding=\"async\" src=\"https:\/\/maismagazine.pt\/wp-content\/uploads\/2023\/06\/image-15.png\" alt=\"\" class=\"wp-image-7154\" width=\"210\" height=\"148\"\/><\/figure><\/div>","protected":false},"excerpt":{"rendered":"<p>A\u00a0Faculdade de Economia\u00a0(FEUC), criada em 1972, \u00e9 uma das oito faculdades que integram a\u00a0Universidade de Coimbra cuja funda\u00e7\u00e3o data de 1290. A licenciatura em\u00a0Economia\u00a0entrou em funcionamento no ano letivo de 1973\/74, tendo-se-lhe seguido as restantes tr\u00eas do elenco atualmente oferecido pela FEUC:\u00a0Sociologia, Gest\u00e3o e Rela\u00e7\u00f5es Internacionais. Grande parte da oferta&hellip;<\/p>\n","protected":false},"author":17,"featured_media":7157,"comment_status":"closed","ping_status":"open","sticky":false,"template":"","format":"standard","meta":{"advgb_blocks_editor_width":"","advgb_blocks_columns_visual_guide":"","_monsterinsights_skip_tracking":false,"_monsterinsights_sitenote_active":false,"_monsterinsights_sitenote_note":"","_monsterinsights_sitenote_category":0,"footnotes":""},"categories":[1460],"tags":[525,521,1550],"class_list":["post-7150","post","type-post","status-publish","format-standard","has-post-thumbnail","hentry","category-publicidade","tag-educacao","tag-ensino","tag-universidades-publicas"],"yoast_head":"<!-- This site is optimized with the Yoast SEO plugin v24.4 - https:\/\/yoast.com\/wordpress\/plugins\/seo\/ -->\n<title>Faculdade de Economia da Universidade de Coimbra - Mais Magazine<\/title>\n<meta name=\"description\" content=\"A\u00a0Faculdade de Economia\u00a0(FEUC), criada em 1972, \u00e9 uma das oito faculdades que integram a\u00a0Universidade de Coimbra cuja funda\u00e7\u00e3o data de 1290. A licenciatura em\u00a0Economia\u00a0entrou em funcionamento no ano letivo de 1973\/74, tendo-se-lhe seguido as restantes tr\u00eas do elenco atualmente oferecido pela FEUC:\u00a0Sociologia, Gest\u00e3o e Rela\u00e7\u00f5es Internacionais. Grande parte da oferta formativa da FEUC concentra-se atualmente em cursos de forma\u00e7\u00e3o p\u00f3sgraduada.\" \/>\n<meta name=\"robots\" content=\"index, follow, max-snippet:-1, max-image-preview:large, max-video-preview:-1\" \/>\n<link rel=\"canonical\" href=\"http:\/\/maismagazine.pt\/index.php\/2023\/06\/23\/faculdade-de-economia-da-universidade-de-coimbra\/\" \/>\n<meta property=\"og:locale\" content=\"pt_PT\" \/>\n<meta property=\"og:type\" content=\"article\" \/>\n<meta property=\"og:title\" content=\"Faculdade de Economia da Universidade de Coimbra - Mais Magazine\" \/>\n<meta property=\"og:description\" content=\"A\u00a0Faculdade de Economia\u00a0(FEUC), criada em 1972, \u00e9 uma das oito faculdades que integram a\u00a0Universidade de Coimbra cuja funda\u00e7\u00e3o data de 1290. A licenciatura em\u00a0Economia\u00a0entrou em funcionamento no ano letivo de 1973\/74, tendo-se-lhe seguido as restantes tr\u00eas do elenco atualmente oferecido pela FEUC:\u00a0Sociologia, Gest\u00e3o e Rela\u00e7\u00f5es Internacionais. Grande parte da oferta formativa da FEUC concentra-se atualmente em cursos de forma\u00e7\u00e3o p\u00f3sgraduada.\" \/>\n<meta property=\"og:url\" content=\"http:\/\/maismagazine.pt\/index.php\/2023\/06\/23\/faculdade-de-economia-da-universidade-de-coimbra\/\" \/>\n<meta property=\"og:site_name\" content=\"Mais Magazine\" \/>\n<meta property=\"article:published_time\" content=\"2023-06-23T06:00:00+00:00\" \/>\n<meta property=\"og:image\" content=\"http:\/\/maismagazine.pt\/wp-content\/uploads\/2023\/06\/350662334_193365543224778_8766343247820650208_n.jpg\" \/>\n\t<meta property=\"og:image:width\" content=\"2048\" \/>\n\t<meta property=\"og:image:height\" content=\"1365\" \/>\n\t<meta property=\"og:image:type\" content=\"image\/jpeg\" \/>\n<meta name=\"author\" content=\"Tiago Costa\" \/>\n<meta name=\"twitter:card\" content=\"summary_large_image\" \/>\n<meta name=\"twitter:label1\" content=\"Escrito por\" \/>\n\t<meta name=\"twitter:data1\" content=\"\" \/>\n<script type=\"application\/ld+json\" class=\"yoast-schema-graph\">{\"@context\":\"https:\/\/schema.org\",\"@graph\":[{\"@type\":\"Article\",\"@id\":\"http:\/\/maismagazine.pt\/index.php\/2023\/06\/23\/faculdade-de-economia-da-universidade-de-coimbra\/#article\",\"isPartOf\":{\"@id\":\"http:\/\/maismagazine.pt\/index.php\/2023\/06\/23\/faculdade-de-economia-da-universidade-de-coimbra\/\"},\"author\":{\"name\":\"Tiago Costa\",\"@id\":\"https:\/\/maismagazine.pt\/#\/schema\/person\/c6c5bfccc886434cbd11c74e035f9646\"},\"headline\":\"Faculdade de Economia da Universidade de Coimbra\",\"datePublished\":\"2023-06-23T06:00:00+00:00\",\"mainEntityOfPage\":{\"@id\":\"http:\/\/maismagazine.pt\/index.php\/2023\/06\/23\/faculdade-de-economia-da-universidade-de-coimbra\/\"},\"wordCount\":104,\"publisher\":{\"@id\":\"https:\/\/maismagazine.pt\/#organization\"},\"image\":{\"@id\":\"http:\/\/maismagazine.pt\/index.php\/2023\/06\/23\/faculdade-de-economia-da-universidade-de-coimbra\/#primaryimage\"},\"thumbnailUrl\":\"http:\/\/maismagazine.pt\/wp-content\/uploads\/2023\/06\/350662334_193365543224778_8766343247820650208_n.jpg\",\"keywords\":[\"Educa\u00e7\u00e3o\",\"Ensino\",\"Universidades P\u00fablicas\"],\"articleSection\":[\"publicidade\"],\"inLanguage\":\"pt-PT\"},{\"@type\":\"WebPage\",\"@id\":\"http:\/\/maismagazine.pt\/index.php\/2023\/06\/23\/faculdade-de-economia-da-universidade-de-coimbra\/\",\"url\":\"http:\/\/maismagazine.pt\/index.php\/2023\/06\/23\/faculdade-de-economia-da-universidade-de-coimbra\/\",\"name\":\"Faculdade de Economia da Universidade de Coimbra - Mais Magazine\",\"isPartOf\":{\"@id\":\"https:\/\/maismagazine.pt\/#website\"},\"primaryImageOfPage\":{\"@id\":\"http:\/\/maismagazine.pt\/index.php\/2023\/06\/23\/faculdade-de-economia-da-universidade-de-coimbra\/#primaryimage\"},\"image\":{\"@id\":\"http:\/\/maismagazine.pt\/index.php\/2023\/06\/23\/faculdade-de-economia-da-universidade-de-coimbra\/#primaryimage\"},\"thumbnailUrl\":\"http:\/\/maismagazine.pt\/wp-content\/uploads\/2023\/06\/350662334_193365543224778_8766343247820650208_n.jpg\",\"datePublished\":\"2023-06-23T06:00:00+00:00\",\"description\":\"A\u00a0Faculdade de Economia\u00a0(FEUC), criada em 1972, \u00e9 uma das oito faculdades que integram a\u00a0Universidade de Coimbra cuja funda\u00e7\u00e3o data de 1290. A licenciatura em\u00a0Economia\u00a0entrou em funcionamento no ano letivo de 1973\/74, tendo-se-lhe seguido as restantes tr\u00eas do elenco atualmente oferecido pela FEUC:\u00a0Sociologia, Gest\u00e3o e Rela\u00e7\u00f5es Internacionais. Grande parte da oferta formativa da FEUC concentra-se atualmente em cursos de forma\u00e7\u00e3o p\u00f3sgraduada.\",\"breadcrumb\":{\"@id\":\"http:\/\/maismagazine.pt\/index.php\/2023\/06\/23\/faculdade-de-economia-da-universidade-de-coimbra\/#breadcrumb\"},\"inLanguage\":\"pt-PT\",\"potentialAction\":[{\"@type\":\"ReadAction\",\"target\":[\"http:\/\/maismagazine.pt\/index.php\/2023\/06\/23\/faculdade-de-economia-da-universidade-de-coimbra\/\"]}]},{\"@type\":\"ImageObject\",\"inLanguage\":\"pt-PT\",\"@id\":\"http:\/\/maismagazine.pt\/index.php\/2023\/06\/23\/faculdade-de-economia-da-universidade-de-coimbra\/#primaryimage\",\"url\":\"http:\/\/maismagazine.pt\/wp-content\/uploads\/2023\/06\/350662334_193365543224778_8766343247820650208_n.jpg\",\"contentUrl\":\"http:\/\/maismagazine.pt\/wp-content\/uploads\/2023\/06\/350662334_193365543224778_8766343247820650208_n.jpg\",\"width\":2048,\"height\":1365},{\"@type\":\"BreadcrumbList\",\"@id\":\"http:\/\/maismagazine.pt\/index.php\/2023\/06\/23\/faculdade-de-economia-da-universidade-de-coimbra\/#breadcrumb\",\"itemListElement\":[{\"@type\":\"ListItem\",\"position\":1,\"name\":\"Home\",\"item\":\"https:\/\/maismagazine.pt\/\"},{\"@type\":\"ListItem\",\"position\":2,\"name\":\"Faculdade de Economia da Universidade de Coimbra\"}]},{\"@type\":\"WebSite\",\"@id\":\"https:\/\/maismagazine.pt\/#website\",\"url\":\"https:\/\/maismagazine.pt\/\",\"name\":\"Mais Magazine\",\"description\":\"\",\"publisher\":{\"@id\":\"https:\/\/maismagazine.pt\/#organization\"},\"potentialAction\":[{\"@type\":\"SearchAction\",\"target\":{\"@type\":\"EntryPoint\",\"urlTemplate\":\"https:\/\/maismagazine.pt\/?s={search_term_string}\"},\"query-input\":{\"@type\":\"PropertyValueSpecification\",\"valueRequired\":true,\"valueName\":\"search_term_string\"}}],\"inLanguage\":\"pt-PT\"},{\"@type\":\"Organization\",\"@id\":\"https:\/\/maismagazine.pt\/#organization\",\"name\":\"Mais Magazine\",\"url\":\"https:\/\/maismagazine.pt\/\",\"logo\":{\"@type\":\"ImageObject\",\"inLanguage\":\"pt-PT\",\"@id\":\"https:\/\/maismagazine.pt\/#\/schema\/logo\/image\/\",\"url\":\"http:\/\/maismagazine.pt\/wp-content\/uploads\/2020\/04\/cropped-cropped-mais-magazine-site-logo-2.png\",\"contentUrl\":\"http:\/\/maismagazine.pt\/wp-content\/uploads\/2020\/04\/cropped-cropped-mais-magazine-site-logo-2.png\",\"width\":581,\"height\":90,\"caption\":\"Mais Magazine\"},\"image\":{\"@id\":\"https:\/\/maismagazine.pt\/#\/schema\/logo\/image\/\"}},{\"@type\":\"Person\",\"@id\":\"https:\/\/maismagazine.pt\/#\/schema\/person\/c6c5bfccc886434cbd11c74e035f9646\",\"name\":\"Tiago Costa\",\"image\":{\"@type\":\"ImageObject\",\"inLanguage\":\"pt-PT\",\"@id\":\"https:\/\/maismagazine.pt\/#\/schema\/person\/image\/\",\"url\":\"https:\/\/secure.gravatar.com\/avatar\/c599b2bce16c9870429198cbad5ee022?s=96&d=mm&r=g\",\"contentUrl\":\"https:\/\/secure.gravatar.com\/avatar\/c599b2bce16c9870429198cbad5ee022?s=96&d=mm&r=g\",\"caption\":\"Tiago Costa\"},\"url\":\"http:\/\/maismagazine.pt\/index.php\/author\/tiago\/\"}]}<\/script>\n<!-- \/ Yoast SEO plugin. -->","yoast_head_json":{"title":"Faculdade de Economia da Universidade de Coimbra - Mais Magazine","description":"A\u00a0Faculdade de Economia\u00a0(FEUC), criada em 1972, \u00e9 uma das oito faculdades que integram a\u00a0Universidade de Coimbra cuja funda\u00e7\u00e3o data de 1290. A licenciatura em\u00a0Economia\u00a0entrou em funcionamento no ano letivo de 1973\/74, tendo-se-lhe seguido as restantes tr\u00eas do elenco atualmente oferecido pela FEUC:\u00a0Sociologia, Gest\u00e3o e Rela\u00e7\u00f5es Internacionais. Grande parte da oferta formativa da FEUC concentra-se atualmente em cursos de forma\u00e7\u00e3o p\u00f3sgraduada.","robots":{"index":"index","follow":"follow","max-snippet":"max-snippet:-1","max-image-preview":"max-image-preview:large","max-video-preview":"max-video-preview:-1"},"canonical":"http:\/\/maismagazine.pt\/index.php\/2023\/06\/23\/faculdade-de-economia-da-universidade-de-coimbra\/","og_locale":"pt_PT","og_type":"article","og_title":"Faculdade de Economia da Universidade de Coimbra - Mais Magazine","og_description":"A\u00a0Faculdade de Economia\u00a0(FEUC), criada em 1972, \u00e9 uma das oito faculdades que integram a\u00a0Universidade de Coimbra cuja funda\u00e7\u00e3o data de 1290. A licenciatura em\u00a0Economia\u00a0entrou em funcionamento no ano letivo de 1973\/74, tendo-se-lhe seguido as restantes tr\u00eas do elenco atualmente oferecido pela FEUC:\u00a0Sociologia, Gest\u00e3o e Rela\u00e7\u00f5es Internacionais. Grande parte da oferta formativa da FEUC concentra-se atualmente em cursos de forma\u00e7\u00e3o p\u00f3sgraduada.","og_url":"http:\/\/maismagazine.pt\/index.php\/2023\/06\/23\/faculdade-de-economia-da-universidade-de-coimbra\/","og_site_name":"Mais Magazine","article_published_time":"2023-06-23T06:00:00+00:00","og_image":[{"width":2048,"height":1365,"url":"http:\/\/maismagazine.pt\/wp-content\/uploads\/2023\/06\/350662334_193365543224778_8766343247820650208_n.jpg","type":"image\/jpeg"}],"author":"Tiago Costa","twitter_card":"summary_large_image","twitter_misc":{"Escrito por":false},"schema":{"@context":"https:\/\/schema.org","@graph":[{"@type":"Article","@id":"http:\/\/maismagazine.pt\/index.php\/2023\/06\/23\/faculdade-de-economia-da-universidade-de-coimbra\/#article","isPartOf":{"@id":"http:\/\/maismagazine.pt\/index.php\/2023\/06\/23\/faculdade-de-economia-da-universidade-de-coimbra\/"},"author":{"name":"Tiago Costa","@id":"https:\/\/maismagazine.pt\/#\/schema\/person\/c6c5bfccc886434cbd11c74e035f9646"},"headline":"Faculdade de Economia da Universidade de Coimbra","datePublished":"2023-06-23T06:00:00+00:00","mainEntityOfPage":{"@id":"http:\/\/maismagazine.pt\/index.php\/2023\/06\/23\/faculdade-de-economia-da-universidade-de-coimbra\/"},"wordCount":104,"publisher":{"@id":"https:\/\/maismagazine.pt\/#organization"},"image":{"@id":"http:\/\/maismagazine.pt\/index.php\/2023\/06\/23\/faculdade-de-economia-da-universidade-de-coimbra\/#primaryimage"},"thumbnailUrl":"http:\/\/maismagazine.pt\/wp-content\/uploads\/2023\/06\/350662334_193365543224778_8766343247820650208_n.jpg","keywords":["Educa\u00e7\u00e3o","Ensino","Universidades P\u00fablicas"],"articleSection":["publicidade"],"inLanguage":"pt-PT"},{"@type":"WebPage","@id":"http:\/\/maismagazine.pt\/index.php\/2023\/06\/23\/faculdade-de-economia-da-universidade-de-coimbra\/","url":"http:\/\/maismagazine.pt\/index.php\/2023\/06\/23\/faculdade-de-economia-da-universidade-de-coimbra\/","name":"Faculdade de Economia da Universidade de Coimbra - Mais Magazine","isPartOf":{"@id":"https:\/\/maismagazine.pt\/#website"},"primaryImageOfPage":{"@id":"http:\/\/maismagazine.pt\/index.php\/2023\/06\/23\/faculdade-de-economia-da-universidade-de-coimbra\/#primaryimage"},"image":{"@id":"http:\/\/maismagazine.pt\/index.php\/2023\/06\/23\/faculdade-de-economia-da-universidade-de-coimbra\/#primaryimage"},"thumbnailUrl":"http:\/\/maismagazine.pt\/wp-content\/uploads\/2023\/06\/350662334_193365543224778_8766343247820650208_n.jpg","datePublished":"2023-06-23T06:00:00+00:00","description":"A\u00a0Faculdade de Economia\u00a0(FEUC), criada em 1972, \u00e9 uma das oito faculdades que integram a\u00a0Universidade de Coimbra cuja funda\u00e7\u00e3o data de 1290. A licenciatura em\u00a0Economia\u00a0entrou em funcionamento no ano letivo de 1973\/74, tendo-se-lhe seguido as restantes tr\u00eas do elenco atualmente oferecido pela FEUC:\u00a0Sociologia, Gest\u00e3o e Rela\u00e7\u00f5es Internacionais. Grande parte da oferta formativa da FEUC concentra-se atualmente em cursos de forma\u00e7\u00e3o p\u00f3sgraduada.","breadcrumb":{"@id":"http:\/\/maismagazine.pt\/index.php\/2023\/06\/23\/faculdade-de-economia-da-universidade-de-coimbra\/#breadcrumb"},"inLanguage":"pt-PT","potentialAction":[{"@type":"ReadAction","target":["http:\/\/maismagazine.pt\/index.php\/2023\/06\/23\/faculdade-de-economia-da-universidade-de-coimbra\/"]}]},{"@type":"ImageObject","inLanguage":"pt-PT","@id":"http:\/\/maismagazine.pt\/index.php\/2023\/06\/23\/faculdade-de-economia-da-universidade-de-coimbra\/#primaryimage","url":"http:\/\/maismagazine.pt\/wp-content\/uploads\/2023\/06\/350662334_193365543224778_8766343247820650208_n.jpg","contentUrl":"http:\/\/maismagazine.pt\/wp-content\/uploads\/2023\/06\/350662334_193365543224778_8766343247820650208_n.jpg","width":2048,"height":1365},{"@type":"BreadcrumbList","@id":"http:\/\/maismagazine.pt\/index.php\/2023\/06\/23\/faculdade-de-economia-da-universidade-de-coimbra\/#breadcrumb","itemListElement":[{"@type":"ListItem","position":1,"name":"Home","item":"https:\/\/maismagazine.pt\/"},{"@type":"ListItem","position":2,"name":"Faculdade de Economia da Universidade de Coimbra"}]},{"@type":"WebSite","@id":"https:\/\/maismagazine.pt\/#website","url":"https:\/\/maismagazine.pt\/","name":"Mais Magazine","description":"","publisher":{"@id":"https:\/\/maismagazine.pt\/#organization"},"potentialAction":[{"@type":"SearchAction","target":{"@type":"EntryPoint","urlTemplate":"https:\/\/maismagazine.pt\/?s={search_term_string}"},"query-input":{"@type":"PropertyValueSpecification","valueRequired":true,"valueName":"search_term_string"}}],"inLanguage":"pt-PT"},{"@type":"Organization","@id":"https:\/\/maismagazine.pt\/#organization","name":"Mais Magazine","url":"https:\/\/maismagazine.pt\/","logo":{"@type":"ImageObject","inLanguage":"pt-PT","@id":"https:\/\/maismagazine.pt\/#\/schema\/logo\/image\/","url":"http:\/\/maismagazine.pt\/wp-content\/uploads\/2020\/04\/cropped-cropped-mais-magazine-site-logo-2.png","contentUrl":"http:\/\/maismagazine.pt\/wp-content\/uploads\/2020\/04\/cropped-cropped-mais-magazine-site-logo-2.png","width":581,"height":90,"caption":"Mais Magazine"},"image":{"@id":"https:\/\/maismagazine.pt\/#\/schema\/logo\/image\/"}},{"@type":"Person","@id":"https:\/\/maismagazine.pt\/#\/schema\/person\/c6c5bfccc886434cbd11c74e035f9646","name":"Tiago Costa","image":{"@type":"ImageObject","inLanguage":"pt-PT","@id":"https:\/\/maismagazine.pt\/#\/schema\/person\/image\/","url":"https:\/\/secure.gravatar.com\/avatar\/c599b2bce16c9870429198cbad5ee022?s=96&d=mm&r=g","contentUrl":"https:\/\/secure.gravatar.com\/avatar\/c599b2bce16c9870429198cbad5ee022?s=96&d=mm&r=g","caption":"Tiago Costa"},"url":"http:\/\/maismagazine.pt\/index.php\/author\/tiago\/"}]}},"author_meta":{"display_name":false,"author_link":"http:\/\/maismagazine.pt\/index.php\/author\/tiago\/"},"featured_img":"http:\/\/maismagazine.pt\/wp-content\/uploads\/2023\/06\/350662334_193365543224778_8766343247820650208_n-300x200.jpg","coauthors":[],"tax_additional":{"categories":{"linked":["<a href=\"http:\/\/maismagazine.pt\/index.php\/category\/publicidade\/\" class=\"advgb-post-tax-term\">publicidade<\/a>"],"unlinked":["<span class=\"advgb-post-tax-term\">publicidade<\/span>"]},"tags":{"linked":["<a href=\"http:\/\/maismagazine.pt\/index.php\/category\/publicidade\/\" class=\"advgb-post-tax-term\">Educa\u00e7\u00e3o<\/a>","<a href=\"http:\/\/maismagazine.pt\/index.php\/category\/publicidade\/\" class=\"advgb-post-tax-term\">Ensino<\/a>","<a href=\"http:\/\/maismagazine.pt\/index.php\/category\/publicidade\/\" class=\"advgb-post-tax-term\">Universidades P\u00fablicas<\/a>"],"unlinked":["<span class=\"advgb-post-tax-term\">Educa\u00e7\u00e3o<\/span>","<span class=\"advgb-post-tax-term\">Ensino<\/span>","<span class=\"advgb-post-tax-term\">Universidades P\u00fablicas<\/span>"]}},"comment_count":"0","relative_dates":{"created":"Posted 3 anos ago","modified":"Updated 3 anos ago"},"absolute_dates":{"created":"Posted on 23 de Junho, 2023","modified":"Updated on 14 de Junho, 2023"},"absolute_dates_time":{"created":"Posted on 23 de Junho, 2023 7:00","modified":"Updated on 14 de Junho, 2023 17:40"},"featured_img_caption":"","series_order":"","_links":{"self":[{"href":"http:\/\/maismagazine.pt\/index.php\/wp-json\/wp\/v2\/posts\/7150","targetHints":{"allow":["GET"]}}],"collection":[{"href":"http:\/\/maismagazine.pt\/index.php\/wp-json\/wp\/v2\/posts"}],"about":[{"href":"http:\/\/maismagazine.pt\/index.php\/wp-json\/wp\/v2\/types\/post"}],"author":[{"embeddable":true,"href":"http:\/\/maismagazine.pt\/index.php\/wp-json\/wp\/v2\/users\/17"}],"replies":[{"embeddable":true,"href":"http:\/\/maismagazine.pt\/index.php\/wp-json\/wp\/v2\/comments?post=7150"}],"version-history":[{"count":1,"href":"http:\/\/maismagazine.pt\/index.php\/wp-json\/wp\/v2\/posts\/7150\/revisions"}],"predecessor-version":[{"id":7158,"href":"http:\/\/maismagazine.pt\/index.php\/wp-json\/wp\/v2\/posts\/7150\/revisions\/7158"}],"wp:featuredmedia":[{"embeddable":true,"href":"http:\/\/maismagazine.pt\/index.php\/wp-json\/wp\/v2\/media\/7157"}],"wp:attachment":[{"href":"http:\/\/maismagazine.pt\/index.php\/wp-json\/wp\/v2\/media?parent=7150"}],"wp:term":[{"taxonomy":"category","embeddable":true,"href":"http:\/\/maismagazine.pt\/index.php\/wp-json\/wp\/v2\/categories?post=7150"},{"taxonomy":"post_tag","embeddable":true,"href":"http:\/\/maismagazine.pt\/index.php\/wp-json\/wp\/v2\/tags?post=7150"}],"curies":[{"name":"wp","href":"https:\/\/api.w.org\/{rel}","templated":true}]}}