{"id":7118,"date":"2023-06-23T07:00:00","date_gmt":"2023-06-23T06:00:00","guid":{"rendered":"https:\/\/maismagazine.pt\/?p=7118"},"modified":"2023-06-14T17:19:20","modified_gmt":"2023-06-14T16:19:20","slug":"municipio-de-santa-cruz-mergulhe-na-qualidade-do-nosso-mar","status":"publish","type":"post","link":"http:\/\/maismagazine.pt\/index.php\/2023\/06\/23\/municipio-de-santa-cruz-mergulhe-na-qualidade-do-nosso-mar\/","title":{"rendered":"Munic\u00edpio de Santa Cruz &#8211; Mergulhe na qualidade do nosso mar"},"content":{"rendered":"\n<p>Situadas geograficamente pr\u00f3ximas de duas reservas naturais do Garajau e das Desertas, as praias dos Reis Magos e das Palmeiras, no concelho de Santa Cruz, ilha da Madeira, s\u00e3o lugares privilegiados de \u00e1guas cristalinas, emoldurados por cen\u00e1rios \u00fanicos que recortam ilhas no horizonte, e que s\u00e3o amparados pelas encostas verdejantes de uma natureza e paisagem humana \u00edmpares.<\/p>\n","protected":false},"excerpt":{"rendered":"<p>Situadas geograficamente pr\u00f3ximas de duas reservas naturais do Garajau e das Desertas, as praias dos Reis Magos e das Palmeiras, no concelho de Santa Cruz, ilha da Madeira, s\u00e3o lugares privilegiados de \u00e1guas cristalinas, emoldurados por cen\u00e1rios \u00fanicos que recortam ilhas no horizonte, e que s\u00e3o amparados pelas encostas verdejantes&hellip;<\/p>\n","protected":false},"author":17,"featured_media":7122,"comment_status":"closed","ping_status":"open","sticky":false,"template":"","format":"standard","meta":{"advgb_blocks_editor_width":"","advgb_blocks_columns_visual_guide":"","_monsterinsights_skip_tracking":false,"_monsterinsights_sitenote_active":false,"_monsterinsights_sitenote_note":"","_monsterinsights_sitenote_category":0,"footnotes":""},"categories":[1460],"tags":[734,520,1556],"class_list":["post-7118","post","type-post","status-publish","format-standard","has-post-thumbnail","hentry","category-publicidade","tag-bandeira-azul","tag-praia","tag-santa-cruz"],"yoast_head":"<!-- This site is optimized with the Yoast SEO plugin v24.4 - https:\/\/yoast.com\/wordpress\/plugins\/seo\/ -->\n<title>Munic\u00edpio de Santa Cruz - Mergulhe na qualidade do nosso mar - Mais Magazine<\/title>\n<meta name=\"description\" content=\"Situadas geograficamente pr\u00f3ximas de duas reservas naturais do Garajau e das Desertas, as praias dos Reis Magos e das Palmeiras, no concelho de Santa Cruz, ilha da Madeira, s\u00e3o lugares privilegiados de \u00e1guas cristalinas, emoldurados por cen\u00e1rios \u00fanicos que recortam ilhas no horizonte, e que s\u00e3o amparados pelas encostas verdejantes de uma natureza e paisagem humana \u00edmpares.\" \/>\n<meta name=\"robots\" content=\"index, follow, max-snippet:-1, max-image-preview:large, max-video-preview:-1\" \/>\n<link rel=\"canonical\" href=\"http:\/\/maismagazine.pt\/index.php\/2023\/06\/23\/municipio-de-santa-cruz-mergulhe-na-qualidade-do-nosso-mar\/\" \/>\n<meta property=\"og:locale\" content=\"pt_PT\" \/>\n<meta property=\"og:type\" content=\"article\" \/>\n<meta property=\"og:title\" content=\"Munic\u00edpio de Santa Cruz - Mergulhe na qualidade do nosso mar - Mais Magazine\" \/>\n<meta property=\"og:description\" content=\"Situadas geograficamente pr\u00f3ximas de duas reservas naturais do Garajau e das Desertas, as praias dos Reis Magos e das Palmeiras, no concelho de Santa Cruz, ilha da Madeira, s\u00e3o lugares privilegiados de \u00e1guas cristalinas, emoldurados por cen\u00e1rios \u00fanicos que recortam ilhas no horizonte, e que s\u00e3o amparados pelas encostas verdejantes de uma natureza e paisagem humana \u00edmpares.\" \/>\n<meta property=\"og:url\" content=\"http:\/\/maismagazine.pt\/index.php\/2023\/06\/23\/municipio-de-santa-cruz-mergulhe-na-qualidade-do-nosso-mar\/\" \/>\n<meta property=\"og:site_name\" content=\"Mais Magazine\" \/>\n<meta property=\"article:published_time\" content=\"2023-06-23T06:00:00+00:00\" \/>\n<meta property=\"og:image\" content=\"http:\/\/maismagazine.pt\/wp-content\/uploads\/2023\/06\/Captura-de-ecra-2023-06-14-171857.jpg\" \/>\n\t<meta property=\"og:image:width\" content=\"565\" \/>\n\t<meta property=\"og:image:height\" content=\"412\" \/>\n\t<meta property=\"og:image:type\" content=\"image\/jpeg\" \/>\n<meta name=\"author\" content=\"Tiago Costa\" \/>\n<meta name=\"twitter:card\" content=\"summary_large_image\" \/>\n<meta name=\"twitter:label1\" content=\"Escrito por\" \/>\n\t<meta name=\"twitter:data1\" content=\"\" \/>\n<script type=\"application\/ld+json\" class=\"yoast-schema-graph\">{\"@context\":\"https:\/\/schema.org\",\"@graph\":[{\"@type\":\"Article\",\"@id\":\"http:\/\/maismagazine.pt\/index.php\/2023\/06\/23\/municipio-de-santa-cruz-mergulhe-na-qualidade-do-nosso-mar\/#article\",\"isPartOf\":{\"@id\":\"http:\/\/maismagazine.pt\/index.php\/2023\/06\/23\/municipio-de-santa-cruz-mergulhe-na-qualidade-do-nosso-mar\/\"},\"author\":{\"name\":\"Tiago Costa\",\"@id\":\"https:\/\/maismagazine.pt\/#\/schema\/person\/c6c5bfccc886434cbd11c74e035f9646\"},\"headline\":\"Munic\u00edpio de Santa Cruz &#8211; Mergulhe na qualidade do nosso mar\",\"datePublished\":\"2023-06-23T06:00:00+00:00\",\"mainEntityOfPage\":{\"@id\":\"http:\/\/maismagazine.pt\/index.php\/2023\/06\/23\/municipio-de-santa-cruz-mergulhe-na-qualidade-do-nosso-mar\/\"},\"wordCount\":73,\"publisher\":{\"@id\":\"https:\/\/maismagazine.pt\/#organization\"},\"image\":{\"@id\":\"http:\/\/maismagazine.pt\/index.php\/2023\/06\/23\/municipio-de-santa-cruz-mergulhe-na-qualidade-do-nosso-mar\/#primaryimage\"},\"thumbnailUrl\":\"http:\/\/maismagazine.pt\/wp-content\/uploads\/2023\/06\/Captura-de-ecra-2023-06-14-171857.jpg\",\"keywords\":[\"Bandeira azul\",\"praia\",\"Santa Cruz\"],\"articleSection\":[\"publicidade\"],\"inLanguage\":\"pt-PT\"},{\"@type\":\"WebPage\",\"@id\":\"http:\/\/maismagazine.pt\/index.php\/2023\/06\/23\/municipio-de-santa-cruz-mergulhe-na-qualidade-do-nosso-mar\/\",\"url\":\"http:\/\/maismagazine.pt\/index.php\/2023\/06\/23\/municipio-de-santa-cruz-mergulhe-na-qualidade-do-nosso-mar\/\",\"name\":\"Munic\u00edpio de Santa Cruz - Mergulhe na qualidade do nosso mar - Mais Magazine\",\"isPartOf\":{\"@id\":\"https:\/\/maismagazine.pt\/#website\"},\"primaryImageOfPage\":{\"@id\":\"http:\/\/maismagazine.pt\/index.php\/2023\/06\/23\/municipio-de-santa-cruz-mergulhe-na-qualidade-do-nosso-mar\/#primaryimage\"},\"image\":{\"@id\":\"http:\/\/maismagazine.pt\/index.php\/2023\/06\/23\/municipio-de-santa-cruz-mergulhe-na-qualidade-do-nosso-mar\/#primaryimage\"},\"thumbnailUrl\":\"http:\/\/maismagazine.pt\/wp-content\/uploads\/2023\/06\/Captura-de-ecra-2023-06-14-171857.jpg\",\"datePublished\":\"2023-06-23T06:00:00+00:00\",\"description\":\"Situadas geograficamente pr\u00f3ximas de duas reservas naturais do Garajau e das Desertas, as praias dos Reis Magos e das Palmeiras, no concelho de Santa Cruz, ilha da Madeira, s\u00e3o lugares privilegiados de \u00e1guas cristalinas, emoldurados por cen\u00e1rios \u00fanicos que recortam ilhas no horizonte, e que s\u00e3o amparados pelas encostas verdejantes de uma natureza e paisagem humana \u00edmpares.\",\"breadcrumb\":{\"@id\":\"http:\/\/maismagazine.pt\/index.php\/2023\/06\/23\/municipio-de-santa-cruz-mergulhe-na-qualidade-do-nosso-mar\/#breadcrumb\"},\"inLanguage\":\"pt-PT\",\"potentialAction\":[{\"@type\":\"ReadAction\",\"target\":[\"http:\/\/maismagazine.pt\/index.php\/2023\/06\/23\/municipio-de-santa-cruz-mergulhe-na-qualidade-do-nosso-mar\/\"]}]},{\"@type\":\"ImageObject\",\"inLanguage\":\"pt-PT\",\"@id\":\"http:\/\/maismagazine.pt\/index.php\/2023\/06\/23\/municipio-de-santa-cruz-mergulhe-na-qualidade-do-nosso-mar\/#primaryimage\",\"url\":\"http:\/\/maismagazine.pt\/wp-content\/uploads\/2023\/06\/Captura-de-ecra-2023-06-14-171857.jpg\",\"contentUrl\":\"http:\/\/maismagazine.pt\/wp-content\/uploads\/2023\/06\/Captura-de-ecra-2023-06-14-171857.jpg\",\"width\":565,\"height\":412},{\"@type\":\"BreadcrumbList\",\"@id\":\"http:\/\/maismagazine.pt\/index.php\/2023\/06\/23\/municipio-de-santa-cruz-mergulhe-na-qualidade-do-nosso-mar\/#breadcrumb\",\"itemListElement\":[{\"@type\":\"ListItem\",\"position\":1,\"name\":\"Home\",\"item\":\"https:\/\/maismagazine.pt\/\"},{\"@type\":\"ListItem\",\"position\":2,\"name\":\"Munic\u00edpio de Santa Cruz &#8211; Mergulhe na qualidade do nosso mar\"}]},{\"@type\":\"WebSite\",\"@id\":\"https:\/\/maismagazine.pt\/#website\",\"url\":\"https:\/\/maismagazine.pt\/\",\"name\":\"Mais Magazine\",\"description\":\"\",\"publisher\":{\"@id\":\"https:\/\/maismagazine.pt\/#organization\"},\"potentialAction\":[{\"@type\":\"SearchAction\",\"target\":{\"@type\":\"EntryPoint\",\"urlTemplate\":\"https:\/\/maismagazine.pt\/?s={search_term_string}\"},\"query-input\":{\"@type\":\"PropertyValueSpecification\",\"valueRequired\":true,\"valueName\":\"search_term_string\"}}],\"inLanguage\":\"pt-PT\"},{\"@type\":\"Organization\",\"@id\":\"https:\/\/maismagazine.pt\/#organization\",\"name\":\"Mais Magazine\",\"url\":\"https:\/\/maismagazine.pt\/\",\"logo\":{\"@type\":\"ImageObject\",\"inLanguage\":\"pt-PT\",\"@id\":\"https:\/\/maismagazine.pt\/#\/schema\/logo\/image\/\",\"url\":\"http:\/\/maismagazine.pt\/wp-content\/uploads\/2020\/04\/cropped-cropped-mais-magazine-site-logo-2.png\",\"contentUrl\":\"http:\/\/maismagazine.pt\/wp-content\/uploads\/2020\/04\/cropped-cropped-mais-magazine-site-logo-2.png\",\"width\":581,\"height\":90,\"caption\":\"Mais Magazine\"},\"image\":{\"@id\":\"https:\/\/maismagazine.pt\/#\/schema\/logo\/image\/\"}},{\"@type\":\"Person\",\"@id\":\"https:\/\/maismagazine.pt\/#\/schema\/person\/c6c5bfccc886434cbd11c74e035f9646\",\"name\":\"Tiago Costa\",\"image\":{\"@type\":\"ImageObject\",\"inLanguage\":\"pt-PT\",\"@id\":\"https:\/\/maismagazine.pt\/#\/schema\/person\/image\/\",\"url\":\"https:\/\/secure.gravatar.com\/avatar\/c599b2bce16c9870429198cbad5ee022?s=96&d=mm&r=g\",\"contentUrl\":\"https:\/\/secure.gravatar.com\/avatar\/c599b2bce16c9870429198cbad5ee022?s=96&d=mm&r=g\",\"caption\":\"Tiago Costa\"},\"url\":\"http:\/\/maismagazine.pt\/index.php\/author\/tiago\/\"}]}<\/script>\n<!-- \/ Yoast SEO plugin. -->","yoast_head_json":{"title":"Munic\u00edpio de Santa Cruz - Mergulhe na qualidade do nosso mar - Mais Magazine","description":"Situadas geograficamente pr\u00f3ximas de duas reservas naturais do Garajau e das Desertas, as praias dos Reis Magos e das Palmeiras, no concelho de Santa Cruz, ilha da Madeira, s\u00e3o lugares privilegiados de \u00e1guas cristalinas, emoldurados por cen\u00e1rios \u00fanicos que recortam ilhas no horizonte, e que s\u00e3o amparados pelas encostas verdejantes de uma natureza e paisagem humana \u00edmpares.","robots":{"index":"index","follow":"follow","max-snippet":"max-snippet:-1","max-image-preview":"max-image-preview:large","max-video-preview":"max-video-preview:-1"},"canonical":"http:\/\/maismagazine.pt\/index.php\/2023\/06\/23\/municipio-de-santa-cruz-mergulhe-na-qualidade-do-nosso-mar\/","og_locale":"pt_PT","og_type":"article","og_title":"Munic\u00edpio de Santa Cruz - Mergulhe na qualidade do nosso mar - Mais Magazine","og_description":"Situadas geograficamente pr\u00f3ximas de duas reservas naturais do Garajau e das Desertas, as praias dos Reis Magos e das Palmeiras, no concelho de Santa Cruz, ilha da Madeira, s\u00e3o lugares privilegiados de \u00e1guas cristalinas, emoldurados por cen\u00e1rios \u00fanicos que recortam ilhas no horizonte, e que s\u00e3o amparados pelas encostas verdejantes de uma natureza e paisagem humana \u00edmpares.","og_url":"http:\/\/maismagazine.pt\/index.php\/2023\/06\/23\/municipio-de-santa-cruz-mergulhe-na-qualidade-do-nosso-mar\/","og_site_name":"Mais Magazine","article_published_time":"2023-06-23T06:00:00+00:00","og_image":[{"width":565,"height":412,"url":"http:\/\/maismagazine.pt\/wp-content\/uploads\/2023\/06\/Captura-de-ecra-2023-06-14-171857.jpg","type":"image\/jpeg"}],"author":"Tiago Costa","twitter_card":"summary_large_image","twitter_misc":{"Escrito por":false},"schema":{"@context":"https:\/\/schema.org","@graph":[{"@type":"Article","@id":"http:\/\/maismagazine.pt\/index.php\/2023\/06\/23\/municipio-de-santa-cruz-mergulhe-na-qualidade-do-nosso-mar\/#article","isPartOf":{"@id":"http:\/\/maismagazine.pt\/index.php\/2023\/06\/23\/municipio-de-santa-cruz-mergulhe-na-qualidade-do-nosso-mar\/"},"author":{"name":"Tiago Costa","@id":"https:\/\/maismagazine.pt\/#\/schema\/person\/c6c5bfccc886434cbd11c74e035f9646"},"headline":"Munic\u00edpio de Santa Cruz &#8211; Mergulhe na qualidade do nosso mar","datePublished":"2023-06-23T06:00:00+00:00","mainEntityOfPage":{"@id":"http:\/\/maismagazine.pt\/index.php\/2023\/06\/23\/municipio-de-santa-cruz-mergulhe-na-qualidade-do-nosso-mar\/"},"wordCount":73,"publisher":{"@id":"https:\/\/maismagazine.pt\/#organization"},"image":{"@id":"http:\/\/maismagazine.pt\/index.php\/2023\/06\/23\/municipio-de-santa-cruz-mergulhe-na-qualidade-do-nosso-mar\/#primaryimage"},"thumbnailUrl":"http:\/\/maismagazine.pt\/wp-content\/uploads\/2023\/06\/Captura-de-ecra-2023-06-14-171857.jpg","keywords":["Bandeira azul","praia","Santa Cruz"],"articleSection":["publicidade"],"inLanguage":"pt-PT"},{"@type":"WebPage","@id":"http:\/\/maismagazine.pt\/index.php\/2023\/06\/23\/municipio-de-santa-cruz-mergulhe-na-qualidade-do-nosso-mar\/","url":"http:\/\/maismagazine.pt\/index.php\/2023\/06\/23\/municipio-de-santa-cruz-mergulhe-na-qualidade-do-nosso-mar\/","name":"Munic\u00edpio de Santa Cruz - Mergulhe na qualidade do nosso mar - Mais Magazine","isPartOf":{"@id":"https:\/\/maismagazine.pt\/#website"},"primaryImageOfPage":{"@id":"http:\/\/maismagazine.pt\/index.php\/2023\/06\/23\/municipio-de-santa-cruz-mergulhe-na-qualidade-do-nosso-mar\/#primaryimage"},"image":{"@id":"http:\/\/maismagazine.pt\/index.php\/2023\/06\/23\/municipio-de-santa-cruz-mergulhe-na-qualidade-do-nosso-mar\/#primaryimage"},"thumbnailUrl":"http:\/\/maismagazine.pt\/wp-content\/uploads\/2023\/06\/Captura-de-ecra-2023-06-14-171857.jpg","datePublished":"2023-06-23T06:00:00+00:00","description":"Situadas geograficamente pr\u00f3ximas de duas reservas naturais do Garajau e das Desertas, as praias dos Reis Magos e das Palmeiras, no concelho de Santa Cruz, ilha da Madeira, s\u00e3o lugares privilegiados de \u00e1guas cristalinas, emoldurados por cen\u00e1rios \u00fanicos que recortam ilhas no horizonte, e que s\u00e3o amparados pelas encostas verdejantes de uma natureza e paisagem humana \u00edmpares.","breadcrumb":{"@id":"http:\/\/maismagazine.pt\/index.php\/2023\/06\/23\/municipio-de-santa-cruz-mergulhe-na-qualidade-do-nosso-mar\/#breadcrumb"},"inLanguage":"pt-PT","potentialAction":[{"@type":"ReadAction","target":["http:\/\/maismagazine.pt\/index.php\/2023\/06\/23\/municipio-de-santa-cruz-mergulhe-na-qualidade-do-nosso-mar\/"]}]},{"@type":"ImageObject","inLanguage":"pt-PT","@id":"http:\/\/maismagazine.pt\/index.php\/2023\/06\/23\/municipio-de-santa-cruz-mergulhe-na-qualidade-do-nosso-mar\/#primaryimage","url":"http:\/\/maismagazine.pt\/wp-content\/uploads\/2023\/06\/Captura-de-ecra-2023-06-14-171857.jpg","contentUrl":"http:\/\/maismagazine.pt\/wp-content\/uploads\/2023\/06\/Captura-de-ecra-2023-06-14-171857.jpg","width":565,"height":412},{"@type":"BreadcrumbList","@id":"http:\/\/maismagazine.pt\/index.php\/2023\/06\/23\/municipio-de-santa-cruz-mergulhe-na-qualidade-do-nosso-mar\/#breadcrumb","itemListElement":[{"@type":"ListItem","position":1,"name":"Home","item":"https:\/\/maismagazine.pt\/"},{"@type":"ListItem","position":2,"name":"Munic\u00edpio de Santa Cruz &#8211; Mergulhe na qualidade do nosso mar"}]},{"@type":"WebSite","@id":"https:\/\/maismagazine.pt\/#website","url":"https:\/\/maismagazine.pt\/","name":"Mais Magazine","description":"","publisher":{"@id":"https:\/\/maismagazine.pt\/#organization"},"potentialAction":[{"@type":"SearchAction","target":{"@type":"EntryPoint","urlTemplate":"https:\/\/maismagazine.pt\/?s={search_term_string}"},"query-input":{"@type":"PropertyValueSpecification","valueRequired":true,"valueName":"search_term_string"}}],"inLanguage":"pt-PT"},{"@type":"Organization","@id":"https:\/\/maismagazine.pt\/#organization","name":"Mais Magazine","url":"https:\/\/maismagazine.pt\/","logo":{"@type":"ImageObject","inLanguage":"pt-PT","@id":"https:\/\/maismagazine.pt\/#\/schema\/logo\/image\/","url":"http:\/\/maismagazine.pt\/wp-content\/uploads\/2020\/04\/cropped-cropped-mais-magazine-site-logo-2.png","contentUrl":"http:\/\/maismagazine.pt\/wp-content\/uploads\/2020\/04\/cropped-cropped-mais-magazine-site-logo-2.png","width":581,"height":90,"caption":"Mais Magazine"},"image":{"@id":"https:\/\/maismagazine.pt\/#\/schema\/logo\/image\/"}},{"@type":"Person","@id":"https:\/\/maismagazine.pt\/#\/schema\/person\/c6c5bfccc886434cbd11c74e035f9646","name":"Tiago Costa","image":{"@type":"ImageObject","inLanguage":"pt-PT","@id":"https:\/\/maismagazine.pt\/#\/schema\/person\/image\/","url":"https:\/\/secure.gravatar.com\/avatar\/c599b2bce16c9870429198cbad5ee022?s=96&d=mm&r=g","contentUrl":"https:\/\/secure.gravatar.com\/avatar\/c599b2bce16c9870429198cbad5ee022?s=96&d=mm&r=g","caption":"Tiago Costa"},"url":"http:\/\/maismagazine.pt\/index.php\/author\/tiago\/"}]}},"author_meta":{"display_name":false,"author_link":"http:\/\/maismagazine.pt\/index.php\/author\/tiago\/"},"featured_img":"http:\/\/maismagazine.pt\/wp-content\/uploads\/2023\/06\/Captura-de-ecra-2023-06-14-171857-300x219.jpg","coauthors":[],"tax_additional":{"categories":{"linked":["<a href=\"http:\/\/maismagazine.pt\/index.php\/category\/publicidade\/\" class=\"advgb-post-tax-term\">publicidade<\/a>"],"unlinked":["<span class=\"advgb-post-tax-term\">publicidade<\/span>"]},"tags":{"linked":["<a href=\"http:\/\/maismagazine.pt\/index.php\/category\/publicidade\/\" class=\"advgb-post-tax-term\">Bandeira azul<\/a>","<a href=\"http:\/\/maismagazine.pt\/index.php\/category\/publicidade\/\" class=\"advgb-post-tax-term\">praia<\/a>","<a href=\"http:\/\/maismagazine.pt\/index.php\/category\/publicidade\/\" class=\"advgb-post-tax-term\">Santa Cruz<\/a>"],"unlinked":["<span class=\"advgb-post-tax-term\">Bandeira azul<\/span>","<span class=\"advgb-post-tax-term\">praia<\/span>","<span class=\"advgb-post-tax-term\">Santa Cruz<\/span>"]}},"comment_count":"0","relative_dates":{"created":"Posted 3 anos ago","modified":"Updated 3 anos ago"},"absolute_dates":{"created":"Posted on 23 de Junho, 2023","modified":"Updated on 14 de Junho, 2023"},"absolute_dates_time":{"created":"Posted on 23 de Junho, 2023 7:00","modified":"Updated on 14 de Junho, 2023 17:19"},"featured_img_caption":"","series_order":"","_links":{"self":[{"href":"http:\/\/maismagazine.pt\/index.php\/wp-json\/wp\/v2\/posts\/7118","targetHints":{"allow":["GET"]}}],"collection":[{"href":"http:\/\/maismagazine.pt\/index.php\/wp-json\/wp\/v2\/posts"}],"about":[{"href":"http:\/\/maismagazine.pt\/index.php\/wp-json\/wp\/v2\/types\/post"}],"author":[{"embeddable":true,"href":"http:\/\/maismagazine.pt\/index.php\/wp-json\/wp\/v2\/users\/17"}],"replies":[{"embeddable":true,"href":"http:\/\/maismagazine.pt\/index.php\/wp-json\/wp\/v2\/comments?post=7118"}],"version-history":[{"count":1,"href":"http:\/\/maismagazine.pt\/index.php\/wp-json\/wp\/v2\/posts\/7118\/revisions"}],"predecessor-version":[{"id":7123,"href":"http:\/\/maismagazine.pt\/index.php\/wp-json\/wp\/v2\/posts\/7118\/revisions\/7123"}],"wp:featuredmedia":[{"embeddable":true,"href":"http:\/\/maismagazine.pt\/index.php\/wp-json\/wp\/v2\/media\/7122"}],"wp:attachment":[{"href":"http:\/\/maismagazine.pt\/index.php\/wp-json\/wp\/v2\/media?parent=7118"}],"wp:term":[{"taxonomy":"category","embeddable":true,"href":"http:\/\/maismagazine.pt\/index.php\/wp-json\/wp\/v2\/categories?post=7118"},{"taxonomy":"post_tag","embeddable":true,"href":"http:\/\/maismagazine.pt\/index.php\/wp-json\/wp\/v2\/tags?post=7118"}],"curies":[{"name":"wp","href":"https:\/\/api.w.org\/{rel}","templated":true}]}}