{"id":7104,"date":"2023-06-23T07:00:00","date_gmt":"2023-06-23T06:00:00","guid":{"rendered":"http:\/\/maismagazine.pt\/?p=7104"},"modified":"2023-06-14T17:07:52","modified_gmt":"2023-06-14T16:07:52","slug":"universidade-da-beira-interior","status":"publish","type":"post","link":"http:\/\/maismagazine.pt\/index.php\/2023\/06\/23\/universidade-da-beira-interior\/","title":{"rendered":"Universidade da Beira Interior"},"content":{"rendered":"\n<p>A\u00a0<a href=\"https:\/\/www.ubi.pt\/\">Universidade da Beira Interior\u00a0(UBI)<\/a> \u00e9 uma institui\u00e7\u00e3o de ensino superior portugu\u00eas, situada na Covilh\u00e3, que assume como miss\u00e3o \u201cPromover a qualifica\u00e7\u00e3o de alto n\u00edvel, a produ\u00e7\u00e3o, transmiss\u00e3o, cr\u00edtica e difus\u00e3o de saber, cultura, ci\u00eancia e tecnologia, atrav\u00e9s do estudo, da doc\u00eancia e da investiga\u00e7\u00e3o\u201d.<\/p>\n\n\n\n<p><\/p>\n\n\n<div class=\"wp-block-image\">\n<figure class=\"aligncenter size-medium\"><img loading=\"lazy\" decoding=\"async\" width=\"300\" height=\"293\" src=\"http:\/\/maismagazine.pt\/wp-content\/uploads\/2023\/06\/25569-300x293.png\" alt=\"\" class=\"wp-image-7105\" srcset=\"http:\/\/maismagazine.pt\/wp-content\/uploads\/2023\/06\/25569-300x293.png 300w, http:\/\/maismagazine.pt\/wp-content\/uploads\/2023\/06\/25569-1024x1001.png 1024w, http:\/\/maismagazine.pt\/wp-content\/uploads\/2023\/06\/25569-768x750.png 768w, http:\/\/maismagazine.pt\/wp-content\/uploads\/2023\/06\/25569.png 1447w\" sizes=\"auto, (max-width: 300px) 100vw, 300px\" \/><\/figure><\/div>","protected":false},"excerpt":{"rendered":"<p>A\u00a0Universidade da Beira Interior\u00a0(UBI) \u00e9 uma institui\u00e7\u00e3o de ensino superior portugu\u00eas, situada na Covilh\u00e3, que assume como miss\u00e3o \u201cPromover a qualifica\u00e7\u00e3o de alto n\u00edvel, a produ\u00e7\u00e3o, transmiss\u00e3o, cr\u00edtica e difus\u00e3o de saber, cultura, ci\u00eancia e tecnologia, atrav\u00e9s do estudo, da doc\u00eancia e da investiga\u00e7\u00e3o\u201d.<\/p>\n","protected":false},"author":7,"featured_media":7107,"comment_status":"closed","ping_status":"open","sticky":false,"template":"","format":"standard","meta":{"advgb_blocks_editor_width":"","advgb_blocks_columns_visual_guide":"","_monsterinsights_skip_tracking":false,"_monsterinsights_sitenote_active":false,"_monsterinsights_sitenote_note":"","_monsterinsights_sitenote_category":0,"footnotes":""},"categories":[1460],"tags":[783],"class_list":["post-7104","post","type-post","status-publish","format-standard","has-post-thumbnail","hentry","category-publicidade","tag-universidade-da-beira-interior"],"yoast_head":"<!-- This site is optimized with the Yoast SEO plugin v24.4 - https:\/\/yoast.com\/wordpress\/plugins\/seo\/ -->\n<title>Universidade da Beira Interior - Mais Magazine<\/title>\n<meta name=\"description\" content=\"A\u00a0Universidade da Beira Interior\u00a0(UBI) \u00e9 uma institui\u00e7\u00e3o de ensino superior portugu\u00eas, situada na Covilh\u00e3, que assume como miss\u00e3o \u201cPromover a qualifica\u00e7\u00e3o de alto n\u00edvel, a produ\u00e7\u00e3o, transmiss\u00e3o, cr\u00edtica e difus\u00e3o de saber, cultura, ci\u00eancia e tecnologia, atrav\u00e9s do estudo, da doc\u00eancia e da investiga\u00e7\u00e3o\u201d.\" \/>\n<meta name=\"robots\" content=\"index, follow, max-snippet:-1, max-image-preview:large, max-video-preview:-1\" \/>\n<link rel=\"canonical\" href=\"http:\/\/maismagazine.pt\/index.php\/2023\/06\/23\/universidade-da-beira-interior\/\" \/>\n<meta property=\"og:locale\" content=\"pt_PT\" \/>\n<meta property=\"og:type\" content=\"article\" \/>\n<meta property=\"og:title\" content=\"Universidade da Beira Interior - Mais Magazine\" \/>\n<meta property=\"og:description\" content=\"A\u00a0Universidade da Beira Interior\u00a0(UBI) \u00e9 uma institui\u00e7\u00e3o de ensino superior portugu\u00eas, situada na Covilh\u00e3, que assume como miss\u00e3o \u201cPromover a qualifica\u00e7\u00e3o de alto n\u00edvel, a produ\u00e7\u00e3o, transmiss\u00e3o, cr\u00edtica e difus\u00e3o de saber, cultura, ci\u00eancia e tecnologia, atrav\u00e9s do estudo, da doc\u00eancia e da investiga\u00e7\u00e3o\u201d.\" \/>\n<meta property=\"og:url\" content=\"http:\/\/maismagazine.pt\/index.php\/2023\/06\/23\/universidade-da-beira-interior\/\" \/>\n<meta property=\"og:site_name\" content=\"Mais Magazine\" \/>\n<meta property=\"article:published_time\" content=\"2023-06-23T06:00:00+00:00\" \/>\n<meta property=\"og:image\" content=\"http:\/\/maismagazine.pt\/wp-content\/uploads\/2023\/06\/cadeado3.jpg\" \/>\n\t<meta property=\"og:image:width\" content=\"1280\" \/>\n\t<meta property=\"og:image:height\" content=\"350\" \/>\n\t<meta property=\"og:image:type\" content=\"image\/jpeg\" \/>\n<meta name=\"author\" content=\"Jo\u00e3o Malainho\" \/>\n<meta name=\"twitter:card\" content=\"summary_large_image\" \/>\n<meta name=\"twitter:label1\" content=\"Escrito por\" \/>\n\t<meta name=\"twitter:data1\" content=\"\" \/>\n<script type=\"application\/ld+json\" class=\"yoast-schema-graph\">{\"@context\":\"https:\/\/schema.org\",\"@graph\":[{\"@type\":\"Article\",\"@id\":\"http:\/\/maismagazine.pt\/index.php\/2023\/06\/23\/universidade-da-beira-interior\/#article\",\"isPartOf\":{\"@id\":\"http:\/\/maismagazine.pt\/index.php\/2023\/06\/23\/universidade-da-beira-interior\/\"},\"author\":{\"name\":\"Jo\u00e3o Malainho\",\"@id\":\"https:\/\/maismagazine.pt\/#\/schema\/person\/999bd426f894ff56d397ec12ebd21ebb\"},\"headline\":\"Universidade da Beira Interior\",\"datePublished\":\"2023-06-23T06:00:00+00:00\",\"mainEntityOfPage\":{\"@id\":\"http:\/\/maismagazine.pt\/index.php\/2023\/06\/23\/universidade-da-beira-interior\/\"},\"wordCount\":62,\"publisher\":{\"@id\":\"https:\/\/maismagazine.pt\/#organization\"},\"image\":{\"@id\":\"http:\/\/maismagazine.pt\/index.php\/2023\/06\/23\/universidade-da-beira-interior\/#primaryimage\"},\"thumbnailUrl\":\"http:\/\/maismagazine.pt\/wp-content\/uploads\/2023\/06\/cadeado3.jpg\",\"keywords\":[\"Universidade da Beira Interior\"],\"articleSection\":[\"publicidade\"],\"inLanguage\":\"pt-PT\"},{\"@type\":\"WebPage\",\"@id\":\"http:\/\/maismagazine.pt\/index.php\/2023\/06\/23\/universidade-da-beira-interior\/\",\"url\":\"http:\/\/maismagazine.pt\/index.php\/2023\/06\/23\/universidade-da-beira-interior\/\",\"name\":\"Universidade da Beira Interior - Mais Magazine\",\"isPartOf\":{\"@id\":\"https:\/\/maismagazine.pt\/#website\"},\"primaryImageOfPage\":{\"@id\":\"http:\/\/maismagazine.pt\/index.php\/2023\/06\/23\/universidade-da-beira-interior\/#primaryimage\"},\"image\":{\"@id\":\"http:\/\/maismagazine.pt\/index.php\/2023\/06\/23\/universidade-da-beira-interior\/#primaryimage\"},\"thumbnailUrl\":\"http:\/\/maismagazine.pt\/wp-content\/uploads\/2023\/06\/cadeado3.jpg\",\"datePublished\":\"2023-06-23T06:00:00+00:00\",\"description\":\"A\u00a0Universidade da Beira Interior\u00a0(UBI) \u00e9 uma institui\u00e7\u00e3o de ensino superior portugu\u00eas, situada na Covilh\u00e3, que assume como miss\u00e3o \u201cPromover a qualifica\u00e7\u00e3o de alto n\u00edvel, a produ\u00e7\u00e3o, transmiss\u00e3o, cr\u00edtica e difus\u00e3o de saber, cultura, ci\u00eancia e tecnologia, atrav\u00e9s do estudo, da doc\u00eancia e da investiga\u00e7\u00e3o\u201d.\",\"breadcrumb\":{\"@id\":\"http:\/\/maismagazine.pt\/index.php\/2023\/06\/23\/universidade-da-beira-interior\/#breadcrumb\"},\"inLanguage\":\"pt-PT\",\"potentialAction\":[{\"@type\":\"ReadAction\",\"target\":[\"http:\/\/maismagazine.pt\/index.php\/2023\/06\/23\/universidade-da-beira-interior\/\"]}]},{\"@type\":\"ImageObject\",\"inLanguage\":\"pt-PT\",\"@id\":\"http:\/\/maismagazine.pt\/index.php\/2023\/06\/23\/universidade-da-beira-interior\/#primaryimage\",\"url\":\"http:\/\/maismagazine.pt\/wp-content\/uploads\/2023\/06\/cadeado3.jpg\",\"contentUrl\":\"http:\/\/maismagazine.pt\/wp-content\/uploads\/2023\/06\/cadeado3.jpg\",\"width\":1280,\"height\":350},{\"@type\":\"BreadcrumbList\",\"@id\":\"http:\/\/maismagazine.pt\/index.php\/2023\/06\/23\/universidade-da-beira-interior\/#breadcrumb\",\"itemListElement\":[{\"@type\":\"ListItem\",\"position\":1,\"name\":\"Home\",\"item\":\"https:\/\/maismagazine.pt\/\"},{\"@type\":\"ListItem\",\"position\":2,\"name\":\"Universidade da Beira Interior\"}]},{\"@type\":\"WebSite\",\"@id\":\"https:\/\/maismagazine.pt\/#website\",\"url\":\"https:\/\/maismagazine.pt\/\",\"name\":\"Mais Magazine\",\"description\":\"\",\"publisher\":{\"@id\":\"https:\/\/maismagazine.pt\/#organization\"},\"potentialAction\":[{\"@type\":\"SearchAction\",\"target\":{\"@type\":\"EntryPoint\",\"urlTemplate\":\"https:\/\/maismagazine.pt\/?s={search_term_string}\"},\"query-input\":{\"@type\":\"PropertyValueSpecification\",\"valueRequired\":true,\"valueName\":\"search_term_string\"}}],\"inLanguage\":\"pt-PT\"},{\"@type\":\"Organization\",\"@id\":\"https:\/\/maismagazine.pt\/#organization\",\"name\":\"Mais Magazine\",\"url\":\"https:\/\/maismagazine.pt\/\",\"logo\":{\"@type\":\"ImageObject\",\"inLanguage\":\"pt-PT\",\"@id\":\"https:\/\/maismagazine.pt\/#\/schema\/logo\/image\/\",\"url\":\"http:\/\/maismagazine.pt\/wp-content\/uploads\/2020\/04\/cropped-cropped-mais-magazine-site-logo-2.png\",\"contentUrl\":\"http:\/\/maismagazine.pt\/wp-content\/uploads\/2020\/04\/cropped-cropped-mais-magazine-site-logo-2.png\",\"width\":581,\"height\":90,\"caption\":\"Mais Magazine\"},\"image\":{\"@id\":\"https:\/\/maismagazine.pt\/#\/schema\/logo\/image\/\"}},{\"@type\":\"Person\",\"@id\":\"https:\/\/maismagazine.pt\/#\/schema\/person\/999bd426f894ff56d397ec12ebd21ebb\",\"name\":\"Jo\u00e3o Malainho\",\"image\":{\"@type\":\"ImageObject\",\"inLanguage\":\"pt-PT\",\"@id\":\"https:\/\/maismagazine.pt\/#\/schema\/person\/image\/\",\"url\":\"https:\/\/secure.gravatar.com\/avatar\/ff03c2f38edf60b2a827aa4f74878491?s=96&d=mm&r=g\",\"contentUrl\":\"https:\/\/secure.gravatar.com\/avatar\/ff03c2f38edf60b2a827aa4f74878491?s=96&d=mm&r=g\",\"caption\":\"Jo\u00e3o Malainho\"},\"url\":\"http:\/\/maismagazine.pt\/index.php\/author\/maismagazine\/\"}]}<\/script>\n<!-- \/ Yoast SEO plugin. -->","yoast_head_json":{"title":"Universidade da Beira Interior - Mais Magazine","description":"A\u00a0Universidade da Beira Interior\u00a0(UBI) \u00e9 uma institui\u00e7\u00e3o de ensino superior portugu\u00eas, situada na Covilh\u00e3, que assume como miss\u00e3o \u201cPromover a qualifica\u00e7\u00e3o de alto n\u00edvel, a produ\u00e7\u00e3o, transmiss\u00e3o, cr\u00edtica e difus\u00e3o de saber, cultura, ci\u00eancia e tecnologia, atrav\u00e9s do estudo, da doc\u00eancia e da investiga\u00e7\u00e3o\u201d.","robots":{"index":"index","follow":"follow","max-snippet":"max-snippet:-1","max-image-preview":"max-image-preview:large","max-video-preview":"max-video-preview:-1"},"canonical":"http:\/\/maismagazine.pt\/index.php\/2023\/06\/23\/universidade-da-beira-interior\/","og_locale":"pt_PT","og_type":"article","og_title":"Universidade da Beira Interior - Mais Magazine","og_description":"A\u00a0Universidade da Beira Interior\u00a0(UBI) \u00e9 uma institui\u00e7\u00e3o de ensino superior portugu\u00eas, situada na Covilh\u00e3, que assume como miss\u00e3o \u201cPromover a qualifica\u00e7\u00e3o de alto n\u00edvel, a produ\u00e7\u00e3o, transmiss\u00e3o, cr\u00edtica e difus\u00e3o de saber, cultura, ci\u00eancia e tecnologia, atrav\u00e9s do estudo, da doc\u00eancia e da investiga\u00e7\u00e3o\u201d.","og_url":"http:\/\/maismagazine.pt\/index.php\/2023\/06\/23\/universidade-da-beira-interior\/","og_site_name":"Mais Magazine","article_published_time":"2023-06-23T06:00:00+00:00","og_image":[{"width":1280,"height":350,"url":"http:\/\/maismagazine.pt\/wp-content\/uploads\/2023\/06\/cadeado3.jpg","type":"image\/jpeg"}],"author":"Jo\u00e3o Malainho","twitter_card":"summary_large_image","twitter_misc":{"Escrito por":false},"schema":{"@context":"https:\/\/schema.org","@graph":[{"@type":"Article","@id":"http:\/\/maismagazine.pt\/index.php\/2023\/06\/23\/universidade-da-beira-interior\/#article","isPartOf":{"@id":"http:\/\/maismagazine.pt\/index.php\/2023\/06\/23\/universidade-da-beira-interior\/"},"author":{"name":"Jo\u00e3o Malainho","@id":"https:\/\/maismagazine.pt\/#\/schema\/person\/999bd426f894ff56d397ec12ebd21ebb"},"headline":"Universidade da Beira Interior","datePublished":"2023-06-23T06:00:00+00:00","mainEntityOfPage":{"@id":"http:\/\/maismagazine.pt\/index.php\/2023\/06\/23\/universidade-da-beira-interior\/"},"wordCount":62,"publisher":{"@id":"https:\/\/maismagazine.pt\/#organization"},"image":{"@id":"http:\/\/maismagazine.pt\/index.php\/2023\/06\/23\/universidade-da-beira-interior\/#primaryimage"},"thumbnailUrl":"http:\/\/maismagazine.pt\/wp-content\/uploads\/2023\/06\/cadeado3.jpg","keywords":["Universidade da Beira Interior"],"articleSection":["publicidade"],"inLanguage":"pt-PT"},{"@type":"WebPage","@id":"http:\/\/maismagazine.pt\/index.php\/2023\/06\/23\/universidade-da-beira-interior\/","url":"http:\/\/maismagazine.pt\/index.php\/2023\/06\/23\/universidade-da-beira-interior\/","name":"Universidade da Beira Interior - Mais Magazine","isPartOf":{"@id":"https:\/\/maismagazine.pt\/#website"},"primaryImageOfPage":{"@id":"http:\/\/maismagazine.pt\/index.php\/2023\/06\/23\/universidade-da-beira-interior\/#primaryimage"},"image":{"@id":"http:\/\/maismagazine.pt\/index.php\/2023\/06\/23\/universidade-da-beira-interior\/#primaryimage"},"thumbnailUrl":"http:\/\/maismagazine.pt\/wp-content\/uploads\/2023\/06\/cadeado3.jpg","datePublished":"2023-06-23T06:00:00+00:00","description":"A\u00a0Universidade da Beira Interior\u00a0(UBI) \u00e9 uma institui\u00e7\u00e3o de ensino superior portugu\u00eas, situada na Covilh\u00e3, que assume como miss\u00e3o \u201cPromover a qualifica\u00e7\u00e3o de alto n\u00edvel, a produ\u00e7\u00e3o, transmiss\u00e3o, cr\u00edtica e difus\u00e3o de saber, cultura, ci\u00eancia e tecnologia, atrav\u00e9s do estudo, da doc\u00eancia e da investiga\u00e7\u00e3o\u201d.","breadcrumb":{"@id":"http:\/\/maismagazine.pt\/index.php\/2023\/06\/23\/universidade-da-beira-interior\/#breadcrumb"},"inLanguage":"pt-PT","potentialAction":[{"@type":"ReadAction","target":["http:\/\/maismagazine.pt\/index.php\/2023\/06\/23\/universidade-da-beira-interior\/"]}]},{"@type":"ImageObject","inLanguage":"pt-PT","@id":"http:\/\/maismagazine.pt\/index.php\/2023\/06\/23\/universidade-da-beira-interior\/#primaryimage","url":"http:\/\/maismagazine.pt\/wp-content\/uploads\/2023\/06\/cadeado3.jpg","contentUrl":"http:\/\/maismagazine.pt\/wp-content\/uploads\/2023\/06\/cadeado3.jpg","width":1280,"height":350},{"@type":"BreadcrumbList","@id":"http:\/\/maismagazine.pt\/index.php\/2023\/06\/23\/universidade-da-beira-interior\/#breadcrumb","itemListElement":[{"@type":"ListItem","position":1,"name":"Home","item":"https:\/\/maismagazine.pt\/"},{"@type":"ListItem","position":2,"name":"Universidade da Beira Interior"}]},{"@type":"WebSite","@id":"https:\/\/maismagazine.pt\/#website","url":"https:\/\/maismagazine.pt\/","name":"Mais Magazine","description":"","publisher":{"@id":"https:\/\/maismagazine.pt\/#organization"},"potentialAction":[{"@type":"SearchAction","target":{"@type":"EntryPoint","urlTemplate":"https:\/\/maismagazine.pt\/?s={search_term_string}"},"query-input":{"@type":"PropertyValueSpecification","valueRequired":true,"valueName":"search_term_string"}}],"inLanguage":"pt-PT"},{"@type":"Organization","@id":"https:\/\/maismagazine.pt\/#organization","name":"Mais Magazine","url":"https:\/\/maismagazine.pt\/","logo":{"@type":"ImageObject","inLanguage":"pt-PT","@id":"https:\/\/maismagazine.pt\/#\/schema\/logo\/image\/","url":"http:\/\/maismagazine.pt\/wp-content\/uploads\/2020\/04\/cropped-cropped-mais-magazine-site-logo-2.png","contentUrl":"http:\/\/maismagazine.pt\/wp-content\/uploads\/2020\/04\/cropped-cropped-mais-magazine-site-logo-2.png","width":581,"height":90,"caption":"Mais Magazine"},"image":{"@id":"https:\/\/maismagazine.pt\/#\/schema\/logo\/image\/"}},{"@type":"Person","@id":"https:\/\/maismagazine.pt\/#\/schema\/person\/999bd426f894ff56d397ec12ebd21ebb","name":"Jo\u00e3o Malainho","image":{"@type":"ImageObject","inLanguage":"pt-PT","@id":"https:\/\/maismagazine.pt\/#\/schema\/person\/image\/","url":"https:\/\/secure.gravatar.com\/avatar\/ff03c2f38edf60b2a827aa4f74878491?s=96&d=mm&r=g","contentUrl":"https:\/\/secure.gravatar.com\/avatar\/ff03c2f38edf60b2a827aa4f74878491?s=96&d=mm&r=g","caption":"Jo\u00e3o Malainho"},"url":"http:\/\/maismagazine.pt\/index.php\/author\/maismagazine\/"}]}},"author_meta":{"display_name":false,"author_link":"http:\/\/maismagazine.pt\/index.php\/author\/maismagazine\/"},"featured_img":"http:\/\/maismagazine.pt\/wp-content\/uploads\/2023\/06\/cadeado3-300x82.jpg","coauthors":[],"tax_additional":{"categories":{"linked":["<a href=\"http:\/\/maismagazine.pt\/index.php\/category\/publicidade\/\" class=\"advgb-post-tax-term\">publicidade<\/a>"],"unlinked":["<span class=\"advgb-post-tax-term\">publicidade<\/span>"]},"tags":{"linked":["<a href=\"http:\/\/maismagazine.pt\/index.php\/category\/publicidade\/\" class=\"advgb-post-tax-term\">Universidade da Beira Interior<\/a>"],"unlinked":["<span class=\"advgb-post-tax-term\">Universidade da Beira Interior<\/span>"]}},"comment_count":"0","relative_dates":{"created":"Posted 3 anos ago","modified":"Updated 3 anos ago"},"absolute_dates":{"created":"Posted on 23 de Junho, 2023","modified":"Updated on 14 de Junho, 2023"},"absolute_dates_time":{"created":"Posted on 23 de Junho, 2023 7:00","modified":"Updated on 14 de Junho, 2023 17:07"},"featured_img_caption":"","series_order":"","_links":{"self":[{"href":"http:\/\/maismagazine.pt\/index.php\/wp-json\/wp\/v2\/posts\/7104","targetHints":{"allow":["GET"]}}],"collection":[{"href":"http:\/\/maismagazine.pt\/index.php\/wp-json\/wp\/v2\/posts"}],"about":[{"href":"http:\/\/maismagazine.pt\/index.php\/wp-json\/wp\/v2\/types\/post"}],"author":[{"embeddable":true,"href":"http:\/\/maismagazine.pt\/index.php\/wp-json\/wp\/v2\/users\/7"}],"replies":[{"embeddable":true,"href":"http:\/\/maismagazine.pt\/index.php\/wp-json\/wp\/v2\/comments?post=7104"}],"version-history":[{"count":1,"href":"http:\/\/maismagazine.pt\/index.php\/wp-json\/wp\/v2\/posts\/7104\/revisions"}],"predecessor-version":[{"id":7110,"href":"http:\/\/maismagazine.pt\/index.php\/wp-json\/wp\/v2\/posts\/7104\/revisions\/7110"}],"wp:featuredmedia":[{"embeddable":true,"href":"http:\/\/maismagazine.pt\/index.php\/wp-json\/wp\/v2\/media\/7107"}],"wp:attachment":[{"href":"http:\/\/maismagazine.pt\/index.php\/wp-json\/wp\/v2\/media?parent=7104"}],"wp:term":[{"taxonomy":"category","embeddable":true,"href":"http:\/\/maismagazine.pt\/index.php\/wp-json\/wp\/v2\/categories?post=7104"},{"taxonomy":"post_tag","embeddable":true,"href":"http:\/\/maismagazine.pt\/index.php\/wp-json\/wp\/v2\/tags?post=7104"}],"curies":[{"name":"wp","href":"https:\/\/api.w.org\/{rel}","templated":true}]}}