{"id":7086,"date":"2023-06-23T07:00:00","date_gmt":"2023-06-23T06:00:00","guid":{"rendered":"https:\/\/maismagazine.pt\/?p=7086"},"modified":"2023-06-14T17:46:50","modified_gmt":"2023-06-14T16:46:50","slug":"escola-do-porto-da-faculdade-de-direito-universidade-catolica-qualidade-rigor-e-excelencia-no-ensino-juridico","status":"publish","type":"post","link":"http:\/\/maismagazine.pt\/index.php\/2023\/06\/23\/escola-do-porto-da-faculdade-de-direito-universidade-catolica-qualidade-rigor-e-excelencia-no-ensino-juridico\/","title":{"rendered":"Escola do Porto da Faculdade de Direito \u2013 Universidade Cat\u00f3lica: Qualidade, rigor e excel\u00eancia no ensino jur\u00eddico"},"content":{"rendered":"\n<p><strong>(Re)conhecida pela sua exig\u00eancia educativa e por potenciar sempre a excel\u00eancia dos seus estudantes, a <a href=\"http:\/\/www.fd.porto.ucp.pt\">Escola do Porto da Faculdade de Direito da Universidade Cat\u00f3lica Portuguesa<\/a> orgulha-se de formar profissionais dotados de um conhecimento rigoroso das mat\u00e9rias e devidamente preparados para uma utiliza\u00e7\u00e3o criativa do racioc\u00ednio jur\u00eddico. <\/strong><\/p>\n\n\n\n<p><\/p>\n\n\n\n<p>Com um ensino verdadeiramente diferenciado, exigente, virado para o estudante e para o seu desenvolvimento acad\u00e9mico e pessoal, a Escola do Porto da Faculdade de Direito da Universidade Cat\u00f3lica \u00e9, todos os anos, a escolha de dezenas de estudantes que pretendem abra\u00e7ar a \u00e1rea jur\u00eddica. Hoje, a sua Licenciatura em Direito www.fd.porto.ucp.ptreveste-se de uma import\u00e2ncia significativa no panorama nacional e internacional. Os motivos? <\/p>\n\n\n\n<p><strong>Qualidade e rigor<\/strong> \u2013 potencia a liga\u00e7\u00e3o entre a teoria e a pr\u00e1tica, com v\u00e1rios profissionais do foro a lecionar disciplinas pr\u00e1ticas e semin\u00e1rios. <\/p>\n\n\n\n<p><strong>Desenvolvimento de compet\u00eancias<\/strong> \u2013 conta com programas focados no aperfei\u00e7oamento de t\u00e9cnicas de comunica\u00e7\u00e3o, da criatividade e da capacidade de resolver problemas novos &#8211; a capacidade de comunicar o Direito, oralmente e por escrito, \u00e9 desenvolvida em todas as disciplinas e, em especial, no programa ADN do Jurista, com m\u00f3dulos de Express\u00e3o Dram\u00e1tica, Orat\u00f3ria e Escrita Jur\u00eddica. <\/p>\n\n\n\n<p><strong>Especializa\u00e7\u00e3o<\/strong> &#8211; possibilita a especializa\u00e7\u00e3o, no \u00faltimo ano do curso, numa das seguintes \u00e1reas &#8211; Direito Privado, Direito Penal ou Direito P\u00fablico. <\/p>\n\n\n\n<p><strong>Forma\u00e7\u00e3o transversal<\/strong> &#8211; Assegura uma forma\u00e7\u00e3o transversal, tirando partido da inser\u00e7\u00e3o num campus com outras unidades de ensino &#8211; Psicologia, Gest\u00e3o, Economia, Marketing, entre outros. <\/p>\n\n\n\n<p><strong>Disciplinas Instrumentais<\/strong> &#8211; disponibiliza forma\u00e7\u00e3o destinada ao desenvolvimento da flu\u00eancia em l\u00ednguas estrangeiras e \u00e0 utiliza\u00e7\u00e3o de tecnologias de informa\u00e7\u00e3o, preparando os alunos para uma atua\u00e7\u00e3o de natureza internacional, no estrangeiro ou em Portugal. <\/p>\n\n\n\n<p><strong>Taxas de Empregabilidade<\/strong> &#8211; 88% dos seus estudantes obt\u00eam coloca\u00e7\u00e3o at\u00e9 6 meses ap\u00f3s o in\u00edcio da procura por atividade profissional e 91% trabalha na sua \u00e1rea de forma\u00e7\u00e3o. <\/p>\n\n\n\n<p><strong>Mobilidade Internacional<\/strong> \u2013 oferece mais de 110 vagas em programas de Mobilidade Internacional todos os anos. <\/p>\n\n\n\n<p><\/p>\n\n\n\n<p><strong>Escola do Porto da Faculdade de Direito da Cat\u00f3lica tem bolsas e pr\u00e9mios para os alunos com m\u00e9rito e esfor\u00e7o comprovado<\/strong> <\/p>\n\n\n\n<p>Considerando a import\u00e2ncia de distinguir o m\u00e9rito e o esfor\u00e7o dos estudantes e de premiar o trabalho, empenho, a perseveran\u00e7a e excel\u00eancia escolares, v\u00e3o ser atribu\u00eddas este ano letivo 60 bolsas de m\u00e9rito aos candidatos com a melhor classifica\u00e7\u00e3o de candidatura. As bolsas de m\u00e9rito atribu\u00eddas possibilitam a isen\u00e7\u00e3o do pagamento das propinas no primeiro ano letivo da Licenciatura, sendo metade delas de isen\u00e7\u00e3o integral de propina, destinadas a estudantes inscritos com classifica\u00e7\u00e3o de candidatura m\u00ednima de 18 valores, e as restantes de isen\u00e7\u00e3o de 50% de propina, destinadas aos estudantes inscritos com classifica\u00e7\u00e3o de candidatura m\u00ednima de 17 valores. Al\u00e9m disso, a Escola do Porto da Faculdade de Direito atribui tamb\u00e9m \u201cPr\u00e9mios Excel\u00eancia\u201d a todos os estudantes, de cada ano de entrada, que tenham obtido as classifica\u00e7\u00f5es mais elevadas no ano anterior. <\/p>\n\n\n<div class=\"wp-block-image\">\n<figure class=\"aligncenter size-full is-resized\"><img loading=\"lazy\" decoding=\"async\" src=\"https:\/\/maismagazine.pt\/wp-content\/uploads\/2023\/06\/image-9.png\" alt=\"\" class=\"wp-image-7096\" width=\"169\" height=\"205\"\/><\/figure><\/div>","protected":false},"excerpt":{"rendered":"<p>(Re)conhecida pela sua exig\u00eancia educativa e por potenciar sempre a excel\u00eancia dos seus estudantes, a Escola do Porto da Faculdade de Direito da Universidade Cat\u00f3lica Portuguesa orgulha-se de formar profissionais dotados de um conhecimento rigoroso das mat\u00e9rias e devidamente preparados para uma utiliza\u00e7\u00e3o criativa do racioc\u00ednio jur\u00eddico. Com um ensino&hellip;<\/p>\n","protected":false},"author":17,"featured_media":7093,"comment_status":"closed","ping_status":"open","sticky":false,"template":"","format":"standard","meta":{"advgb_blocks_editor_width":"","advgb_blocks_columns_visual_guide":"","_monsterinsights_skip_tracking":false,"_monsterinsights_sitenote_active":false,"_monsterinsights_sitenote_note":"","_monsterinsights_sitenote_category":0,"footnotes":""},"categories":[149],"tags":[525,521,1550],"class_list":["post-7086","post","type-post","status-publish","format-standard","has-post-thumbnail","hentry","category-educacao","tag-educacao","tag-ensino","tag-universidades-publicas"],"yoast_head":"<!-- This site is optimized with the Yoast SEO plugin v24.4 - https:\/\/yoast.com\/wordpress\/plugins\/seo\/ -->\n<title>Escola do Porto da Faculdade de Direito \u2013 Universidade Cat\u00f3lica: Qualidade, rigor e excel\u00eancia no ensino jur\u00eddico - Mais Magazine<\/title>\n<meta name=\"description\" content=\"(Re)conhecida pela sua exig\u00eancia educativa e por potenciar sempre a excel\u00eancia dos seus estudantes, a Escola do Porto da Faculdade de Direito da Universidade Cat\u00f3lica Portuguesa orgulha-se de formar profissionais dotados de um conhecimento rigoroso das mat\u00e9rias e devidamente preparados para uma utiliza\u00e7\u00e3o criativa do racioc\u00ednio jur\u00eddico.\" \/>\n<meta name=\"robots\" content=\"index, follow, max-snippet:-1, max-image-preview:large, max-video-preview:-1\" \/>\n<link rel=\"canonical\" href=\"https:\/\/maismagazine.pt\/index.php\/2023\/06\/23\/escola-do-porto-da-faculdade-de-direito-universidade-catolica-qualidade-rigor-e-excelencia-no-ensino-juridico\/\" \/>\n<meta property=\"og:locale\" content=\"pt_PT\" \/>\n<meta property=\"og:type\" content=\"article\" \/>\n<meta property=\"og:title\" content=\"Escola do Porto da Faculdade de Direito \u2013 Universidade Cat\u00f3lica: Qualidade, rigor e excel\u00eancia no ensino jur\u00eddico - Mais Magazine\" \/>\n<meta property=\"og:description\" content=\"(Re)conhecida pela sua exig\u00eancia educativa e por potenciar sempre a excel\u00eancia dos seus estudantes, a Escola do Porto da Faculdade de Direito da Universidade Cat\u00f3lica Portuguesa orgulha-se de formar profissionais dotados de um conhecimento rigoroso das mat\u00e9rias e devidamente preparados para uma utiliza\u00e7\u00e3o criativa do racioc\u00ednio jur\u00eddico.\" \/>\n<meta property=\"og:url\" content=\"https:\/\/maismagazine.pt\/index.php\/2023\/06\/23\/escola-do-porto-da-faculdade-de-direito-universidade-catolica-qualidade-rigor-e-excelencia-no-ensino-juridico\/\" \/>\n<meta property=\"og:site_name\" content=\"Mais Magazine\" \/>\n<meta property=\"article:published_time\" content=\"2023-06-23T06:00:00+00:00\" \/>\n<meta property=\"og:image\" content=\"https:\/\/maismagazine.pt\/wp-content\/uploads\/2023\/06\/0127-1.jpg\" \/>\n\t<meta property=\"og:image:width\" content=\"1817\" \/>\n\t<meta property=\"og:image:height\" content=\"1211\" \/>\n\t<meta property=\"og:image:type\" content=\"image\/jpeg\" \/>\n<meta name=\"author\" content=\"Tiago Costa\" \/>\n<meta name=\"twitter:card\" content=\"summary_large_image\" \/>\n<meta name=\"twitter:label1\" content=\"Escrito por\" \/>\n\t<meta name=\"twitter:data1\" content=\"\" \/>\n\t<meta name=\"twitter:label2\" content=\"Tempo estimado de leitura\" \/>\n\t<meta name=\"twitter:data2\" content=\"3 minutos\" \/>\n<script type=\"application\/ld+json\" class=\"yoast-schema-graph\">{\"@context\":\"https:\/\/schema.org\",\"@graph\":[{\"@type\":\"Article\",\"@id\":\"https:\/\/maismagazine.pt\/index.php\/2023\/06\/23\/escola-do-porto-da-faculdade-de-direito-universidade-catolica-qualidade-rigor-e-excelencia-no-ensino-juridico\/#article\",\"isPartOf\":{\"@id\":\"https:\/\/maismagazine.pt\/index.php\/2023\/06\/23\/escola-do-porto-da-faculdade-de-direito-universidade-catolica-qualidade-rigor-e-excelencia-no-ensino-juridico\/\"},\"author\":{\"name\":\"Tiago Costa\",\"@id\":\"https:\/\/maismagazine.pt\/#\/schema\/person\/c6c5bfccc886434cbd11c74e035f9646\"},\"headline\":\"Escola do Porto da Faculdade de Direito \u2013 Universidade Cat\u00f3lica: Qualidade, rigor e excel\u00eancia no ensino jur\u00eddico\",\"datePublished\":\"2023-06-23T06:00:00+00:00\",\"mainEntityOfPage\":{\"@id\":\"https:\/\/maismagazine.pt\/index.php\/2023\/06\/23\/escola-do-porto-da-faculdade-de-direito-universidade-catolica-qualidade-rigor-e-excelencia-no-ensino-juridico\/\"},\"wordCount\":552,\"publisher\":{\"@id\":\"https:\/\/maismagazine.pt\/#organization\"},\"image\":{\"@id\":\"https:\/\/maismagazine.pt\/index.php\/2023\/06\/23\/escola-do-porto-da-faculdade-de-direito-universidade-catolica-qualidade-rigor-e-excelencia-no-ensino-juridico\/#primaryimage\"},\"thumbnailUrl\":\"http:\/\/maismagazine.pt\/wp-content\/uploads\/2023\/06\/0127-1.jpg\",\"keywords\":[\"Educa\u00e7\u00e3o\",\"Ensino\",\"Universidades P\u00fablicas\"],\"articleSection\":[\"Educa\u00e7\u00e3o\"],\"inLanguage\":\"pt-PT\"},{\"@type\":\"WebPage\",\"@id\":\"https:\/\/maismagazine.pt\/index.php\/2023\/06\/23\/escola-do-porto-da-faculdade-de-direito-universidade-catolica-qualidade-rigor-e-excelencia-no-ensino-juridico\/\",\"url\":\"https:\/\/maismagazine.pt\/index.php\/2023\/06\/23\/escola-do-porto-da-faculdade-de-direito-universidade-catolica-qualidade-rigor-e-excelencia-no-ensino-juridico\/\",\"name\":\"Escola do Porto da Faculdade de Direito \u2013 Universidade Cat\u00f3lica: Qualidade, rigor e excel\u00eancia no ensino jur\u00eddico - Mais Magazine\",\"isPartOf\":{\"@id\":\"https:\/\/maismagazine.pt\/#website\"},\"primaryImageOfPage\":{\"@id\":\"https:\/\/maismagazine.pt\/index.php\/2023\/06\/23\/escola-do-porto-da-faculdade-de-direito-universidade-catolica-qualidade-rigor-e-excelencia-no-ensino-juridico\/#primaryimage\"},\"image\":{\"@id\":\"https:\/\/maismagazine.pt\/index.php\/2023\/06\/23\/escola-do-porto-da-faculdade-de-direito-universidade-catolica-qualidade-rigor-e-excelencia-no-ensino-juridico\/#primaryimage\"},\"thumbnailUrl\":\"http:\/\/maismagazine.pt\/wp-content\/uploads\/2023\/06\/0127-1.jpg\",\"datePublished\":\"2023-06-23T06:00:00+00:00\",\"description\":\"(Re)conhecida pela sua exig\u00eancia educativa e por potenciar sempre a excel\u00eancia dos seus estudantes, a Escola do Porto da Faculdade de Direito da Universidade Cat\u00f3lica Portuguesa orgulha-se de formar profissionais dotados de um conhecimento rigoroso das mat\u00e9rias e devidamente preparados para uma utiliza\u00e7\u00e3o criativa do racioc\u00ednio jur\u00eddico.\",\"breadcrumb\":{\"@id\":\"https:\/\/maismagazine.pt\/index.php\/2023\/06\/23\/escola-do-porto-da-faculdade-de-direito-universidade-catolica-qualidade-rigor-e-excelencia-no-ensino-juridico\/#breadcrumb\"},\"inLanguage\":\"pt-PT\",\"potentialAction\":[{\"@type\":\"ReadAction\",\"target\":[\"https:\/\/maismagazine.pt\/index.php\/2023\/06\/23\/escola-do-porto-da-faculdade-de-direito-universidade-catolica-qualidade-rigor-e-excelencia-no-ensino-juridico\/\"]}]},{\"@type\":\"ImageObject\",\"inLanguage\":\"pt-PT\",\"@id\":\"https:\/\/maismagazine.pt\/index.php\/2023\/06\/23\/escola-do-porto-da-faculdade-de-direito-universidade-catolica-qualidade-rigor-e-excelencia-no-ensino-juridico\/#primaryimage\",\"url\":\"http:\/\/maismagazine.pt\/wp-content\/uploads\/2023\/06\/0127-1.jpg\",\"contentUrl\":\"http:\/\/maismagazine.pt\/wp-content\/uploads\/2023\/06\/0127-1.jpg\",\"width\":1817,\"height\":1211},{\"@type\":\"BreadcrumbList\",\"@id\":\"https:\/\/maismagazine.pt\/index.php\/2023\/06\/23\/escola-do-porto-da-faculdade-de-direito-universidade-catolica-qualidade-rigor-e-excelencia-no-ensino-juridico\/#breadcrumb\",\"itemListElement\":[{\"@type\":\"ListItem\",\"position\":1,\"name\":\"Home\",\"item\":\"https:\/\/maismagazine.pt\/\"},{\"@type\":\"ListItem\",\"position\":2,\"name\":\"Escola do Porto da Faculdade de Direito \u2013 Universidade Cat\u00f3lica: Qualidade, rigor e excel\u00eancia no ensino jur\u00eddico\"}]},{\"@type\":\"WebSite\",\"@id\":\"https:\/\/maismagazine.pt\/#website\",\"url\":\"https:\/\/maismagazine.pt\/\",\"name\":\"Mais Magazine\",\"description\":\"\",\"publisher\":{\"@id\":\"https:\/\/maismagazine.pt\/#organization\"},\"potentialAction\":[{\"@type\":\"SearchAction\",\"target\":{\"@type\":\"EntryPoint\",\"urlTemplate\":\"https:\/\/maismagazine.pt\/?s={search_term_string}\"},\"query-input\":{\"@type\":\"PropertyValueSpecification\",\"valueRequired\":true,\"valueName\":\"search_term_string\"}}],\"inLanguage\":\"pt-PT\"},{\"@type\":\"Organization\",\"@id\":\"https:\/\/maismagazine.pt\/#organization\",\"name\":\"Mais Magazine\",\"url\":\"https:\/\/maismagazine.pt\/\",\"logo\":{\"@type\":\"ImageObject\",\"inLanguage\":\"pt-PT\",\"@id\":\"https:\/\/maismagazine.pt\/#\/schema\/logo\/image\/\",\"url\":\"http:\/\/maismagazine.pt\/wp-content\/uploads\/2020\/04\/cropped-cropped-mais-magazine-site-logo-2.png\",\"contentUrl\":\"http:\/\/maismagazine.pt\/wp-content\/uploads\/2020\/04\/cropped-cropped-mais-magazine-site-logo-2.png\",\"width\":581,\"height\":90,\"caption\":\"Mais Magazine\"},\"image\":{\"@id\":\"https:\/\/maismagazine.pt\/#\/schema\/logo\/image\/\"}},{\"@type\":\"Person\",\"@id\":\"https:\/\/maismagazine.pt\/#\/schema\/person\/c6c5bfccc886434cbd11c74e035f9646\",\"name\":\"Tiago Costa\",\"image\":{\"@type\":\"ImageObject\",\"inLanguage\":\"pt-PT\",\"@id\":\"https:\/\/maismagazine.pt\/#\/schema\/person\/image\/\",\"url\":\"https:\/\/secure.gravatar.com\/avatar\/c599b2bce16c9870429198cbad5ee022?s=96&d=mm&r=g\",\"contentUrl\":\"https:\/\/secure.gravatar.com\/avatar\/c599b2bce16c9870429198cbad5ee022?s=96&d=mm&r=g\",\"caption\":\"Tiago Costa\"},\"url\":\"http:\/\/maismagazine.pt\/index.php\/author\/tiago\/\"}]}<\/script>\n<!-- \/ Yoast SEO plugin. -->","yoast_head_json":{"title":"Escola do Porto da Faculdade de Direito \u2013 Universidade Cat\u00f3lica: Qualidade, rigor e excel\u00eancia no ensino jur\u00eddico - Mais Magazine","description":"(Re)conhecida pela sua exig\u00eancia educativa e por potenciar sempre a excel\u00eancia dos seus estudantes, a Escola do Porto da Faculdade de Direito da Universidade Cat\u00f3lica Portuguesa orgulha-se de formar profissionais dotados de um conhecimento rigoroso das mat\u00e9rias e devidamente preparados para uma utiliza\u00e7\u00e3o criativa do racioc\u00ednio jur\u00eddico.","robots":{"index":"index","follow":"follow","max-snippet":"max-snippet:-1","max-image-preview":"max-image-preview:large","max-video-preview":"max-video-preview:-1"},"canonical":"https:\/\/maismagazine.pt\/index.php\/2023\/06\/23\/escola-do-porto-da-faculdade-de-direito-universidade-catolica-qualidade-rigor-e-excelencia-no-ensino-juridico\/","og_locale":"pt_PT","og_type":"article","og_title":"Escola do Porto da Faculdade de Direito \u2013 Universidade Cat\u00f3lica: Qualidade, rigor e excel\u00eancia no ensino jur\u00eddico - Mais Magazine","og_description":"(Re)conhecida pela sua exig\u00eancia educativa e por potenciar sempre a excel\u00eancia dos seus estudantes, a Escola do Porto da Faculdade de Direito da Universidade Cat\u00f3lica Portuguesa orgulha-se de formar profissionais dotados de um conhecimento rigoroso das mat\u00e9rias e devidamente preparados para uma utiliza\u00e7\u00e3o criativa do racioc\u00ednio jur\u00eddico.","og_url":"https:\/\/maismagazine.pt\/index.php\/2023\/06\/23\/escola-do-porto-da-faculdade-de-direito-universidade-catolica-qualidade-rigor-e-excelencia-no-ensino-juridico\/","og_site_name":"Mais Magazine","article_published_time":"2023-06-23T06:00:00+00:00","og_image":[{"width":1817,"height":1211,"url":"https:\/\/maismagazine.pt\/wp-content\/uploads\/2023\/06\/0127-1.jpg","type":"image\/jpeg"}],"author":"Tiago Costa","twitter_card":"summary_large_image","twitter_misc":{"Escrito por":false,"Tempo estimado de leitura":"3 minutos"},"schema":{"@context":"https:\/\/schema.org","@graph":[{"@type":"Article","@id":"https:\/\/maismagazine.pt\/index.php\/2023\/06\/23\/escola-do-porto-da-faculdade-de-direito-universidade-catolica-qualidade-rigor-e-excelencia-no-ensino-juridico\/#article","isPartOf":{"@id":"https:\/\/maismagazine.pt\/index.php\/2023\/06\/23\/escola-do-porto-da-faculdade-de-direito-universidade-catolica-qualidade-rigor-e-excelencia-no-ensino-juridico\/"},"author":{"name":"Tiago Costa","@id":"https:\/\/maismagazine.pt\/#\/schema\/person\/c6c5bfccc886434cbd11c74e035f9646"},"headline":"Escola do Porto da Faculdade de Direito \u2013 Universidade Cat\u00f3lica: Qualidade, rigor e excel\u00eancia no ensino jur\u00eddico","datePublished":"2023-06-23T06:00:00+00:00","mainEntityOfPage":{"@id":"https:\/\/maismagazine.pt\/index.php\/2023\/06\/23\/escola-do-porto-da-faculdade-de-direito-universidade-catolica-qualidade-rigor-e-excelencia-no-ensino-juridico\/"},"wordCount":552,"publisher":{"@id":"https:\/\/maismagazine.pt\/#organization"},"image":{"@id":"https:\/\/maismagazine.pt\/index.php\/2023\/06\/23\/escola-do-porto-da-faculdade-de-direito-universidade-catolica-qualidade-rigor-e-excelencia-no-ensino-juridico\/#primaryimage"},"thumbnailUrl":"http:\/\/maismagazine.pt\/wp-content\/uploads\/2023\/06\/0127-1.jpg","keywords":["Educa\u00e7\u00e3o","Ensino","Universidades P\u00fablicas"],"articleSection":["Educa\u00e7\u00e3o"],"inLanguage":"pt-PT"},{"@type":"WebPage","@id":"https:\/\/maismagazine.pt\/index.php\/2023\/06\/23\/escola-do-porto-da-faculdade-de-direito-universidade-catolica-qualidade-rigor-e-excelencia-no-ensino-juridico\/","url":"https:\/\/maismagazine.pt\/index.php\/2023\/06\/23\/escola-do-porto-da-faculdade-de-direito-universidade-catolica-qualidade-rigor-e-excelencia-no-ensino-juridico\/","name":"Escola do Porto da Faculdade de Direito \u2013 Universidade Cat\u00f3lica: Qualidade, rigor e excel\u00eancia no ensino jur\u00eddico - Mais Magazine","isPartOf":{"@id":"https:\/\/maismagazine.pt\/#website"},"primaryImageOfPage":{"@id":"https:\/\/maismagazine.pt\/index.php\/2023\/06\/23\/escola-do-porto-da-faculdade-de-direito-universidade-catolica-qualidade-rigor-e-excelencia-no-ensino-juridico\/#primaryimage"},"image":{"@id":"https:\/\/maismagazine.pt\/index.php\/2023\/06\/23\/escola-do-porto-da-faculdade-de-direito-universidade-catolica-qualidade-rigor-e-excelencia-no-ensino-juridico\/#primaryimage"},"thumbnailUrl":"http:\/\/maismagazine.pt\/wp-content\/uploads\/2023\/06\/0127-1.jpg","datePublished":"2023-06-23T06:00:00+00:00","description":"(Re)conhecida pela sua exig\u00eancia educativa e por potenciar sempre a excel\u00eancia dos seus estudantes, a Escola do Porto da Faculdade de Direito da Universidade Cat\u00f3lica Portuguesa orgulha-se de formar profissionais dotados de um conhecimento rigoroso das mat\u00e9rias e devidamente preparados para uma utiliza\u00e7\u00e3o criativa do racioc\u00ednio jur\u00eddico.","breadcrumb":{"@id":"https:\/\/maismagazine.pt\/index.php\/2023\/06\/23\/escola-do-porto-da-faculdade-de-direito-universidade-catolica-qualidade-rigor-e-excelencia-no-ensino-juridico\/#breadcrumb"},"inLanguage":"pt-PT","potentialAction":[{"@type":"ReadAction","target":["https:\/\/maismagazine.pt\/index.php\/2023\/06\/23\/escola-do-porto-da-faculdade-de-direito-universidade-catolica-qualidade-rigor-e-excelencia-no-ensino-juridico\/"]}]},{"@type":"ImageObject","inLanguage":"pt-PT","@id":"https:\/\/maismagazine.pt\/index.php\/2023\/06\/23\/escola-do-porto-da-faculdade-de-direito-universidade-catolica-qualidade-rigor-e-excelencia-no-ensino-juridico\/#primaryimage","url":"http:\/\/maismagazine.pt\/wp-content\/uploads\/2023\/06\/0127-1.jpg","contentUrl":"http:\/\/maismagazine.pt\/wp-content\/uploads\/2023\/06\/0127-1.jpg","width":1817,"height":1211},{"@type":"BreadcrumbList","@id":"https:\/\/maismagazine.pt\/index.php\/2023\/06\/23\/escola-do-porto-da-faculdade-de-direito-universidade-catolica-qualidade-rigor-e-excelencia-no-ensino-juridico\/#breadcrumb","itemListElement":[{"@type":"ListItem","position":1,"name":"Home","item":"https:\/\/maismagazine.pt\/"},{"@type":"ListItem","position":2,"name":"Escola do Porto da Faculdade de Direito \u2013 Universidade Cat\u00f3lica: Qualidade, rigor e excel\u00eancia no ensino jur\u00eddico"}]},{"@type":"WebSite","@id":"https:\/\/maismagazine.pt\/#website","url":"https:\/\/maismagazine.pt\/","name":"Mais Magazine","description":"","publisher":{"@id":"https:\/\/maismagazine.pt\/#organization"},"potentialAction":[{"@type":"SearchAction","target":{"@type":"EntryPoint","urlTemplate":"https:\/\/maismagazine.pt\/?s={search_term_string}"},"query-input":{"@type":"PropertyValueSpecification","valueRequired":true,"valueName":"search_term_string"}}],"inLanguage":"pt-PT"},{"@type":"Organization","@id":"https:\/\/maismagazine.pt\/#organization","name":"Mais Magazine","url":"https:\/\/maismagazine.pt\/","logo":{"@type":"ImageObject","inLanguage":"pt-PT","@id":"https:\/\/maismagazine.pt\/#\/schema\/logo\/image\/","url":"http:\/\/maismagazine.pt\/wp-content\/uploads\/2020\/04\/cropped-cropped-mais-magazine-site-logo-2.png","contentUrl":"http:\/\/maismagazine.pt\/wp-content\/uploads\/2020\/04\/cropped-cropped-mais-magazine-site-logo-2.png","width":581,"height":90,"caption":"Mais Magazine"},"image":{"@id":"https:\/\/maismagazine.pt\/#\/schema\/logo\/image\/"}},{"@type":"Person","@id":"https:\/\/maismagazine.pt\/#\/schema\/person\/c6c5bfccc886434cbd11c74e035f9646","name":"Tiago Costa","image":{"@type":"ImageObject","inLanguage":"pt-PT","@id":"https:\/\/maismagazine.pt\/#\/schema\/person\/image\/","url":"https:\/\/secure.gravatar.com\/avatar\/c599b2bce16c9870429198cbad5ee022?s=96&d=mm&r=g","contentUrl":"https:\/\/secure.gravatar.com\/avatar\/c599b2bce16c9870429198cbad5ee022?s=96&d=mm&r=g","caption":"Tiago Costa"},"url":"http:\/\/maismagazine.pt\/index.php\/author\/tiago\/"}]}},"author_meta":{"display_name":false,"author_link":"http:\/\/maismagazine.pt\/index.php\/author\/tiago\/"},"featured_img":"http:\/\/maismagazine.pt\/wp-content\/uploads\/2023\/06\/0127-1-300x200.jpg","coauthors":[],"tax_additional":{"categories":{"linked":["<a href=\"http:\/\/maismagazine.pt\/index.php\/category\/educacao\/\" class=\"advgb-post-tax-term\">Educa\u00e7\u00e3o<\/a>"],"unlinked":["<span class=\"advgb-post-tax-term\">Educa\u00e7\u00e3o<\/span>"]},"tags":{"linked":["<a href=\"http:\/\/maismagazine.pt\/index.php\/category\/educacao\/\" class=\"advgb-post-tax-term\">Educa\u00e7\u00e3o<\/a>","<a href=\"http:\/\/maismagazine.pt\/index.php\/category\/educacao\/\" class=\"advgb-post-tax-term\">Ensino<\/a>","<a href=\"http:\/\/maismagazine.pt\/index.php\/category\/educacao\/\" class=\"advgb-post-tax-term\">Universidades P\u00fablicas<\/a>"],"unlinked":["<span class=\"advgb-post-tax-term\">Educa\u00e7\u00e3o<\/span>","<span class=\"advgb-post-tax-term\">Ensino<\/span>","<span class=\"advgb-post-tax-term\">Universidades P\u00fablicas<\/span>"]}},"comment_count":"0","relative_dates":{"created":"Posted 3 anos ago","modified":"Updated 3 anos ago"},"absolute_dates":{"created":"Posted on 23 de Junho, 2023","modified":"Updated on 14 de Junho, 2023"},"absolute_dates_time":{"created":"Posted on 23 de Junho, 2023 7:00","modified":"Updated on 14 de Junho, 2023 17:46"},"featured_img_caption":"","series_order":"","_links":{"self":[{"href":"http:\/\/maismagazine.pt\/index.php\/wp-json\/wp\/v2\/posts\/7086","targetHints":{"allow":["GET"]}}],"collection":[{"href":"http:\/\/maismagazine.pt\/index.php\/wp-json\/wp\/v2\/posts"}],"about":[{"href":"http:\/\/maismagazine.pt\/index.php\/wp-json\/wp\/v2\/types\/post"}],"author":[{"embeddable":true,"href":"http:\/\/maismagazine.pt\/index.php\/wp-json\/wp\/v2\/users\/17"}],"replies":[{"embeddable":true,"href":"http:\/\/maismagazine.pt\/index.php\/wp-json\/wp\/v2\/comments?post=7086"}],"version-history":[{"count":2,"href":"http:\/\/maismagazine.pt\/index.php\/wp-json\/wp\/v2\/posts\/7086\/revisions"}],"predecessor-version":[{"id":7097,"href":"http:\/\/maismagazine.pt\/index.php\/wp-json\/wp\/v2\/posts\/7086\/revisions\/7097"}],"wp:featuredmedia":[{"embeddable":true,"href":"http:\/\/maismagazine.pt\/index.php\/wp-json\/wp\/v2\/media\/7093"}],"wp:attachment":[{"href":"http:\/\/maismagazine.pt\/index.php\/wp-json\/wp\/v2\/media?parent=7086"}],"wp:term":[{"taxonomy":"category","embeddable":true,"href":"http:\/\/maismagazine.pt\/index.php\/wp-json\/wp\/v2\/categories?post=7086"},{"taxonomy":"post_tag","embeddable":true,"href":"http:\/\/maismagazine.pt\/index.php\/wp-json\/wp\/v2\/tags?post=7086"}],"curies":[{"name":"wp","href":"https:\/\/api.w.org\/{rel}","templated":true}]}}