{"id":6990,"date":"2023-06-23T07:00:00","date_gmt":"2023-06-23T06:00:00","guid":{"rendered":"https:\/\/maismagazine.pt\/?p=6990"},"modified":"2023-06-14T15:29:06","modified_gmt":"2023-06-14T14:29:06","slug":"um-areal-duas-praias-distintas","status":"publish","type":"post","link":"http:\/\/maismagazine.pt\/index.php\/2023\/06\/23\/um-areal-duas-praias-distintas\/","title":{"rendered":"Um areal, duas praias distintas"},"content":{"rendered":"\n<p><strong>Localizada a oito quil\u00f3metros de Caldas da Rainha, no Noroeste do concelho, encontra-se a deslumbrante Foz do Arelho, um areal situado na conflu\u00eancia da lagoa com o mar e margens revestidas de um cen\u00e1rio verdejante. Um destino balnear de excel\u00eancia que oferece duas formas distintas de praia, uma direcionada a norte para o Oceano Atl\u00e2ntico, a Praia Mar, a outra virada a sul para a orla da Lagoa de \u00d3bidos, a Praia da Lago. <\/strong><\/p>\n\n\n\n<p>\u00c9 nas Caldas da Rainha que est\u00e1 situa-da a famosa Foz do Arelho, um destino de f\u00e9rias escolhido por muitos turistas para passarem as suas f\u00e9rias de ver\u00e3o. Para al\u00e9m de todo o panorama paisag\u00edstico que serve de fundo a todo este areal, a Foz do Arelho demarca-se pela capacidade de oferecer num mesmo espa\u00e7o, dois tipos de praias diferentes. A Oeste encontra-se a Praia Mar, direcionada para o Oceano Atl\u00e2ntico, onde as \u00e1guas do mar permitem desfrutar de ondas e da pr\u00e1tica do surf. A Leste, a Praia da Lagoa, localiza-se junto da Lagoa de \u00d3bidos, o sistema lagunar costeiro mais extenso da costa Portuguesa, possuindo uma \u00e1rea total aproximada de 6,9 km\u00b2. Esta praia \u00e9 ideal para fam\u00edlias com crian\u00e7as devido \u00e0s suas \u00e1guas mais tranquilas e onde \u00e9 poss\u00edvel praticar kite surf entre outros desportos n\u00e1uticos. Ambas as praias da Foz do Arelho s\u00e3o hoje das mais procuradas do Oeste, n\u00e3o s\u00f3 para a pr\u00e1tica de atividades aqu\u00e1ticas, como para a pr\u00e1tica balnear e descanso em fam\u00edlia, estando equipadas com bares e restaurantes que permitem degustar os mariscos provenientes da Lagoa, bem como assistir a um p\u00f4r do sol fant\u00e1stico.  <\/p>\n\n\n\n<p><strong>A Praia Mar e da Lagoa s\u00e3o distinguidas com o galard\u00e3o de Bandeira Azul, selo praia acess\u00edvel e distin\u00e7\u00f5es Qualidade Ouro e Praia Zero Polui\u00e7\u00e3o (Praia Mar)<\/strong> <\/p>\n\n\n\n<p>Ambas as praias s\u00e3o distinguidas pelo galard\u00e3o de Bandeira Azul, o que atesta a qualidade e seguran\u00e7a de todo o espa\u00e7o balnear, incluindo a boa qualidade das \u00e1guas da regi\u00e3o para bons mergulhos e pr\u00e1tica de desportos n\u00e1uticos. Paralelamente, estas duas praias de Caldas da Rainha est\u00e3o ainda abrangidas pelo selo de praia acess\u00edvel a todos, fruto dos trabalhos levados a cabo pelo munic\u00edpio ao longo dos anos no que concerne aos acessos ao areal &#8211; com a instala\u00e7\u00e3o de rampas que permitem vencer o desn\u00edvel para o areal e que fazem interliga\u00e7\u00e3o entre os corredores de passadeiras existentes &#8211; rebaixamento de passeios, estruturas que permitem o acesso aos servi\u00e7os de praia, como bares ou instala\u00e7\u00f5es sanit\u00e1rias, estacionamentos ordenados e reservados a pessoas com mobilidade reduzida, e informa\u00e7\u00e3o disponibilizada aos utilizadores\/veraneantes. Para a \u00e9poca balnear de 2023 ser\u00e1 criada uma zona de sombreamento, reservada a utentes com mobilidade condicionada, onde estar\u00e1 dispon\u00edvel a cadeira anf\u00edbia e ser\u00e1 disponibilizado (com agendamento) apoio e assist\u00eancia para banhos, atrav\u00e9s de nada-dores-salvadores. Ser\u00e1 ainda criado um corredor de acesso at\u00e9 \u00e0 \u00e1gua. Devido \u00e0 beleza peculiar do areal da Foz do Arelho e da sua import\u00e2ncia para Caldas Rainha, urge procurar iniciativas que procurem proteger e promover estes espa\u00e7os balneares junto da popula\u00e7\u00e3o local. De entre os v\u00e1rios programas conduzidos pelo munic\u00edpio, destaque para a cria\u00e7\u00e3o do CILO \u2013 Centro Interpretativo da Lagoa de \u00d3bidos, em parceria com o Munic\u00edpio de \u00d3bidos, um equipamento que possibilita o desenvolvimento de projetos direcionados n\u00e3o s\u00f3 para as popula\u00e7\u00f5es escolares, mas tamb\u00e9m para a popula\u00e7\u00e3o em geral. Este programa aborda as principais quest\u00f5es ligadas \u00e0 Lagoa de \u00d3bidos, tais como a preserva\u00e7\u00e3o do habitat das esp\u00e9cies que a\u00ed vivem ou que por ali passam, a necessidade da preserva\u00e7\u00e3o da qualidade da \u00e1gua, a import\u00e2ncia da recolha seletiva para evitar que os res\u00edduos terminem no meio ambiente, com o impacto que causam.  <\/p>\n\n\n\n<p>De modo o potenciar a singularidade destes espa\u00e7os balneares, o munic\u00edpio de Caldas da Rainha tem ainda apostado no desenvolvimento de atividades tur\u00edsticas que permitem dar uma oferta tur\u00edsticas mais diversificada e completa. Para tal, os turistas podem usufruir no concelho de passeios de barco na Lagoa de \u00d3bidos, percursos pedestres ao longo da Lagoa e da costa, passeios pela natureza &#8211; com bicicletas el\u00e9tricas e buggies &#8211; pr\u00e1tica de diversos desportos n\u00e1uticos &#8211; surf, kite, paddle e vela &#8211; pr\u00e1tica de v\u00e1rios desportos de praia- futebol, voleibol, t\u00e9nis e andebol \u2013 e cria\u00e7\u00e3o de programas de atividade f\u00edsica, em parceria com diferentes agentes do concelho.  <\/p>\n\n\n<div class=\"wp-block-image\">\n<figure class=\"aligncenter size-large is-resized\"><img loading=\"lazy\" decoding=\"async\" src=\"https:\/\/maismagazine.pt\/wp-content\/uploads\/2023\/06\/logos_municipio_preto-1024x678.png\" alt=\"\" class=\"wp-image-6992\" width=\"231\" height=\"153\" srcset=\"http:\/\/maismagazine.pt\/wp-content\/uploads\/2023\/06\/logos_municipio_preto-1024x678.png 1024w, http:\/\/maismagazine.pt\/wp-content\/uploads\/2023\/06\/logos_municipio_preto-300x199.png 300w, http:\/\/maismagazine.pt\/wp-content\/uploads\/2023\/06\/logos_municipio_preto-768x508.png 768w, http:\/\/maismagazine.pt\/wp-content\/uploads\/2023\/06\/logos_municipio_preto-1536x1017.png 1536w, http:\/\/maismagazine.pt\/wp-content\/uploads\/2023\/06\/logos_municipio_preto-2048x1356.png 2048w, http:\/\/maismagazine.pt\/wp-content\/uploads\/2023\/06\/logos_municipio_preto-150x100.png 150w\" sizes=\"auto, (max-width: 231px) 100vw, 231px\" \/><\/figure><\/div>","protected":false},"excerpt":{"rendered":"<p>Localizada a oito quil\u00f3metros de Caldas da Rainha, no Noroeste do concelho, encontra-se a deslumbrante Foz do Arelho, um areal situado na conflu\u00eancia da lagoa com o mar e margens revestidas de um cen\u00e1rio verdejante. Um destino balnear de excel\u00eancia que oferece duas formas distintas de praia, uma direcionada a&hellip;<\/p>\n","protected":false},"author":17,"featured_media":6993,"comment_status":"closed","ping_status":"open","sticky":false,"template":"","format":"standard","meta":{"advgb_blocks_editor_width":"","advgb_blocks_columns_visual_guide":"","_monsterinsights_skip_tracking":false,"_monsterinsights_sitenote_active":false,"_monsterinsights_sitenote_note":"","_monsterinsights_sitenote_category":0,"footnotes":""},"categories":[53],"tags":[734,1538,520,64],"class_list":["post-6990","post","type-post","status-publish","format-standard","has-post-thumbnail","hentry","category-turismo-restaurantes","tag-bandeira-azul","tag-caldas-da-rainha","tag-praia","tag-turismo"],"yoast_head":"<!-- This site is optimized with the Yoast SEO plugin v24.4 - https:\/\/yoast.com\/wordpress\/plugins\/seo\/ -->\n<title>Um areal, duas praias distintas - Mais Magazine<\/title>\n<meta name=\"description\" content=\"Localizada a oito quil\u00f3metros de Caldas da Rainha, no Noroeste do concelho, encontra-se a deslumbrante Foz do Arelho, um areal situado na conflu\u00eancia da lagoa com o mar e margens revestidas de um cen\u00e1rio verdejante. Um destino balnear de excel\u00eancia que oferece duas formas distintas de praia, uma direcionada a norte para o Oceano Atl\u00e2ntico, a Praia Mar, a outra virada a sul para a orla da Lagoa de \u00d3bidos, a Praia da Lago.\" \/>\n<meta name=\"robots\" content=\"index, follow, max-snippet:-1, max-image-preview:large, max-video-preview:-1\" \/>\n<link rel=\"canonical\" href=\"http:\/\/maismagazine.pt\/index.php\/2023\/06\/23\/um-areal-duas-praias-distintas\/\" \/>\n<meta property=\"og:locale\" content=\"pt_PT\" \/>\n<meta property=\"og:type\" content=\"article\" \/>\n<meta property=\"og:title\" content=\"Um areal, duas praias distintas - Mais Magazine\" \/>\n<meta property=\"og:description\" content=\"Localizada a oito quil\u00f3metros de Caldas da Rainha, no Noroeste do concelho, encontra-se a deslumbrante Foz do Arelho, um areal situado na conflu\u00eancia da lagoa com o mar e margens revestidas de um cen\u00e1rio verdejante. Um destino balnear de excel\u00eancia que oferece duas formas distintas de praia, uma direcionada a norte para o Oceano Atl\u00e2ntico, a Praia Mar, a outra virada a sul para a orla da Lagoa de \u00d3bidos, a Praia da Lago.\" \/>\n<meta property=\"og:url\" content=\"http:\/\/maismagazine.pt\/index.php\/2023\/06\/23\/um-areal-duas-praias-distintas\/\" \/>\n<meta property=\"og:site_name\" content=\"Mais Magazine\" \/>\n<meta property=\"article:published_time\" content=\"2023-06-23T06:00:00+00:00\" \/>\n<meta property=\"og:image\" content=\"http:\/\/maismagazine.pt\/wp-content\/uploads\/2023\/06\/FozdoArelho__N0.0000W0.0000_20170414_185805-scaled.jpg\" \/>\n\t<meta property=\"og:image:width\" content=\"2560\" \/>\n\t<meta property=\"og:image:height\" content=\"1438\" \/>\n\t<meta property=\"og:image:type\" content=\"image\/jpeg\" \/>\n<meta name=\"author\" content=\"Tiago Costa\" \/>\n<meta name=\"twitter:card\" content=\"summary_large_image\" \/>\n<meta name=\"twitter:label1\" content=\"Escrito por\" \/>\n\t<meta name=\"twitter:data1\" content=\"\" \/>\n\t<meta name=\"twitter:label2\" content=\"Tempo estimado de leitura\" \/>\n\t<meta name=\"twitter:data2\" content=\"4 minutos\" \/>\n<script type=\"application\/ld+json\" class=\"yoast-schema-graph\">{\"@context\":\"https:\/\/schema.org\",\"@graph\":[{\"@type\":\"Article\",\"@id\":\"http:\/\/maismagazine.pt\/index.php\/2023\/06\/23\/um-areal-duas-praias-distintas\/#article\",\"isPartOf\":{\"@id\":\"http:\/\/maismagazine.pt\/index.php\/2023\/06\/23\/um-areal-duas-praias-distintas\/\"},\"author\":{\"name\":\"Tiago Costa\",\"@id\":\"https:\/\/maismagazine.pt\/#\/schema\/person\/c6c5bfccc886434cbd11c74e035f9646\"},\"headline\":\"Um areal, duas praias distintas\",\"datePublished\":\"2023-06-23T06:00:00+00:00\",\"mainEntityOfPage\":{\"@id\":\"http:\/\/maismagazine.pt\/index.php\/2023\/06\/23\/um-areal-duas-praias-distintas\/\"},\"wordCount\":790,\"publisher\":{\"@id\":\"https:\/\/maismagazine.pt\/#organization\"},\"image\":{\"@id\":\"http:\/\/maismagazine.pt\/index.php\/2023\/06\/23\/um-areal-duas-praias-distintas\/#primaryimage\"},\"thumbnailUrl\":\"http:\/\/maismagazine.pt\/wp-content\/uploads\/2023\/06\/FozdoArelho__N0.0000W0.0000_20170414_185805-scaled.jpg\",\"keywords\":[\"Bandeira azul\",\"Caldas da Rainha\",\"praia\",\"Turismo\"],\"articleSection\":[\"Turismo | Vinhos | Gastronomia\"],\"inLanguage\":\"pt-PT\"},{\"@type\":\"WebPage\",\"@id\":\"http:\/\/maismagazine.pt\/index.php\/2023\/06\/23\/um-areal-duas-praias-distintas\/\",\"url\":\"http:\/\/maismagazine.pt\/index.php\/2023\/06\/23\/um-areal-duas-praias-distintas\/\",\"name\":\"Um areal, duas praias distintas - Mais Magazine\",\"isPartOf\":{\"@id\":\"https:\/\/maismagazine.pt\/#website\"},\"primaryImageOfPage\":{\"@id\":\"http:\/\/maismagazine.pt\/index.php\/2023\/06\/23\/um-areal-duas-praias-distintas\/#primaryimage\"},\"image\":{\"@id\":\"http:\/\/maismagazine.pt\/index.php\/2023\/06\/23\/um-areal-duas-praias-distintas\/#primaryimage\"},\"thumbnailUrl\":\"http:\/\/maismagazine.pt\/wp-content\/uploads\/2023\/06\/FozdoArelho__N0.0000W0.0000_20170414_185805-scaled.jpg\",\"datePublished\":\"2023-06-23T06:00:00+00:00\",\"description\":\"Localizada a oito quil\u00f3metros de Caldas da Rainha, no Noroeste do concelho, encontra-se a deslumbrante Foz do Arelho, um areal situado na conflu\u00eancia da lagoa com o mar e margens revestidas de um cen\u00e1rio verdejante. Um destino balnear de excel\u00eancia que oferece duas formas distintas de praia, uma direcionada a norte para o Oceano Atl\u00e2ntico, a Praia Mar, a outra virada a sul para a orla da Lagoa de \u00d3bidos, a Praia da Lago.\",\"breadcrumb\":{\"@id\":\"http:\/\/maismagazine.pt\/index.php\/2023\/06\/23\/um-areal-duas-praias-distintas\/#breadcrumb\"},\"inLanguage\":\"pt-PT\",\"potentialAction\":[{\"@type\":\"ReadAction\",\"target\":[\"http:\/\/maismagazine.pt\/index.php\/2023\/06\/23\/um-areal-duas-praias-distintas\/\"]}]},{\"@type\":\"ImageObject\",\"inLanguage\":\"pt-PT\",\"@id\":\"http:\/\/maismagazine.pt\/index.php\/2023\/06\/23\/um-areal-duas-praias-distintas\/#primaryimage\",\"url\":\"http:\/\/maismagazine.pt\/wp-content\/uploads\/2023\/06\/FozdoArelho__N0.0000W0.0000_20170414_185805-scaled.jpg\",\"contentUrl\":\"http:\/\/maismagazine.pt\/wp-content\/uploads\/2023\/06\/FozdoArelho__N0.0000W0.0000_20170414_185805-scaled.jpg\",\"width\":2560,\"height\":1438,\"caption\":\"Imagem de drone da praia da foz do arelho\"},{\"@type\":\"BreadcrumbList\",\"@id\":\"http:\/\/maismagazine.pt\/index.php\/2023\/06\/23\/um-areal-duas-praias-distintas\/#breadcrumb\",\"itemListElement\":[{\"@type\":\"ListItem\",\"position\":1,\"name\":\"Home\",\"item\":\"https:\/\/maismagazine.pt\/\"},{\"@type\":\"ListItem\",\"position\":2,\"name\":\"Um areal, duas praias distintas\"}]},{\"@type\":\"WebSite\",\"@id\":\"https:\/\/maismagazine.pt\/#website\",\"url\":\"https:\/\/maismagazine.pt\/\",\"name\":\"Mais Magazine\",\"description\":\"\",\"publisher\":{\"@id\":\"https:\/\/maismagazine.pt\/#organization\"},\"potentialAction\":[{\"@type\":\"SearchAction\",\"target\":{\"@type\":\"EntryPoint\",\"urlTemplate\":\"https:\/\/maismagazine.pt\/?s={search_term_string}\"},\"query-input\":{\"@type\":\"PropertyValueSpecification\",\"valueRequired\":true,\"valueName\":\"search_term_string\"}}],\"inLanguage\":\"pt-PT\"},{\"@type\":\"Organization\",\"@id\":\"https:\/\/maismagazine.pt\/#organization\",\"name\":\"Mais Magazine\",\"url\":\"https:\/\/maismagazine.pt\/\",\"logo\":{\"@type\":\"ImageObject\",\"inLanguage\":\"pt-PT\",\"@id\":\"https:\/\/maismagazine.pt\/#\/schema\/logo\/image\/\",\"url\":\"http:\/\/maismagazine.pt\/wp-content\/uploads\/2020\/04\/cropped-cropped-mais-magazine-site-logo-2.png\",\"contentUrl\":\"http:\/\/maismagazine.pt\/wp-content\/uploads\/2020\/04\/cropped-cropped-mais-magazine-site-logo-2.png\",\"width\":581,\"height\":90,\"caption\":\"Mais Magazine\"},\"image\":{\"@id\":\"https:\/\/maismagazine.pt\/#\/schema\/logo\/image\/\"}},{\"@type\":\"Person\",\"@id\":\"https:\/\/maismagazine.pt\/#\/schema\/person\/c6c5bfccc886434cbd11c74e035f9646\",\"name\":\"Tiago Costa\",\"image\":{\"@type\":\"ImageObject\",\"inLanguage\":\"pt-PT\",\"@id\":\"https:\/\/maismagazine.pt\/#\/schema\/person\/image\/\",\"url\":\"https:\/\/secure.gravatar.com\/avatar\/c599b2bce16c9870429198cbad5ee022?s=96&d=mm&r=g\",\"contentUrl\":\"https:\/\/secure.gravatar.com\/avatar\/c599b2bce16c9870429198cbad5ee022?s=96&d=mm&r=g\",\"caption\":\"Tiago Costa\"},\"url\":\"http:\/\/maismagazine.pt\/index.php\/author\/tiago\/\"}]}<\/script>\n<!-- \/ Yoast SEO plugin. -->","yoast_head_json":{"title":"Um areal, duas praias distintas - Mais Magazine","description":"Localizada a oito quil\u00f3metros de Caldas da Rainha, no Noroeste do concelho, encontra-se a deslumbrante Foz do Arelho, um areal situado na conflu\u00eancia da lagoa com o mar e margens revestidas de um cen\u00e1rio verdejante. Um destino balnear de excel\u00eancia que oferece duas formas distintas de praia, uma direcionada a norte para o Oceano Atl\u00e2ntico, a Praia Mar, a outra virada a sul para a orla da Lagoa de \u00d3bidos, a Praia da Lago.","robots":{"index":"index","follow":"follow","max-snippet":"max-snippet:-1","max-image-preview":"max-image-preview:large","max-video-preview":"max-video-preview:-1"},"canonical":"http:\/\/maismagazine.pt\/index.php\/2023\/06\/23\/um-areal-duas-praias-distintas\/","og_locale":"pt_PT","og_type":"article","og_title":"Um areal, duas praias distintas - Mais Magazine","og_description":"Localizada a oito quil\u00f3metros de Caldas da Rainha, no Noroeste do concelho, encontra-se a deslumbrante Foz do Arelho, um areal situado na conflu\u00eancia da lagoa com o mar e margens revestidas de um cen\u00e1rio verdejante. Um destino balnear de excel\u00eancia que oferece duas formas distintas de praia, uma direcionada a norte para o Oceano Atl\u00e2ntico, a Praia Mar, a outra virada a sul para a orla da Lagoa de \u00d3bidos, a Praia da Lago.","og_url":"http:\/\/maismagazine.pt\/index.php\/2023\/06\/23\/um-areal-duas-praias-distintas\/","og_site_name":"Mais Magazine","article_published_time":"2023-06-23T06:00:00+00:00","og_image":[{"width":2560,"height":1438,"url":"http:\/\/maismagazine.pt\/wp-content\/uploads\/2023\/06\/FozdoArelho__N0.0000W0.0000_20170414_185805-scaled.jpg","type":"image\/jpeg"}],"author":"Tiago Costa","twitter_card":"summary_large_image","twitter_misc":{"Escrito por":false,"Tempo estimado de leitura":"4 minutos"},"schema":{"@context":"https:\/\/schema.org","@graph":[{"@type":"Article","@id":"http:\/\/maismagazine.pt\/index.php\/2023\/06\/23\/um-areal-duas-praias-distintas\/#article","isPartOf":{"@id":"http:\/\/maismagazine.pt\/index.php\/2023\/06\/23\/um-areal-duas-praias-distintas\/"},"author":{"name":"Tiago Costa","@id":"https:\/\/maismagazine.pt\/#\/schema\/person\/c6c5bfccc886434cbd11c74e035f9646"},"headline":"Um areal, duas praias distintas","datePublished":"2023-06-23T06:00:00+00:00","mainEntityOfPage":{"@id":"http:\/\/maismagazine.pt\/index.php\/2023\/06\/23\/um-areal-duas-praias-distintas\/"},"wordCount":790,"publisher":{"@id":"https:\/\/maismagazine.pt\/#organization"},"image":{"@id":"http:\/\/maismagazine.pt\/index.php\/2023\/06\/23\/um-areal-duas-praias-distintas\/#primaryimage"},"thumbnailUrl":"http:\/\/maismagazine.pt\/wp-content\/uploads\/2023\/06\/FozdoArelho__N0.0000W0.0000_20170414_185805-scaled.jpg","keywords":["Bandeira azul","Caldas da Rainha","praia","Turismo"],"articleSection":["Turismo | Vinhos | Gastronomia"],"inLanguage":"pt-PT"},{"@type":"WebPage","@id":"http:\/\/maismagazine.pt\/index.php\/2023\/06\/23\/um-areal-duas-praias-distintas\/","url":"http:\/\/maismagazine.pt\/index.php\/2023\/06\/23\/um-areal-duas-praias-distintas\/","name":"Um areal, duas praias distintas - Mais Magazine","isPartOf":{"@id":"https:\/\/maismagazine.pt\/#website"},"primaryImageOfPage":{"@id":"http:\/\/maismagazine.pt\/index.php\/2023\/06\/23\/um-areal-duas-praias-distintas\/#primaryimage"},"image":{"@id":"http:\/\/maismagazine.pt\/index.php\/2023\/06\/23\/um-areal-duas-praias-distintas\/#primaryimage"},"thumbnailUrl":"http:\/\/maismagazine.pt\/wp-content\/uploads\/2023\/06\/FozdoArelho__N0.0000W0.0000_20170414_185805-scaled.jpg","datePublished":"2023-06-23T06:00:00+00:00","description":"Localizada a oito quil\u00f3metros de Caldas da Rainha, no Noroeste do concelho, encontra-se a deslumbrante Foz do Arelho, um areal situado na conflu\u00eancia da lagoa com o mar e margens revestidas de um cen\u00e1rio verdejante. Um destino balnear de excel\u00eancia que oferece duas formas distintas de praia, uma direcionada a norte para o Oceano Atl\u00e2ntico, a Praia Mar, a outra virada a sul para a orla da Lagoa de \u00d3bidos, a Praia da Lago.","breadcrumb":{"@id":"http:\/\/maismagazine.pt\/index.php\/2023\/06\/23\/um-areal-duas-praias-distintas\/#breadcrumb"},"inLanguage":"pt-PT","potentialAction":[{"@type":"ReadAction","target":["http:\/\/maismagazine.pt\/index.php\/2023\/06\/23\/um-areal-duas-praias-distintas\/"]}]},{"@type":"ImageObject","inLanguage":"pt-PT","@id":"http:\/\/maismagazine.pt\/index.php\/2023\/06\/23\/um-areal-duas-praias-distintas\/#primaryimage","url":"http:\/\/maismagazine.pt\/wp-content\/uploads\/2023\/06\/FozdoArelho__N0.0000W0.0000_20170414_185805-scaled.jpg","contentUrl":"http:\/\/maismagazine.pt\/wp-content\/uploads\/2023\/06\/FozdoArelho__N0.0000W0.0000_20170414_185805-scaled.jpg","width":2560,"height":1438,"caption":"Imagem de drone da praia da foz do arelho"},{"@type":"BreadcrumbList","@id":"http:\/\/maismagazine.pt\/index.php\/2023\/06\/23\/um-areal-duas-praias-distintas\/#breadcrumb","itemListElement":[{"@type":"ListItem","position":1,"name":"Home","item":"https:\/\/maismagazine.pt\/"},{"@type":"ListItem","position":2,"name":"Um areal, duas praias distintas"}]},{"@type":"WebSite","@id":"https:\/\/maismagazine.pt\/#website","url":"https:\/\/maismagazine.pt\/","name":"Mais Magazine","description":"","publisher":{"@id":"https:\/\/maismagazine.pt\/#organization"},"potentialAction":[{"@type":"SearchAction","target":{"@type":"EntryPoint","urlTemplate":"https:\/\/maismagazine.pt\/?s={search_term_string}"},"query-input":{"@type":"PropertyValueSpecification","valueRequired":true,"valueName":"search_term_string"}}],"inLanguage":"pt-PT"},{"@type":"Organization","@id":"https:\/\/maismagazine.pt\/#organization","name":"Mais Magazine","url":"https:\/\/maismagazine.pt\/","logo":{"@type":"ImageObject","inLanguage":"pt-PT","@id":"https:\/\/maismagazine.pt\/#\/schema\/logo\/image\/","url":"http:\/\/maismagazine.pt\/wp-content\/uploads\/2020\/04\/cropped-cropped-mais-magazine-site-logo-2.png","contentUrl":"http:\/\/maismagazine.pt\/wp-content\/uploads\/2020\/04\/cropped-cropped-mais-magazine-site-logo-2.png","width":581,"height":90,"caption":"Mais Magazine"},"image":{"@id":"https:\/\/maismagazine.pt\/#\/schema\/logo\/image\/"}},{"@type":"Person","@id":"https:\/\/maismagazine.pt\/#\/schema\/person\/c6c5bfccc886434cbd11c74e035f9646","name":"Tiago Costa","image":{"@type":"ImageObject","inLanguage":"pt-PT","@id":"https:\/\/maismagazine.pt\/#\/schema\/person\/image\/","url":"https:\/\/secure.gravatar.com\/avatar\/c599b2bce16c9870429198cbad5ee022?s=96&d=mm&r=g","contentUrl":"https:\/\/secure.gravatar.com\/avatar\/c599b2bce16c9870429198cbad5ee022?s=96&d=mm&r=g","caption":"Tiago Costa"},"url":"http:\/\/maismagazine.pt\/index.php\/author\/tiago\/"}]}},"author_meta":{"display_name":false,"author_link":"http:\/\/maismagazine.pt\/index.php\/author\/tiago\/"},"featured_img":"http:\/\/maismagazine.pt\/wp-content\/uploads\/2023\/06\/FozdoArelho__N0.0000W0.0000_20170414_185805-300x168.jpg","coauthors":[],"tax_additional":{"categories":{"linked":["<a href=\"http:\/\/maismagazine.pt\/index.php\/category\/turismo-restaurantes\/\" class=\"advgb-post-tax-term\">Turismo | Vinhos | Gastronomia<\/a>"],"unlinked":["<span class=\"advgb-post-tax-term\">Turismo | Vinhos | Gastronomia<\/span>"]},"tags":{"linked":["<a href=\"http:\/\/maismagazine.pt\/index.php\/category\/turismo-restaurantes\/\" class=\"advgb-post-tax-term\">Bandeira azul<\/a>","<a href=\"http:\/\/maismagazine.pt\/index.php\/category\/turismo-restaurantes\/\" class=\"advgb-post-tax-term\">Caldas da Rainha<\/a>","<a href=\"http:\/\/maismagazine.pt\/index.php\/category\/turismo-restaurantes\/\" class=\"advgb-post-tax-term\">praia<\/a>","<a href=\"http:\/\/maismagazine.pt\/index.php\/category\/turismo-restaurantes\/\" class=\"advgb-post-tax-term\">Turismo<\/a>"],"unlinked":["<span class=\"advgb-post-tax-term\">Bandeira azul<\/span>","<span class=\"advgb-post-tax-term\">Caldas da Rainha<\/span>","<span class=\"advgb-post-tax-term\">praia<\/span>","<span class=\"advgb-post-tax-term\">Turismo<\/span>"]}},"comment_count":"0","relative_dates":{"created":"Posted 3 anos ago","modified":"Updated 3 anos ago"},"absolute_dates":{"created":"Posted on 23 de Junho, 2023","modified":"Updated on 14 de Junho, 2023"},"absolute_dates_time":{"created":"Posted on 23 de Junho, 2023 7:00","modified":"Updated on 14 de Junho, 2023 15:29"},"featured_img_caption":"Imagem de drone da praia da foz do arelho","series_order":"","_links":{"self":[{"href":"http:\/\/maismagazine.pt\/index.php\/wp-json\/wp\/v2\/posts\/6990","targetHints":{"allow":["GET"]}}],"collection":[{"href":"http:\/\/maismagazine.pt\/index.php\/wp-json\/wp\/v2\/posts"}],"about":[{"href":"http:\/\/maismagazine.pt\/index.php\/wp-json\/wp\/v2\/types\/post"}],"author":[{"embeddable":true,"href":"http:\/\/maismagazine.pt\/index.php\/wp-json\/wp\/v2\/users\/17"}],"replies":[{"embeddable":true,"href":"http:\/\/maismagazine.pt\/index.php\/wp-json\/wp\/v2\/comments?post=6990"}],"version-history":[{"count":2,"href":"http:\/\/maismagazine.pt\/index.php\/wp-json\/wp\/v2\/posts\/6990\/revisions"}],"predecessor-version":[{"id":6995,"href":"http:\/\/maismagazine.pt\/index.php\/wp-json\/wp\/v2\/posts\/6990\/revisions\/6995"}],"wp:featuredmedia":[{"embeddable":true,"href":"http:\/\/maismagazine.pt\/index.php\/wp-json\/wp\/v2\/media\/6993"}],"wp:attachment":[{"href":"http:\/\/maismagazine.pt\/index.php\/wp-json\/wp\/v2\/media?parent=6990"}],"wp:term":[{"taxonomy":"category","embeddable":true,"href":"http:\/\/maismagazine.pt\/index.php\/wp-json\/wp\/v2\/categories?post=6990"},{"taxonomy":"post_tag","embeddable":true,"href":"http:\/\/maismagazine.pt\/index.php\/wp-json\/wp\/v2\/tags?post=6990"}],"curies":[{"name":"wp","href":"https:\/\/api.w.org\/{rel}","templated":true}]}}