{"id":6726,"date":"2023-05-26T07:00:00","date_gmt":"2023-05-26T06:00:00","guid":{"rendered":"http:\/\/maismagazine.pt\/?p=6726"},"modified":"2023-05-17T15:54:41","modified_gmt":"2023-05-17T14:54:41","slug":"politecnico-da-guarda-forma-engenheiros-para-a-expansao-dos-metros-de-lisboa-e-porto","status":"publish","type":"post","link":"http:\/\/maismagazine.pt\/index.php\/2023\/05\/26\/politecnico-da-guarda-forma-engenheiros-para-a-expansao-dos-metros-de-lisboa-e-porto\/","title":{"rendered":"Polit\u00e9cnico da Guarda forma engenheiros para a expans\u00e3o dos metros de Lisboa e Porto"},"content":{"rendered":"\n<p><strong>Com duas licenciaturas \u00fanicas no pa\u00eds, Engenharia Topogr\u00e1fica e Ci\u00eancia de Dados e Intelig\u00eancia Artificial, o <a href=\"https:\/\/politecnicoguarda.pt\/\">Polit\u00e9cnico da Guarda<\/a> est\u00e1 a preparar t\u00e9cnicos para a elevada procura do mercado.<\/strong><br><\/p>\n\n\n\n<p>No Instituto Polit\u00e9cnico da Guarda \u2013 IPG a Escola Superior de Tecnologia e Gest\u00e3o tem duas licenciaturas \u00fanicas em todo o ensino superior portugu\u00eas. Distinguem-se por proporcionarem forma\u00e7\u00f5es curriculares que nenhum outro polit\u00e9cnico ou universidade oferecem \u2013 e por uma procura intensa dos seus estudantes por parte de empregadores. H\u00e1 empresas envolvidas nas obras de expans\u00e3o dos metropolitanos de Lisboa e do Porto a procurar rec\u00e9m-formados diretamente no IPG.<br><br>Como Engenharia Topogr\u00e1fica \u00e9 o \u00fanico curso do pa\u00eds nesta \u00e1rea, centraliza a procura destes graduados por parte de empresas de engenharia, construtoras e autarquias, chegando constantemente ao IPG pedidos de contactos de alunos para lhes fazerem propostas de trabalho. Em 2023 t\u00eam sido os gabinetes de engenharia e empresas envolvidas nas obras de expans\u00e3o dos metropolitanos de Lisboa e do Porto a contactarem o respons\u00e1vel do curso para saberem se h\u00e1 estudantes dispon\u00edveis para receberem convites de emprego.<br><br>J\u00e1 Ci\u00eancia de Dados e Intelig\u00eancia Artificial \u00e9 uma licenciatura que, juntando duas \u00e1reas que, para al\u00e9m da Guarda, s\u00f3 se encontram emparceiradas na Universidade do Porto, acrescenta tamb\u00e9m forma\u00e7\u00e3o espec\u00edfica em tecnologia Blockchain, o que fornece aos seus estudantes compet\u00eancias na \u00e1rea da seguran\u00e7a inform\u00e1tica que t\u00eam enorme procura no mercado.<br><br><\/p>\n\n\n\n<p><strong>Integrar ensino e mercado \u00e9 prioridade do IPG<\/strong><br>Desde 2018 a liderar o Polit\u00e9cnico da Guarda, Joaquim Brigas tem assumido a miss\u00e3o de multiplicar nas quatro escolas do IPG as oportunidades de integrar o ensino, a investiga\u00e7\u00e3o, o estudo e a aprendizagem com o mercado de trabalho. \u201cO nosso ensino est\u00e1 focado em cultivar uma permanente abertura ao exterior, cultivando parcerias com empresas, com unidades de sa\u00fade, com escolas, com autarquias, com IPSS, com clubes desportivos, com \u00f3rg\u00e3os comunica\u00e7\u00e3o\u201d, afirma Joaquim Brigas.<br><br><\/p>\n","protected":false},"excerpt":{"rendered":"<p>Com duas licenciaturas \u00fanicas no pa\u00eds, Engenharia Topogr\u00e1fica e Ci\u00eancia de Dados e Intelig\u00eancia Artificial, o Polit\u00e9cnico da Guarda est\u00e1 a preparar t\u00e9cnicos para a elevada procura do mercado. No Instituto Polit\u00e9cnico da Guarda \u2013 IPG a Escola Superior de Tecnologia e Gest\u00e3o tem duas licenciaturas \u00fanicas em todo o&hellip;<\/p>\n","protected":false},"author":7,"featured_media":6739,"comment_status":"closed","ping_status":"open","sticky":false,"template":"","format":"standard","meta":{"advgb_blocks_editor_width":"","advgb_blocks_columns_visual_guide":"","_monsterinsights_skip_tracking":false,"_monsterinsights_sitenote_active":false,"_monsterinsights_sitenote_note":"","_monsterinsights_sitenote_category":0,"footnotes":""},"categories":[1,149],"tags":[1474,1495],"class_list":["post-6726","post","type-post","status-publish","format-standard","has-post-thumbnail","hentry","category-atualidade","category-educacao","tag-ensino-superior-politecnico","tag-politecnico-da-guarda"],"yoast_head":"<!-- This site is optimized with the Yoast SEO plugin v24.4 - https:\/\/yoast.com\/wordpress\/plugins\/seo\/ -->\n<title>Polit\u00e9cnico da Guarda forma engenheiros para a expans\u00e3o dos metros de Lisboa e Porto - Mais Magazine<\/title>\n<meta name=\"description\" content=\"Com duas licenciaturas \u00fanicas no pa\u00eds, Engenharia Topogr\u00e1fica e Ci\u00eancia de Dados e Intelig\u00eancia Artificial, o Polit\u00e9cnico da Guarda est\u00e1 a preparar t\u00e9cnicos para a elevada procura do mercado.\" \/>\n<meta name=\"robots\" content=\"index, follow, max-snippet:-1, max-image-preview:large, max-video-preview:-1\" \/>\n<link rel=\"canonical\" href=\"http:\/\/maismagazine.pt\/index.php\/2023\/05\/26\/politecnico-da-guarda-forma-engenheiros-para-a-expansao-dos-metros-de-lisboa-e-porto\/\" \/>\n<meta property=\"og:locale\" content=\"pt_PT\" \/>\n<meta property=\"og:type\" content=\"article\" \/>\n<meta property=\"og:title\" content=\"Polit\u00e9cnico da Guarda forma engenheiros para a expans\u00e3o dos metros de Lisboa e Porto - Mais Magazine\" \/>\n<meta property=\"og:description\" content=\"Com duas licenciaturas \u00fanicas no pa\u00eds, Engenharia Topogr\u00e1fica e Ci\u00eancia de Dados e Intelig\u00eancia Artificial, o Polit\u00e9cnico da Guarda est\u00e1 a preparar t\u00e9cnicos para a elevada procura do mercado.\" \/>\n<meta property=\"og:url\" content=\"http:\/\/maismagazine.pt\/index.php\/2023\/05\/26\/politecnico-da-guarda-forma-engenheiros-para-a-expansao-dos-metros-de-lisboa-e-porto\/\" \/>\n<meta property=\"og:site_name\" content=\"Mais Magazine\" \/>\n<meta property=\"article:published_time\" content=\"2023-05-26T06:00:00+00:00\" \/>\n<meta property=\"og:image\" content=\"http:\/\/maismagazine.pt\/wp-content\/uploads\/2023\/05\/jj.jpg\" \/>\n\t<meta property=\"og:image:width\" content=\"960\" \/>\n\t<meta property=\"og:image:height\" content=\"1163\" \/>\n\t<meta property=\"og:image:type\" content=\"image\/jpeg\" \/>\n<meta name=\"author\" content=\"Jo\u00e3o Malainho\" \/>\n<meta name=\"twitter:card\" content=\"summary_large_image\" \/>\n<meta name=\"twitter:label1\" content=\"Escrito por\" \/>\n\t<meta name=\"twitter:data1\" content=\"\" \/>\n\t<meta name=\"twitter:label2\" content=\"Tempo estimado de leitura\" \/>\n\t<meta name=\"twitter:data2\" content=\"2 minutos\" \/>\n<script type=\"application\/ld+json\" class=\"yoast-schema-graph\">{\"@context\":\"https:\/\/schema.org\",\"@graph\":[{\"@type\":\"Article\",\"@id\":\"http:\/\/maismagazine.pt\/index.php\/2023\/05\/26\/politecnico-da-guarda-forma-engenheiros-para-a-expansao-dos-metros-de-lisboa-e-porto\/#article\",\"isPartOf\":{\"@id\":\"http:\/\/maismagazine.pt\/index.php\/2023\/05\/26\/politecnico-da-guarda-forma-engenheiros-para-a-expansao-dos-metros-de-lisboa-e-porto\/\"},\"author\":{\"name\":\"Jo\u00e3o Malainho\",\"@id\":\"http:\/\/maismagazine.pt\/#\/schema\/person\/999bd426f894ff56d397ec12ebd21ebb\"},\"headline\":\"Polit\u00e9cnico da Guarda forma engenheiros para a expans\u00e3o dos metros de Lisboa e Porto\",\"datePublished\":\"2023-05-26T06:00:00+00:00\",\"mainEntityOfPage\":{\"@id\":\"http:\/\/maismagazine.pt\/index.php\/2023\/05\/26\/politecnico-da-guarda-forma-engenheiros-para-a-expansao-dos-metros-de-lisboa-e-porto\/\"},\"wordCount\":355,\"publisher\":{\"@id\":\"http:\/\/maismagazine.pt\/#organization\"},\"image\":{\"@id\":\"http:\/\/maismagazine.pt\/index.php\/2023\/05\/26\/politecnico-da-guarda-forma-engenheiros-para-a-expansao-dos-metros-de-lisboa-e-porto\/#primaryimage\"},\"thumbnailUrl\":\"http:\/\/maismagazine.pt\/wp-content\/uploads\/2023\/05\/jj.jpg\",\"keywords\":[\"Ensino Superior Polit\u00e9cnico\",\"Polit\u00e9cnico da Guarda\"],\"articleSection\":[\"Atualidade\",\"Educa\u00e7\u00e3o\"],\"inLanguage\":\"pt-PT\"},{\"@type\":\"WebPage\",\"@id\":\"http:\/\/maismagazine.pt\/index.php\/2023\/05\/26\/politecnico-da-guarda-forma-engenheiros-para-a-expansao-dos-metros-de-lisboa-e-porto\/\",\"url\":\"http:\/\/maismagazine.pt\/index.php\/2023\/05\/26\/politecnico-da-guarda-forma-engenheiros-para-a-expansao-dos-metros-de-lisboa-e-porto\/\",\"name\":\"Polit\u00e9cnico da Guarda forma engenheiros para a expans\u00e3o dos metros de Lisboa e Porto - Mais Magazine\",\"isPartOf\":{\"@id\":\"http:\/\/maismagazine.pt\/#website\"},\"primaryImageOfPage\":{\"@id\":\"http:\/\/maismagazine.pt\/index.php\/2023\/05\/26\/politecnico-da-guarda-forma-engenheiros-para-a-expansao-dos-metros-de-lisboa-e-porto\/#primaryimage\"},\"image\":{\"@id\":\"http:\/\/maismagazine.pt\/index.php\/2023\/05\/26\/politecnico-da-guarda-forma-engenheiros-para-a-expansao-dos-metros-de-lisboa-e-porto\/#primaryimage\"},\"thumbnailUrl\":\"http:\/\/maismagazine.pt\/wp-content\/uploads\/2023\/05\/jj.jpg\",\"datePublished\":\"2023-05-26T06:00:00+00:00\",\"description\":\"Com duas licenciaturas \u00fanicas no pa\u00eds, Engenharia Topogr\u00e1fica e Ci\u00eancia de Dados e Intelig\u00eancia Artificial, o Polit\u00e9cnico da Guarda est\u00e1 a preparar t\u00e9cnicos para a elevada procura do mercado.\",\"breadcrumb\":{\"@id\":\"http:\/\/maismagazine.pt\/index.php\/2023\/05\/26\/politecnico-da-guarda-forma-engenheiros-para-a-expansao-dos-metros-de-lisboa-e-porto\/#breadcrumb\"},\"inLanguage\":\"pt-PT\",\"potentialAction\":[{\"@type\":\"ReadAction\",\"target\":[\"http:\/\/maismagazine.pt\/index.php\/2023\/05\/26\/politecnico-da-guarda-forma-engenheiros-para-a-expansao-dos-metros-de-lisboa-e-porto\/\"]}]},{\"@type\":\"ImageObject\",\"inLanguage\":\"pt-PT\",\"@id\":\"http:\/\/maismagazine.pt\/index.php\/2023\/05\/26\/politecnico-da-guarda-forma-engenheiros-para-a-expansao-dos-metros-de-lisboa-e-porto\/#primaryimage\",\"url\":\"http:\/\/maismagazine.pt\/wp-content\/uploads\/2023\/05\/jj.jpg\",\"contentUrl\":\"http:\/\/maismagazine.pt\/wp-content\/uploads\/2023\/05\/jj.jpg\",\"width\":960,\"height\":1163},{\"@type\":\"BreadcrumbList\",\"@id\":\"http:\/\/maismagazine.pt\/index.php\/2023\/05\/26\/politecnico-da-guarda-forma-engenheiros-para-a-expansao-dos-metros-de-lisboa-e-porto\/#breadcrumb\",\"itemListElement\":[{\"@type\":\"ListItem\",\"position\":1,\"name\":\"Home\",\"item\":\"http:\/\/maismagazine.pt\/\"},{\"@type\":\"ListItem\",\"position\":2,\"name\":\"Polit\u00e9cnico da Guarda forma engenheiros para a expans\u00e3o dos metros de Lisboa e Porto\"}]},{\"@type\":\"WebSite\",\"@id\":\"http:\/\/maismagazine.pt\/#website\",\"url\":\"http:\/\/maismagazine.pt\/\",\"name\":\"Mais Magazine\",\"description\":\"\",\"publisher\":{\"@id\":\"http:\/\/maismagazine.pt\/#organization\"},\"potentialAction\":[{\"@type\":\"SearchAction\",\"target\":{\"@type\":\"EntryPoint\",\"urlTemplate\":\"http:\/\/maismagazine.pt\/?s={search_term_string}\"},\"query-input\":{\"@type\":\"PropertyValueSpecification\",\"valueRequired\":true,\"valueName\":\"search_term_string\"}}],\"inLanguage\":\"pt-PT\"},{\"@type\":\"Organization\",\"@id\":\"http:\/\/maismagazine.pt\/#organization\",\"name\":\"Mais Magazine\",\"url\":\"http:\/\/maismagazine.pt\/\",\"logo\":{\"@type\":\"ImageObject\",\"inLanguage\":\"pt-PT\",\"@id\":\"http:\/\/maismagazine.pt\/#\/schema\/logo\/image\/\",\"url\":\"http:\/\/maismagazine.pt\/wp-content\/uploads\/2020\/04\/cropped-cropped-mais-magazine-site-logo-2.png\",\"contentUrl\":\"http:\/\/maismagazine.pt\/wp-content\/uploads\/2020\/04\/cropped-cropped-mais-magazine-site-logo-2.png\",\"width\":581,\"height\":90,\"caption\":\"Mais Magazine\"},\"image\":{\"@id\":\"http:\/\/maismagazine.pt\/#\/schema\/logo\/image\/\"}},{\"@type\":\"Person\",\"@id\":\"http:\/\/maismagazine.pt\/#\/schema\/person\/999bd426f894ff56d397ec12ebd21ebb\",\"name\":\"Jo\u00e3o Malainho\",\"image\":{\"@type\":\"ImageObject\",\"inLanguage\":\"pt-PT\",\"@id\":\"http:\/\/maismagazine.pt\/#\/schema\/person\/image\/\",\"url\":\"https:\/\/secure.gravatar.com\/avatar\/ff03c2f38edf60b2a827aa4f74878491?s=96&d=mm&r=g\",\"contentUrl\":\"https:\/\/secure.gravatar.com\/avatar\/ff03c2f38edf60b2a827aa4f74878491?s=96&d=mm&r=g\",\"caption\":\"Jo\u00e3o Malainho\"},\"url\":\"http:\/\/maismagazine.pt\/index.php\/author\/maismagazine\/\"}]}<\/script>\n<!-- \/ Yoast SEO plugin. -->","yoast_head_json":{"title":"Polit\u00e9cnico da Guarda forma engenheiros para a expans\u00e3o dos metros de Lisboa e Porto - Mais Magazine","description":"Com duas licenciaturas \u00fanicas no pa\u00eds, Engenharia Topogr\u00e1fica e Ci\u00eancia de Dados e Intelig\u00eancia Artificial, o Polit\u00e9cnico da Guarda est\u00e1 a preparar t\u00e9cnicos para a elevada procura do mercado.","robots":{"index":"index","follow":"follow","max-snippet":"max-snippet:-1","max-image-preview":"max-image-preview:large","max-video-preview":"max-video-preview:-1"},"canonical":"http:\/\/maismagazine.pt\/index.php\/2023\/05\/26\/politecnico-da-guarda-forma-engenheiros-para-a-expansao-dos-metros-de-lisboa-e-porto\/","og_locale":"pt_PT","og_type":"article","og_title":"Polit\u00e9cnico da Guarda forma engenheiros para a expans\u00e3o dos metros de Lisboa e Porto - Mais Magazine","og_description":"Com duas licenciaturas \u00fanicas no pa\u00eds, Engenharia Topogr\u00e1fica e Ci\u00eancia de Dados e Intelig\u00eancia Artificial, o Polit\u00e9cnico da Guarda est\u00e1 a preparar t\u00e9cnicos para a elevada procura do mercado.","og_url":"http:\/\/maismagazine.pt\/index.php\/2023\/05\/26\/politecnico-da-guarda-forma-engenheiros-para-a-expansao-dos-metros-de-lisboa-e-porto\/","og_site_name":"Mais Magazine","article_published_time":"2023-05-26T06:00:00+00:00","og_image":[{"width":960,"height":1163,"url":"http:\/\/maismagazine.pt\/wp-content\/uploads\/2023\/05\/jj.jpg","type":"image\/jpeg"}],"author":"Jo\u00e3o Malainho","twitter_card":"summary_large_image","twitter_misc":{"Escrito por":false,"Tempo estimado de leitura":"2 minutos"},"schema":{"@context":"https:\/\/schema.org","@graph":[{"@type":"Article","@id":"http:\/\/maismagazine.pt\/index.php\/2023\/05\/26\/politecnico-da-guarda-forma-engenheiros-para-a-expansao-dos-metros-de-lisboa-e-porto\/#article","isPartOf":{"@id":"http:\/\/maismagazine.pt\/index.php\/2023\/05\/26\/politecnico-da-guarda-forma-engenheiros-para-a-expansao-dos-metros-de-lisboa-e-porto\/"},"author":{"name":"Jo\u00e3o Malainho","@id":"http:\/\/maismagazine.pt\/#\/schema\/person\/999bd426f894ff56d397ec12ebd21ebb"},"headline":"Polit\u00e9cnico da Guarda forma engenheiros para a expans\u00e3o dos metros de Lisboa e Porto","datePublished":"2023-05-26T06:00:00+00:00","mainEntityOfPage":{"@id":"http:\/\/maismagazine.pt\/index.php\/2023\/05\/26\/politecnico-da-guarda-forma-engenheiros-para-a-expansao-dos-metros-de-lisboa-e-porto\/"},"wordCount":355,"publisher":{"@id":"http:\/\/maismagazine.pt\/#organization"},"image":{"@id":"http:\/\/maismagazine.pt\/index.php\/2023\/05\/26\/politecnico-da-guarda-forma-engenheiros-para-a-expansao-dos-metros-de-lisboa-e-porto\/#primaryimage"},"thumbnailUrl":"http:\/\/maismagazine.pt\/wp-content\/uploads\/2023\/05\/jj.jpg","keywords":["Ensino Superior Polit\u00e9cnico","Polit\u00e9cnico da Guarda"],"articleSection":["Atualidade","Educa\u00e7\u00e3o"],"inLanguage":"pt-PT"},{"@type":"WebPage","@id":"http:\/\/maismagazine.pt\/index.php\/2023\/05\/26\/politecnico-da-guarda-forma-engenheiros-para-a-expansao-dos-metros-de-lisboa-e-porto\/","url":"http:\/\/maismagazine.pt\/index.php\/2023\/05\/26\/politecnico-da-guarda-forma-engenheiros-para-a-expansao-dos-metros-de-lisboa-e-porto\/","name":"Polit\u00e9cnico da Guarda forma engenheiros para a expans\u00e3o dos metros de Lisboa e Porto - Mais Magazine","isPartOf":{"@id":"http:\/\/maismagazine.pt\/#website"},"primaryImageOfPage":{"@id":"http:\/\/maismagazine.pt\/index.php\/2023\/05\/26\/politecnico-da-guarda-forma-engenheiros-para-a-expansao-dos-metros-de-lisboa-e-porto\/#primaryimage"},"image":{"@id":"http:\/\/maismagazine.pt\/index.php\/2023\/05\/26\/politecnico-da-guarda-forma-engenheiros-para-a-expansao-dos-metros-de-lisboa-e-porto\/#primaryimage"},"thumbnailUrl":"http:\/\/maismagazine.pt\/wp-content\/uploads\/2023\/05\/jj.jpg","datePublished":"2023-05-26T06:00:00+00:00","description":"Com duas licenciaturas \u00fanicas no pa\u00eds, Engenharia Topogr\u00e1fica e Ci\u00eancia de Dados e Intelig\u00eancia Artificial, o Polit\u00e9cnico da Guarda est\u00e1 a preparar t\u00e9cnicos para a elevada procura do mercado.","breadcrumb":{"@id":"http:\/\/maismagazine.pt\/index.php\/2023\/05\/26\/politecnico-da-guarda-forma-engenheiros-para-a-expansao-dos-metros-de-lisboa-e-porto\/#breadcrumb"},"inLanguage":"pt-PT","potentialAction":[{"@type":"ReadAction","target":["http:\/\/maismagazine.pt\/index.php\/2023\/05\/26\/politecnico-da-guarda-forma-engenheiros-para-a-expansao-dos-metros-de-lisboa-e-porto\/"]}]},{"@type":"ImageObject","inLanguage":"pt-PT","@id":"http:\/\/maismagazine.pt\/index.php\/2023\/05\/26\/politecnico-da-guarda-forma-engenheiros-para-a-expansao-dos-metros-de-lisboa-e-porto\/#primaryimage","url":"http:\/\/maismagazine.pt\/wp-content\/uploads\/2023\/05\/jj.jpg","contentUrl":"http:\/\/maismagazine.pt\/wp-content\/uploads\/2023\/05\/jj.jpg","width":960,"height":1163},{"@type":"BreadcrumbList","@id":"http:\/\/maismagazine.pt\/index.php\/2023\/05\/26\/politecnico-da-guarda-forma-engenheiros-para-a-expansao-dos-metros-de-lisboa-e-porto\/#breadcrumb","itemListElement":[{"@type":"ListItem","position":1,"name":"Home","item":"http:\/\/maismagazine.pt\/"},{"@type":"ListItem","position":2,"name":"Polit\u00e9cnico da Guarda forma engenheiros para a expans\u00e3o dos metros de Lisboa e Porto"}]},{"@type":"WebSite","@id":"http:\/\/maismagazine.pt\/#website","url":"http:\/\/maismagazine.pt\/","name":"Mais Magazine","description":"","publisher":{"@id":"http:\/\/maismagazine.pt\/#organization"},"potentialAction":[{"@type":"SearchAction","target":{"@type":"EntryPoint","urlTemplate":"http:\/\/maismagazine.pt\/?s={search_term_string}"},"query-input":{"@type":"PropertyValueSpecification","valueRequired":true,"valueName":"search_term_string"}}],"inLanguage":"pt-PT"},{"@type":"Organization","@id":"http:\/\/maismagazine.pt\/#organization","name":"Mais Magazine","url":"http:\/\/maismagazine.pt\/","logo":{"@type":"ImageObject","inLanguage":"pt-PT","@id":"http:\/\/maismagazine.pt\/#\/schema\/logo\/image\/","url":"http:\/\/maismagazine.pt\/wp-content\/uploads\/2020\/04\/cropped-cropped-mais-magazine-site-logo-2.png","contentUrl":"http:\/\/maismagazine.pt\/wp-content\/uploads\/2020\/04\/cropped-cropped-mais-magazine-site-logo-2.png","width":581,"height":90,"caption":"Mais Magazine"},"image":{"@id":"http:\/\/maismagazine.pt\/#\/schema\/logo\/image\/"}},{"@type":"Person","@id":"http:\/\/maismagazine.pt\/#\/schema\/person\/999bd426f894ff56d397ec12ebd21ebb","name":"Jo\u00e3o Malainho","image":{"@type":"ImageObject","inLanguage":"pt-PT","@id":"http:\/\/maismagazine.pt\/#\/schema\/person\/image\/","url":"https:\/\/secure.gravatar.com\/avatar\/ff03c2f38edf60b2a827aa4f74878491?s=96&d=mm&r=g","contentUrl":"https:\/\/secure.gravatar.com\/avatar\/ff03c2f38edf60b2a827aa4f74878491?s=96&d=mm&r=g","caption":"Jo\u00e3o Malainho"},"url":"http:\/\/maismagazine.pt\/index.php\/author\/maismagazine\/"}]}},"author_meta":{"display_name":false,"author_link":"http:\/\/maismagazine.pt\/index.php\/author\/maismagazine\/"},"featured_img":"http:\/\/maismagazine.pt\/wp-content\/uploads\/2023\/05\/jj-248x300.jpg","coauthors":[],"tax_additional":{"categories":{"linked":["<a href=\"http:\/\/maismagazine.pt\/index.php\/category\/atualidade\/\" class=\"advgb-post-tax-term\">Atualidade<\/a>","<a href=\"http:\/\/maismagazine.pt\/index.php\/category\/educacao\/\" class=\"advgb-post-tax-term\">Educa\u00e7\u00e3o<\/a>"],"unlinked":["<span class=\"advgb-post-tax-term\">Atualidade<\/span>","<span class=\"advgb-post-tax-term\">Educa\u00e7\u00e3o<\/span>"]},"tags":{"linked":["<a href=\"http:\/\/maismagazine.pt\/index.php\/category\/educacao\/\" class=\"advgb-post-tax-term\">Ensino Superior Polit\u00e9cnico<\/a>","<a href=\"http:\/\/maismagazine.pt\/index.php\/category\/educacao\/\" class=\"advgb-post-tax-term\">Polit\u00e9cnico da Guarda<\/a>"],"unlinked":["<span class=\"advgb-post-tax-term\">Ensino Superior Polit\u00e9cnico<\/span>","<span class=\"advgb-post-tax-term\">Polit\u00e9cnico da Guarda<\/span>"]}},"comment_count":"0","relative_dates":{"created":"Posted 3 anos ago","modified":"Updated 3 anos ago"},"absolute_dates":{"created":"Posted on 26 de Maio, 2023","modified":"Updated on 17 de Maio, 2023"},"absolute_dates_time":{"created":"Posted on 26 de Maio, 2023 7:00","modified":"Updated on 17 de Maio, 2023 15:54"},"featured_img_caption":"","series_order":"","_links":{"self":[{"href":"http:\/\/maismagazine.pt\/index.php\/wp-json\/wp\/v2\/posts\/6726","targetHints":{"allow":["GET"]}}],"collection":[{"href":"http:\/\/maismagazine.pt\/index.php\/wp-json\/wp\/v2\/posts"}],"about":[{"href":"http:\/\/maismagazine.pt\/index.php\/wp-json\/wp\/v2\/types\/post"}],"author":[{"embeddable":true,"href":"http:\/\/maismagazine.pt\/index.php\/wp-json\/wp\/v2\/users\/7"}],"replies":[{"embeddable":true,"href":"http:\/\/maismagazine.pt\/index.php\/wp-json\/wp\/v2\/comments?post=6726"}],"version-history":[{"count":3,"href":"http:\/\/maismagazine.pt\/index.php\/wp-json\/wp\/v2\/posts\/6726\/revisions"}],"predecessor-version":[{"id":6823,"href":"http:\/\/maismagazine.pt\/index.php\/wp-json\/wp\/v2\/posts\/6726\/revisions\/6823"}],"wp:featuredmedia":[{"embeddable":true,"href":"http:\/\/maismagazine.pt\/index.php\/wp-json\/wp\/v2\/media\/6739"}],"wp:attachment":[{"href":"http:\/\/maismagazine.pt\/index.php\/wp-json\/wp\/v2\/media?parent=6726"}],"wp:term":[{"taxonomy":"category","embeddable":true,"href":"http:\/\/maismagazine.pt\/index.php\/wp-json\/wp\/v2\/categories?post=6726"},{"taxonomy":"post_tag","embeddable":true,"href":"http:\/\/maismagazine.pt\/index.php\/wp-json\/wp\/v2\/tags?post=6726"}],"curies":[{"name":"wp","href":"https:\/\/api.w.org\/{rel}","templated":true}]}}