{"id":6689,"date":"2023-05-26T07:00:00","date_gmt":"2023-05-26T06:00:00","guid":{"rendered":"https:\/\/maismagazine.pt\/?p=6689"},"modified":"2023-05-17T12:10:15","modified_gmt":"2023-05-17T11:10:15","slug":"new-air-equipamentos-e-solucoes-eficazes-no-ramo-do-ar-comprimido","status":"publish","type":"post","link":"http:\/\/maismagazine.pt\/index.php\/2023\/05\/26\/new-air-equipamentos-e-solucoes-eficazes-no-ramo-do-ar-comprimido\/","title":{"rendered":"New Air: Equipamentos e solu\u00e7\u00f5es eficazes no ramo do ar comprimido"},"content":{"rendered":"\n<p><strong>A <a href=\"http:\/\/www.newair.pt\">New Air<\/a> \u00e9 uma empresa que trabalha no ramo do ar comprimido. Fundada por Jo\u00e3o Francisco Costa e Hugo Costa, em 2019, a empresa de Arcozelo, em Vila Nova de Gaia, encontra no vasto leque de produtos que disponibiliza ao mercado e nos servi\u00e7os de assist\u00eancia e manuten\u00e7\u00e3o de m\u00e1quinas e equipamentos, de inquestion\u00e1vel qualidade, os grandes aliados para alcan\u00e7ar a total satisfa\u00e7\u00e3o dos seus clientes. <\/strong><\/p>\n\n\n\n<p><\/p>\n\n\n\n<p>Presente no mercado nacional h\u00e1 quatro anos e projetada por dois t\u00e9cnicos com larga experi\u00eancia no setor, a New Air surgiu com um objetivo bem definido: fazer mais e melhor, apresentado sempre ao mercado os mais inovadores e eficazes produtos, equipamentos e servi\u00e7os no ramo do ar comprimido. Hoje, a empresa gerida por Jo\u00e3o Francisco Costa dedica-se \u00e0 venda de equipamentos comerciais e industriais, nomeadamente, compressores e secadores e ao tratamento de ar comprimido. Al\u00e9m disso, e para alcan\u00e7ar o seu prop\u00f3sito, a New Air disp\u00f5e ainda de servi\u00e7os de assist\u00eancia e manuten\u00e7\u00e3o t\u00e9cnica, prestados por uma equipa de t\u00e9cnicos com mais de 30 anos de experi\u00eancia na \u00e1rea do ar comprimido, que garantem a qualidade do servi\u00e7o e a total satisfa\u00e7\u00e3o dos seus clientes. Focada em atingir o seu compromisso de qualidade, a New Air aposta tamb\u00e9m numa sele\u00e7\u00e3o de fornecedores e parceiros capazes de satisfazer as necessidades de alargamento da gama de produtos e, simultaneamente, as exig\u00eancias do mercado, como \u00e9 exemplo a marca alem\u00e3 de compressores premium, Hertz Kompressoren. Uma aposta, em marcas e produtos da mais alta qualidade, que se tem revelado um dos maiores aliados da New Air perante um cliente cada vez mais conhecedor e exigente. <\/p>\n\n\n\n<p><\/p>\n\n\n\n<p><strong>Novos produtos em destaque na EMAF 2023<\/strong><\/p>\n\n\n\n<p>De 31 de maio a 3 de junho, a New Air marcar\u00e1 presen\u00e7a no maior evento portugu\u00eas dedicado \u00e0 ind\u00fastria &#8211; a EMAF, aproveitando esta montra, por excel\u00eancia, para divulgar novos produtos e encontrar poss\u00edveis novos parceiros de neg\u00f3cio. Assim, quem passe pelo stand da empresa gaiense poder\u00e1 encontrar as mais recentes inova\u00e7\u00f5es em compressores, que primam pela efici\u00eancia, poupan\u00e7a energ\u00e9tica e, claro est\u00e1, pela qualidade. Com apenas quatro anos de hist\u00f3ria, a New Air construiu um percurso de sucesso, alicer\u00e7ado em valores como a perseveran\u00e7a, persist\u00eancia, dedica\u00e7\u00e3o, seriedade, rapidez e qualidade de servi\u00e7o. Para o futuro, fica o desejo de continuar na senda do crescimento sustentado, sempre tendo como principal foco bem servir todos os clientes que encontram na New Air o seu parceiro de excel\u00eancia no ramo do ar comprimido.   <\/p>\n\n\n\n<figure class=\"wp-block-gallery has-nested-images columns-default is-cropped wp-block-gallery-1 is-layout-flex wp-block-gallery-is-layout-flex\">\n<figure class=\"wp-block-image size-large\"><img loading=\"lazy\" decoding=\"async\" width=\"768\" height=\"1024\" data-id=\"6693\" src=\"https:\/\/maismagazine.pt\/wp-content\/uploads\/2023\/05\/341225518_3521941351371979_6108234725122332626_n-1-768x1024.jpg\" alt=\"\" class=\"wp-image-6693\" srcset=\"http:\/\/maismagazine.pt\/wp-content\/uploads\/2023\/05\/341225518_3521941351371979_6108234725122332626_n-1-768x1024.jpg 768w, http:\/\/maismagazine.pt\/wp-content\/uploads\/2023\/05\/341225518_3521941351371979_6108234725122332626_n-1-225x300.jpg 225w, http:\/\/maismagazine.pt\/wp-content\/uploads\/2023\/05\/341225518_3521941351371979_6108234725122332626_n-1-1152x1536.jpg 1152w, http:\/\/maismagazine.pt\/wp-content\/uploads\/2023\/05\/341225518_3521941351371979_6108234725122332626_n-1.jpg 1536w\" sizes=\"auto, (max-width: 768px) 100vw, 768px\" \/><\/figure>\n\n\n\n<figure class=\"wp-block-image size-large\"><img loading=\"lazy\" decoding=\"async\" width=\"1024\" height=\"768\" data-id=\"6690\" src=\"https:\/\/maismagazine.pt\/wp-content\/uploads\/2023\/05\/341331771_1179910799387178_6068657131289751063_n-1024x768.jpg\" alt=\"\" class=\"wp-image-6690\" srcset=\"http:\/\/maismagazine.pt\/wp-content\/uploads\/2023\/05\/341331771_1179910799387178_6068657131289751063_n-1024x768.jpg 1024w, http:\/\/maismagazine.pt\/wp-content\/uploads\/2023\/05\/341331771_1179910799387178_6068657131289751063_n-300x225.jpg 300w, http:\/\/maismagazine.pt\/wp-content\/uploads\/2023\/05\/341331771_1179910799387178_6068657131289751063_n-768x576.jpg 768w, http:\/\/maismagazine.pt\/wp-content\/uploads\/2023\/05\/341331771_1179910799387178_6068657131289751063_n-1536x1152.jpg 1536w, http:\/\/maismagazine.pt\/wp-content\/uploads\/2023\/05\/341331771_1179910799387178_6068657131289751063_n.jpg 2048w\" sizes=\"auto, (max-width: 1024px) 100vw, 1024px\" \/><\/figure>\n<\/figure>\n\n\n\n<p><\/p>\n","protected":false},"excerpt":{"rendered":"<p>A New Air \u00e9 uma empresa que trabalha no ramo do ar comprimido. Fundada por Jo\u00e3o Francisco Costa e Hugo Costa, em 2019, a empresa de Arcozelo, em Vila Nova de Gaia, encontra no vasto leque de produtos que disponibiliza ao mercado e nos servi\u00e7os de assist\u00eancia e manuten\u00e7\u00e3o de&hellip;<\/p>\n","protected":false},"author":17,"featured_media":6694,"comment_status":"closed","ping_status":"open","sticky":false,"template":"","format":"standard","meta":{"advgb_blocks_editor_width":"","advgb_blocks_columns_visual_guide":"","_monsterinsights_skip_tracking":false,"_monsterinsights_sitenote_active":false,"_monsterinsights_sitenote_note":"","_monsterinsights_sitenote_category":0,"footnotes":""},"categories":[154,6],"tags":[1473,1489],"class_list":["post-6689","post","type-post","status-publish","format-standard","has-post-thumbnail","hentry","category-emaf","category-empreendedorismo","tag-emaf23","tag-new-air"],"yoast_head":"<!-- This site is optimized with the Yoast SEO plugin v24.4 - https:\/\/yoast.com\/wordpress\/plugins\/seo\/ -->\n<title>New Air: Equipamentos e solu\u00e7\u00f5es eficazes no ramo do ar comprimido - Mais Magazine<\/title>\n<meta name=\"description\" content=\"A New Air \u00e9 uma empresa que trabalha no ramo do ar comprimido. Fundada por Jo\u00e3o Francisco Costa e Hugo Costa, em 2019, a empresa de Arcozelo, em Vila Nova de Gaia, encontra no vasto leque de produtos que disponibiliza ao mercado e nos servi\u00e7os de assist\u00eancia e manuten\u00e7\u00e3o de m\u00e1quinas e equipamentos, de inquestion\u00e1vel qualidade, os grandes aliados para alcan\u00e7ar a total satisfa\u00e7\u00e3o dos seus clientes.\" \/>\n<meta name=\"robots\" content=\"index, follow, max-snippet:-1, max-image-preview:large, max-video-preview:-1\" \/>\n<link rel=\"canonical\" href=\"http:\/\/maismagazine.pt\/index.php\/2023\/05\/26\/new-air-equipamentos-e-solucoes-eficazes-no-ramo-do-ar-comprimido\/\" \/>\n<meta property=\"og:locale\" content=\"pt_PT\" \/>\n<meta property=\"og:type\" content=\"article\" \/>\n<meta property=\"og:title\" content=\"New Air: Equipamentos e solu\u00e7\u00f5es eficazes no ramo do ar comprimido - Mais Magazine\" \/>\n<meta property=\"og:description\" content=\"A New Air \u00e9 uma empresa que trabalha no ramo do ar comprimido. Fundada por Jo\u00e3o Francisco Costa e Hugo Costa, em 2019, a empresa de Arcozelo, em Vila Nova de Gaia, encontra no vasto leque de produtos que disponibiliza ao mercado e nos servi\u00e7os de assist\u00eancia e manuten\u00e7\u00e3o de m\u00e1quinas e equipamentos, de inquestion\u00e1vel qualidade, os grandes aliados para alcan\u00e7ar a total satisfa\u00e7\u00e3o dos seus clientes.\" \/>\n<meta property=\"og:url\" content=\"http:\/\/maismagazine.pt\/index.php\/2023\/05\/26\/new-air-equipamentos-e-solucoes-eficazes-no-ramo-do-ar-comprimido\/\" \/>\n<meta property=\"og:site_name\" content=\"Mais Magazine\" \/>\n<meta property=\"article:published_time\" content=\"2023-05-26T06:00:00+00:00\" \/>\n<meta property=\"og:image\" content=\"http:\/\/maismagazine.pt\/wp-content\/uploads\/2023\/05\/Logo-Final212222.png\" \/>\n\t<meta property=\"og:image:width\" content=\"777\" \/>\n\t<meta property=\"og:image:height\" content=\"369\" \/>\n\t<meta property=\"og:image:type\" content=\"image\/png\" \/>\n<meta name=\"author\" content=\"Tiago Costa\" \/>\n<meta name=\"twitter:card\" content=\"summary_large_image\" \/>\n<meta name=\"twitter:label1\" content=\"Escrito por\" \/>\n\t<meta name=\"twitter:data1\" content=\"\" \/>\n\t<meta name=\"twitter:label2\" content=\"Tempo estimado de leitura\" \/>\n\t<meta name=\"twitter:data2\" content=\"2 minutos\" \/>\n<script type=\"application\/ld+json\" class=\"yoast-schema-graph\">{\"@context\":\"https:\/\/schema.org\",\"@graph\":[{\"@type\":\"Article\",\"@id\":\"http:\/\/maismagazine.pt\/index.php\/2023\/05\/26\/new-air-equipamentos-e-solucoes-eficazes-no-ramo-do-ar-comprimido\/#article\",\"isPartOf\":{\"@id\":\"http:\/\/maismagazine.pt\/index.php\/2023\/05\/26\/new-air-equipamentos-e-solucoes-eficazes-no-ramo-do-ar-comprimido\/\"},\"author\":{\"name\":\"Tiago Costa\",\"@id\":\"http:\/\/maismagazine.pt\/#\/schema\/person\/c6c5bfccc886434cbd11c74e035f9646\"},\"headline\":\"New Air: Equipamentos e solu\u00e7\u00f5es eficazes no ramo do ar comprimido\",\"datePublished\":\"2023-05-26T06:00:00+00:00\",\"mainEntityOfPage\":{\"@id\":\"http:\/\/maismagazine.pt\/index.php\/2023\/05\/26\/new-air-equipamentos-e-solucoes-eficazes-no-ramo-do-ar-comprimido\/\"},\"wordCount\":455,\"publisher\":{\"@id\":\"http:\/\/maismagazine.pt\/#organization\"},\"image\":{\"@id\":\"http:\/\/maismagazine.pt\/index.php\/2023\/05\/26\/new-air-equipamentos-e-solucoes-eficazes-no-ramo-do-ar-comprimido\/#primaryimage\"},\"thumbnailUrl\":\"http:\/\/maismagazine.pt\/wp-content\/uploads\/2023\/05\/Logo-Final212222.png\",\"keywords\":[\"EMAF23\",\"New Air\"],\"articleSection\":[\"EMAF\",\"Empreendedorismo\"],\"inLanguage\":\"pt-PT\"},{\"@type\":\"WebPage\",\"@id\":\"http:\/\/maismagazine.pt\/index.php\/2023\/05\/26\/new-air-equipamentos-e-solucoes-eficazes-no-ramo-do-ar-comprimido\/\",\"url\":\"http:\/\/maismagazine.pt\/index.php\/2023\/05\/26\/new-air-equipamentos-e-solucoes-eficazes-no-ramo-do-ar-comprimido\/\",\"name\":\"New Air: Equipamentos e solu\u00e7\u00f5es eficazes no ramo do ar comprimido - Mais Magazine\",\"isPartOf\":{\"@id\":\"http:\/\/maismagazine.pt\/#website\"},\"primaryImageOfPage\":{\"@id\":\"http:\/\/maismagazine.pt\/index.php\/2023\/05\/26\/new-air-equipamentos-e-solucoes-eficazes-no-ramo-do-ar-comprimido\/#primaryimage\"},\"image\":{\"@id\":\"http:\/\/maismagazine.pt\/index.php\/2023\/05\/26\/new-air-equipamentos-e-solucoes-eficazes-no-ramo-do-ar-comprimido\/#primaryimage\"},\"thumbnailUrl\":\"http:\/\/maismagazine.pt\/wp-content\/uploads\/2023\/05\/Logo-Final212222.png\",\"datePublished\":\"2023-05-26T06:00:00+00:00\",\"description\":\"A New Air \u00e9 uma empresa que trabalha no ramo do ar comprimido. Fundada por Jo\u00e3o Francisco Costa e Hugo Costa, em 2019, a empresa de Arcozelo, em Vila Nova de Gaia, encontra no vasto leque de produtos que disponibiliza ao mercado e nos servi\u00e7os de assist\u00eancia e manuten\u00e7\u00e3o de m\u00e1quinas e equipamentos, de inquestion\u00e1vel qualidade, os grandes aliados para alcan\u00e7ar a total satisfa\u00e7\u00e3o dos seus clientes.\",\"breadcrumb\":{\"@id\":\"http:\/\/maismagazine.pt\/index.php\/2023\/05\/26\/new-air-equipamentos-e-solucoes-eficazes-no-ramo-do-ar-comprimido\/#breadcrumb\"},\"inLanguage\":\"pt-PT\",\"potentialAction\":[{\"@type\":\"ReadAction\",\"target\":[\"http:\/\/maismagazine.pt\/index.php\/2023\/05\/26\/new-air-equipamentos-e-solucoes-eficazes-no-ramo-do-ar-comprimido\/\"]}]},{\"@type\":\"ImageObject\",\"inLanguage\":\"pt-PT\",\"@id\":\"http:\/\/maismagazine.pt\/index.php\/2023\/05\/26\/new-air-equipamentos-e-solucoes-eficazes-no-ramo-do-ar-comprimido\/#primaryimage\",\"url\":\"http:\/\/maismagazine.pt\/wp-content\/uploads\/2023\/05\/Logo-Final212222.png\",\"contentUrl\":\"http:\/\/maismagazine.pt\/wp-content\/uploads\/2023\/05\/Logo-Final212222.png\",\"width\":777,\"height\":369},{\"@type\":\"BreadcrumbList\",\"@id\":\"http:\/\/maismagazine.pt\/index.php\/2023\/05\/26\/new-air-equipamentos-e-solucoes-eficazes-no-ramo-do-ar-comprimido\/#breadcrumb\",\"itemListElement\":[{\"@type\":\"ListItem\",\"position\":1,\"name\":\"Home\",\"item\":\"http:\/\/maismagazine.pt\/\"},{\"@type\":\"ListItem\",\"position\":2,\"name\":\"New Air: Equipamentos e solu\u00e7\u00f5es eficazes no ramo do ar comprimido\"}]},{\"@type\":\"WebSite\",\"@id\":\"http:\/\/maismagazine.pt\/#website\",\"url\":\"http:\/\/maismagazine.pt\/\",\"name\":\"Mais Magazine\",\"description\":\"\",\"publisher\":{\"@id\":\"http:\/\/maismagazine.pt\/#organization\"},\"potentialAction\":[{\"@type\":\"SearchAction\",\"target\":{\"@type\":\"EntryPoint\",\"urlTemplate\":\"http:\/\/maismagazine.pt\/?s={search_term_string}\"},\"query-input\":{\"@type\":\"PropertyValueSpecification\",\"valueRequired\":true,\"valueName\":\"search_term_string\"}}],\"inLanguage\":\"pt-PT\"},{\"@type\":\"Organization\",\"@id\":\"http:\/\/maismagazine.pt\/#organization\",\"name\":\"Mais Magazine\",\"url\":\"http:\/\/maismagazine.pt\/\",\"logo\":{\"@type\":\"ImageObject\",\"inLanguage\":\"pt-PT\",\"@id\":\"http:\/\/maismagazine.pt\/#\/schema\/logo\/image\/\",\"url\":\"http:\/\/maismagazine.pt\/wp-content\/uploads\/2020\/04\/cropped-cropped-mais-magazine-site-logo-2.png\",\"contentUrl\":\"http:\/\/maismagazine.pt\/wp-content\/uploads\/2020\/04\/cropped-cropped-mais-magazine-site-logo-2.png\",\"width\":581,\"height\":90,\"caption\":\"Mais Magazine\"},\"image\":{\"@id\":\"http:\/\/maismagazine.pt\/#\/schema\/logo\/image\/\"}},{\"@type\":\"Person\",\"@id\":\"http:\/\/maismagazine.pt\/#\/schema\/person\/c6c5bfccc886434cbd11c74e035f9646\",\"name\":\"Tiago Costa\",\"image\":{\"@type\":\"ImageObject\",\"inLanguage\":\"pt-PT\",\"@id\":\"http:\/\/maismagazine.pt\/#\/schema\/person\/image\/\",\"url\":\"https:\/\/secure.gravatar.com\/avatar\/c599b2bce16c9870429198cbad5ee022?s=96&d=mm&r=g\",\"contentUrl\":\"https:\/\/secure.gravatar.com\/avatar\/c599b2bce16c9870429198cbad5ee022?s=96&d=mm&r=g\",\"caption\":\"Tiago Costa\"},\"url\":\"http:\/\/maismagazine.pt\/index.php\/author\/tiago\/\"}]}<\/script>\n<!-- \/ Yoast SEO plugin. -->","yoast_head_json":{"title":"New Air: Equipamentos e solu\u00e7\u00f5es eficazes no ramo do ar comprimido - Mais Magazine","description":"A New Air \u00e9 uma empresa que trabalha no ramo do ar comprimido. Fundada por Jo\u00e3o Francisco Costa e Hugo Costa, em 2019, a empresa de Arcozelo, em Vila Nova de Gaia, encontra no vasto leque de produtos que disponibiliza ao mercado e nos servi\u00e7os de assist\u00eancia e manuten\u00e7\u00e3o de m\u00e1quinas e equipamentos, de inquestion\u00e1vel qualidade, os grandes aliados para alcan\u00e7ar a total satisfa\u00e7\u00e3o dos seus clientes.","robots":{"index":"index","follow":"follow","max-snippet":"max-snippet:-1","max-image-preview":"max-image-preview:large","max-video-preview":"max-video-preview:-1"},"canonical":"http:\/\/maismagazine.pt\/index.php\/2023\/05\/26\/new-air-equipamentos-e-solucoes-eficazes-no-ramo-do-ar-comprimido\/","og_locale":"pt_PT","og_type":"article","og_title":"New Air: Equipamentos e solu\u00e7\u00f5es eficazes no ramo do ar comprimido - Mais Magazine","og_description":"A New Air \u00e9 uma empresa que trabalha no ramo do ar comprimido. Fundada por Jo\u00e3o Francisco Costa e Hugo Costa, em 2019, a empresa de Arcozelo, em Vila Nova de Gaia, encontra no vasto leque de produtos que disponibiliza ao mercado e nos servi\u00e7os de assist\u00eancia e manuten\u00e7\u00e3o de m\u00e1quinas e equipamentos, de inquestion\u00e1vel qualidade, os grandes aliados para alcan\u00e7ar a total satisfa\u00e7\u00e3o dos seus clientes.","og_url":"http:\/\/maismagazine.pt\/index.php\/2023\/05\/26\/new-air-equipamentos-e-solucoes-eficazes-no-ramo-do-ar-comprimido\/","og_site_name":"Mais Magazine","article_published_time":"2023-05-26T06:00:00+00:00","og_image":[{"width":777,"height":369,"url":"http:\/\/maismagazine.pt\/wp-content\/uploads\/2023\/05\/Logo-Final212222.png","type":"image\/png"}],"author":"Tiago Costa","twitter_card":"summary_large_image","twitter_misc":{"Escrito por":false,"Tempo estimado de leitura":"2 minutos"},"schema":{"@context":"https:\/\/schema.org","@graph":[{"@type":"Article","@id":"http:\/\/maismagazine.pt\/index.php\/2023\/05\/26\/new-air-equipamentos-e-solucoes-eficazes-no-ramo-do-ar-comprimido\/#article","isPartOf":{"@id":"http:\/\/maismagazine.pt\/index.php\/2023\/05\/26\/new-air-equipamentos-e-solucoes-eficazes-no-ramo-do-ar-comprimido\/"},"author":{"name":"Tiago Costa","@id":"http:\/\/maismagazine.pt\/#\/schema\/person\/c6c5bfccc886434cbd11c74e035f9646"},"headline":"New Air: Equipamentos e solu\u00e7\u00f5es eficazes no ramo do ar comprimido","datePublished":"2023-05-26T06:00:00+00:00","mainEntityOfPage":{"@id":"http:\/\/maismagazine.pt\/index.php\/2023\/05\/26\/new-air-equipamentos-e-solucoes-eficazes-no-ramo-do-ar-comprimido\/"},"wordCount":455,"publisher":{"@id":"http:\/\/maismagazine.pt\/#organization"},"image":{"@id":"http:\/\/maismagazine.pt\/index.php\/2023\/05\/26\/new-air-equipamentos-e-solucoes-eficazes-no-ramo-do-ar-comprimido\/#primaryimage"},"thumbnailUrl":"http:\/\/maismagazine.pt\/wp-content\/uploads\/2023\/05\/Logo-Final212222.png","keywords":["EMAF23","New Air"],"articleSection":["EMAF","Empreendedorismo"],"inLanguage":"pt-PT"},{"@type":"WebPage","@id":"http:\/\/maismagazine.pt\/index.php\/2023\/05\/26\/new-air-equipamentos-e-solucoes-eficazes-no-ramo-do-ar-comprimido\/","url":"http:\/\/maismagazine.pt\/index.php\/2023\/05\/26\/new-air-equipamentos-e-solucoes-eficazes-no-ramo-do-ar-comprimido\/","name":"New Air: Equipamentos e solu\u00e7\u00f5es eficazes no ramo do ar comprimido - Mais Magazine","isPartOf":{"@id":"http:\/\/maismagazine.pt\/#website"},"primaryImageOfPage":{"@id":"http:\/\/maismagazine.pt\/index.php\/2023\/05\/26\/new-air-equipamentos-e-solucoes-eficazes-no-ramo-do-ar-comprimido\/#primaryimage"},"image":{"@id":"http:\/\/maismagazine.pt\/index.php\/2023\/05\/26\/new-air-equipamentos-e-solucoes-eficazes-no-ramo-do-ar-comprimido\/#primaryimage"},"thumbnailUrl":"http:\/\/maismagazine.pt\/wp-content\/uploads\/2023\/05\/Logo-Final212222.png","datePublished":"2023-05-26T06:00:00+00:00","description":"A New Air \u00e9 uma empresa que trabalha no ramo do ar comprimido. Fundada por Jo\u00e3o Francisco Costa e Hugo Costa, em 2019, a empresa de Arcozelo, em Vila Nova de Gaia, encontra no vasto leque de produtos que disponibiliza ao mercado e nos servi\u00e7os de assist\u00eancia e manuten\u00e7\u00e3o de m\u00e1quinas e equipamentos, de inquestion\u00e1vel qualidade, os grandes aliados para alcan\u00e7ar a total satisfa\u00e7\u00e3o dos seus clientes.","breadcrumb":{"@id":"http:\/\/maismagazine.pt\/index.php\/2023\/05\/26\/new-air-equipamentos-e-solucoes-eficazes-no-ramo-do-ar-comprimido\/#breadcrumb"},"inLanguage":"pt-PT","potentialAction":[{"@type":"ReadAction","target":["http:\/\/maismagazine.pt\/index.php\/2023\/05\/26\/new-air-equipamentos-e-solucoes-eficazes-no-ramo-do-ar-comprimido\/"]}]},{"@type":"ImageObject","inLanguage":"pt-PT","@id":"http:\/\/maismagazine.pt\/index.php\/2023\/05\/26\/new-air-equipamentos-e-solucoes-eficazes-no-ramo-do-ar-comprimido\/#primaryimage","url":"http:\/\/maismagazine.pt\/wp-content\/uploads\/2023\/05\/Logo-Final212222.png","contentUrl":"http:\/\/maismagazine.pt\/wp-content\/uploads\/2023\/05\/Logo-Final212222.png","width":777,"height":369},{"@type":"BreadcrumbList","@id":"http:\/\/maismagazine.pt\/index.php\/2023\/05\/26\/new-air-equipamentos-e-solucoes-eficazes-no-ramo-do-ar-comprimido\/#breadcrumb","itemListElement":[{"@type":"ListItem","position":1,"name":"Home","item":"http:\/\/maismagazine.pt\/"},{"@type":"ListItem","position":2,"name":"New Air: Equipamentos e solu\u00e7\u00f5es eficazes no ramo do ar comprimido"}]},{"@type":"WebSite","@id":"http:\/\/maismagazine.pt\/#website","url":"http:\/\/maismagazine.pt\/","name":"Mais Magazine","description":"","publisher":{"@id":"http:\/\/maismagazine.pt\/#organization"},"potentialAction":[{"@type":"SearchAction","target":{"@type":"EntryPoint","urlTemplate":"http:\/\/maismagazine.pt\/?s={search_term_string}"},"query-input":{"@type":"PropertyValueSpecification","valueRequired":true,"valueName":"search_term_string"}}],"inLanguage":"pt-PT"},{"@type":"Organization","@id":"http:\/\/maismagazine.pt\/#organization","name":"Mais Magazine","url":"http:\/\/maismagazine.pt\/","logo":{"@type":"ImageObject","inLanguage":"pt-PT","@id":"http:\/\/maismagazine.pt\/#\/schema\/logo\/image\/","url":"http:\/\/maismagazine.pt\/wp-content\/uploads\/2020\/04\/cropped-cropped-mais-magazine-site-logo-2.png","contentUrl":"http:\/\/maismagazine.pt\/wp-content\/uploads\/2020\/04\/cropped-cropped-mais-magazine-site-logo-2.png","width":581,"height":90,"caption":"Mais Magazine"},"image":{"@id":"http:\/\/maismagazine.pt\/#\/schema\/logo\/image\/"}},{"@type":"Person","@id":"http:\/\/maismagazine.pt\/#\/schema\/person\/c6c5bfccc886434cbd11c74e035f9646","name":"Tiago Costa","image":{"@type":"ImageObject","inLanguage":"pt-PT","@id":"http:\/\/maismagazine.pt\/#\/schema\/person\/image\/","url":"https:\/\/secure.gravatar.com\/avatar\/c599b2bce16c9870429198cbad5ee022?s=96&d=mm&r=g","contentUrl":"https:\/\/secure.gravatar.com\/avatar\/c599b2bce16c9870429198cbad5ee022?s=96&d=mm&r=g","caption":"Tiago Costa"},"url":"http:\/\/maismagazine.pt\/index.php\/author\/tiago\/"}]}},"author_meta":{"display_name":false,"author_link":"http:\/\/maismagazine.pt\/index.php\/author\/tiago\/"},"featured_img":"http:\/\/maismagazine.pt\/wp-content\/uploads\/2023\/05\/Logo-Final212222-300x142.png","coauthors":[],"tax_additional":{"categories":{"linked":["<a href=\"http:\/\/maismagazine.pt\/index.php\/category\/emaf\/\" class=\"advgb-post-tax-term\">EMAF<\/a>","<a href=\"http:\/\/maismagazine.pt\/index.php\/category\/empreendedorismo\/\" class=\"advgb-post-tax-term\">Empreendedorismo<\/a>"],"unlinked":["<span class=\"advgb-post-tax-term\">EMAF<\/span>","<span class=\"advgb-post-tax-term\">Empreendedorismo<\/span>"]},"tags":{"linked":["<a href=\"http:\/\/maismagazine.pt\/index.php\/category\/empreendedorismo\/\" class=\"advgb-post-tax-term\">EMAF23<\/a>","<a href=\"http:\/\/maismagazine.pt\/index.php\/category\/empreendedorismo\/\" class=\"advgb-post-tax-term\">New Air<\/a>"],"unlinked":["<span class=\"advgb-post-tax-term\">EMAF23<\/span>","<span class=\"advgb-post-tax-term\">New Air<\/span>"]}},"comment_count":"0","relative_dates":{"created":"Posted 3 anos ago","modified":"Updated 3 anos ago"},"absolute_dates":{"created":"Posted on 26 de Maio, 2023","modified":"Updated on 17 de Maio, 2023"},"absolute_dates_time":{"created":"Posted on 26 de Maio, 2023 7:00","modified":"Updated on 17 de Maio, 2023 12:10"},"featured_img_caption":"","series_order":"","_links":{"self":[{"href":"http:\/\/maismagazine.pt\/index.php\/wp-json\/wp\/v2\/posts\/6689","targetHints":{"allow":["GET"]}}],"collection":[{"href":"http:\/\/maismagazine.pt\/index.php\/wp-json\/wp\/v2\/posts"}],"about":[{"href":"http:\/\/maismagazine.pt\/index.php\/wp-json\/wp\/v2\/types\/post"}],"author":[{"embeddable":true,"href":"http:\/\/maismagazine.pt\/index.php\/wp-json\/wp\/v2\/users\/17"}],"replies":[{"embeddable":true,"href":"http:\/\/maismagazine.pt\/index.php\/wp-json\/wp\/v2\/comments?post=6689"}],"version-history":[{"count":1,"href":"http:\/\/maismagazine.pt\/index.php\/wp-json\/wp\/v2\/posts\/6689\/revisions"}],"predecessor-version":[{"id":6695,"href":"http:\/\/maismagazine.pt\/index.php\/wp-json\/wp\/v2\/posts\/6689\/revisions\/6695"}],"wp:featuredmedia":[{"embeddable":true,"href":"http:\/\/maismagazine.pt\/index.php\/wp-json\/wp\/v2\/media\/6694"}],"wp:attachment":[{"href":"http:\/\/maismagazine.pt\/index.php\/wp-json\/wp\/v2\/media?parent=6689"}],"wp:term":[{"taxonomy":"category","embeddable":true,"href":"http:\/\/maismagazine.pt\/index.php\/wp-json\/wp\/v2\/categories?post=6689"},{"taxonomy":"post_tag","embeddable":true,"href":"http:\/\/maismagazine.pt\/index.php\/wp-json\/wp\/v2\/tags?post=6689"}],"curies":[{"name":"wp","href":"https:\/\/api.w.org\/{rel}","templated":true}]}}