{"id":6653,"date":"2023-05-26T07:00:00","date_gmt":"2023-05-26T06:00:00","guid":{"rendered":"https:\/\/maismagazine.pt\/?p=6653"},"modified":"2023-05-17T11:50:38","modified_gmt":"2023-05-17T10:50:38","slug":"a-nossa-missao-e-apresentar-solucoes-inovadoras-e-atualizadas-no-ambito-das-ferramentas-de-corte","status":"publish","type":"post","link":"http:\/\/maismagazine.pt\/index.php\/2023\/05\/26\/a-nossa-missao-e-apresentar-solucoes-inovadoras-e-atualizadas-no-ambito-das-ferramentas-de-corte\/","title":{"rendered":"\u201cA nossa miss\u00e3o \u00e9 apresentar solu\u00e7\u00f5es inovadoras e atualizadas no \u00e2mbito das ferramentas de corte\u201d"},"content":{"rendered":"\n<p><strong>A <a href=\"https:\/\/www.mfmartins.pt\/pt\/\">MFMartins S.A.<\/a> \u00e9 uma empresa 100% portuguesa especializada na comercializa\u00e7\u00e3o de ferramentas de corte para a constru\u00e7\u00e3o e metalomec\u00e2nica. Em conversa com Manuel Martins, o fundador da MFMartins S.A. fala-nos sobre a empresa que criou em 1980, na cidade do Porto, e que, fruto do seu crescimento exponencial, transferiu as suas instala\u00e7\u00f5es para Pedroso, em Vila Nova de Gaia, onde se encontra atualmente. <\/strong><\/p>\n\n\n\n<p><\/p>\n\n\n\n<p><strong>Que tipo de servi\u00e7os e produtos a sua MFMartins S.A. disponibiliza aos seus clientes?<\/strong><\/p>\n\n\n\n<p>A MFMartins S.A. \u00e9 uma empresa familiar com capital 10% portugu\u00eas, sedeada em Pedroso, Vila Nova de Gaia, que oferece solu\u00e7\u00f5es no \u00e2mbito das ferramentas de corte para uso industrial, e estamos orgulhosos de ocupar uma posi\u00e7\u00e3o de vanguarda e por sermos uma refer\u00eancia no mercado portugu\u00eas dentro do nosso setor. Comercializamos todo o tipo de ferramentas de corte para a constru\u00e7\u00e3o e metalomec\u00e2nica. Somos distribuidores exclusivos de v\u00e1rias marcas em Portugal, fazemos assist\u00eancia t\u00e9cnica aos nossos produtos, como afiamentos e soldadura. Disponibilizamos tamb\u00e9m aconselhamento e forma\u00e7\u00e3o aos nossos clientes.  <\/p>\n\n\n\n<p><\/p>\n\n\n\n<p><strong>Qual a miss\u00e3o da MFMartins S.A. no mercado?<\/strong><\/p>\n\n\n\n<p>A nossa miss\u00e3o \u00e9 apresentar solu\u00e7\u00f5es inovadoras e atualizadas no \u00e2mbito das ferramentas de corte, de forma a contribuir para rentabilizar os processos produtivos dos nossos clientes, sempre focados no servi\u00e7o de excel\u00eancia.  <\/p>\n\n\n\n<p><\/p>\n\n\n\n<p><strong>O que vos torna diferenciadores das restantes empresas do mesmo ramo? Porque os clientes devem escolher a MFMartins S.A.?<\/strong><\/p>\n\n\n\n<p>O que nos diferencia \u00e9 que para al\u00e9m de termos um stock permanente, conseguimos fazer entregas muito r\u00e1pidas, a maioria das encomendas chega em menos de 12 horas aos clientes. Facilitamos tamb\u00e9m muito a compra. Pode encomendar por telefone, por email ou atrav\u00e9s do nosso site. Facilitamos ao m\u00e1ximo para que o cliente fa\u00e7a as encomendas atrav\u00e9s do seu m\u00e9todo preferido. O servi\u00e7o de afiamentos e soldadura, o atendimento personalizado, tal como a forma\u00e7\u00e3o t\u00e9cnica e o suporte p\u00f3s-venda, garantem tamb\u00e9m que os clientes tenham sempre as melhores orienta\u00e7\u00f5es e possam obter sempre o m\u00e1ximo de desempenho dos seus produtos. <\/p>\n\n\n\n<p><\/p>\n\n\n\n<p><strong>Quais os desafios que o vosso setor enfrenta atualmente, nomeadamente relativos \u00e0 Ind\u00fastria 4.0? Como a empresa introduz tecnologia nos seus processos?<\/strong><\/p>\n\n\n\n<p>Trabalhamos com mais de 80 mil refer\u00eancias, por isso estamos obviamente atentos. Como PME ainda n\u00e3o temos necessidade de escalar algumas coisas, mas h\u00e1 alguns anos que usamos armaz\u00e9ns inteligentes. Come\u00e7amos este ano tamb\u00e9m com o sistema Picking\/Kardex e brevemente iremos come\u00e7ar na digitaliza\u00e7\u00e3o da fatura\u00e7\u00e3o. <\/p>\n\n\n\n<p><\/p>\n\n\n\n<p><strong>Qual a import\u00e2ncia na participa\u00e7\u00e3o em eventos como a EMAF? <\/strong><\/p>\n\n\n\n<p>\u00c9 sempre um ponto de contacto positivo com os nossos clientes, fornecedores e parceiros de neg\u00f3cios. Este ano como habitual iremos apresentar algumas novidades na \u00e1rea das ferramentas. Participamos na EMAF h\u00e1 mais de 25 anos e \u00e9 muito importante para consolidar a marca e fortalecer la\u00e7os comerciais com clientes. \u00c9 tamb\u00e9m a melhor maneira de lan\u00e7ar novos produtos e descobrir novos parceiros e distribuidores<\/p>\n\n\n\n<p><\/p>\n\n\n\n<p><strong>Quais os objetivos para o futuro da empresa?<\/strong><\/p>\n\n\n\n<p>De momento estamos a construir novas instala\u00e7\u00f5es para fazer face ao crescimento da empresa. A pandemia atrasou o processo, mas em princ\u00edpio no pr\u00f3ximo ano j\u00e1 iremos mudar para a nova sede (que ficar\u00e1 muito perto da atual). Outro dos objetivos da MFMartins \u00e9 a internacionaliza\u00e7\u00e3o da empresa, atrav\u00e9s da nossa marca pr\u00f3pria, a MASTER-PROF. Nos \u00faltimos anos temos exportado com algum sucesso para alguns pa\u00edses europeus e africanos.<\/p>\n\n\n<div class=\"wp-block-image wp-duotone-000000-000000-1\">\n<figure class=\"aligncenter size-large is-resized\"><img loading=\"lazy\" decoding=\"async\" src=\"https:\/\/maismagazine.pt\/wp-content\/uploads\/2023\/05\/mf-martins-logo-white-1024x687.png\" alt=\"\" class=\"wp-image-6660\" width=\"203\" height=\"135\" srcset=\"http:\/\/maismagazine.pt\/wp-content\/uploads\/2023\/05\/mf-martins-logo-white-1024x687.png 1024w, http:\/\/maismagazine.pt\/wp-content\/uploads\/2023\/05\/mf-martins-logo-white-300x201.png 300w, http:\/\/maismagazine.pt\/wp-content\/uploads\/2023\/05\/mf-martins-logo-white-768x515.png 768w, http:\/\/maismagazine.pt\/wp-content\/uploads\/2023\/05\/mf-martins-logo-white-1536x1030.png 1536w, http:\/\/maismagazine.pt\/wp-content\/uploads\/2023\/05\/mf-martins-logo-white-2048x1373.png 2048w, http:\/\/maismagazine.pt\/wp-content\/uploads\/2023\/05\/mf-martins-logo-white-150x100.png 150w\" sizes=\"auto, (max-width: 203px) 100vw, 203px\" \/><\/figure><\/div>","protected":false},"excerpt":{"rendered":"<p>A MFMartins S.A. \u00e9 uma empresa 100% portuguesa especializada na comercializa\u00e7\u00e3o de ferramentas de corte para a constru\u00e7\u00e3o e metalomec\u00e2nica. Em conversa com Manuel Martins, o fundador da MFMartins S.A. fala-nos sobre a empresa que criou em 1980, na cidade do Porto, e que, fruto do seu crescimento exponencial, transferiu&hellip;<\/p>\n","protected":false},"author":17,"featured_media":6665,"comment_status":"closed","ping_status":"open","sticky":false,"template":"","format":"standard","meta":{"advgb_blocks_editor_width":"","advgb_blocks_columns_visual_guide":"","_monsterinsights_skip_tracking":false,"_monsterinsights_sitenote_active":false,"_monsterinsights_sitenote_note":"","_monsterinsights_sitenote_category":0,"footnotes":""},"categories":[154,6],"tags":[1473,1486],"class_list":["post-6653","post","type-post","status-publish","format-standard","has-post-thumbnail","hentry","category-emaf","category-empreendedorismo","tag-emaf23","tag-mfmartins"],"yoast_head":"<!-- This site is optimized with the Yoast SEO plugin v24.4 - https:\/\/yoast.com\/wordpress\/plugins\/seo\/ -->\n<title>\u201cA nossa miss\u00e3o \u00e9 apresentar solu\u00e7\u00f5es inovadoras e atualizadas no \u00e2mbito das ferramentas de corte\u201d - Mais Magazine<\/title>\n<meta name=\"description\" content=\"A MFMartins S.A. \u00e9 uma empresa 100% portuguesa especializada na comercializa\u00e7\u00e3o de ferramentas de corte para a constru\u00e7\u00e3o e metalomec\u00e2nica. Em conversa com Manuel Martins, o fundador da MFMartins S.A. fala-nos sobre a empresa que criou em 1980, na cidade do Porto, e que, fruto do seu crescimento exponencial, transferiu as suas instala\u00e7\u00f5es para Pedroso, em Vila Nova de Gaia, onde se encontra atualmente.\" \/>\n<meta name=\"robots\" content=\"index, follow, max-snippet:-1, max-image-preview:large, max-video-preview:-1\" \/>\n<link rel=\"canonical\" href=\"http:\/\/maismagazine.pt\/index.php\/2023\/05\/26\/a-nossa-missao-e-apresentar-solucoes-inovadoras-e-atualizadas-no-ambito-das-ferramentas-de-corte\/\" \/>\n<meta property=\"og:locale\" content=\"pt_PT\" \/>\n<meta property=\"og:type\" content=\"article\" \/>\n<meta property=\"og:title\" content=\"\u201cA nossa miss\u00e3o \u00e9 apresentar solu\u00e7\u00f5es inovadoras e atualizadas no \u00e2mbito das ferramentas de corte\u201d - Mais Magazine\" \/>\n<meta property=\"og:description\" content=\"A MFMartins S.A. \u00e9 uma empresa 100% portuguesa especializada na comercializa\u00e7\u00e3o de ferramentas de corte para a constru\u00e7\u00e3o e metalomec\u00e2nica. Em conversa com Manuel Martins, o fundador da MFMartins S.A. fala-nos sobre a empresa que criou em 1980, na cidade do Porto, e que, fruto do seu crescimento exponencial, transferiu as suas instala\u00e7\u00f5es para Pedroso, em Vila Nova de Gaia, onde se encontra atualmente.\" \/>\n<meta property=\"og:url\" content=\"http:\/\/maismagazine.pt\/index.php\/2023\/05\/26\/a-nossa-missao-e-apresentar-solucoes-inovadoras-e-atualizadas-no-ambito-das-ferramentas-de-corte\/\" \/>\n<meta property=\"og:site_name\" content=\"Mais Magazine\" \/>\n<meta property=\"article:published_time\" content=\"2023-05-26T06:00:00+00:00\" \/>\n<meta property=\"og:image\" content=\"http:\/\/maismagazine.pt\/wp-content\/uploads\/2023\/05\/Manuel-Martins-fundador-da-MFMartins-S.A-2.jpg\" \/>\n\t<meta property=\"og:image:width\" content=\"525\" \/>\n\t<meta property=\"og:image:height\" content=\"400\" \/>\n\t<meta property=\"og:image:type\" content=\"image\/jpeg\" \/>\n<meta name=\"author\" content=\"Tiago Costa\" \/>\n<meta name=\"twitter:card\" content=\"summary_large_image\" \/>\n<meta name=\"twitter:label1\" content=\"Escrito por\" \/>\n\t<meta name=\"twitter:data1\" content=\"\" \/>\n\t<meta name=\"twitter:label2\" content=\"Tempo estimado de leitura\" \/>\n\t<meta name=\"twitter:data2\" content=\"3 minutos\" \/>\n<script type=\"application\/ld+json\" class=\"yoast-schema-graph\">{\"@context\":\"https:\/\/schema.org\",\"@graph\":[{\"@type\":\"Article\",\"@id\":\"http:\/\/maismagazine.pt\/index.php\/2023\/05\/26\/a-nossa-missao-e-apresentar-solucoes-inovadoras-e-atualizadas-no-ambito-das-ferramentas-de-corte\/#article\",\"isPartOf\":{\"@id\":\"http:\/\/maismagazine.pt\/index.php\/2023\/05\/26\/a-nossa-missao-e-apresentar-solucoes-inovadoras-e-atualizadas-no-ambito-das-ferramentas-de-corte\/\"},\"author\":{\"name\":\"Tiago Costa\",\"@id\":\"https:\/\/maismagazine.pt\/#\/schema\/person\/c6c5bfccc886434cbd11c74e035f9646\"},\"headline\":\"\u201cA nossa miss\u00e3o \u00e9 apresentar solu\u00e7\u00f5es inovadoras e atualizadas no \u00e2mbito das ferramentas de corte\u201d\",\"datePublished\":\"2023-05-26T06:00:00+00:00\",\"mainEntityOfPage\":{\"@id\":\"http:\/\/maismagazine.pt\/index.php\/2023\/05\/26\/a-nossa-missao-e-apresentar-solucoes-inovadoras-e-atualizadas-no-ambito-das-ferramentas-de-corte\/\"},\"wordCount\":614,\"publisher\":{\"@id\":\"https:\/\/maismagazine.pt\/#organization\"},\"image\":{\"@id\":\"http:\/\/maismagazine.pt\/index.php\/2023\/05\/26\/a-nossa-missao-e-apresentar-solucoes-inovadoras-e-atualizadas-no-ambito-das-ferramentas-de-corte\/#primaryimage\"},\"thumbnailUrl\":\"http:\/\/maismagazine.pt\/wp-content\/uploads\/2023\/05\/Manuel-Martins-fundador-da-MFMartins-S.A-2.jpg\",\"keywords\":[\"EMAF23\",\"MFMartins\"],\"articleSection\":[\"EMAF\",\"Empreendedorismo\"],\"inLanguage\":\"pt-PT\"},{\"@type\":\"WebPage\",\"@id\":\"http:\/\/maismagazine.pt\/index.php\/2023\/05\/26\/a-nossa-missao-e-apresentar-solucoes-inovadoras-e-atualizadas-no-ambito-das-ferramentas-de-corte\/\",\"url\":\"http:\/\/maismagazine.pt\/index.php\/2023\/05\/26\/a-nossa-missao-e-apresentar-solucoes-inovadoras-e-atualizadas-no-ambito-das-ferramentas-de-corte\/\",\"name\":\"\u201cA nossa miss\u00e3o \u00e9 apresentar solu\u00e7\u00f5es inovadoras e atualizadas no \u00e2mbito das ferramentas de corte\u201d - Mais Magazine\",\"isPartOf\":{\"@id\":\"https:\/\/maismagazine.pt\/#website\"},\"primaryImageOfPage\":{\"@id\":\"http:\/\/maismagazine.pt\/index.php\/2023\/05\/26\/a-nossa-missao-e-apresentar-solucoes-inovadoras-e-atualizadas-no-ambito-das-ferramentas-de-corte\/#primaryimage\"},\"image\":{\"@id\":\"http:\/\/maismagazine.pt\/index.php\/2023\/05\/26\/a-nossa-missao-e-apresentar-solucoes-inovadoras-e-atualizadas-no-ambito-das-ferramentas-de-corte\/#primaryimage\"},\"thumbnailUrl\":\"http:\/\/maismagazine.pt\/wp-content\/uploads\/2023\/05\/Manuel-Martins-fundador-da-MFMartins-S.A-2.jpg\",\"datePublished\":\"2023-05-26T06:00:00+00:00\",\"description\":\"A MFMartins S.A. \u00e9 uma empresa 100% portuguesa especializada na comercializa\u00e7\u00e3o de ferramentas de corte para a constru\u00e7\u00e3o e metalomec\u00e2nica. Em conversa com Manuel Martins, o fundador da MFMartins S.A. fala-nos sobre a empresa que criou em 1980, na cidade do Porto, e que, fruto do seu crescimento exponencial, transferiu as suas instala\u00e7\u00f5es para Pedroso, em Vila Nova de Gaia, onde se encontra atualmente.\",\"breadcrumb\":{\"@id\":\"http:\/\/maismagazine.pt\/index.php\/2023\/05\/26\/a-nossa-missao-e-apresentar-solucoes-inovadoras-e-atualizadas-no-ambito-das-ferramentas-de-corte\/#breadcrumb\"},\"inLanguage\":\"pt-PT\",\"potentialAction\":[{\"@type\":\"ReadAction\",\"target\":[\"http:\/\/maismagazine.pt\/index.php\/2023\/05\/26\/a-nossa-missao-e-apresentar-solucoes-inovadoras-e-atualizadas-no-ambito-das-ferramentas-de-corte\/\"]}]},{\"@type\":\"ImageObject\",\"inLanguage\":\"pt-PT\",\"@id\":\"http:\/\/maismagazine.pt\/index.php\/2023\/05\/26\/a-nossa-missao-e-apresentar-solucoes-inovadoras-e-atualizadas-no-ambito-das-ferramentas-de-corte\/#primaryimage\",\"url\":\"http:\/\/maismagazine.pt\/wp-content\/uploads\/2023\/05\/Manuel-Martins-fundador-da-MFMartins-S.A-2.jpg\",\"contentUrl\":\"http:\/\/maismagazine.pt\/wp-content\/uploads\/2023\/05\/Manuel-Martins-fundador-da-MFMartins-S.A-2.jpg\",\"width\":525,\"height\":400},{\"@type\":\"BreadcrumbList\",\"@id\":\"http:\/\/maismagazine.pt\/index.php\/2023\/05\/26\/a-nossa-missao-e-apresentar-solucoes-inovadoras-e-atualizadas-no-ambito-das-ferramentas-de-corte\/#breadcrumb\",\"itemListElement\":[{\"@type\":\"ListItem\",\"position\":1,\"name\":\"Home\",\"item\":\"https:\/\/maismagazine.pt\/\"},{\"@type\":\"ListItem\",\"position\":2,\"name\":\"\u201cA nossa miss\u00e3o \u00e9 apresentar solu\u00e7\u00f5es inovadoras e atualizadas no \u00e2mbito das ferramentas de corte\u201d\"}]},{\"@type\":\"WebSite\",\"@id\":\"https:\/\/maismagazine.pt\/#website\",\"url\":\"https:\/\/maismagazine.pt\/\",\"name\":\"Mais Magazine\",\"description\":\"\",\"publisher\":{\"@id\":\"https:\/\/maismagazine.pt\/#organization\"},\"potentialAction\":[{\"@type\":\"SearchAction\",\"target\":{\"@type\":\"EntryPoint\",\"urlTemplate\":\"https:\/\/maismagazine.pt\/?s={search_term_string}\"},\"query-input\":{\"@type\":\"PropertyValueSpecification\",\"valueRequired\":true,\"valueName\":\"search_term_string\"}}],\"inLanguage\":\"pt-PT\"},{\"@type\":\"Organization\",\"@id\":\"https:\/\/maismagazine.pt\/#organization\",\"name\":\"Mais Magazine\",\"url\":\"https:\/\/maismagazine.pt\/\",\"logo\":{\"@type\":\"ImageObject\",\"inLanguage\":\"pt-PT\",\"@id\":\"https:\/\/maismagazine.pt\/#\/schema\/logo\/image\/\",\"url\":\"http:\/\/maismagazine.pt\/wp-content\/uploads\/2020\/04\/cropped-cropped-mais-magazine-site-logo-2.png\",\"contentUrl\":\"http:\/\/maismagazine.pt\/wp-content\/uploads\/2020\/04\/cropped-cropped-mais-magazine-site-logo-2.png\",\"width\":581,\"height\":90,\"caption\":\"Mais Magazine\"},\"image\":{\"@id\":\"https:\/\/maismagazine.pt\/#\/schema\/logo\/image\/\"}},{\"@type\":\"Person\",\"@id\":\"https:\/\/maismagazine.pt\/#\/schema\/person\/c6c5bfccc886434cbd11c74e035f9646\",\"name\":\"Tiago Costa\",\"image\":{\"@type\":\"ImageObject\",\"inLanguage\":\"pt-PT\",\"@id\":\"https:\/\/maismagazine.pt\/#\/schema\/person\/image\/\",\"url\":\"https:\/\/secure.gravatar.com\/avatar\/c599b2bce16c9870429198cbad5ee022?s=96&d=mm&r=g\",\"contentUrl\":\"https:\/\/secure.gravatar.com\/avatar\/c599b2bce16c9870429198cbad5ee022?s=96&d=mm&r=g\",\"caption\":\"Tiago Costa\"},\"url\":\"http:\/\/maismagazine.pt\/index.php\/author\/tiago\/\"}]}<\/script>\n<!-- \/ Yoast SEO plugin. -->","yoast_head_json":{"title":"\u201cA nossa miss\u00e3o \u00e9 apresentar solu\u00e7\u00f5es inovadoras e atualizadas no \u00e2mbito das ferramentas de corte\u201d - Mais Magazine","description":"A MFMartins S.A. \u00e9 uma empresa 100% portuguesa especializada na comercializa\u00e7\u00e3o de ferramentas de corte para a constru\u00e7\u00e3o e metalomec\u00e2nica. Em conversa com Manuel Martins, o fundador da MFMartins S.A. fala-nos sobre a empresa que criou em 1980, na cidade do Porto, e que, fruto do seu crescimento exponencial, transferiu as suas instala\u00e7\u00f5es para Pedroso, em Vila Nova de Gaia, onde se encontra atualmente.","robots":{"index":"index","follow":"follow","max-snippet":"max-snippet:-1","max-image-preview":"max-image-preview:large","max-video-preview":"max-video-preview:-1"},"canonical":"http:\/\/maismagazine.pt\/index.php\/2023\/05\/26\/a-nossa-missao-e-apresentar-solucoes-inovadoras-e-atualizadas-no-ambito-das-ferramentas-de-corte\/","og_locale":"pt_PT","og_type":"article","og_title":"\u201cA nossa miss\u00e3o \u00e9 apresentar solu\u00e7\u00f5es inovadoras e atualizadas no \u00e2mbito das ferramentas de corte\u201d - Mais Magazine","og_description":"A MFMartins S.A. \u00e9 uma empresa 100% portuguesa especializada na comercializa\u00e7\u00e3o de ferramentas de corte para a constru\u00e7\u00e3o e metalomec\u00e2nica. Em conversa com Manuel Martins, o fundador da MFMartins S.A. fala-nos sobre a empresa que criou em 1980, na cidade do Porto, e que, fruto do seu crescimento exponencial, transferiu as suas instala\u00e7\u00f5es para Pedroso, em Vila Nova de Gaia, onde se encontra atualmente.","og_url":"http:\/\/maismagazine.pt\/index.php\/2023\/05\/26\/a-nossa-missao-e-apresentar-solucoes-inovadoras-e-atualizadas-no-ambito-das-ferramentas-de-corte\/","og_site_name":"Mais Magazine","article_published_time":"2023-05-26T06:00:00+00:00","og_image":[{"width":525,"height":400,"url":"http:\/\/maismagazine.pt\/wp-content\/uploads\/2023\/05\/Manuel-Martins-fundador-da-MFMartins-S.A-2.jpg","type":"image\/jpeg"}],"author":"Tiago Costa","twitter_card":"summary_large_image","twitter_misc":{"Escrito por":false,"Tempo estimado de leitura":"3 minutos"},"schema":{"@context":"https:\/\/schema.org","@graph":[{"@type":"Article","@id":"http:\/\/maismagazine.pt\/index.php\/2023\/05\/26\/a-nossa-missao-e-apresentar-solucoes-inovadoras-e-atualizadas-no-ambito-das-ferramentas-de-corte\/#article","isPartOf":{"@id":"http:\/\/maismagazine.pt\/index.php\/2023\/05\/26\/a-nossa-missao-e-apresentar-solucoes-inovadoras-e-atualizadas-no-ambito-das-ferramentas-de-corte\/"},"author":{"name":"Tiago Costa","@id":"https:\/\/maismagazine.pt\/#\/schema\/person\/c6c5bfccc886434cbd11c74e035f9646"},"headline":"\u201cA nossa miss\u00e3o \u00e9 apresentar solu\u00e7\u00f5es inovadoras e atualizadas no \u00e2mbito das ferramentas de corte\u201d","datePublished":"2023-05-26T06:00:00+00:00","mainEntityOfPage":{"@id":"http:\/\/maismagazine.pt\/index.php\/2023\/05\/26\/a-nossa-missao-e-apresentar-solucoes-inovadoras-e-atualizadas-no-ambito-das-ferramentas-de-corte\/"},"wordCount":614,"publisher":{"@id":"https:\/\/maismagazine.pt\/#organization"},"image":{"@id":"http:\/\/maismagazine.pt\/index.php\/2023\/05\/26\/a-nossa-missao-e-apresentar-solucoes-inovadoras-e-atualizadas-no-ambito-das-ferramentas-de-corte\/#primaryimage"},"thumbnailUrl":"http:\/\/maismagazine.pt\/wp-content\/uploads\/2023\/05\/Manuel-Martins-fundador-da-MFMartins-S.A-2.jpg","keywords":["EMAF23","MFMartins"],"articleSection":["EMAF","Empreendedorismo"],"inLanguage":"pt-PT"},{"@type":"WebPage","@id":"http:\/\/maismagazine.pt\/index.php\/2023\/05\/26\/a-nossa-missao-e-apresentar-solucoes-inovadoras-e-atualizadas-no-ambito-das-ferramentas-de-corte\/","url":"http:\/\/maismagazine.pt\/index.php\/2023\/05\/26\/a-nossa-missao-e-apresentar-solucoes-inovadoras-e-atualizadas-no-ambito-das-ferramentas-de-corte\/","name":"\u201cA nossa miss\u00e3o \u00e9 apresentar solu\u00e7\u00f5es inovadoras e atualizadas no \u00e2mbito das ferramentas de corte\u201d - Mais Magazine","isPartOf":{"@id":"https:\/\/maismagazine.pt\/#website"},"primaryImageOfPage":{"@id":"http:\/\/maismagazine.pt\/index.php\/2023\/05\/26\/a-nossa-missao-e-apresentar-solucoes-inovadoras-e-atualizadas-no-ambito-das-ferramentas-de-corte\/#primaryimage"},"image":{"@id":"http:\/\/maismagazine.pt\/index.php\/2023\/05\/26\/a-nossa-missao-e-apresentar-solucoes-inovadoras-e-atualizadas-no-ambito-das-ferramentas-de-corte\/#primaryimage"},"thumbnailUrl":"http:\/\/maismagazine.pt\/wp-content\/uploads\/2023\/05\/Manuel-Martins-fundador-da-MFMartins-S.A-2.jpg","datePublished":"2023-05-26T06:00:00+00:00","description":"A MFMartins S.A. \u00e9 uma empresa 100% portuguesa especializada na comercializa\u00e7\u00e3o de ferramentas de corte para a constru\u00e7\u00e3o e metalomec\u00e2nica. Em conversa com Manuel Martins, o fundador da MFMartins S.A. fala-nos sobre a empresa que criou em 1980, na cidade do Porto, e que, fruto do seu crescimento exponencial, transferiu as suas instala\u00e7\u00f5es para Pedroso, em Vila Nova de Gaia, onde se encontra atualmente.","breadcrumb":{"@id":"http:\/\/maismagazine.pt\/index.php\/2023\/05\/26\/a-nossa-missao-e-apresentar-solucoes-inovadoras-e-atualizadas-no-ambito-das-ferramentas-de-corte\/#breadcrumb"},"inLanguage":"pt-PT","potentialAction":[{"@type":"ReadAction","target":["http:\/\/maismagazine.pt\/index.php\/2023\/05\/26\/a-nossa-missao-e-apresentar-solucoes-inovadoras-e-atualizadas-no-ambito-das-ferramentas-de-corte\/"]}]},{"@type":"ImageObject","inLanguage":"pt-PT","@id":"http:\/\/maismagazine.pt\/index.php\/2023\/05\/26\/a-nossa-missao-e-apresentar-solucoes-inovadoras-e-atualizadas-no-ambito-das-ferramentas-de-corte\/#primaryimage","url":"http:\/\/maismagazine.pt\/wp-content\/uploads\/2023\/05\/Manuel-Martins-fundador-da-MFMartins-S.A-2.jpg","contentUrl":"http:\/\/maismagazine.pt\/wp-content\/uploads\/2023\/05\/Manuel-Martins-fundador-da-MFMartins-S.A-2.jpg","width":525,"height":400},{"@type":"BreadcrumbList","@id":"http:\/\/maismagazine.pt\/index.php\/2023\/05\/26\/a-nossa-missao-e-apresentar-solucoes-inovadoras-e-atualizadas-no-ambito-das-ferramentas-de-corte\/#breadcrumb","itemListElement":[{"@type":"ListItem","position":1,"name":"Home","item":"https:\/\/maismagazine.pt\/"},{"@type":"ListItem","position":2,"name":"\u201cA nossa miss\u00e3o \u00e9 apresentar solu\u00e7\u00f5es inovadoras e atualizadas no \u00e2mbito das ferramentas de corte\u201d"}]},{"@type":"WebSite","@id":"https:\/\/maismagazine.pt\/#website","url":"https:\/\/maismagazine.pt\/","name":"Mais Magazine","description":"","publisher":{"@id":"https:\/\/maismagazine.pt\/#organization"},"potentialAction":[{"@type":"SearchAction","target":{"@type":"EntryPoint","urlTemplate":"https:\/\/maismagazine.pt\/?s={search_term_string}"},"query-input":{"@type":"PropertyValueSpecification","valueRequired":true,"valueName":"search_term_string"}}],"inLanguage":"pt-PT"},{"@type":"Organization","@id":"https:\/\/maismagazine.pt\/#organization","name":"Mais Magazine","url":"https:\/\/maismagazine.pt\/","logo":{"@type":"ImageObject","inLanguage":"pt-PT","@id":"https:\/\/maismagazine.pt\/#\/schema\/logo\/image\/","url":"http:\/\/maismagazine.pt\/wp-content\/uploads\/2020\/04\/cropped-cropped-mais-magazine-site-logo-2.png","contentUrl":"http:\/\/maismagazine.pt\/wp-content\/uploads\/2020\/04\/cropped-cropped-mais-magazine-site-logo-2.png","width":581,"height":90,"caption":"Mais Magazine"},"image":{"@id":"https:\/\/maismagazine.pt\/#\/schema\/logo\/image\/"}},{"@type":"Person","@id":"https:\/\/maismagazine.pt\/#\/schema\/person\/c6c5bfccc886434cbd11c74e035f9646","name":"Tiago Costa","image":{"@type":"ImageObject","inLanguage":"pt-PT","@id":"https:\/\/maismagazine.pt\/#\/schema\/person\/image\/","url":"https:\/\/secure.gravatar.com\/avatar\/c599b2bce16c9870429198cbad5ee022?s=96&d=mm&r=g","contentUrl":"https:\/\/secure.gravatar.com\/avatar\/c599b2bce16c9870429198cbad5ee022?s=96&d=mm&r=g","caption":"Tiago Costa"},"url":"http:\/\/maismagazine.pt\/index.php\/author\/tiago\/"}]}},"author_meta":{"display_name":false,"author_link":"http:\/\/maismagazine.pt\/index.php\/author\/tiago\/"},"featured_img":"http:\/\/maismagazine.pt\/wp-content\/uploads\/2023\/05\/Manuel-Martins-fundador-da-MFMartins-S.A-2-300x229.jpg","coauthors":[],"tax_additional":{"categories":{"linked":["<a href=\"http:\/\/maismagazine.pt\/index.php\/category\/emaf\/\" class=\"advgb-post-tax-term\">EMAF<\/a>","<a href=\"http:\/\/maismagazine.pt\/index.php\/category\/empreendedorismo\/\" class=\"advgb-post-tax-term\">Empreendedorismo<\/a>"],"unlinked":["<span class=\"advgb-post-tax-term\">EMAF<\/span>","<span class=\"advgb-post-tax-term\">Empreendedorismo<\/span>"]},"tags":{"linked":["<a href=\"http:\/\/maismagazine.pt\/index.php\/category\/empreendedorismo\/\" class=\"advgb-post-tax-term\">EMAF23<\/a>","<a href=\"http:\/\/maismagazine.pt\/index.php\/category\/empreendedorismo\/\" class=\"advgb-post-tax-term\">MFMartins<\/a>"],"unlinked":["<span class=\"advgb-post-tax-term\">EMAF23<\/span>","<span class=\"advgb-post-tax-term\">MFMartins<\/span>"]}},"comment_count":"0","relative_dates":{"created":"Posted 3 anos ago","modified":"Updated 3 anos ago"},"absolute_dates":{"created":"Posted on 26 de Maio, 2023","modified":"Updated on 17 de Maio, 2023"},"absolute_dates_time":{"created":"Posted on 26 de Maio, 2023 7:00","modified":"Updated on 17 de Maio, 2023 11:50"},"featured_img_caption":"","series_order":"","_links":{"self":[{"href":"http:\/\/maismagazine.pt\/index.php\/wp-json\/wp\/v2\/posts\/6653","targetHints":{"allow":["GET"]}}],"collection":[{"href":"http:\/\/maismagazine.pt\/index.php\/wp-json\/wp\/v2\/posts"}],"about":[{"href":"http:\/\/maismagazine.pt\/index.php\/wp-json\/wp\/v2\/types\/post"}],"author":[{"embeddable":true,"href":"http:\/\/maismagazine.pt\/index.php\/wp-json\/wp\/v2\/users\/17"}],"replies":[{"embeddable":true,"href":"http:\/\/maismagazine.pt\/index.php\/wp-json\/wp\/v2\/comments?post=6653"}],"version-history":[{"count":2,"href":"http:\/\/maismagazine.pt\/index.php\/wp-json\/wp\/v2\/posts\/6653\/revisions"}],"predecessor-version":[{"id":6664,"href":"http:\/\/maismagazine.pt\/index.php\/wp-json\/wp\/v2\/posts\/6653\/revisions\/6664"}],"wp:featuredmedia":[{"embeddable":true,"href":"http:\/\/maismagazine.pt\/index.php\/wp-json\/wp\/v2\/media\/6665"}],"wp:attachment":[{"href":"http:\/\/maismagazine.pt\/index.php\/wp-json\/wp\/v2\/media?parent=6653"}],"wp:term":[{"taxonomy":"category","embeddable":true,"href":"http:\/\/maismagazine.pt\/index.php\/wp-json\/wp\/v2\/categories?post=6653"},{"taxonomy":"post_tag","embeddable":true,"href":"http:\/\/maismagazine.pt\/index.php\/wp-json\/wp\/v2\/tags?post=6653"}],"curies":[{"name":"wp","href":"https:\/\/api.w.org\/{rel}","templated":true}]}}