{"id":6229,"date":"2023-04-21T07:00:00","date_gmt":"2023-04-21T06:00:00","guid":{"rendered":"https:\/\/maismagazine.pt\/?p=6229"},"modified":"2023-04-12T11:35:34","modified_gmt":"2023-04-12T10:35:34","slug":"um-pequeno-refugio-natural-debrucado-sobre-a-baia-de-porto-pim","status":"publish","type":"post","link":"http:\/\/maismagazine.pt\/index.php\/2023\/04\/21\/um-pequeno-refugio-natural-debrucado-sobre-a-baia-de-porto-pim\/","title":{"rendered":"Um pequeno ref\u00fagio natural debru\u00e7ado sobre a Ba\u00eda de Porto Pim"},"content":{"rendered":"\n<p><strong>Situada no cora\u00e7\u00e3o da ilha do Faial, a <a href=\"http:\/\/www.portopimbay.com\">Porto Pim Bay<\/a> \u00e9 um aut\u00eantico ref\u00fagio natural que lhe permite usufruir de puros momentos de descontra\u00e7\u00e3o em fam\u00edlia, com a cara-metade ou com amigos. Em entrevista \u00e0 Mais Magazine, Rosa Dart deu a conhecer um pouco melhor este projeto, que \u00e9 a recria\u00e7\u00e3o perfeita da ess\u00eancia e viv\u00eancia desta ilha e das suas gentes. Prepare as malas e venha connosco nesta viagem pela ilha mais cosmopolita dos A\u00e7ores. <\/strong><\/p>\n\n\n\n<p><\/p>\n\n\n\n<p>A Porto Pim Bay nasceu em 2017, fruto da for\u00e7a empreendedora de Rosa Dart e do seu desejo de oferecer, a quem visitasse a ilha onde nasceu e cresceu, uma op\u00e7\u00e3o de hospedagem diferenciada, com a total garantia de conforto e de bem-receber. Localizada junto \u00e0 magn\u00edfica Ba\u00eda de Porto Pim, praia ex-l\u00edbris da cidade da Horta, a Porto Pim Bay foi pensada para que os seus h\u00f3spedes se sintam em total comunh\u00e3o com a natureza, ess\u00eancia e viv\u00eancia desta ilha. \u201cQuem visita o Faial ou os A\u00e7ores procura algo mais. Procura o reencontro consigo, com a natureza, com o mar e \u00e9 isso que temos de entender para irmos ao encontro dos desejos dos h\u00f3spedes e proporcionar-lhes uma experi\u00eancia end\u00f3gena\u201d, explica Rosa Dart. Composta por um conjunto de cinco apartamentos de charme, que aliam a eleg\u00e2ncia e a simplicidade, projetados pelo Arquiteto Albino Pinho, a Porto Pim Bay disp\u00f5e de todas as comodidades para viver umas f\u00e9rias inesquec\u00edveis em fam\u00edlia ou com amigos. <\/p>\n\n\n\n<p><\/p>\n\n\n\n<div class=\"wp-block-image\"><figure class=\"aligncenter size-full is-resized\"><img loading=\"lazy\" decoding=\"async\" src=\"https:\/\/maismagazine.pt\/wp-content\/uploads\/2023\/04\/A7_04143-1.jpg\" alt=\"\" class=\"wp-image-6233\" width=\"293\" height=\"439\" srcset=\"http:\/\/maismagazine.pt\/wp-content\/uploads\/2023\/04\/A7_04143-1.jpg 479w, http:\/\/maismagazine.pt\/wp-content\/uploads\/2023\/04\/A7_04143-1-200x300.jpg 200w\" sizes=\"auto, (max-width: 293px) 100vw, 293px\" \/><figcaption>Rosa Dart, S\u00f3cia-Gerente da Porto Pim Bay<\/figcaption><\/figure><\/div>\n\n\n\n<figure class=\"wp-block-gallery columns-2 is-cropped wp-block-gallery-1\"><ul class=\"blocks-gallery-grid\"><li class=\"blocks-gallery-item\"><figure><img loading=\"lazy\" decoding=\"async\" width=\"882\" height=\"588\" src=\"https:\/\/maismagazine.pt\/wp-content\/uploads\/2023\/04\/02Pimbayhighres-1.jpg\" alt=\"\" data-id=\"6234\" data-full-url=\"https:\/\/maismagazine.pt\/wp-content\/uploads\/2023\/04\/02Pimbayhighres-1.jpg\" data-link=\"https:\/\/maismagazine.pt\/?attachment_id=6234\" class=\"wp-image-6234\" srcset=\"http:\/\/maismagazine.pt\/wp-content\/uploads\/2023\/04\/02Pimbayhighres-1.jpg 882w, http:\/\/maismagazine.pt\/wp-content\/uploads\/2023\/04\/02Pimbayhighres-1-300x200.jpg 300w, http:\/\/maismagazine.pt\/wp-content\/uploads\/2023\/04\/02Pimbayhighres-1-768x512.jpg 768w, http:\/\/maismagazine.pt\/wp-content\/uploads\/2023\/04\/02Pimbayhighres-1-150x100.jpg 150w\" sizes=\"auto, (max-width: 882px) 100vw, 882px\" \/><\/figure><\/li><li class=\"blocks-gallery-item\"><figure><img loading=\"lazy\" decoding=\"async\" width=\"366\" height=\"488\" src=\"https:\/\/maismagazine.pt\/wp-content\/uploads\/2023\/04\/IMG_6888-2.jpg\" alt=\"\" data-id=\"6237\" data-full-url=\"https:\/\/maismagazine.pt\/wp-content\/uploads\/2023\/04\/IMG_6888-2.jpg\" data-link=\"https:\/\/maismagazine.pt\/?attachment_id=6237\" class=\"wp-image-6237 is-layout-flex wp-block-gallery-is-layout-flex\" srcset=\"http:\/\/maismagazine.pt\/wp-content\/uploads\/2023\/04\/IMG_6888-2.jpg 366w, http:\/\/maismagazine.pt\/wp-content\/uploads\/2023\/04\/IMG_6888-2-225x300.jpg 225w\" sizes=\"auto, (max-width: 366px) 100vw, 366px\" \/><\/figure><\/li><\/ul><\/figure>\n\n\n\n<p><\/p>\n\n\n\n<p>Seja qual for a sua idade ou interesse, fique a saber que s\u00e3o tamb\u00e9m in\u00fameras as atividades proporcionadas pela Porto Pim Bay, que prometem transformar a sua viagem aos A\u00e7ores numa fuga \u00fanica. \u201cOs nossos h\u00f3spedes disp\u00f5em de caiaques para usar na praia \u00e0 sua vontade. De resto, temos muitos parceiros e ajudamos a orientar ou organizar qualquer experi\u00eancia\u201d. Se \u00e9 dos que procuram aventura e adrenalina, aconselham-se os tours de jipe ou bicicleta pela ilha. Se por outro lado, veio em busca de paz e descanso, nada melhor que apreciar o que a natureza tem para lhe oferecer e desfrutar de um inesquec\u00edvel sunset na praia ou de uma deliciosa refei\u00e7\u00e3o com assinatura de Chef. Op\u00e7\u00f5es n\u00e3o faltam e, da parte da Porto Pim Bay, sugest\u00f5es tamb\u00e9m n\u00e3o. Considerada por muitos um dos locais mais paradis\u00edacos de todo o arquip\u00e9lago dos A\u00e7ores, a ilha do Faial \u00e9 sem d\u00favida um dos destinos a colocar na lista de locais a visitar. Segura, sustent\u00e1vel, com um patrim\u00f3nio cultural e natural riqu\u00edssimo, a ilha do Faial anda nas bocas do mundo ou n\u00e3o tivesse sido considerada pela European Best Destinations um dos melhores destinos da Europa em 2023. Se ainda mais motivos fossem necess\u00e1rios para visitar esta paradis\u00edaca ilha, Rosa Dart deixa-lhe o convite que faltava: \u201cC\u00e1 \u00e9 o lugar ideal para se visitar e at\u00e9 viver. Venha sentir-nos!&#8221; <\/p>\n\n\n\n<div class=\"wp-block-image\"><figure class=\"aligncenter size-large is-resized\"><img loading=\"lazy\" decoding=\"async\" src=\"https:\/\/maismagazine.pt\/wp-content\/uploads\/2023\/04\/IMG_7535-1-1024x412.jpeg\" alt=\"\" class=\"wp-image-6243\" width=\"353\" height=\"142\" srcset=\"http:\/\/maismagazine.pt\/wp-content\/uploads\/2023\/04\/IMG_7535-1-1024x412.jpeg 1024w, http:\/\/maismagazine.pt\/wp-content\/uploads\/2023\/04\/IMG_7535-1-300x121.jpeg 300w, http:\/\/maismagazine.pt\/wp-content\/uploads\/2023\/04\/IMG_7535-1-768x309.jpeg 768w, http:\/\/maismagazine.pt\/wp-content\/uploads\/2023\/04\/IMG_7535-1.jpeg 1035w\" sizes=\"auto, (max-width: 353px) 100vw, 353px\" \/><\/figure><\/div>\n","protected":false},"excerpt":{"rendered":"<p>Situada no cora\u00e7\u00e3o da ilha do Faial, a Porto Pim Bay \u00e9 um aut\u00eantico ref\u00fagio natural que lhe permite usufruir de puros momentos de descontra\u00e7\u00e3o em fam\u00edlia, com a cara-metade ou com amigos. Em entrevista \u00e0 Mais Magazine, Rosa Dart deu a conhecer um pouco melhor este projeto, que \u00e9&hellip;<\/p>\n","protected":false},"author":17,"featured_media":6244,"comment_status":"closed","ping_status":"open","sticky":false,"template":"","format":"standard","meta":{"advgb_blocks_editor_width":"","advgb_blocks_columns_visual_guide":"","_monsterinsights_skip_tracking":false,"_monsterinsights_sitenote_active":false,"_monsterinsights_sitenote_note":"","_monsterinsights_sitenote_category":0,"footnotes":""},"categories":[53],"tags":[281,1413,64],"class_list":["post-6229","post","type-post","status-publish","format-standard","has-post-thumbnail","hentry","category-turismo-restaurantes","tag-acores","tag-porto-pim-bay","tag-turismo"],"yoast_head":"<!-- This site is optimized with the Yoast SEO plugin v24.4 - https:\/\/yoast.com\/wordpress\/plugins\/seo\/ -->\n<title>Um pequeno ref\u00fagio natural debru\u00e7ado sobre a Ba\u00eda de Porto Pim - Mais Magazine<\/title>\n<meta name=\"description\" content=\"Situada no cora\u00e7\u00e3o da ilha do Faial, a Porto Pim Bay \u00e9 um aut\u00eantico ref\u00fagio natural que lhe permite usufruir de puros momentos de descontra\u00e7\u00e3o em fam\u00edlia, com a cara-metade ou com amigos. Em entrevista \u00e0 Mais Magazine, Rosa Dart deu a conhecer um pouco melhor este projeto, que \u00e9 a recria\u00e7\u00e3o perfeita da ess\u00eancia e viv\u00eancia desta ilha e das suas gentes. Prepare as malas e venha connosco nesta viagem pela ilha mais cosmopolita dos A\u00e7ores.\" \/>\n<meta name=\"robots\" content=\"index, follow, max-snippet:-1, max-image-preview:large, max-video-preview:-1\" \/>\n<link rel=\"canonical\" href=\"http:\/\/maismagazine.pt\/index.php\/2023\/04\/21\/um-pequeno-refugio-natural-debrucado-sobre-a-baia-de-porto-pim\/\" \/>\n<meta property=\"og:locale\" content=\"pt_PT\" \/>\n<meta property=\"og:type\" content=\"article\" \/>\n<meta property=\"og:title\" content=\"Um pequeno ref\u00fagio natural debru\u00e7ado sobre a Ba\u00eda de Porto Pim - Mais Magazine\" \/>\n<meta property=\"og:description\" content=\"Situada no cora\u00e7\u00e3o da ilha do Faial, a Porto Pim Bay \u00e9 um aut\u00eantico ref\u00fagio natural que lhe permite usufruir de puros momentos de descontra\u00e7\u00e3o em fam\u00edlia, com a cara-metade ou com amigos. Em entrevista \u00e0 Mais Magazine, Rosa Dart deu a conhecer um pouco melhor este projeto, que \u00e9 a recria\u00e7\u00e3o perfeita da ess\u00eancia e viv\u00eancia desta ilha e das suas gentes. Prepare as malas e venha connosco nesta viagem pela ilha mais cosmopolita dos A\u00e7ores.\" \/>\n<meta property=\"og:url\" content=\"http:\/\/maismagazine.pt\/index.php\/2023\/04\/21\/um-pequeno-refugio-natural-debrucado-sobre-a-baia-de-porto-pim\/\" \/>\n<meta property=\"og:site_name\" content=\"Mais Magazine\" \/>\n<meta property=\"article:published_time\" content=\"2023-04-21T06:00:00+00:00\" \/>\n<meta property=\"og:image\" content=\"http:\/\/maismagazine.pt\/wp-content\/uploads\/2023\/04\/1628.jpg\" \/>\n\t<meta property=\"og:image:width\" content=\"752\" \/>\n\t<meta property=\"og:image:height\" content=\"502\" \/>\n\t<meta property=\"og:image:type\" content=\"image\/jpeg\" \/>\n<meta name=\"author\" content=\"Tiago Costa\" \/>\n<meta name=\"twitter:card\" content=\"summary_large_image\" \/>\n<meta name=\"twitter:label1\" content=\"Escrito por\" \/>\n\t<meta name=\"twitter:data1\" content=\"\" \/>\n\t<meta name=\"twitter:label2\" content=\"Tempo estimado de leitura\" \/>\n\t<meta name=\"twitter:data2\" content=\"3 minutos\" \/>\n<script type=\"application\/ld+json\" class=\"yoast-schema-graph\">{\"@context\":\"https:\/\/schema.org\",\"@graph\":[{\"@type\":\"Article\",\"@id\":\"http:\/\/maismagazine.pt\/index.php\/2023\/04\/21\/um-pequeno-refugio-natural-debrucado-sobre-a-baia-de-porto-pim\/#article\",\"isPartOf\":{\"@id\":\"http:\/\/maismagazine.pt\/index.php\/2023\/04\/21\/um-pequeno-refugio-natural-debrucado-sobre-a-baia-de-porto-pim\/\"},\"author\":{\"name\":\"Tiago Costa\",\"@id\":\"https:\/\/maismagazine.pt\/#\/schema\/person\/c6c5bfccc886434cbd11c74e035f9646\"},\"headline\":\"Um pequeno ref\u00fagio natural debru\u00e7ado sobre a Ba\u00eda de Porto Pim\",\"datePublished\":\"2023-04-21T06:00:00+00:00\",\"mainEntityOfPage\":{\"@id\":\"http:\/\/maismagazine.pt\/index.php\/2023\/04\/21\/um-pequeno-refugio-natural-debrucado-sobre-a-baia-de-porto-pim\/\"},\"wordCount\":530,\"publisher\":{\"@id\":\"https:\/\/maismagazine.pt\/#organization\"},\"image\":{\"@id\":\"http:\/\/maismagazine.pt\/index.php\/2023\/04\/21\/um-pequeno-refugio-natural-debrucado-sobre-a-baia-de-porto-pim\/#primaryimage\"},\"thumbnailUrl\":\"http:\/\/maismagazine.pt\/wp-content\/uploads\/2023\/04\/1628.jpg\",\"keywords\":[\"a\u00e7ores\",\"Porto Pim Bay\",\"Turismo\"],\"articleSection\":[\"Turismo | Vinhos | Gastronomia\"],\"inLanguage\":\"pt-PT\"},{\"@type\":\"WebPage\",\"@id\":\"http:\/\/maismagazine.pt\/index.php\/2023\/04\/21\/um-pequeno-refugio-natural-debrucado-sobre-a-baia-de-porto-pim\/\",\"url\":\"http:\/\/maismagazine.pt\/index.php\/2023\/04\/21\/um-pequeno-refugio-natural-debrucado-sobre-a-baia-de-porto-pim\/\",\"name\":\"Um pequeno ref\u00fagio natural debru\u00e7ado sobre a Ba\u00eda de Porto Pim - Mais Magazine\",\"isPartOf\":{\"@id\":\"https:\/\/maismagazine.pt\/#website\"},\"primaryImageOfPage\":{\"@id\":\"http:\/\/maismagazine.pt\/index.php\/2023\/04\/21\/um-pequeno-refugio-natural-debrucado-sobre-a-baia-de-porto-pim\/#primaryimage\"},\"image\":{\"@id\":\"http:\/\/maismagazine.pt\/index.php\/2023\/04\/21\/um-pequeno-refugio-natural-debrucado-sobre-a-baia-de-porto-pim\/#primaryimage\"},\"thumbnailUrl\":\"http:\/\/maismagazine.pt\/wp-content\/uploads\/2023\/04\/1628.jpg\",\"datePublished\":\"2023-04-21T06:00:00+00:00\",\"description\":\"Situada no cora\u00e7\u00e3o da ilha do Faial, a Porto Pim Bay \u00e9 um aut\u00eantico ref\u00fagio natural que lhe permite usufruir de puros momentos de descontra\u00e7\u00e3o em fam\u00edlia, com a cara-metade ou com amigos. Em entrevista \u00e0 Mais Magazine, Rosa Dart deu a conhecer um pouco melhor este projeto, que \u00e9 a recria\u00e7\u00e3o perfeita da ess\u00eancia e viv\u00eancia desta ilha e das suas gentes. Prepare as malas e venha connosco nesta viagem pela ilha mais cosmopolita dos A\u00e7ores.\",\"breadcrumb\":{\"@id\":\"http:\/\/maismagazine.pt\/index.php\/2023\/04\/21\/um-pequeno-refugio-natural-debrucado-sobre-a-baia-de-porto-pim\/#breadcrumb\"},\"inLanguage\":\"pt-PT\",\"potentialAction\":[{\"@type\":\"ReadAction\",\"target\":[\"http:\/\/maismagazine.pt\/index.php\/2023\/04\/21\/um-pequeno-refugio-natural-debrucado-sobre-a-baia-de-porto-pim\/\"]}]},{\"@type\":\"ImageObject\",\"inLanguage\":\"pt-PT\",\"@id\":\"http:\/\/maismagazine.pt\/index.php\/2023\/04\/21\/um-pequeno-refugio-natural-debrucado-sobre-a-baia-de-porto-pim\/#primaryimage\",\"url\":\"http:\/\/maismagazine.pt\/wp-content\/uploads\/2023\/04\/1628.jpg\",\"contentUrl\":\"http:\/\/maismagazine.pt\/wp-content\/uploads\/2023\/04\/1628.jpg\",\"width\":752,\"height\":502},{\"@type\":\"BreadcrumbList\",\"@id\":\"http:\/\/maismagazine.pt\/index.php\/2023\/04\/21\/um-pequeno-refugio-natural-debrucado-sobre-a-baia-de-porto-pim\/#breadcrumb\",\"itemListElement\":[{\"@type\":\"ListItem\",\"position\":1,\"name\":\"Home\",\"item\":\"https:\/\/maismagazine.pt\/\"},{\"@type\":\"ListItem\",\"position\":2,\"name\":\"Um pequeno ref\u00fagio natural debru\u00e7ado sobre a Ba\u00eda de Porto Pim\"}]},{\"@type\":\"WebSite\",\"@id\":\"https:\/\/maismagazine.pt\/#website\",\"url\":\"https:\/\/maismagazine.pt\/\",\"name\":\"Mais Magazine\",\"description\":\"\",\"publisher\":{\"@id\":\"https:\/\/maismagazine.pt\/#organization\"},\"potentialAction\":[{\"@type\":\"SearchAction\",\"target\":{\"@type\":\"EntryPoint\",\"urlTemplate\":\"https:\/\/maismagazine.pt\/?s={search_term_string}\"},\"query-input\":{\"@type\":\"PropertyValueSpecification\",\"valueRequired\":true,\"valueName\":\"search_term_string\"}}],\"inLanguage\":\"pt-PT\"},{\"@type\":\"Organization\",\"@id\":\"https:\/\/maismagazine.pt\/#organization\",\"name\":\"Mais Magazine\",\"url\":\"https:\/\/maismagazine.pt\/\",\"logo\":{\"@type\":\"ImageObject\",\"inLanguage\":\"pt-PT\",\"@id\":\"https:\/\/maismagazine.pt\/#\/schema\/logo\/image\/\",\"url\":\"http:\/\/maismagazine.pt\/wp-content\/uploads\/2020\/04\/cropped-cropped-mais-magazine-site-logo-2.png\",\"contentUrl\":\"http:\/\/maismagazine.pt\/wp-content\/uploads\/2020\/04\/cropped-cropped-mais-magazine-site-logo-2.png\",\"width\":581,\"height\":90,\"caption\":\"Mais Magazine\"},\"image\":{\"@id\":\"https:\/\/maismagazine.pt\/#\/schema\/logo\/image\/\"}},{\"@type\":\"Person\",\"@id\":\"https:\/\/maismagazine.pt\/#\/schema\/person\/c6c5bfccc886434cbd11c74e035f9646\",\"name\":\"Tiago Costa\",\"image\":{\"@type\":\"ImageObject\",\"inLanguage\":\"pt-PT\",\"@id\":\"https:\/\/maismagazine.pt\/#\/schema\/person\/image\/\",\"url\":\"https:\/\/secure.gravatar.com\/avatar\/c599b2bce16c9870429198cbad5ee022?s=96&d=mm&r=g\",\"contentUrl\":\"https:\/\/secure.gravatar.com\/avatar\/c599b2bce16c9870429198cbad5ee022?s=96&d=mm&r=g\",\"caption\":\"Tiago Costa\"},\"url\":\"http:\/\/maismagazine.pt\/index.php\/author\/tiago\/\"}]}<\/script>\n<!-- \/ Yoast SEO plugin. -->","yoast_head_json":{"title":"Um pequeno ref\u00fagio natural debru\u00e7ado sobre a Ba\u00eda de Porto Pim - Mais Magazine","description":"Situada no cora\u00e7\u00e3o da ilha do Faial, a Porto Pim Bay \u00e9 um aut\u00eantico ref\u00fagio natural que lhe permite usufruir de puros momentos de descontra\u00e7\u00e3o em fam\u00edlia, com a cara-metade ou com amigos. Em entrevista \u00e0 Mais Magazine, Rosa Dart deu a conhecer um pouco melhor este projeto, que \u00e9 a recria\u00e7\u00e3o perfeita da ess\u00eancia e viv\u00eancia desta ilha e das suas gentes. Prepare as malas e venha connosco nesta viagem pela ilha mais cosmopolita dos A\u00e7ores.","robots":{"index":"index","follow":"follow","max-snippet":"max-snippet:-1","max-image-preview":"max-image-preview:large","max-video-preview":"max-video-preview:-1"},"canonical":"http:\/\/maismagazine.pt\/index.php\/2023\/04\/21\/um-pequeno-refugio-natural-debrucado-sobre-a-baia-de-porto-pim\/","og_locale":"pt_PT","og_type":"article","og_title":"Um pequeno ref\u00fagio natural debru\u00e7ado sobre a Ba\u00eda de Porto Pim - Mais Magazine","og_description":"Situada no cora\u00e7\u00e3o da ilha do Faial, a Porto Pim Bay \u00e9 um aut\u00eantico ref\u00fagio natural que lhe permite usufruir de puros momentos de descontra\u00e7\u00e3o em fam\u00edlia, com a cara-metade ou com amigos. Em entrevista \u00e0 Mais Magazine, Rosa Dart deu a conhecer um pouco melhor este projeto, que \u00e9 a recria\u00e7\u00e3o perfeita da ess\u00eancia e viv\u00eancia desta ilha e das suas gentes. Prepare as malas e venha connosco nesta viagem pela ilha mais cosmopolita dos A\u00e7ores.","og_url":"http:\/\/maismagazine.pt\/index.php\/2023\/04\/21\/um-pequeno-refugio-natural-debrucado-sobre-a-baia-de-porto-pim\/","og_site_name":"Mais Magazine","article_published_time":"2023-04-21T06:00:00+00:00","og_image":[{"width":752,"height":502,"url":"http:\/\/maismagazine.pt\/wp-content\/uploads\/2023\/04\/1628.jpg","type":"image\/jpeg"}],"author":"Tiago Costa","twitter_card":"summary_large_image","twitter_misc":{"Escrito por":false,"Tempo estimado de leitura":"3 minutos"},"schema":{"@context":"https:\/\/schema.org","@graph":[{"@type":"Article","@id":"http:\/\/maismagazine.pt\/index.php\/2023\/04\/21\/um-pequeno-refugio-natural-debrucado-sobre-a-baia-de-porto-pim\/#article","isPartOf":{"@id":"http:\/\/maismagazine.pt\/index.php\/2023\/04\/21\/um-pequeno-refugio-natural-debrucado-sobre-a-baia-de-porto-pim\/"},"author":{"name":"Tiago Costa","@id":"https:\/\/maismagazine.pt\/#\/schema\/person\/c6c5bfccc886434cbd11c74e035f9646"},"headline":"Um pequeno ref\u00fagio natural debru\u00e7ado sobre a Ba\u00eda de Porto Pim","datePublished":"2023-04-21T06:00:00+00:00","mainEntityOfPage":{"@id":"http:\/\/maismagazine.pt\/index.php\/2023\/04\/21\/um-pequeno-refugio-natural-debrucado-sobre-a-baia-de-porto-pim\/"},"wordCount":530,"publisher":{"@id":"https:\/\/maismagazine.pt\/#organization"},"image":{"@id":"http:\/\/maismagazine.pt\/index.php\/2023\/04\/21\/um-pequeno-refugio-natural-debrucado-sobre-a-baia-de-porto-pim\/#primaryimage"},"thumbnailUrl":"http:\/\/maismagazine.pt\/wp-content\/uploads\/2023\/04\/1628.jpg","keywords":["a\u00e7ores","Porto Pim Bay","Turismo"],"articleSection":["Turismo | Vinhos | Gastronomia"],"inLanguage":"pt-PT"},{"@type":"WebPage","@id":"http:\/\/maismagazine.pt\/index.php\/2023\/04\/21\/um-pequeno-refugio-natural-debrucado-sobre-a-baia-de-porto-pim\/","url":"http:\/\/maismagazine.pt\/index.php\/2023\/04\/21\/um-pequeno-refugio-natural-debrucado-sobre-a-baia-de-porto-pim\/","name":"Um pequeno ref\u00fagio natural debru\u00e7ado sobre a Ba\u00eda de Porto Pim - Mais Magazine","isPartOf":{"@id":"https:\/\/maismagazine.pt\/#website"},"primaryImageOfPage":{"@id":"http:\/\/maismagazine.pt\/index.php\/2023\/04\/21\/um-pequeno-refugio-natural-debrucado-sobre-a-baia-de-porto-pim\/#primaryimage"},"image":{"@id":"http:\/\/maismagazine.pt\/index.php\/2023\/04\/21\/um-pequeno-refugio-natural-debrucado-sobre-a-baia-de-porto-pim\/#primaryimage"},"thumbnailUrl":"http:\/\/maismagazine.pt\/wp-content\/uploads\/2023\/04\/1628.jpg","datePublished":"2023-04-21T06:00:00+00:00","description":"Situada no cora\u00e7\u00e3o da ilha do Faial, a Porto Pim Bay \u00e9 um aut\u00eantico ref\u00fagio natural que lhe permite usufruir de puros momentos de descontra\u00e7\u00e3o em fam\u00edlia, com a cara-metade ou com amigos. Em entrevista \u00e0 Mais Magazine, Rosa Dart deu a conhecer um pouco melhor este projeto, que \u00e9 a recria\u00e7\u00e3o perfeita da ess\u00eancia e viv\u00eancia desta ilha e das suas gentes. Prepare as malas e venha connosco nesta viagem pela ilha mais cosmopolita dos A\u00e7ores.","breadcrumb":{"@id":"http:\/\/maismagazine.pt\/index.php\/2023\/04\/21\/um-pequeno-refugio-natural-debrucado-sobre-a-baia-de-porto-pim\/#breadcrumb"},"inLanguage":"pt-PT","potentialAction":[{"@type":"ReadAction","target":["http:\/\/maismagazine.pt\/index.php\/2023\/04\/21\/um-pequeno-refugio-natural-debrucado-sobre-a-baia-de-porto-pim\/"]}]},{"@type":"ImageObject","inLanguage":"pt-PT","@id":"http:\/\/maismagazine.pt\/index.php\/2023\/04\/21\/um-pequeno-refugio-natural-debrucado-sobre-a-baia-de-porto-pim\/#primaryimage","url":"http:\/\/maismagazine.pt\/wp-content\/uploads\/2023\/04\/1628.jpg","contentUrl":"http:\/\/maismagazine.pt\/wp-content\/uploads\/2023\/04\/1628.jpg","width":752,"height":502},{"@type":"BreadcrumbList","@id":"http:\/\/maismagazine.pt\/index.php\/2023\/04\/21\/um-pequeno-refugio-natural-debrucado-sobre-a-baia-de-porto-pim\/#breadcrumb","itemListElement":[{"@type":"ListItem","position":1,"name":"Home","item":"https:\/\/maismagazine.pt\/"},{"@type":"ListItem","position":2,"name":"Um pequeno ref\u00fagio natural debru\u00e7ado sobre a Ba\u00eda de Porto Pim"}]},{"@type":"WebSite","@id":"https:\/\/maismagazine.pt\/#website","url":"https:\/\/maismagazine.pt\/","name":"Mais Magazine","description":"","publisher":{"@id":"https:\/\/maismagazine.pt\/#organization"},"potentialAction":[{"@type":"SearchAction","target":{"@type":"EntryPoint","urlTemplate":"https:\/\/maismagazine.pt\/?s={search_term_string}"},"query-input":{"@type":"PropertyValueSpecification","valueRequired":true,"valueName":"search_term_string"}}],"inLanguage":"pt-PT"},{"@type":"Organization","@id":"https:\/\/maismagazine.pt\/#organization","name":"Mais Magazine","url":"https:\/\/maismagazine.pt\/","logo":{"@type":"ImageObject","inLanguage":"pt-PT","@id":"https:\/\/maismagazine.pt\/#\/schema\/logo\/image\/","url":"http:\/\/maismagazine.pt\/wp-content\/uploads\/2020\/04\/cropped-cropped-mais-magazine-site-logo-2.png","contentUrl":"http:\/\/maismagazine.pt\/wp-content\/uploads\/2020\/04\/cropped-cropped-mais-magazine-site-logo-2.png","width":581,"height":90,"caption":"Mais Magazine"},"image":{"@id":"https:\/\/maismagazine.pt\/#\/schema\/logo\/image\/"}},{"@type":"Person","@id":"https:\/\/maismagazine.pt\/#\/schema\/person\/c6c5bfccc886434cbd11c74e035f9646","name":"Tiago Costa","image":{"@type":"ImageObject","inLanguage":"pt-PT","@id":"https:\/\/maismagazine.pt\/#\/schema\/person\/image\/","url":"https:\/\/secure.gravatar.com\/avatar\/c599b2bce16c9870429198cbad5ee022?s=96&d=mm&r=g","contentUrl":"https:\/\/secure.gravatar.com\/avatar\/c599b2bce16c9870429198cbad5ee022?s=96&d=mm&r=g","caption":"Tiago Costa"},"url":"http:\/\/maismagazine.pt\/index.php\/author\/tiago\/"}]}},"author_meta":{"display_name":false,"author_link":"http:\/\/maismagazine.pt\/index.php\/author\/tiago\/"},"featured_img":"http:\/\/maismagazine.pt\/wp-content\/uploads\/2023\/04\/1628-300x200.jpg","coauthors":[],"tax_additional":{"categories":{"linked":["<a href=\"http:\/\/maismagazine.pt\/index.php\/category\/turismo-restaurantes\/\" class=\"advgb-post-tax-term\">Turismo | Vinhos | Gastronomia<\/a>"],"unlinked":["<span class=\"advgb-post-tax-term\">Turismo | Vinhos | Gastronomia<\/span>"]},"tags":{"linked":["<a href=\"http:\/\/maismagazine.pt\/index.php\/category\/turismo-restaurantes\/\" class=\"advgb-post-tax-term\">a\u00e7ores<\/a>","<a href=\"http:\/\/maismagazine.pt\/index.php\/category\/turismo-restaurantes\/\" class=\"advgb-post-tax-term\">Porto Pim Bay<\/a>","<a href=\"http:\/\/maismagazine.pt\/index.php\/category\/turismo-restaurantes\/\" class=\"advgb-post-tax-term\">Turismo<\/a>"],"unlinked":["<span class=\"advgb-post-tax-term\">a\u00e7ores<\/span>","<span class=\"advgb-post-tax-term\">Porto Pim Bay<\/span>","<span class=\"advgb-post-tax-term\">Turismo<\/span>"]}},"comment_count":"0","relative_dates":{"created":"Posted 3 anos ago","modified":"Updated 3 anos ago"},"absolute_dates":{"created":"Posted on 21 de Abril, 2023","modified":"Updated on 12 de Abril, 2023"},"absolute_dates_time":{"created":"Posted on 21 de Abril, 2023 7:00","modified":"Updated on 12 de Abril, 2023 11:35"},"featured_img_caption":"","series_order":"","_links":{"self":[{"href":"http:\/\/maismagazine.pt\/index.php\/wp-json\/wp\/v2\/posts\/6229","targetHints":{"allow":["GET"]}}],"collection":[{"href":"http:\/\/maismagazine.pt\/index.php\/wp-json\/wp\/v2\/posts"}],"about":[{"href":"http:\/\/maismagazine.pt\/index.php\/wp-json\/wp\/v2\/types\/post"}],"author":[{"embeddable":true,"href":"http:\/\/maismagazine.pt\/index.php\/wp-json\/wp\/v2\/users\/17"}],"replies":[{"embeddable":true,"href":"http:\/\/maismagazine.pt\/index.php\/wp-json\/wp\/v2\/comments?post=6229"}],"version-history":[{"count":2,"href":"http:\/\/maismagazine.pt\/index.php\/wp-json\/wp\/v2\/posts\/6229\/revisions"}],"predecessor-version":[{"id":6245,"href":"http:\/\/maismagazine.pt\/index.php\/wp-json\/wp\/v2\/posts\/6229\/revisions\/6245"}],"wp:featuredmedia":[{"embeddable":true,"href":"http:\/\/maismagazine.pt\/index.php\/wp-json\/wp\/v2\/media\/6244"}],"wp:attachment":[{"href":"http:\/\/maismagazine.pt\/index.php\/wp-json\/wp\/v2\/media?parent=6229"}],"wp:term":[{"taxonomy":"category","embeddable":true,"href":"http:\/\/maismagazine.pt\/index.php\/wp-json\/wp\/v2\/categories?post=6229"},{"taxonomy":"post_tag","embeddable":true,"href":"http:\/\/maismagazine.pt\/index.php\/wp-json\/wp\/v2\/tags?post=6229"}],"curies":[{"name":"wp","href":"https:\/\/api.w.org\/{rel}","templated":true}]}}