{"id":6124,"date":"2023-03-24T07:00:00","date_gmt":"2023-03-24T07:00:00","guid":{"rendered":"https:\/\/maismagazine.pt\/?p=6124"},"modified":"2023-03-15T16:54:45","modified_gmt":"2023-03-15T16:54:45","slug":"termas-de-almeida-fonte-santa-banhos-que-cuidam-2","status":"publish","type":"post","link":"http:\/\/maismagazine.pt\/index.php\/2023\/03\/24\/termas-de-almeida-fonte-santa-banhos-que-cuidam-2\/","title":{"rendered":"Termas de Almeida \u2013 Fonte Santa: Banhos que cuidam"},"content":{"rendered":"\n<p><strong>Situado na montanha gran\u00edtica com o rio C\u00f4a aos seus p\u00e9s, o Complexo <a href=\"http:\/\/www.cm-almeida-pt\">Termal de Almeida<\/a> comunica de forma invej\u00e1vel com a envolvente. As grandes paredes de vidro rasgadas no edif\u00edcio moderno deixam entrar a luz e observar a natureza, proporcionando um ambiente relaxante para o corpo e a mente. Usadas h\u00e1 s\u00e9culos para tratar maleitas, as propriedades terap\u00eauticas desta \u00e1gua sulfurosa est\u00e3o vocacionadas para problemas de sa\u00fade que agora aparecem associados \u00e0 pandemia COVID-19. O Diretor Cl\u00ednico, Ant\u00f3nio Santos Silva, explica-nos qual \u00e9 o posicionamento das Termas de Almeida-Fonte Santa, numa altura em que emergem novas tend\u00eancias no turismo termal. <\/strong><\/p>\n\n\n\n<p><\/p>\n\n\n\n<p>O postal ilustrado de Almeida \u00e9 o seu forte abaluartado que, visto do c\u00e9u, parece uma forma de estrela de 12 pontas. A hist\u00f3ria desta vila do distrito da Guarda, situada num planalto a poucos quil\u00f4metros da linha de fronteira com Espanha, merece seguramente uma visita, mas h\u00e1 mais para experimentar. O ideal \u00e9 mesmo combinar um programa termal com a frui\u00e7\u00e3o cultural e da natureza que a vila proporciona. O primeiro invent\u00e1rio das \u00e1guas minerais naturais do pa\u00eds intitulado \u201cO Aquil\u00e9gio Medicinal\u201d, publicado em 1726, dava conta de uma nascente com propriedades terap\u00eauticas situada no que \u00e9 hoje o lugar de Fonte Santa. \u201cNo termo da vila de Almeida [\u2026] h\u00e1 uma fonte a que chamam Santa, pouco copiosa, mas de \u00e1gua que passa por minerais de enxofre, que claramente pelo cheiro se reconhece. Usam delas os moradores para sarnas, comich\u00f5es, pruridos, chagas rebeldes, assim tomando banhos e lavando com ela as partes exulceradas ou pruriginosas\u201d. Esta \u00e1gua sulfurosa, fracamente mineralizada e de pH alcalino \u00e9 assim usada h\u00e1 v\u00e1rios s\u00e9culos e tem indica\u00e7\u00f5es terap\u00eauticas para doen\u00e7as do aparelho respirat\u00f3rio, doen\u00e7as reum\u00e1ticas e m\u00fasculo-esquel\u00e9ticas. Isto sem esquecer o combate ao stress e \u00e0 ansiedade e a possibilidade de recuperar energias atrav\u00e9s do bem-estar que um programa termal pode oferecer. A fonte mant\u00e9m-se junto ao rio, mas o espa\u00e7o termal expandiu-se pela encosta. O complexo \u00e9 constitu\u00eddo por uma zona de Balneoterapia, sauna, banhos turcos, gin\u00e1sios, gabinetes de massagem e \u00e1rea m\u00e9dica de apoio ao utente. \u00c9 esta estrutura que permite dar cumprimento aos seus objetivos: tratar e reabilitar, promover a sa\u00fade e o bem&#8211;estar e prevenir doen\u00e7as. O poder das \u00e1guas termais ao alcance de todos! <\/p>\n\n\n\n<figure class=\"wp-block-gallery columns-2 is-cropped wp-block-gallery-1\"><ul class=\"blocks-gallery-grid\"><li class=\"blocks-gallery-item\"><figure><img loading=\"lazy\" decoding=\"async\" width=\"843\" height=\"562\" src=\"https:\/\/maismagazine.pt\/wp-content\/uploads\/2023\/03\/IMG_9951.jpg\" alt=\"\" data-id=\"6127\" data-full-url=\"https:\/\/maismagazine.pt\/wp-content\/uploads\/2023\/03\/IMG_9951.jpg\" data-link=\"https:\/\/maismagazine.pt\/?attachment_id=6127\" class=\"wp-image-6127\" srcset=\"http:\/\/maismagazine.pt\/wp-content\/uploads\/2023\/03\/IMG_9951.jpg 843w, http:\/\/maismagazine.pt\/wp-content\/uploads\/2023\/03\/IMG_9951-300x200.jpg 300w, http:\/\/maismagazine.pt\/wp-content\/uploads\/2023\/03\/IMG_9951-768x512.jpg 768w, http:\/\/maismagazine.pt\/wp-content\/uploads\/2023\/03\/IMG_9951-150x100.jpg 150w\" sizes=\"auto, (max-width: 843px) 100vw, 843px\" \/><\/figure><\/li><li class=\"blocks-gallery-item\"><figure><img loading=\"lazy\" decoding=\"async\" width=\"548\" height=\"820\" src=\"https:\/\/maismagazine.pt\/wp-content\/uploads\/2023\/03\/DSC02097-1.jpg\" alt=\"\" data-id=\"6128\" data-full-url=\"https:\/\/maismagazine.pt\/wp-content\/uploads\/2023\/03\/DSC02097-1.jpg\" data-link=\"https:\/\/maismagazine.pt\/?attachment_id=6128\" class=\"wp-image-6128 is-layout-flex wp-block-gallery-is-layout-flex\" srcset=\"http:\/\/maismagazine.pt\/wp-content\/uploads\/2023\/03\/DSC02097-1.jpg 548w, http:\/\/maismagazine.pt\/wp-content\/uploads\/2023\/03\/DSC02097-1-200x300.jpg 200w\" sizes=\"auto, (max-width: 548px) 100vw, 548px\" \/><\/figure><\/li><\/ul><\/figure>\n\n\n\n<p><\/p>\n\n\n\n<p>As termas est\u00e3o a ser procuradas para tratar problemas de sa\u00fade que ficaram para tr\u00e1s durante os \u00faltimos anos, assim como outros que surgiram durante os confinamentos. O tratamento termal pode mesmo ajudar doentes que tiveram Covid-19 e mant\u00eam sintomatologia, naquilo que j\u00e1 \u00e9 conhecido pela s\u00edndrome de p\u00f3s-covid ou \u201clong covid\u201d. \u201cNas Termas de Almeida, as indica\u00e7\u00f5es terap\u00eauticas j\u00e1 s\u00e3o muito direcionadas para as sequelas que podem surgir p\u00f3s-covid, patologias m\u00fasculo-esquel\u00e9ticas e patologias do foro respirat\u00f3rio\u201d, explica Ant\u00f3nio Santos Silva. A isto junta-se uma nova tend\u00eancia na procura pelas \u00e1guas termais. \u201cCome\u00e7a a aparecer um p\u00fablico \u201cmais jovem\u201d com a indica\u00e7\u00e3o dos seus m\u00e9dicos especialistas para procurarem nas termas respostas \u00e0s suas patologias, um p\u00fablico que anda entre os 45 e os 55 anos, e que vem para as termas porque piorou das suas vias respirat\u00f3rias, anda mais cansado e perdeu alguma mobilidade. Falamos de pessoas que normalmente n\u00e3o viriam \u00e0s termas e que agora, com esta nova realidade, veem as termas com um aliado para recuperar da Covid-19\u201d. Por se entender que o ambiente termal poder\u00e1 ser muito \u00fatil para vencer este processo de reabilita\u00e7\u00e3o, as Termas de Almeida disponibilizam tratamentos com as suas \u00e1guas para diversas doen\u00e7as que o confinamento provocado pela pandemia do SARS-CoV-2 acabou por trazer, nomeadamente as depress\u00f5es. Os aquistas j\u00e1 n\u00e3o s\u00e3o apenas pessoas mais velhas e com problemas de sa\u00fade: o turismo termal tem um grande potencial para atrair um p\u00fablico mais jovem. As termas s\u00e3o cada vez mais promovidas como um destino de bem-estar e esta tem sido a f\u00f3rmula para a dinamiza\u00e7\u00e3o deste espa\u00e7o. \u201c\u00c9 preciso desfazer o mito e, para tal, a nossa comunica\u00e7\u00e3o tem de mudar o foco do p\u00fablico-alvo que at\u00e9 aqui era de mais de 55 anos, para chegar a um p\u00fablico mais jovem, urbano e din\u00e2mico, os maiores de 25 anos, que procuram algo de novo nas suas escapadinhas de fim-de-semana. E aqui, as Termas de Almeida s\u00e3o um exemplo paradigm\u00e1tico desta equa\u00e7\u00e3o\u201d, sublinha Ant\u00f3nio Santos Silva. Este \u00e9 um \u00f3timo destino para quebrar a rotina e repor a energia em sintonia com a natureza. A qualidade das instala\u00e7\u00f5es e o profissionalismo dos seus colaboradores, aliados \u00e0 gastronomia, turismo e patrim\u00f3nio, fazem de Almeida e do seu complexo termal um local de visita obrigat\u00f3ria. <\/p>\n\n\n\n<p><\/p>\n\n\n\n<div class=\"wp-block-image\"><figure class=\"aligncenter size-full is-resized\"><img loading=\"lazy\" decoding=\"async\" src=\"https:\/\/maismagazine.pt\/wp-content\/uploads\/2023\/03\/almeida1-1.png\" alt=\"\" class=\"wp-image-6135\" width=\"215\" height=\"185\" srcset=\"http:\/\/maismagazine.pt\/wp-content\/uploads\/2023\/03\/almeida1-1.png 705w, http:\/\/maismagazine.pt\/wp-content\/uploads\/2023\/03\/almeida1-1-300x257.png 300w\" sizes=\"auto, (max-width: 215px) 100vw, 215px\" \/><\/figure><\/div>\n","protected":false},"excerpt":{"rendered":"<p>Situado na montanha gran\u00edtica com o rio C\u00f4a aos seus p\u00e9s, o Complexo Termal de Almeida comunica de forma invej\u00e1vel com a envolvente. As grandes paredes de vidro rasgadas no edif\u00edcio moderno deixam entrar a luz e observar a natureza, proporcionando um ambiente relaxante para o corpo e a mente.&hellip;<\/p>\n","protected":false},"author":17,"featured_media":6139,"comment_status":"closed","ping_status":"open","sticky":false,"template":"","format":"standard","meta":{"advgb_blocks_editor_width":"","advgb_blocks_columns_visual_guide":"","_monsterinsights_skip_tracking":false,"_monsterinsights_sitenote_active":false,"_monsterinsights_sitenote_note":"","_monsterinsights_sitenote_category":0,"footnotes":""},"categories":[313],"tags":[454,105,457,1379,1402],"class_list":["post-6124","post","type-post","status-publish","format-standard","has-post-thumbnail","hentry","category-saude","tag-almeida","tag-bem-estar","tag-saude","tag-termalismo","tag-termas-de-almeida"],"yoast_head":"<!-- This site is optimized with the Yoast SEO plugin v24.4 - https:\/\/yoast.com\/wordpress\/plugins\/seo\/ -->\n<title>Termas de Almeida \u2013 Fonte Santa: Banhos que cuidam - Mais Magazine<\/title>\n<meta name=\"description\" content=\"Situado na montanha gran\u00edtica com o rio C\u00f4a aos seus p\u00e9s, o Complexo Termal de Almeida comunica de forma invej\u00e1vel com a envolvente. As grandes paredes de vidro rasgadas no edif\u00edcio moderno deixam entrar a luz e observar a natureza, proporcionando um ambiente relaxante para o corpo e a mente. Usadas h\u00e1 s\u00e9culos para tratar maleitas, as propriedades terap\u00eauticas desta \u00e1gua sulfurosa est\u00e3o vocacionadas para problemas de sa\u00fade que agora aparecem associados \u00e0 pandemia COVID-19. O Diretor Cl\u00ednico, Ant\u00f3nio Santos Silva, explica-nos qual \u00e9 o posicionamento das Termas de Almeida-Fonte Santa, numa altura em que emergem novas tend\u00eancias no turismo termal.\" \/>\n<meta name=\"robots\" content=\"index, follow, max-snippet:-1, max-image-preview:large, max-video-preview:-1\" \/>\n<link rel=\"canonical\" href=\"http:\/\/maismagazine.pt\/index.php\/2023\/03\/24\/termas-de-almeida-fonte-santa-banhos-que-cuidam-2\/\" \/>\n<meta property=\"og:locale\" content=\"pt_PT\" \/>\n<meta property=\"og:type\" content=\"article\" \/>\n<meta property=\"og:title\" content=\"Termas de Almeida \u2013 Fonte Santa: Banhos que cuidam - Mais Magazine\" \/>\n<meta property=\"og:description\" content=\"Situado na montanha gran\u00edtica com o rio C\u00f4a aos seus p\u00e9s, o Complexo Termal de Almeida comunica de forma invej\u00e1vel com a envolvente. As grandes paredes de vidro rasgadas no edif\u00edcio moderno deixam entrar a luz e observar a natureza, proporcionando um ambiente relaxante para o corpo e a mente. Usadas h\u00e1 s\u00e9culos para tratar maleitas, as propriedades terap\u00eauticas desta \u00e1gua sulfurosa est\u00e3o vocacionadas para problemas de sa\u00fade que agora aparecem associados \u00e0 pandemia COVID-19. O Diretor Cl\u00ednico, Ant\u00f3nio Santos Silva, explica-nos qual \u00e9 o posicionamento das Termas de Almeida-Fonte Santa, numa altura em que emergem novas tend\u00eancias no turismo termal.\" \/>\n<meta property=\"og:url\" content=\"http:\/\/maismagazine.pt\/index.php\/2023\/03\/24\/termas-de-almeida-fonte-santa-banhos-que-cuidam-2\/\" \/>\n<meta property=\"og:site_name\" content=\"Mais Magazine\" \/>\n<meta property=\"article:published_time\" content=\"2023-03-24T07:00:00+00:00\" \/>\n<meta property=\"og:image\" content=\"http:\/\/maismagazine.pt\/wp-content\/uploads\/2023\/03\/IMG_9843-1.jpg\" \/>\n\t<meta property=\"og:image:width\" content=\"778\" \/>\n\t<meta property=\"og:image:height\" content=\"519\" \/>\n\t<meta property=\"og:image:type\" content=\"image\/jpeg\" \/>\n<meta name=\"author\" content=\"Tiago Costa\" \/>\n<meta name=\"twitter:card\" content=\"summary_large_image\" \/>\n<meta name=\"twitter:label1\" content=\"Escrito por\" \/>\n\t<meta name=\"twitter:data1\" content=\"\" \/>\n\t<meta name=\"twitter:label2\" content=\"Tempo estimado de leitura\" \/>\n\t<meta name=\"twitter:data2\" content=\"4 minutos\" \/>\n<script type=\"application\/ld+json\" class=\"yoast-schema-graph\">{\"@context\":\"https:\/\/schema.org\",\"@graph\":[{\"@type\":\"Article\",\"@id\":\"http:\/\/maismagazine.pt\/index.php\/2023\/03\/24\/termas-de-almeida-fonte-santa-banhos-que-cuidam-2\/#article\",\"isPartOf\":{\"@id\":\"http:\/\/maismagazine.pt\/index.php\/2023\/03\/24\/termas-de-almeida-fonte-santa-banhos-que-cuidam-2\/\"},\"author\":{\"name\":\"Tiago Costa\",\"@id\":\"http:\/\/maismagazine.pt\/#\/schema\/person\/c6c5bfccc886434cbd11c74e035f9646\"},\"headline\":\"Termas de Almeida \u2013 Fonte Santa: Banhos que cuidam\",\"datePublished\":\"2023-03-24T07:00:00+00:00\",\"mainEntityOfPage\":{\"@id\":\"http:\/\/maismagazine.pt\/index.php\/2023\/03\/24\/termas-de-almeida-fonte-santa-banhos-que-cuidam-2\/\"},\"wordCount\":828,\"publisher\":{\"@id\":\"http:\/\/maismagazine.pt\/#organization\"},\"image\":{\"@id\":\"http:\/\/maismagazine.pt\/index.php\/2023\/03\/24\/termas-de-almeida-fonte-santa-banhos-que-cuidam-2\/#primaryimage\"},\"thumbnailUrl\":\"http:\/\/maismagazine.pt\/wp-content\/uploads\/2023\/03\/IMG_9843-1.jpg\",\"keywords\":[\"Almeida\",\"Bem-estar\",\"sa\u00fade\",\"Termalismo\",\"Termas de Almeida\"],\"articleSection\":[\"Sa\u00fade\"],\"inLanguage\":\"pt-PT\"},{\"@type\":\"WebPage\",\"@id\":\"http:\/\/maismagazine.pt\/index.php\/2023\/03\/24\/termas-de-almeida-fonte-santa-banhos-que-cuidam-2\/\",\"url\":\"http:\/\/maismagazine.pt\/index.php\/2023\/03\/24\/termas-de-almeida-fonte-santa-banhos-que-cuidam-2\/\",\"name\":\"Termas de Almeida \u2013 Fonte Santa: Banhos que cuidam - Mais Magazine\",\"isPartOf\":{\"@id\":\"http:\/\/maismagazine.pt\/#website\"},\"primaryImageOfPage\":{\"@id\":\"http:\/\/maismagazine.pt\/index.php\/2023\/03\/24\/termas-de-almeida-fonte-santa-banhos-que-cuidam-2\/#primaryimage\"},\"image\":{\"@id\":\"http:\/\/maismagazine.pt\/index.php\/2023\/03\/24\/termas-de-almeida-fonte-santa-banhos-que-cuidam-2\/#primaryimage\"},\"thumbnailUrl\":\"http:\/\/maismagazine.pt\/wp-content\/uploads\/2023\/03\/IMG_9843-1.jpg\",\"datePublished\":\"2023-03-24T07:00:00+00:00\",\"description\":\"Situado na montanha gran\u00edtica com o rio C\u00f4a aos seus p\u00e9s, o Complexo Termal de Almeida comunica de forma invej\u00e1vel com a envolvente. As grandes paredes de vidro rasgadas no edif\u00edcio moderno deixam entrar a luz e observar a natureza, proporcionando um ambiente relaxante para o corpo e a mente. Usadas h\u00e1 s\u00e9culos para tratar maleitas, as propriedades terap\u00eauticas desta \u00e1gua sulfurosa est\u00e3o vocacionadas para problemas de sa\u00fade que agora aparecem associados \u00e0 pandemia COVID-19. O Diretor Cl\u00ednico, Ant\u00f3nio Santos Silva, explica-nos qual \u00e9 o posicionamento das Termas de Almeida-Fonte Santa, numa altura em que emergem novas tend\u00eancias no turismo termal.\",\"breadcrumb\":{\"@id\":\"http:\/\/maismagazine.pt\/index.php\/2023\/03\/24\/termas-de-almeida-fonte-santa-banhos-que-cuidam-2\/#breadcrumb\"},\"inLanguage\":\"pt-PT\",\"potentialAction\":[{\"@type\":\"ReadAction\",\"target\":[\"http:\/\/maismagazine.pt\/index.php\/2023\/03\/24\/termas-de-almeida-fonte-santa-banhos-que-cuidam-2\/\"]}]},{\"@type\":\"ImageObject\",\"inLanguage\":\"pt-PT\",\"@id\":\"http:\/\/maismagazine.pt\/index.php\/2023\/03\/24\/termas-de-almeida-fonte-santa-banhos-que-cuidam-2\/#primaryimage\",\"url\":\"http:\/\/maismagazine.pt\/wp-content\/uploads\/2023\/03\/IMG_9843-1.jpg\",\"contentUrl\":\"http:\/\/maismagazine.pt\/wp-content\/uploads\/2023\/03\/IMG_9843-1.jpg\",\"width\":778,\"height\":519},{\"@type\":\"BreadcrumbList\",\"@id\":\"http:\/\/maismagazine.pt\/index.php\/2023\/03\/24\/termas-de-almeida-fonte-santa-banhos-que-cuidam-2\/#breadcrumb\",\"itemListElement\":[{\"@type\":\"ListItem\",\"position\":1,\"name\":\"Home\",\"item\":\"http:\/\/maismagazine.pt\/\"},{\"@type\":\"ListItem\",\"position\":2,\"name\":\"Termas de Almeida \u2013 Fonte Santa: Banhos que cuidam\"}]},{\"@type\":\"WebSite\",\"@id\":\"http:\/\/maismagazine.pt\/#website\",\"url\":\"http:\/\/maismagazine.pt\/\",\"name\":\"Mais Magazine\",\"description\":\"\",\"publisher\":{\"@id\":\"http:\/\/maismagazine.pt\/#organization\"},\"potentialAction\":[{\"@type\":\"SearchAction\",\"target\":{\"@type\":\"EntryPoint\",\"urlTemplate\":\"http:\/\/maismagazine.pt\/?s={search_term_string}\"},\"query-input\":{\"@type\":\"PropertyValueSpecification\",\"valueRequired\":true,\"valueName\":\"search_term_string\"}}],\"inLanguage\":\"pt-PT\"},{\"@type\":\"Organization\",\"@id\":\"http:\/\/maismagazine.pt\/#organization\",\"name\":\"Mais Magazine\",\"url\":\"http:\/\/maismagazine.pt\/\",\"logo\":{\"@type\":\"ImageObject\",\"inLanguage\":\"pt-PT\",\"@id\":\"http:\/\/maismagazine.pt\/#\/schema\/logo\/image\/\",\"url\":\"http:\/\/maismagazine.pt\/wp-content\/uploads\/2020\/04\/cropped-cropped-mais-magazine-site-logo-2.png\",\"contentUrl\":\"http:\/\/maismagazine.pt\/wp-content\/uploads\/2020\/04\/cropped-cropped-mais-magazine-site-logo-2.png\",\"width\":581,\"height\":90,\"caption\":\"Mais Magazine\"},\"image\":{\"@id\":\"http:\/\/maismagazine.pt\/#\/schema\/logo\/image\/\"}},{\"@type\":\"Person\",\"@id\":\"http:\/\/maismagazine.pt\/#\/schema\/person\/c6c5bfccc886434cbd11c74e035f9646\",\"name\":\"Tiago Costa\",\"image\":{\"@type\":\"ImageObject\",\"inLanguage\":\"pt-PT\",\"@id\":\"http:\/\/maismagazine.pt\/#\/schema\/person\/image\/\",\"url\":\"https:\/\/secure.gravatar.com\/avatar\/c599b2bce16c9870429198cbad5ee022?s=96&d=mm&r=g\",\"contentUrl\":\"https:\/\/secure.gravatar.com\/avatar\/c599b2bce16c9870429198cbad5ee022?s=96&d=mm&r=g\",\"caption\":\"Tiago Costa\"},\"url\":\"http:\/\/maismagazine.pt\/index.php\/author\/tiago\/\"}]}<\/script>\n<!-- \/ Yoast SEO plugin. -->","yoast_head_json":{"title":"Termas de Almeida \u2013 Fonte Santa: Banhos que cuidam - Mais Magazine","description":"Situado na montanha gran\u00edtica com o rio C\u00f4a aos seus p\u00e9s, o Complexo Termal de Almeida comunica de forma invej\u00e1vel com a envolvente. As grandes paredes de vidro rasgadas no edif\u00edcio moderno deixam entrar a luz e observar a natureza, proporcionando um ambiente relaxante para o corpo e a mente. Usadas h\u00e1 s\u00e9culos para tratar maleitas, as propriedades terap\u00eauticas desta \u00e1gua sulfurosa est\u00e3o vocacionadas para problemas de sa\u00fade que agora aparecem associados \u00e0 pandemia COVID-19. O Diretor Cl\u00ednico, Ant\u00f3nio Santos Silva, explica-nos qual \u00e9 o posicionamento das Termas de Almeida-Fonte Santa, numa altura em que emergem novas tend\u00eancias no turismo termal.","robots":{"index":"index","follow":"follow","max-snippet":"max-snippet:-1","max-image-preview":"max-image-preview:large","max-video-preview":"max-video-preview:-1"},"canonical":"http:\/\/maismagazine.pt\/index.php\/2023\/03\/24\/termas-de-almeida-fonte-santa-banhos-que-cuidam-2\/","og_locale":"pt_PT","og_type":"article","og_title":"Termas de Almeida \u2013 Fonte Santa: Banhos que cuidam - Mais Magazine","og_description":"Situado na montanha gran\u00edtica com o rio C\u00f4a aos seus p\u00e9s, o Complexo Termal de Almeida comunica de forma invej\u00e1vel com a envolvente. As grandes paredes de vidro rasgadas no edif\u00edcio moderno deixam entrar a luz e observar a natureza, proporcionando um ambiente relaxante para o corpo e a mente. Usadas h\u00e1 s\u00e9culos para tratar maleitas, as propriedades terap\u00eauticas desta \u00e1gua sulfurosa est\u00e3o vocacionadas para problemas de sa\u00fade que agora aparecem associados \u00e0 pandemia COVID-19. O Diretor Cl\u00ednico, Ant\u00f3nio Santos Silva, explica-nos qual \u00e9 o posicionamento das Termas de Almeida-Fonte Santa, numa altura em que emergem novas tend\u00eancias no turismo termal.","og_url":"http:\/\/maismagazine.pt\/index.php\/2023\/03\/24\/termas-de-almeida-fonte-santa-banhos-que-cuidam-2\/","og_site_name":"Mais Magazine","article_published_time":"2023-03-24T07:00:00+00:00","og_image":[{"width":778,"height":519,"url":"http:\/\/maismagazine.pt\/wp-content\/uploads\/2023\/03\/IMG_9843-1.jpg","type":"image\/jpeg"}],"author":"Tiago Costa","twitter_card":"summary_large_image","twitter_misc":{"Escrito por":false,"Tempo estimado de leitura":"4 minutos"},"schema":{"@context":"https:\/\/schema.org","@graph":[{"@type":"Article","@id":"http:\/\/maismagazine.pt\/index.php\/2023\/03\/24\/termas-de-almeida-fonte-santa-banhos-que-cuidam-2\/#article","isPartOf":{"@id":"http:\/\/maismagazine.pt\/index.php\/2023\/03\/24\/termas-de-almeida-fonte-santa-banhos-que-cuidam-2\/"},"author":{"name":"Tiago Costa","@id":"http:\/\/maismagazine.pt\/#\/schema\/person\/c6c5bfccc886434cbd11c74e035f9646"},"headline":"Termas de Almeida \u2013 Fonte Santa: Banhos que cuidam","datePublished":"2023-03-24T07:00:00+00:00","mainEntityOfPage":{"@id":"http:\/\/maismagazine.pt\/index.php\/2023\/03\/24\/termas-de-almeida-fonte-santa-banhos-que-cuidam-2\/"},"wordCount":828,"publisher":{"@id":"http:\/\/maismagazine.pt\/#organization"},"image":{"@id":"http:\/\/maismagazine.pt\/index.php\/2023\/03\/24\/termas-de-almeida-fonte-santa-banhos-que-cuidam-2\/#primaryimage"},"thumbnailUrl":"http:\/\/maismagazine.pt\/wp-content\/uploads\/2023\/03\/IMG_9843-1.jpg","keywords":["Almeida","Bem-estar","sa\u00fade","Termalismo","Termas de Almeida"],"articleSection":["Sa\u00fade"],"inLanguage":"pt-PT"},{"@type":"WebPage","@id":"http:\/\/maismagazine.pt\/index.php\/2023\/03\/24\/termas-de-almeida-fonte-santa-banhos-que-cuidam-2\/","url":"http:\/\/maismagazine.pt\/index.php\/2023\/03\/24\/termas-de-almeida-fonte-santa-banhos-que-cuidam-2\/","name":"Termas de Almeida \u2013 Fonte Santa: Banhos que cuidam - Mais Magazine","isPartOf":{"@id":"http:\/\/maismagazine.pt\/#website"},"primaryImageOfPage":{"@id":"http:\/\/maismagazine.pt\/index.php\/2023\/03\/24\/termas-de-almeida-fonte-santa-banhos-que-cuidam-2\/#primaryimage"},"image":{"@id":"http:\/\/maismagazine.pt\/index.php\/2023\/03\/24\/termas-de-almeida-fonte-santa-banhos-que-cuidam-2\/#primaryimage"},"thumbnailUrl":"http:\/\/maismagazine.pt\/wp-content\/uploads\/2023\/03\/IMG_9843-1.jpg","datePublished":"2023-03-24T07:00:00+00:00","description":"Situado na montanha gran\u00edtica com o rio C\u00f4a aos seus p\u00e9s, o Complexo Termal de Almeida comunica de forma invej\u00e1vel com a envolvente. As grandes paredes de vidro rasgadas no edif\u00edcio moderno deixam entrar a luz e observar a natureza, proporcionando um ambiente relaxante para o corpo e a mente. Usadas h\u00e1 s\u00e9culos para tratar maleitas, as propriedades terap\u00eauticas desta \u00e1gua sulfurosa est\u00e3o vocacionadas para problemas de sa\u00fade que agora aparecem associados \u00e0 pandemia COVID-19. O Diretor Cl\u00ednico, Ant\u00f3nio Santos Silva, explica-nos qual \u00e9 o posicionamento das Termas de Almeida-Fonte Santa, numa altura em que emergem novas tend\u00eancias no turismo termal.","breadcrumb":{"@id":"http:\/\/maismagazine.pt\/index.php\/2023\/03\/24\/termas-de-almeida-fonte-santa-banhos-que-cuidam-2\/#breadcrumb"},"inLanguage":"pt-PT","potentialAction":[{"@type":"ReadAction","target":["http:\/\/maismagazine.pt\/index.php\/2023\/03\/24\/termas-de-almeida-fonte-santa-banhos-que-cuidam-2\/"]}]},{"@type":"ImageObject","inLanguage":"pt-PT","@id":"http:\/\/maismagazine.pt\/index.php\/2023\/03\/24\/termas-de-almeida-fonte-santa-banhos-que-cuidam-2\/#primaryimage","url":"http:\/\/maismagazine.pt\/wp-content\/uploads\/2023\/03\/IMG_9843-1.jpg","contentUrl":"http:\/\/maismagazine.pt\/wp-content\/uploads\/2023\/03\/IMG_9843-1.jpg","width":778,"height":519},{"@type":"BreadcrumbList","@id":"http:\/\/maismagazine.pt\/index.php\/2023\/03\/24\/termas-de-almeida-fonte-santa-banhos-que-cuidam-2\/#breadcrumb","itemListElement":[{"@type":"ListItem","position":1,"name":"Home","item":"http:\/\/maismagazine.pt\/"},{"@type":"ListItem","position":2,"name":"Termas de Almeida \u2013 Fonte Santa: Banhos que cuidam"}]},{"@type":"WebSite","@id":"http:\/\/maismagazine.pt\/#website","url":"http:\/\/maismagazine.pt\/","name":"Mais Magazine","description":"","publisher":{"@id":"http:\/\/maismagazine.pt\/#organization"},"potentialAction":[{"@type":"SearchAction","target":{"@type":"EntryPoint","urlTemplate":"http:\/\/maismagazine.pt\/?s={search_term_string}"},"query-input":{"@type":"PropertyValueSpecification","valueRequired":true,"valueName":"search_term_string"}}],"inLanguage":"pt-PT"},{"@type":"Organization","@id":"http:\/\/maismagazine.pt\/#organization","name":"Mais Magazine","url":"http:\/\/maismagazine.pt\/","logo":{"@type":"ImageObject","inLanguage":"pt-PT","@id":"http:\/\/maismagazine.pt\/#\/schema\/logo\/image\/","url":"http:\/\/maismagazine.pt\/wp-content\/uploads\/2020\/04\/cropped-cropped-mais-magazine-site-logo-2.png","contentUrl":"http:\/\/maismagazine.pt\/wp-content\/uploads\/2020\/04\/cropped-cropped-mais-magazine-site-logo-2.png","width":581,"height":90,"caption":"Mais Magazine"},"image":{"@id":"http:\/\/maismagazine.pt\/#\/schema\/logo\/image\/"}},{"@type":"Person","@id":"http:\/\/maismagazine.pt\/#\/schema\/person\/c6c5bfccc886434cbd11c74e035f9646","name":"Tiago Costa","image":{"@type":"ImageObject","inLanguage":"pt-PT","@id":"http:\/\/maismagazine.pt\/#\/schema\/person\/image\/","url":"https:\/\/secure.gravatar.com\/avatar\/c599b2bce16c9870429198cbad5ee022?s=96&d=mm&r=g","contentUrl":"https:\/\/secure.gravatar.com\/avatar\/c599b2bce16c9870429198cbad5ee022?s=96&d=mm&r=g","caption":"Tiago Costa"},"url":"http:\/\/maismagazine.pt\/index.php\/author\/tiago\/"}]}},"author_meta":{"display_name":false,"author_link":"http:\/\/maismagazine.pt\/index.php\/author\/tiago\/"},"featured_img":"http:\/\/maismagazine.pt\/wp-content\/uploads\/2023\/03\/IMG_9843-1-300x200.jpg","coauthors":[],"tax_additional":{"categories":{"linked":["<a href=\"http:\/\/maismagazine.pt\/index.php\/category\/mundo-empresarial\/saude\/\" class=\"advgb-post-tax-term\">Sa\u00fade<\/a>"],"unlinked":["<span class=\"advgb-post-tax-term\">Sa\u00fade<\/span>"]},"tags":{"linked":["<a href=\"http:\/\/maismagazine.pt\/index.php\/category\/mundo-empresarial\/saude\/\" class=\"advgb-post-tax-term\">Almeida<\/a>","<a href=\"http:\/\/maismagazine.pt\/index.php\/category\/mundo-empresarial\/saude\/\" class=\"advgb-post-tax-term\">Bem-estar<\/a>","<a href=\"http:\/\/maismagazine.pt\/index.php\/category\/mundo-empresarial\/saude\/\" class=\"advgb-post-tax-term\">sa\u00fade<\/a>","<a href=\"http:\/\/maismagazine.pt\/index.php\/category\/mundo-empresarial\/saude\/\" class=\"advgb-post-tax-term\">Termalismo<\/a>","<a href=\"http:\/\/maismagazine.pt\/index.php\/category\/mundo-empresarial\/saude\/\" class=\"advgb-post-tax-term\">Termas de Almeida<\/a>"],"unlinked":["<span class=\"advgb-post-tax-term\">Almeida<\/span>","<span class=\"advgb-post-tax-term\">Bem-estar<\/span>","<span class=\"advgb-post-tax-term\">sa\u00fade<\/span>","<span class=\"advgb-post-tax-term\">Termalismo<\/span>","<span class=\"advgb-post-tax-term\">Termas de Almeida<\/span>"]}},"comment_count":"0","relative_dates":{"created":"Posted 3 anos ago","modified":"Updated 3 anos ago"},"absolute_dates":{"created":"Posted on 24 de Mar\u00e7o, 2023","modified":"Updated on 15 de Mar\u00e7o, 2023"},"absolute_dates_time":{"created":"Posted on 24 de Mar\u00e7o, 2023 7:00","modified":"Updated on 15 de Mar\u00e7o, 2023 16:54"},"featured_img_caption":"","series_order":"","_links":{"self":[{"href":"http:\/\/maismagazine.pt\/index.php\/wp-json\/wp\/v2\/posts\/6124","targetHints":{"allow":["GET"]}}],"collection":[{"href":"http:\/\/maismagazine.pt\/index.php\/wp-json\/wp\/v2\/posts"}],"about":[{"href":"http:\/\/maismagazine.pt\/index.php\/wp-json\/wp\/v2\/types\/post"}],"author":[{"embeddable":true,"href":"http:\/\/maismagazine.pt\/index.php\/wp-json\/wp\/v2\/users\/17"}],"replies":[{"embeddable":true,"href":"http:\/\/maismagazine.pt\/index.php\/wp-json\/wp\/v2\/comments?post=6124"}],"version-history":[{"count":3,"href":"http:\/\/maismagazine.pt\/index.php\/wp-json\/wp\/v2\/posts\/6124\/revisions"}],"predecessor-version":[{"id":6138,"href":"http:\/\/maismagazine.pt\/index.php\/wp-json\/wp\/v2\/posts\/6124\/revisions\/6138"}],"wp:featuredmedia":[{"embeddable":true,"href":"http:\/\/maismagazine.pt\/index.php\/wp-json\/wp\/v2\/media\/6139"}],"wp:attachment":[{"href":"http:\/\/maismagazine.pt\/index.php\/wp-json\/wp\/v2\/media?parent=6124"}],"wp:term":[{"taxonomy":"category","embeddable":true,"href":"http:\/\/maismagazine.pt\/index.php\/wp-json\/wp\/v2\/categories?post=6124"},{"taxonomy":"post_tag","embeddable":true,"href":"http:\/\/maismagazine.pt\/index.php\/wp-json\/wp\/v2\/tags?post=6124"}],"curies":[{"name":"wp","href":"https:\/\/api.w.org\/{rel}","templated":true}]}}