{"id":6102,"date":"2023-03-24T07:00:00","date_gmt":"2023-03-24T07:00:00","guid":{"rendered":"https:\/\/maismagazine.pt\/?p=6102"},"modified":"2023-03-15T16:45:21","modified_gmt":"2023-03-15T16:45:21","slug":"termas-do-cro-saude-e-bem-estar-de-maos-dadas-com-a-natureza","status":"publish","type":"post","link":"http:\/\/maismagazine.pt\/index.php\/2023\/03\/24\/termas-do-cro-saude-e-bem-estar-de-maos-dadas-com-a-natureza\/","title":{"rendered":"Termas do Cr\u00f3: Sa\u00fade e bem-estar de m\u00e3os dadas com a Natureza"},"content":{"rendered":"\n<p><strong>\u00c9 por entre ribeiros e um vale gran\u00edtico que encontramos um dos maiores tesouros do concelho do Sabugal: as <a href=\"http:\/\/www.cm-sabugal.pt\">Termas do Cr\u00f3<\/a>. Em perfeita comunh\u00e3o com a natureza, este complexo termal \u00e9 o destino ideal para quem procura tratamentos de excel\u00eancia, tranquilidade, paisagens invej\u00e1veis e um magn\u00edfico territ\u00f3rio para descobrir. <\/strong><\/p>\n\n\n\n<p><\/p>\n\n\n\n<p>Com utiliza\u00e7\u00e3o milenar e reconhecimento oficial desde o s\u00e9culo XVIII, as \u00e1guas medicinais das Termas do Cr\u00f3, situadas entre as freguesias da Rapoula do C\u00f4a e do Seixo do C\u00f4a, a 15 quil\u00f3metros do Sabugal, s\u00e3o anualmente procuradas por centenas de aquistas, que encontram na \u00e1gua mineromedicinal que brota das nascentes locais in\u00fameros benef\u00edcios terap\u00eauticos. Gra\u00e7as \u00e0s suas carater\u00edsticas f\u00edsico-qu\u00edmicas espec\u00edficas, sendo considerada uma \u00e1gua fracamente mineralizada, com rea\u00e7\u00e3o muito alcalina, e do ponto de vista i\u00f3nico bicarbonatada s\u00f3dica, carbonatada, fluoretada e sulfidratada, a \u00e1gua do Cr\u00f3 \u00e9 vocacionada para o tratamento de problemas do aparelho respirat\u00f3rio \u2013 rinite, sinusite, bronquite, laringite, faringite, asma br\u00f4nquica e doen\u00e7a pulmonar obstrutiva br\u00f4nquica (DPOC) \u2013 reum\u00e1ticas e m\u00fasculo-esquel\u00e9ticas e ainda dermatol\u00f3gicas, sendo especialmente indicadas para o tratamento de psor\u00edase, eczema e acne. <\/p>\n\n\n\n<p><\/p>\n\n\n\n<figure class=\"wp-block-gallery columns-2 is-cropped wp-block-gallery-1\"><ul class=\"blocks-gallery-grid\"><li class=\"blocks-gallery-item\"><figure><img loading=\"lazy\" decoding=\"async\" width=\"698\" height=\"468\" src=\"https:\/\/maismagazine.pt\/wp-content\/uploads\/2023\/03\/fotos_Termas_Cro-3.jpg\" alt=\"\" data-id=\"6106\" data-full-url=\"https:\/\/maismagazine.pt\/wp-content\/uploads\/2023\/03\/fotos_Termas_Cro-3.jpg\" data-link=\"https:\/\/maismagazine.pt\/?attachment_id=6106\" class=\"wp-image-6106\" srcset=\"http:\/\/maismagazine.pt\/wp-content\/uploads\/2023\/03\/fotos_Termas_Cro-3.jpg 698w, http:\/\/maismagazine.pt\/wp-content\/uploads\/2023\/03\/fotos_Termas_Cro-3-300x201.jpg 300w, http:\/\/maismagazine.pt\/wp-content\/uploads\/2023\/03\/fotos_Termas_Cro-3-150x100.jpg 150w\" sizes=\"auto, (max-width: 698px) 100vw, 698px\" \/><\/figure><\/li><li class=\"blocks-gallery-item\"><figure><img loading=\"lazy\" decoding=\"async\" width=\"589\" height=\"393\" src=\"https:\/\/maismagazine.pt\/wp-content\/uploads\/2023\/03\/fotos_Termas_Cro-2.jpg\" alt=\"\" data-id=\"6107\" data-full-url=\"https:\/\/maismagazine.pt\/wp-content\/uploads\/2023\/03\/fotos_Termas_Cro-2.jpg\" data-link=\"https:\/\/maismagazine.pt\/?attachment_id=6107\" class=\"wp-image-6107 is-layout-flex wp-block-gallery-is-layout-flex\" srcset=\"http:\/\/maismagazine.pt\/wp-content\/uploads\/2023\/03\/fotos_Termas_Cro-2.jpg 589w, http:\/\/maismagazine.pt\/wp-content\/uploads\/2023\/03\/fotos_Termas_Cro-2-300x200.jpg 300w, http:\/\/maismagazine.pt\/wp-content\/uploads\/2023\/03\/fotos_Termas_Cro-2-150x100.jpg 150w\" sizes=\"auto, (max-width: 589px) 100vw, 589px\" \/><\/figure><\/li><\/ul><\/figure>\n\n\n\n<p><\/p>\n\n\n\n<p>Aliando sa\u00fade, preven\u00e7\u00e3o e manuten\u00e7\u00e3o ao bem-estar, numa simbiose perfeita entre tratamento, natureza luxuriante e um design bonito e requintado, as Termas do Cr\u00f3 oferecem atualmente um moderno balne\u00e1rio termal com equipamentos de tecnologia de ponta e recursos humanos altamente qualificados. Disp\u00f5e ainda de uma \u00e1rea centrada em t\u00e9cnicas de reabilita\u00e7\u00e3o e fisioterapia, a Cr\u00f3 Fisio, que possibilita reabilita\u00e7\u00f5es cuidadas e personalizadas. Para al\u00e9m disso, distingue-se tamb\u00e9m pela vertente wellness, atrav\u00e9s da \u00e1rea Cr\u00f3 Corpus &amp; Ludic, que contempla uma oferta completa de tratamentos de corpo e rosto e um espa\u00e7o l\u00fadico de puro relaxamento, composto por uma piscina aquecida hidrodin\u00e2mica, animada e climatizada, com cerca de 160 metros quadrados de espelho de \u00e1gua e com luz natural, \u00fanica no pa\u00eds. <\/p>\n\n\n\n<p><\/p>\n\n\n\n<div class=\"wp-block-image\"><figure class=\"aligncenter size-full is-resized\"><img loading=\"lazy\" decoding=\"async\" src=\"https:\/\/maismagazine.pt\/wp-content\/uploads\/2023\/03\/Logo_CMS-1-2.png\" alt=\"\" class=\"wp-image-6116\" width=\"260\" height=\"90\" srcset=\"http:\/\/maismagazine.pt\/wp-content\/uploads\/2023\/03\/Logo_CMS-1-2.png 632w, http:\/\/maismagazine.pt\/wp-content\/uploads\/2023\/03\/Logo_CMS-1-2-300x104.png 300w\" sizes=\"auto, (max-width: 260px) 100vw, 260px\" \/><\/figure><\/div>\n\n\n\n<div class=\"wp-block-image\"><figure class=\"aligncenter size-full is-resized\"><img loading=\"lazy\" decoding=\"async\" src=\"https:\/\/maismagazine.pt\/wp-content\/uploads\/2023\/03\/Logo_Cro-1-2.png\" alt=\"\" class=\"wp-image-6119\" width=\"209\" height=\"148\" srcset=\"http:\/\/maismagazine.pt\/wp-content\/uploads\/2023\/03\/Logo_Cro-1-2.png 527w, http:\/\/maismagazine.pt\/wp-content\/uploads\/2023\/03\/Logo_Cro-1-2-300x212.png 300w\" sizes=\"auto, (max-width: 209px) 100vw, 209px\" \/><\/figure><\/div>\n","protected":false},"excerpt":{"rendered":"<p>\u00c9 por entre ribeiros e um vale gran\u00edtico que encontramos um dos maiores tesouros do concelho do Sabugal: as Termas do Cr\u00f3. Em perfeita comunh\u00e3o com a natureza, este complexo termal \u00e9 o destino ideal para quem procura tratamentos de excel\u00eancia, tranquilidade, paisagens invej\u00e1veis e um magn\u00edfico territ\u00f3rio para descobrir.&hellip;<\/p>\n","protected":false},"author":17,"featured_media":6123,"comment_status":"closed","ping_status":"open","sticky":false,"template":"","format":"standard","meta":{"advgb_blocks_editor_width":"","advgb_blocks_columns_visual_guide":"","_monsterinsights_skip_tracking":false,"_monsterinsights_sitenote_active":false,"_monsterinsights_sitenote_note":"","_monsterinsights_sitenote_category":0,"footnotes":""},"categories":[313],"tags":[105,1401,457,1379,1400],"class_list":["post-6102","post","type-post","status-publish","format-standard","has-post-thumbnail","hentry","category-saude","tag-bem-estar","tag-sabugal","tag-saude","tag-termalismo","tag-termas-do-cro"],"yoast_head":"<!-- This site is optimized with the Yoast SEO plugin v24.4 - https:\/\/yoast.com\/wordpress\/plugins\/seo\/ -->\n<title>Termas do Cr\u00f3: Sa\u00fade e bem-estar de m\u00e3os dadas com a Natureza - Mais Magazine<\/title>\n<meta name=\"description\" content=\"\u00c9 por entre ribeiros e um vale gran\u00edtico que encontramos um dos maiores tesouros do concelho do Sabugal: as Termas do Cr\u00f3. Em perfeita comunh\u00e3o com a natureza, este complexo termal \u00e9 o destino ideal para quem procura tratamentos de excel\u00eancia, tranquilidade, paisagens invej\u00e1veis e um magn\u00edfico territ\u00f3rio para descobrir.\" \/>\n<meta name=\"robots\" content=\"index, follow, max-snippet:-1, max-image-preview:large, max-video-preview:-1\" \/>\n<link rel=\"canonical\" href=\"http:\/\/maismagazine.pt\/index.php\/2023\/03\/24\/termas-do-cro-saude-e-bem-estar-de-maos-dadas-com-a-natureza\/\" \/>\n<meta property=\"og:locale\" content=\"pt_PT\" \/>\n<meta property=\"og:type\" content=\"article\" \/>\n<meta property=\"og:title\" content=\"Termas do Cr\u00f3: Sa\u00fade e bem-estar de m\u00e3os dadas com a Natureza - Mais Magazine\" \/>\n<meta property=\"og:description\" content=\"\u00c9 por entre ribeiros e um vale gran\u00edtico que encontramos um dos maiores tesouros do concelho do Sabugal: as Termas do Cr\u00f3. Em perfeita comunh\u00e3o com a natureza, este complexo termal \u00e9 o destino ideal para quem procura tratamentos de excel\u00eancia, tranquilidade, paisagens invej\u00e1veis e um magn\u00edfico territ\u00f3rio para descobrir.\" \/>\n<meta property=\"og:url\" content=\"http:\/\/maismagazine.pt\/index.php\/2023\/03\/24\/termas-do-cro-saude-e-bem-estar-de-maos-dadas-com-a-natureza\/\" \/>\n<meta property=\"og:site_name\" content=\"Mais Magazine\" \/>\n<meta property=\"article:published_time\" content=\"2023-03-24T07:00:00+00:00\" \/>\n<meta property=\"og:image\" content=\"http:\/\/maismagazine.pt\/wp-content\/uploads\/2023\/03\/fotos_Termas_Cro-1-1.jpg\" \/>\n\t<meta property=\"og:image:width\" content=\"773\" \/>\n\t<meta property=\"og:image:height\" content=\"516\" \/>\n\t<meta property=\"og:image:type\" content=\"image\/jpeg\" \/>\n<meta name=\"author\" content=\"Tiago Costa\" \/>\n<meta name=\"twitter:card\" content=\"summary_large_image\" \/>\n<meta name=\"twitter:label1\" content=\"Escrito por\" \/>\n\t<meta name=\"twitter:data1\" content=\"\" \/>\n\t<meta name=\"twitter:label2\" content=\"Tempo estimado de leitura\" \/>\n\t<meta name=\"twitter:data2\" content=\"3 minutos\" \/>\n<script type=\"application\/ld+json\" class=\"yoast-schema-graph\">{\"@context\":\"https:\/\/schema.org\",\"@graph\":[{\"@type\":\"Article\",\"@id\":\"http:\/\/maismagazine.pt\/index.php\/2023\/03\/24\/termas-do-cro-saude-e-bem-estar-de-maos-dadas-com-a-natureza\/#article\",\"isPartOf\":{\"@id\":\"http:\/\/maismagazine.pt\/index.php\/2023\/03\/24\/termas-do-cro-saude-e-bem-estar-de-maos-dadas-com-a-natureza\/\"},\"author\":{\"name\":\"Tiago Costa\",\"@id\":\"http:\/\/maismagazine.pt\/#\/schema\/person\/c6c5bfccc886434cbd11c74e035f9646\"},\"headline\":\"Termas do Cr\u00f3: Sa\u00fade e bem-estar de m\u00e3os dadas com a Natureza\",\"datePublished\":\"2023-03-24T07:00:00+00:00\",\"mainEntityOfPage\":{\"@id\":\"http:\/\/maismagazine.pt\/index.php\/2023\/03\/24\/termas-do-cro-saude-e-bem-estar-de-maos-dadas-com-a-natureza\/\"},\"wordCount\":354,\"publisher\":{\"@id\":\"http:\/\/maismagazine.pt\/#organization\"},\"image\":{\"@id\":\"http:\/\/maismagazine.pt\/index.php\/2023\/03\/24\/termas-do-cro-saude-e-bem-estar-de-maos-dadas-com-a-natureza\/#primaryimage\"},\"thumbnailUrl\":\"http:\/\/maismagazine.pt\/wp-content\/uploads\/2023\/03\/fotos_Termas_Cro-1-1.jpg\",\"keywords\":[\"Bem-estar\",\"Sabugal\",\"sa\u00fade\",\"Termalismo\",\"Termas do Cr\u00f3\"],\"articleSection\":[\"Sa\u00fade\"],\"inLanguage\":\"pt-PT\"},{\"@type\":\"WebPage\",\"@id\":\"http:\/\/maismagazine.pt\/index.php\/2023\/03\/24\/termas-do-cro-saude-e-bem-estar-de-maos-dadas-com-a-natureza\/\",\"url\":\"http:\/\/maismagazine.pt\/index.php\/2023\/03\/24\/termas-do-cro-saude-e-bem-estar-de-maos-dadas-com-a-natureza\/\",\"name\":\"Termas do Cr\u00f3: Sa\u00fade e bem-estar de m\u00e3os dadas com a Natureza - Mais Magazine\",\"isPartOf\":{\"@id\":\"http:\/\/maismagazine.pt\/#website\"},\"primaryImageOfPage\":{\"@id\":\"http:\/\/maismagazine.pt\/index.php\/2023\/03\/24\/termas-do-cro-saude-e-bem-estar-de-maos-dadas-com-a-natureza\/#primaryimage\"},\"image\":{\"@id\":\"http:\/\/maismagazine.pt\/index.php\/2023\/03\/24\/termas-do-cro-saude-e-bem-estar-de-maos-dadas-com-a-natureza\/#primaryimage\"},\"thumbnailUrl\":\"http:\/\/maismagazine.pt\/wp-content\/uploads\/2023\/03\/fotos_Termas_Cro-1-1.jpg\",\"datePublished\":\"2023-03-24T07:00:00+00:00\",\"description\":\"\u00c9 por entre ribeiros e um vale gran\u00edtico que encontramos um dos maiores tesouros do concelho do Sabugal: as Termas do Cr\u00f3. Em perfeita comunh\u00e3o com a natureza, este complexo termal \u00e9 o destino ideal para quem procura tratamentos de excel\u00eancia, tranquilidade, paisagens invej\u00e1veis e um magn\u00edfico territ\u00f3rio para descobrir.\",\"breadcrumb\":{\"@id\":\"http:\/\/maismagazine.pt\/index.php\/2023\/03\/24\/termas-do-cro-saude-e-bem-estar-de-maos-dadas-com-a-natureza\/#breadcrumb\"},\"inLanguage\":\"pt-PT\",\"potentialAction\":[{\"@type\":\"ReadAction\",\"target\":[\"http:\/\/maismagazine.pt\/index.php\/2023\/03\/24\/termas-do-cro-saude-e-bem-estar-de-maos-dadas-com-a-natureza\/\"]}]},{\"@type\":\"ImageObject\",\"inLanguage\":\"pt-PT\",\"@id\":\"http:\/\/maismagazine.pt\/index.php\/2023\/03\/24\/termas-do-cro-saude-e-bem-estar-de-maos-dadas-com-a-natureza\/#primaryimage\",\"url\":\"http:\/\/maismagazine.pt\/wp-content\/uploads\/2023\/03\/fotos_Termas_Cro-1-1.jpg\",\"contentUrl\":\"http:\/\/maismagazine.pt\/wp-content\/uploads\/2023\/03\/fotos_Termas_Cro-1-1.jpg\",\"width\":773,\"height\":516},{\"@type\":\"BreadcrumbList\",\"@id\":\"http:\/\/maismagazine.pt\/index.php\/2023\/03\/24\/termas-do-cro-saude-e-bem-estar-de-maos-dadas-com-a-natureza\/#breadcrumb\",\"itemListElement\":[{\"@type\":\"ListItem\",\"position\":1,\"name\":\"Home\",\"item\":\"http:\/\/maismagazine.pt\/\"},{\"@type\":\"ListItem\",\"position\":2,\"name\":\"Termas do Cr\u00f3: Sa\u00fade e bem-estar de m\u00e3os dadas com a Natureza\"}]},{\"@type\":\"WebSite\",\"@id\":\"http:\/\/maismagazine.pt\/#website\",\"url\":\"http:\/\/maismagazine.pt\/\",\"name\":\"Mais Magazine\",\"description\":\"\",\"publisher\":{\"@id\":\"http:\/\/maismagazine.pt\/#organization\"},\"potentialAction\":[{\"@type\":\"SearchAction\",\"target\":{\"@type\":\"EntryPoint\",\"urlTemplate\":\"http:\/\/maismagazine.pt\/?s={search_term_string}\"},\"query-input\":{\"@type\":\"PropertyValueSpecification\",\"valueRequired\":true,\"valueName\":\"search_term_string\"}}],\"inLanguage\":\"pt-PT\"},{\"@type\":\"Organization\",\"@id\":\"http:\/\/maismagazine.pt\/#organization\",\"name\":\"Mais Magazine\",\"url\":\"http:\/\/maismagazine.pt\/\",\"logo\":{\"@type\":\"ImageObject\",\"inLanguage\":\"pt-PT\",\"@id\":\"http:\/\/maismagazine.pt\/#\/schema\/logo\/image\/\",\"url\":\"http:\/\/maismagazine.pt\/wp-content\/uploads\/2020\/04\/cropped-cropped-mais-magazine-site-logo-2.png\",\"contentUrl\":\"http:\/\/maismagazine.pt\/wp-content\/uploads\/2020\/04\/cropped-cropped-mais-magazine-site-logo-2.png\",\"width\":581,\"height\":90,\"caption\":\"Mais Magazine\"},\"image\":{\"@id\":\"http:\/\/maismagazine.pt\/#\/schema\/logo\/image\/\"}},{\"@type\":\"Person\",\"@id\":\"http:\/\/maismagazine.pt\/#\/schema\/person\/c6c5bfccc886434cbd11c74e035f9646\",\"name\":\"Tiago Costa\",\"image\":{\"@type\":\"ImageObject\",\"inLanguage\":\"pt-PT\",\"@id\":\"http:\/\/maismagazine.pt\/#\/schema\/person\/image\/\",\"url\":\"https:\/\/secure.gravatar.com\/avatar\/c599b2bce16c9870429198cbad5ee022?s=96&d=mm&r=g\",\"contentUrl\":\"https:\/\/secure.gravatar.com\/avatar\/c599b2bce16c9870429198cbad5ee022?s=96&d=mm&r=g\",\"caption\":\"Tiago Costa\"},\"url\":\"http:\/\/maismagazine.pt\/index.php\/author\/tiago\/\"}]}<\/script>\n<!-- \/ Yoast SEO plugin. -->","yoast_head_json":{"title":"Termas do Cr\u00f3: Sa\u00fade e bem-estar de m\u00e3os dadas com a Natureza - Mais Magazine","description":"\u00c9 por entre ribeiros e um vale gran\u00edtico que encontramos um dos maiores tesouros do concelho do Sabugal: as Termas do Cr\u00f3. Em perfeita comunh\u00e3o com a natureza, este complexo termal \u00e9 o destino ideal para quem procura tratamentos de excel\u00eancia, tranquilidade, paisagens invej\u00e1veis e um magn\u00edfico territ\u00f3rio para descobrir.","robots":{"index":"index","follow":"follow","max-snippet":"max-snippet:-1","max-image-preview":"max-image-preview:large","max-video-preview":"max-video-preview:-1"},"canonical":"http:\/\/maismagazine.pt\/index.php\/2023\/03\/24\/termas-do-cro-saude-e-bem-estar-de-maos-dadas-com-a-natureza\/","og_locale":"pt_PT","og_type":"article","og_title":"Termas do Cr\u00f3: Sa\u00fade e bem-estar de m\u00e3os dadas com a Natureza - Mais Magazine","og_description":"\u00c9 por entre ribeiros e um vale gran\u00edtico que encontramos um dos maiores tesouros do concelho do Sabugal: as Termas do Cr\u00f3. Em perfeita comunh\u00e3o com a natureza, este complexo termal \u00e9 o destino ideal para quem procura tratamentos de excel\u00eancia, tranquilidade, paisagens invej\u00e1veis e um magn\u00edfico territ\u00f3rio para descobrir.","og_url":"http:\/\/maismagazine.pt\/index.php\/2023\/03\/24\/termas-do-cro-saude-e-bem-estar-de-maos-dadas-com-a-natureza\/","og_site_name":"Mais Magazine","article_published_time":"2023-03-24T07:00:00+00:00","og_image":[{"width":773,"height":516,"url":"http:\/\/maismagazine.pt\/wp-content\/uploads\/2023\/03\/fotos_Termas_Cro-1-1.jpg","type":"image\/jpeg"}],"author":"Tiago Costa","twitter_card":"summary_large_image","twitter_misc":{"Escrito por":false,"Tempo estimado de leitura":"3 minutos"},"schema":{"@context":"https:\/\/schema.org","@graph":[{"@type":"Article","@id":"http:\/\/maismagazine.pt\/index.php\/2023\/03\/24\/termas-do-cro-saude-e-bem-estar-de-maos-dadas-com-a-natureza\/#article","isPartOf":{"@id":"http:\/\/maismagazine.pt\/index.php\/2023\/03\/24\/termas-do-cro-saude-e-bem-estar-de-maos-dadas-com-a-natureza\/"},"author":{"name":"Tiago Costa","@id":"http:\/\/maismagazine.pt\/#\/schema\/person\/c6c5bfccc886434cbd11c74e035f9646"},"headline":"Termas do Cr\u00f3: Sa\u00fade e bem-estar de m\u00e3os dadas com a Natureza","datePublished":"2023-03-24T07:00:00+00:00","mainEntityOfPage":{"@id":"http:\/\/maismagazine.pt\/index.php\/2023\/03\/24\/termas-do-cro-saude-e-bem-estar-de-maos-dadas-com-a-natureza\/"},"wordCount":354,"publisher":{"@id":"http:\/\/maismagazine.pt\/#organization"},"image":{"@id":"http:\/\/maismagazine.pt\/index.php\/2023\/03\/24\/termas-do-cro-saude-e-bem-estar-de-maos-dadas-com-a-natureza\/#primaryimage"},"thumbnailUrl":"http:\/\/maismagazine.pt\/wp-content\/uploads\/2023\/03\/fotos_Termas_Cro-1-1.jpg","keywords":["Bem-estar","Sabugal","sa\u00fade","Termalismo","Termas do Cr\u00f3"],"articleSection":["Sa\u00fade"],"inLanguage":"pt-PT"},{"@type":"WebPage","@id":"http:\/\/maismagazine.pt\/index.php\/2023\/03\/24\/termas-do-cro-saude-e-bem-estar-de-maos-dadas-com-a-natureza\/","url":"http:\/\/maismagazine.pt\/index.php\/2023\/03\/24\/termas-do-cro-saude-e-bem-estar-de-maos-dadas-com-a-natureza\/","name":"Termas do Cr\u00f3: Sa\u00fade e bem-estar de m\u00e3os dadas com a Natureza - Mais Magazine","isPartOf":{"@id":"http:\/\/maismagazine.pt\/#website"},"primaryImageOfPage":{"@id":"http:\/\/maismagazine.pt\/index.php\/2023\/03\/24\/termas-do-cro-saude-e-bem-estar-de-maos-dadas-com-a-natureza\/#primaryimage"},"image":{"@id":"http:\/\/maismagazine.pt\/index.php\/2023\/03\/24\/termas-do-cro-saude-e-bem-estar-de-maos-dadas-com-a-natureza\/#primaryimage"},"thumbnailUrl":"http:\/\/maismagazine.pt\/wp-content\/uploads\/2023\/03\/fotos_Termas_Cro-1-1.jpg","datePublished":"2023-03-24T07:00:00+00:00","description":"\u00c9 por entre ribeiros e um vale gran\u00edtico que encontramos um dos maiores tesouros do concelho do Sabugal: as Termas do Cr\u00f3. Em perfeita comunh\u00e3o com a natureza, este complexo termal \u00e9 o destino ideal para quem procura tratamentos de excel\u00eancia, tranquilidade, paisagens invej\u00e1veis e um magn\u00edfico territ\u00f3rio para descobrir.","breadcrumb":{"@id":"http:\/\/maismagazine.pt\/index.php\/2023\/03\/24\/termas-do-cro-saude-e-bem-estar-de-maos-dadas-com-a-natureza\/#breadcrumb"},"inLanguage":"pt-PT","potentialAction":[{"@type":"ReadAction","target":["http:\/\/maismagazine.pt\/index.php\/2023\/03\/24\/termas-do-cro-saude-e-bem-estar-de-maos-dadas-com-a-natureza\/"]}]},{"@type":"ImageObject","inLanguage":"pt-PT","@id":"http:\/\/maismagazine.pt\/index.php\/2023\/03\/24\/termas-do-cro-saude-e-bem-estar-de-maos-dadas-com-a-natureza\/#primaryimage","url":"http:\/\/maismagazine.pt\/wp-content\/uploads\/2023\/03\/fotos_Termas_Cro-1-1.jpg","contentUrl":"http:\/\/maismagazine.pt\/wp-content\/uploads\/2023\/03\/fotos_Termas_Cro-1-1.jpg","width":773,"height":516},{"@type":"BreadcrumbList","@id":"http:\/\/maismagazine.pt\/index.php\/2023\/03\/24\/termas-do-cro-saude-e-bem-estar-de-maos-dadas-com-a-natureza\/#breadcrumb","itemListElement":[{"@type":"ListItem","position":1,"name":"Home","item":"http:\/\/maismagazine.pt\/"},{"@type":"ListItem","position":2,"name":"Termas do Cr\u00f3: Sa\u00fade e bem-estar de m\u00e3os dadas com a Natureza"}]},{"@type":"WebSite","@id":"http:\/\/maismagazine.pt\/#website","url":"http:\/\/maismagazine.pt\/","name":"Mais Magazine","description":"","publisher":{"@id":"http:\/\/maismagazine.pt\/#organization"},"potentialAction":[{"@type":"SearchAction","target":{"@type":"EntryPoint","urlTemplate":"http:\/\/maismagazine.pt\/?s={search_term_string}"},"query-input":{"@type":"PropertyValueSpecification","valueRequired":true,"valueName":"search_term_string"}}],"inLanguage":"pt-PT"},{"@type":"Organization","@id":"http:\/\/maismagazine.pt\/#organization","name":"Mais Magazine","url":"http:\/\/maismagazine.pt\/","logo":{"@type":"ImageObject","inLanguage":"pt-PT","@id":"http:\/\/maismagazine.pt\/#\/schema\/logo\/image\/","url":"http:\/\/maismagazine.pt\/wp-content\/uploads\/2020\/04\/cropped-cropped-mais-magazine-site-logo-2.png","contentUrl":"http:\/\/maismagazine.pt\/wp-content\/uploads\/2020\/04\/cropped-cropped-mais-magazine-site-logo-2.png","width":581,"height":90,"caption":"Mais Magazine"},"image":{"@id":"http:\/\/maismagazine.pt\/#\/schema\/logo\/image\/"}},{"@type":"Person","@id":"http:\/\/maismagazine.pt\/#\/schema\/person\/c6c5bfccc886434cbd11c74e035f9646","name":"Tiago Costa","image":{"@type":"ImageObject","inLanguage":"pt-PT","@id":"http:\/\/maismagazine.pt\/#\/schema\/person\/image\/","url":"https:\/\/secure.gravatar.com\/avatar\/c599b2bce16c9870429198cbad5ee022?s=96&d=mm&r=g","contentUrl":"https:\/\/secure.gravatar.com\/avatar\/c599b2bce16c9870429198cbad5ee022?s=96&d=mm&r=g","caption":"Tiago Costa"},"url":"http:\/\/maismagazine.pt\/index.php\/author\/tiago\/"}]}},"author_meta":{"display_name":false,"author_link":"http:\/\/maismagazine.pt\/index.php\/author\/tiago\/"},"featured_img":"http:\/\/maismagazine.pt\/wp-content\/uploads\/2023\/03\/fotos_Termas_Cro-1-1-300x200.jpg","coauthors":[],"tax_additional":{"categories":{"linked":["<a href=\"http:\/\/maismagazine.pt\/index.php\/category\/mundo-empresarial\/saude\/\" class=\"advgb-post-tax-term\">Sa\u00fade<\/a>"],"unlinked":["<span class=\"advgb-post-tax-term\">Sa\u00fade<\/span>"]},"tags":{"linked":["<a href=\"http:\/\/maismagazine.pt\/index.php\/category\/mundo-empresarial\/saude\/\" class=\"advgb-post-tax-term\">Bem-estar<\/a>","<a href=\"http:\/\/maismagazine.pt\/index.php\/category\/mundo-empresarial\/saude\/\" class=\"advgb-post-tax-term\">Sabugal<\/a>","<a href=\"http:\/\/maismagazine.pt\/index.php\/category\/mundo-empresarial\/saude\/\" class=\"advgb-post-tax-term\">sa\u00fade<\/a>","<a href=\"http:\/\/maismagazine.pt\/index.php\/category\/mundo-empresarial\/saude\/\" class=\"advgb-post-tax-term\">Termalismo<\/a>","<a href=\"http:\/\/maismagazine.pt\/index.php\/category\/mundo-empresarial\/saude\/\" class=\"advgb-post-tax-term\">Termas do Cr\u00f3<\/a>"],"unlinked":["<span class=\"advgb-post-tax-term\">Bem-estar<\/span>","<span class=\"advgb-post-tax-term\">Sabugal<\/span>","<span class=\"advgb-post-tax-term\">sa\u00fade<\/span>","<span class=\"advgb-post-tax-term\">Termalismo<\/span>","<span class=\"advgb-post-tax-term\">Termas do Cr\u00f3<\/span>"]}},"comment_count":"0","relative_dates":{"created":"Posted 3 anos ago","modified":"Updated 3 anos ago"},"absolute_dates":{"created":"Posted on 24 de Mar\u00e7o, 2023","modified":"Updated on 15 de Mar\u00e7o, 2023"},"absolute_dates_time":{"created":"Posted on 24 de Mar\u00e7o, 2023 7:00","modified":"Updated on 15 de Mar\u00e7o, 2023 16:45"},"featured_img_caption":"","series_order":"","_links":{"self":[{"href":"http:\/\/maismagazine.pt\/index.php\/wp-json\/wp\/v2\/posts\/6102","targetHints":{"allow":["GET"]}}],"collection":[{"href":"http:\/\/maismagazine.pt\/index.php\/wp-json\/wp\/v2\/posts"}],"about":[{"href":"http:\/\/maismagazine.pt\/index.php\/wp-json\/wp\/v2\/types\/post"}],"author":[{"embeddable":true,"href":"http:\/\/maismagazine.pt\/index.php\/wp-json\/wp\/v2\/users\/17"}],"replies":[{"embeddable":true,"href":"http:\/\/maismagazine.pt\/index.php\/wp-json\/wp\/v2\/comments?post=6102"}],"version-history":[{"count":5,"href":"http:\/\/maismagazine.pt\/index.php\/wp-json\/wp\/v2\/posts\/6102\/revisions"}],"predecessor-version":[{"id":6122,"href":"http:\/\/maismagazine.pt\/index.php\/wp-json\/wp\/v2\/posts\/6102\/revisions\/6122"}],"wp:featuredmedia":[{"embeddable":true,"href":"http:\/\/maismagazine.pt\/index.php\/wp-json\/wp\/v2\/media\/6123"}],"wp:attachment":[{"href":"http:\/\/maismagazine.pt\/index.php\/wp-json\/wp\/v2\/media?parent=6102"}],"wp:term":[{"taxonomy":"category","embeddable":true,"href":"http:\/\/maismagazine.pt\/index.php\/wp-json\/wp\/v2\/categories?post=6102"},{"taxonomy":"post_tag","embeddable":true,"href":"http:\/\/maismagazine.pt\/index.php\/wp-json\/wp\/v2\/tags?post=6102"}],"curies":[{"name":"wp","href":"https:\/\/api.w.org\/{rel}","templated":true}]}}