{"id":6100,"date":"2023-03-24T07:00:00","date_gmt":"2023-03-24T07:00:00","guid":{"rendered":"http:\/\/maismagazine.pt\/?p=6100"},"modified":"2023-03-15T17:05:12","modified_gmt":"2023-03-15T17:05:12","slug":"pedras-salgadas-spa-nature-park-une-o-melhor-das-aguas-e-da-natureza","status":"publish","type":"post","link":"http:\/\/maismagazine.pt\/index.php\/2023\/03\/24\/pedras-salgadas-spa-nature-park-une-o-melhor-das-aguas-e-da-natureza\/","title":{"rendered":"Pedras Salgadas spa &amp; nature park une o melhor das \u00e1guas e da Natureza"},"content":{"rendered":"\n<p><strong>As caracter\u00edsticas \u00edmpares das \u00e1guas de Pedras Salgadas foram cedo descobertas pelos locais, que j\u00e1 no s\u00e9culo XIX as utilizavam para al\u00edvio das maleitas que os afligiam. Rapidamente, a fama dos seus poderes curativos ultrapassou fronteiras atraindo, sobretudo, o interesse de pessoas que sofriam com doen\u00e7as do aparelho digestivo. Hoje, podem continuar a ser apreciadas no Pedras Salgadas spa &amp; nature park. Venha conhec\u00ea-lo.<\/strong><br><br>Durante d\u00e9cadas as termas de Pedras Salgadas foram local de visita obrigat\u00f3ria de milhares de aquistas que ainda hoje chegam de toda a parte do mundo. Com o objetivo de aproveitar todas as qualidades \u00edmpares destas \u00e1guas \u00fanicas, surgiu em 2012 o <a href=\"https:\/\/www.pedrassalgadaspark.com\/pt\/\">Pedras Salgadas spa &amp; nature park<\/a>, um conjunto tur\u00edstico de quatro estrelas, que combina num \u00fanico espa\u00e7o poder das \u00e1guas e a beleza de um parque natural.<br><br>Seja para uma estadia em fam\u00edlia, com amigos, ou um retiro de neg\u00f3cios, o Pedras Salgadas spa &amp; nature park disp\u00f5e de diversos servi\u00e7os que procuram dar resposta \u00e0s diferentes necessidades dos seus h\u00f3spedes. Atualmente, conta com uma unidade de alojamento constitu\u00edda por 18 Eco Houses. Localizadas no co[1]ra\u00e7\u00e3o do parque, as Eco Houses destacam-se pelo seu design e comodidades \u00fanicas, capazes de proporcionar uma experi\u00eancia de repouso em harmonia com a m\u00e3e Natureza. Para os que procuram apreciar o melhor da gastronomia, o espa\u00e7o conta tamb\u00e9m com o restaurante \u201cCasa de Ch\u00e1\u201d, que leva at\u00e9 \u00e0 sua mesa as novidades mais saborosas numa combina\u00e7\u00e3o gastron\u00f3mica de excel\u00eancia. Com um ambiente mais \u201ccozy\u201d e tranquilo, o Bar Avelames promete cativar a aten\u00e7\u00e3o de h\u00f3spedes de todas as idades, especialmente dos mais novos uma vez que est\u00e1 equipado com um Kids Club e sala de jogos com mesa de bilhar. Para o Ver\u00e3o, nada melhor que um mergulho na piscina exterior, rodeada de uma ampla \u00e1rea verde, onde a descontra\u00e7\u00e3o e divers\u00e3o est\u00e3o garantidas.<br><br><\/p>\n\n\n\n<figure class=\"wp-block-gallery aligncenter columns-2 is-cropped wp-block-gallery-1\"><ul class=\"blocks-gallery-grid\"><li class=\"blocks-gallery-item\"><figure><img loading=\"lazy\" decoding=\"async\" width=\"1024\" height=\"683\" src=\"http:\/\/maismagazine.pt\/wp-content\/uploads\/2023\/03\/0800_20210921-1024x683.jpg\" alt=\"\" data-id=\"6104\" data-link=\"http:\/\/maismagazine.pt\/?attachment_id=6104\" class=\"wp-image-6104\" srcset=\"http:\/\/maismagazine.pt\/wp-content\/uploads\/2023\/03\/0800_20210921-1024x683.jpg 1024w, http:\/\/maismagazine.pt\/wp-content\/uploads\/2023\/03\/0800_20210921-300x200.jpg 300w, http:\/\/maismagazine.pt\/wp-content\/uploads\/2023\/03\/0800_20210921-768x512.jpg 768w, http:\/\/maismagazine.pt\/wp-content\/uploads\/2023\/03\/0800_20210921-1536x1024.jpg 1536w, http:\/\/maismagazine.pt\/wp-content\/uploads\/2023\/03\/0800_20210921-2048x1365.jpg 2048w, http:\/\/maismagazine.pt\/wp-content\/uploads\/2023\/03\/0800_20210921-150x100.jpg 150w\" sizes=\"auto, (max-width: 1024px) 100vw, 1024px\" \/><\/figure><\/li><li class=\"blocks-gallery-item\"><figure><img loading=\"lazy\" decoding=\"async\" width=\"1024\" height=\"683\" src=\"http:\/\/maismagazine.pt\/wp-content\/uploads\/2023\/03\/2022_Fountain-1024x683.jpg\" alt=\"\" data-id=\"6105\" data-full-url=\"http:\/\/maismagazine.pt\/wp-content\/uploads\/2023\/03\/2022_Fountain.jpg\" data-link=\"http:\/\/maismagazine.pt\/?attachment_id=6105\" class=\"wp-image-6105 is-layout-flex wp-block-gallery-is-layout-flex\" srcset=\"http:\/\/maismagazine.pt\/wp-content\/uploads\/2023\/03\/2022_Fountain-1024x683.jpg 1024w, http:\/\/maismagazine.pt\/wp-content\/uploads\/2023\/03\/2022_Fountain-300x200.jpg 300w, http:\/\/maismagazine.pt\/wp-content\/uploads\/2023\/03\/2022_Fountain-768x512.jpg 768w, http:\/\/maismagazine.pt\/wp-content\/uploads\/2023\/03\/2022_Fountain-150x100.jpg 150w, http:\/\/maismagazine.pt\/wp-content\/uploads\/2023\/03\/2022_Fountain.jpg 1500w\" sizes=\"auto, (max-width: 1024px) 100vw, 1024px\" \/><\/figure><\/li><\/ul><\/figure>\n\n\n\n<p><br><br>Estando a falar de um destino termal por excel\u00eancia, o Pedras Salgadas spa &amp; nature park disp\u00f5e ainda de um moderno spa termal. Renovado pelo arquiteto Siza Vieira, o spa termal das Pedras Salgadas disponibiliza uma vasta sele\u00e7\u00e3o de tratamentos termais, de bem-estar e de est\u00e9tica, tirando o maior partido dos benef\u00edcios da \u00e1gua termal das fontes de Pedras Salgadas.<br>Recolhidas diretamente de capta\u00e7\u00f5es profundas em solo de rocha gran\u00edtica, as \u00e1guas medicinais de Pedras Salgadas caracterizam-se por serem hipersalinas, gasocarb\u00f3nicas, bicarbonatadas s\u00f3dicas e com um pH de 6,3, sendo especialmente indicadas para o tratamento de maleitas do aparelho digestivo, respirat\u00f3rio, metab\u00f3lico-end\u00f3crinas e reum\u00e1ticas e m\u00fasculo-esquel\u00e9ticas. Gra\u00e7as a um amplo programa de tratamentos, neste templo de sa\u00fade e bem-estar, desfruta-se das salas de massagem e relaxamento, de uma piscina interior aquecida, sauna, hammam, hidromassagem, duche escoc\u00eas e duche vichy. Para al\u00e9m disso, a maior parte dos espa\u00e7os do spa aproveita a luz exterior, permitindo sempre o contacto com a natureza, como \u00e9 o caso da piscina interior com os seus circuitos de \u00e1guas. Uma filosofia que se estende a todo o parque, que procura ser um espa\u00e7o onde o equil\u00edbrio entre a hist\u00f3ria, o relaxamento, conforto e modernidade se fundem.<br><br><\/p>\n\n\n\n<div class=\"wp-block-image\"><figure class=\"aligncenter size-medium\"><img loading=\"lazy\" decoding=\"async\" width=\"300\" height=\"300\" src=\"http:\/\/maismagazine.pt\/wp-content\/uploads\/2023\/03\/logo-6-300x300.jpg\" alt=\"\" class=\"wp-image-6103\" srcset=\"http:\/\/maismagazine.pt\/wp-content\/uploads\/2023\/03\/logo-6-300x300.jpg 300w, http:\/\/maismagazine.pt\/wp-content\/uploads\/2023\/03\/logo-6-150x150.jpg 150w, http:\/\/maismagazine.pt\/wp-content\/uploads\/2023\/03\/logo-6-768x768.jpg 768w, http:\/\/maismagazine.pt\/wp-content\/uploads\/2023\/03\/logo-6.jpg 800w\" sizes=\"auto, (max-width: 300px) 100vw, 300px\" \/><\/figure><\/div>\n","protected":false},"excerpt":{"rendered":"<p>As caracter\u00edsticas \u00edmpares das \u00e1guas de Pedras Salgadas foram cedo descobertas pelos locais, que j\u00e1 no s\u00e9culo XIX as utilizavam para al\u00edvio das maleitas que os afligiam. Rapidamente, a fama dos seus poderes curativos ultrapassou fronteiras atraindo, sobretudo, o interesse de pessoas que sofriam com doen\u00e7as do aparelho digestivo. Hoje,&hellip;<\/p>\n","protected":false},"author":7,"featured_media":6115,"comment_status":"closed","ping_status":"open","sticky":false,"template":"","format":"standard","meta":{"advgb_blocks_editor_width":"","advgb_blocks_columns_visual_guide":"","_monsterinsights_skip_tracking":false,"_monsterinsights_sitenote_active":false,"_monsterinsights_sitenote_note":"","_monsterinsights_sitenote_category":0,"footnotes":""},"categories":[78,54,313,53],"tags":[499,1399,1379,64],"class_list":["post-6100","post","type-post","status-publish","format-standard","has-post-thumbnail","hentry","category-ambiente-e-sustentabilidade","category-lifestyle","category-saude","category-turismo-restaurantes","tag-pedras-salgadas","tag-pedras-salgadas-spa-nature-park","tag-termalismo","tag-turismo"],"yoast_head":"<!-- This site is optimized with the Yoast SEO plugin v24.4 - https:\/\/yoast.com\/wordpress\/plugins\/seo\/ -->\n<title>Pedras Salgadas spa &amp; nature park une o melhor das \u00e1guas e da Natureza - Mais Magazine<\/title>\n<meta name=\"description\" content=\"As caracter\u00edsticas \u00edmpares das \u00e1guas de Pedras Salgadas foram cedo descobertas pelos locais, que j\u00e1 no s\u00e9culo XIX as utilizavam para al\u00edvio das maleitas que os afligiam. Rapidamente, a fama dos seus poderes curativos ultrapassou fronteiras atraindo, sobretudo, o interesse de pessoas que sofriam com doen\u00e7as do aparelho digestivo. Hoje, podem continuar a ser apreciadas no Pedras Salgadas spa &amp; nature park. Venha conhec\u00ea-lo.\" \/>\n<meta name=\"robots\" content=\"index, follow, max-snippet:-1, max-image-preview:large, max-video-preview:-1\" \/>\n<link rel=\"canonical\" href=\"https:\/\/maismagazine.pt\/index.php\/2023\/03\/24\/pedras-salgadas-spa-nature-park-une-o-melhor-das-aguas-e-da-natureza\/\" \/>\n<meta property=\"og:locale\" content=\"pt_PT\" \/>\n<meta property=\"og:type\" content=\"article\" \/>\n<meta property=\"og:title\" content=\"Pedras Salgadas spa &amp; nature park une o melhor das \u00e1guas e da Natureza - Mais Magazine\" \/>\n<meta property=\"og:description\" content=\"As caracter\u00edsticas \u00edmpares das \u00e1guas de Pedras Salgadas foram cedo descobertas pelos locais, que j\u00e1 no s\u00e9culo XIX as utilizavam para al\u00edvio das maleitas que os afligiam. Rapidamente, a fama dos seus poderes curativos ultrapassou fronteiras atraindo, sobretudo, o interesse de pessoas que sofriam com doen\u00e7as do aparelho digestivo. Hoje, podem continuar a ser apreciadas no Pedras Salgadas spa &amp; nature park. Venha conhec\u00ea-lo.\" \/>\n<meta property=\"og:url\" content=\"https:\/\/maismagazine.pt\/index.php\/2023\/03\/24\/pedras-salgadas-spa-nature-park-une-o-melhor-das-aguas-e-da-natureza\/\" \/>\n<meta property=\"og:site_name\" content=\"Mais Magazine\" \/>\n<meta property=\"article:published_time\" content=\"2023-03-24T07:00:00+00:00\" \/>\n<meta property=\"og:image\" content=\"https:\/\/maismagazine.pt\/wp-content\/uploads\/2023\/03\/Tree-House.jpg\" \/>\n\t<meta property=\"og:image:width\" content=\"1500\" \/>\n\t<meta property=\"og:image:height\" content=\"1001\" \/>\n\t<meta property=\"og:image:type\" content=\"image\/jpeg\" \/>\n<meta name=\"author\" content=\"Jo\u00e3o Malainho\" \/>\n<meta name=\"twitter:card\" content=\"summary_large_image\" \/>\n<meta name=\"twitter:label1\" content=\"Escrito por\" \/>\n\t<meta name=\"twitter:data1\" content=\"\" \/>\n\t<meta name=\"twitter:label2\" content=\"Tempo estimado de leitura\" \/>\n\t<meta name=\"twitter:data2\" content=\"3 minutos\" \/>\n<script type=\"application\/ld+json\" class=\"yoast-schema-graph\">{\"@context\":\"https:\/\/schema.org\",\"@graph\":[{\"@type\":\"Article\",\"@id\":\"https:\/\/maismagazine.pt\/index.php\/2023\/03\/24\/pedras-salgadas-spa-nature-park-une-o-melhor-das-aguas-e-da-natureza\/#article\",\"isPartOf\":{\"@id\":\"https:\/\/maismagazine.pt\/index.php\/2023\/03\/24\/pedras-salgadas-spa-nature-park-une-o-melhor-das-aguas-e-da-natureza\/\"},\"author\":{\"name\":\"Jo\u00e3o Malainho\",\"@id\":\"https:\/\/maismagazine.pt\/#\/schema\/person\/999bd426f894ff56d397ec12ebd21ebb\"},\"headline\":\"Pedras Salgadas spa &amp; nature park une o melhor das \u00e1guas e da Natureza\",\"datePublished\":\"2023-03-24T07:00:00+00:00\",\"mainEntityOfPage\":{\"@id\":\"https:\/\/maismagazine.pt\/index.php\/2023\/03\/24\/pedras-salgadas-spa-nature-park-une-o-melhor-das-aguas-e-da-natureza\/\"},\"wordCount\":568,\"publisher\":{\"@id\":\"https:\/\/maismagazine.pt\/#organization\"},\"image\":{\"@id\":\"https:\/\/maismagazine.pt\/index.php\/2023\/03\/24\/pedras-salgadas-spa-nature-park-une-o-melhor-das-aguas-e-da-natureza\/#primaryimage\"},\"thumbnailUrl\":\"http:\/\/maismagazine.pt\/wp-content\/uploads\/2023\/03\/Tree-House.jpg\",\"keywords\":[\"Pedras Salgadas\",\"Pedras Salgadas spa &amp; nature park\",\"Termalismo\",\"Turismo\"],\"articleSection\":[\"Ambiente e Sustentabilidade\",\"LifeStyle\",\"Sa\u00fade\",\"Turismo | Vinhos | Gastronomia\"],\"inLanguage\":\"pt-PT\"},{\"@type\":\"WebPage\",\"@id\":\"https:\/\/maismagazine.pt\/index.php\/2023\/03\/24\/pedras-salgadas-spa-nature-park-une-o-melhor-das-aguas-e-da-natureza\/\",\"url\":\"https:\/\/maismagazine.pt\/index.php\/2023\/03\/24\/pedras-salgadas-spa-nature-park-une-o-melhor-das-aguas-e-da-natureza\/\",\"name\":\"Pedras Salgadas spa &amp; nature park une o melhor das \u00e1guas e da Natureza - Mais Magazine\",\"isPartOf\":{\"@id\":\"https:\/\/maismagazine.pt\/#website\"},\"primaryImageOfPage\":{\"@id\":\"https:\/\/maismagazine.pt\/index.php\/2023\/03\/24\/pedras-salgadas-spa-nature-park-une-o-melhor-das-aguas-e-da-natureza\/#primaryimage\"},\"image\":{\"@id\":\"https:\/\/maismagazine.pt\/index.php\/2023\/03\/24\/pedras-salgadas-spa-nature-park-une-o-melhor-das-aguas-e-da-natureza\/#primaryimage\"},\"thumbnailUrl\":\"http:\/\/maismagazine.pt\/wp-content\/uploads\/2023\/03\/Tree-House.jpg\",\"datePublished\":\"2023-03-24T07:00:00+00:00\",\"description\":\"As caracter\u00edsticas \u00edmpares das \u00e1guas de Pedras Salgadas foram cedo descobertas pelos locais, que j\u00e1 no s\u00e9culo XIX as utilizavam para al\u00edvio das maleitas que os afligiam. Rapidamente, a fama dos seus poderes curativos ultrapassou fronteiras atraindo, sobretudo, o interesse de pessoas que sofriam com doen\u00e7as do aparelho digestivo. Hoje, podem continuar a ser apreciadas no Pedras Salgadas spa & nature park. Venha conhec\u00ea-lo.\",\"breadcrumb\":{\"@id\":\"https:\/\/maismagazine.pt\/index.php\/2023\/03\/24\/pedras-salgadas-spa-nature-park-une-o-melhor-das-aguas-e-da-natureza\/#breadcrumb\"},\"inLanguage\":\"pt-PT\",\"potentialAction\":[{\"@type\":\"ReadAction\",\"target\":[\"https:\/\/maismagazine.pt\/index.php\/2023\/03\/24\/pedras-salgadas-spa-nature-park-une-o-melhor-das-aguas-e-da-natureza\/\"]}]},{\"@type\":\"ImageObject\",\"inLanguage\":\"pt-PT\",\"@id\":\"https:\/\/maismagazine.pt\/index.php\/2023\/03\/24\/pedras-salgadas-spa-nature-park-une-o-melhor-das-aguas-e-da-natureza\/#primaryimage\",\"url\":\"http:\/\/maismagazine.pt\/wp-content\/uploads\/2023\/03\/Tree-House.jpg\",\"contentUrl\":\"http:\/\/maismagazine.pt\/wp-content\/uploads\/2023\/03\/Tree-House.jpg\",\"width\":1500,\"height\":1001},{\"@type\":\"BreadcrumbList\",\"@id\":\"https:\/\/maismagazine.pt\/index.php\/2023\/03\/24\/pedras-salgadas-spa-nature-park-une-o-melhor-das-aguas-e-da-natureza\/#breadcrumb\",\"itemListElement\":[{\"@type\":\"ListItem\",\"position\":1,\"name\":\"Home\",\"item\":\"https:\/\/maismagazine.pt\/\"},{\"@type\":\"ListItem\",\"position\":2,\"name\":\"Pedras Salgadas spa &amp; nature park une o melhor das \u00e1guas e da Natureza\"}]},{\"@type\":\"WebSite\",\"@id\":\"https:\/\/maismagazine.pt\/#website\",\"url\":\"https:\/\/maismagazine.pt\/\",\"name\":\"Mais Magazine\",\"description\":\"\",\"publisher\":{\"@id\":\"https:\/\/maismagazine.pt\/#organization\"},\"potentialAction\":[{\"@type\":\"SearchAction\",\"target\":{\"@type\":\"EntryPoint\",\"urlTemplate\":\"https:\/\/maismagazine.pt\/?s={search_term_string}\"},\"query-input\":{\"@type\":\"PropertyValueSpecification\",\"valueRequired\":true,\"valueName\":\"search_term_string\"}}],\"inLanguage\":\"pt-PT\"},{\"@type\":\"Organization\",\"@id\":\"https:\/\/maismagazine.pt\/#organization\",\"name\":\"Mais Magazine\",\"url\":\"https:\/\/maismagazine.pt\/\",\"logo\":{\"@type\":\"ImageObject\",\"inLanguage\":\"pt-PT\",\"@id\":\"https:\/\/maismagazine.pt\/#\/schema\/logo\/image\/\",\"url\":\"http:\/\/maismagazine.pt\/wp-content\/uploads\/2020\/04\/cropped-cropped-mais-magazine-site-logo-2.png\",\"contentUrl\":\"http:\/\/maismagazine.pt\/wp-content\/uploads\/2020\/04\/cropped-cropped-mais-magazine-site-logo-2.png\",\"width\":581,\"height\":90,\"caption\":\"Mais Magazine\"},\"image\":{\"@id\":\"https:\/\/maismagazine.pt\/#\/schema\/logo\/image\/\"}},{\"@type\":\"Person\",\"@id\":\"https:\/\/maismagazine.pt\/#\/schema\/person\/999bd426f894ff56d397ec12ebd21ebb\",\"name\":\"Jo\u00e3o Malainho\",\"image\":{\"@type\":\"ImageObject\",\"inLanguage\":\"pt-PT\",\"@id\":\"https:\/\/maismagazine.pt\/#\/schema\/person\/image\/\",\"url\":\"https:\/\/secure.gravatar.com\/avatar\/ff03c2f38edf60b2a827aa4f74878491?s=96&d=mm&r=g\",\"contentUrl\":\"https:\/\/secure.gravatar.com\/avatar\/ff03c2f38edf60b2a827aa4f74878491?s=96&d=mm&r=g\",\"caption\":\"Jo\u00e3o Malainho\"},\"url\":\"http:\/\/maismagazine.pt\/index.php\/author\/maismagazine\/\"}]}<\/script>\n<!-- \/ Yoast SEO plugin. -->","yoast_head_json":{"title":"Pedras Salgadas spa &amp; nature park une o melhor das \u00e1guas e da Natureza - Mais Magazine","description":"As caracter\u00edsticas \u00edmpares das \u00e1guas de Pedras Salgadas foram cedo descobertas pelos locais, que j\u00e1 no s\u00e9culo XIX as utilizavam para al\u00edvio das maleitas que os afligiam. Rapidamente, a fama dos seus poderes curativos ultrapassou fronteiras atraindo, sobretudo, o interesse de pessoas que sofriam com doen\u00e7as do aparelho digestivo. Hoje, podem continuar a ser apreciadas no Pedras Salgadas spa & nature park. Venha conhec\u00ea-lo.","robots":{"index":"index","follow":"follow","max-snippet":"max-snippet:-1","max-image-preview":"max-image-preview:large","max-video-preview":"max-video-preview:-1"},"canonical":"https:\/\/maismagazine.pt\/index.php\/2023\/03\/24\/pedras-salgadas-spa-nature-park-une-o-melhor-das-aguas-e-da-natureza\/","og_locale":"pt_PT","og_type":"article","og_title":"Pedras Salgadas spa &amp; nature park une o melhor das \u00e1guas e da Natureza - Mais Magazine","og_description":"As caracter\u00edsticas \u00edmpares das \u00e1guas de Pedras Salgadas foram cedo descobertas pelos locais, que j\u00e1 no s\u00e9culo XIX as utilizavam para al\u00edvio das maleitas que os afligiam. Rapidamente, a fama dos seus poderes curativos ultrapassou fronteiras atraindo, sobretudo, o interesse de pessoas que sofriam com doen\u00e7as do aparelho digestivo. Hoje, podem continuar a ser apreciadas no Pedras Salgadas spa & nature park. Venha conhec\u00ea-lo.","og_url":"https:\/\/maismagazine.pt\/index.php\/2023\/03\/24\/pedras-salgadas-spa-nature-park-une-o-melhor-das-aguas-e-da-natureza\/","og_site_name":"Mais Magazine","article_published_time":"2023-03-24T07:00:00+00:00","og_image":[{"width":1500,"height":1001,"url":"https:\/\/maismagazine.pt\/wp-content\/uploads\/2023\/03\/Tree-House.jpg","type":"image\/jpeg"}],"author":"Jo\u00e3o Malainho","twitter_card":"summary_large_image","twitter_misc":{"Escrito por":false,"Tempo estimado de leitura":"3 minutos"},"schema":{"@context":"https:\/\/schema.org","@graph":[{"@type":"Article","@id":"https:\/\/maismagazine.pt\/index.php\/2023\/03\/24\/pedras-salgadas-spa-nature-park-une-o-melhor-das-aguas-e-da-natureza\/#article","isPartOf":{"@id":"https:\/\/maismagazine.pt\/index.php\/2023\/03\/24\/pedras-salgadas-spa-nature-park-une-o-melhor-das-aguas-e-da-natureza\/"},"author":{"name":"Jo\u00e3o Malainho","@id":"https:\/\/maismagazine.pt\/#\/schema\/person\/999bd426f894ff56d397ec12ebd21ebb"},"headline":"Pedras Salgadas spa &amp; nature park une o melhor das \u00e1guas e da Natureza","datePublished":"2023-03-24T07:00:00+00:00","mainEntityOfPage":{"@id":"https:\/\/maismagazine.pt\/index.php\/2023\/03\/24\/pedras-salgadas-spa-nature-park-une-o-melhor-das-aguas-e-da-natureza\/"},"wordCount":568,"publisher":{"@id":"https:\/\/maismagazine.pt\/#organization"},"image":{"@id":"https:\/\/maismagazine.pt\/index.php\/2023\/03\/24\/pedras-salgadas-spa-nature-park-une-o-melhor-das-aguas-e-da-natureza\/#primaryimage"},"thumbnailUrl":"http:\/\/maismagazine.pt\/wp-content\/uploads\/2023\/03\/Tree-House.jpg","keywords":["Pedras Salgadas","Pedras Salgadas spa &amp; nature park","Termalismo","Turismo"],"articleSection":["Ambiente e Sustentabilidade","LifeStyle","Sa\u00fade","Turismo | Vinhos | Gastronomia"],"inLanguage":"pt-PT"},{"@type":"WebPage","@id":"https:\/\/maismagazine.pt\/index.php\/2023\/03\/24\/pedras-salgadas-spa-nature-park-une-o-melhor-das-aguas-e-da-natureza\/","url":"https:\/\/maismagazine.pt\/index.php\/2023\/03\/24\/pedras-salgadas-spa-nature-park-une-o-melhor-das-aguas-e-da-natureza\/","name":"Pedras Salgadas spa &amp; nature park une o melhor das \u00e1guas e da Natureza - Mais Magazine","isPartOf":{"@id":"https:\/\/maismagazine.pt\/#website"},"primaryImageOfPage":{"@id":"https:\/\/maismagazine.pt\/index.php\/2023\/03\/24\/pedras-salgadas-spa-nature-park-une-o-melhor-das-aguas-e-da-natureza\/#primaryimage"},"image":{"@id":"https:\/\/maismagazine.pt\/index.php\/2023\/03\/24\/pedras-salgadas-spa-nature-park-une-o-melhor-das-aguas-e-da-natureza\/#primaryimage"},"thumbnailUrl":"http:\/\/maismagazine.pt\/wp-content\/uploads\/2023\/03\/Tree-House.jpg","datePublished":"2023-03-24T07:00:00+00:00","description":"As caracter\u00edsticas \u00edmpares das \u00e1guas de Pedras Salgadas foram cedo descobertas pelos locais, que j\u00e1 no s\u00e9culo XIX as utilizavam para al\u00edvio das maleitas que os afligiam. Rapidamente, a fama dos seus poderes curativos ultrapassou fronteiras atraindo, sobretudo, o interesse de pessoas que sofriam com doen\u00e7as do aparelho digestivo. Hoje, podem continuar a ser apreciadas no Pedras Salgadas spa & nature park. Venha conhec\u00ea-lo.","breadcrumb":{"@id":"https:\/\/maismagazine.pt\/index.php\/2023\/03\/24\/pedras-salgadas-spa-nature-park-une-o-melhor-das-aguas-e-da-natureza\/#breadcrumb"},"inLanguage":"pt-PT","potentialAction":[{"@type":"ReadAction","target":["https:\/\/maismagazine.pt\/index.php\/2023\/03\/24\/pedras-salgadas-spa-nature-park-une-o-melhor-das-aguas-e-da-natureza\/"]}]},{"@type":"ImageObject","inLanguage":"pt-PT","@id":"https:\/\/maismagazine.pt\/index.php\/2023\/03\/24\/pedras-salgadas-spa-nature-park-une-o-melhor-das-aguas-e-da-natureza\/#primaryimage","url":"http:\/\/maismagazine.pt\/wp-content\/uploads\/2023\/03\/Tree-House.jpg","contentUrl":"http:\/\/maismagazine.pt\/wp-content\/uploads\/2023\/03\/Tree-House.jpg","width":1500,"height":1001},{"@type":"BreadcrumbList","@id":"https:\/\/maismagazine.pt\/index.php\/2023\/03\/24\/pedras-salgadas-spa-nature-park-une-o-melhor-das-aguas-e-da-natureza\/#breadcrumb","itemListElement":[{"@type":"ListItem","position":1,"name":"Home","item":"https:\/\/maismagazine.pt\/"},{"@type":"ListItem","position":2,"name":"Pedras Salgadas spa &amp; nature park une o melhor das \u00e1guas e da Natureza"}]},{"@type":"WebSite","@id":"https:\/\/maismagazine.pt\/#website","url":"https:\/\/maismagazine.pt\/","name":"Mais Magazine","description":"","publisher":{"@id":"https:\/\/maismagazine.pt\/#organization"},"potentialAction":[{"@type":"SearchAction","target":{"@type":"EntryPoint","urlTemplate":"https:\/\/maismagazine.pt\/?s={search_term_string}"},"query-input":{"@type":"PropertyValueSpecification","valueRequired":true,"valueName":"search_term_string"}}],"inLanguage":"pt-PT"},{"@type":"Organization","@id":"https:\/\/maismagazine.pt\/#organization","name":"Mais Magazine","url":"https:\/\/maismagazine.pt\/","logo":{"@type":"ImageObject","inLanguage":"pt-PT","@id":"https:\/\/maismagazine.pt\/#\/schema\/logo\/image\/","url":"http:\/\/maismagazine.pt\/wp-content\/uploads\/2020\/04\/cropped-cropped-mais-magazine-site-logo-2.png","contentUrl":"http:\/\/maismagazine.pt\/wp-content\/uploads\/2020\/04\/cropped-cropped-mais-magazine-site-logo-2.png","width":581,"height":90,"caption":"Mais Magazine"},"image":{"@id":"https:\/\/maismagazine.pt\/#\/schema\/logo\/image\/"}},{"@type":"Person","@id":"https:\/\/maismagazine.pt\/#\/schema\/person\/999bd426f894ff56d397ec12ebd21ebb","name":"Jo\u00e3o Malainho","image":{"@type":"ImageObject","inLanguage":"pt-PT","@id":"https:\/\/maismagazine.pt\/#\/schema\/person\/image\/","url":"https:\/\/secure.gravatar.com\/avatar\/ff03c2f38edf60b2a827aa4f74878491?s=96&d=mm&r=g","contentUrl":"https:\/\/secure.gravatar.com\/avatar\/ff03c2f38edf60b2a827aa4f74878491?s=96&d=mm&r=g","caption":"Jo\u00e3o Malainho"},"url":"http:\/\/maismagazine.pt\/index.php\/author\/maismagazine\/"}]}},"author_meta":{"display_name":false,"author_link":"http:\/\/maismagazine.pt\/index.php\/author\/maismagazine\/"},"featured_img":"http:\/\/maismagazine.pt\/wp-content\/uploads\/2023\/03\/Tree-House-300x200.jpg","coauthors":[],"tax_additional":{"categories":{"linked":["<a href=\"http:\/\/maismagazine.pt\/index.php\/category\/empreendedorismo\/ambiente-e-sustentabilidade\/\" class=\"advgb-post-tax-term\">Ambiente e Sustentabilidade<\/a>","<a href=\"http:\/\/maismagazine.pt\/index.php\/category\/lifestyle\/\" class=\"advgb-post-tax-term\">LifeStyle<\/a>","<a href=\"http:\/\/maismagazine.pt\/index.php\/category\/mundo-empresarial\/saude\/\" class=\"advgb-post-tax-term\">Sa\u00fade<\/a>","<a href=\"http:\/\/maismagazine.pt\/index.php\/category\/turismo-restaurantes\/\" class=\"advgb-post-tax-term\">Turismo | Vinhos | Gastronomia<\/a>"],"unlinked":["<span class=\"advgb-post-tax-term\">Ambiente e Sustentabilidade<\/span>","<span class=\"advgb-post-tax-term\">LifeStyle<\/span>","<span class=\"advgb-post-tax-term\">Sa\u00fade<\/span>","<span class=\"advgb-post-tax-term\">Turismo | Vinhos | Gastronomia<\/span>"]},"tags":{"linked":["<a href=\"http:\/\/maismagazine.pt\/index.php\/category\/turismo-restaurantes\/\" class=\"advgb-post-tax-term\">Pedras Salgadas<\/a>","<a href=\"http:\/\/maismagazine.pt\/index.php\/category\/turismo-restaurantes\/\" class=\"advgb-post-tax-term\">Pedras Salgadas spa &amp; nature park<\/a>","<a href=\"http:\/\/maismagazine.pt\/index.php\/category\/turismo-restaurantes\/\" class=\"advgb-post-tax-term\">Termalismo<\/a>","<a href=\"http:\/\/maismagazine.pt\/index.php\/category\/turismo-restaurantes\/\" class=\"advgb-post-tax-term\">Turismo<\/a>"],"unlinked":["<span class=\"advgb-post-tax-term\">Pedras Salgadas<\/span>","<span class=\"advgb-post-tax-term\">Pedras Salgadas spa &amp; nature park<\/span>","<span class=\"advgb-post-tax-term\">Termalismo<\/span>","<span class=\"advgb-post-tax-term\">Turismo<\/span>"]}},"comment_count":"0","relative_dates":{"created":"Posted 3 anos ago","modified":"Updated 3 anos ago"},"absolute_dates":{"created":"Posted on 24 de Mar\u00e7o, 2023","modified":"Updated on 15 de Mar\u00e7o, 2023"},"absolute_dates_time":{"created":"Posted on 24 de Mar\u00e7o, 2023 7:00","modified":"Updated on 15 de Mar\u00e7o, 2023 17:05"},"featured_img_caption":"","series_order":"","_links":{"self":[{"href":"http:\/\/maismagazine.pt\/index.php\/wp-json\/wp\/v2\/posts\/6100","targetHints":{"allow":["GET"]}}],"collection":[{"href":"http:\/\/maismagazine.pt\/index.php\/wp-json\/wp\/v2\/posts"}],"about":[{"href":"http:\/\/maismagazine.pt\/index.php\/wp-json\/wp\/v2\/types\/post"}],"author":[{"embeddable":true,"href":"http:\/\/maismagazine.pt\/index.php\/wp-json\/wp\/v2\/users\/7"}],"replies":[{"embeddable":true,"href":"http:\/\/maismagazine.pt\/index.php\/wp-json\/wp\/v2\/comments?post=6100"}],"version-history":[{"count":2,"href":"http:\/\/maismagazine.pt\/index.php\/wp-json\/wp\/v2\/posts\/6100\/revisions"}],"predecessor-version":[{"id":6152,"href":"http:\/\/maismagazine.pt\/index.php\/wp-json\/wp\/v2\/posts\/6100\/revisions\/6152"}],"wp:featuredmedia":[{"embeddable":true,"href":"http:\/\/maismagazine.pt\/index.php\/wp-json\/wp\/v2\/media\/6115"}],"wp:attachment":[{"href":"http:\/\/maismagazine.pt\/index.php\/wp-json\/wp\/v2\/media?parent=6100"}],"wp:term":[{"taxonomy":"category","embeddable":true,"href":"http:\/\/maismagazine.pt\/index.php\/wp-json\/wp\/v2\/categories?post=6100"},{"taxonomy":"post_tag","embeddable":true,"href":"http:\/\/maismagazine.pt\/index.php\/wp-json\/wp\/v2\/tags?post=6100"}],"curies":[{"name":"wp","href":"https:\/\/api.w.org\/{rel}","templated":true}]}}